{"id":178481,"date":"2023-11-04T13:48:08","date_gmt":"2023-11-04T20:48:08","guid":{"rendered":"https:\/\/www.sonoraenequipo.com.mx\/?p=178481"},"modified":"2023-11-04T13:48:08","modified_gmt":"2023-11-04T20:48:08","slug":"buscan-hacer-conciencia-a-traves-de-congreso-estatal-contra-el-cambio-climatico-2023","status":"publish","type":"post","link":"https:\/\/www.sonoraenequipo.com.mx\/buscan-hacer-conciencia-a-traves-de-congreso-estatal-contra-el-cambio-climatico-2023\/","title":{"rendered":"Buscan hacer conciencia a trav\u00e9s de Congreso Estatal Contra el Cambio Clim\u00e1tico 2023"},"content":{"rendered":"<p><strong>HERMOSILLO, SONORA,MX.<\/strong><strong>\u02d7\u02d7\u02d7 <\/strong>Con el objetivo de visualizar los problemas que plantean los fen\u00f3menos del cambio clim\u00e1tico en todo el mundo y encontrar medidas para reducir estos impactos, el gobierno de Sonora fue sede de la Conferencia Estatal sobre Cambio Clim\u00e1tico 2023.<\/p>\n<p>En la Conferencia de Pol\u00edtica Prospectiva de M\u00e9xico, M\u00e9xico invit\u00f3 a la participaci\u00f3n de autoridades ambientales estatales, nacionales y privadas quienes tuvieron la oportunidad de aportar sus conocimientos para crear una nueva conciencia ante los impactos inminentes del cambio clim\u00e1tico.Inici\u00f3 la jornada de informaci\u00f3n y discusi\u00f3n . 4.444 activistas, estudiantes, empresarios y funcionarios crearon sinergia en torno a un tema que preocupa e interesa a las autoridades mundiales. Las autoridades gubernamentales ahora est\u00e1n redoblando esfuerzos para compensar a\u00f1os de acciones humanas que han causado da\u00f1os ambientales, reflejados en eventos clim\u00e1ticos catastr\u00f3ficos y reflejados en el oto\u00f1o. . Calidad del aire cada vez m\u00e1s decadente.<\/p>\n<p>Transporte, salud, sectores productivos y Estado son los temas vectoriales que dominan la discusi\u00f3n, con el objetivo de crear conciencia sobre lo que es necesario hacer en cada sector para desarrollar nuevas estrategias sin frenar el desarrollo del Estado.<\/p>\n<p><strong>Fecha de publicaci\u00f3n <\/strong><strong>s\u00e1bado 4 \u00a0de noviembre de 2023<\/strong><\/p>\n<p>&nbsp;<\/p>\n","protected":false},"excerpt":{"rendered":"<p>HERMOSILLO, SONORA,MX.\u02d7\u02d7\u02d7 Con el objetivo de visualizar los problemas que plantean los fen\u00f3menos del cambio&#8230;<\/p>\n","protected":false},"author":1,"featured_media":178482,"comment_status":"open","ping_status":"open","sticky":false,"template":"","format":"standard","meta":{"_monsterinsights_skip_tracking":false,"_monsterinsights_sitenote_active":false,"_monsterinsights_sitenote_note":"","_monsterinsights_sitenote_category":0,"footnotes":""},"categories":[22],"tags":[1537,15],"class_list":["post"],"yoast_head":" \n<title>Sonora en Equipo. Buscan hacer conciencia a trav\u00e9s de Congreso Estatal Contra el Cambio Clim\u00e1tico 2023 Sonora<\/title>\n<meta name=\"description\" content=\"HERMOSILLO, SONORA,MX.\u02d7\u02d7\u02d7 Con el objetivo de visualizar los problemas que plantean los fen\u00f3menos del cambio clim\u00e1tico en todo el mundo y encontrar medidas En Sonora en Equipo publicamos toda la informaci\u00f3n de Sonora, M\u00e9xico y el Mundo de manera oportuna y busca que la libertad de expresi\u00f3n sea real. Visita nuestro medio informativo publicado desde Hermosillo, Sonora. %\" \/>\n<meta name=\"robots\" content=\"index, follow, max-snippet:-1, max-image-preview:large, max-video-preview:-1\" \/>\n<link rel=\"canonical\" href=\"https:\/\/www.sonoraenequipo.com.mx\/buscan-hacer-conciencia-a-traves-de-congreso-estatal-contra-el-cambio-climatico-2023\/\" \/>\n<meta property=\"og:locale\" content=\"es_ES\" \/>\n<meta property=\"og:type\" content=\"article\" \/>\n<meta property=\"og:title\" content=\"Sonora en Equipo. Buscan hacer conciencia a trav\u00e9s de Congreso Estatal Contra el Cambio Clim\u00e1tico 2023 Sonora\" \/>\n<meta property=\"og:description\" content=\"HERMOSILLO, SONORA,MX.\u02d7\u02d7\u02d7 Con el objetivo de visualizar los problemas que plantean los fen\u00f3menos del cambio clim\u00e1tico en todo el mundo y encontrar medidas En Sonora en Equipo publicamos toda la informaci\u00f3n de Sonora, M\u00e9xico y el Mundo de manera oportuna y busca que la libertad de expresi\u00f3n sea real. Visita nuestro medio informativo publicado desde Hermosillo, Sonora. %\" \/>\n<meta property=\"og:url\" content=\"https:\/\/www.sonoraenequipo.com.mx\/buscan-hacer-conciencia-a-traves-de-congreso-estatal-contra-el-cambio-climatico-2023\/\" \/>\n<meta property=\"og:site_name\" content=\"Sonora en Equipo.\" \/>\n<meta property=\"article:publisher\" content=\"https:\/\/www.facebook.com\/SonoraEE\/\" \/>\n<meta property=\"article:author\" content=\"https:\/\/www.facebook.com\/SonoraEE\" \/>\n<meta property=\"article:published_time\" content=\"2023-11-04T20:48:08+00:00\" \/>\n<meta property=\"og:image\" content=\"https:\/\/www.sonoraenequipo.com.mx\/storage\/2023\/11\/foro.jpg\" \/>\n\t<meta property=\"og:image:width\" content=\"900\" \/>\n\t<meta property=\"og:image:height\" content=\"600\" \/>\n\t<meta property=\"og:image:type\" content=\"image\/jpeg\" \/>\n<meta name=\"author\" content=\"enequipo\" \/>\n<meta name=\"twitter:card\" content=\"summary_large_image\" \/>\n<meta name=\"twitter:creator\" content=\"@sonoraenequipo\" \/>\n<meta name=\"twitter:site\" content=\"@sonoraenequipo\" \/>\n<meta name=\"twitter:label1\" content=\"Escrito por\" \/>\n\t<meta name=\"twitter:data1\" content=\"enequipo\" \/>\n\t<meta name=\"twitter:label2\" content=\"Tiempo de lectura\" \/>\n\t<meta name=\"twitter:data2\" content=\"1 minuto\" \/>\n<script type=\"application\/ld+json\" class=\"yoast-schema-graph\">{\"@context\":\"https:\/\/schema.org\",\"@graph\":[{\"@type\":\"Article\",\"@id\":\"https:\/\/www.sonoraenequipo.com.mx\/buscan-hacer-conciencia-a-traves-de-congreso-estatal-contra-el-cambio-climatico-2023\/#article\",\"isPartOf\":{\"@id\":\"https:\/\/www.sonoraenequipo.com.mx\/buscan-hacer-conciencia-a-traves-de-congreso-estatal-contra-el-cambio-climatico-2023\/\"},\"author\":{\"name\":\"enequipo\",\"@id\":\"https:\/\/www.sonoraenequipo.com.mx\/#\/schema\/person\/50102df0fb23a8fa9e8effad8fa81386\"},\"headline\":\"Buscan hacer conciencia a trav\u00e9s de Congreso Estatal Contra el Cambio Clim\u00e1tico 2023\",\"datePublished\":\"2023-11-04T20:48:08+00:00\",\"mainEntityOfPage\":{\"@id\":\"https:\/\/www.sonoraenequipo.com.mx\/buscan-hacer-conciencia-a-traves-de-congreso-estatal-contra-el-cambio-climatico-2023\/\"},\"wordCount\":224,\"commentCount\":0,\"publisher\":{\"@id\":\"https:\/\/www.sonoraenequipo.com.mx\/#organization\"},\"image\":{\"@id\":\"https:\/\/www.sonoraenequipo.com.mx\/buscan-hacer-conciencia-a-traves-de-congreso-estatal-contra-el-cambio-climatico-2023\/#primaryimage\"},\"thumbnailUrl\":\"https:\/\/www.sonoraenequipo.com.mx\/storage\/2023\/11\/foro.jpg\",\"keywords\":[\"CAMBIO CLIM\u00c1TICO\",\"Sonora\"],\"articleSection\":[\"Sonora\"],\"inLanguage\":\"es\",\"potentialAction\":[{\"@type\":\"CommentAction\",\"name\":\"Comment\",\"target\":[\"https:\/\/www.sonoraenequipo.com.mx\/buscan-hacer-conciencia-a-traves-de-congreso-estatal-contra-el-cambio-climatico-2023\/#respond\"]}]},{\"@type\":\"WebPage\",\"@id\":\"https:\/\/www.sonoraenequipo.com.mx\/buscan-hacer-conciencia-a-traves-de-congreso-estatal-contra-el-cambio-climatico-2023\/\",\"url\":\"https:\/\/www.sonoraenequipo.com.mx\/buscan-hacer-conciencia-a-traves-de-congreso-estatal-contra-el-cambio-climatico-2023\/\",\"name\":\"Sonora en Equipo. Buscan hacer conciencia a trav\u00e9s de Congreso Estatal Contra el Cambio Clim\u00e1tico 2023 Sonora\",\"isPartOf\":{\"@id\":\"https:\/\/www.sonoraenequipo.com.mx\/#website\"},\"primaryImageOfPage\":{\"@id\":\"https:\/\/www.sonoraenequipo.com.mx\/buscan-hacer-conciencia-a-traves-de-congreso-estatal-contra-el-cambio-climatico-2023\/#primaryimage\"},\"image\":{\"@id\":\"https:\/\/www.sonoraenequipo.com.mx\/buscan-hacer-conciencia-a-traves-de-congreso-estatal-contra-el-cambio-climatico-2023\/#primaryimage\"},\"thumbnailUrl\":\"https:\/\/www.sonoraenequipo.com.mx\/storage\/2023\/11\/foro.jpg\",\"datePublished\":\"2023-11-04T20:48:08+00:00\",\"description\":\"HERMOSILLO, SONORA,MX.\u02d7\u02d7\u02d7 Con el objetivo de visualizar los problemas que plantean los fen\u00f3menos del cambio clim\u00e1tico en todo el mundo y encontrar medidas En Sonora en Equipo publicamos toda la informaci\u00f3n de Sonora, M\u00e9xico y el Mundo de manera oportuna y busca que la libertad de expresi\u00f3n sea real. Visita nuestro medio informativo publicado desde Hermosillo, Sonora. %\",\"breadcrumb\":{\"@id\":\"https:\/\/www.sonoraenequipo.com.mx\/buscan-hacer-conciencia-a-traves-de-congreso-estatal-contra-el-cambio-climatico-2023\/#breadcrumb\"},\"inLanguage\":\"es\",\"potentialAction\":[{\"@type\":\"ReadAction\",\"target\":[\"https:\/\/www.sonoraenequipo.com.mx\/buscan-hacer-conciencia-a-traves-de-congreso-estatal-contra-el-cambio-climatico-2023\/\"]}]},{\"@type\":\"ImageObject\",\"inLanguage\":\"es\",\"@id\":\"https:\/\/www.sonoraenequipo.com.mx\/buscan-hacer-conciencia-a-traves-de-congreso-estatal-contra-el-cambio-climatico-2023\/#primaryimage\",\"url\":\"https:\/\/www.sonoraenequipo.com.mx\/storage\/2023\/11\/foro.jpg\",\"contentUrl\":\"https:\/\/www.sonoraenequipo.com.mx\/storage\/2023\/11\/foro.jpg\",\"width\":900,\"height\":600,\"caption\":\"Imagen: Gobierno de Sonora\"},{\"@type\":\"BreadcrumbList\",\"@id\":\"https:\/\/www.sonoraenequipo.com.mx\/buscan-hacer-conciencia-a-traves-de-congreso-estatal-contra-el-cambio-climatico-2023\/#breadcrumb\",\"itemListElement\":[{\"@type\":\"ListItem\",\"position\":1,\"name\":\"Portada\",\"item\":\"https:\/\/www.sonoraenequipo.com.mx\/\"},{\"@type\":\"ListItem\",\"position\":2,\"name\":\"Buscan hacer conciencia a trav\u00e9s de Congreso Estatal Contra el Cambio Clim\u00e1tico 2023\"}]},{\"@type\":\"WebSite\",\"@id\":\"https:\/\/www.sonoraenequipo.com.mx\/#website\",\"url\":\"https:\/\/www.sonoraenequipo.com.mx\/\",\"name\":\"Sonora en Equipo.\",\"description\":\"Diario en l\u00ednea con Noticias desde Hermosillo, Sonora\",\"publisher\":{\"@id\":\"https:\/\/www.sonoraenequipo.com.mx\/#organization\"},\"potentialAction\":[{\"@type\":\"SearchAction\",\"target\":{\"@type\":\"EntryPoint\",\"urlTemplate\":\"https:\/\/www.sonoraenequipo.com.mx\/?s={search_term_string}\"},\"query-input\":{\"@type\":\"PropertyValueSpecification\",\"valueRequired\":true,\"valueName\":\"search_term_string\"}}],\"inLanguage\":\"es\"},{\"@type\":\"Organization\",\"@id\":\"https:\/\/www.sonoraenequipo.com.mx\/#organization\",\"name\":\"Sonoraenequipo.com.mx\",\"url\":\"https:\/\/www.sonoraenequipo.com.mx\/\",\"logo\":{\"@type\":\"ImageObject\",\"inLanguage\":\"es\",\"@id\":\"https:\/\/www.sonoraenequipo.com.mx\/#\/schema\/logo\/image\/\",\"url\":\"https:\/\/www.sonoraenequipo.com.mx\/storage\/2019\/01\/sonoraenequipo_opt.png\",\"contentUrl\":\"https:\/\/www.sonoraenequipo.com.mx\/storage\/2019\/01\/sonoraenequipo_opt.png\",\"width\":375,\"height\":125,\"caption\":\"Sonoraenequipo.com.mx\"},\"image\":{\"@id\":\"https:\/\/www.sonoraenequipo.com.mx\/#\/schema\/logo\/image\/\"},\"sameAs\":[\"https:\/\/www.facebook.com\/SonoraEE\/\",\"https:\/\/x.com\/sonoraenequipo\",\"https:\/\/www.youtube.com\/channel\/UC338nW-lPEYmJQs4ZABQ1SQ\"]},{\"@type\":\"Person\",\"@id\":\"https:\/\/www.sonoraenequipo.com.mx\/#\/schema\/person\/50102df0fb23a8fa9e8effad8fa81386\",\"name\":\"enequipo\",\"image\":{\"@type\":\"ImageObject\",\"inLanguage\":\"es\",\"@id\":\"https:\/\/www.sonoraenequipo.com.mx\/#\/schema\/person\/image\/\",\"url\":\"https:\/\/secure.gravatar.com\/avatar\/049821681b589dabc0bc20695993ccebb09f5b5d4d790cd9251b97faac7c652b?s=96&d=blank&r=g\",\"contentUrl\":\"https:\/\/secure.gravatar.com\/avatar\/049821681b589dabc0bc20695993ccebb09f5b5d4d790cd9251b97faac7c652b?s=96&d=blank&r=g\",\"caption\":\"enequipo\"},\"sameAs\":[\"https:\/\/www.facebook.com\/SonoraEE\"]}]}<\/script>\n ","yoast_head_json":{"title":"Sonora en Equipo. Buscan hacer conciencia a trav\u00e9s de Congreso Estatal Contra el Cambio Clim\u00e1tico 2023 Sonora","description":"HERMOSILLO, SONORA,MX.\u02d7\u02d7\u02d7 Con el objetivo de visualizar los problemas que plantean los fen\u00f3menos del cambio clim\u00e1tico en todo el mundo y encontrar medidas En Sonora en Equipo publicamos toda la informaci\u00f3n de Sonora, M\u00e9xico y el Mundo de manera oportuna y busca que la libertad de expresi\u00f3n sea real. Visita nuestro medio informativo publicado desde Hermosillo, Sonora. %","robots":{"index":"index","follow":"follow","max-snippet":"max-snippet:-1","max-image-preview":"max-image-preview:large","max-video-preview":"max-video-preview:-1"},"canonical":"https:\/\/www.sonoraenequipo.com.mx\/buscan-hacer-conciencia-a-traves-de-congreso-estatal-contra-el-cambio-climatico-2023\/","og_locale":"es_ES","og_type":"article","og_title":"Sonora en Equipo. Buscan hacer conciencia a trav\u00e9s de Congreso Estatal Contra el Cambio Clim\u00e1tico 2023 Sonora","og_description":"HERMOSILLO, SONORA,MX.\u02d7\u02d7\u02d7 Con el objetivo de visualizar los problemas que plantean los fen\u00f3menos del cambio clim\u00e1tico en todo el mundo y encontrar medidas En Sonora en Equipo publicamos toda la informaci\u00f3n de Sonora, M\u00e9xico y el Mundo de manera oportuna y busca que la libertad de expresi\u00f3n sea real. Visita nuestro medio informativo publicado desde Hermosillo, Sonora. %","og_url":"https:\/\/www.sonoraenequipo.com.mx\/buscan-hacer-conciencia-a-traves-de-congreso-estatal-contra-el-cambio-climatico-2023\/","og_site_name":"Sonora en Equipo.","article_publisher":"https:\/\/www.facebook.com\/SonoraEE\/","article_author":"https:\/\/www.facebook.com\/SonoraEE","article_published_time":"2023-11-04T20:48:08+00:00","og_image":[{"width":900,"height":600,"url":"https:\/\/www.sonoraenequipo.com.mx\/storage\/2023\/11\/foro.jpg","type":"image\/jpeg"}],"author":"enequipo","twitter_card":"summary_large_image","twitter_creator":"@sonoraenequipo","twitter_site":"@sonoraenequipo","twitter_misc":{"Escrito por":"enequipo","Tiempo de lectura":"1 minuto"},"schema":{"@context":"https:\/\/schema.org","@graph":[{"@type":"Article","@id":"https:\/\/www.sonoraenequipo.com.mx\/buscan-hacer-conciencia-a-traves-de-congreso-estatal-contra-el-cambio-climatico-2023\/#article","isPartOf":{"@id":"https:\/\/www.sonoraenequipo.com.mx\/buscan-hacer-conciencia-a-traves-de-congreso-estatal-contra-el-cambio-climatico-2023\/"},"author":{"name":"enequipo","@id":"https:\/\/www.sonoraenequipo.com.mx\/#\/schema\/person\/50102df0fb23a8fa9e8effad8fa81386"},"headline":"Buscan hacer conciencia a trav\u00e9s de Congreso Estatal Contra el Cambio Clim\u00e1tico 2023","datePublished":"2023-11-04T20:48:08+00:00","mainEntityOfPage":{"@id":"https:\/\/www.sonoraenequipo.com.mx\/buscan-hacer-conciencia-a-traves-de-congreso-estatal-contra-el-cambio-climatico-2023\/"},"wordCount":224,"commentCount":0,"publisher":{"@id":"https:\/\/www.sonoraenequipo.com.mx\/#organization"},"image":{"@id":"https:\/\/www.sonoraenequipo.com.mx\/buscan-hacer-conciencia-a-traves-de-congreso-estatal-contra-el-cambio-climatico-2023\/#primaryimage"},"thumbnailUrl":"https:\/\/www.sonoraenequipo.com.mx\/storage\/2023\/11\/foro.jpg","keywords":["CAMBIO CLIM\u00c1TICO","Sonora"],"articleSection":["Sonora"],"inLanguage":"es","potentialAction":[{"@type":"CommentAction","name":"Comment","target":["https:\/\/www.sonoraenequipo.com.mx\/buscan-hacer-conciencia-a-traves-de-congreso-estatal-contra-el-cambio-climatico-2023\/#respond"]}]},{"@type":"WebPage","@id":"https:\/\/www.sonoraenequipo.com.mx\/buscan-hacer-conciencia-a-traves-de-congreso-estatal-contra-el-cambio-climatico-2023\/","url":"https:\/\/www.sonoraenequipo.com.mx\/buscan-hacer-conciencia-a-traves-de-congreso-estatal-contra-el-cambio-climatico-2023\/","name":"Sonora en Equipo. Buscan hacer conciencia a trav\u00e9s de Congreso Estatal Contra el Cambio Clim\u00e1tico 2023 Sonora","isPartOf":{"@id":"https:\/\/www.sonoraenequipo.com.mx\/#website"},"primaryImageOfPage":{"@id":"https:\/\/www.sonoraenequipo.com.mx\/buscan-hacer-conciencia-a-traves-de-congreso-estatal-contra-el-cambio-climatico-2023\/#primaryimage"},"image":{"@id":"https:\/\/www.sonoraenequipo.com.mx\/buscan-hacer-conciencia-a-traves-de-congreso-estatal-contra-el-cambio-climatico-2023\/#primaryimage"},"thumbnailUrl":"https:\/\/www.sonoraenequipo.com.mx\/storage\/2023\/11\/foro.jpg","datePublished":"2023-11-04T20:48:08+00:00","description":"HERMOSILLO, SONORA,MX.\u02d7\u02d7\u02d7 Con el objetivo de visualizar los problemas que plantean los fen\u00f3menos del cambio clim\u00e1tico en todo el mundo y encontrar medidas En Sonora en Equipo publicamos toda la informaci\u00f3n de Sonora, M\u00e9xico y el Mundo de manera oportuna y busca que la libertad de expresi\u00f3n sea real. Visita nuestro medio informativo publicado desde Hermosillo, Sonora. %","breadcrumb":{"@id":"https:\/\/www.sonoraenequipo.com.mx\/buscan-hacer-conciencia-a-traves-de-congreso-estatal-contra-el-cambio-climatico-2023\/#breadcrumb"},"inLanguage":"es","potentialAction":[{"@type":"ReadAction","target":["https:\/\/www.sonoraenequipo.com.mx\/buscan-hacer-conciencia-a-traves-de-congreso-estatal-contra-el-cambio-climatico-2023\/"]}]},{"@type":"ImageObject","inLanguage":"es","@id":"https:\/\/www.sonoraenequipo.com.mx\/buscan-hacer-conciencia-a-traves-de-congreso-estatal-contra-el-cambio-climatico-2023\/#primaryimage","url":"https:\/\/www.sonoraenequipo.com.mx\/storage\/2023\/11\/foro.jpg","contentUrl":"https:\/\/www.sonoraenequipo.com.mx\/storage\/2023\/11\/foro.jpg","width":900,"height":600,"caption":"Imagen: Gobierno de Sonora"},{"@type":"BreadcrumbList","@id":"https:\/\/www.sonoraenequipo.com.mx\/buscan-hacer-conciencia-a-traves-de-congreso-estatal-contra-el-cambio-climatico-2023\/#breadcrumb","itemListElement":[{"@type":"ListItem","position":1,"name":"Portada","item":"https:\/\/www.sonoraenequipo.com.mx\/"},{"@type":"ListItem","position":2,"name":"Buscan hacer conciencia a trav\u00e9s de Congreso Estatal Contra el Cambio Clim\u00e1tico 2023"}]},{"@type":"WebSite","@id":"https:\/\/www.sonoraenequipo.com.mx\/#website","url":"https:\/\/www.sonoraenequipo.com.mx\/","name":"Sonora en Equipo.","description":"Diario en l\u00ednea con Noticias desde Hermosillo, Sonora","publisher":{"@id":"https:\/\/www.sonoraenequipo.com.mx\/#organization"},"potentialAction":[{"@type":"SearchAction","target":{"@type":"EntryPoint","urlTemplate":"https:\/\/www.sonoraenequipo.com.mx\/?s={search_term_string}"},"query-input":{"@type":"PropertyValueSpecification","valueRequired":true,"valueName":"search_term_string"}}],"inLanguage":"es"},{"@type":"Organization","@id":"https:\/\/www.sonoraenequipo.com.mx\/#organization","name":"Sonoraenequipo.com.mx","url":"https:\/\/www.sonoraenequipo.com.mx\/","logo":{"@type":"ImageObject","inLanguage":"es","@id":"https:\/\/www.sonoraenequipo.com.mx\/#\/schema\/logo\/image\/","url":"https:\/\/www.sonoraenequipo.com.mx\/storage\/2019\/01\/sonoraenequipo_opt.png","contentUrl":"https:\/\/www.sonoraenequipo.com.mx\/storage\/2019\/01\/sonoraenequipo_opt.png","width":375,"height":125,"caption":"Sonoraenequipo.com.mx"},"image":{"@id":"https:\/\/www.sonoraenequipo.com.mx\/#\/schema\/logo\/image\/"},"sameAs":["https:\/\/www.facebook.com\/SonoraEE\/","https:\/\/x.com\/sonoraenequipo","https:\/\/www.youtube.com\/channel\/UC338nW-lPEYmJQs4ZABQ1SQ"]},{"@type":"Person","@id":"https:\/\/www.sonoraenequipo.com.mx\/#\/schema\/person\/50102df0fb23a8fa9e8effad8fa81386","name":"enequipo","image":{"@type":"ImageObject","inLanguage":"es","@id":"https:\/\/www.sonoraenequipo.com.mx\/#\/schema\/person\/image\/","url":"https:\/\/secure.gravatar.com\/avatar\/049821681b589dabc0bc20695993ccebb09f5b5d4d790cd9251b97faac7c652b?s=96&d=blank&r=g","contentUrl":"https:\/\/secure.gravatar.com\/avatar\/049821681b589dabc0bc20695993ccebb09f5b5d4d790cd9251b97faac7c652b?s=96&d=blank&r=g","caption":"enequipo"},"sameAs":["https:\/\/www.facebook.com\/SonoraEE"]}]}},"jetpack_featured_media_url":"https:\/\/www.sonoraenequipo.com.mx\/storage\/2023\/11\/foro.jpg","_links":{"self":[{"href":"https:\/\/www.sonoraenequipo.com.mx\/api\/wp\/v2\/posts\/178481","targetHints":{"allow":["GET"]}}],"collection":[{"href":"https:\/\/www.sonoraenequipo.com.mx\/api\/wp\/v2\/posts"}],"about":[{"href":"https:\/\/www.sonoraenequipo.com.mx\/api\/wp\/v2\/types\/post"}],"author":[{"embeddable":true,"href":"https:\/\/www.sonoraenequipo.com.mx\/api\/wp\/v2\/users\/1"}],"replies":[{"embeddable":true,"href":"https:\/\/www.sonoraenequipo.com.mx\/api\/wp\/v2\/comments?post=178481"}],"version-history":[{"count":1,"href":"https:\/\/www.sonoraenequipo.com.mx\/api\/wp\/v2\/posts\/178481\/revisions"}],"predecessor-version":[{"id":178483,"href":"https:\/\/www.sonoraenequipo.com.mx\/api\/wp\/v2\/posts\/178481\/revisions\/178483"}],"wp:featuredmedia":[{"embeddable":true,"href":"https:\/\/www.sonoraenequipo.com.mx\/api\/wp\/v2\/media\/178482"}],"wp:attachment":[{"href":"https:\/\/www.sonoraenequipo.com.mx\/api\/wp\/v2\/media?parent=178481"}],"wp:term":[{"taxonomy":"category","embeddable":true,"href":"https:\/\/www.sonoraenequipo.com.mx\/api\/wp\/v2\/categories?post=178481"},{"taxonomy":"post_tag","embeddable":true,"href":"https:\/\/www.sonoraenequipo.com.mx\/api\/wp\/v2\/tags?post=178481"}],"curies":[{"name":"wp","href":"https:\/\/api.w.org\/{rel}","templated":true}]}}