{"id":178680,"date":"2023-11-08T16:35:17","date_gmt":"2023-11-08T23:35:17","guid":{"rendered":"https:\/\/www.sonoraenequipo.com.mx\/?p=178680"},"modified":"2023-11-08T16:35:17","modified_gmt":"2023-11-08T23:35:17","slug":"natalia-rivera-se-destapa-para-la-alcaldia-de-hermosillo-por-mc","status":"publish","type":"post","link":"https:\/\/www.sonoraenequipo.com.mx\/natalia-rivera-se-destapa-para-la-alcaldia-de-hermosillo-por-mc\/","title":{"rendered":"Natalia Rivera se destapa para la alcald\u00eda de Hermosillo por MC"},"content":{"rendered":"<p><b>HERMOSILLO, SONORA,\u00a0MX. \u02d7\u02d7\u02d7<\/b> La diputada local Natalia Rivera Grijalva quien luego de 32 a\u00f1os de militancia en el PRI, apenas en julio del presente a\u00f1o decidiera dejar la bancada pri\u00edsta \u00a0\u00a0para migrar a Movimiento Ciudadano (MC) anunci\u00f3 este mediod\u00eda que como pol\u00edtica que es buscar\u00e1 la oportunidad de participar en su nuevo partido.<\/p>\n<p>&nbsp;<\/p>\n<p> <\/p>\n<p>Hermosillo es una posibilidad s\u00ed respondi\u00f3 a pregunta expresa y quiero una posibilidad, sentenci\u00f3.<\/p>\n<p>&nbsp;<\/p>\n<p>&nbsp;<\/p>\n<p><strong>Fecha de publicaci\u00f3n<\/strong><strong> mi\u00e9rcoles 8 de noviembre de 2023<\/strong><\/p>\n","protected":false},"excerpt":{"rendered":"<p>HERMOSILLO, SONORA,\u00a0MX. \u02d7\u02d7\u02d7 La diputada local Natalia Rivera Grijalva quien luego de 32 a\u00f1os de&#8230;<\/p>\n","protected":false},"author":1,"featured_media":178681,"comment_status":"open","ping_status":"open","sticky":false,"template":"","format":"standard","meta":{"_monsterinsights_skip_tracking":false,"_monsterinsights_sitenote_active":false,"_monsterinsights_sitenote_note":"","_monsterinsights_sitenote_category":0,"footnotes":""},"categories":[22],"tags":[],"class_list":["post"],"yoast_head":" \n<title>Sonora en Equipo. Natalia Rivera se destapa para la alcald\u00eda de Hermosillo por MC Sonora<\/title>\n<meta name=\"description\" content=\"HERMOSILLO, SONORA,\u00a0MX. \u02d7\u02d7\u02d7 La diputada local Natalia Rivera Grijalva quien luego de 32 a\u00f1os de militancia en el PRI, apenas en julio del presente a\u00f1o En Sonora en Equipo publicamos toda la informaci\u00f3n de Sonora, M\u00e9xico y el Mundo de manera oportuna y busca que la libertad de expresi\u00f3n sea real. Visita nuestro medio informativo publicado desde Hermosillo, Sonora. %\" \/>\n<meta name=\"robots\" content=\"index, follow, max-snippet:-1, max-image-preview:large, max-video-preview:-1\" \/>\n<link rel=\"canonical\" href=\"https:\/\/www.sonoraenequipo.com.mx\/natalia-rivera-se-destapa-para-la-alcaldia-de-hermosillo-por-mc\/\" \/>\n<meta property=\"og:locale\" content=\"es_ES\" \/>\n<meta property=\"og:type\" content=\"article\" \/>\n<meta property=\"og:title\" content=\"Sonora en Equipo. Natalia Rivera se destapa para la alcald\u00eda de Hermosillo por MC Sonora\" \/>\n<meta property=\"og:description\" content=\"HERMOSILLO, SONORA,\u00a0MX. \u02d7\u02d7\u02d7 La diputada local Natalia Rivera Grijalva quien luego de 32 a\u00f1os de militancia en el PRI, apenas en julio del presente a\u00f1o En Sonora en Equipo publicamos toda la informaci\u00f3n de Sonora, M\u00e9xico y el Mundo de manera oportuna y busca que la libertad de expresi\u00f3n sea real. Visita nuestro medio informativo publicado desde Hermosillo, Sonora. %\" \/>\n<meta property=\"og:url\" content=\"https:\/\/www.sonoraenequipo.com.mx\/natalia-rivera-se-destapa-para-la-alcaldia-de-hermosillo-por-mc\/\" \/>\n<meta property=\"og:site_name\" content=\"Sonora en Equipo.\" \/>\n<meta property=\"article:publisher\" content=\"https:\/\/www.facebook.com\/SonoraEE\/\" \/>\n<meta property=\"article:author\" content=\"https:\/\/www.facebook.com\/SonoraEE\" \/>\n<meta property=\"article:published_time\" content=\"2023-11-08T23:35:17+00:00\" \/>\n<meta property=\"og:image\" content=\"https:\/\/www.sonoraenequipo.com.mx\/storage\/2023\/11\/Natalia-Rivera-va-por-Hermosillo-en-MC...-min.jpg\" \/>\n\t<meta property=\"og:image:width\" content=\"900\" \/>\n\t<meta property=\"og:image:height\" content=\"506\" \/>\n\t<meta property=\"og:image:type\" content=\"image\/jpeg\" \/>\n<meta name=\"author\" content=\"enequipo\" \/>\n<meta name=\"twitter:card\" content=\"summary_large_image\" \/>\n<meta name=\"twitter:creator\" content=\"@sonoraenequipo\" \/>\n<meta name=\"twitter:site\" content=\"@sonoraenequipo\" \/>\n<meta name=\"twitter:label1\" content=\"Escrito por\" \/>\n\t<meta name=\"twitter:data1\" content=\"enequipo\" \/>\n<script type=\"application\/ld+json\" class=\"yoast-schema-graph\">{\"@context\":\"https:\/\/schema.org\",\"@graph\":[{\"@type\":\"Article\",\"@id\":\"https:\/\/www.sonoraenequipo.com.mx\/natalia-rivera-se-destapa-para-la-alcaldia-de-hermosillo-por-mc\/#article\",\"isPartOf\":{\"@id\":\"https:\/\/www.sonoraenequipo.com.mx\/natalia-rivera-se-destapa-para-la-alcaldia-de-hermosillo-por-mc\/\"},\"author\":{\"name\":\"enequipo\",\"@id\":\"https:\/\/www.sonoraenequipo.com.mx\/#\/schema\/person\/50102df0fb23a8fa9e8effad8fa81386\"},\"headline\":\"Natalia Rivera se destapa para la alcald\u00eda de Hermosillo por MC\",\"datePublished\":\"2023-11-08T23:35:17+00:00\",\"mainEntityOfPage\":{\"@id\":\"https:\/\/www.sonoraenequipo.com.mx\/natalia-rivera-se-destapa-para-la-alcaldia-de-hermosillo-por-mc\/\"},\"wordCount\":95,\"commentCount\":0,\"publisher\":{\"@id\":\"https:\/\/www.sonoraenequipo.com.mx\/#organization\"},\"image\":{\"@id\":\"https:\/\/www.sonoraenequipo.com.mx\/natalia-rivera-se-destapa-para-la-alcaldia-de-hermosillo-por-mc\/#primaryimage\"},\"thumbnailUrl\":\"https:\/\/www.sonoraenequipo.com.mx\/storage\/2023\/11\/Natalia-Rivera-va-por-Hermosillo-en-MC...-min.jpg\",\"articleSection\":[\"Sonora\"],\"inLanguage\":\"es\",\"potentialAction\":[{\"@type\":\"CommentAction\",\"name\":\"Comment\",\"target\":[\"https:\/\/www.sonoraenequipo.com.mx\/natalia-rivera-se-destapa-para-la-alcaldia-de-hermosillo-por-mc\/#respond\"]}]},{\"@type\":\"WebPage\",\"@id\":\"https:\/\/www.sonoraenequipo.com.mx\/natalia-rivera-se-destapa-para-la-alcaldia-de-hermosillo-por-mc\/\",\"url\":\"https:\/\/www.sonoraenequipo.com.mx\/natalia-rivera-se-destapa-para-la-alcaldia-de-hermosillo-por-mc\/\",\"name\":\"Sonora en Equipo. Natalia Rivera se destapa para la alcald\u00eda de Hermosillo por MC Sonora\",\"isPartOf\":{\"@id\":\"https:\/\/www.sonoraenequipo.com.mx\/#website\"},\"primaryImageOfPage\":{\"@id\":\"https:\/\/www.sonoraenequipo.com.mx\/natalia-rivera-se-destapa-para-la-alcaldia-de-hermosillo-por-mc\/#primaryimage\"},\"image\":{\"@id\":\"https:\/\/www.sonoraenequipo.com.mx\/natalia-rivera-se-destapa-para-la-alcaldia-de-hermosillo-por-mc\/#primaryimage\"},\"thumbnailUrl\":\"https:\/\/www.sonoraenequipo.com.mx\/storage\/2023\/11\/Natalia-Rivera-va-por-Hermosillo-en-MC...-min.jpg\",\"datePublished\":\"2023-11-08T23:35:17+00:00\",\"description\":\"HERMOSILLO, SONORA,\u00a0MX. \u02d7\u02d7\u02d7 La diputada local Natalia Rivera Grijalva quien luego de 32 a\u00f1os de militancia en el PRI, apenas en julio del presente a\u00f1o En Sonora en Equipo publicamos toda la informaci\u00f3n de Sonora, M\u00e9xico y el Mundo de manera oportuna y busca que la libertad de expresi\u00f3n sea real. Visita nuestro medio informativo publicado desde Hermosillo, Sonora. %\",\"breadcrumb\":{\"@id\":\"https:\/\/www.sonoraenequipo.com.mx\/natalia-rivera-se-destapa-para-la-alcaldia-de-hermosillo-por-mc\/#breadcrumb\"},\"inLanguage\":\"es\",\"potentialAction\":[{\"@type\":\"ReadAction\",\"target\":[\"https:\/\/www.sonoraenequipo.com.mx\/natalia-rivera-se-destapa-para-la-alcaldia-de-hermosillo-por-mc\/\"]}]},{\"@type\":\"ImageObject\",\"inLanguage\":\"es\",\"@id\":\"https:\/\/www.sonoraenequipo.com.mx\/natalia-rivera-se-destapa-para-la-alcaldia-de-hermosillo-por-mc\/#primaryimage\",\"url\":\"https:\/\/www.sonoraenequipo.com.mx\/storage\/2023\/11\/Natalia-Rivera-va-por-Hermosillo-en-MC...-min.jpg\",\"contentUrl\":\"https:\/\/www.sonoraenequipo.com.mx\/storage\/2023\/11\/Natalia-Rivera-va-por-Hermosillo-en-MC...-min.jpg\",\"width\":900,\"height\":506},{\"@type\":\"BreadcrumbList\",\"@id\":\"https:\/\/www.sonoraenequipo.com.mx\/natalia-rivera-se-destapa-para-la-alcaldia-de-hermosillo-por-mc\/#breadcrumb\",\"itemListElement\":[{\"@type\":\"ListItem\",\"position\":1,\"name\":\"Portada\",\"item\":\"https:\/\/www.sonoraenequipo.com.mx\/\"},{\"@type\":\"ListItem\",\"position\":2,\"name\":\"Natalia Rivera se destapa para la alcald\u00eda de Hermosillo por MC\"}]},{\"@type\":\"WebSite\",\"@id\":\"https:\/\/www.sonoraenequipo.com.mx\/#website\",\"url\":\"https:\/\/www.sonoraenequipo.com.mx\/\",\"name\":\"Sonora en Equipo.\",\"description\":\"Diario en l\u00ednea con Noticias desde Hermosillo, Sonora\",\"publisher\":{\"@id\":\"https:\/\/www.sonoraenequipo.com.mx\/#organization\"},\"potentialAction\":[{\"@type\":\"SearchAction\",\"target\":{\"@type\":\"EntryPoint\",\"urlTemplate\":\"https:\/\/www.sonoraenequipo.com.mx\/?s={search_term_string}\"},\"query-input\":{\"@type\":\"PropertyValueSpecification\",\"valueRequired\":true,\"valueName\":\"search_term_string\"}}],\"inLanguage\":\"es\"},{\"@type\":\"Organization\",\"@id\":\"https:\/\/www.sonoraenequipo.com.mx\/#organization\",\"name\":\"Sonoraenequipo.com.mx\",\"url\":\"https:\/\/www.sonoraenequipo.com.mx\/\",\"logo\":{\"@type\":\"ImageObject\",\"inLanguage\":\"es\",\"@id\":\"https:\/\/www.sonoraenequipo.com.mx\/#\/schema\/logo\/image\/\",\"url\":\"https:\/\/www.sonoraenequipo.com.mx\/storage\/2019\/01\/sonoraenequipo_opt.png\",\"contentUrl\":\"https:\/\/www.sonoraenequipo.com.mx\/storage\/2019\/01\/sonoraenequipo_opt.png\",\"width\":375,\"height\":125,\"caption\":\"Sonoraenequipo.com.mx\"},\"image\":{\"@id\":\"https:\/\/www.sonoraenequipo.com.mx\/#\/schema\/logo\/image\/\"},\"sameAs\":[\"https:\/\/www.facebook.com\/SonoraEE\/\",\"https:\/\/x.com\/sonoraenequipo\",\"https:\/\/www.youtube.com\/channel\/UC338nW-lPEYmJQs4ZABQ1SQ\"]},{\"@type\":\"Person\",\"@id\":\"https:\/\/www.sonoraenequipo.com.mx\/#\/schema\/person\/50102df0fb23a8fa9e8effad8fa81386\",\"name\":\"enequipo\",\"image\":{\"@type\":\"ImageObject\",\"inLanguage\":\"es\",\"@id\":\"https:\/\/www.sonoraenequipo.com.mx\/#\/schema\/person\/image\/\",\"url\":\"https:\/\/secure.gravatar.com\/avatar\/049821681b589dabc0bc20695993ccebb09f5b5d4d790cd9251b97faac7c652b?s=96&d=blank&r=g\",\"contentUrl\":\"https:\/\/secure.gravatar.com\/avatar\/049821681b589dabc0bc20695993ccebb09f5b5d4d790cd9251b97faac7c652b?s=96&d=blank&r=g\",\"caption\":\"enequipo\"},\"sameAs\":[\"https:\/\/www.facebook.com\/SonoraEE\"]}]}<\/script>\n ","yoast_head_json":{"title":"Sonora en Equipo. Natalia Rivera se destapa para la alcald\u00eda de Hermosillo por MC Sonora","description":"HERMOSILLO, SONORA,\u00a0MX. \u02d7\u02d7\u02d7 La diputada local Natalia Rivera Grijalva quien luego de 32 a\u00f1os de militancia en el PRI, apenas en julio del presente a\u00f1o En Sonora en Equipo publicamos toda la informaci\u00f3n de Sonora, M\u00e9xico y el Mundo de manera oportuna y busca que la libertad de expresi\u00f3n sea real. Visita nuestro medio informativo publicado desde Hermosillo, Sonora. %","robots":{"index":"index","follow":"follow","max-snippet":"max-snippet:-1","max-image-preview":"max-image-preview:large","max-video-preview":"max-video-preview:-1"},"canonical":"https:\/\/www.sonoraenequipo.com.mx\/natalia-rivera-se-destapa-para-la-alcaldia-de-hermosillo-por-mc\/","og_locale":"es_ES","og_type":"article","og_title":"Sonora en Equipo. Natalia Rivera se destapa para la alcald\u00eda de Hermosillo por MC Sonora","og_description":"HERMOSILLO, SONORA,\u00a0MX. \u02d7\u02d7\u02d7 La diputada local Natalia Rivera Grijalva quien luego de 32 a\u00f1os de militancia en el PRI, apenas en julio del presente a\u00f1o En Sonora en Equipo publicamos toda la informaci\u00f3n de Sonora, M\u00e9xico y el Mundo de manera oportuna y busca que la libertad de expresi\u00f3n sea real. Visita nuestro medio informativo publicado desde Hermosillo, Sonora. %","og_url":"https:\/\/www.sonoraenequipo.com.mx\/natalia-rivera-se-destapa-para-la-alcaldia-de-hermosillo-por-mc\/","og_site_name":"Sonora en Equipo.","article_publisher":"https:\/\/www.facebook.com\/SonoraEE\/","article_author":"https:\/\/www.facebook.com\/SonoraEE","article_published_time":"2023-11-08T23:35:17+00:00","og_image":[{"width":900,"height":506,"url":"https:\/\/www.sonoraenequipo.com.mx\/storage\/2023\/11\/Natalia-Rivera-va-por-Hermosillo-en-MC...-min.jpg","type":"image\/jpeg"}],"author":"enequipo","twitter_card":"summary_large_image","twitter_creator":"@sonoraenequipo","twitter_site":"@sonoraenequipo","twitter_misc":{"Escrito por":"enequipo"},"schema":{"@context":"https:\/\/schema.org","@graph":[{"@type":"Article","@id":"https:\/\/www.sonoraenequipo.com.mx\/natalia-rivera-se-destapa-para-la-alcaldia-de-hermosillo-por-mc\/#article","isPartOf":{"@id":"https:\/\/www.sonoraenequipo.com.mx\/natalia-rivera-se-destapa-para-la-alcaldia-de-hermosillo-por-mc\/"},"author":{"name":"enequipo","@id":"https:\/\/www.sonoraenequipo.com.mx\/#\/schema\/person\/50102df0fb23a8fa9e8effad8fa81386"},"headline":"Natalia Rivera se destapa para la alcald\u00eda de Hermosillo por MC","datePublished":"2023-11-08T23:35:17+00:00","mainEntityOfPage":{"@id":"https:\/\/www.sonoraenequipo.com.mx\/natalia-rivera-se-destapa-para-la-alcaldia-de-hermosillo-por-mc\/"},"wordCount":95,"commentCount":0,"publisher":{"@id":"https:\/\/www.sonoraenequipo.com.mx\/#organization"},"image":{"@id":"https:\/\/www.sonoraenequipo.com.mx\/natalia-rivera-se-destapa-para-la-alcaldia-de-hermosillo-por-mc\/#primaryimage"},"thumbnailUrl":"https:\/\/www.sonoraenequipo.com.mx\/storage\/2023\/11\/Natalia-Rivera-va-por-Hermosillo-en-MC...-min.jpg","articleSection":["Sonora"],"inLanguage":"es","potentialAction":[{"@type":"CommentAction","name":"Comment","target":["https:\/\/www.sonoraenequipo.com.mx\/natalia-rivera-se-destapa-para-la-alcaldia-de-hermosillo-por-mc\/#respond"]}]},{"@type":"WebPage","@id":"https:\/\/www.sonoraenequipo.com.mx\/natalia-rivera-se-destapa-para-la-alcaldia-de-hermosillo-por-mc\/","url":"https:\/\/www.sonoraenequipo.com.mx\/natalia-rivera-se-destapa-para-la-alcaldia-de-hermosillo-por-mc\/","name":"Sonora en Equipo. Natalia Rivera se destapa para la alcald\u00eda de Hermosillo por MC Sonora","isPartOf":{"@id":"https:\/\/www.sonoraenequipo.com.mx\/#website"},"primaryImageOfPage":{"@id":"https:\/\/www.sonoraenequipo.com.mx\/natalia-rivera-se-destapa-para-la-alcaldia-de-hermosillo-por-mc\/#primaryimage"},"image":{"@id":"https:\/\/www.sonoraenequipo.com.mx\/natalia-rivera-se-destapa-para-la-alcaldia-de-hermosillo-por-mc\/#primaryimage"},"thumbnailUrl":"https:\/\/www.sonoraenequipo.com.mx\/storage\/2023\/11\/Natalia-Rivera-va-por-Hermosillo-en-MC...-min.jpg","datePublished":"2023-11-08T23:35:17+00:00","description":"HERMOSILLO, SONORA,\u00a0MX. \u02d7\u02d7\u02d7 La diputada local Natalia Rivera Grijalva quien luego de 32 a\u00f1os de militancia en el PRI, apenas en julio del presente a\u00f1o En Sonora en Equipo publicamos toda la informaci\u00f3n de Sonora, M\u00e9xico y el Mundo de manera oportuna y busca que la libertad de expresi\u00f3n sea real. Visita nuestro medio informativo publicado desde Hermosillo, Sonora. %","breadcrumb":{"@id":"https:\/\/www.sonoraenequipo.com.mx\/natalia-rivera-se-destapa-para-la-alcaldia-de-hermosillo-por-mc\/#breadcrumb"},"inLanguage":"es","potentialAction":[{"@type":"ReadAction","target":["https:\/\/www.sonoraenequipo.com.mx\/natalia-rivera-se-destapa-para-la-alcaldia-de-hermosillo-por-mc\/"]}]},{"@type":"ImageObject","inLanguage":"es","@id":"https:\/\/www.sonoraenequipo.com.mx\/natalia-rivera-se-destapa-para-la-alcaldia-de-hermosillo-por-mc\/#primaryimage","url":"https:\/\/www.sonoraenequipo.com.mx\/storage\/2023\/11\/Natalia-Rivera-va-por-Hermosillo-en-MC...-min.jpg","contentUrl":"https:\/\/www.sonoraenequipo.com.mx\/storage\/2023\/11\/Natalia-Rivera-va-por-Hermosillo-en-MC...-min.jpg","width":900,"height":506},{"@type":"BreadcrumbList","@id":"https:\/\/www.sonoraenequipo.com.mx\/natalia-rivera-se-destapa-para-la-alcaldia-de-hermosillo-por-mc\/#breadcrumb","itemListElement":[{"@type":"ListItem","position":1,"name":"Portada","item":"https:\/\/www.sonoraenequipo.com.mx\/"},{"@type":"ListItem","position":2,"name":"Natalia Rivera se destapa para la alcald\u00eda de Hermosillo por MC"}]},{"@type":"WebSite","@id":"https:\/\/www.sonoraenequipo.com.mx\/#website","url":"https:\/\/www.sonoraenequipo.com.mx\/","name":"Sonora en Equipo.","description":"Diario en l\u00ednea con Noticias desde Hermosillo, Sonora","publisher":{"@id":"https:\/\/www.sonoraenequipo.com.mx\/#organization"},"potentialAction":[{"@type":"SearchAction","target":{"@type":"EntryPoint","urlTemplate":"https:\/\/www.sonoraenequipo.com.mx\/?s={search_term_string}"},"query-input":{"@type":"PropertyValueSpecification","valueRequired":true,"valueName":"search_term_string"}}],"inLanguage":"es"},{"@type":"Organization","@id":"https:\/\/www.sonoraenequipo.com.mx\/#organization","name":"Sonoraenequipo.com.mx","url":"https:\/\/www.sonoraenequipo.com.mx\/","logo":{"@type":"ImageObject","inLanguage":"es","@id":"https:\/\/www.sonoraenequipo.com.mx\/#\/schema\/logo\/image\/","url":"https:\/\/www.sonoraenequipo.com.mx\/storage\/2019\/01\/sonoraenequipo_opt.png","contentUrl":"https:\/\/www.sonoraenequipo.com.mx\/storage\/2019\/01\/sonoraenequipo_opt.png","width":375,"height":125,"caption":"Sonoraenequipo.com.mx"},"image":{"@id":"https:\/\/www.sonoraenequipo.com.mx\/#\/schema\/logo\/image\/"},"sameAs":["https:\/\/www.facebook.com\/SonoraEE\/","https:\/\/x.com\/sonoraenequipo","https:\/\/www.youtube.com\/channel\/UC338nW-lPEYmJQs4ZABQ1SQ"]},{"@type":"Person","@id":"https:\/\/www.sonoraenequipo.com.mx\/#\/schema\/person\/50102df0fb23a8fa9e8effad8fa81386","name":"enequipo","image":{"@type":"ImageObject","inLanguage":"es","@id":"https:\/\/www.sonoraenequipo.com.mx\/#\/schema\/person\/image\/","url":"https:\/\/secure.gravatar.com\/avatar\/049821681b589dabc0bc20695993ccebb09f5b5d4d790cd9251b97faac7c652b?s=96&d=blank&r=g","contentUrl":"https:\/\/secure.gravatar.com\/avatar\/049821681b589dabc0bc20695993ccebb09f5b5d4d790cd9251b97faac7c652b?s=96&d=blank&r=g","caption":"enequipo"},"sameAs":["https:\/\/www.facebook.com\/SonoraEE"]}]}},"jetpack_featured_media_url":"https:\/\/www.sonoraenequipo.com.mx\/storage\/2023\/11\/Natalia-Rivera-va-por-Hermosillo-en-MC...-min.jpg","_links":{"self":[{"href":"https:\/\/www.sonoraenequipo.com.mx\/api\/wp\/v2\/posts\/178680","targetHints":{"allow":["GET"]}}],"collection":[{"href":"https:\/\/www.sonoraenequipo.com.mx\/api\/wp\/v2\/posts"}],"about":[{"href":"https:\/\/www.sonoraenequipo.com.mx\/api\/wp\/v2\/types\/post"}],"author":[{"embeddable":true,"href":"https:\/\/www.sonoraenequipo.com.mx\/api\/wp\/v2\/users\/1"}],"replies":[{"embeddable":true,"href":"https:\/\/www.sonoraenequipo.com.mx\/api\/wp\/v2\/comments?post=178680"}],"version-history":[{"count":2,"href":"https:\/\/www.sonoraenequipo.com.mx\/api\/wp\/v2\/posts\/178680\/revisions"}],"predecessor-version":[{"id":178699,"href":"https:\/\/www.sonoraenequipo.com.mx\/api\/wp\/v2\/posts\/178680\/revisions\/178699"}],"wp:featuredmedia":[{"embeddable":true,"href":"https:\/\/www.sonoraenequipo.com.mx\/api\/wp\/v2\/media\/178681"}],"wp:attachment":[{"href":"https:\/\/www.sonoraenequipo.com.mx\/api\/wp\/v2\/media?parent=178680"}],"wp:term":[{"taxonomy":"category","embeddable":true,"href":"https:\/\/www.sonoraenequipo.com.mx\/api\/wp\/v2\/categories?post=178680"},{"taxonomy":"post_tag","embeddable":true,"href":"https:\/\/www.sonoraenequipo.com.mx\/api\/wp\/v2\/tags?post=178680"}],"curies":[{"name":"wp","href":"https:\/\/api.w.org\/{rel}","templated":true}]}}