{"id":178683,"date":"2023-11-08T15:41:56","date_gmt":"2023-11-08T22:41:56","guid":{"rendered":"https:\/\/www.sonoraenequipo.com.mx\/?p=178683"},"modified":"2023-11-08T17:05:45","modified_gmt":"2023-11-09T00:05:45","slug":"rector-maria-rita-plancarte-martinez-asiste-al-xxiii-congreso-nacional-y-xix-congreso-mundial-de-mediacion","status":"publish","type":"post","link":"https:\/\/www.sonoraenequipo.com.mx\/rector-maria-rita-plancarte-martinez-asiste-al-xxiii-congreso-nacional-y-xix-congreso-mundial-de-mediacion\/","title":{"rendered":"Rector Mar\u00eda Rita Plancarte Mart\u00ednez asiste al XXIII Congreso Nacional y XIX Congreso Mundial de Mediaci\u00f3n"},"content":{"rendered":"<p><strong>HERMOSILLO, SONORA. MX.<\/strong> \u2014 Con un llamado a la reflexi\u00f3n sobre la importancia y pertinencia que tiene la mediaci\u00f3n social, la justicia restaurativa en materia social para llevarlos hasta los contextos del d\u00eda a d\u00eda y a los ciudadanos y ciudadanas, as\u00ed como a las organizaciones de la sociedad civil, inici\u00f3 este mi\u00e9rcoles en Quer\u00e9taro, Quer\u00e9taro, la edici\u00f3n XXIII del Congreso Nacional y XIX del Congreso Mundial de Mediaci\u00f3n 2023.<\/p>\n<p>&nbsp;<\/p>\n<p> <br \/>\nEl evento fue inaugurado por el alcalde de la ciudad de Quer\u00e9taro, Luis Fernando Nava Guerrero, quien fue el encargado de dar la bienvenida a los asistentes junto con la secretaria de Gobierno, Mar\u00eda Guadalupe Murgu\u00eda Guti\u00e9rrez, y la secretaria del Trabajo del Estado, Liliana Sanmart\u00edn Castillo, en representaci\u00f3n del gobernador Mauricio Kuri Gonz\u00e1lez.<\/p>\n<p>&nbsp;<\/p>\n<p>Acompa\u00f1aron a los anfitriones en la inauguraci\u00f3n, la rectora de la Universidad de Sonora, Mar\u00eda Rita Plancarte Mart\u00ednez, y el presidente del Instituto de Mediaci\u00f3n en M\u00e9xico, Jorge Pesqueira Leal, representantes de las principales instituciones impulsoras de la Mediaci\u00f3n como una v\u00eda hacia la cultura de la paz y la concordia, no s\u00f3lo en M\u00e9xico, sino en una gran cantidad de pa\u00edses en el mundo.<\/p>\n<p>&nbsp;<\/p>\n<p><em><strong>\u201cPara la Universidad de Sonora es un honor participar en este relevante y trascendental encuentro que enaltece el esfuerzo de quienes intervenimos decididamente en la construcci\u00f3n de sociedades de paz a trav\u00e9s de esta maravillosa herramienta social que es la mediaci\u00f3n\u201d,<\/strong><\/em> expres\u00f3 la rectora Plancarte Mart\u00ednez.<\/p>\n<p>&nbsp;<\/p>\n<h3>Alianza estrat\u00e9gica<\/h3>\n<p>&nbsp;<\/p>\n<p>Durante su intervenci\u00f3n en la ceremonia de inauguraci\u00f3n, la rectora de la Universidad de Sonora refiri\u00f3 una frase del pacifista Mahatma Gandhi sobre ponerse en el lugar de la otra persona en determinado momento siendo esto la esencia de la mediaci\u00f3n, cuya filosof\u00eda favorece la escucha activa, el di\u00e1logo y la empat\u00eda en las controversias de las relaciones entre las personas.<\/p>\n<p>&nbsp;<\/p>\n<p>\u201cLa mediaci\u00f3n, adem\u00e1s, tiene un gran valor agregado, pues sirve tambi\u00e9n para mejorar las relaciones entre la gente y, sobre todo, fortalecer lazos sociales o crearlos donde no existen y por ello, se requiere de pol\u00edticas p\u00fablicas que impulsen la construcci\u00f3n de una cultura de la paz centrada en el di\u00e1logo democr\u00e1tico y la mediaci\u00f3n\u201d, explic\u00f3.<\/p>\n<p>&nbsp;<\/p>\n<p>Se\u00f1al\u00f3 que la mediaci\u00f3n como procedimiento complementario en la impartici\u00f3n de justicia para los sonorenses, ha estado presente tambi\u00e9n en la Universidad de Sonora y estableci\u00f3 una alianza estrat\u00e9gica con el Instituto de Mediaci\u00f3n de M\u00e9xico para desarrollar la mediaci\u00f3n en el pa\u00eds y para la organizaci\u00f3n y convocatoria anual de congresos nacionales y mundiales de mediaci\u00f3n.<\/p>\n<p>&nbsp;<\/p>\n<p>\u201cLa mediaci\u00f3n ha impulsado la movilizaci\u00f3n de los sistemas jur\u00eddicos procesales y de todos los sectores sociales para hacer realidad el sue\u00f1o de acceso a una justicia pronta y expedita y sobre todo, para que las soluciones a los conflictos se produzcan bajo el esquema de ganar ganar\u201d, estableci\u00f3 y agradeci\u00f3 el reconocimiento a los logros obtenidos en el fomento a una cultura de paz.<\/p>\n<p>&nbsp;<\/p>\n<p>En M\u00e9xico ha evolucionado mete\u00f3ricamente la mediaci\u00f3n<\/p>\n<p>&nbsp;<\/p>\n<p>Jorge Pesqueira Leal, principal impulsor de la mediaci\u00f3n en M\u00e9xico, docente de la m\u00e1xima casa de estudios de Sonora y ahora presidente del Instituto Nacional de Mediaci\u00f3n, dijo que el desarrollo de la mediaci\u00f3n ha evolucionado mete\u00f3ricamente en el pa\u00eds en donde a\u00fan falta mucho por construir.<\/p>\n<p>&nbsp;<\/p>\n<p><strong><em>\u201cAhora vienen tiempos en los que, independientemente de la mediaci\u00f3n, la justicia restaurativa se abre territorio en todos los campos. Estamos avanzando y desear\u00edamos que fuera mucho m\u00e1s potente el avance y quienes arrancamos en aquel tiempo ya no gozamos de la energ\u00eda de las nuevas generaciones y estamos decididos a que muchos de los aqu\u00ed presentes nos sustituyan en este camino, en este andar, en este transitar.<\/em><\/strong><\/p>\n<p>&nbsp;<\/p>\n<p><strong><em>\u201cConstruir, generar cultura de paz no es s\u00f3lo discurso. Son necesarios cambios y cambios radicales y significativos en el desarrollo econ\u00f3mico, social y cultural de nuestro pa\u00eds; sin justicia social es una banalidad pensar en que a trav\u00e9s de la justicia, vamos nosotros a construir paz\u201d,<\/em><\/strong> determin\u00f3.<\/p>\n<p>&nbsp;<\/p>\n<p>Pesqueira Leal invit\u00f3 a los asistentes a los congresos Mundial y Nacional de Mediaci\u00f3n a reflexionar sobre la importancia y la pertinencia de la mediaci\u00f3n social y la justicia restaurativa.<\/p>\n<p>&nbsp;<\/p>\n<p><strong><em>\u201cAqu\u00ed estamos todos y todas. Aqu\u00ed est\u00e1n las autoridades que toman decisiones. Aqu\u00ed est\u00e1n quienes pueden hacer realidad estas pol\u00edticas p\u00fablicas y por ello, es necesario que esa zanja tan amplia se reduzca creando las fuentes para no dar sino crear condiciones para eliminar la brecha de la injusticia social\u201d,<\/em><\/strong> apunt\u00f3.<\/p>\n<p>&nbsp;<\/p>\n<h3>Entregan reconocimientos especiales<\/h3>\n<p>&nbsp;<\/p>\n<p>En el evento se hizo un reconocimiento especial al Magistrado en retiro, Sergio Herrera Trejo, por haber logrado que la Comisi\u00f3n Nacional de Tribunales de Justicia se comprometieran, desde el ocaso del pasado siglo, con la instrumentaci\u00f3n de la mediaci\u00f3n, y fue la secretaria de trabajo del Estado, Liliana Sanmart\u00edn Castillo, la encargada de entregar la placa conmemorativa.<\/p>\n<p>&nbsp;<\/p>\n<p>Ericka Herrera Castillo habl\u00f3 a nombre del Magistrado y al agradecer la menci\u00f3n, hizo un poco de historia de los procesos que tuvieron que realizarse para que la mediaci\u00f3n fuera el instrumento tan importante ahora en los procesos de la aplicaci\u00f3n de la justicia y de \u00e9stos mismos.<\/p>\n<p>&nbsp;<\/p>\n<p>Herrera Castillo plante\u00f3 a la asamblea de los congresos Mundial y Nacional de Mediaci\u00f3n que se integre a las conclusiones una petici\u00f3n de declaratoria, dirigida al gobierno de la Rep\u00fablica, para que se revise el Plan Nacional de Paz y Seguridad P\u00fablica, programa nacional de trascendencia e importancia para la paz que todos anhelamos.<\/p>\n<p>&nbsp;<\/p>\n<p>Otro reconocimiento que se entreg\u00f3 en el marco de la inauguraci\u00f3n de los congresos Nacional e Internacional de Mediaci\u00f3n fue la Medalla de la Paz y la Concordia al doctor Eduardo Germ\u00e1n Bauche.<\/p>\n<p>&nbsp;<\/p>\n<p>&nbsp;<\/p>\n<h3>Sigue la transmisi\u00f3n <a href=\"https:\/\/www.facebook.com\/watch\/live\/?ref=watch_permalink&amp;v=370841258626670\"><strong>AQU\u00cd.<\/strong><\/a><\/h3>\n<p>&nbsp;<\/p>\n<p>&nbsp;<\/p>\n<p>PUBLICADO EL 08 NOVIEMBRE DE 2023\/ Con informaci\u00f3n de UNISON)<\/p>\n","protected":false},"excerpt":{"rendered":"<p>HERMOSILLO, SONORA. MX. \u2014 Con un llamado a la reflexi\u00f3n sobre la importancia y pertinencia&#8230;<\/p>\n","protected":false},"author":1,"featured_media":178684,"comment_status":"open","ping_status":"open","sticky":false,"template":"","format":"standard","meta":{"_monsterinsights_skip_tracking":false,"_monsterinsights_sitenote_active":false,"_monsterinsights_sitenote_note":"","_monsterinsights_sitenote_category":0,"footnotes":""},"categories":[5,22],"tags":[],"class_list":["post"],"yoast_head":" \n<title>Sonora en Equipo. Rector Mar\u00eda Rita Plancarte Mart\u00ednez asiste al XXIII Congreso Nacional y XIX Congreso Mundial de Mediaci\u00f3n Rep\u00fablica<\/title>\n<meta name=\"description\" content=\"HERMOSILLO, SONORA. MX. \u2014 Con un llamado a la reflexi\u00f3n sobre la importancia y pertinencia que tiene la mediaci\u00f3n social, la justicia restaurativa en En Sonora en Equipo publicamos toda la informaci\u00f3n de Sonora, M\u00e9xico y el Mundo de manera oportuna y busca que la libertad de expresi\u00f3n sea real. Visita nuestro medio informativo publicado desde Hermosillo, Sonora. %\" \/>\n<meta name=\"robots\" content=\"index, follow, max-snippet:-1, max-image-preview:large, max-video-preview:-1\" \/>\n<link rel=\"canonical\" href=\"https:\/\/www.sonoraenequipo.com.mx\/rector-maria-rita-plancarte-martinez-asiste-al-xxiii-congreso-nacional-y-xix-congreso-mundial-de-mediacion\/\" \/>\n<meta property=\"og:locale\" content=\"es_ES\" \/>\n<meta property=\"og:type\" content=\"article\" \/>\n<meta property=\"og:title\" content=\"Sonora en Equipo. Rector Mar\u00eda Rita Plancarte Mart\u00ednez asiste al XXIII Congreso Nacional y XIX Congreso Mundial de Mediaci\u00f3n Rep\u00fablica\" \/>\n<meta property=\"og:description\" content=\"HERMOSILLO, SONORA. MX. \u2014 Con un llamado a la reflexi\u00f3n sobre la importancia y pertinencia que tiene la mediaci\u00f3n social, la justicia restaurativa en En Sonora en Equipo publicamos toda la informaci\u00f3n de Sonora, M\u00e9xico y el Mundo de manera oportuna y busca que la libertad de expresi\u00f3n sea real. Visita nuestro medio informativo publicado desde Hermosillo, Sonora. %\" \/>\n<meta property=\"og:url\" content=\"https:\/\/www.sonoraenequipo.com.mx\/rector-maria-rita-plancarte-martinez-asiste-al-xxiii-congreso-nacional-y-xix-congreso-mundial-de-mediacion\/\" \/>\n<meta property=\"og:site_name\" content=\"Sonora en Equipo.\" \/>\n<meta property=\"article:publisher\" content=\"https:\/\/www.facebook.com\/SonoraEE\/\" \/>\n<meta property=\"article:author\" content=\"https:\/\/www.facebook.com\/SonoraEE\" \/>\n<meta property=\"article:published_time\" content=\"2023-11-08T22:41:56+00:00\" \/>\n<meta property=\"article:modified_time\" content=\"2023-11-09T00:05:45+00:00\" \/>\n<meta property=\"og:image\" content=\"https:\/\/www.sonoraenequipo.com.mx\/storage\/2023\/11\/Congreso-de-mediacion-min-1.jpg\" \/>\n\t<meta property=\"og:image:width\" content=\"900\" \/>\n\t<meta property=\"og:image:height\" content=\"428\" \/>\n\t<meta property=\"og:image:type\" content=\"image\/jpeg\" \/>\n<meta name=\"author\" content=\"enequipo\" \/>\n<meta name=\"twitter:card\" content=\"summary_large_image\" \/>\n<meta name=\"twitter:creator\" content=\"@sonoraenequipo\" \/>\n<meta name=\"twitter:site\" content=\"@sonoraenequipo\" \/>\n<meta name=\"twitter:label1\" content=\"Escrito por\" \/>\n\t<meta name=\"twitter:data1\" content=\"enequipo\" \/>\n\t<meta name=\"twitter:label2\" content=\"Tiempo de lectura\" \/>\n\t<meta name=\"twitter:data2\" content=\"5 minutos\" \/>\n<script type=\"application\/ld+json\" class=\"yoast-schema-graph\">{\"@context\":\"https:\/\/schema.org\",\"@graph\":[{\"@type\":\"Article\",\"@id\":\"https:\/\/www.sonoraenequipo.com.mx\/rector-maria-rita-plancarte-martinez-asiste-al-xxiii-congreso-nacional-y-xix-congreso-mundial-de-mediacion\/#article\",\"isPartOf\":{\"@id\":\"https:\/\/www.sonoraenequipo.com.mx\/rector-maria-rita-plancarte-martinez-asiste-al-xxiii-congreso-nacional-y-xix-congreso-mundial-de-mediacion\/\"},\"author\":{\"name\":\"enequipo\",\"@id\":\"https:\/\/www.sonoraenequipo.com.mx\/#\/schema\/person\/50102df0fb23a8fa9e8effad8fa81386\"},\"headline\":\"Rector Mar\u00eda Rita Plancarte Mart\u00ednez asiste al XXIII Congreso Nacional y XIX Congreso Mundial de Mediaci\u00f3n\",\"datePublished\":\"2023-11-08T22:41:56+00:00\",\"dateModified\":\"2023-11-09T00:05:45+00:00\",\"mainEntityOfPage\":{\"@id\":\"https:\/\/www.sonoraenequipo.com.mx\/rector-maria-rita-plancarte-martinez-asiste-al-xxiii-congreso-nacional-y-xix-congreso-mundial-de-mediacion\/\"},\"wordCount\":1077,\"commentCount\":0,\"publisher\":{\"@id\":\"https:\/\/www.sonoraenequipo.com.mx\/#organization\"},\"image\":{\"@id\":\"https:\/\/www.sonoraenequipo.com.mx\/rector-maria-rita-plancarte-martinez-asiste-al-xxiii-congreso-nacional-y-xix-congreso-mundial-de-mediacion\/#primaryimage\"},\"thumbnailUrl\":\"https:\/\/www.sonoraenequipo.com.mx\/storage\/2023\/11\/Congreso-de-mediacion-min-1.jpg\",\"articleSection\":[\"Rep\u00fablica\",\"Sonora\"],\"inLanguage\":\"es\",\"potentialAction\":[{\"@type\":\"CommentAction\",\"name\":\"Comment\",\"target\":[\"https:\/\/www.sonoraenequipo.com.mx\/rector-maria-rita-plancarte-martinez-asiste-al-xxiii-congreso-nacional-y-xix-congreso-mundial-de-mediacion\/#respond\"]}]},{\"@type\":\"WebPage\",\"@id\":\"https:\/\/www.sonoraenequipo.com.mx\/rector-maria-rita-plancarte-martinez-asiste-al-xxiii-congreso-nacional-y-xix-congreso-mundial-de-mediacion\/\",\"url\":\"https:\/\/www.sonoraenequipo.com.mx\/rector-maria-rita-plancarte-martinez-asiste-al-xxiii-congreso-nacional-y-xix-congreso-mundial-de-mediacion\/\",\"name\":\"Sonora en Equipo. Rector Mar\u00eda Rita Plancarte Mart\u00ednez asiste al XXIII Congreso Nacional y XIX Congreso Mundial de Mediaci\u00f3n Rep\u00fablica\",\"isPartOf\":{\"@id\":\"https:\/\/www.sonoraenequipo.com.mx\/#website\"},\"primaryImageOfPage\":{\"@id\":\"https:\/\/www.sonoraenequipo.com.mx\/rector-maria-rita-plancarte-martinez-asiste-al-xxiii-congreso-nacional-y-xix-congreso-mundial-de-mediacion\/#primaryimage\"},\"image\":{\"@id\":\"https:\/\/www.sonoraenequipo.com.mx\/rector-maria-rita-plancarte-martinez-asiste-al-xxiii-congreso-nacional-y-xix-congreso-mundial-de-mediacion\/#primaryimage\"},\"thumbnailUrl\":\"https:\/\/www.sonoraenequipo.com.mx\/storage\/2023\/11\/Congreso-de-mediacion-min-1.jpg\",\"datePublished\":\"2023-11-08T22:41:56+00:00\",\"dateModified\":\"2023-11-09T00:05:45+00:00\",\"description\":\"HERMOSILLO, SONORA. MX. \u2014 Con un llamado a la reflexi\u00f3n sobre la importancia y pertinencia que tiene la mediaci\u00f3n social, la justicia restaurativa en En Sonora en Equipo publicamos toda la informaci\u00f3n de Sonora, M\u00e9xico y el Mundo de manera oportuna y busca que la libertad de expresi\u00f3n sea real. Visita nuestro medio informativo publicado desde Hermosillo, Sonora. %\",\"breadcrumb\":{\"@id\":\"https:\/\/www.sonoraenequipo.com.mx\/rector-maria-rita-plancarte-martinez-asiste-al-xxiii-congreso-nacional-y-xix-congreso-mundial-de-mediacion\/#breadcrumb\"},\"inLanguage\":\"es\",\"potentialAction\":[{\"@type\":\"ReadAction\",\"target\":[\"https:\/\/www.sonoraenequipo.com.mx\/rector-maria-rita-plancarte-martinez-asiste-al-xxiii-congreso-nacional-y-xix-congreso-mundial-de-mediacion\/\"]}]},{\"@type\":\"ImageObject\",\"inLanguage\":\"es\",\"@id\":\"https:\/\/www.sonoraenequipo.com.mx\/rector-maria-rita-plancarte-martinez-asiste-al-xxiii-congreso-nacional-y-xix-congreso-mundial-de-mediacion\/#primaryimage\",\"url\":\"https:\/\/www.sonoraenequipo.com.mx\/storage\/2023\/11\/Congreso-de-mediacion-min-1.jpg\",\"contentUrl\":\"https:\/\/www.sonoraenequipo.com.mx\/storage\/2023\/11\/Congreso-de-mediacion-min-1.jpg\",\"width\":900,\"height\":428},{\"@type\":\"BreadcrumbList\",\"@id\":\"https:\/\/www.sonoraenequipo.com.mx\/rector-maria-rita-plancarte-martinez-asiste-al-xxiii-congreso-nacional-y-xix-congreso-mundial-de-mediacion\/#breadcrumb\",\"itemListElement\":[{\"@type\":\"ListItem\",\"position\":1,\"name\":\"Portada\",\"item\":\"https:\/\/www.sonoraenequipo.com.mx\/\"},{\"@type\":\"ListItem\",\"position\":2,\"name\":\"Rector Mar\u00eda Rita Plancarte Mart\u00ednez asiste al XXIII Congreso Nacional y XIX Congreso Mundial de Mediaci\u00f3n\"}]},{\"@type\":\"WebSite\",\"@id\":\"https:\/\/www.sonoraenequipo.com.mx\/#website\",\"url\":\"https:\/\/www.sonoraenequipo.com.mx\/\",\"name\":\"Sonora en Equipo.\",\"description\":\"Diario en l\u00ednea con Noticias desde Hermosillo, Sonora\",\"publisher\":{\"@id\":\"https:\/\/www.sonoraenequipo.com.mx\/#organization\"},\"potentialAction\":[{\"@type\":\"SearchAction\",\"target\":{\"@type\":\"EntryPoint\",\"urlTemplate\":\"https:\/\/www.sonoraenequipo.com.mx\/?s={search_term_string}\"},\"query-input\":{\"@type\":\"PropertyValueSpecification\",\"valueRequired\":true,\"valueName\":\"search_term_string\"}}],\"inLanguage\":\"es\"},{\"@type\":\"Organization\",\"@id\":\"https:\/\/www.sonoraenequipo.com.mx\/#organization\",\"name\":\"Sonoraenequipo.com.mx\",\"url\":\"https:\/\/www.sonoraenequipo.com.mx\/\",\"logo\":{\"@type\":\"ImageObject\",\"inLanguage\":\"es\",\"@id\":\"https:\/\/www.sonoraenequipo.com.mx\/#\/schema\/logo\/image\/\",\"url\":\"https:\/\/www.sonoraenequipo.com.mx\/storage\/2019\/01\/sonoraenequipo_opt.png\",\"contentUrl\":\"https:\/\/www.sonoraenequipo.com.mx\/storage\/2019\/01\/sonoraenequipo_opt.png\",\"width\":375,\"height\":125,\"caption\":\"Sonoraenequipo.com.mx\"},\"image\":{\"@id\":\"https:\/\/www.sonoraenequipo.com.mx\/#\/schema\/logo\/image\/\"},\"sameAs\":[\"https:\/\/www.facebook.com\/SonoraEE\/\",\"https:\/\/x.com\/sonoraenequipo\",\"https:\/\/www.youtube.com\/channel\/UC338nW-lPEYmJQs4ZABQ1SQ\"]},{\"@type\":\"Person\",\"@id\":\"https:\/\/www.sonoraenequipo.com.mx\/#\/schema\/person\/50102df0fb23a8fa9e8effad8fa81386\",\"name\":\"enequipo\",\"image\":{\"@type\":\"ImageObject\",\"inLanguage\":\"es\",\"@id\":\"https:\/\/www.sonoraenequipo.com.mx\/#\/schema\/person\/image\/\",\"url\":\"https:\/\/secure.gravatar.com\/avatar\/049821681b589dabc0bc20695993ccebb09f5b5d4d790cd9251b97faac7c652b?s=96&d=blank&r=g\",\"contentUrl\":\"https:\/\/secure.gravatar.com\/avatar\/049821681b589dabc0bc20695993ccebb09f5b5d4d790cd9251b97faac7c652b?s=96&d=blank&r=g\",\"caption\":\"enequipo\"},\"sameAs\":[\"https:\/\/www.facebook.com\/SonoraEE\"]}]}<\/script>\n ","yoast_head_json":{"title":"Sonora en Equipo. Rector Mar\u00eda Rita Plancarte Mart\u00ednez asiste al XXIII Congreso Nacional y XIX Congreso Mundial de Mediaci\u00f3n Rep\u00fablica","description":"HERMOSILLO, SONORA. MX. \u2014 Con un llamado a la reflexi\u00f3n sobre la importancia y pertinencia que tiene la mediaci\u00f3n social, la justicia restaurativa en En Sonora en Equipo publicamos toda la informaci\u00f3n de Sonora, M\u00e9xico y el Mundo de manera oportuna y busca que la libertad de expresi\u00f3n sea real. Visita nuestro medio informativo publicado desde Hermosillo, Sonora. %","robots":{"index":"index","follow":"follow","max-snippet":"max-snippet:-1","max-image-preview":"max-image-preview:large","max-video-preview":"max-video-preview:-1"},"canonical":"https:\/\/www.sonoraenequipo.com.mx\/rector-maria-rita-plancarte-martinez-asiste-al-xxiii-congreso-nacional-y-xix-congreso-mundial-de-mediacion\/","og_locale":"es_ES","og_type":"article","og_title":"Sonora en Equipo. Rector Mar\u00eda Rita Plancarte Mart\u00ednez asiste al XXIII Congreso Nacional y XIX Congreso Mundial de Mediaci\u00f3n Rep\u00fablica","og_description":"HERMOSILLO, SONORA. MX. \u2014 Con un llamado a la reflexi\u00f3n sobre la importancia y pertinencia que tiene la mediaci\u00f3n social, la justicia restaurativa en En Sonora en Equipo publicamos toda la informaci\u00f3n de Sonora, M\u00e9xico y el Mundo de manera oportuna y busca que la libertad de expresi\u00f3n sea real. Visita nuestro medio informativo publicado desde Hermosillo, Sonora. %","og_url":"https:\/\/www.sonoraenequipo.com.mx\/rector-maria-rita-plancarte-martinez-asiste-al-xxiii-congreso-nacional-y-xix-congreso-mundial-de-mediacion\/","og_site_name":"Sonora en Equipo.","article_publisher":"https:\/\/www.facebook.com\/SonoraEE\/","article_author":"https:\/\/www.facebook.com\/SonoraEE","article_published_time":"2023-11-08T22:41:56+00:00","article_modified_time":"2023-11-09T00:05:45+00:00","og_image":[{"width":900,"height":428,"url":"https:\/\/www.sonoraenequipo.com.mx\/storage\/2023\/11\/Congreso-de-mediacion-min-1.jpg","type":"image\/jpeg"}],"author":"enequipo","twitter_card":"summary_large_image","twitter_creator":"@sonoraenequipo","twitter_site":"@sonoraenequipo","twitter_misc":{"Escrito por":"enequipo","Tiempo de lectura":"5 minutos"},"schema":{"@context":"https:\/\/schema.org","@graph":[{"@type":"Article","@id":"https:\/\/www.sonoraenequipo.com.mx\/rector-maria-rita-plancarte-martinez-asiste-al-xxiii-congreso-nacional-y-xix-congreso-mundial-de-mediacion\/#article","isPartOf":{"@id":"https:\/\/www.sonoraenequipo.com.mx\/rector-maria-rita-plancarte-martinez-asiste-al-xxiii-congreso-nacional-y-xix-congreso-mundial-de-mediacion\/"},"author":{"name":"enequipo","@id":"https:\/\/www.sonoraenequipo.com.mx\/#\/schema\/person\/50102df0fb23a8fa9e8effad8fa81386"},"headline":"Rector Mar\u00eda Rita Plancarte Mart\u00ednez asiste al XXIII Congreso Nacional y XIX Congreso Mundial de Mediaci\u00f3n","datePublished":"2023-11-08T22:41:56+00:00","dateModified":"2023-11-09T00:05:45+00:00","mainEntityOfPage":{"@id":"https:\/\/www.sonoraenequipo.com.mx\/rector-maria-rita-plancarte-martinez-asiste-al-xxiii-congreso-nacional-y-xix-congreso-mundial-de-mediacion\/"},"wordCount":1077,"commentCount":0,"publisher":{"@id":"https:\/\/www.sonoraenequipo.com.mx\/#organization"},"image":{"@id":"https:\/\/www.sonoraenequipo.com.mx\/rector-maria-rita-plancarte-martinez-asiste-al-xxiii-congreso-nacional-y-xix-congreso-mundial-de-mediacion\/#primaryimage"},"thumbnailUrl":"https:\/\/www.sonoraenequipo.com.mx\/storage\/2023\/11\/Congreso-de-mediacion-min-1.jpg","articleSection":["Rep\u00fablica","Sonora"],"inLanguage":"es","potentialAction":[{"@type":"CommentAction","name":"Comment","target":["https:\/\/www.sonoraenequipo.com.mx\/rector-maria-rita-plancarte-martinez-asiste-al-xxiii-congreso-nacional-y-xix-congreso-mundial-de-mediacion\/#respond"]}]},{"@type":"WebPage","@id":"https:\/\/www.sonoraenequipo.com.mx\/rector-maria-rita-plancarte-martinez-asiste-al-xxiii-congreso-nacional-y-xix-congreso-mundial-de-mediacion\/","url":"https:\/\/www.sonoraenequipo.com.mx\/rector-maria-rita-plancarte-martinez-asiste-al-xxiii-congreso-nacional-y-xix-congreso-mundial-de-mediacion\/","name":"Sonora en Equipo. Rector Mar\u00eda Rita Plancarte Mart\u00ednez asiste al XXIII Congreso Nacional y XIX Congreso Mundial de Mediaci\u00f3n Rep\u00fablica","isPartOf":{"@id":"https:\/\/www.sonoraenequipo.com.mx\/#website"},"primaryImageOfPage":{"@id":"https:\/\/www.sonoraenequipo.com.mx\/rector-maria-rita-plancarte-martinez-asiste-al-xxiii-congreso-nacional-y-xix-congreso-mundial-de-mediacion\/#primaryimage"},"image":{"@id":"https:\/\/www.sonoraenequipo.com.mx\/rector-maria-rita-plancarte-martinez-asiste-al-xxiii-congreso-nacional-y-xix-congreso-mundial-de-mediacion\/#primaryimage"},"thumbnailUrl":"https:\/\/www.sonoraenequipo.com.mx\/storage\/2023\/11\/Congreso-de-mediacion-min-1.jpg","datePublished":"2023-11-08T22:41:56+00:00","dateModified":"2023-11-09T00:05:45+00:00","description":"HERMOSILLO, SONORA. MX. \u2014 Con un llamado a la reflexi\u00f3n sobre la importancia y pertinencia que tiene la mediaci\u00f3n social, la justicia restaurativa en En Sonora en Equipo publicamos toda la informaci\u00f3n de Sonora, M\u00e9xico y el Mundo de manera oportuna y busca que la libertad de expresi\u00f3n sea real. Visita nuestro medio informativo publicado desde Hermosillo, Sonora. %","breadcrumb":{"@id":"https:\/\/www.sonoraenequipo.com.mx\/rector-maria-rita-plancarte-martinez-asiste-al-xxiii-congreso-nacional-y-xix-congreso-mundial-de-mediacion\/#breadcrumb"},"inLanguage":"es","potentialAction":[{"@type":"ReadAction","target":["https:\/\/www.sonoraenequipo.com.mx\/rector-maria-rita-plancarte-martinez-asiste-al-xxiii-congreso-nacional-y-xix-congreso-mundial-de-mediacion\/"]}]},{"@type":"ImageObject","inLanguage":"es","@id":"https:\/\/www.sonoraenequipo.com.mx\/rector-maria-rita-plancarte-martinez-asiste-al-xxiii-congreso-nacional-y-xix-congreso-mundial-de-mediacion\/#primaryimage","url":"https:\/\/www.sonoraenequipo.com.mx\/storage\/2023\/11\/Congreso-de-mediacion-min-1.jpg","contentUrl":"https:\/\/www.sonoraenequipo.com.mx\/storage\/2023\/11\/Congreso-de-mediacion-min-1.jpg","width":900,"height":428},{"@type":"BreadcrumbList","@id":"https:\/\/www.sonoraenequipo.com.mx\/rector-maria-rita-plancarte-martinez-asiste-al-xxiii-congreso-nacional-y-xix-congreso-mundial-de-mediacion\/#breadcrumb","itemListElement":[{"@type":"ListItem","position":1,"name":"Portada","item":"https:\/\/www.sonoraenequipo.com.mx\/"},{"@type":"ListItem","position":2,"name":"Rector Mar\u00eda Rita Plancarte Mart\u00ednez asiste al XXIII Congreso Nacional y XIX Congreso Mundial de Mediaci\u00f3n"}]},{"@type":"WebSite","@id":"https:\/\/www.sonoraenequipo.com.mx\/#website","url":"https:\/\/www.sonoraenequipo.com.mx\/","name":"Sonora en Equipo.","description":"Diario en l\u00ednea con Noticias desde Hermosillo, Sonora","publisher":{"@id":"https:\/\/www.sonoraenequipo.com.mx\/#organization"},"potentialAction":[{"@type":"SearchAction","target":{"@type":"EntryPoint","urlTemplate":"https:\/\/www.sonoraenequipo.com.mx\/?s={search_term_string}"},"query-input":{"@type":"PropertyValueSpecification","valueRequired":true,"valueName":"search_term_string"}}],"inLanguage":"es"},{"@type":"Organization","@id":"https:\/\/www.sonoraenequipo.com.mx\/#organization","name":"Sonoraenequipo.com.mx","url":"https:\/\/www.sonoraenequipo.com.mx\/","logo":{"@type":"ImageObject","inLanguage":"es","@id":"https:\/\/www.sonoraenequipo.com.mx\/#\/schema\/logo\/image\/","url":"https:\/\/www.sonoraenequipo.com.mx\/storage\/2019\/01\/sonoraenequipo_opt.png","contentUrl":"https:\/\/www.sonoraenequipo.com.mx\/storage\/2019\/01\/sonoraenequipo_opt.png","width":375,"height":125,"caption":"Sonoraenequipo.com.mx"},"image":{"@id":"https:\/\/www.sonoraenequipo.com.mx\/#\/schema\/logo\/image\/"},"sameAs":["https:\/\/www.facebook.com\/SonoraEE\/","https:\/\/x.com\/sonoraenequipo","https:\/\/www.youtube.com\/channel\/UC338nW-lPEYmJQs4ZABQ1SQ"]},{"@type":"Person","@id":"https:\/\/www.sonoraenequipo.com.mx\/#\/schema\/person\/50102df0fb23a8fa9e8effad8fa81386","name":"enequipo","image":{"@type":"ImageObject","inLanguage":"es","@id":"https:\/\/www.sonoraenequipo.com.mx\/#\/schema\/person\/image\/","url":"https:\/\/secure.gravatar.com\/avatar\/049821681b589dabc0bc20695993ccebb09f5b5d4d790cd9251b97faac7c652b?s=96&d=blank&r=g","contentUrl":"https:\/\/secure.gravatar.com\/avatar\/049821681b589dabc0bc20695993ccebb09f5b5d4d790cd9251b97faac7c652b?s=96&d=blank&r=g","caption":"enequipo"},"sameAs":["https:\/\/www.facebook.com\/SonoraEE"]}]}},"jetpack_featured_media_url":"https:\/\/www.sonoraenequipo.com.mx\/storage\/2023\/11\/Congreso-de-mediacion-min-1.jpg","_links":{"self":[{"href":"https:\/\/www.sonoraenequipo.com.mx\/api\/wp\/v2\/posts\/178683","targetHints":{"allow":["GET"]}}],"collection":[{"href":"https:\/\/www.sonoraenequipo.com.mx\/api\/wp\/v2\/posts"}],"about":[{"href":"https:\/\/www.sonoraenequipo.com.mx\/api\/wp\/v2\/types\/post"}],"author":[{"embeddable":true,"href":"https:\/\/www.sonoraenequipo.com.mx\/api\/wp\/v2\/users\/1"}],"replies":[{"embeddable":true,"href":"https:\/\/www.sonoraenequipo.com.mx\/api\/wp\/v2\/comments?post=178683"}],"version-history":[{"count":2,"href":"https:\/\/www.sonoraenequipo.com.mx\/api\/wp\/v2\/posts\/178683\/revisions"}],"predecessor-version":[{"id":178686,"href":"https:\/\/www.sonoraenequipo.com.mx\/api\/wp\/v2\/posts\/178683\/revisions\/178686"}],"wp:featuredmedia":[{"embeddable":true,"href":"https:\/\/www.sonoraenequipo.com.mx\/api\/wp\/v2\/media\/178684"}],"wp:attachment":[{"href":"https:\/\/www.sonoraenequipo.com.mx\/api\/wp\/v2\/media?parent=178683"}],"wp:term":[{"taxonomy":"category","embeddable":true,"href":"https:\/\/www.sonoraenequipo.com.mx\/api\/wp\/v2\/categories?post=178683"},{"taxonomy":"post_tag","embeddable":true,"href":"https:\/\/www.sonoraenequipo.com.mx\/api\/wp\/v2\/tags?post=178683"}],"curies":[{"name":"wp","href":"https:\/\/api.w.org\/{rel}","templated":true}]}}