{"id":178687,"date":"2023-11-08T17:27:13","date_gmt":"2023-11-09T00:27:13","guid":{"rendered":"https:\/\/www.sonoraenequipo.com.mx\/?p=178687"},"modified":"2023-11-09T08:45:25","modified_gmt":"2023-11-09T15:45:25","slug":"inicia-simposio-sobre-fiebre-manchada-por-rickettsia-rickettsii","status":"publish","type":"post","link":"https:\/\/www.sonoraenequipo.com.mx\/inicia-simposio-sobre-fiebre-manchada-por-rickettsia-rickettsii\/","title":{"rendered":"Inicia Simposio sobre fiebre manchada por Rickettsia Rickettsii"},"content":{"rendered":"<p><strong>HERMOSILLO, SONORA. MX.<\/strong> \u2014 Desde que esta fiebre manchada por Rickettsia Rickettsii reapareci\u00f3 en M\u00e9xico al inicio del siglo XXI la situaci\u00f3n ha causado preocupaci\u00f3n en la poblaci\u00f3n y, desde entonces, la enfermedad se ha registrado en al menos 25 estados, siendo las entidades del norte las m\u00e1s afectadas y no s\u00f3lo en casos, sino en lo cr\u00edtico de la enfermedad que provoca una elevada mortalidad.<\/p>\n<p>&nbsp;<\/p>\n<p> <\/p>\n<p>&nbsp;<\/p>\n<p>El coordinador General de la Facultad de Ciencias Biol\u00f3gicas y de Salud de esta casa de estudios, Juan Carlos G\u00e1lvez Ruiz, expres\u00f3 lo anterior al inaugurar, junto con Ruy L\u00f3pez Ridaura, subsecretario de la Salud federal, el Simposio \u201cSituaci\u00f3n actual y desaf\u00edos de la fiebre manchada por Rickettsia Rickettsi\u201d.<\/p>\n<p>&nbsp;<\/p>\n<p><em><strong>\u201cSeg\u00fan estad\u00edsticas del a\u00f1o 2022, pr\u00e1cticamente el 100% (el 98% de los casos), la enfermedad se ha reportado en esta regi\u00f3n del pa\u00eds de forma preocupante por el aspecto cr\u00edtico de la enfermedad y que provoca una elevada mortalidad entre quienes la padecen y que var\u00eda entre el 20 al 60%, aun cuando existen medicamentos y acciones terap\u00e9uticas para combatirla\u201d<\/strong><\/em>, expres\u00f3.<\/p>\n<p>&nbsp;<\/p>\n<p>&nbsp;<\/p>\n<p>Tras felicitar al comit\u00e9 organizador por el evento y la calidad de los ponentes y expositores, el funcionario se\u00f1al\u00f3 que, desde que se descubrieron los primeros casos en el 2000 y 2003, los investigadores de la Universidad de Sonora han estado pendientes del desarrollo de esta enfermedad, lo que ha propiciado que se pueda reunir a este grupo de expertos, acad\u00e9micos y autoridades de salud, aprovechando la estrecha relaci\u00f3n del grupo departamental de Medicina de esta casa de estudios y otras instancias de prevenci\u00f3n y control de enfermedades.<\/p>\n<p>&nbsp;<\/p>\n<p>&nbsp;<\/p>\n<p>Dijo estar seguro que los resultados que se obtengan en esta reuni\u00f3n de expertos y de profesionales de la salud sobre la fiebre manchada, seguramente se reflejar\u00e1n en pol\u00edticas p\u00fablicas que beneficien a la mayor\u00eda de la poblaci\u00f3n, tomando en cuenta que esta enfermedad es consecuencia de una compleja red de determinantes biol\u00f3gicos, f\u00edsicos y sociales como se mencion\u00f3.<\/p>\n<p>&nbsp;<\/p>\n<p>Por lo tanto, resalt\u00f3 la importancia de que el comit\u00e9 organizador haya reunido a conferencistas de alta calidad que vienen de instituciones de Estados Unidos, del pa\u00eds y de varias dependencias federales, as\u00ed como de los servicios estatales de salud de Sonora, Baja California, Coahuila, Nuevo Le\u00f3n y Chihuahua, entre otros.<\/p>\n<p>&nbsp;<\/p>\n<p>&nbsp;<\/p>\n<p><em><strong>\u201cEstamos hoy aqu\u00ed refrendando el compromiso de la Universidad de Sonora para con la sociedad de seguir apoyando, desde su posici\u00f3n, el abordaje de esta y otras enfermedades que afectan a la poblaci\u00f3n\u201d<\/strong><\/em>, apunt\u00f3.<\/p>\n<p>&nbsp;<\/p>\n<h3>Contexto de investigaci\u00f3n e informaci\u00f3n para pol\u00edticas p\u00fablicas<\/h3>\n<p>&nbsp;<\/p>\n<p>En este contexto, el subsecretario de Salud federal, Ruy L\u00f3pez Ridaura, agradeci\u00f3 la invitaci\u00f3n y, sobre todo, la presencia y aportaciones al tema de referencia del especialista y acad\u00e9mico de esta casa de estudios, Gerardo \u00c1lvarez Hern\u00e1ndez.<\/p>\n<p>&nbsp;<\/p>\n<p>&nbsp;<\/p>\n<p>Felicit\u00f3 a los organizadores y a los participantes, pues dijo que el evento es de gran trascendencia para la innovaci\u00f3n espec\u00edfica que a veces se requiere para saber los determinantes contextuales y determinantes sociales comunes de ciertas enfermedades.<\/p>\n<p>&nbsp;<\/p>\n<p>&nbsp;<\/p>\n<p><strong><em>\u201cLos felicito por esta visi\u00f3n m\u00e1s amplia del problema, que representa una visi\u00f3n que queremos impulsar desde la operaci\u00f3n de la salud p\u00fablica, en donde uno de los grandes problemas que tenemos es, precisamente, la fragmentaci\u00f3n operativa y en donde en algunos estados los vectores est\u00e1n juntos y en otros est\u00e1n separados\u201d,<\/em> <\/strong>expres\u00f3.<\/p>\n<p>&nbsp;<\/p>\n<p>L\u00f3pez Ridaura se\u00f1al\u00f3 que este Simposio es un espacio justo para el debate y la discusi\u00f3n de c\u00f3mo traducir, escalar e implementar la innovaci\u00f3n que se da en torno a este tipo de enfermedades.<\/p>\n<p>&nbsp;<\/p>\n<p>&nbsp;<\/p>\n<h3>Trabajo conjunto con instituciones de la frontera sur de Estados Unidos<\/h3>\n<p>&nbsp;<\/p>\n<p>&nbsp;<\/p>\n<p>Nirma Bustamante, directora en M\u00e9xico de los Centros de Prevenci\u00f3n y Control de Enfermedades de los Estados Unidos, habl\u00f3 de la importancia del trabajo coordinado que se realiza con instancias de este pa\u00eds buscando abrir m\u00e1s oportunidades para atender y combatir esta enfermedad que est\u00e1 afectando a tanta poblaci\u00f3n, especialmente a la pedi\u00e1trica.<\/p>\n<p>&nbsp;<\/p>\n<p>&nbsp;<\/p>\n<p><em><strong>\u201cEn los Centros de Prevenci\u00f3n y Control, esperamos seguir apoyando y seguir compartiendo la informaci\u00f3n de diagn\u00f3stico y de la capacitaci\u00f3n de laboratorio y vigilancia que hemos estado compartiendo los \u00faltimos a\u00f1os.<\/strong><\/em><\/p>\n<p>&nbsp;<\/p>\n<p>&nbsp;<\/p>\n<p><em><strong>\u201cComo muchos de ustedes saben, esta enfermedad no s\u00f3lo impacta la franja fronteriza del lado americano, y en especial el estado de Arizona, lo que nos indica que podemos seguir compartiendo protocolos para promover el progreso del impacto de esta enfermedad y que podamos aprender mucho m\u00e1s unos de otros\u201d,<\/strong><\/em> asent\u00f3.<\/p>\n<p>&nbsp;<\/p>\n<p>&nbsp;<\/p>\n<p>En este contexto, el secretario de Salud P\u00fablica en Sonora, Jos\u00e9 Luis Alom\u00eda Zegarra, dijo que lo m\u00e1s satisfactorio ha sido el compartir e intercambiar experiencias e informaci\u00f3n con la poblaci\u00f3n acad\u00e9mica activa y joven del estado en temas de enfermedades espec\u00edficas, como lo es la Fiebre Manchada en donde todav\u00eda se tiene mucho por hacer.<\/p>\n<p>&nbsp;<\/p>\n<p>&nbsp;<\/p>\n<p>Refiri\u00f3 que, en los estados del norte y noroeste del pa\u00eds, esta enfermedad es considerada como un verdadero problema de salud y no por el n\u00famero de casos, ya que estar\u00eda hasta debajo de la tabla de enfermedades infectocontagiosas, sino por la letalidad que representa.<\/p>\n<p>&nbsp;<\/p>\n<p>&nbsp;<\/p>\n<p><em><strong>\u201cEs ah\u00ed donde enfocamos a la enfermedad como un problema de salud p\u00fablica, sobre todo, cuando sabemos que podemos llevar a cabo acciones de promoci\u00f3n de la salud y la prevenci\u00f3n espec\u00edfica donde podr\u00edamos realmente incidir en una disminuci\u00f3n de su letalidad\u201d,<\/strong><\/em> afirm\u00f3.<\/p>\n<p>&nbsp;<\/p>\n<p>&nbsp;<\/p>\n<p>El evento se lleva a cabo en el Auditorio del Departamento de Medicina Dr. Alfredo Padilla Barba, y<strong> se transmite por el canal de Facebook de UnisonTV<\/strong><\/p>\n<p>&nbsp;<\/p>\n<p>&nbsp;<\/p>\n<p>PUBLICADO EL 08 NOVIEMBRE DE 2023\/ Con informaci\u00f3n de UNISON)<\/p>\n","protected":false},"excerpt":{"rendered":"<p>HERMOSILLO, SONORA. MX. \u2014 Desde que esta fiebre manchada por Rickettsia Rickettsii reapareci\u00f3 en M\u00e9xico&#8230;<\/p>\n","protected":false},"author":1,"featured_media":178690,"comment_status":"open","ping_status":"open","sticky":false,"template":"","format":"standard","meta":{"_monsterinsights_skip_tracking":false,"_monsterinsights_sitenote_active":false,"_monsterinsights_sitenote_note":"","_monsterinsights_sitenote_category":0,"footnotes":""},"categories":[22],"tags":[],"class_list":["post"],"yoast_head":" \n<title>Sonora en Equipo. Inicia Simposio sobre fiebre manchada por Rickettsia Rickettsii Sonora<\/title>\n<meta name=\"description\" content=\"HERMOSILLO, SONORA. MX. \u2014 Desde que esta fiebre manchada por Rickettsia Rickettsii reapareci\u00f3 en M\u00e9xico al inicio del siglo XXI la situaci\u00f3n ha causado En Sonora en Equipo publicamos toda la informaci\u00f3n de Sonora, M\u00e9xico y el Mundo de manera oportuna y busca que la libertad de expresi\u00f3n sea real. Visita nuestro medio informativo publicado desde Hermosillo, Sonora. %\" \/>\n<meta name=\"robots\" content=\"index, follow, max-snippet:-1, max-image-preview:large, max-video-preview:-1\" \/>\n<link rel=\"canonical\" href=\"https:\/\/www.sonoraenequipo.com.mx\/inicia-simposio-sobre-fiebre-manchada-por-rickettsia-rickettsii\/\" \/>\n<meta property=\"og:locale\" content=\"es_ES\" \/>\n<meta property=\"og:type\" content=\"article\" \/>\n<meta property=\"og:title\" content=\"Sonora en Equipo. Inicia Simposio sobre fiebre manchada por Rickettsia Rickettsii Sonora\" \/>\n<meta property=\"og:description\" content=\"HERMOSILLO, SONORA. MX. \u2014 Desde que esta fiebre manchada por Rickettsia Rickettsii reapareci\u00f3 en M\u00e9xico al inicio del siglo XXI la situaci\u00f3n ha causado En Sonora en Equipo publicamos toda la informaci\u00f3n de Sonora, M\u00e9xico y el Mundo de manera oportuna y busca que la libertad de expresi\u00f3n sea real. Visita nuestro medio informativo publicado desde Hermosillo, Sonora. %\" \/>\n<meta property=\"og:url\" content=\"https:\/\/www.sonoraenequipo.com.mx\/inicia-simposio-sobre-fiebre-manchada-por-rickettsia-rickettsii\/\" \/>\n<meta property=\"og:site_name\" content=\"Sonora en Equipo.\" \/>\n<meta property=\"article:publisher\" content=\"https:\/\/www.facebook.com\/SonoraEE\/\" \/>\n<meta property=\"article:author\" content=\"https:\/\/www.facebook.com\/SonoraEE\" \/>\n<meta property=\"article:published_time\" content=\"2023-11-09T00:27:13+00:00\" \/>\n<meta property=\"article:modified_time\" content=\"2023-11-09T15:45:25+00:00\" \/>\n<meta property=\"og:image\" content=\"https:\/\/www.sonoraenequipo.com.mx\/storage\/2023\/11\/Inicia-Simposio-sobre-fiebre-manchada-por-Rickettsia-Rickettsii-min.jpg\" \/>\n\t<meta property=\"og:image:width\" content=\"800\" \/>\n\t<meta property=\"og:image:height\" content=\"500\" \/>\n\t<meta property=\"og:image:type\" content=\"image\/jpeg\" \/>\n<meta name=\"author\" content=\"enequipo\" \/>\n<meta name=\"twitter:card\" content=\"summary_large_image\" \/>\n<meta name=\"twitter:creator\" content=\"@sonoraenequipo\" \/>\n<meta name=\"twitter:site\" content=\"@sonoraenequipo\" \/>\n<meta name=\"twitter:label1\" content=\"Escrito por\" \/>\n\t<meta name=\"twitter:data1\" content=\"enequipo\" \/>\n\t<meta name=\"twitter:label2\" content=\"Tiempo de lectura\" \/>\n\t<meta name=\"twitter:data2\" content=\"5 minutos\" \/>\n<script type=\"application\/ld+json\" class=\"yoast-schema-graph\">{\"@context\":\"https:\/\/schema.org\",\"@graph\":[{\"@type\":\"Article\",\"@id\":\"https:\/\/www.sonoraenequipo.com.mx\/inicia-simposio-sobre-fiebre-manchada-por-rickettsia-rickettsii\/#article\",\"isPartOf\":{\"@id\":\"https:\/\/www.sonoraenequipo.com.mx\/inicia-simposio-sobre-fiebre-manchada-por-rickettsia-rickettsii\/\"},\"author\":{\"name\":\"enequipo\",\"@id\":\"https:\/\/www.sonoraenequipo.com.mx\/#\/schema\/person\/50102df0fb23a8fa9e8effad8fa81386\"},\"headline\":\"Inicia Simposio sobre fiebre manchada por Rickettsia Rickettsii\",\"datePublished\":\"2023-11-09T00:27:13+00:00\",\"dateModified\":\"2023-11-09T15:45:25+00:00\",\"mainEntityOfPage\":{\"@id\":\"https:\/\/www.sonoraenequipo.com.mx\/inicia-simposio-sobre-fiebre-manchada-por-rickettsia-rickettsii\/\"},\"wordCount\":1029,\"commentCount\":0,\"publisher\":{\"@id\":\"https:\/\/www.sonoraenequipo.com.mx\/#organization\"},\"image\":{\"@id\":\"https:\/\/www.sonoraenequipo.com.mx\/inicia-simposio-sobre-fiebre-manchada-por-rickettsia-rickettsii\/#primaryimage\"},\"thumbnailUrl\":\"https:\/\/www.sonoraenequipo.com.mx\/storage\/2023\/11\/Inicia-Simposio-sobre-fiebre-manchada-por-Rickettsia-Rickettsii-min.jpg\",\"articleSection\":[\"Sonora\"],\"inLanguage\":\"es\",\"potentialAction\":[{\"@type\":\"CommentAction\",\"name\":\"Comment\",\"target\":[\"https:\/\/www.sonoraenequipo.com.mx\/inicia-simposio-sobre-fiebre-manchada-por-rickettsia-rickettsii\/#respond\"]}]},{\"@type\":\"WebPage\",\"@id\":\"https:\/\/www.sonoraenequipo.com.mx\/inicia-simposio-sobre-fiebre-manchada-por-rickettsia-rickettsii\/\",\"url\":\"https:\/\/www.sonoraenequipo.com.mx\/inicia-simposio-sobre-fiebre-manchada-por-rickettsia-rickettsii\/\",\"name\":\"Sonora en Equipo. Inicia Simposio sobre fiebre manchada por Rickettsia Rickettsii Sonora\",\"isPartOf\":{\"@id\":\"https:\/\/www.sonoraenequipo.com.mx\/#website\"},\"primaryImageOfPage\":{\"@id\":\"https:\/\/www.sonoraenequipo.com.mx\/inicia-simposio-sobre-fiebre-manchada-por-rickettsia-rickettsii\/#primaryimage\"},\"image\":{\"@id\":\"https:\/\/www.sonoraenequipo.com.mx\/inicia-simposio-sobre-fiebre-manchada-por-rickettsia-rickettsii\/#primaryimage\"},\"thumbnailUrl\":\"https:\/\/www.sonoraenequipo.com.mx\/storage\/2023\/11\/Inicia-Simposio-sobre-fiebre-manchada-por-Rickettsia-Rickettsii-min.jpg\",\"datePublished\":\"2023-11-09T00:27:13+00:00\",\"dateModified\":\"2023-11-09T15:45:25+00:00\",\"description\":\"HERMOSILLO, SONORA. MX. \u2014 Desde que esta fiebre manchada por Rickettsia Rickettsii reapareci\u00f3 en M\u00e9xico al inicio del siglo XXI la situaci\u00f3n ha causado En Sonora en Equipo publicamos toda la informaci\u00f3n de Sonora, M\u00e9xico y el Mundo de manera oportuna y busca que la libertad de expresi\u00f3n sea real. Visita nuestro medio informativo publicado desde Hermosillo, Sonora. %\",\"breadcrumb\":{\"@id\":\"https:\/\/www.sonoraenequipo.com.mx\/inicia-simposio-sobre-fiebre-manchada-por-rickettsia-rickettsii\/#breadcrumb\"},\"inLanguage\":\"es\",\"potentialAction\":[{\"@type\":\"ReadAction\",\"target\":[\"https:\/\/www.sonoraenequipo.com.mx\/inicia-simposio-sobre-fiebre-manchada-por-rickettsia-rickettsii\/\"]}]},{\"@type\":\"ImageObject\",\"inLanguage\":\"es\",\"@id\":\"https:\/\/www.sonoraenequipo.com.mx\/inicia-simposio-sobre-fiebre-manchada-por-rickettsia-rickettsii\/#primaryimage\",\"url\":\"https:\/\/www.sonoraenequipo.com.mx\/storage\/2023\/11\/Inicia-Simposio-sobre-fiebre-manchada-por-Rickettsia-Rickettsii-min.jpg\",\"contentUrl\":\"https:\/\/www.sonoraenequipo.com.mx\/storage\/2023\/11\/Inicia-Simposio-sobre-fiebre-manchada-por-Rickettsia-Rickettsii-min.jpg\",\"width\":800,\"height\":500},{\"@type\":\"BreadcrumbList\",\"@id\":\"https:\/\/www.sonoraenequipo.com.mx\/inicia-simposio-sobre-fiebre-manchada-por-rickettsia-rickettsii\/#breadcrumb\",\"itemListElement\":[{\"@type\":\"ListItem\",\"position\":1,\"name\":\"Portada\",\"item\":\"https:\/\/www.sonoraenequipo.com.mx\/\"},{\"@type\":\"ListItem\",\"position\":2,\"name\":\"Inicia Simposio sobre fiebre manchada por Rickettsia Rickettsii\"}]},{\"@type\":\"WebSite\",\"@id\":\"https:\/\/www.sonoraenequipo.com.mx\/#website\",\"url\":\"https:\/\/www.sonoraenequipo.com.mx\/\",\"name\":\"Sonora en Equipo.\",\"description\":\"Diario en l\u00ednea con Noticias desde Hermosillo, Sonora\",\"publisher\":{\"@id\":\"https:\/\/www.sonoraenequipo.com.mx\/#organization\"},\"potentialAction\":[{\"@type\":\"SearchAction\",\"target\":{\"@type\":\"EntryPoint\",\"urlTemplate\":\"https:\/\/www.sonoraenequipo.com.mx\/?s={search_term_string}\"},\"query-input\":{\"@type\":\"PropertyValueSpecification\",\"valueRequired\":true,\"valueName\":\"search_term_string\"}}],\"inLanguage\":\"es\"},{\"@type\":\"Organization\",\"@id\":\"https:\/\/www.sonoraenequipo.com.mx\/#organization\",\"name\":\"Sonoraenequipo.com.mx\",\"url\":\"https:\/\/www.sonoraenequipo.com.mx\/\",\"logo\":{\"@type\":\"ImageObject\",\"inLanguage\":\"es\",\"@id\":\"https:\/\/www.sonoraenequipo.com.mx\/#\/schema\/logo\/image\/\",\"url\":\"https:\/\/www.sonoraenequipo.com.mx\/storage\/2019\/01\/sonoraenequipo_opt.png\",\"contentUrl\":\"https:\/\/www.sonoraenequipo.com.mx\/storage\/2019\/01\/sonoraenequipo_opt.png\",\"width\":375,\"height\":125,\"caption\":\"Sonoraenequipo.com.mx\"},\"image\":{\"@id\":\"https:\/\/www.sonoraenequipo.com.mx\/#\/schema\/logo\/image\/\"},\"sameAs\":[\"https:\/\/www.facebook.com\/SonoraEE\/\",\"https:\/\/x.com\/sonoraenequipo\",\"https:\/\/www.youtube.com\/channel\/UC338nW-lPEYmJQs4ZABQ1SQ\"]},{\"@type\":\"Person\",\"@id\":\"https:\/\/www.sonoraenequipo.com.mx\/#\/schema\/person\/50102df0fb23a8fa9e8effad8fa81386\",\"name\":\"enequipo\",\"image\":{\"@type\":\"ImageObject\",\"inLanguage\":\"es\",\"@id\":\"https:\/\/www.sonoraenequipo.com.mx\/#\/schema\/person\/image\/\",\"url\":\"https:\/\/secure.gravatar.com\/avatar\/049821681b589dabc0bc20695993ccebb09f5b5d4d790cd9251b97faac7c652b?s=96&d=blank&r=g\",\"contentUrl\":\"https:\/\/secure.gravatar.com\/avatar\/049821681b589dabc0bc20695993ccebb09f5b5d4d790cd9251b97faac7c652b?s=96&d=blank&r=g\",\"caption\":\"enequipo\"},\"sameAs\":[\"https:\/\/www.facebook.com\/SonoraEE\"]}]}<\/script>\n ","yoast_head_json":{"title":"Sonora en Equipo. Inicia Simposio sobre fiebre manchada por Rickettsia Rickettsii Sonora","description":"HERMOSILLO, SONORA. MX. \u2014 Desde que esta fiebre manchada por Rickettsia Rickettsii reapareci\u00f3 en M\u00e9xico al inicio del siglo XXI la situaci\u00f3n ha causado En Sonora en Equipo publicamos toda la informaci\u00f3n de Sonora, M\u00e9xico y el Mundo de manera oportuna y busca que la libertad de expresi\u00f3n sea real. Visita nuestro medio informativo publicado desde Hermosillo, Sonora. %","robots":{"index":"index","follow":"follow","max-snippet":"max-snippet:-1","max-image-preview":"max-image-preview:large","max-video-preview":"max-video-preview:-1"},"canonical":"https:\/\/www.sonoraenequipo.com.mx\/inicia-simposio-sobre-fiebre-manchada-por-rickettsia-rickettsii\/","og_locale":"es_ES","og_type":"article","og_title":"Sonora en Equipo. Inicia Simposio sobre fiebre manchada por Rickettsia Rickettsii Sonora","og_description":"HERMOSILLO, SONORA. MX. \u2014 Desde que esta fiebre manchada por Rickettsia Rickettsii reapareci\u00f3 en M\u00e9xico al inicio del siglo XXI la situaci\u00f3n ha causado En Sonora en Equipo publicamos toda la informaci\u00f3n de Sonora, M\u00e9xico y el Mundo de manera oportuna y busca que la libertad de expresi\u00f3n sea real. Visita nuestro medio informativo publicado desde Hermosillo, Sonora. %","og_url":"https:\/\/www.sonoraenequipo.com.mx\/inicia-simposio-sobre-fiebre-manchada-por-rickettsia-rickettsii\/","og_site_name":"Sonora en Equipo.","article_publisher":"https:\/\/www.facebook.com\/SonoraEE\/","article_author":"https:\/\/www.facebook.com\/SonoraEE","article_published_time":"2023-11-09T00:27:13+00:00","article_modified_time":"2023-11-09T15:45:25+00:00","og_image":[{"width":800,"height":500,"url":"https:\/\/www.sonoraenequipo.com.mx\/storage\/2023\/11\/Inicia-Simposio-sobre-fiebre-manchada-por-Rickettsia-Rickettsii-min.jpg","type":"image\/jpeg"}],"author":"enequipo","twitter_card":"summary_large_image","twitter_creator":"@sonoraenequipo","twitter_site":"@sonoraenequipo","twitter_misc":{"Escrito por":"enequipo","Tiempo de lectura":"5 minutos"},"schema":{"@context":"https:\/\/schema.org","@graph":[{"@type":"Article","@id":"https:\/\/www.sonoraenequipo.com.mx\/inicia-simposio-sobre-fiebre-manchada-por-rickettsia-rickettsii\/#article","isPartOf":{"@id":"https:\/\/www.sonoraenequipo.com.mx\/inicia-simposio-sobre-fiebre-manchada-por-rickettsia-rickettsii\/"},"author":{"name":"enequipo","@id":"https:\/\/www.sonoraenequipo.com.mx\/#\/schema\/person\/50102df0fb23a8fa9e8effad8fa81386"},"headline":"Inicia Simposio sobre fiebre manchada por Rickettsia Rickettsii","datePublished":"2023-11-09T00:27:13+00:00","dateModified":"2023-11-09T15:45:25+00:00","mainEntityOfPage":{"@id":"https:\/\/www.sonoraenequipo.com.mx\/inicia-simposio-sobre-fiebre-manchada-por-rickettsia-rickettsii\/"},"wordCount":1029,"commentCount":0,"publisher":{"@id":"https:\/\/www.sonoraenequipo.com.mx\/#organization"},"image":{"@id":"https:\/\/www.sonoraenequipo.com.mx\/inicia-simposio-sobre-fiebre-manchada-por-rickettsia-rickettsii\/#primaryimage"},"thumbnailUrl":"https:\/\/www.sonoraenequipo.com.mx\/storage\/2023\/11\/Inicia-Simposio-sobre-fiebre-manchada-por-Rickettsia-Rickettsii-min.jpg","articleSection":["Sonora"],"inLanguage":"es","potentialAction":[{"@type":"CommentAction","name":"Comment","target":["https:\/\/www.sonoraenequipo.com.mx\/inicia-simposio-sobre-fiebre-manchada-por-rickettsia-rickettsii\/#respond"]}]},{"@type":"WebPage","@id":"https:\/\/www.sonoraenequipo.com.mx\/inicia-simposio-sobre-fiebre-manchada-por-rickettsia-rickettsii\/","url":"https:\/\/www.sonoraenequipo.com.mx\/inicia-simposio-sobre-fiebre-manchada-por-rickettsia-rickettsii\/","name":"Sonora en Equipo. Inicia Simposio sobre fiebre manchada por Rickettsia Rickettsii Sonora","isPartOf":{"@id":"https:\/\/www.sonoraenequipo.com.mx\/#website"},"primaryImageOfPage":{"@id":"https:\/\/www.sonoraenequipo.com.mx\/inicia-simposio-sobre-fiebre-manchada-por-rickettsia-rickettsii\/#primaryimage"},"image":{"@id":"https:\/\/www.sonoraenequipo.com.mx\/inicia-simposio-sobre-fiebre-manchada-por-rickettsia-rickettsii\/#primaryimage"},"thumbnailUrl":"https:\/\/www.sonoraenequipo.com.mx\/storage\/2023\/11\/Inicia-Simposio-sobre-fiebre-manchada-por-Rickettsia-Rickettsii-min.jpg","datePublished":"2023-11-09T00:27:13+00:00","dateModified":"2023-11-09T15:45:25+00:00","description":"HERMOSILLO, SONORA. MX. \u2014 Desde que esta fiebre manchada por Rickettsia Rickettsii reapareci\u00f3 en M\u00e9xico al inicio del siglo XXI la situaci\u00f3n ha causado En Sonora en Equipo publicamos toda la informaci\u00f3n de Sonora, M\u00e9xico y el Mundo de manera oportuna y busca que la libertad de expresi\u00f3n sea real. Visita nuestro medio informativo publicado desde Hermosillo, Sonora. %","breadcrumb":{"@id":"https:\/\/www.sonoraenequipo.com.mx\/inicia-simposio-sobre-fiebre-manchada-por-rickettsia-rickettsii\/#breadcrumb"},"inLanguage":"es","potentialAction":[{"@type":"ReadAction","target":["https:\/\/www.sonoraenequipo.com.mx\/inicia-simposio-sobre-fiebre-manchada-por-rickettsia-rickettsii\/"]}]},{"@type":"ImageObject","inLanguage":"es","@id":"https:\/\/www.sonoraenequipo.com.mx\/inicia-simposio-sobre-fiebre-manchada-por-rickettsia-rickettsii\/#primaryimage","url":"https:\/\/www.sonoraenequipo.com.mx\/storage\/2023\/11\/Inicia-Simposio-sobre-fiebre-manchada-por-Rickettsia-Rickettsii-min.jpg","contentUrl":"https:\/\/www.sonoraenequipo.com.mx\/storage\/2023\/11\/Inicia-Simposio-sobre-fiebre-manchada-por-Rickettsia-Rickettsii-min.jpg","width":800,"height":500},{"@type":"BreadcrumbList","@id":"https:\/\/www.sonoraenequipo.com.mx\/inicia-simposio-sobre-fiebre-manchada-por-rickettsia-rickettsii\/#breadcrumb","itemListElement":[{"@type":"ListItem","position":1,"name":"Portada","item":"https:\/\/www.sonoraenequipo.com.mx\/"},{"@type":"ListItem","position":2,"name":"Inicia Simposio sobre fiebre manchada por Rickettsia Rickettsii"}]},{"@type":"WebSite","@id":"https:\/\/www.sonoraenequipo.com.mx\/#website","url":"https:\/\/www.sonoraenequipo.com.mx\/","name":"Sonora en Equipo.","description":"Diario en l\u00ednea con Noticias desde Hermosillo, Sonora","publisher":{"@id":"https:\/\/www.sonoraenequipo.com.mx\/#organization"},"potentialAction":[{"@type":"SearchAction","target":{"@type":"EntryPoint","urlTemplate":"https:\/\/www.sonoraenequipo.com.mx\/?s={search_term_string}"},"query-input":{"@type":"PropertyValueSpecification","valueRequired":true,"valueName":"search_term_string"}}],"inLanguage":"es"},{"@type":"Organization","@id":"https:\/\/www.sonoraenequipo.com.mx\/#organization","name":"Sonoraenequipo.com.mx","url":"https:\/\/www.sonoraenequipo.com.mx\/","logo":{"@type":"ImageObject","inLanguage":"es","@id":"https:\/\/www.sonoraenequipo.com.mx\/#\/schema\/logo\/image\/","url":"https:\/\/www.sonoraenequipo.com.mx\/storage\/2019\/01\/sonoraenequipo_opt.png","contentUrl":"https:\/\/www.sonoraenequipo.com.mx\/storage\/2019\/01\/sonoraenequipo_opt.png","width":375,"height":125,"caption":"Sonoraenequipo.com.mx"},"image":{"@id":"https:\/\/www.sonoraenequipo.com.mx\/#\/schema\/logo\/image\/"},"sameAs":["https:\/\/www.facebook.com\/SonoraEE\/","https:\/\/x.com\/sonoraenequipo","https:\/\/www.youtube.com\/channel\/UC338nW-lPEYmJQs4ZABQ1SQ"]},{"@type":"Person","@id":"https:\/\/www.sonoraenequipo.com.mx\/#\/schema\/person\/50102df0fb23a8fa9e8effad8fa81386","name":"enequipo","image":{"@type":"ImageObject","inLanguage":"es","@id":"https:\/\/www.sonoraenequipo.com.mx\/#\/schema\/person\/image\/","url":"https:\/\/secure.gravatar.com\/avatar\/049821681b589dabc0bc20695993ccebb09f5b5d4d790cd9251b97faac7c652b?s=96&d=blank&r=g","contentUrl":"https:\/\/secure.gravatar.com\/avatar\/049821681b589dabc0bc20695993ccebb09f5b5d4d790cd9251b97faac7c652b?s=96&d=blank&r=g","caption":"enequipo"},"sameAs":["https:\/\/www.facebook.com\/SonoraEE"]}]}},"jetpack_featured_media_url":"https:\/\/www.sonoraenequipo.com.mx\/storage\/2023\/11\/Inicia-Simposio-sobre-fiebre-manchada-por-Rickettsia-Rickettsii-min.jpg","_links":{"self":[{"href":"https:\/\/www.sonoraenequipo.com.mx\/api\/wp\/v2\/posts\/178687","targetHints":{"allow":["GET"]}}],"collection":[{"href":"https:\/\/www.sonoraenequipo.com.mx\/api\/wp\/v2\/posts"}],"about":[{"href":"https:\/\/www.sonoraenequipo.com.mx\/api\/wp\/v2\/types\/post"}],"author":[{"embeddable":true,"href":"https:\/\/www.sonoraenequipo.com.mx\/api\/wp\/v2\/users\/1"}],"replies":[{"embeddable":true,"href":"https:\/\/www.sonoraenequipo.com.mx\/api\/wp\/v2\/comments?post=178687"}],"version-history":[{"count":4,"href":"https:\/\/www.sonoraenequipo.com.mx\/api\/wp\/v2\/posts\/178687\/revisions"}],"predecessor-version":[{"id":178694,"href":"https:\/\/www.sonoraenequipo.com.mx\/api\/wp\/v2\/posts\/178687\/revisions\/178694"}],"wp:featuredmedia":[{"embeddable":true,"href":"https:\/\/www.sonoraenequipo.com.mx\/api\/wp\/v2\/media\/178690"}],"wp:attachment":[{"href":"https:\/\/www.sonoraenequipo.com.mx\/api\/wp\/v2\/media?parent=178687"}],"wp:term":[{"taxonomy":"category","embeddable":true,"href":"https:\/\/www.sonoraenequipo.com.mx\/api\/wp\/v2\/categories?post=178687"},{"taxonomy":"post_tag","embeddable":true,"href":"https:\/\/www.sonoraenequipo.com.mx\/api\/wp\/v2\/tags?post=178687"}],"curies":[{"name":"wp","href":"https:\/\/api.w.org\/{rel}","templated":true}]}}