{"id":178695,"date":"2023-11-08T10:05:27","date_gmt":"2023-11-08T17:05:27","guid":{"rendered":"https:\/\/www.sonoraenequipo.com.mx\/?p=178695"},"modified":"2023-11-08T17:22:19","modified_gmt":"2023-11-09T00:22:19","slug":"regresara-servicio-de-trenes-de-pasajeros-a-mexico-vias-ferreas-se-compartiran-con-modalidad-de-carga","status":"publish","type":"post","link":"https:\/\/www.sonoraenequipo.com.mx\/regresara-servicio-de-trenes-de-pasajeros-a-mexico-vias-ferreas-se-compartiran-con-modalidad-de-carga\/","title":{"rendered":"Regresar\u00e1 servicio de trenes de pasajeros a M\u00e9xico; v\u00edas f\u00e9rreas se compartir\u00e1n con modalidad de carga"},"content":{"rendered":"<p><strong>CIUDAD DE M\u00c9XICO. MX. \u2014<\/strong> El presidente Andr\u00e9s Manuel L\u00f3pez Obrador anunci\u00f3 que alista un decreto con el objetivo de destinar alrededor de 20 mil kil\u00f3metros de v\u00edas f\u00e9rreas al servicio de pasajeros; actualmente son utilizadas por trenes de carga.<\/p>\n<p>&nbsp;<\/p>\n<p> <\/p>\n<p>\u201cSi el Estado mexicano en beneficio del pueblo considera necesario restablecer el servicio de trenes de pasajeros, puede hacerlo en cualquier momento. (\u2026) Est\u00e1 en la Constituci\u00f3n y en la ley, es nada m\u00e1s hacer uso del derecho que tenemos para que se utilice toda esa infraestructura en beneficio del pueblo de M\u00e9xico, entonces voy a dar a conocer antes del d\u00eda de 20 de noviembre el decreto\u201d, explic\u00f3.<\/p>\n<p>&nbsp;<\/p>\n<p>En conferencia de prensa matutina inform\u00f3 que el Gobierno de M\u00e9xico convocar\u00e1 de manera preferente a los actuales concesionarios de v\u00edas f\u00e9rreas a sumarse a este esfuerzo de devolver el servicio de pasajeros a partir de la presentaci\u00f3n de proyectos formales.<\/p>\n<p>&nbsp;<\/p>\n<p>\u201cVamos a darle primero la preferencia a quienes ya tienen las concesiones de trenes de carga para que, en un tiempo razonable, nos presenten un proyecto y se conviertan esas v\u00edas que se utilizan para trenes de carga, desde luego, mediante su reparaci\u00f3n, modernizaci\u00f3n, electrificaci\u00f3n, porque nos va a ayudar mucho a enfrentar el problema de la contaminaci\u00f3n\u201d, subray\u00f3.<\/p>\n<p>&nbsp;<\/p>\n<p>En caso de no participar en esta iniciativa, dijo, el Estado mexicano directamente iniciar\u00e1 un programa orientado a la adquisici\u00f3n y administraci\u00f3n de los trenes de pasajeros, utilizando las mismas v\u00edas con el objetivo de hacer que vuelva el servicio de trenes a M\u00e9xico.<\/p>\n<p>&nbsp;<\/p>\n<p>De acuerdo con informaci\u00f3n de la Secretar\u00eda de Infraestructura, Comunicaciones y Transportes y la Agencia Reguladora del Transporte Ferroviario, las principales empresas asignatarias y concesionarias en el pa\u00eds son: Kansas City Southern de M\u00e9xico, Ferromex, Ferrosur y Ferrovalle.<\/p>\n<p>&nbsp;<\/p>\n<p>El mandatario estim\u00f3 que las empresas concesionarias tendr\u00e1n hasta enero para demostrar inter\u00e9s y compromiso. Los trenes de pasajeros, dijo, legalmente tienen prioridad en horarios.<\/p>\n<p>&nbsp;<\/p>\n<p>\u201c\u00bfQu\u00e9 ventajas tenemos pensando en el transporte hacia el futuro? Que se tienen todos los derechos de v\u00eda, ya no hay que abrir ning\u00fan tramo, no hay que afectar ninguna zona de humedales; ya es por donde han pasado los ferrocarriles desde hace m\u00e1s de 100 a\u00f1os\u201d, abund\u00f3.<\/p>\n<p>&nbsp;<\/p>\n<p>En el Sal\u00f3n de la Tesorer\u00eda de Palacio Nacional reiter\u00f3 que el Gobierno de la Cuarta Transformaci\u00f3n heredar\u00e1 al pueblo de M\u00e9xico m\u00e1s de tres mil kil\u00f3metros de v\u00edas de trenes de pasajeros a trav\u00e9s de la construcci\u00f3n del Tren Maya y la rehabilitaci\u00f3n del Ferrocarril del Istmo de Tehuantepec tras la privatizaci\u00f3n de este servicio en el sexenio de Ernesto Zedillo (1994-2000).<\/p>\n<p>&nbsp;<\/p>\n<p>Los trenes de pasajeros, mencion\u00f3, representan una alternativa c\u00f3moda y de bajo costo, por lo que la federaci\u00f3n recupera la ingenier\u00eda ferroviaria que qued\u00f3 en el olvido por d\u00e9cadas. Este 2023 se cumplen 150 a\u00f1os de la inauguraci\u00f3n del primer tren de pasajeros de M\u00e9xico a Veracruz, record\u00f3.<\/p>\n<p>&nbsp;<\/p>\n<p>\u201cEs un a\u00f1o hist\u00f3rico y estos tecn\u00f3cratas irresponsables, corruptos, acabaron en un abrir y cerrar de ojos con los trenes de pasajeros, entonces queremos que se pueda viajar desde Canc\u00fan hasta la Ciudad de M\u00e9xico en tren; de la Ciudad de M\u00e9xico a Guadalajara, a Nayarit, a Sinaloa, Sonora hasta la frontera; de la Ciudad de M\u00e9xico a Quer\u00e9taro, San Luis Potos\u00ed, Monterrey hasta Nuevo Laredo; de la Ciudad de M\u00e9xico hasta Chihuahua en tren\u201d, remarc\u00f3.<\/p>\n<p>&nbsp;<\/p>\n<p>&nbsp;<\/p>\n<p>PUBLICADO EL 08 NOVIEMBRE DE 2023\/ Con informaci\u00f3n de Conferencia matutina presidencial)<\/p>\n","protected":false},"excerpt":{"rendered":"<p>CIUDAD DE M\u00c9XICO. MX. \u2014 El presidente Andr\u00e9s Manuel L\u00f3pez Obrador anunci\u00f3 que alista un&#8230;<\/p>\n","protected":false},"author":1,"featured_media":178696,"comment_status":"open","ping_status":"open","sticky":false,"template":"","format":"standard","meta":{"_monsterinsights_skip_tracking":false,"_monsterinsights_sitenote_active":false,"_monsterinsights_sitenote_note":"","_monsterinsights_sitenote_category":0,"footnotes":""},"categories":[5],"tags":[],"class_list":["post"],"yoast_head":" \n<title>Sonora en Equipo. Regresar\u00e1 servicio de trenes de pasajeros a M\u00e9xico; v\u00edas f\u00e9rreas se compartir\u00e1n con modalidad de carga Rep\u00fablica<\/title>\n<meta name=\"description\" content=\"CIUDAD DE M\u00c9XICO. MX. \u2014 El presidente Andr\u00e9s Manuel L\u00f3pez Obrador anunci\u00f3 que alista un decreto con el objetivo de destinar alrededor de 20 mil kil\u00f3metros En Sonora en Equipo publicamos toda la informaci\u00f3n de Sonora, M\u00e9xico y el Mundo de manera oportuna y busca que la libertad de expresi\u00f3n sea real. Visita nuestro medio informativo publicado desde Hermosillo, Sonora. %\" \/>\n<meta name=\"robots\" content=\"index, follow, max-snippet:-1, max-image-preview:large, max-video-preview:-1\" \/>\n<link rel=\"canonical\" href=\"https:\/\/www.sonoraenequipo.com.mx\/regresara-servicio-de-trenes-de-pasajeros-a-mexico-vias-ferreas-se-compartiran-con-modalidad-de-carga\/\" \/>\n<meta property=\"og:locale\" content=\"es_ES\" \/>\n<meta property=\"og:type\" content=\"article\" \/>\n<meta property=\"og:title\" content=\"Sonora en Equipo. Regresar\u00e1 servicio de trenes de pasajeros a M\u00e9xico; v\u00edas f\u00e9rreas se compartir\u00e1n con modalidad de carga Rep\u00fablica\" \/>\n<meta property=\"og:description\" content=\"CIUDAD DE M\u00c9XICO. MX. \u2014 El presidente Andr\u00e9s Manuel L\u00f3pez Obrador anunci\u00f3 que alista un decreto con el objetivo de destinar alrededor de 20 mil kil\u00f3metros En Sonora en Equipo publicamos toda la informaci\u00f3n de Sonora, M\u00e9xico y el Mundo de manera oportuna y busca que la libertad de expresi\u00f3n sea real. Visita nuestro medio informativo publicado desde Hermosillo, Sonora. %\" \/>\n<meta property=\"og:url\" content=\"https:\/\/www.sonoraenequipo.com.mx\/regresara-servicio-de-trenes-de-pasajeros-a-mexico-vias-ferreas-se-compartiran-con-modalidad-de-carga\/\" \/>\n<meta property=\"og:site_name\" content=\"Sonora en Equipo.\" \/>\n<meta property=\"article:publisher\" content=\"https:\/\/www.facebook.com\/SonoraEE\/\" \/>\n<meta property=\"article:author\" content=\"https:\/\/www.facebook.com\/SonoraEE\" \/>\n<meta property=\"article:published_time\" content=\"2023-11-08T17:05:27+00:00\" \/>\n<meta property=\"article:modified_time\" content=\"2023-11-09T00:22:19+00:00\" \/>\n<meta property=\"og:image\" content=\"https:\/\/www.sonoraenequipo.com.mx\/storage\/2023\/11\/habra-tren-de-pasajeros-en-todo-el-pais-0811.2023...-min.jpg\" \/>\n\t<meta property=\"og:image:width\" content=\"900\" \/>\n\t<meta property=\"og:image:height\" content=\"599\" \/>\n\t<meta property=\"og:image:type\" content=\"image\/jpeg\" \/>\n<meta name=\"author\" content=\"enequipo\" \/>\n<meta name=\"twitter:card\" content=\"summary_large_image\" \/>\n<meta name=\"twitter:creator\" content=\"@sonoraenequipo\" \/>\n<meta name=\"twitter:site\" content=\"@sonoraenequipo\" \/>\n<meta name=\"twitter:label1\" content=\"Escrito por\" \/>\n\t<meta name=\"twitter:data1\" content=\"enequipo\" \/>\n\t<meta name=\"twitter:label2\" content=\"Tiempo de lectura\" \/>\n\t<meta name=\"twitter:data2\" content=\"3 minutos\" \/>\n<script type=\"application\/ld+json\" class=\"yoast-schema-graph\">{\"@context\":\"https:\/\/schema.org\",\"@graph\":[{\"@type\":\"Article\",\"@id\":\"https:\/\/www.sonoraenequipo.com.mx\/regresara-servicio-de-trenes-de-pasajeros-a-mexico-vias-ferreas-se-compartiran-con-modalidad-de-carga\/#article\",\"isPartOf\":{\"@id\":\"https:\/\/www.sonoraenequipo.com.mx\/regresara-servicio-de-trenes-de-pasajeros-a-mexico-vias-ferreas-se-compartiran-con-modalidad-de-carga\/\"},\"author\":{\"name\":\"enequipo\",\"@id\":\"https:\/\/www.sonoraenequipo.com.mx\/#\/schema\/person\/50102df0fb23a8fa9e8effad8fa81386\"},\"headline\":\"Regresar\u00e1 servicio de trenes de pasajeros a M\u00e9xico; v\u00edas f\u00e9rreas se compartir\u00e1n con modalidad de carga\",\"datePublished\":\"2023-11-08T17:05:27+00:00\",\"dateModified\":\"2023-11-09T00:22:19+00:00\",\"mainEntityOfPage\":{\"@id\":\"https:\/\/www.sonoraenequipo.com.mx\/regresara-servicio-de-trenes-de-pasajeros-a-mexico-vias-ferreas-se-compartiran-con-modalidad-de-carga\/\"},\"wordCount\":647,\"commentCount\":0,\"publisher\":{\"@id\":\"https:\/\/www.sonoraenequipo.com.mx\/#organization\"},\"image\":{\"@id\":\"https:\/\/www.sonoraenequipo.com.mx\/regresara-servicio-de-trenes-de-pasajeros-a-mexico-vias-ferreas-se-compartiran-con-modalidad-de-carga\/#primaryimage\"},\"thumbnailUrl\":\"https:\/\/www.sonoraenequipo.com.mx\/storage\/2023\/11\/habra-tren-de-pasajeros-en-todo-el-pais-0811.2023...-min.jpg\",\"articleSection\":[\"Rep\u00fablica\"],\"inLanguage\":\"es\",\"potentialAction\":[{\"@type\":\"CommentAction\",\"name\":\"Comment\",\"target\":[\"https:\/\/www.sonoraenequipo.com.mx\/regresara-servicio-de-trenes-de-pasajeros-a-mexico-vias-ferreas-se-compartiran-con-modalidad-de-carga\/#respond\"]}]},{\"@type\":\"WebPage\",\"@id\":\"https:\/\/www.sonoraenequipo.com.mx\/regresara-servicio-de-trenes-de-pasajeros-a-mexico-vias-ferreas-se-compartiran-con-modalidad-de-carga\/\",\"url\":\"https:\/\/www.sonoraenequipo.com.mx\/regresara-servicio-de-trenes-de-pasajeros-a-mexico-vias-ferreas-se-compartiran-con-modalidad-de-carga\/\",\"name\":\"Sonora en Equipo. Regresar\u00e1 servicio de trenes de pasajeros a M\u00e9xico; v\u00edas f\u00e9rreas se compartir\u00e1n con modalidad de carga Rep\u00fablica\",\"isPartOf\":{\"@id\":\"https:\/\/www.sonoraenequipo.com.mx\/#website\"},\"primaryImageOfPage\":{\"@id\":\"https:\/\/www.sonoraenequipo.com.mx\/regresara-servicio-de-trenes-de-pasajeros-a-mexico-vias-ferreas-se-compartiran-con-modalidad-de-carga\/#primaryimage\"},\"image\":{\"@id\":\"https:\/\/www.sonoraenequipo.com.mx\/regresara-servicio-de-trenes-de-pasajeros-a-mexico-vias-ferreas-se-compartiran-con-modalidad-de-carga\/#primaryimage\"},\"thumbnailUrl\":\"https:\/\/www.sonoraenequipo.com.mx\/storage\/2023\/11\/habra-tren-de-pasajeros-en-todo-el-pais-0811.2023...-min.jpg\",\"datePublished\":\"2023-11-08T17:05:27+00:00\",\"dateModified\":\"2023-11-09T00:22:19+00:00\",\"description\":\"CIUDAD DE M\u00c9XICO. MX. \u2014 El presidente Andr\u00e9s Manuel L\u00f3pez Obrador anunci\u00f3 que alista un decreto con el objetivo de destinar alrededor de 20 mil kil\u00f3metros En Sonora en Equipo publicamos toda la informaci\u00f3n de Sonora, M\u00e9xico y el Mundo de manera oportuna y busca que la libertad de expresi\u00f3n sea real. Visita nuestro medio informativo publicado desde Hermosillo, Sonora. %\",\"breadcrumb\":{\"@id\":\"https:\/\/www.sonoraenequipo.com.mx\/regresara-servicio-de-trenes-de-pasajeros-a-mexico-vias-ferreas-se-compartiran-con-modalidad-de-carga\/#breadcrumb\"},\"inLanguage\":\"es\",\"potentialAction\":[{\"@type\":\"ReadAction\",\"target\":[\"https:\/\/www.sonoraenequipo.com.mx\/regresara-servicio-de-trenes-de-pasajeros-a-mexico-vias-ferreas-se-compartiran-con-modalidad-de-carga\/\"]}]},{\"@type\":\"ImageObject\",\"inLanguage\":\"es\",\"@id\":\"https:\/\/www.sonoraenequipo.com.mx\/regresara-servicio-de-trenes-de-pasajeros-a-mexico-vias-ferreas-se-compartiran-con-modalidad-de-carga\/#primaryimage\",\"url\":\"https:\/\/www.sonoraenequipo.com.mx\/storage\/2023\/11\/habra-tren-de-pasajeros-en-todo-el-pais-0811.2023...-min.jpg\",\"contentUrl\":\"https:\/\/www.sonoraenequipo.com.mx\/storage\/2023\/11\/habra-tren-de-pasajeros-en-todo-el-pais-0811.2023...-min.jpg\",\"width\":900,\"height\":599},{\"@type\":\"BreadcrumbList\",\"@id\":\"https:\/\/www.sonoraenequipo.com.mx\/regresara-servicio-de-trenes-de-pasajeros-a-mexico-vias-ferreas-se-compartiran-con-modalidad-de-carga\/#breadcrumb\",\"itemListElement\":[{\"@type\":\"ListItem\",\"position\":1,\"name\":\"Portada\",\"item\":\"https:\/\/www.sonoraenequipo.com.mx\/\"},{\"@type\":\"ListItem\",\"position\":2,\"name\":\"Regresar\u00e1 servicio de trenes de pasajeros a M\u00e9xico; v\u00edas f\u00e9rreas se compartir\u00e1n con modalidad de carga\"}]},{\"@type\":\"WebSite\",\"@id\":\"https:\/\/www.sonoraenequipo.com.mx\/#website\",\"url\":\"https:\/\/www.sonoraenequipo.com.mx\/\",\"name\":\"Sonora en Equipo.\",\"description\":\"Diario en l\u00ednea con Noticias desde Hermosillo, Sonora\",\"publisher\":{\"@id\":\"https:\/\/www.sonoraenequipo.com.mx\/#organization\"},\"potentialAction\":[{\"@type\":\"SearchAction\",\"target\":{\"@type\":\"EntryPoint\",\"urlTemplate\":\"https:\/\/www.sonoraenequipo.com.mx\/?s={search_term_string}\"},\"query-input\":{\"@type\":\"PropertyValueSpecification\",\"valueRequired\":true,\"valueName\":\"search_term_string\"}}],\"inLanguage\":\"es\"},{\"@type\":\"Organization\",\"@id\":\"https:\/\/www.sonoraenequipo.com.mx\/#organization\",\"name\":\"Sonoraenequipo.com.mx\",\"url\":\"https:\/\/www.sonoraenequipo.com.mx\/\",\"logo\":{\"@type\":\"ImageObject\",\"inLanguage\":\"es\",\"@id\":\"https:\/\/www.sonoraenequipo.com.mx\/#\/schema\/logo\/image\/\",\"url\":\"https:\/\/www.sonoraenequipo.com.mx\/storage\/2019\/01\/sonoraenequipo_opt.png\",\"contentUrl\":\"https:\/\/www.sonoraenequipo.com.mx\/storage\/2019\/01\/sonoraenequipo_opt.png\",\"width\":375,\"height\":125,\"caption\":\"Sonoraenequipo.com.mx\"},\"image\":{\"@id\":\"https:\/\/www.sonoraenequipo.com.mx\/#\/schema\/logo\/image\/\"},\"sameAs\":[\"https:\/\/www.facebook.com\/SonoraEE\/\",\"https:\/\/x.com\/sonoraenequipo\",\"https:\/\/www.youtube.com\/channel\/UC338nW-lPEYmJQs4ZABQ1SQ\"]},{\"@type\":\"Person\",\"@id\":\"https:\/\/www.sonoraenequipo.com.mx\/#\/schema\/person\/50102df0fb23a8fa9e8effad8fa81386\",\"name\":\"enequipo\",\"image\":{\"@type\":\"ImageObject\",\"inLanguage\":\"es\",\"@id\":\"https:\/\/www.sonoraenequipo.com.mx\/#\/schema\/person\/image\/\",\"url\":\"https:\/\/secure.gravatar.com\/avatar\/049821681b589dabc0bc20695993ccebb09f5b5d4d790cd9251b97faac7c652b?s=96&d=blank&r=g\",\"contentUrl\":\"https:\/\/secure.gravatar.com\/avatar\/049821681b589dabc0bc20695993ccebb09f5b5d4d790cd9251b97faac7c652b?s=96&d=blank&r=g\",\"caption\":\"enequipo\"},\"sameAs\":[\"https:\/\/www.facebook.com\/SonoraEE\"]}]}<\/script>\n ","yoast_head_json":{"title":"Sonora en Equipo. Regresar\u00e1 servicio de trenes de pasajeros a M\u00e9xico; v\u00edas f\u00e9rreas se compartir\u00e1n con modalidad de carga Rep\u00fablica","description":"CIUDAD DE M\u00c9XICO. MX. \u2014 El presidente Andr\u00e9s Manuel L\u00f3pez Obrador anunci\u00f3 que alista un decreto con el objetivo de destinar alrededor de 20 mil kil\u00f3metros En Sonora en Equipo publicamos toda la informaci\u00f3n de Sonora, M\u00e9xico y el Mundo de manera oportuna y busca que la libertad de expresi\u00f3n sea real. Visita nuestro medio informativo publicado desde Hermosillo, Sonora. %","robots":{"index":"index","follow":"follow","max-snippet":"max-snippet:-1","max-image-preview":"max-image-preview:large","max-video-preview":"max-video-preview:-1"},"canonical":"https:\/\/www.sonoraenequipo.com.mx\/regresara-servicio-de-trenes-de-pasajeros-a-mexico-vias-ferreas-se-compartiran-con-modalidad-de-carga\/","og_locale":"es_ES","og_type":"article","og_title":"Sonora en Equipo. Regresar\u00e1 servicio de trenes de pasajeros a M\u00e9xico; v\u00edas f\u00e9rreas se compartir\u00e1n con modalidad de carga Rep\u00fablica","og_description":"CIUDAD DE M\u00c9XICO. MX. \u2014 El presidente Andr\u00e9s Manuel L\u00f3pez Obrador anunci\u00f3 que alista un decreto con el objetivo de destinar alrededor de 20 mil kil\u00f3metros En Sonora en Equipo publicamos toda la informaci\u00f3n de Sonora, M\u00e9xico y el Mundo de manera oportuna y busca que la libertad de expresi\u00f3n sea real. Visita nuestro medio informativo publicado desde Hermosillo, Sonora. %","og_url":"https:\/\/www.sonoraenequipo.com.mx\/regresara-servicio-de-trenes-de-pasajeros-a-mexico-vias-ferreas-se-compartiran-con-modalidad-de-carga\/","og_site_name":"Sonora en Equipo.","article_publisher":"https:\/\/www.facebook.com\/SonoraEE\/","article_author":"https:\/\/www.facebook.com\/SonoraEE","article_published_time":"2023-11-08T17:05:27+00:00","article_modified_time":"2023-11-09T00:22:19+00:00","og_image":[{"width":900,"height":599,"url":"https:\/\/www.sonoraenequipo.com.mx\/storage\/2023\/11\/habra-tren-de-pasajeros-en-todo-el-pais-0811.2023...-min.jpg","type":"image\/jpeg"}],"author":"enequipo","twitter_card":"summary_large_image","twitter_creator":"@sonoraenequipo","twitter_site":"@sonoraenequipo","twitter_misc":{"Escrito por":"enequipo","Tiempo de lectura":"3 minutos"},"schema":{"@context":"https:\/\/schema.org","@graph":[{"@type":"Article","@id":"https:\/\/www.sonoraenequipo.com.mx\/regresara-servicio-de-trenes-de-pasajeros-a-mexico-vias-ferreas-se-compartiran-con-modalidad-de-carga\/#article","isPartOf":{"@id":"https:\/\/www.sonoraenequipo.com.mx\/regresara-servicio-de-trenes-de-pasajeros-a-mexico-vias-ferreas-se-compartiran-con-modalidad-de-carga\/"},"author":{"name":"enequipo","@id":"https:\/\/www.sonoraenequipo.com.mx\/#\/schema\/person\/50102df0fb23a8fa9e8effad8fa81386"},"headline":"Regresar\u00e1 servicio de trenes de pasajeros a M\u00e9xico; v\u00edas f\u00e9rreas se compartir\u00e1n con modalidad de carga","datePublished":"2023-11-08T17:05:27+00:00","dateModified":"2023-11-09T00:22:19+00:00","mainEntityOfPage":{"@id":"https:\/\/www.sonoraenequipo.com.mx\/regresara-servicio-de-trenes-de-pasajeros-a-mexico-vias-ferreas-se-compartiran-con-modalidad-de-carga\/"},"wordCount":647,"commentCount":0,"publisher":{"@id":"https:\/\/www.sonoraenequipo.com.mx\/#organization"},"image":{"@id":"https:\/\/www.sonoraenequipo.com.mx\/regresara-servicio-de-trenes-de-pasajeros-a-mexico-vias-ferreas-se-compartiran-con-modalidad-de-carga\/#primaryimage"},"thumbnailUrl":"https:\/\/www.sonoraenequipo.com.mx\/storage\/2023\/11\/habra-tren-de-pasajeros-en-todo-el-pais-0811.2023...-min.jpg","articleSection":["Rep\u00fablica"],"inLanguage":"es","potentialAction":[{"@type":"CommentAction","name":"Comment","target":["https:\/\/www.sonoraenequipo.com.mx\/regresara-servicio-de-trenes-de-pasajeros-a-mexico-vias-ferreas-se-compartiran-con-modalidad-de-carga\/#respond"]}]},{"@type":"WebPage","@id":"https:\/\/www.sonoraenequipo.com.mx\/regresara-servicio-de-trenes-de-pasajeros-a-mexico-vias-ferreas-se-compartiran-con-modalidad-de-carga\/","url":"https:\/\/www.sonoraenequipo.com.mx\/regresara-servicio-de-trenes-de-pasajeros-a-mexico-vias-ferreas-se-compartiran-con-modalidad-de-carga\/","name":"Sonora en Equipo. Regresar\u00e1 servicio de trenes de pasajeros a M\u00e9xico; v\u00edas f\u00e9rreas se compartir\u00e1n con modalidad de carga Rep\u00fablica","isPartOf":{"@id":"https:\/\/www.sonoraenequipo.com.mx\/#website"},"primaryImageOfPage":{"@id":"https:\/\/www.sonoraenequipo.com.mx\/regresara-servicio-de-trenes-de-pasajeros-a-mexico-vias-ferreas-se-compartiran-con-modalidad-de-carga\/#primaryimage"},"image":{"@id":"https:\/\/www.sonoraenequipo.com.mx\/regresara-servicio-de-trenes-de-pasajeros-a-mexico-vias-ferreas-se-compartiran-con-modalidad-de-carga\/#primaryimage"},"thumbnailUrl":"https:\/\/www.sonoraenequipo.com.mx\/storage\/2023\/11\/habra-tren-de-pasajeros-en-todo-el-pais-0811.2023...-min.jpg","datePublished":"2023-11-08T17:05:27+00:00","dateModified":"2023-11-09T00:22:19+00:00","description":"CIUDAD DE M\u00c9XICO. MX. \u2014 El presidente Andr\u00e9s Manuel L\u00f3pez Obrador anunci\u00f3 que alista un decreto con el objetivo de destinar alrededor de 20 mil kil\u00f3metros En Sonora en Equipo publicamos toda la informaci\u00f3n de Sonora, M\u00e9xico y el Mundo de manera oportuna y busca que la libertad de expresi\u00f3n sea real. Visita nuestro medio informativo publicado desde Hermosillo, Sonora. %","breadcrumb":{"@id":"https:\/\/www.sonoraenequipo.com.mx\/regresara-servicio-de-trenes-de-pasajeros-a-mexico-vias-ferreas-se-compartiran-con-modalidad-de-carga\/#breadcrumb"},"inLanguage":"es","potentialAction":[{"@type":"ReadAction","target":["https:\/\/www.sonoraenequipo.com.mx\/regresara-servicio-de-trenes-de-pasajeros-a-mexico-vias-ferreas-se-compartiran-con-modalidad-de-carga\/"]}]},{"@type":"ImageObject","inLanguage":"es","@id":"https:\/\/www.sonoraenequipo.com.mx\/regresara-servicio-de-trenes-de-pasajeros-a-mexico-vias-ferreas-se-compartiran-con-modalidad-de-carga\/#primaryimage","url":"https:\/\/www.sonoraenequipo.com.mx\/storage\/2023\/11\/habra-tren-de-pasajeros-en-todo-el-pais-0811.2023...-min.jpg","contentUrl":"https:\/\/www.sonoraenequipo.com.mx\/storage\/2023\/11\/habra-tren-de-pasajeros-en-todo-el-pais-0811.2023...-min.jpg","width":900,"height":599},{"@type":"BreadcrumbList","@id":"https:\/\/www.sonoraenequipo.com.mx\/regresara-servicio-de-trenes-de-pasajeros-a-mexico-vias-ferreas-se-compartiran-con-modalidad-de-carga\/#breadcrumb","itemListElement":[{"@type":"ListItem","position":1,"name":"Portada","item":"https:\/\/www.sonoraenequipo.com.mx\/"},{"@type":"ListItem","position":2,"name":"Regresar\u00e1 servicio de trenes de pasajeros a M\u00e9xico; v\u00edas f\u00e9rreas se compartir\u00e1n con modalidad de carga"}]},{"@type":"WebSite","@id":"https:\/\/www.sonoraenequipo.com.mx\/#website","url":"https:\/\/www.sonoraenequipo.com.mx\/","name":"Sonora en Equipo.","description":"Diario en l\u00ednea con Noticias desde Hermosillo, Sonora","publisher":{"@id":"https:\/\/www.sonoraenequipo.com.mx\/#organization"},"potentialAction":[{"@type":"SearchAction","target":{"@type":"EntryPoint","urlTemplate":"https:\/\/www.sonoraenequipo.com.mx\/?s={search_term_string}"},"query-input":{"@type":"PropertyValueSpecification","valueRequired":true,"valueName":"search_term_string"}}],"inLanguage":"es"},{"@type":"Organization","@id":"https:\/\/www.sonoraenequipo.com.mx\/#organization","name":"Sonoraenequipo.com.mx","url":"https:\/\/www.sonoraenequipo.com.mx\/","logo":{"@type":"ImageObject","inLanguage":"es","@id":"https:\/\/www.sonoraenequipo.com.mx\/#\/schema\/logo\/image\/","url":"https:\/\/www.sonoraenequipo.com.mx\/storage\/2019\/01\/sonoraenequipo_opt.png","contentUrl":"https:\/\/www.sonoraenequipo.com.mx\/storage\/2019\/01\/sonoraenequipo_opt.png","width":375,"height":125,"caption":"Sonoraenequipo.com.mx"},"image":{"@id":"https:\/\/www.sonoraenequipo.com.mx\/#\/schema\/logo\/image\/"},"sameAs":["https:\/\/www.facebook.com\/SonoraEE\/","https:\/\/x.com\/sonoraenequipo","https:\/\/www.youtube.com\/channel\/UC338nW-lPEYmJQs4ZABQ1SQ"]},{"@type":"Person","@id":"https:\/\/www.sonoraenequipo.com.mx\/#\/schema\/person\/50102df0fb23a8fa9e8effad8fa81386","name":"enequipo","image":{"@type":"ImageObject","inLanguage":"es","@id":"https:\/\/www.sonoraenequipo.com.mx\/#\/schema\/person\/image\/","url":"https:\/\/secure.gravatar.com\/avatar\/049821681b589dabc0bc20695993ccebb09f5b5d4d790cd9251b97faac7c652b?s=96&d=blank&r=g","contentUrl":"https:\/\/secure.gravatar.com\/avatar\/049821681b589dabc0bc20695993ccebb09f5b5d4d790cd9251b97faac7c652b?s=96&d=blank&r=g","caption":"enequipo"},"sameAs":["https:\/\/www.facebook.com\/SonoraEE"]}]}},"jetpack_featured_media_url":"https:\/\/www.sonoraenequipo.com.mx\/storage\/2023\/11\/habra-tren-de-pasajeros-en-todo-el-pais-0811.2023...-min.jpg","_links":{"self":[{"href":"https:\/\/www.sonoraenequipo.com.mx\/api\/wp\/v2\/posts\/178695","targetHints":{"allow":["GET"]}}],"collection":[{"href":"https:\/\/www.sonoraenequipo.com.mx\/api\/wp\/v2\/posts"}],"about":[{"href":"https:\/\/www.sonoraenequipo.com.mx\/api\/wp\/v2\/types\/post"}],"author":[{"embeddable":true,"href":"https:\/\/www.sonoraenequipo.com.mx\/api\/wp\/v2\/users\/1"}],"replies":[{"embeddable":true,"href":"https:\/\/www.sonoraenequipo.com.mx\/api\/wp\/v2\/comments?post=178695"}],"version-history":[{"count":1,"href":"https:\/\/www.sonoraenequipo.com.mx\/api\/wp\/v2\/posts\/178695\/revisions"}],"predecessor-version":[{"id":178697,"href":"https:\/\/www.sonoraenequipo.com.mx\/api\/wp\/v2\/posts\/178695\/revisions\/178697"}],"wp:featuredmedia":[{"embeddable":true,"href":"https:\/\/www.sonoraenequipo.com.mx\/api\/wp\/v2\/media\/178696"}],"wp:attachment":[{"href":"https:\/\/www.sonoraenequipo.com.mx\/api\/wp\/v2\/media?parent=178695"}],"wp:term":[{"taxonomy":"category","embeddable":true,"href":"https:\/\/www.sonoraenequipo.com.mx\/api\/wp\/v2\/categories?post=178695"},{"taxonomy":"post_tag","embeddable":true,"href":"https:\/\/www.sonoraenequipo.com.mx\/api\/wp\/v2\/tags?post=178695"}],"curies":[{"name":"wp","href":"https:\/\/api.w.org\/{rel}","templated":true}]}}