{"id":178704,"date":"2023-11-08T19:54:26","date_gmt":"2023-11-09T02:54:26","guid":{"rendered":"https:\/\/www.sonoraenequipo.com.mx\/?p=178704"},"modified":"2023-11-08T19:54:26","modified_gmt":"2023-11-09T02:54:26","slug":"destaca-hermosillo-en-generacion-de-empleos-en-el-pais-tono-astiazaran","status":"publish","type":"post","link":"https:\/\/www.sonoraenequipo.com.mx\/destaca-hermosillo-en-generacion-de-empleos-en-el-pais-tono-astiazaran\/","title":{"rendered":"Destaca Hermosillo en generaci\u00f3n de empleos en el pa\u00eds: To\u00f1o Astiazar\u00e1n"},"content":{"rendered":"<p><strong>HERMOSILLO, SONORA,MX.<\/strong><strong>\u02d7\u02d7\u02d7 \u00a0<\/strong>\u201cHermosillo es la tercera capital con m\u00e1s generaci\u00f3n de empleos en el pa\u00eds destac\u00f3 el Presidente Municipal Antonio Astiazar\u00e1n Guti\u00e9rrez durante el IV Encuentro de Negocios organizado por c\u00e1maras empresariales y que inaugur\u00f3 la Secretaria de Econom\u00eda del Gobierno del Estado, Margarita V\u00e9lez de la Rocha.<\/p>\n<p>&nbsp;<\/p>\n<p>En este encuentro organizado por la C\u00e1mara Nacional de la Industria de la Transformaci\u00f3n (Canacintra), la C\u00e1mara Nacional de la Industria de la Construcci\u00f3n (CMIC) y el Consejo Nacional de la Industria Maquiladora y Manufacturera de Exportaci\u00f3n (INDEX), To\u00f1o Astiazar\u00e1n comparti\u00f3 el trabajo del gobierno municipal para incentivar las inversiones en la localidad.<\/p>\n<p>&nbsp;<\/p>\n<p>Ante los anfitriones, Jes\u00fas G\u00e1mez Garc\u00eda, presidente de INDEX Sonora; Silvia \u00c1lvarez Amaya, presidenta de Canacintra y Jorge Aguirre Robles, presidente de CMIC Sonora, as\u00ed como empresarios de diversos renglones, To\u00f1o Astiazar\u00e1n, record\u00f3 el proceso para digitalizar tr\u00e1mites municipales con el prop\u00f3sito de ser m\u00e1s eficientes, combatir la corrupci\u00f3n y agilizar el asentamiento de nuevos negocios.<\/p>\n<p>&nbsp;<\/p>\n<p>\u201cNo es la misma llegar a un lugar y buscar crear una nueva empresa, o generar nuevos empleos si encuentras en el Gobierno Municipal una mano amiga que te lleve de la mano y te acompa\u00f1e para poder obtener los permisos, tr\u00e1mites y licencias, que en ocasiones se convierten en un monstruo de mil cabezas\u201d, reflexion\u00f3.<\/p>\n<p>&nbsp;<\/p>\n<p>Tambi\u00e9n, dijo, se explora junto con el sector industrial de Hermosillo la opci\u00f3n de que el agua tratada de la ciudad se venda a las plantas de la localidad que puedan utilizarla en sus procesos de producci\u00f3n.<\/p>\n<p>&nbsp;<\/p>\n<p>Hizo notar que Hermosillo es la capital con mayor generaci\u00f3n de empleos de todo M\u00e9xico, lo que la ubica como un lugar que est\u00e1 de moda en materia de inversiones. \u201cVamos a hacer que Hermosillo siga de moda\u201d, finaliz\u00f3.<\/p>\n<p>&nbsp;<\/p>\n<p>To\u00f1o Astiazar\u00e1n estuvo acompa\u00f1ado por Gertie Agraz, Boeneker, directora general de la Agencia Municipal de Desarrollo Econ\u00f3mico.<\/p>\n<p><strong>Fecha de publicaci\u00f3n<\/strong><strong> mi\u00e9rcoles 8 de noviembre de 2023<\/strong><\/p>\n","protected":false},"excerpt":{"rendered":"<p>HERMOSILLO, SONORA,MX.\u02d7\u02d7\u02d7 \u00a0\u201cHermosillo es la tercera capital con m\u00e1s generaci\u00f3n de empleos en el pa\u00eds&#8230;<\/p>\n","protected":false},"author":1,"featured_media":178705,"comment_status":"open","ping_status":"open","sticky":false,"template":"","format":"standard","meta":{"_monsterinsights_skip_tracking":false,"_monsterinsights_sitenote_active":false,"_monsterinsights_sitenote_note":"","_monsterinsights_sitenote_category":0,"footnotes":""},"categories":[4],"tags":[1843,9127],"class_list":["post"],"yoast_head":" \n<title>Sonora en Equipo. Destaca Hermosillo en generaci\u00f3n de empleos en el pa\u00eds: To\u00f1o Astiazar\u00e1n Municipios<\/title>\n<meta name=\"description\" content=\"HERMOSILLO, SONORA,MX.\u02d7\u02d7\u02d7 \u00a0\u201cHermosillo es la tercera capital con m\u00e1s generaci\u00f3n de empleos en el pa\u00eds destac\u00f3 el Presidente Municipal Antonio Astiazar\u00e1n En Sonora en Equipo publicamos toda la informaci\u00f3n de Sonora, M\u00e9xico y el Mundo de manera oportuna y busca que la libertad de expresi\u00f3n sea real. Visita nuestro medio informativo publicado desde Hermosillo, Sonora. %\" \/>\n<meta name=\"robots\" content=\"index, follow, max-snippet:-1, max-image-preview:large, max-video-preview:-1\" \/>\n<link rel=\"canonical\" href=\"https:\/\/www.sonoraenequipo.com.mx\/destaca-hermosillo-en-generacion-de-empleos-en-el-pais-tono-astiazaran\/\" \/>\n<meta property=\"og:locale\" content=\"es_ES\" \/>\n<meta property=\"og:type\" content=\"article\" \/>\n<meta property=\"og:title\" content=\"Sonora en Equipo. Destaca Hermosillo en generaci\u00f3n de empleos en el pa\u00eds: To\u00f1o Astiazar\u00e1n Municipios\" \/>\n<meta property=\"og:description\" content=\"HERMOSILLO, SONORA,MX.\u02d7\u02d7\u02d7 \u00a0\u201cHermosillo es la tercera capital con m\u00e1s generaci\u00f3n de empleos en el pa\u00eds destac\u00f3 el Presidente Municipal Antonio Astiazar\u00e1n En Sonora en Equipo publicamos toda la informaci\u00f3n de Sonora, M\u00e9xico y el Mundo de manera oportuna y busca que la libertad de expresi\u00f3n sea real. Visita nuestro medio informativo publicado desde Hermosillo, Sonora. %\" \/>\n<meta property=\"og:url\" content=\"https:\/\/www.sonoraenequipo.com.mx\/destaca-hermosillo-en-generacion-de-empleos-en-el-pais-tono-astiazaran\/\" \/>\n<meta property=\"og:site_name\" content=\"Sonora en Equipo.\" \/>\n<meta property=\"article:publisher\" content=\"https:\/\/www.facebook.com\/SonoraEE\/\" \/>\n<meta property=\"article:author\" content=\"https:\/\/www.facebook.com\/SonoraEE\" \/>\n<meta property=\"article:published_time\" content=\"2023-11-09T02:54:26+00:00\" \/>\n<meta property=\"og:image\" content=\"https:\/\/www.sonoraenequipo.com.mx\/storage\/2023\/11\/tono-canacintra.jpg\" \/>\n\t<meta property=\"og:image:width\" content=\"900\" \/>\n\t<meta property=\"og:image:height\" content=\"614\" \/>\n\t<meta property=\"og:image:type\" content=\"image\/jpeg\" \/>\n<meta name=\"author\" content=\"enequipo\" \/>\n<meta name=\"twitter:card\" content=\"summary_large_image\" \/>\n<meta name=\"twitter:creator\" content=\"@sonoraenequipo\" \/>\n<meta name=\"twitter:site\" content=\"@sonoraenequipo\" \/>\n<meta name=\"twitter:label1\" content=\"Escrito por\" \/>\n\t<meta name=\"twitter:data1\" content=\"enequipo\" \/>\n\t<meta name=\"twitter:label2\" content=\"Tiempo de lectura\" \/>\n\t<meta name=\"twitter:data2\" content=\"2 minutos\" \/>\n<script type=\"application\/ld+json\" class=\"yoast-schema-graph\">{\"@context\":\"https:\/\/schema.org\",\"@graph\":[{\"@type\":\"Article\",\"@id\":\"https:\/\/www.sonoraenequipo.com.mx\/destaca-hermosillo-en-generacion-de-empleos-en-el-pais-tono-astiazaran\/#article\",\"isPartOf\":{\"@id\":\"https:\/\/www.sonoraenequipo.com.mx\/destaca-hermosillo-en-generacion-de-empleos-en-el-pais-tono-astiazaran\/\"},\"author\":{\"name\":\"enequipo\",\"@id\":\"https:\/\/www.sonoraenequipo.com.mx\/#\/schema\/person\/50102df0fb23a8fa9e8effad8fa81386\"},\"headline\":\"Destaca Hermosillo en generaci\u00f3n de empleos en el pa\u00eds: To\u00f1o Astiazar\u00e1n\",\"datePublished\":\"2023-11-09T02:54:26+00:00\",\"mainEntityOfPage\":{\"@id\":\"https:\/\/www.sonoraenequipo.com.mx\/destaca-hermosillo-en-generacion-de-empleos-en-el-pais-tono-astiazaran\/\"},\"wordCount\":372,\"commentCount\":0,\"publisher\":{\"@id\":\"https:\/\/www.sonoraenequipo.com.mx\/#organization\"},\"image\":{\"@id\":\"https:\/\/www.sonoraenequipo.com.mx\/destaca-hermosillo-en-generacion-de-empleos-en-el-pais-tono-astiazaran\/#primaryimage\"},\"thumbnailUrl\":\"https:\/\/www.sonoraenequipo.com.mx\/storage\/2023\/11\/tono-canacintra.jpg\",\"keywords\":[\"CANACINTRA\",\"to\u00f1o.empleos\"],\"articleSection\":[\"Municipios\"],\"inLanguage\":\"es\",\"potentialAction\":[{\"@type\":\"CommentAction\",\"name\":\"Comment\",\"target\":[\"https:\/\/www.sonoraenequipo.com.mx\/destaca-hermosillo-en-generacion-de-empleos-en-el-pais-tono-astiazaran\/#respond\"]}]},{\"@type\":\"WebPage\",\"@id\":\"https:\/\/www.sonoraenequipo.com.mx\/destaca-hermosillo-en-generacion-de-empleos-en-el-pais-tono-astiazaran\/\",\"url\":\"https:\/\/www.sonoraenequipo.com.mx\/destaca-hermosillo-en-generacion-de-empleos-en-el-pais-tono-astiazaran\/\",\"name\":\"Sonora en Equipo. Destaca Hermosillo en generaci\u00f3n de empleos en el pa\u00eds: To\u00f1o Astiazar\u00e1n Municipios\",\"isPartOf\":{\"@id\":\"https:\/\/www.sonoraenequipo.com.mx\/#website\"},\"primaryImageOfPage\":{\"@id\":\"https:\/\/www.sonoraenequipo.com.mx\/destaca-hermosillo-en-generacion-de-empleos-en-el-pais-tono-astiazaran\/#primaryimage\"},\"image\":{\"@id\":\"https:\/\/www.sonoraenequipo.com.mx\/destaca-hermosillo-en-generacion-de-empleos-en-el-pais-tono-astiazaran\/#primaryimage\"},\"thumbnailUrl\":\"https:\/\/www.sonoraenequipo.com.mx\/storage\/2023\/11\/tono-canacintra.jpg\",\"datePublished\":\"2023-11-09T02:54:26+00:00\",\"description\":\"HERMOSILLO, SONORA,MX.\u02d7\u02d7\u02d7 \u00a0\u201cHermosillo es la tercera capital con m\u00e1s generaci\u00f3n de empleos en el pa\u00eds destac\u00f3 el Presidente Municipal Antonio Astiazar\u00e1n En Sonora en Equipo publicamos toda la informaci\u00f3n de Sonora, M\u00e9xico y el Mundo de manera oportuna y busca que la libertad de expresi\u00f3n sea real. Visita nuestro medio informativo publicado desde Hermosillo, Sonora. %\",\"breadcrumb\":{\"@id\":\"https:\/\/www.sonoraenequipo.com.mx\/destaca-hermosillo-en-generacion-de-empleos-en-el-pais-tono-astiazaran\/#breadcrumb\"},\"inLanguage\":\"es\",\"potentialAction\":[{\"@type\":\"ReadAction\",\"target\":[\"https:\/\/www.sonoraenequipo.com.mx\/destaca-hermosillo-en-generacion-de-empleos-en-el-pais-tono-astiazaran\/\"]}]},{\"@type\":\"ImageObject\",\"inLanguage\":\"es\",\"@id\":\"https:\/\/www.sonoraenequipo.com.mx\/destaca-hermosillo-en-generacion-de-empleos-en-el-pais-tono-astiazaran\/#primaryimage\",\"url\":\"https:\/\/www.sonoraenequipo.com.mx\/storage\/2023\/11\/tono-canacintra.jpg\",\"contentUrl\":\"https:\/\/www.sonoraenequipo.com.mx\/storage\/2023\/11\/tono-canacintra.jpg\",\"width\":900,\"height\":614},{\"@type\":\"BreadcrumbList\",\"@id\":\"https:\/\/www.sonoraenequipo.com.mx\/destaca-hermosillo-en-generacion-de-empleos-en-el-pais-tono-astiazaran\/#breadcrumb\",\"itemListElement\":[{\"@type\":\"ListItem\",\"position\":1,\"name\":\"Portada\",\"item\":\"https:\/\/www.sonoraenequipo.com.mx\/\"},{\"@type\":\"ListItem\",\"position\":2,\"name\":\"Destaca Hermosillo en generaci\u00f3n de empleos en el pa\u00eds: To\u00f1o Astiazar\u00e1n\"}]},{\"@type\":\"WebSite\",\"@id\":\"https:\/\/www.sonoraenequipo.com.mx\/#website\",\"url\":\"https:\/\/www.sonoraenequipo.com.mx\/\",\"name\":\"Sonora en Equipo.\",\"description\":\"Diario en l\u00ednea con Noticias desde Hermosillo, Sonora\",\"publisher\":{\"@id\":\"https:\/\/www.sonoraenequipo.com.mx\/#organization\"},\"potentialAction\":[{\"@type\":\"SearchAction\",\"target\":{\"@type\":\"EntryPoint\",\"urlTemplate\":\"https:\/\/www.sonoraenequipo.com.mx\/?s={search_term_string}\"},\"query-input\":{\"@type\":\"PropertyValueSpecification\",\"valueRequired\":true,\"valueName\":\"search_term_string\"}}],\"inLanguage\":\"es\"},{\"@type\":\"Organization\",\"@id\":\"https:\/\/www.sonoraenequipo.com.mx\/#organization\",\"name\":\"Sonoraenequipo.com.mx\",\"url\":\"https:\/\/www.sonoraenequipo.com.mx\/\",\"logo\":{\"@type\":\"ImageObject\",\"inLanguage\":\"es\",\"@id\":\"https:\/\/www.sonoraenequipo.com.mx\/#\/schema\/logo\/image\/\",\"url\":\"https:\/\/www.sonoraenequipo.com.mx\/storage\/2019\/01\/sonoraenequipo_opt.png\",\"contentUrl\":\"https:\/\/www.sonoraenequipo.com.mx\/storage\/2019\/01\/sonoraenequipo_opt.png\",\"width\":375,\"height\":125,\"caption\":\"Sonoraenequipo.com.mx\"},\"image\":{\"@id\":\"https:\/\/www.sonoraenequipo.com.mx\/#\/schema\/logo\/image\/\"},\"sameAs\":[\"https:\/\/www.facebook.com\/SonoraEE\/\",\"https:\/\/x.com\/sonoraenequipo\",\"https:\/\/www.youtube.com\/channel\/UC338nW-lPEYmJQs4ZABQ1SQ\"]},{\"@type\":\"Person\",\"@id\":\"https:\/\/www.sonoraenequipo.com.mx\/#\/schema\/person\/50102df0fb23a8fa9e8effad8fa81386\",\"name\":\"enequipo\",\"image\":{\"@type\":\"ImageObject\",\"inLanguage\":\"es\",\"@id\":\"https:\/\/www.sonoraenequipo.com.mx\/#\/schema\/person\/image\/\",\"url\":\"https:\/\/secure.gravatar.com\/avatar\/049821681b589dabc0bc20695993ccebb09f5b5d4d790cd9251b97faac7c652b?s=96&d=blank&r=g\",\"contentUrl\":\"https:\/\/secure.gravatar.com\/avatar\/049821681b589dabc0bc20695993ccebb09f5b5d4d790cd9251b97faac7c652b?s=96&d=blank&r=g\",\"caption\":\"enequipo\"},\"sameAs\":[\"https:\/\/www.facebook.com\/SonoraEE\"]}]}<\/script>\n ","yoast_head_json":{"title":"Sonora en Equipo. Destaca Hermosillo en generaci\u00f3n de empleos en el pa\u00eds: To\u00f1o Astiazar\u00e1n Municipios","description":"HERMOSILLO, SONORA,MX.\u02d7\u02d7\u02d7 \u00a0\u201cHermosillo es la tercera capital con m\u00e1s generaci\u00f3n de empleos en el pa\u00eds destac\u00f3 el Presidente Municipal Antonio Astiazar\u00e1n En Sonora en Equipo publicamos toda la informaci\u00f3n de Sonora, M\u00e9xico y el Mundo de manera oportuna y busca que la libertad de expresi\u00f3n sea real. Visita nuestro medio informativo publicado desde Hermosillo, Sonora. %","robots":{"index":"index","follow":"follow","max-snippet":"max-snippet:-1","max-image-preview":"max-image-preview:large","max-video-preview":"max-video-preview:-1"},"canonical":"https:\/\/www.sonoraenequipo.com.mx\/destaca-hermosillo-en-generacion-de-empleos-en-el-pais-tono-astiazaran\/","og_locale":"es_ES","og_type":"article","og_title":"Sonora en Equipo. Destaca Hermosillo en generaci\u00f3n de empleos en el pa\u00eds: To\u00f1o Astiazar\u00e1n Municipios","og_description":"HERMOSILLO, SONORA,MX.\u02d7\u02d7\u02d7 \u00a0\u201cHermosillo es la tercera capital con m\u00e1s generaci\u00f3n de empleos en el pa\u00eds destac\u00f3 el Presidente Municipal Antonio Astiazar\u00e1n En Sonora en Equipo publicamos toda la informaci\u00f3n de Sonora, M\u00e9xico y el Mundo de manera oportuna y busca que la libertad de expresi\u00f3n sea real. Visita nuestro medio informativo publicado desde Hermosillo, Sonora. %","og_url":"https:\/\/www.sonoraenequipo.com.mx\/destaca-hermosillo-en-generacion-de-empleos-en-el-pais-tono-astiazaran\/","og_site_name":"Sonora en Equipo.","article_publisher":"https:\/\/www.facebook.com\/SonoraEE\/","article_author":"https:\/\/www.facebook.com\/SonoraEE","article_published_time":"2023-11-09T02:54:26+00:00","og_image":[{"width":900,"height":614,"url":"https:\/\/www.sonoraenequipo.com.mx\/storage\/2023\/11\/tono-canacintra.jpg","type":"image\/jpeg"}],"author":"enequipo","twitter_card":"summary_large_image","twitter_creator":"@sonoraenequipo","twitter_site":"@sonoraenequipo","twitter_misc":{"Escrito por":"enequipo","Tiempo de lectura":"2 minutos"},"schema":{"@context":"https:\/\/schema.org","@graph":[{"@type":"Article","@id":"https:\/\/www.sonoraenequipo.com.mx\/destaca-hermosillo-en-generacion-de-empleos-en-el-pais-tono-astiazaran\/#article","isPartOf":{"@id":"https:\/\/www.sonoraenequipo.com.mx\/destaca-hermosillo-en-generacion-de-empleos-en-el-pais-tono-astiazaran\/"},"author":{"name":"enequipo","@id":"https:\/\/www.sonoraenequipo.com.mx\/#\/schema\/person\/50102df0fb23a8fa9e8effad8fa81386"},"headline":"Destaca Hermosillo en generaci\u00f3n de empleos en el pa\u00eds: To\u00f1o Astiazar\u00e1n","datePublished":"2023-11-09T02:54:26+00:00","mainEntityOfPage":{"@id":"https:\/\/www.sonoraenequipo.com.mx\/destaca-hermosillo-en-generacion-de-empleos-en-el-pais-tono-astiazaran\/"},"wordCount":372,"commentCount":0,"publisher":{"@id":"https:\/\/www.sonoraenequipo.com.mx\/#organization"},"image":{"@id":"https:\/\/www.sonoraenequipo.com.mx\/destaca-hermosillo-en-generacion-de-empleos-en-el-pais-tono-astiazaran\/#primaryimage"},"thumbnailUrl":"https:\/\/www.sonoraenequipo.com.mx\/storage\/2023\/11\/tono-canacintra.jpg","keywords":["CANACINTRA","to\u00f1o.empleos"],"articleSection":["Municipios"],"inLanguage":"es","potentialAction":[{"@type":"CommentAction","name":"Comment","target":["https:\/\/www.sonoraenequipo.com.mx\/destaca-hermosillo-en-generacion-de-empleos-en-el-pais-tono-astiazaran\/#respond"]}]},{"@type":"WebPage","@id":"https:\/\/www.sonoraenequipo.com.mx\/destaca-hermosillo-en-generacion-de-empleos-en-el-pais-tono-astiazaran\/","url":"https:\/\/www.sonoraenequipo.com.mx\/destaca-hermosillo-en-generacion-de-empleos-en-el-pais-tono-astiazaran\/","name":"Sonora en Equipo. Destaca Hermosillo en generaci\u00f3n de empleos en el pa\u00eds: To\u00f1o Astiazar\u00e1n Municipios","isPartOf":{"@id":"https:\/\/www.sonoraenequipo.com.mx\/#website"},"primaryImageOfPage":{"@id":"https:\/\/www.sonoraenequipo.com.mx\/destaca-hermosillo-en-generacion-de-empleos-en-el-pais-tono-astiazaran\/#primaryimage"},"image":{"@id":"https:\/\/www.sonoraenequipo.com.mx\/destaca-hermosillo-en-generacion-de-empleos-en-el-pais-tono-astiazaran\/#primaryimage"},"thumbnailUrl":"https:\/\/www.sonoraenequipo.com.mx\/storage\/2023\/11\/tono-canacintra.jpg","datePublished":"2023-11-09T02:54:26+00:00","description":"HERMOSILLO, SONORA,MX.\u02d7\u02d7\u02d7 \u00a0\u201cHermosillo es la tercera capital con m\u00e1s generaci\u00f3n de empleos en el pa\u00eds destac\u00f3 el Presidente Municipal Antonio Astiazar\u00e1n En Sonora en Equipo publicamos toda la informaci\u00f3n de Sonora, M\u00e9xico y el Mundo de manera oportuna y busca que la libertad de expresi\u00f3n sea real. Visita nuestro medio informativo publicado desde Hermosillo, Sonora. %","breadcrumb":{"@id":"https:\/\/www.sonoraenequipo.com.mx\/destaca-hermosillo-en-generacion-de-empleos-en-el-pais-tono-astiazaran\/#breadcrumb"},"inLanguage":"es","potentialAction":[{"@type":"ReadAction","target":["https:\/\/www.sonoraenequipo.com.mx\/destaca-hermosillo-en-generacion-de-empleos-en-el-pais-tono-astiazaran\/"]}]},{"@type":"ImageObject","inLanguage":"es","@id":"https:\/\/www.sonoraenequipo.com.mx\/destaca-hermosillo-en-generacion-de-empleos-en-el-pais-tono-astiazaran\/#primaryimage","url":"https:\/\/www.sonoraenequipo.com.mx\/storage\/2023\/11\/tono-canacintra.jpg","contentUrl":"https:\/\/www.sonoraenequipo.com.mx\/storage\/2023\/11\/tono-canacintra.jpg","width":900,"height":614},{"@type":"BreadcrumbList","@id":"https:\/\/www.sonoraenequipo.com.mx\/destaca-hermosillo-en-generacion-de-empleos-en-el-pais-tono-astiazaran\/#breadcrumb","itemListElement":[{"@type":"ListItem","position":1,"name":"Portada","item":"https:\/\/www.sonoraenequipo.com.mx\/"},{"@type":"ListItem","position":2,"name":"Destaca Hermosillo en generaci\u00f3n de empleos en el pa\u00eds: To\u00f1o Astiazar\u00e1n"}]},{"@type":"WebSite","@id":"https:\/\/www.sonoraenequipo.com.mx\/#website","url":"https:\/\/www.sonoraenequipo.com.mx\/","name":"Sonora en Equipo.","description":"Diario en l\u00ednea con Noticias desde Hermosillo, Sonora","publisher":{"@id":"https:\/\/www.sonoraenequipo.com.mx\/#organization"},"potentialAction":[{"@type":"SearchAction","target":{"@type":"EntryPoint","urlTemplate":"https:\/\/www.sonoraenequipo.com.mx\/?s={search_term_string}"},"query-input":{"@type":"PropertyValueSpecification","valueRequired":true,"valueName":"search_term_string"}}],"inLanguage":"es"},{"@type":"Organization","@id":"https:\/\/www.sonoraenequipo.com.mx\/#organization","name":"Sonoraenequipo.com.mx","url":"https:\/\/www.sonoraenequipo.com.mx\/","logo":{"@type":"ImageObject","inLanguage":"es","@id":"https:\/\/www.sonoraenequipo.com.mx\/#\/schema\/logo\/image\/","url":"https:\/\/www.sonoraenequipo.com.mx\/storage\/2019\/01\/sonoraenequipo_opt.png","contentUrl":"https:\/\/www.sonoraenequipo.com.mx\/storage\/2019\/01\/sonoraenequipo_opt.png","width":375,"height":125,"caption":"Sonoraenequipo.com.mx"},"image":{"@id":"https:\/\/www.sonoraenequipo.com.mx\/#\/schema\/logo\/image\/"},"sameAs":["https:\/\/www.facebook.com\/SonoraEE\/","https:\/\/x.com\/sonoraenequipo","https:\/\/www.youtube.com\/channel\/UC338nW-lPEYmJQs4ZABQ1SQ"]},{"@type":"Person","@id":"https:\/\/www.sonoraenequipo.com.mx\/#\/schema\/person\/50102df0fb23a8fa9e8effad8fa81386","name":"enequipo","image":{"@type":"ImageObject","inLanguage":"es","@id":"https:\/\/www.sonoraenequipo.com.mx\/#\/schema\/person\/image\/","url":"https:\/\/secure.gravatar.com\/avatar\/049821681b589dabc0bc20695993ccebb09f5b5d4d790cd9251b97faac7c652b?s=96&d=blank&r=g","contentUrl":"https:\/\/secure.gravatar.com\/avatar\/049821681b589dabc0bc20695993ccebb09f5b5d4d790cd9251b97faac7c652b?s=96&d=blank&r=g","caption":"enequipo"},"sameAs":["https:\/\/www.facebook.com\/SonoraEE"]}]}},"jetpack_featured_media_url":"https:\/\/www.sonoraenequipo.com.mx\/storage\/2023\/11\/tono-canacintra.jpg","_links":{"self":[{"href":"https:\/\/www.sonoraenequipo.com.mx\/api\/wp\/v2\/posts\/178704","targetHints":{"allow":["GET"]}}],"collection":[{"href":"https:\/\/www.sonoraenequipo.com.mx\/api\/wp\/v2\/posts"}],"about":[{"href":"https:\/\/www.sonoraenequipo.com.mx\/api\/wp\/v2\/types\/post"}],"author":[{"embeddable":true,"href":"https:\/\/www.sonoraenequipo.com.mx\/api\/wp\/v2\/users\/1"}],"replies":[{"embeddable":true,"href":"https:\/\/www.sonoraenequipo.com.mx\/api\/wp\/v2\/comments?post=178704"}],"version-history":[{"count":1,"href":"https:\/\/www.sonoraenequipo.com.mx\/api\/wp\/v2\/posts\/178704\/revisions"}],"predecessor-version":[{"id":178706,"href":"https:\/\/www.sonoraenequipo.com.mx\/api\/wp\/v2\/posts\/178704\/revisions\/178706"}],"wp:featuredmedia":[{"embeddable":true,"href":"https:\/\/www.sonoraenequipo.com.mx\/api\/wp\/v2\/media\/178705"}],"wp:attachment":[{"href":"https:\/\/www.sonoraenequipo.com.mx\/api\/wp\/v2\/media?parent=178704"}],"wp:term":[{"taxonomy":"category","embeddable":true,"href":"https:\/\/www.sonoraenequipo.com.mx\/api\/wp\/v2\/categories?post=178704"},{"taxonomy":"post_tag","embeddable":true,"href":"https:\/\/www.sonoraenequipo.com.mx\/api\/wp\/v2\/tags?post=178704"}],"curies":[{"name":"wp","href":"https:\/\/api.w.org\/{rel}","templated":true}]}}