{"id":178720,"date":"2023-11-08T21:39:00","date_gmt":"2023-11-09T04:39:00","guid":{"rendered":"https:\/\/www.sonoraenequipo.com.mx\/?p=178720"},"modified":"2023-11-09T09:47:02","modified_gmt":"2023-11-09T16:47:02","slug":"dan-banderazo-a-acciones-de-la-segunda-jornada-nacional-de-salud-publica","status":"publish","type":"post","link":"https:\/\/www.sonoraenequipo.com.mx\/dan-banderazo-a-acciones-de-la-segunda-jornada-nacional-de-salud-publica\/","title":{"rendered":"Dan \u201cbanderazo\u201d a acciones de la Segunda Jornada Nacional de Salud P\u00fablica"},"content":{"rendered":"<p><strong>HERMOSILLO, SONORA. MX. \u2014<\/strong> La Secretar\u00eda de Salud (SSA) inici\u00f3 la Segunda Jornada Nacional de Salud P\u00fablica en el Centro de Salud Urbano \u201cLa Floresta\u201d en Hermosillo, Sonora, donde decenas de personas provecharon las consultas y servicios gratuitos que se brindaron por parte de las diferentes instancias de salud.<\/p>\n<p>&nbsp;<\/p>\n<p> <\/p>\n<p>En el marco de un evento protocolario presidido por Ruy L\u00f3pez Ridaura, subsecretario de Prevenci\u00f3n y Promoci\u00f3n de la salud, se ofrecieron servicios gratuitos de consulta general, dentista, toma de presi\u00f3n, prueba de diabetes, nutrici\u00f3n, activaci\u00f3n f\u00edsica, adem\u00e1s de atenciones psicol\u00f3gicas, informaci\u00f3n de prevenci\u00f3n de enfermedades, as\u00ed como vacunaci\u00f3n contra la influenza y Covid-19, atenciones caninas y felinas, entre otros servicios.<\/p>\n<p>&nbsp;<\/p>\n<p>Jos\u00e9 Luis Alom\u00eda Zegarra, secretario de Salud en Sonora, explic\u00f3 que esta jornada se realiza a nivel nacional y en Sonora se replica en cada uno de los centros de salud urbanos y rurales a lo largo del estado.<\/p>\n<p>\u201cCuando tenemos eventos emergentes en donde nos tenemos que sumar todas las instituciones y todos los esfuerzos y expertis deben estar coordinados para contribuir en los servicios de salud, para que puedan llegar a los rincones m\u00e1s alejados y rec\u00f3nditos de todo el pa\u00eds y Sonora\u201d comparti\u00f3.<\/p>\n<p>El titular de la dependencia indic\u00f3 que la Segunda Jornada Nacional de Salud P\u00fablica ya se encuentra activa desde el 6 de noviembre y hasta el 17 de dicho mes, con todos los servicios disponibles sin costo alguno para la poblaci\u00f3n.<\/p>\n<p>&nbsp;<\/p>\n<p>Presentes tambi\u00e9n en la jornada dependencias de salud como IMSS, IMSS-Bienestar, DIF, Issste, Isssteson, Sedena y Semar.<\/p>\n<p>&nbsp;<\/p>\n<p>PUBLICADO EL 08 NOVIEMBRE DE 2023\/ Con informaci\u00f3n de GOBSON 1123\/060)<\/p>\n","protected":false},"excerpt":{"rendered":"<p>HERMOSILLO, SONORA. MX. \u2014 La Secretar\u00eda de Salud (SSA) inici\u00f3 la Segunda Jornada Nacional de&#8230;<\/p>\n","protected":false},"author":1,"featured_media":178715,"comment_status":"open","ping_status":"open","sticky":false,"template":"","format":"standard","meta":{"_monsterinsights_skip_tracking":false,"_monsterinsights_sitenote_active":false,"_monsterinsights_sitenote_note":"","_monsterinsights_sitenote_category":0,"footnotes":""},"categories":[22],"tags":[],"class_list":["post"],"yoast_head":" \n<title>Sonora en Equipo. Dan \u201cbanderazo\u201d a acciones de la Segunda Jornada Nacional de Salud P\u00fablica Sonora<\/title>\n<meta name=\"description\" content=\"HERMOSILLO, SONORA. MX. \u2014 La Secretar\u00eda de Salud (SSA) inici\u00f3 la Segunda Jornada Nacional de Salud P\u00fablica en el Centro de Salud Urbano \u201cLa Floresta\u201d en En Sonora en Equipo publicamos toda la informaci\u00f3n de Sonora, M\u00e9xico y el Mundo de manera oportuna y busca que la libertad de expresi\u00f3n sea real. Visita nuestro medio informativo publicado desde Hermosillo, Sonora. %\" \/>\n<meta name=\"robots\" content=\"index, follow, max-snippet:-1, max-image-preview:large, max-video-preview:-1\" \/>\n<link rel=\"canonical\" href=\"https:\/\/www.sonoraenequipo.com.mx\/dan-banderazo-a-acciones-de-la-segunda-jornada-nacional-de-salud-publica\/\" \/>\n<meta property=\"og:locale\" content=\"es_ES\" \/>\n<meta property=\"og:type\" content=\"article\" \/>\n<meta property=\"og:title\" content=\"Sonora en Equipo. Dan \u201cbanderazo\u201d a acciones de la Segunda Jornada Nacional de Salud P\u00fablica Sonora\" \/>\n<meta property=\"og:description\" content=\"HERMOSILLO, SONORA. MX. \u2014 La Secretar\u00eda de Salud (SSA) inici\u00f3 la Segunda Jornada Nacional de Salud P\u00fablica en el Centro de Salud Urbano \u201cLa Floresta\u201d en En Sonora en Equipo publicamos toda la informaci\u00f3n de Sonora, M\u00e9xico y el Mundo de manera oportuna y busca que la libertad de expresi\u00f3n sea real. Visita nuestro medio informativo publicado desde Hermosillo, Sonora. %\" \/>\n<meta property=\"og:url\" content=\"https:\/\/www.sonoraenequipo.com.mx\/dan-banderazo-a-acciones-de-la-segunda-jornada-nacional-de-salud-publica\/\" \/>\n<meta property=\"og:site_name\" content=\"Sonora en Equipo.\" \/>\n<meta property=\"article:publisher\" content=\"https:\/\/www.facebook.com\/SonoraEE\/\" \/>\n<meta property=\"article:author\" content=\"https:\/\/www.facebook.com\/SonoraEE\" \/>\n<meta property=\"article:published_time\" content=\"2023-11-09T04:39:00+00:00\" \/>\n<meta property=\"article:modified_time\" content=\"2023-11-09T16:47:02+00:00\" \/>\n<meta property=\"og:image\" content=\"https:\/\/www.sonoraenequipo.com.mx\/storage\/2023\/11\/Segunda-Jornada-Nacional-de-Salud-Publica....-min.jpg\" \/>\n\t<meta property=\"og:image:width\" content=\"900\" \/>\n\t<meta property=\"og:image:height\" content=\"522\" \/>\n\t<meta property=\"og:image:type\" content=\"image\/jpeg\" \/>\n<meta name=\"author\" content=\"enequipo\" \/>\n<meta name=\"twitter:card\" content=\"summary_large_image\" \/>\n<meta name=\"twitter:creator\" content=\"@sonoraenequipo\" \/>\n<meta name=\"twitter:site\" content=\"@sonoraenequipo\" \/>\n<meta name=\"twitter:label1\" content=\"Escrito por\" \/>\n\t<meta name=\"twitter:data1\" content=\"enequipo\" \/>\n\t<meta name=\"twitter:label2\" content=\"Tiempo de lectura\" \/>\n\t<meta name=\"twitter:data2\" content=\"1 minuto\" \/>\n<script type=\"application\/ld+json\" class=\"yoast-schema-graph\">{\"@context\":\"https:\/\/schema.org\",\"@graph\":[{\"@type\":\"Article\",\"@id\":\"https:\/\/www.sonoraenequipo.com.mx\/dan-banderazo-a-acciones-de-la-segunda-jornada-nacional-de-salud-publica\/#article\",\"isPartOf\":{\"@id\":\"https:\/\/www.sonoraenequipo.com.mx\/dan-banderazo-a-acciones-de-la-segunda-jornada-nacional-de-salud-publica\/\"},\"author\":{\"name\":\"enequipo\",\"@id\":\"https:\/\/www.sonoraenequipo.com.mx\/#\/schema\/person\/50102df0fb23a8fa9e8effad8fa81386\"},\"headline\":\"Dan \u201cbanderazo\u201d a acciones de la Segunda Jornada Nacional de Salud P\u00fablica\",\"datePublished\":\"2023-11-09T04:39:00+00:00\",\"dateModified\":\"2023-11-09T16:47:02+00:00\",\"mainEntityOfPage\":{\"@id\":\"https:\/\/www.sonoraenequipo.com.mx\/dan-banderazo-a-acciones-de-la-segunda-jornada-nacional-de-salud-publica\/\"},\"wordCount\":298,\"commentCount\":0,\"publisher\":{\"@id\":\"https:\/\/www.sonoraenequipo.com.mx\/#organization\"},\"image\":{\"@id\":\"https:\/\/www.sonoraenequipo.com.mx\/dan-banderazo-a-acciones-de-la-segunda-jornada-nacional-de-salud-publica\/#primaryimage\"},\"thumbnailUrl\":\"https:\/\/www.sonoraenequipo.com.mx\/storage\/2023\/11\/Segunda-Jornada-Nacional-de-Salud-Publica....-min.jpg\",\"articleSection\":[\"Sonora\"],\"inLanguage\":\"es\",\"potentialAction\":[{\"@type\":\"CommentAction\",\"name\":\"Comment\",\"target\":[\"https:\/\/www.sonoraenequipo.com.mx\/dan-banderazo-a-acciones-de-la-segunda-jornada-nacional-de-salud-publica\/#respond\"]}]},{\"@type\":\"WebPage\",\"@id\":\"https:\/\/www.sonoraenequipo.com.mx\/dan-banderazo-a-acciones-de-la-segunda-jornada-nacional-de-salud-publica\/\",\"url\":\"https:\/\/www.sonoraenequipo.com.mx\/dan-banderazo-a-acciones-de-la-segunda-jornada-nacional-de-salud-publica\/\",\"name\":\"Sonora en Equipo. Dan \u201cbanderazo\u201d a acciones de la Segunda Jornada Nacional de Salud P\u00fablica Sonora\",\"isPartOf\":{\"@id\":\"https:\/\/www.sonoraenequipo.com.mx\/#website\"},\"primaryImageOfPage\":{\"@id\":\"https:\/\/www.sonoraenequipo.com.mx\/dan-banderazo-a-acciones-de-la-segunda-jornada-nacional-de-salud-publica\/#primaryimage\"},\"image\":{\"@id\":\"https:\/\/www.sonoraenequipo.com.mx\/dan-banderazo-a-acciones-de-la-segunda-jornada-nacional-de-salud-publica\/#primaryimage\"},\"thumbnailUrl\":\"https:\/\/www.sonoraenequipo.com.mx\/storage\/2023\/11\/Segunda-Jornada-Nacional-de-Salud-Publica....-min.jpg\",\"datePublished\":\"2023-11-09T04:39:00+00:00\",\"dateModified\":\"2023-11-09T16:47:02+00:00\",\"description\":\"HERMOSILLO, SONORA. MX. \u2014 La Secretar\u00eda de Salud (SSA) inici\u00f3 la Segunda Jornada Nacional de Salud P\u00fablica en el Centro de Salud Urbano \u201cLa Floresta\u201d en En Sonora en Equipo publicamos toda la informaci\u00f3n de Sonora, M\u00e9xico y el Mundo de manera oportuna y busca que la libertad de expresi\u00f3n sea real. Visita nuestro medio informativo publicado desde Hermosillo, Sonora. %\",\"breadcrumb\":{\"@id\":\"https:\/\/www.sonoraenequipo.com.mx\/dan-banderazo-a-acciones-de-la-segunda-jornada-nacional-de-salud-publica\/#breadcrumb\"},\"inLanguage\":\"es\",\"potentialAction\":[{\"@type\":\"ReadAction\",\"target\":[\"https:\/\/www.sonoraenequipo.com.mx\/dan-banderazo-a-acciones-de-la-segunda-jornada-nacional-de-salud-publica\/\"]}]},{\"@type\":\"ImageObject\",\"inLanguage\":\"es\",\"@id\":\"https:\/\/www.sonoraenequipo.com.mx\/dan-banderazo-a-acciones-de-la-segunda-jornada-nacional-de-salud-publica\/#primaryimage\",\"url\":\"https:\/\/www.sonoraenequipo.com.mx\/storage\/2023\/11\/Segunda-Jornada-Nacional-de-Salud-Publica....-min.jpg\",\"contentUrl\":\"https:\/\/www.sonoraenequipo.com.mx\/storage\/2023\/11\/Segunda-Jornada-Nacional-de-Salud-Publica....-min.jpg\",\"width\":900,\"height\":522},{\"@type\":\"BreadcrumbList\",\"@id\":\"https:\/\/www.sonoraenequipo.com.mx\/dan-banderazo-a-acciones-de-la-segunda-jornada-nacional-de-salud-publica\/#breadcrumb\",\"itemListElement\":[{\"@type\":\"ListItem\",\"position\":1,\"name\":\"Portada\",\"item\":\"https:\/\/www.sonoraenequipo.com.mx\/\"},{\"@type\":\"ListItem\",\"position\":2,\"name\":\"Dan \u201cbanderazo\u201d a acciones de la Segunda Jornada Nacional de Salud P\u00fablica\"}]},{\"@type\":\"WebSite\",\"@id\":\"https:\/\/www.sonoraenequipo.com.mx\/#website\",\"url\":\"https:\/\/www.sonoraenequipo.com.mx\/\",\"name\":\"Sonora en Equipo.\",\"description\":\"Diario en l\u00ednea con Noticias desde Hermosillo, Sonora\",\"publisher\":{\"@id\":\"https:\/\/www.sonoraenequipo.com.mx\/#organization\"},\"potentialAction\":[{\"@type\":\"SearchAction\",\"target\":{\"@type\":\"EntryPoint\",\"urlTemplate\":\"https:\/\/www.sonoraenequipo.com.mx\/?s={search_term_string}\"},\"query-input\":{\"@type\":\"PropertyValueSpecification\",\"valueRequired\":true,\"valueName\":\"search_term_string\"}}],\"inLanguage\":\"es\"},{\"@type\":\"Organization\",\"@id\":\"https:\/\/www.sonoraenequipo.com.mx\/#organization\",\"name\":\"Sonoraenequipo.com.mx\",\"url\":\"https:\/\/www.sonoraenequipo.com.mx\/\",\"logo\":{\"@type\":\"ImageObject\",\"inLanguage\":\"es\",\"@id\":\"https:\/\/www.sonoraenequipo.com.mx\/#\/schema\/logo\/image\/\",\"url\":\"https:\/\/www.sonoraenequipo.com.mx\/storage\/2019\/01\/sonoraenequipo_opt.png\",\"contentUrl\":\"https:\/\/www.sonoraenequipo.com.mx\/storage\/2019\/01\/sonoraenequipo_opt.png\",\"width\":375,\"height\":125,\"caption\":\"Sonoraenequipo.com.mx\"},\"image\":{\"@id\":\"https:\/\/www.sonoraenequipo.com.mx\/#\/schema\/logo\/image\/\"},\"sameAs\":[\"https:\/\/www.facebook.com\/SonoraEE\/\",\"https:\/\/x.com\/sonoraenequipo\",\"https:\/\/www.youtube.com\/channel\/UC338nW-lPEYmJQs4ZABQ1SQ\"]},{\"@type\":\"Person\",\"@id\":\"https:\/\/www.sonoraenequipo.com.mx\/#\/schema\/person\/50102df0fb23a8fa9e8effad8fa81386\",\"name\":\"enequipo\",\"image\":{\"@type\":\"ImageObject\",\"inLanguage\":\"es\",\"@id\":\"https:\/\/www.sonoraenequipo.com.mx\/#\/schema\/person\/image\/\",\"url\":\"https:\/\/secure.gravatar.com\/avatar\/049821681b589dabc0bc20695993ccebb09f5b5d4d790cd9251b97faac7c652b?s=96&d=blank&r=g\",\"contentUrl\":\"https:\/\/secure.gravatar.com\/avatar\/049821681b589dabc0bc20695993ccebb09f5b5d4d790cd9251b97faac7c652b?s=96&d=blank&r=g\",\"caption\":\"enequipo\"},\"sameAs\":[\"https:\/\/www.facebook.com\/SonoraEE\"]}]}<\/script>\n ","yoast_head_json":{"title":"Sonora en Equipo. Dan \u201cbanderazo\u201d a acciones de la Segunda Jornada Nacional de Salud P\u00fablica Sonora","description":"HERMOSILLO, SONORA. MX. \u2014 La Secretar\u00eda de Salud (SSA) inici\u00f3 la Segunda Jornada Nacional de Salud P\u00fablica en el Centro de Salud Urbano \u201cLa Floresta\u201d en En Sonora en Equipo publicamos toda la informaci\u00f3n de Sonora, M\u00e9xico y el Mundo de manera oportuna y busca que la libertad de expresi\u00f3n sea real. Visita nuestro medio informativo publicado desde Hermosillo, Sonora. %","robots":{"index":"index","follow":"follow","max-snippet":"max-snippet:-1","max-image-preview":"max-image-preview:large","max-video-preview":"max-video-preview:-1"},"canonical":"https:\/\/www.sonoraenequipo.com.mx\/dan-banderazo-a-acciones-de-la-segunda-jornada-nacional-de-salud-publica\/","og_locale":"es_ES","og_type":"article","og_title":"Sonora en Equipo. Dan \u201cbanderazo\u201d a acciones de la Segunda Jornada Nacional de Salud P\u00fablica Sonora","og_description":"HERMOSILLO, SONORA. MX. \u2014 La Secretar\u00eda de Salud (SSA) inici\u00f3 la Segunda Jornada Nacional de Salud P\u00fablica en el Centro de Salud Urbano \u201cLa Floresta\u201d en En Sonora en Equipo publicamos toda la informaci\u00f3n de Sonora, M\u00e9xico y el Mundo de manera oportuna y busca que la libertad de expresi\u00f3n sea real. Visita nuestro medio informativo publicado desde Hermosillo, Sonora. %","og_url":"https:\/\/www.sonoraenequipo.com.mx\/dan-banderazo-a-acciones-de-la-segunda-jornada-nacional-de-salud-publica\/","og_site_name":"Sonora en Equipo.","article_publisher":"https:\/\/www.facebook.com\/SonoraEE\/","article_author":"https:\/\/www.facebook.com\/SonoraEE","article_published_time":"2023-11-09T04:39:00+00:00","article_modified_time":"2023-11-09T16:47:02+00:00","og_image":[{"width":900,"height":522,"url":"https:\/\/www.sonoraenequipo.com.mx\/storage\/2023\/11\/Segunda-Jornada-Nacional-de-Salud-Publica....-min.jpg","type":"image\/jpeg"}],"author":"enequipo","twitter_card":"summary_large_image","twitter_creator":"@sonoraenequipo","twitter_site":"@sonoraenequipo","twitter_misc":{"Escrito por":"enequipo","Tiempo de lectura":"1 minuto"},"schema":{"@context":"https:\/\/schema.org","@graph":[{"@type":"Article","@id":"https:\/\/www.sonoraenequipo.com.mx\/dan-banderazo-a-acciones-de-la-segunda-jornada-nacional-de-salud-publica\/#article","isPartOf":{"@id":"https:\/\/www.sonoraenequipo.com.mx\/dan-banderazo-a-acciones-de-la-segunda-jornada-nacional-de-salud-publica\/"},"author":{"name":"enequipo","@id":"https:\/\/www.sonoraenequipo.com.mx\/#\/schema\/person\/50102df0fb23a8fa9e8effad8fa81386"},"headline":"Dan \u201cbanderazo\u201d a acciones de la Segunda Jornada Nacional de Salud P\u00fablica","datePublished":"2023-11-09T04:39:00+00:00","dateModified":"2023-11-09T16:47:02+00:00","mainEntityOfPage":{"@id":"https:\/\/www.sonoraenequipo.com.mx\/dan-banderazo-a-acciones-de-la-segunda-jornada-nacional-de-salud-publica\/"},"wordCount":298,"commentCount":0,"publisher":{"@id":"https:\/\/www.sonoraenequipo.com.mx\/#organization"},"image":{"@id":"https:\/\/www.sonoraenequipo.com.mx\/dan-banderazo-a-acciones-de-la-segunda-jornada-nacional-de-salud-publica\/#primaryimage"},"thumbnailUrl":"https:\/\/www.sonoraenequipo.com.mx\/storage\/2023\/11\/Segunda-Jornada-Nacional-de-Salud-Publica....-min.jpg","articleSection":["Sonora"],"inLanguage":"es","potentialAction":[{"@type":"CommentAction","name":"Comment","target":["https:\/\/www.sonoraenequipo.com.mx\/dan-banderazo-a-acciones-de-la-segunda-jornada-nacional-de-salud-publica\/#respond"]}]},{"@type":"WebPage","@id":"https:\/\/www.sonoraenequipo.com.mx\/dan-banderazo-a-acciones-de-la-segunda-jornada-nacional-de-salud-publica\/","url":"https:\/\/www.sonoraenequipo.com.mx\/dan-banderazo-a-acciones-de-la-segunda-jornada-nacional-de-salud-publica\/","name":"Sonora en Equipo. Dan \u201cbanderazo\u201d a acciones de la Segunda Jornada Nacional de Salud P\u00fablica Sonora","isPartOf":{"@id":"https:\/\/www.sonoraenequipo.com.mx\/#website"},"primaryImageOfPage":{"@id":"https:\/\/www.sonoraenequipo.com.mx\/dan-banderazo-a-acciones-de-la-segunda-jornada-nacional-de-salud-publica\/#primaryimage"},"image":{"@id":"https:\/\/www.sonoraenequipo.com.mx\/dan-banderazo-a-acciones-de-la-segunda-jornada-nacional-de-salud-publica\/#primaryimage"},"thumbnailUrl":"https:\/\/www.sonoraenequipo.com.mx\/storage\/2023\/11\/Segunda-Jornada-Nacional-de-Salud-Publica....-min.jpg","datePublished":"2023-11-09T04:39:00+00:00","dateModified":"2023-11-09T16:47:02+00:00","description":"HERMOSILLO, SONORA. MX. \u2014 La Secretar\u00eda de Salud (SSA) inici\u00f3 la Segunda Jornada Nacional de Salud P\u00fablica en el Centro de Salud Urbano \u201cLa Floresta\u201d en En Sonora en Equipo publicamos toda la informaci\u00f3n de Sonora, M\u00e9xico y el Mundo de manera oportuna y busca que la libertad de expresi\u00f3n sea real. Visita nuestro medio informativo publicado desde Hermosillo, Sonora. %","breadcrumb":{"@id":"https:\/\/www.sonoraenequipo.com.mx\/dan-banderazo-a-acciones-de-la-segunda-jornada-nacional-de-salud-publica\/#breadcrumb"},"inLanguage":"es","potentialAction":[{"@type":"ReadAction","target":["https:\/\/www.sonoraenequipo.com.mx\/dan-banderazo-a-acciones-de-la-segunda-jornada-nacional-de-salud-publica\/"]}]},{"@type":"ImageObject","inLanguage":"es","@id":"https:\/\/www.sonoraenequipo.com.mx\/dan-banderazo-a-acciones-de-la-segunda-jornada-nacional-de-salud-publica\/#primaryimage","url":"https:\/\/www.sonoraenequipo.com.mx\/storage\/2023\/11\/Segunda-Jornada-Nacional-de-Salud-Publica....-min.jpg","contentUrl":"https:\/\/www.sonoraenequipo.com.mx\/storage\/2023\/11\/Segunda-Jornada-Nacional-de-Salud-Publica....-min.jpg","width":900,"height":522},{"@type":"BreadcrumbList","@id":"https:\/\/www.sonoraenequipo.com.mx\/dan-banderazo-a-acciones-de-la-segunda-jornada-nacional-de-salud-publica\/#breadcrumb","itemListElement":[{"@type":"ListItem","position":1,"name":"Portada","item":"https:\/\/www.sonoraenequipo.com.mx\/"},{"@type":"ListItem","position":2,"name":"Dan \u201cbanderazo\u201d a acciones de la Segunda Jornada Nacional de Salud P\u00fablica"}]},{"@type":"WebSite","@id":"https:\/\/www.sonoraenequipo.com.mx\/#website","url":"https:\/\/www.sonoraenequipo.com.mx\/","name":"Sonora en Equipo.","description":"Diario en l\u00ednea con Noticias desde Hermosillo, Sonora","publisher":{"@id":"https:\/\/www.sonoraenequipo.com.mx\/#organization"},"potentialAction":[{"@type":"SearchAction","target":{"@type":"EntryPoint","urlTemplate":"https:\/\/www.sonoraenequipo.com.mx\/?s={search_term_string}"},"query-input":{"@type":"PropertyValueSpecification","valueRequired":true,"valueName":"search_term_string"}}],"inLanguage":"es"},{"@type":"Organization","@id":"https:\/\/www.sonoraenequipo.com.mx\/#organization","name":"Sonoraenequipo.com.mx","url":"https:\/\/www.sonoraenequipo.com.mx\/","logo":{"@type":"ImageObject","inLanguage":"es","@id":"https:\/\/www.sonoraenequipo.com.mx\/#\/schema\/logo\/image\/","url":"https:\/\/www.sonoraenequipo.com.mx\/storage\/2019\/01\/sonoraenequipo_opt.png","contentUrl":"https:\/\/www.sonoraenequipo.com.mx\/storage\/2019\/01\/sonoraenequipo_opt.png","width":375,"height":125,"caption":"Sonoraenequipo.com.mx"},"image":{"@id":"https:\/\/www.sonoraenequipo.com.mx\/#\/schema\/logo\/image\/"},"sameAs":["https:\/\/www.facebook.com\/SonoraEE\/","https:\/\/x.com\/sonoraenequipo","https:\/\/www.youtube.com\/channel\/UC338nW-lPEYmJQs4ZABQ1SQ"]},{"@type":"Person","@id":"https:\/\/www.sonoraenequipo.com.mx\/#\/schema\/person\/50102df0fb23a8fa9e8effad8fa81386","name":"enequipo","image":{"@type":"ImageObject","inLanguage":"es","@id":"https:\/\/www.sonoraenequipo.com.mx\/#\/schema\/person\/image\/","url":"https:\/\/secure.gravatar.com\/avatar\/049821681b589dabc0bc20695993ccebb09f5b5d4d790cd9251b97faac7c652b?s=96&d=blank&r=g","contentUrl":"https:\/\/secure.gravatar.com\/avatar\/049821681b589dabc0bc20695993ccebb09f5b5d4d790cd9251b97faac7c652b?s=96&d=blank&r=g","caption":"enequipo"},"sameAs":["https:\/\/www.facebook.com\/SonoraEE"]}]}},"jetpack_featured_media_url":"https:\/\/www.sonoraenequipo.com.mx\/storage\/2023\/11\/Segunda-Jornada-Nacional-de-Salud-Publica....-min.jpg","_links":{"self":[{"href":"https:\/\/www.sonoraenequipo.com.mx\/api\/wp\/v2\/posts\/178720","targetHints":{"allow":["GET"]}}],"collection":[{"href":"https:\/\/www.sonoraenequipo.com.mx\/api\/wp\/v2\/posts"}],"about":[{"href":"https:\/\/www.sonoraenequipo.com.mx\/api\/wp\/v2\/types\/post"}],"author":[{"embeddable":true,"href":"https:\/\/www.sonoraenequipo.com.mx\/api\/wp\/v2\/users\/1"}],"replies":[{"embeddable":true,"href":"https:\/\/www.sonoraenequipo.com.mx\/api\/wp\/v2\/comments?post=178720"}],"version-history":[{"count":1,"href":"https:\/\/www.sonoraenequipo.com.mx\/api\/wp\/v2\/posts\/178720\/revisions"}],"predecessor-version":[{"id":178721,"href":"https:\/\/www.sonoraenequipo.com.mx\/api\/wp\/v2\/posts\/178720\/revisions\/178721"}],"wp:featuredmedia":[{"embeddable":true,"href":"https:\/\/www.sonoraenequipo.com.mx\/api\/wp\/v2\/media\/178715"}],"wp:attachment":[{"href":"https:\/\/www.sonoraenequipo.com.mx\/api\/wp\/v2\/media?parent=178720"}],"wp:term":[{"taxonomy":"category","embeddable":true,"href":"https:\/\/www.sonoraenequipo.com.mx\/api\/wp\/v2\/categories?post=178720"},{"taxonomy":"post_tag","embeddable":true,"href":"https:\/\/www.sonoraenequipo.com.mx\/api\/wp\/v2\/tags?post=178720"}],"curies":[{"name":"wp","href":"https:\/\/api.w.org\/{rel}","templated":true}]}}