{"id":178734,"date":"2023-11-08T18:54:49","date_gmt":"2023-11-09T01:54:49","guid":{"rendered":"https:\/\/www.sonoraenequipo.com.mx\/?p=178734"},"modified":"2023-11-09T13:48:29","modified_gmt":"2023-11-09T20:48:29","slug":"cofundador-de-apple-steve-wozniak-sufre-derrame-cerebral-en-cdmx","status":"publish","type":"post","link":"https:\/\/www.sonoraenequipo.com.mx\/cofundador-de-apple-steve-wozniak-sufre-derrame-cerebral-en-cdmx\/","title":{"rendered":"Cofundador de Apple Steve Wozniak, sufre derrame cerebral en CDMX"},"content":{"rendered":"<p><strong>CIUDAD DE M\u00c9XICO. MX.<\/strong> \u2014 Steve Wozniak, cofundador de Apple, fue hospitalizado tras sufrir un derrame cerebral en Ciudad de M\u00e9xico, donde ten\u00eda previsto participar en un foro econ\u00f3mico internacional el mi\u00e9rcoles, informaron medios mexicanos y estadounidenses.<\/p>\n<p>&nbsp;<\/p>\n<p> <\/p>\n<p>Wozniak, de 73 a\u00f1os, estaba entre los oradores programados en el Foro Empresarial Mundial 2023, pero fue hospitalizado despu\u00e9s de desmayarse justo antes de asistir al evento, inform\u00f3 la CNN, citando una fuente no identificada entre los organizadores del foro.<\/p>\n<p>&nbsp;<\/p>\n<p>&nbsp;<\/p>\n<p>La televisi\u00f3n estadounidense no proporcion\u00f3 detalles sobre su estado de salud. Seg\u00fan el sitio de noticias TMZ, Wozniak le dijo a su esposa que se<em><strong> \u201csent\u00eda raro\u201c.<\/strong><\/em><\/p>\n<p>&nbsp;<\/p>\n<p>&nbsp;<\/p>\n<p><strong><em>\u201cVarias personas del equipo de Steve est\u00e1n volando desde Estados Unidos en un jet privado para averiguar qu\u00e9 pas\u00f3 y llevarlo a recibir tratamiento si es necesario\u201d<\/em><\/strong>, inform\u00f3 TMZ en espa\u00f1ol.<\/p>\n<p>&nbsp;<\/p>\n<p>&nbsp;<\/p>\n<p>Seg\u00fan medios mexicanos, entre ellos el canal de televisi\u00f3n Televisa y el diario El Universal, Wozniak sufri\u00f3 un derrame cerebral y se encuentra en un hospital privado en estado <strong>\u201cestable\u201d.<\/strong><\/p>\n<p>&nbsp;<\/p>\n<p>&nbsp;<\/p>\n<p>Wozniak cofund\u00f3 Apple Computer Inc., en 1976, con Steve Jobs, fallecido en 2011. Seg\u00fan el diario El Financiero, durante el foro deb\u00eda hablar sobre su trabajo con Jobs y sobre los riesgos que presenta la tecnolog\u00eda, sobre todo en cuestiones de inteligencia artificial y criptomonedas, seg\u00fan el sitio del foro.<\/p>\n<p>&nbsp;<\/p>\n<p>&nbsp;<\/p>\n<p>PUBLICADO EL 09 NOVIEMBRE DE 2023\/ Con informaci\u00f3n de AFP)<\/p>\n","protected":false},"excerpt":{"rendered":"<p>CIUDAD DE M\u00c9XICO. MX. \u2014 Steve Wozniak, cofundador de Apple, fue hospitalizado tras sufrir un&#8230;<\/p>\n","protected":false},"author":1,"featured_media":178738,"comment_status":"open","ping_status":"open","sticky":false,"template":"","format":"standard","meta":{"_monsterinsights_skip_tracking":false,"_monsterinsights_sitenote_active":false,"_monsterinsights_sitenote_note":"","_monsterinsights_sitenote_category":0,"footnotes":""},"categories":[3],"tags":[],"class_list":["post"],"yoast_head":" \n<title>Sonora en Equipo. Cofundador de Apple Steve Wozniak, sufre derrame cerebral en CDMX<\/title>\n<meta name=\"description\" content=\"CIUDAD DE M\u00c9XICO. MX. \u2014 Steve Wozniak, cofundador de Apple, fue hospitalizado tras sufrir un derrame cerebral en Ciudad de M\u00e9xico, donde ten\u00eda previsto En Sonora en Equipo publicamos toda la informaci\u00f3n de Sonora, M\u00e9xico y el Mundo de manera oportuna y busca que la libertad de expresi\u00f3n sea real. Visita nuestro medio informativo publicado desde Hermosillo, Sonora. %\" \/>\n<meta name=\"robots\" content=\"index, follow, max-snippet:-1, max-image-preview:large, max-video-preview:-1\" \/>\n<link rel=\"canonical\" href=\"https:\/\/www.sonoraenequipo.com.mx\/cofundador-de-apple-steve-wozniak-sufre-derrame-cerebral-en-cdmx\/\" \/>\n<meta property=\"og:locale\" content=\"es_ES\" \/>\n<meta property=\"og:type\" content=\"article\" \/>\n<meta property=\"og:title\" content=\"Sonora en Equipo. Cofundador de Apple Steve Wozniak, sufre derrame cerebral en CDMX\" \/>\n<meta property=\"og:description\" content=\"CIUDAD DE M\u00c9XICO. MX. \u2014 Steve Wozniak, cofundador de Apple, fue hospitalizado tras sufrir un derrame cerebral en Ciudad de M\u00e9xico, donde ten\u00eda previsto En Sonora en Equipo publicamos toda la informaci\u00f3n de Sonora, M\u00e9xico y el Mundo de manera oportuna y busca que la libertad de expresi\u00f3n sea real. Visita nuestro medio informativo publicado desde Hermosillo, Sonora. %\" \/>\n<meta property=\"og:url\" content=\"https:\/\/www.sonoraenequipo.com.mx\/cofundador-de-apple-steve-wozniak-sufre-derrame-cerebral-en-cdmx\/\" \/>\n<meta property=\"og:site_name\" content=\"Sonora en Equipo.\" \/>\n<meta property=\"article:publisher\" content=\"https:\/\/www.facebook.com\/SonoraEE\/\" \/>\n<meta property=\"article:author\" content=\"https:\/\/www.facebook.com\/SonoraEE\" \/>\n<meta property=\"article:published_time\" content=\"2023-11-09T01:54:49+00:00\" \/>\n<meta property=\"article:modified_time\" content=\"2023-11-09T20:48:29+00:00\" \/>\n<meta property=\"og:image\" content=\"https:\/\/www.sonoraenequipo.com.mx\/storage\/2023\/11\/Steve-Wozniak-sufre-derrame-cerebral-min.jpg\" \/>\n\t<meta property=\"og:image:width\" content=\"992\" \/>\n\t<meta property=\"og:image:height\" content=\"565\" \/>\n\t<meta property=\"og:image:type\" content=\"image\/jpeg\" \/>\n<meta name=\"author\" content=\"enequipo\" \/>\n<meta name=\"twitter:card\" content=\"summary_large_image\" \/>\n<meta name=\"twitter:creator\" content=\"@sonoraenequipo\" \/>\n<meta name=\"twitter:site\" content=\"@sonoraenequipo\" \/>\n<meta name=\"twitter:label1\" content=\"Escrito por\" \/>\n\t<meta name=\"twitter:data1\" content=\"enequipo\" \/>\n\t<meta name=\"twitter:label2\" content=\"Tiempo de lectura\" \/>\n\t<meta name=\"twitter:data2\" content=\"1 minuto\" \/>\n<script type=\"application\/ld+json\" class=\"yoast-schema-graph\">{\"@context\":\"https:\/\/schema.org\",\"@graph\":[{\"@type\":\"Article\",\"@id\":\"https:\/\/www.sonoraenequipo.com.mx\/cofundador-de-apple-steve-wozniak-sufre-derrame-cerebral-en-cdmx\/#article\",\"isPartOf\":{\"@id\":\"https:\/\/www.sonoraenequipo.com.mx\/cofundador-de-apple-steve-wozniak-sufre-derrame-cerebral-en-cdmx\/\"},\"author\":{\"name\":\"enequipo\",\"@id\":\"https:\/\/www.sonoraenequipo.com.mx\/#\/schema\/person\/50102df0fb23a8fa9e8effad8fa81386\"},\"headline\":\"Cofundador de Apple Steve Wozniak, sufre derrame cerebral en CDMX\",\"datePublished\":\"2023-11-09T01:54:49+00:00\",\"dateModified\":\"2023-11-09T20:48:29+00:00\",\"mainEntityOfPage\":{\"@id\":\"https:\/\/www.sonoraenequipo.com.mx\/cofundador-de-apple-steve-wozniak-sufre-derrame-cerebral-en-cdmx\/\"},\"wordCount\":258,\"commentCount\":0,\"publisher\":{\"@id\":\"https:\/\/www.sonoraenequipo.com.mx\/#organization\"},\"image\":{\"@id\":\"https:\/\/www.sonoraenequipo.com.mx\/cofundador-de-apple-steve-wozniak-sufre-derrame-cerebral-en-cdmx\/#primaryimage\"},\"thumbnailUrl\":\"https:\/\/www.sonoraenequipo.com.mx\/storage\/2023\/11\/Steve-Wozniak-sufre-derrame-cerebral-min.jpg\",\"articleSection\":[\"MUNDO\"],\"inLanguage\":\"es\",\"potentialAction\":[{\"@type\":\"CommentAction\",\"name\":\"Comment\",\"target\":[\"https:\/\/www.sonoraenequipo.com.mx\/cofundador-de-apple-steve-wozniak-sufre-derrame-cerebral-en-cdmx\/#respond\"]}]},{\"@type\":\"WebPage\",\"@id\":\"https:\/\/www.sonoraenequipo.com.mx\/cofundador-de-apple-steve-wozniak-sufre-derrame-cerebral-en-cdmx\/\",\"url\":\"https:\/\/www.sonoraenequipo.com.mx\/cofundador-de-apple-steve-wozniak-sufre-derrame-cerebral-en-cdmx\/\",\"name\":\"Sonora en Equipo. Cofundador de Apple Steve Wozniak, sufre derrame cerebral en CDMX\",\"isPartOf\":{\"@id\":\"https:\/\/www.sonoraenequipo.com.mx\/#website\"},\"primaryImageOfPage\":{\"@id\":\"https:\/\/www.sonoraenequipo.com.mx\/cofundador-de-apple-steve-wozniak-sufre-derrame-cerebral-en-cdmx\/#primaryimage\"},\"image\":{\"@id\":\"https:\/\/www.sonoraenequipo.com.mx\/cofundador-de-apple-steve-wozniak-sufre-derrame-cerebral-en-cdmx\/#primaryimage\"},\"thumbnailUrl\":\"https:\/\/www.sonoraenequipo.com.mx\/storage\/2023\/11\/Steve-Wozniak-sufre-derrame-cerebral-min.jpg\",\"datePublished\":\"2023-11-09T01:54:49+00:00\",\"dateModified\":\"2023-11-09T20:48:29+00:00\",\"description\":\"CIUDAD DE M\u00c9XICO. MX. \u2014 Steve Wozniak, cofundador de Apple, fue hospitalizado tras sufrir un derrame cerebral en Ciudad de M\u00e9xico, donde ten\u00eda previsto En Sonora en Equipo publicamos toda la informaci\u00f3n de Sonora, M\u00e9xico y el Mundo de manera oportuna y busca que la libertad de expresi\u00f3n sea real. Visita nuestro medio informativo publicado desde Hermosillo, Sonora. %\",\"breadcrumb\":{\"@id\":\"https:\/\/www.sonoraenequipo.com.mx\/cofundador-de-apple-steve-wozniak-sufre-derrame-cerebral-en-cdmx\/#breadcrumb\"},\"inLanguage\":\"es\",\"potentialAction\":[{\"@type\":\"ReadAction\",\"target\":[\"https:\/\/www.sonoraenequipo.com.mx\/cofundador-de-apple-steve-wozniak-sufre-derrame-cerebral-en-cdmx\/\"]}]},{\"@type\":\"ImageObject\",\"inLanguage\":\"es\",\"@id\":\"https:\/\/www.sonoraenequipo.com.mx\/cofundador-de-apple-steve-wozniak-sufre-derrame-cerebral-en-cdmx\/#primaryimage\",\"url\":\"https:\/\/www.sonoraenequipo.com.mx\/storage\/2023\/11\/Steve-Wozniak-sufre-derrame-cerebral-min.jpg\",\"contentUrl\":\"https:\/\/www.sonoraenequipo.com.mx\/storage\/2023\/11\/Steve-Wozniak-sufre-derrame-cerebral-min.jpg\",\"width\":992,\"height\":565},{\"@type\":\"BreadcrumbList\",\"@id\":\"https:\/\/www.sonoraenequipo.com.mx\/cofundador-de-apple-steve-wozniak-sufre-derrame-cerebral-en-cdmx\/#breadcrumb\",\"itemListElement\":[{\"@type\":\"ListItem\",\"position\":1,\"name\":\"Portada\",\"item\":\"https:\/\/www.sonoraenequipo.com.mx\/\"},{\"@type\":\"ListItem\",\"position\":2,\"name\":\"Cofundador de Apple Steve Wozniak, sufre derrame cerebral en CDMX\"}]},{\"@type\":\"WebSite\",\"@id\":\"https:\/\/www.sonoraenequipo.com.mx\/#website\",\"url\":\"https:\/\/www.sonoraenequipo.com.mx\/\",\"name\":\"Sonora en Equipo.\",\"description\":\"Diario en l\u00ednea con Noticias desde Hermosillo, Sonora\",\"publisher\":{\"@id\":\"https:\/\/www.sonoraenequipo.com.mx\/#organization\"},\"potentialAction\":[{\"@type\":\"SearchAction\",\"target\":{\"@type\":\"EntryPoint\",\"urlTemplate\":\"https:\/\/www.sonoraenequipo.com.mx\/?s={search_term_string}\"},\"query-input\":{\"@type\":\"PropertyValueSpecification\",\"valueRequired\":true,\"valueName\":\"search_term_string\"}}],\"inLanguage\":\"es\"},{\"@type\":\"Organization\",\"@id\":\"https:\/\/www.sonoraenequipo.com.mx\/#organization\",\"name\":\"Sonoraenequipo.com.mx\",\"url\":\"https:\/\/www.sonoraenequipo.com.mx\/\",\"logo\":{\"@type\":\"ImageObject\",\"inLanguage\":\"es\",\"@id\":\"https:\/\/www.sonoraenequipo.com.mx\/#\/schema\/logo\/image\/\",\"url\":\"https:\/\/www.sonoraenequipo.com.mx\/storage\/2019\/01\/sonoraenequipo_opt.png\",\"contentUrl\":\"https:\/\/www.sonoraenequipo.com.mx\/storage\/2019\/01\/sonoraenequipo_opt.png\",\"width\":375,\"height\":125,\"caption\":\"Sonoraenequipo.com.mx\"},\"image\":{\"@id\":\"https:\/\/www.sonoraenequipo.com.mx\/#\/schema\/logo\/image\/\"},\"sameAs\":[\"https:\/\/www.facebook.com\/SonoraEE\/\",\"https:\/\/x.com\/sonoraenequipo\",\"https:\/\/www.youtube.com\/channel\/UC338nW-lPEYmJQs4ZABQ1SQ\"]},{\"@type\":\"Person\",\"@id\":\"https:\/\/www.sonoraenequipo.com.mx\/#\/schema\/person\/50102df0fb23a8fa9e8effad8fa81386\",\"name\":\"enequipo\",\"image\":{\"@type\":\"ImageObject\",\"inLanguage\":\"es\",\"@id\":\"https:\/\/www.sonoraenequipo.com.mx\/#\/schema\/person\/image\/\",\"url\":\"https:\/\/secure.gravatar.com\/avatar\/049821681b589dabc0bc20695993ccebb09f5b5d4d790cd9251b97faac7c652b?s=96&d=blank&r=g\",\"contentUrl\":\"https:\/\/secure.gravatar.com\/avatar\/049821681b589dabc0bc20695993ccebb09f5b5d4d790cd9251b97faac7c652b?s=96&d=blank&r=g\",\"caption\":\"enequipo\"},\"sameAs\":[\"https:\/\/www.facebook.com\/SonoraEE\"]}]}<\/script>\n ","yoast_head_json":{"title":"Sonora en Equipo. Cofundador de Apple Steve Wozniak, sufre derrame cerebral en CDMX","description":"CIUDAD DE M\u00c9XICO. MX. \u2014 Steve Wozniak, cofundador de Apple, fue hospitalizado tras sufrir un derrame cerebral en Ciudad de M\u00e9xico, donde ten\u00eda previsto En Sonora en Equipo publicamos toda la informaci\u00f3n de Sonora, M\u00e9xico y el Mundo de manera oportuna y busca que la libertad de expresi\u00f3n sea real. Visita nuestro medio informativo publicado desde Hermosillo, Sonora. %","robots":{"index":"index","follow":"follow","max-snippet":"max-snippet:-1","max-image-preview":"max-image-preview:large","max-video-preview":"max-video-preview:-1"},"canonical":"https:\/\/www.sonoraenequipo.com.mx\/cofundador-de-apple-steve-wozniak-sufre-derrame-cerebral-en-cdmx\/","og_locale":"es_ES","og_type":"article","og_title":"Sonora en Equipo. Cofundador de Apple Steve Wozniak, sufre derrame cerebral en CDMX","og_description":"CIUDAD DE M\u00c9XICO. MX. \u2014 Steve Wozniak, cofundador de Apple, fue hospitalizado tras sufrir un derrame cerebral en Ciudad de M\u00e9xico, donde ten\u00eda previsto En Sonora en Equipo publicamos toda la informaci\u00f3n de Sonora, M\u00e9xico y el Mundo de manera oportuna y busca que la libertad de expresi\u00f3n sea real. Visita nuestro medio informativo publicado desde Hermosillo, Sonora. %","og_url":"https:\/\/www.sonoraenequipo.com.mx\/cofundador-de-apple-steve-wozniak-sufre-derrame-cerebral-en-cdmx\/","og_site_name":"Sonora en Equipo.","article_publisher":"https:\/\/www.facebook.com\/SonoraEE\/","article_author":"https:\/\/www.facebook.com\/SonoraEE","article_published_time":"2023-11-09T01:54:49+00:00","article_modified_time":"2023-11-09T20:48:29+00:00","og_image":[{"width":992,"height":565,"url":"https:\/\/www.sonoraenequipo.com.mx\/storage\/2023\/11\/Steve-Wozniak-sufre-derrame-cerebral-min.jpg","type":"image\/jpeg"}],"author":"enequipo","twitter_card":"summary_large_image","twitter_creator":"@sonoraenequipo","twitter_site":"@sonoraenequipo","twitter_misc":{"Escrito por":"enequipo","Tiempo de lectura":"1 minuto"},"schema":{"@context":"https:\/\/schema.org","@graph":[{"@type":"Article","@id":"https:\/\/www.sonoraenequipo.com.mx\/cofundador-de-apple-steve-wozniak-sufre-derrame-cerebral-en-cdmx\/#article","isPartOf":{"@id":"https:\/\/www.sonoraenequipo.com.mx\/cofundador-de-apple-steve-wozniak-sufre-derrame-cerebral-en-cdmx\/"},"author":{"name":"enequipo","@id":"https:\/\/www.sonoraenequipo.com.mx\/#\/schema\/person\/50102df0fb23a8fa9e8effad8fa81386"},"headline":"Cofundador de Apple Steve Wozniak, sufre derrame cerebral en CDMX","datePublished":"2023-11-09T01:54:49+00:00","dateModified":"2023-11-09T20:48:29+00:00","mainEntityOfPage":{"@id":"https:\/\/www.sonoraenequipo.com.mx\/cofundador-de-apple-steve-wozniak-sufre-derrame-cerebral-en-cdmx\/"},"wordCount":258,"commentCount":0,"publisher":{"@id":"https:\/\/www.sonoraenequipo.com.mx\/#organization"},"image":{"@id":"https:\/\/www.sonoraenequipo.com.mx\/cofundador-de-apple-steve-wozniak-sufre-derrame-cerebral-en-cdmx\/#primaryimage"},"thumbnailUrl":"https:\/\/www.sonoraenequipo.com.mx\/storage\/2023\/11\/Steve-Wozniak-sufre-derrame-cerebral-min.jpg","articleSection":["MUNDO"],"inLanguage":"es","potentialAction":[{"@type":"CommentAction","name":"Comment","target":["https:\/\/www.sonoraenequipo.com.mx\/cofundador-de-apple-steve-wozniak-sufre-derrame-cerebral-en-cdmx\/#respond"]}]},{"@type":"WebPage","@id":"https:\/\/www.sonoraenequipo.com.mx\/cofundador-de-apple-steve-wozniak-sufre-derrame-cerebral-en-cdmx\/","url":"https:\/\/www.sonoraenequipo.com.mx\/cofundador-de-apple-steve-wozniak-sufre-derrame-cerebral-en-cdmx\/","name":"Sonora en Equipo. Cofundador de Apple Steve Wozniak, sufre derrame cerebral en CDMX","isPartOf":{"@id":"https:\/\/www.sonoraenequipo.com.mx\/#website"},"primaryImageOfPage":{"@id":"https:\/\/www.sonoraenequipo.com.mx\/cofundador-de-apple-steve-wozniak-sufre-derrame-cerebral-en-cdmx\/#primaryimage"},"image":{"@id":"https:\/\/www.sonoraenequipo.com.mx\/cofundador-de-apple-steve-wozniak-sufre-derrame-cerebral-en-cdmx\/#primaryimage"},"thumbnailUrl":"https:\/\/www.sonoraenequipo.com.mx\/storage\/2023\/11\/Steve-Wozniak-sufre-derrame-cerebral-min.jpg","datePublished":"2023-11-09T01:54:49+00:00","dateModified":"2023-11-09T20:48:29+00:00","description":"CIUDAD DE M\u00c9XICO. MX. \u2014 Steve Wozniak, cofundador de Apple, fue hospitalizado tras sufrir un derrame cerebral en Ciudad de M\u00e9xico, donde ten\u00eda previsto En Sonora en Equipo publicamos toda la informaci\u00f3n de Sonora, M\u00e9xico y el Mundo de manera oportuna y busca que la libertad de expresi\u00f3n sea real. Visita nuestro medio informativo publicado desde Hermosillo, Sonora. %","breadcrumb":{"@id":"https:\/\/www.sonoraenequipo.com.mx\/cofundador-de-apple-steve-wozniak-sufre-derrame-cerebral-en-cdmx\/#breadcrumb"},"inLanguage":"es","potentialAction":[{"@type":"ReadAction","target":["https:\/\/www.sonoraenequipo.com.mx\/cofundador-de-apple-steve-wozniak-sufre-derrame-cerebral-en-cdmx\/"]}]},{"@type":"ImageObject","inLanguage":"es","@id":"https:\/\/www.sonoraenequipo.com.mx\/cofundador-de-apple-steve-wozniak-sufre-derrame-cerebral-en-cdmx\/#primaryimage","url":"https:\/\/www.sonoraenequipo.com.mx\/storage\/2023\/11\/Steve-Wozniak-sufre-derrame-cerebral-min.jpg","contentUrl":"https:\/\/www.sonoraenequipo.com.mx\/storage\/2023\/11\/Steve-Wozniak-sufre-derrame-cerebral-min.jpg","width":992,"height":565},{"@type":"BreadcrumbList","@id":"https:\/\/www.sonoraenequipo.com.mx\/cofundador-de-apple-steve-wozniak-sufre-derrame-cerebral-en-cdmx\/#breadcrumb","itemListElement":[{"@type":"ListItem","position":1,"name":"Portada","item":"https:\/\/www.sonoraenequipo.com.mx\/"},{"@type":"ListItem","position":2,"name":"Cofundador de Apple Steve Wozniak, sufre derrame cerebral en CDMX"}]},{"@type":"WebSite","@id":"https:\/\/www.sonoraenequipo.com.mx\/#website","url":"https:\/\/www.sonoraenequipo.com.mx\/","name":"Sonora en Equipo.","description":"Diario en l\u00ednea con Noticias desde Hermosillo, Sonora","publisher":{"@id":"https:\/\/www.sonoraenequipo.com.mx\/#organization"},"potentialAction":[{"@type":"SearchAction","target":{"@type":"EntryPoint","urlTemplate":"https:\/\/www.sonoraenequipo.com.mx\/?s={search_term_string}"},"query-input":{"@type":"PropertyValueSpecification","valueRequired":true,"valueName":"search_term_string"}}],"inLanguage":"es"},{"@type":"Organization","@id":"https:\/\/www.sonoraenequipo.com.mx\/#organization","name":"Sonoraenequipo.com.mx","url":"https:\/\/www.sonoraenequipo.com.mx\/","logo":{"@type":"ImageObject","inLanguage":"es","@id":"https:\/\/www.sonoraenequipo.com.mx\/#\/schema\/logo\/image\/","url":"https:\/\/www.sonoraenequipo.com.mx\/storage\/2019\/01\/sonoraenequipo_opt.png","contentUrl":"https:\/\/www.sonoraenequipo.com.mx\/storage\/2019\/01\/sonoraenequipo_opt.png","width":375,"height":125,"caption":"Sonoraenequipo.com.mx"},"image":{"@id":"https:\/\/www.sonoraenequipo.com.mx\/#\/schema\/logo\/image\/"},"sameAs":["https:\/\/www.facebook.com\/SonoraEE\/","https:\/\/x.com\/sonoraenequipo","https:\/\/www.youtube.com\/channel\/UC338nW-lPEYmJQs4ZABQ1SQ"]},{"@type":"Person","@id":"https:\/\/www.sonoraenequipo.com.mx\/#\/schema\/person\/50102df0fb23a8fa9e8effad8fa81386","name":"enequipo","image":{"@type":"ImageObject","inLanguage":"es","@id":"https:\/\/www.sonoraenequipo.com.mx\/#\/schema\/person\/image\/","url":"https:\/\/secure.gravatar.com\/avatar\/049821681b589dabc0bc20695993ccebb09f5b5d4d790cd9251b97faac7c652b?s=96&d=blank&r=g","contentUrl":"https:\/\/secure.gravatar.com\/avatar\/049821681b589dabc0bc20695993ccebb09f5b5d4d790cd9251b97faac7c652b?s=96&d=blank&r=g","caption":"enequipo"},"sameAs":["https:\/\/www.facebook.com\/SonoraEE"]}]}},"jetpack_featured_media_url":"https:\/\/www.sonoraenequipo.com.mx\/storage\/2023\/11\/Steve-Wozniak-sufre-derrame-cerebral-min.jpg","_links":{"self":[{"href":"https:\/\/www.sonoraenequipo.com.mx\/api\/wp\/v2\/posts\/178734","targetHints":{"allow":["GET"]}}],"collection":[{"href":"https:\/\/www.sonoraenequipo.com.mx\/api\/wp\/v2\/posts"}],"about":[{"href":"https:\/\/www.sonoraenequipo.com.mx\/api\/wp\/v2\/types\/post"}],"author":[{"embeddable":true,"href":"https:\/\/www.sonoraenequipo.com.mx\/api\/wp\/v2\/users\/1"}],"replies":[{"embeddable":true,"href":"https:\/\/www.sonoraenequipo.com.mx\/api\/wp\/v2\/comments?post=178734"}],"version-history":[{"count":1,"href":"https:\/\/www.sonoraenequipo.com.mx\/api\/wp\/v2\/posts\/178734\/revisions"}],"predecessor-version":[{"id":178739,"href":"https:\/\/www.sonoraenequipo.com.mx\/api\/wp\/v2\/posts\/178734\/revisions\/178739"}],"wp:featuredmedia":[{"embeddable":true,"href":"https:\/\/www.sonoraenequipo.com.mx\/api\/wp\/v2\/media\/178738"}],"wp:attachment":[{"href":"https:\/\/www.sonoraenequipo.com.mx\/api\/wp\/v2\/media?parent=178734"}],"wp:term":[{"taxonomy":"category","embeddable":true,"href":"https:\/\/www.sonoraenequipo.com.mx\/api\/wp\/v2\/categories?post=178734"},{"taxonomy":"post_tag","embeddable":true,"href":"https:\/\/www.sonoraenequipo.com.mx\/api\/wp\/v2\/tags?post=178734"}],"curies":[{"name":"wp","href":"https:\/\/api.w.org\/{rel}","templated":true}]}}