{"id":178740,"date":"2023-11-09T11:19:49","date_gmt":"2023-11-09T18:19:49","guid":{"rendered":"https:\/\/www.sonoraenequipo.com.mx\/?p=178740"},"modified":"2023-11-09T14:33:56","modified_gmt":"2023-11-09T21:33:56","slug":"ponen-en-marcha-somos-tu-red-de-apoyo-para-prevenir-la-violencia-contra-las-mujeres","status":"publish","type":"post","link":"https:\/\/www.sonoraenequipo.com.mx\/ponen-en-marcha-somos-tu-red-de-apoyo-para-prevenir-la-violencia-contra-las-mujeres\/","title":{"rendered":"Ponen en marcha Somos Tu Red de Apoyo para prevenir la violencia contra las mujeres"},"content":{"rendered":"<p><strong>HERMOSILLO, SONORA. MX. \u2014 <\/strong>Se suma Sonora a la estrategia nacional Somos tu red de apoyo, un esfuerzo insterinstitucional que busca fortalecer las pol\u00edticas p\u00fablicas de atenci\u00f3n integral de las mujeres, ni\u00f1as y adolescentes que son v\u00edctimas de violencia, con enfoque de g\u00e9nero, intercultural e interseccional.<\/p>\n<p>&nbsp;<\/p>\n<p> <\/p>\n<p>El gobernador Alfonso Durazo Monta\u00f1o est\u00e1 comprometido en sumar esfuerzos a favor de las mujeres, de empoderarlas integralmente para que logren salir de escenarios de violencia, a trav\u00e9s del trabajo coordinado entre las diferentes instancias municipales, federales y estatales, la sociedad civil y las organizaciones.<\/p>\n<p>&nbsp;<\/p>\n<p>&nbsp;<\/p>\n<p><strong><em>\u201cHay una gran oportunidad para que todos juntos podamos apoyar a nuestro gobernador en esta lucha, porque queremos erradicar la violencia, porque queremos que esos porcentajes que han venido a la baja en feminicidios, sigan as\u00ed, y queremos por supuesto que no se vuelvan a presentar<\/em><\/strong>\u201d, manifest\u00f3 la jefa de oficina del ejecutivo estatal, C\u00e9lida L\u00f3pez C\u00e1rdenas.<\/p>\n<p>&nbsp;<\/p>\n<p>&nbsp;<\/p>\n<p>La encargada de despacho de la Comisi\u00f3n Nacional para Prevenir y Erradicar la Violencia contra las Mujeres (Conavim), Sayda Yadira Blanco Morf\u00edn, subray\u00f3 que, desde 2022, \u2018Somos tu red de apoyo\u2019 es el mayor esfuerzo que se ha emprendido desde una administraci\u00f3n federal para coordinar acciones y garantizar el acceso de las mujeres a una vida libre de violencias.<\/p>\n<p>&nbsp;<\/p>\n<p>&nbsp;<\/p>\n<p>Se\u00f1al\u00f3 que es fundamental que las mujeres posean condiciones de denunciar y reciban de las instituciones no solo atenci\u00f3n integral y profesional, sino la calidez necesaria.<\/p>\n<p>&nbsp;<\/p>\n<p>&nbsp;<\/p>\n<p>En este sentido \u2013dijo\u2013 es indispensable que se cuente con centros de justicia accesibles, servicios de atenci\u00f3n m\u00e9dica, asesoramiento legal y apoyo psicol\u00f3gico, todos con la dignidad y el trato necesarios. Afirm\u00f3 que nadie puede ser indiferente ni espectador pasivo ante la violencia de g\u00e9nero, se debe actuar y alzar la voz.<\/p>\n<p>&nbsp;<\/p>\n<p>&nbsp;<\/p>\n<p>Con este evento protocolario, se dieron arranque a los trabajos de una serie de mesas a trav\u00e9s las cuales se busca eficientar las capacidades interinstitucionales, desde el gobierno del estado y los municipios, as\u00ed como las instancias de procuraci\u00f3n e impartici\u00f3n de justicia.<\/p>\n<p>&nbsp;<\/p>\n<p>&nbsp;<\/p>\n<p>PUBLICADO EL 09 NOVIEMBRE DE 2023\/ Con informaci\u00f3n de GOBSON 1123-064)<\/p>\n","protected":false},"excerpt":{"rendered":"<p>HERMOSILLO, SONORA. MX. \u2014 Se suma Sonora a la estrategia nacional Somos tu red de&#8230;<\/p>\n","protected":false},"author":1,"featured_media":178741,"comment_status":"open","ping_status":"open","sticky":false,"template":"","format":"standard","meta":{"_monsterinsights_skip_tracking":false,"_monsterinsights_sitenote_active":false,"_monsterinsights_sitenote_note":"","_monsterinsights_sitenote_category":0,"footnotes":""},"categories":[22],"tags":[],"class_list":["post"],"yoast_head":" \n<title>Sonora en Equipo. Ponen en marcha Somos Tu Red de Apoyo para prevenir la violencia contra las mujeres Sonora<\/title>\n<meta name=\"description\" content=\"HERMOSILLO, SONORA. MX. \u2014 Se suma Sonora a la estrategia nacional Somos tu red de apoyo, un esfuerzo insterinstitucional que busca fortalecer las En Sonora en Equipo publicamos toda la informaci\u00f3n de Sonora, M\u00e9xico y el Mundo de manera oportuna y busca que la libertad de expresi\u00f3n sea real. Visita nuestro medio informativo publicado desde Hermosillo, Sonora. %\" \/>\n<meta name=\"robots\" content=\"index, follow, max-snippet:-1, max-image-preview:large, max-video-preview:-1\" \/>\n<link rel=\"canonical\" href=\"https:\/\/www.sonoraenequipo.com.mx\/ponen-en-marcha-somos-tu-red-de-apoyo-para-prevenir-la-violencia-contra-las-mujeres\/\" \/>\n<meta property=\"og:locale\" content=\"es_ES\" \/>\n<meta property=\"og:type\" content=\"article\" \/>\n<meta property=\"og:title\" content=\"Sonora en Equipo. Ponen en marcha Somos Tu Red de Apoyo para prevenir la violencia contra las mujeres Sonora\" \/>\n<meta property=\"og:description\" content=\"HERMOSILLO, SONORA. MX. \u2014 Se suma Sonora a la estrategia nacional Somos tu red de apoyo, un esfuerzo insterinstitucional que busca fortalecer las En Sonora en Equipo publicamos toda la informaci\u00f3n de Sonora, M\u00e9xico y el Mundo de manera oportuna y busca que la libertad de expresi\u00f3n sea real. Visita nuestro medio informativo publicado desde Hermosillo, Sonora. %\" \/>\n<meta property=\"og:url\" content=\"https:\/\/www.sonoraenequipo.com.mx\/ponen-en-marcha-somos-tu-red-de-apoyo-para-prevenir-la-violencia-contra-las-mujeres\/\" \/>\n<meta property=\"og:site_name\" content=\"Sonora en Equipo.\" \/>\n<meta property=\"article:publisher\" content=\"https:\/\/www.facebook.com\/SonoraEE\/\" \/>\n<meta property=\"article:author\" content=\"https:\/\/www.facebook.com\/SonoraEE\" \/>\n<meta property=\"article:published_time\" content=\"2023-11-09T18:19:49+00:00\" \/>\n<meta property=\"article:modified_time\" content=\"2023-11-09T21:33:56+00:00\" \/>\n<meta property=\"og:image\" content=\"https:\/\/www.sonoraenequipo.com.mx\/storage\/2023\/11\/Tu-red-min.jpeg\" \/>\n\t<meta property=\"og:image:width\" content=\"1200\" \/>\n\t<meta property=\"og:image:height\" content=\"757\" \/>\n\t<meta property=\"og:image:type\" content=\"image\/jpeg\" \/>\n<meta name=\"author\" content=\"enequipo\" \/>\n<meta name=\"twitter:card\" content=\"summary_large_image\" \/>\n<meta name=\"twitter:creator\" content=\"@sonoraenequipo\" \/>\n<meta name=\"twitter:site\" content=\"@sonoraenequipo\" \/>\n<meta name=\"twitter:label1\" content=\"Escrito por\" \/>\n\t<meta name=\"twitter:data1\" content=\"enequipo\" \/>\n\t<meta name=\"twitter:label2\" content=\"Tiempo de lectura\" \/>\n\t<meta name=\"twitter:data2\" content=\"2 minutos\" \/>\n<script type=\"application\/ld+json\" class=\"yoast-schema-graph\">{\"@context\":\"https:\/\/schema.org\",\"@graph\":[{\"@type\":\"Article\",\"@id\":\"https:\/\/www.sonoraenequipo.com.mx\/ponen-en-marcha-somos-tu-red-de-apoyo-para-prevenir-la-violencia-contra-las-mujeres\/#article\",\"isPartOf\":{\"@id\":\"https:\/\/www.sonoraenequipo.com.mx\/ponen-en-marcha-somos-tu-red-de-apoyo-para-prevenir-la-violencia-contra-las-mujeres\/\"},\"author\":{\"name\":\"enequipo\",\"@id\":\"https:\/\/www.sonoraenequipo.com.mx\/#\/schema\/person\/50102df0fb23a8fa9e8effad8fa81386\"},\"headline\":\"Ponen en marcha Somos Tu Red de Apoyo para prevenir la violencia contra las mujeres\",\"datePublished\":\"2023-11-09T18:19:49+00:00\",\"dateModified\":\"2023-11-09T21:33:56+00:00\",\"mainEntityOfPage\":{\"@id\":\"https:\/\/www.sonoraenequipo.com.mx\/ponen-en-marcha-somos-tu-red-de-apoyo-para-prevenir-la-violencia-contra-las-mujeres\/\"},\"wordCount\":387,\"commentCount\":0,\"publisher\":{\"@id\":\"https:\/\/www.sonoraenequipo.com.mx\/#organization\"},\"image\":{\"@id\":\"https:\/\/www.sonoraenequipo.com.mx\/ponen-en-marcha-somos-tu-red-de-apoyo-para-prevenir-la-violencia-contra-las-mujeres\/#primaryimage\"},\"thumbnailUrl\":\"https:\/\/www.sonoraenequipo.com.mx\/storage\/2023\/11\/Tu-red-min.jpeg\",\"articleSection\":[\"Sonora\"],\"inLanguage\":\"es\",\"potentialAction\":[{\"@type\":\"CommentAction\",\"name\":\"Comment\",\"target\":[\"https:\/\/www.sonoraenequipo.com.mx\/ponen-en-marcha-somos-tu-red-de-apoyo-para-prevenir-la-violencia-contra-las-mujeres\/#respond\"]}]},{\"@type\":\"WebPage\",\"@id\":\"https:\/\/www.sonoraenequipo.com.mx\/ponen-en-marcha-somos-tu-red-de-apoyo-para-prevenir-la-violencia-contra-las-mujeres\/\",\"url\":\"https:\/\/www.sonoraenequipo.com.mx\/ponen-en-marcha-somos-tu-red-de-apoyo-para-prevenir-la-violencia-contra-las-mujeres\/\",\"name\":\"Sonora en Equipo. Ponen en marcha Somos Tu Red de Apoyo para prevenir la violencia contra las mujeres Sonora\",\"isPartOf\":{\"@id\":\"https:\/\/www.sonoraenequipo.com.mx\/#website\"},\"primaryImageOfPage\":{\"@id\":\"https:\/\/www.sonoraenequipo.com.mx\/ponen-en-marcha-somos-tu-red-de-apoyo-para-prevenir-la-violencia-contra-las-mujeres\/#primaryimage\"},\"image\":{\"@id\":\"https:\/\/www.sonoraenequipo.com.mx\/ponen-en-marcha-somos-tu-red-de-apoyo-para-prevenir-la-violencia-contra-las-mujeres\/#primaryimage\"},\"thumbnailUrl\":\"https:\/\/www.sonoraenequipo.com.mx\/storage\/2023\/11\/Tu-red-min.jpeg\",\"datePublished\":\"2023-11-09T18:19:49+00:00\",\"dateModified\":\"2023-11-09T21:33:56+00:00\",\"description\":\"HERMOSILLO, SONORA. MX. \u2014 Se suma Sonora a la estrategia nacional Somos tu red de apoyo, un esfuerzo insterinstitucional que busca fortalecer las En Sonora en Equipo publicamos toda la informaci\u00f3n de Sonora, M\u00e9xico y el Mundo de manera oportuna y busca que la libertad de expresi\u00f3n sea real. Visita nuestro medio informativo publicado desde Hermosillo, Sonora. %\",\"breadcrumb\":{\"@id\":\"https:\/\/www.sonoraenequipo.com.mx\/ponen-en-marcha-somos-tu-red-de-apoyo-para-prevenir-la-violencia-contra-las-mujeres\/#breadcrumb\"},\"inLanguage\":\"es\",\"potentialAction\":[{\"@type\":\"ReadAction\",\"target\":[\"https:\/\/www.sonoraenequipo.com.mx\/ponen-en-marcha-somos-tu-red-de-apoyo-para-prevenir-la-violencia-contra-las-mujeres\/\"]}]},{\"@type\":\"ImageObject\",\"inLanguage\":\"es\",\"@id\":\"https:\/\/www.sonoraenequipo.com.mx\/ponen-en-marcha-somos-tu-red-de-apoyo-para-prevenir-la-violencia-contra-las-mujeres\/#primaryimage\",\"url\":\"https:\/\/www.sonoraenequipo.com.mx\/storage\/2023\/11\/Tu-red-min.jpeg\",\"contentUrl\":\"https:\/\/www.sonoraenequipo.com.mx\/storage\/2023\/11\/Tu-red-min.jpeg\",\"width\":1200,\"height\":757},{\"@type\":\"BreadcrumbList\",\"@id\":\"https:\/\/www.sonoraenequipo.com.mx\/ponen-en-marcha-somos-tu-red-de-apoyo-para-prevenir-la-violencia-contra-las-mujeres\/#breadcrumb\",\"itemListElement\":[{\"@type\":\"ListItem\",\"position\":1,\"name\":\"Portada\",\"item\":\"https:\/\/www.sonoraenequipo.com.mx\/\"},{\"@type\":\"ListItem\",\"position\":2,\"name\":\"Ponen en marcha Somos Tu Red de Apoyo para prevenir la violencia contra las mujeres\"}]},{\"@type\":\"WebSite\",\"@id\":\"https:\/\/www.sonoraenequipo.com.mx\/#website\",\"url\":\"https:\/\/www.sonoraenequipo.com.mx\/\",\"name\":\"Sonora en Equipo.\",\"description\":\"Diario en l\u00ednea con Noticias desde Hermosillo, Sonora\",\"publisher\":{\"@id\":\"https:\/\/www.sonoraenequipo.com.mx\/#organization\"},\"potentialAction\":[{\"@type\":\"SearchAction\",\"target\":{\"@type\":\"EntryPoint\",\"urlTemplate\":\"https:\/\/www.sonoraenequipo.com.mx\/?s={search_term_string}\"},\"query-input\":{\"@type\":\"PropertyValueSpecification\",\"valueRequired\":true,\"valueName\":\"search_term_string\"}}],\"inLanguage\":\"es\"},{\"@type\":\"Organization\",\"@id\":\"https:\/\/www.sonoraenequipo.com.mx\/#organization\",\"name\":\"Sonoraenequipo.com.mx\",\"url\":\"https:\/\/www.sonoraenequipo.com.mx\/\",\"logo\":{\"@type\":\"ImageObject\",\"inLanguage\":\"es\",\"@id\":\"https:\/\/www.sonoraenequipo.com.mx\/#\/schema\/logo\/image\/\",\"url\":\"https:\/\/www.sonoraenequipo.com.mx\/storage\/2019\/01\/sonoraenequipo_opt.png\",\"contentUrl\":\"https:\/\/www.sonoraenequipo.com.mx\/storage\/2019\/01\/sonoraenequipo_opt.png\",\"width\":375,\"height\":125,\"caption\":\"Sonoraenequipo.com.mx\"},\"image\":{\"@id\":\"https:\/\/www.sonoraenequipo.com.mx\/#\/schema\/logo\/image\/\"},\"sameAs\":[\"https:\/\/www.facebook.com\/SonoraEE\/\",\"https:\/\/x.com\/sonoraenequipo\",\"https:\/\/www.youtube.com\/channel\/UC338nW-lPEYmJQs4ZABQ1SQ\"]},{\"@type\":\"Person\",\"@id\":\"https:\/\/www.sonoraenequipo.com.mx\/#\/schema\/person\/50102df0fb23a8fa9e8effad8fa81386\",\"name\":\"enequipo\",\"image\":{\"@type\":\"ImageObject\",\"inLanguage\":\"es\",\"@id\":\"https:\/\/www.sonoraenequipo.com.mx\/#\/schema\/person\/image\/\",\"url\":\"https:\/\/secure.gravatar.com\/avatar\/049821681b589dabc0bc20695993ccebb09f5b5d4d790cd9251b97faac7c652b?s=96&d=blank&r=g\",\"contentUrl\":\"https:\/\/secure.gravatar.com\/avatar\/049821681b589dabc0bc20695993ccebb09f5b5d4d790cd9251b97faac7c652b?s=96&d=blank&r=g\",\"caption\":\"enequipo\"},\"sameAs\":[\"https:\/\/www.facebook.com\/SonoraEE\"]}]}<\/script>\n ","yoast_head_json":{"title":"Sonora en Equipo. Ponen en marcha Somos Tu Red de Apoyo para prevenir la violencia contra las mujeres Sonora","description":"HERMOSILLO, SONORA. MX. \u2014 Se suma Sonora a la estrategia nacional Somos tu red de apoyo, un esfuerzo insterinstitucional que busca fortalecer las En Sonora en Equipo publicamos toda la informaci\u00f3n de Sonora, M\u00e9xico y el Mundo de manera oportuna y busca que la libertad de expresi\u00f3n sea real. Visita nuestro medio informativo publicado desde Hermosillo, Sonora. %","robots":{"index":"index","follow":"follow","max-snippet":"max-snippet:-1","max-image-preview":"max-image-preview:large","max-video-preview":"max-video-preview:-1"},"canonical":"https:\/\/www.sonoraenequipo.com.mx\/ponen-en-marcha-somos-tu-red-de-apoyo-para-prevenir-la-violencia-contra-las-mujeres\/","og_locale":"es_ES","og_type":"article","og_title":"Sonora en Equipo. Ponen en marcha Somos Tu Red de Apoyo para prevenir la violencia contra las mujeres Sonora","og_description":"HERMOSILLO, SONORA. MX. \u2014 Se suma Sonora a la estrategia nacional Somos tu red de apoyo, un esfuerzo insterinstitucional que busca fortalecer las En Sonora en Equipo publicamos toda la informaci\u00f3n de Sonora, M\u00e9xico y el Mundo de manera oportuna y busca que la libertad de expresi\u00f3n sea real. Visita nuestro medio informativo publicado desde Hermosillo, Sonora. %","og_url":"https:\/\/www.sonoraenequipo.com.mx\/ponen-en-marcha-somos-tu-red-de-apoyo-para-prevenir-la-violencia-contra-las-mujeres\/","og_site_name":"Sonora en Equipo.","article_publisher":"https:\/\/www.facebook.com\/SonoraEE\/","article_author":"https:\/\/www.facebook.com\/SonoraEE","article_published_time":"2023-11-09T18:19:49+00:00","article_modified_time":"2023-11-09T21:33:56+00:00","og_image":[{"width":1200,"height":757,"url":"https:\/\/www.sonoraenequipo.com.mx\/storage\/2023\/11\/Tu-red-min.jpeg","type":"image\/jpeg"}],"author":"enequipo","twitter_card":"summary_large_image","twitter_creator":"@sonoraenequipo","twitter_site":"@sonoraenequipo","twitter_misc":{"Escrito por":"enequipo","Tiempo de lectura":"2 minutos"},"schema":{"@context":"https:\/\/schema.org","@graph":[{"@type":"Article","@id":"https:\/\/www.sonoraenequipo.com.mx\/ponen-en-marcha-somos-tu-red-de-apoyo-para-prevenir-la-violencia-contra-las-mujeres\/#article","isPartOf":{"@id":"https:\/\/www.sonoraenequipo.com.mx\/ponen-en-marcha-somos-tu-red-de-apoyo-para-prevenir-la-violencia-contra-las-mujeres\/"},"author":{"name":"enequipo","@id":"https:\/\/www.sonoraenequipo.com.mx\/#\/schema\/person\/50102df0fb23a8fa9e8effad8fa81386"},"headline":"Ponen en marcha Somos Tu Red de Apoyo para prevenir la violencia contra las mujeres","datePublished":"2023-11-09T18:19:49+00:00","dateModified":"2023-11-09T21:33:56+00:00","mainEntityOfPage":{"@id":"https:\/\/www.sonoraenequipo.com.mx\/ponen-en-marcha-somos-tu-red-de-apoyo-para-prevenir-la-violencia-contra-las-mujeres\/"},"wordCount":387,"commentCount":0,"publisher":{"@id":"https:\/\/www.sonoraenequipo.com.mx\/#organization"},"image":{"@id":"https:\/\/www.sonoraenequipo.com.mx\/ponen-en-marcha-somos-tu-red-de-apoyo-para-prevenir-la-violencia-contra-las-mujeres\/#primaryimage"},"thumbnailUrl":"https:\/\/www.sonoraenequipo.com.mx\/storage\/2023\/11\/Tu-red-min.jpeg","articleSection":["Sonora"],"inLanguage":"es","potentialAction":[{"@type":"CommentAction","name":"Comment","target":["https:\/\/www.sonoraenequipo.com.mx\/ponen-en-marcha-somos-tu-red-de-apoyo-para-prevenir-la-violencia-contra-las-mujeres\/#respond"]}]},{"@type":"WebPage","@id":"https:\/\/www.sonoraenequipo.com.mx\/ponen-en-marcha-somos-tu-red-de-apoyo-para-prevenir-la-violencia-contra-las-mujeres\/","url":"https:\/\/www.sonoraenequipo.com.mx\/ponen-en-marcha-somos-tu-red-de-apoyo-para-prevenir-la-violencia-contra-las-mujeres\/","name":"Sonora en Equipo. Ponen en marcha Somos Tu Red de Apoyo para prevenir la violencia contra las mujeres Sonora","isPartOf":{"@id":"https:\/\/www.sonoraenequipo.com.mx\/#website"},"primaryImageOfPage":{"@id":"https:\/\/www.sonoraenequipo.com.mx\/ponen-en-marcha-somos-tu-red-de-apoyo-para-prevenir-la-violencia-contra-las-mujeres\/#primaryimage"},"image":{"@id":"https:\/\/www.sonoraenequipo.com.mx\/ponen-en-marcha-somos-tu-red-de-apoyo-para-prevenir-la-violencia-contra-las-mujeres\/#primaryimage"},"thumbnailUrl":"https:\/\/www.sonoraenequipo.com.mx\/storage\/2023\/11\/Tu-red-min.jpeg","datePublished":"2023-11-09T18:19:49+00:00","dateModified":"2023-11-09T21:33:56+00:00","description":"HERMOSILLO, SONORA. MX. \u2014 Se suma Sonora a la estrategia nacional Somos tu red de apoyo, un esfuerzo insterinstitucional que busca fortalecer las En Sonora en Equipo publicamos toda la informaci\u00f3n de Sonora, M\u00e9xico y el Mundo de manera oportuna y busca que la libertad de expresi\u00f3n sea real. Visita nuestro medio informativo publicado desde Hermosillo, Sonora. %","breadcrumb":{"@id":"https:\/\/www.sonoraenequipo.com.mx\/ponen-en-marcha-somos-tu-red-de-apoyo-para-prevenir-la-violencia-contra-las-mujeres\/#breadcrumb"},"inLanguage":"es","potentialAction":[{"@type":"ReadAction","target":["https:\/\/www.sonoraenequipo.com.mx\/ponen-en-marcha-somos-tu-red-de-apoyo-para-prevenir-la-violencia-contra-las-mujeres\/"]}]},{"@type":"ImageObject","inLanguage":"es","@id":"https:\/\/www.sonoraenequipo.com.mx\/ponen-en-marcha-somos-tu-red-de-apoyo-para-prevenir-la-violencia-contra-las-mujeres\/#primaryimage","url":"https:\/\/www.sonoraenequipo.com.mx\/storage\/2023\/11\/Tu-red-min.jpeg","contentUrl":"https:\/\/www.sonoraenequipo.com.mx\/storage\/2023\/11\/Tu-red-min.jpeg","width":1200,"height":757},{"@type":"BreadcrumbList","@id":"https:\/\/www.sonoraenequipo.com.mx\/ponen-en-marcha-somos-tu-red-de-apoyo-para-prevenir-la-violencia-contra-las-mujeres\/#breadcrumb","itemListElement":[{"@type":"ListItem","position":1,"name":"Portada","item":"https:\/\/www.sonoraenequipo.com.mx\/"},{"@type":"ListItem","position":2,"name":"Ponen en marcha Somos Tu Red de Apoyo para prevenir la violencia contra las mujeres"}]},{"@type":"WebSite","@id":"https:\/\/www.sonoraenequipo.com.mx\/#website","url":"https:\/\/www.sonoraenequipo.com.mx\/","name":"Sonora en Equipo.","description":"Diario en l\u00ednea con Noticias desde Hermosillo, Sonora","publisher":{"@id":"https:\/\/www.sonoraenequipo.com.mx\/#organization"},"potentialAction":[{"@type":"SearchAction","target":{"@type":"EntryPoint","urlTemplate":"https:\/\/www.sonoraenequipo.com.mx\/?s={search_term_string}"},"query-input":{"@type":"PropertyValueSpecification","valueRequired":true,"valueName":"search_term_string"}}],"inLanguage":"es"},{"@type":"Organization","@id":"https:\/\/www.sonoraenequipo.com.mx\/#organization","name":"Sonoraenequipo.com.mx","url":"https:\/\/www.sonoraenequipo.com.mx\/","logo":{"@type":"ImageObject","inLanguage":"es","@id":"https:\/\/www.sonoraenequipo.com.mx\/#\/schema\/logo\/image\/","url":"https:\/\/www.sonoraenequipo.com.mx\/storage\/2019\/01\/sonoraenequipo_opt.png","contentUrl":"https:\/\/www.sonoraenequipo.com.mx\/storage\/2019\/01\/sonoraenequipo_opt.png","width":375,"height":125,"caption":"Sonoraenequipo.com.mx"},"image":{"@id":"https:\/\/www.sonoraenequipo.com.mx\/#\/schema\/logo\/image\/"},"sameAs":["https:\/\/www.facebook.com\/SonoraEE\/","https:\/\/x.com\/sonoraenequipo","https:\/\/www.youtube.com\/channel\/UC338nW-lPEYmJQs4ZABQ1SQ"]},{"@type":"Person","@id":"https:\/\/www.sonoraenequipo.com.mx\/#\/schema\/person\/50102df0fb23a8fa9e8effad8fa81386","name":"enequipo","image":{"@type":"ImageObject","inLanguage":"es","@id":"https:\/\/www.sonoraenequipo.com.mx\/#\/schema\/person\/image\/","url":"https:\/\/secure.gravatar.com\/avatar\/049821681b589dabc0bc20695993ccebb09f5b5d4d790cd9251b97faac7c652b?s=96&d=blank&r=g","contentUrl":"https:\/\/secure.gravatar.com\/avatar\/049821681b589dabc0bc20695993ccebb09f5b5d4d790cd9251b97faac7c652b?s=96&d=blank&r=g","caption":"enequipo"},"sameAs":["https:\/\/www.facebook.com\/SonoraEE"]}]}},"jetpack_featured_media_url":"https:\/\/www.sonoraenequipo.com.mx\/storage\/2023\/11\/Tu-red-min.jpeg","_links":{"self":[{"href":"https:\/\/www.sonoraenequipo.com.mx\/api\/wp\/v2\/posts\/178740","targetHints":{"allow":["GET"]}}],"collection":[{"href":"https:\/\/www.sonoraenequipo.com.mx\/api\/wp\/v2\/posts"}],"about":[{"href":"https:\/\/www.sonoraenequipo.com.mx\/api\/wp\/v2\/types\/post"}],"author":[{"embeddable":true,"href":"https:\/\/www.sonoraenequipo.com.mx\/api\/wp\/v2\/users\/1"}],"replies":[{"embeddable":true,"href":"https:\/\/www.sonoraenequipo.com.mx\/api\/wp\/v2\/comments?post=178740"}],"version-history":[{"count":1,"href":"https:\/\/www.sonoraenequipo.com.mx\/api\/wp\/v2\/posts\/178740\/revisions"}],"predecessor-version":[{"id":178743,"href":"https:\/\/www.sonoraenequipo.com.mx\/api\/wp\/v2\/posts\/178740\/revisions\/178743"}],"wp:featuredmedia":[{"embeddable":true,"href":"https:\/\/www.sonoraenequipo.com.mx\/api\/wp\/v2\/media\/178741"}],"wp:attachment":[{"href":"https:\/\/www.sonoraenequipo.com.mx\/api\/wp\/v2\/media?parent=178740"}],"wp:term":[{"taxonomy":"category","embeddable":true,"href":"https:\/\/www.sonoraenequipo.com.mx\/api\/wp\/v2\/categories?post=178740"},{"taxonomy":"post_tag","embeddable":true,"href":"https:\/\/www.sonoraenequipo.com.mx\/api\/wp\/v2\/tags?post=178740"}],"curies":[{"name":"wp","href":"https:\/\/api.w.org\/{rel}","templated":true}]}}