{"id":178748,"date":"2023-11-09T10:29:14","date_gmt":"2023-11-09T17:29:14","guid":{"rendered":"https:\/\/www.sonoraenequipo.com.mx\/?p=178748"},"modified":"2023-11-09T14:52:26","modified_gmt":"2023-11-09T21:52:26","slug":"amlo-urge-a-norma-pina-a-entregar-los-15-mil-mdp-del-pj-para-guerrero","status":"publish","type":"post","link":"https:\/\/www.sonoraenequipo.com.mx\/amlo-urge-a-norma-pina-a-entregar-los-15-mil-mdp-del-pj-para-guerrero\/","title":{"rendered":"AMLO urge a Norma Pi\u00f1a a entregar los 15 mil mdp del PJ para Guerrero"},"content":{"rendered":"<p><strong>CIUDAD DE M\u00c9XICO. MX. \u2014<\/strong> El presidente de M\u00e9xico, Andr\u00e9s Manuel L\u00f3pez Obrador, llam\u00f3 a la ministra presidenta de la Suprema Corte de Justicia de la Naci\u00f3n (SCJN), Norma Luc\u00eda Pi\u00f1a, a regresar los m\u00e1s de 15 mil millones de pesos de fideicomisos del Poder Judicial, para utilizarlos a favor de los damnificados por el hurac\u00e1n Otis en Guerrero.<\/p>\n<p>&nbsp;<\/p>\n<p> <\/p>\n<p>Durante la conferencia matutina en Palacio Nacional, L\u00f3pez Obrador sostuvo que \u201cno ve claro\u201d dicha devoluci\u00f3n de estos recursos a la Tesorer\u00eda de la Federaci\u00f3n, por parte del Poder Judicial.<\/p>\n<p>&nbsp;<\/p>\n<p><em><strong>\u201cMe mand\u00f3 una carta la presidenta de la Corte, que iban a entregar 15 mil millones y todav\u00eda no veo claro qu\u00e9 est\u00e1n pensando, porque pues no se puede esa jugarreta, es de mal gusto decir por ac\u00e1, el doble discursos la doble moral, la hipocres\u00eda: \u2018vamos a devolver los 15 mil millones para Acapulco\u2019, pero por ac\u00e1 los jueces, que son libres \u00bfno?, promueven amparos\u201d,<\/strong> <\/em>explic\u00f3.<\/p>\n<p>&nbsp;<\/p>\n<p>&nbsp;<\/p>\n<p><em><strong>\u201cVamos a ver qu\u00e9 pas\u00f3, seguramente se han de haber enojado los del bloque conservador con ella y le han de haber dicho \u2018qu\u00e9 pas\u00f3, si los fideicomisos no se tocan y ahora c\u00f3mo vas a comprometer para ayudar a Acapulco si no nos preguntaste, \u00bfqu\u00e9 te crees, te mandas sola?\u2019\u201d,<\/strong><\/em> dijo.<\/p>\n<p>&nbsp;<\/p>\n<p>\u201cVamos a esperarlos y ojal\u00e1, porque cuando ella lo plante\u00f3 hice un reconocimiento y claro que lo voy a reconocer, pero no se pueden ocultar esas cosas (\u2026) O es un confabulaci\u00f3n o es una rebeli\u00f3n (por parte de jueces y magistrados que promovieron amparos), \u00bfqu\u00e9 ser\u00e1? Queda de tarea, para el an\u00e1lisis\u201d, sostuvo.<\/p>\n<p>&nbsp;<\/p>\n<p>La ministra presidenta de la Suprema Corte, Norma Pi\u00f1a, le tom\u00f3 la palabra al presidente L\u00f3pez Obrador el pasado 31 de octubre para que recursos de 13 fideicomisos del Poder Judicial sean utilizados para los afectados por el hurac\u00e1n Otis en Guerrero.<\/p>\n<p>&nbsp;<\/p>\n<p>A pesar de la decisi\u00f3n, una jueza concedi\u00f3 una suspensi\u00f3n provisional a jueces y magistrados de Circuito, con la cual se frena la extinci\u00f3n de estos 13 fideicomisos<\/p>\n<p>&nbsp;<\/p>\n<p>Dicha suspensi\u00f3n fue concedida por Elizabeth Trejo Gal\u00e1n, quien es jueza Noveno de Distrito en Materia Administrativa en la Ciudad de M\u00e9xico.<\/p>\n<p>&nbsp;<\/p>\n<p>PUBLICADO EL 09 NOVIEMBRE DE 2023\/ Con informaci\u00f3n de Conferencia matutina)<\/p>\n","protected":false},"excerpt":{"rendered":"<p>CIUDAD DE M\u00c9XICO. MX. \u2014 El presidente de M\u00e9xico, Andr\u00e9s Manuel L\u00f3pez Obrador, llam\u00f3 a&#8230;<\/p>\n","protected":false},"author":1,"featured_media":178749,"comment_status":"open","ping_status":"open","sticky":false,"template":"","format":"standard","meta":{"_monsterinsights_skip_tracking":false,"_monsterinsights_sitenote_active":false,"_monsterinsights_sitenote_note":"","_monsterinsights_sitenote_category":0,"footnotes":""},"categories":[5],"tags":[],"class_list":["post"],"yoast_head":" \n<title>Sonora en Equipo. AMLO urge a Norma Pi\u00f1a a entregar los 15 mil mdp del PJ para Guerrero Rep\u00fablica<\/title>\n<meta name=\"description\" content=\"CIUDAD DE M\u00c9XICO. MX. \u2014 El presidente de M\u00e9xico, Andr\u00e9s Manuel L\u00f3pez Obrador, llam\u00f3 a la ministra presidenta de la Suprema Corte de Justicia de la Naci\u00f3n En Sonora en Equipo publicamos toda la informaci\u00f3n de Sonora, M\u00e9xico y el Mundo de manera oportuna y busca que la libertad de expresi\u00f3n sea real. Visita nuestro medio informativo publicado desde Hermosillo, Sonora. %\" \/>\n<meta name=\"robots\" content=\"index, follow, max-snippet:-1, max-image-preview:large, max-video-preview:-1\" \/>\n<link rel=\"canonical\" href=\"https:\/\/www.sonoraenequipo.com.mx\/amlo-urge-a-norma-pina-a-entregar-los-15-mil-mdp-del-pj-para-guerrero\/\" \/>\n<meta property=\"og:locale\" content=\"es_ES\" \/>\n<meta property=\"og:type\" content=\"article\" \/>\n<meta property=\"og:title\" content=\"Sonora en Equipo. AMLO urge a Norma Pi\u00f1a a entregar los 15 mil mdp del PJ para Guerrero Rep\u00fablica\" \/>\n<meta property=\"og:description\" content=\"CIUDAD DE M\u00c9XICO. MX. \u2014 El presidente de M\u00e9xico, Andr\u00e9s Manuel L\u00f3pez Obrador, llam\u00f3 a la ministra presidenta de la Suprema Corte de Justicia de la Naci\u00f3n En Sonora en Equipo publicamos toda la informaci\u00f3n de Sonora, M\u00e9xico y el Mundo de manera oportuna y busca que la libertad de expresi\u00f3n sea real. Visita nuestro medio informativo publicado desde Hermosillo, Sonora. %\" \/>\n<meta property=\"og:url\" content=\"https:\/\/www.sonoraenequipo.com.mx\/amlo-urge-a-norma-pina-a-entregar-los-15-mil-mdp-del-pj-para-guerrero\/\" \/>\n<meta property=\"og:site_name\" content=\"Sonora en Equipo.\" \/>\n<meta property=\"article:publisher\" content=\"https:\/\/www.facebook.com\/SonoraEE\/\" \/>\n<meta property=\"article:author\" content=\"https:\/\/www.facebook.com\/SonoraEE\" \/>\n<meta property=\"article:published_time\" content=\"2023-11-09T17:29:14+00:00\" \/>\n<meta property=\"article:modified_time\" content=\"2023-11-09T21:52:26+00:00\" \/>\n<meta property=\"og:image\" content=\"https:\/\/www.sonoraenequipo.com.mx\/storage\/2023\/11\/NOPINA..-min.jpg\" \/>\n\t<meta property=\"og:image:width\" content=\"887\" \/>\n\t<meta property=\"og:image:height\" content=\"484\" \/>\n\t<meta property=\"og:image:type\" content=\"image\/jpeg\" \/>\n<meta name=\"author\" content=\"enequipo\" \/>\n<meta name=\"twitter:card\" content=\"summary_large_image\" \/>\n<meta name=\"twitter:creator\" content=\"@sonoraenequipo\" \/>\n<meta name=\"twitter:site\" content=\"@sonoraenequipo\" \/>\n<meta name=\"twitter:label1\" content=\"Escrito por\" \/>\n\t<meta name=\"twitter:data1\" content=\"enequipo\" \/>\n\t<meta name=\"twitter:label2\" content=\"Tiempo de lectura\" \/>\n\t<meta name=\"twitter:data2\" content=\"2 minutos\" \/>\n<script type=\"application\/ld+json\" class=\"yoast-schema-graph\">{\"@context\":\"https:\/\/schema.org\",\"@graph\":[{\"@type\":\"Article\",\"@id\":\"https:\/\/www.sonoraenequipo.com.mx\/amlo-urge-a-norma-pina-a-entregar-los-15-mil-mdp-del-pj-para-guerrero\/#article\",\"isPartOf\":{\"@id\":\"https:\/\/www.sonoraenequipo.com.mx\/amlo-urge-a-norma-pina-a-entregar-los-15-mil-mdp-del-pj-para-guerrero\/\"},\"author\":{\"name\":\"enequipo\",\"@id\":\"https:\/\/www.sonoraenequipo.com.mx\/#\/schema\/person\/50102df0fb23a8fa9e8effad8fa81386\"},\"headline\":\"AMLO urge a Norma Pi\u00f1a a entregar los 15 mil mdp del PJ para Guerrero\",\"datePublished\":\"2023-11-09T17:29:14+00:00\",\"dateModified\":\"2023-11-09T21:52:26+00:00\",\"mainEntityOfPage\":{\"@id\":\"https:\/\/www.sonoraenequipo.com.mx\/amlo-urge-a-norma-pina-a-entregar-los-15-mil-mdp-del-pj-para-guerrero\/\"},\"wordCount\":409,\"commentCount\":0,\"publisher\":{\"@id\":\"https:\/\/www.sonoraenequipo.com.mx\/#organization\"},\"image\":{\"@id\":\"https:\/\/www.sonoraenequipo.com.mx\/amlo-urge-a-norma-pina-a-entregar-los-15-mil-mdp-del-pj-para-guerrero\/#primaryimage\"},\"thumbnailUrl\":\"https:\/\/www.sonoraenequipo.com.mx\/storage\/2023\/11\/NOPINA..-min.jpg\",\"articleSection\":[\"Rep\u00fablica\"],\"inLanguage\":\"es\",\"potentialAction\":[{\"@type\":\"CommentAction\",\"name\":\"Comment\",\"target\":[\"https:\/\/www.sonoraenequipo.com.mx\/amlo-urge-a-norma-pina-a-entregar-los-15-mil-mdp-del-pj-para-guerrero\/#respond\"]}]},{\"@type\":\"WebPage\",\"@id\":\"https:\/\/www.sonoraenequipo.com.mx\/amlo-urge-a-norma-pina-a-entregar-los-15-mil-mdp-del-pj-para-guerrero\/\",\"url\":\"https:\/\/www.sonoraenequipo.com.mx\/amlo-urge-a-norma-pina-a-entregar-los-15-mil-mdp-del-pj-para-guerrero\/\",\"name\":\"Sonora en Equipo. AMLO urge a Norma Pi\u00f1a a entregar los 15 mil mdp del PJ para Guerrero Rep\u00fablica\",\"isPartOf\":{\"@id\":\"https:\/\/www.sonoraenequipo.com.mx\/#website\"},\"primaryImageOfPage\":{\"@id\":\"https:\/\/www.sonoraenequipo.com.mx\/amlo-urge-a-norma-pina-a-entregar-los-15-mil-mdp-del-pj-para-guerrero\/#primaryimage\"},\"image\":{\"@id\":\"https:\/\/www.sonoraenequipo.com.mx\/amlo-urge-a-norma-pina-a-entregar-los-15-mil-mdp-del-pj-para-guerrero\/#primaryimage\"},\"thumbnailUrl\":\"https:\/\/www.sonoraenequipo.com.mx\/storage\/2023\/11\/NOPINA..-min.jpg\",\"datePublished\":\"2023-11-09T17:29:14+00:00\",\"dateModified\":\"2023-11-09T21:52:26+00:00\",\"description\":\"CIUDAD DE M\u00c9XICO. MX. \u2014 El presidente de M\u00e9xico, Andr\u00e9s Manuel L\u00f3pez Obrador, llam\u00f3 a la ministra presidenta de la Suprema Corte de Justicia de la Naci\u00f3n En Sonora en Equipo publicamos toda la informaci\u00f3n de Sonora, M\u00e9xico y el Mundo de manera oportuna y busca que la libertad de expresi\u00f3n sea real. Visita nuestro medio informativo publicado desde Hermosillo, Sonora. %\",\"breadcrumb\":{\"@id\":\"https:\/\/www.sonoraenequipo.com.mx\/amlo-urge-a-norma-pina-a-entregar-los-15-mil-mdp-del-pj-para-guerrero\/#breadcrumb\"},\"inLanguage\":\"es\",\"potentialAction\":[{\"@type\":\"ReadAction\",\"target\":[\"https:\/\/www.sonoraenequipo.com.mx\/amlo-urge-a-norma-pina-a-entregar-los-15-mil-mdp-del-pj-para-guerrero\/\"]}]},{\"@type\":\"ImageObject\",\"inLanguage\":\"es\",\"@id\":\"https:\/\/www.sonoraenequipo.com.mx\/amlo-urge-a-norma-pina-a-entregar-los-15-mil-mdp-del-pj-para-guerrero\/#primaryimage\",\"url\":\"https:\/\/www.sonoraenequipo.com.mx\/storage\/2023\/11\/NOPINA..-min.jpg\",\"contentUrl\":\"https:\/\/www.sonoraenequipo.com.mx\/storage\/2023\/11\/NOPINA..-min.jpg\",\"width\":887,\"height\":484},{\"@type\":\"BreadcrumbList\",\"@id\":\"https:\/\/www.sonoraenequipo.com.mx\/amlo-urge-a-norma-pina-a-entregar-los-15-mil-mdp-del-pj-para-guerrero\/#breadcrumb\",\"itemListElement\":[{\"@type\":\"ListItem\",\"position\":1,\"name\":\"Portada\",\"item\":\"https:\/\/www.sonoraenequipo.com.mx\/\"},{\"@type\":\"ListItem\",\"position\":2,\"name\":\"AMLO urge a Norma Pi\u00f1a a entregar los 15 mil mdp del PJ para Guerrero\"}]},{\"@type\":\"WebSite\",\"@id\":\"https:\/\/www.sonoraenequipo.com.mx\/#website\",\"url\":\"https:\/\/www.sonoraenequipo.com.mx\/\",\"name\":\"Sonora en Equipo.\",\"description\":\"Diario en l\u00ednea con Noticias desde Hermosillo, Sonora\",\"publisher\":{\"@id\":\"https:\/\/www.sonoraenequipo.com.mx\/#organization\"},\"potentialAction\":[{\"@type\":\"SearchAction\",\"target\":{\"@type\":\"EntryPoint\",\"urlTemplate\":\"https:\/\/www.sonoraenequipo.com.mx\/?s={search_term_string}\"},\"query-input\":{\"@type\":\"PropertyValueSpecification\",\"valueRequired\":true,\"valueName\":\"search_term_string\"}}],\"inLanguage\":\"es\"},{\"@type\":\"Organization\",\"@id\":\"https:\/\/www.sonoraenequipo.com.mx\/#organization\",\"name\":\"Sonoraenequipo.com.mx\",\"url\":\"https:\/\/www.sonoraenequipo.com.mx\/\",\"logo\":{\"@type\":\"ImageObject\",\"inLanguage\":\"es\",\"@id\":\"https:\/\/www.sonoraenequipo.com.mx\/#\/schema\/logo\/image\/\",\"url\":\"https:\/\/www.sonoraenequipo.com.mx\/storage\/2019\/01\/sonoraenequipo_opt.png\",\"contentUrl\":\"https:\/\/www.sonoraenequipo.com.mx\/storage\/2019\/01\/sonoraenequipo_opt.png\",\"width\":375,\"height\":125,\"caption\":\"Sonoraenequipo.com.mx\"},\"image\":{\"@id\":\"https:\/\/www.sonoraenequipo.com.mx\/#\/schema\/logo\/image\/\"},\"sameAs\":[\"https:\/\/www.facebook.com\/SonoraEE\/\",\"https:\/\/x.com\/sonoraenequipo\",\"https:\/\/www.youtube.com\/channel\/UC338nW-lPEYmJQs4ZABQ1SQ\"]},{\"@type\":\"Person\",\"@id\":\"https:\/\/www.sonoraenequipo.com.mx\/#\/schema\/person\/50102df0fb23a8fa9e8effad8fa81386\",\"name\":\"enequipo\",\"image\":{\"@type\":\"ImageObject\",\"inLanguage\":\"es\",\"@id\":\"https:\/\/www.sonoraenequipo.com.mx\/#\/schema\/person\/image\/\",\"url\":\"https:\/\/secure.gravatar.com\/avatar\/049821681b589dabc0bc20695993ccebb09f5b5d4d790cd9251b97faac7c652b?s=96&d=blank&r=g\",\"contentUrl\":\"https:\/\/secure.gravatar.com\/avatar\/049821681b589dabc0bc20695993ccebb09f5b5d4d790cd9251b97faac7c652b?s=96&d=blank&r=g\",\"caption\":\"enequipo\"},\"sameAs\":[\"https:\/\/www.facebook.com\/SonoraEE\"]}]}<\/script>\n ","yoast_head_json":{"title":"Sonora en Equipo. AMLO urge a Norma Pi\u00f1a a entregar los 15 mil mdp del PJ para Guerrero Rep\u00fablica","description":"CIUDAD DE M\u00c9XICO. MX. \u2014 El presidente de M\u00e9xico, Andr\u00e9s Manuel L\u00f3pez Obrador, llam\u00f3 a la ministra presidenta de la Suprema Corte de Justicia de la Naci\u00f3n En Sonora en Equipo publicamos toda la informaci\u00f3n de Sonora, M\u00e9xico y el Mundo de manera oportuna y busca que la libertad de expresi\u00f3n sea real. Visita nuestro medio informativo publicado desde Hermosillo, Sonora. %","robots":{"index":"index","follow":"follow","max-snippet":"max-snippet:-1","max-image-preview":"max-image-preview:large","max-video-preview":"max-video-preview:-1"},"canonical":"https:\/\/www.sonoraenequipo.com.mx\/amlo-urge-a-norma-pina-a-entregar-los-15-mil-mdp-del-pj-para-guerrero\/","og_locale":"es_ES","og_type":"article","og_title":"Sonora en Equipo. AMLO urge a Norma Pi\u00f1a a entregar los 15 mil mdp del PJ para Guerrero Rep\u00fablica","og_description":"CIUDAD DE M\u00c9XICO. MX. \u2014 El presidente de M\u00e9xico, Andr\u00e9s Manuel L\u00f3pez Obrador, llam\u00f3 a la ministra presidenta de la Suprema Corte de Justicia de la Naci\u00f3n En Sonora en Equipo publicamos toda la informaci\u00f3n de Sonora, M\u00e9xico y el Mundo de manera oportuna y busca que la libertad de expresi\u00f3n sea real. Visita nuestro medio informativo publicado desde Hermosillo, Sonora. %","og_url":"https:\/\/www.sonoraenequipo.com.mx\/amlo-urge-a-norma-pina-a-entregar-los-15-mil-mdp-del-pj-para-guerrero\/","og_site_name":"Sonora en Equipo.","article_publisher":"https:\/\/www.facebook.com\/SonoraEE\/","article_author":"https:\/\/www.facebook.com\/SonoraEE","article_published_time":"2023-11-09T17:29:14+00:00","article_modified_time":"2023-11-09T21:52:26+00:00","og_image":[{"width":887,"height":484,"url":"https:\/\/www.sonoraenequipo.com.mx\/storage\/2023\/11\/NOPINA..-min.jpg","type":"image\/jpeg"}],"author":"enequipo","twitter_card":"summary_large_image","twitter_creator":"@sonoraenequipo","twitter_site":"@sonoraenequipo","twitter_misc":{"Escrito por":"enequipo","Tiempo de lectura":"2 minutos"},"schema":{"@context":"https:\/\/schema.org","@graph":[{"@type":"Article","@id":"https:\/\/www.sonoraenequipo.com.mx\/amlo-urge-a-norma-pina-a-entregar-los-15-mil-mdp-del-pj-para-guerrero\/#article","isPartOf":{"@id":"https:\/\/www.sonoraenequipo.com.mx\/amlo-urge-a-norma-pina-a-entregar-los-15-mil-mdp-del-pj-para-guerrero\/"},"author":{"name":"enequipo","@id":"https:\/\/www.sonoraenequipo.com.mx\/#\/schema\/person\/50102df0fb23a8fa9e8effad8fa81386"},"headline":"AMLO urge a Norma Pi\u00f1a a entregar los 15 mil mdp del PJ para Guerrero","datePublished":"2023-11-09T17:29:14+00:00","dateModified":"2023-11-09T21:52:26+00:00","mainEntityOfPage":{"@id":"https:\/\/www.sonoraenequipo.com.mx\/amlo-urge-a-norma-pina-a-entregar-los-15-mil-mdp-del-pj-para-guerrero\/"},"wordCount":409,"commentCount":0,"publisher":{"@id":"https:\/\/www.sonoraenequipo.com.mx\/#organization"},"image":{"@id":"https:\/\/www.sonoraenequipo.com.mx\/amlo-urge-a-norma-pina-a-entregar-los-15-mil-mdp-del-pj-para-guerrero\/#primaryimage"},"thumbnailUrl":"https:\/\/www.sonoraenequipo.com.mx\/storage\/2023\/11\/NOPINA..-min.jpg","articleSection":["Rep\u00fablica"],"inLanguage":"es","potentialAction":[{"@type":"CommentAction","name":"Comment","target":["https:\/\/www.sonoraenequipo.com.mx\/amlo-urge-a-norma-pina-a-entregar-los-15-mil-mdp-del-pj-para-guerrero\/#respond"]}]},{"@type":"WebPage","@id":"https:\/\/www.sonoraenequipo.com.mx\/amlo-urge-a-norma-pina-a-entregar-los-15-mil-mdp-del-pj-para-guerrero\/","url":"https:\/\/www.sonoraenequipo.com.mx\/amlo-urge-a-norma-pina-a-entregar-los-15-mil-mdp-del-pj-para-guerrero\/","name":"Sonora en Equipo. AMLO urge a Norma Pi\u00f1a a entregar los 15 mil mdp del PJ para Guerrero Rep\u00fablica","isPartOf":{"@id":"https:\/\/www.sonoraenequipo.com.mx\/#website"},"primaryImageOfPage":{"@id":"https:\/\/www.sonoraenequipo.com.mx\/amlo-urge-a-norma-pina-a-entregar-los-15-mil-mdp-del-pj-para-guerrero\/#primaryimage"},"image":{"@id":"https:\/\/www.sonoraenequipo.com.mx\/amlo-urge-a-norma-pina-a-entregar-los-15-mil-mdp-del-pj-para-guerrero\/#primaryimage"},"thumbnailUrl":"https:\/\/www.sonoraenequipo.com.mx\/storage\/2023\/11\/NOPINA..-min.jpg","datePublished":"2023-11-09T17:29:14+00:00","dateModified":"2023-11-09T21:52:26+00:00","description":"CIUDAD DE M\u00c9XICO. MX. \u2014 El presidente de M\u00e9xico, Andr\u00e9s Manuel L\u00f3pez Obrador, llam\u00f3 a la ministra presidenta de la Suprema Corte de Justicia de la Naci\u00f3n En Sonora en Equipo publicamos toda la informaci\u00f3n de Sonora, M\u00e9xico y el Mundo de manera oportuna y busca que la libertad de expresi\u00f3n sea real. Visita nuestro medio informativo publicado desde Hermosillo, Sonora. %","breadcrumb":{"@id":"https:\/\/www.sonoraenequipo.com.mx\/amlo-urge-a-norma-pina-a-entregar-los-15-mil-mdp-del-pj-para-guerrero\/#breadcrumb"},"inLanguage":"es","potentialAction":[{"@type":"ReadAction","target":["https:\/\/www.sonoraenequipo.com.mx\/amlo-urge-a-norma-pina-a-entregar-los-15-mil-mdp-del-pj-para-guerrero\/"]}]},{"@type":"ImageObject","inLanguage":"es","@id":"https:\/\/www.sonoraenequipo.com.mx\/amlo-urge-a-norma-pina-a-entregar-los-15-mil-mdp-del-pj-para-guerrero\/#primaryimage","url":"https:\/\/www.sonoraenequipo.com.mx\/storage\/2023\/11\/NOPINA..-min.jpg","contentUrl":"https:\/\/www.sonoraenequipo.com.mx\/storage\/2023\/11\/NOPINA..-min.jpg","width":887,"height":484},{"@type":"BreadcrumbList","@id":"https:\/\/www.sonoraenequipo.com.mx\/amlo-urge-a-norma-pina-a-entregar-los-15-mil-mdp-del-pj-para-guerrero\/#breadcrumb","itemListElement":[{"@type":"ListItem","position":1,"name":"Portada","item":"https:\/\/www.sonoraenequipo.com.mx\/"},{"@type":"ListItem","position":2,"name":"AMLO urge a Norma Pi\u00f1a a entregar los 15 mil mdp del PJ para Guerrero"}]},{"@type":"WebSite","@id":"https:\/\/www.sonoraenequipo.com.mx\/#website","url":"https:\/\/www.sonoraenequipo.com.mx\/","name":"Sonora en Equipo.","description":"Diario en l\u00ednea con Noticias desde Hermosillo, Sonora","publisher":{"@id":"https:\/\/www.sonoraenequipo.com.mx\/#organization"},"potentialAction":[{"@type":"SearchAction","target":{"@type":"EntryPoint","urlTemplate":"https:\/\/www.sonoraenequipo.com.mx\/?s={search_term_string}"},"query-input":{"@type":"PropertyValueSpecification","valueRequired":true,"valueName":"search_term_string"}}],"inLanguage":"es"},{"@type":"Organization","@id":"https:\/\/www.sonoraenequipo.com.mx\/#organization","name":"Sonoraenequipo.com.mx","url":"https:\/\/www.sonoraenequipo.com.mx\/","logo":{"@type":"ImageObject","inLanguage":"es","@id":"https:\/\/www.sonoraenequipo.com.mx\/#\/schema\/logo\/image\/","url":"https:\/\/www.sonoraenequipo.com.mx\/storage\/2019\/01\/sonoraenequipo_opt.png","contentUrl":"https:\/\/www.sonoraenequipo.com.mx\/storage\/2019\/01\/sonoraenequipo_opt.png","width":375,"height":125,"caption":"Sonoraenequipo.com.mx"},"image":{"@id":"https:\/\/www.sonoraenequipo.com.mx\/#\/schema\/logo\/image\/"},"sameAs":["https:\/\/www.facebook.com\/SonoraEE\/","https:\/\/x.com\/sonoraenequipo","https:\/\/www.youtube.com\/channel\/UC338nW-lPEYmJQs4ZABQ1SQ"]},{"@type":"Person","@id":"https:\/\/www.sonoraenequipo.com.mx\/#\/schema\/person\/50102df0fb23a8fa9e8effad8fa81386","name":"enequipo","image":{"@type":"ImageObject","inLanguage":"es","@id":"https:\/\/www.sonoraenequipo.com.mx\/#\/schema\/person\/image\/","url":"https:\/\/secure.gravatar.com\/avatar\/049821681b589dabc0bc20695993ccebb09f5b5d4d790cd9251b97faac7c652b?s=96&d=blank&r=g","contentUrl":"https:\/\/secure.gravatar.com\/avatar\/049821681b589dabc0bc20695993ccebb09f5b5d4d790cd9251b97faac7c652b?s=96&d=blank&r=g","caption":"enequipo"},"sameAs":["https:\/\/www.facebook.com\/SonoraEE"]}]}},"jetpack_featured_media_url":"https:\/\/www.sonoraenequipo.com.mx\/storage\/2023\/11\/NOPINA..-min.jpg","_links":{"self":[{"href":"https:\/\/www.sonoraenequipo.com.mx\/api\/wp\/v2\/posts\/178748","targetHints":{"allow":["GET"]}}],"collection":[{"href":"https:\/\/www.sonoraenequipo.com.mx\/api\/wp\/v2\/posts"}],"about":[{"href":"https:\/\/www.sonoraenequipo.com.mx\/api\/wp\/v2\/types\/post"}],"author":[{"embeddable":true,"href":"https:\/\/www.sonoraenequipo.com.mx\/api\/wp\/v2\/users\/1"}],"replies":[{"embeddable":true,"href":"https:\/\/www.sonoraenequipo.com.mx\/api\/wp\/v2\/comments?post=178748"}],"version-history":[{"count":1,"href":"https:\/\/www.sonoraenequipo.com.mx\/api\/wp\/v2\/posts\/178748\/revisions"}],"predecessor-version":[{"id":178750,"href":"https:\/\/www.sonoraenequipo.com.mx\/api\/wp\/v2\/posts\/178748\/revisions\/178750"}],"wp:featuredmedia":[{"embeddable":true,"href":"https:\/\/www.sonoraenequipo.com.mx\/api\/wp\/v2\/media\/178749"}],"wp:attachment":[{"href":"https:\/\/www.sonoraenequipo.com.mx\/api\/wp\/v2\/media?parent=178748"}],"wp:term":[{"taxonomy":"category","embeddable":true,"href":"https:\/\/www.sonoraenequipo.com.mx\/api\/wp\/v2\/categories?post=178748"},{"taxonomy":"post_tag","embeddable":true,"href":"https:\/\/www.sonoraenequipo.com.mx\/api\/wp\/v2\/tags?post=178748"}],"curies":[{"name":"wp","href":"https:\/\/api.w.org\/{rel}","templated":true}]}}