{"id":179079,"date":"2023-11-13T23:32:27","date_gmt":"2023-11-14T06:32:27","guid":{"rendered":"https:\/\/www.sonoraenequipo.com.mx\/?p=179079"},"modified":"2023-11-14T10:30:51","modified_gmt":"2023-11-14T17:30:51","slug":"encuentran-sin-vida-al-magistrade-electoral-jesus-ociel-baena-en-aguasacalientes","status":"publish","type":"post","link":"https:\/\/www.sonoraenequipo.com.mx\/encuentran-sin-vida-al-magistrade-electoral-jesus-ociel-baena-en-aguasacalientes\/","title":{"rendered":"Encuentran sin vida al magistrade electoral, Jes\u00fas Ociel Baena, en Aguasacalientes"},"content":{"rendered":"<p><strong>AGUASCALIENTES, AGUASCALIENTES. MX. \u2014<\/strong> Jes\u00fas Ociel Baena Saucedo, quien el 1 de octubre de 2022 asumi\u00f3 el cargo como el primer magistrado electoral no binario de Am\u00e9rica Latina, fue encontrado sin vida al interior de su residencia en el estado de Aguascalientes.<\/p>\n<p>&nbsp;<\/p>\n<p> <\/p>\n<p>De acuerdo con los informes, en la casa tambi\u00e9n fue hallado sin vida quien se presume ser\u00eda su pareja sentimental. Aunque no han trascendido la causa, algunos medios refieren que ambos cuerpos presentaban huellas de violencia.<\/p>\n<p>&nbsp;<\/p>\n<p>Autoridades se movilizaron al fraccionamiento Punta del Carmen del complejo Punta del Cielo, donde resid\u00edan ambas v\u00edctimas para realizar las primeras indagatorias.<\/p>\n<p>&nbsp;<\/p>\n<p>El secretario de Seguridad local, Miguel Alonso Garc\u00eda, confirm\u00f3 el hallazgo de los cuerpos aunque rehus\u00f3 aventurar causas.<\/p>\n<p>&nbsp;<\/p>\n<p>No sabemos si se trata de un homicidio o si fue un accidente. Tenemos que cerciorarnos de qu\u00e9 se trata\u201d, se\u00f1al\u00f3.<\/p>\n<p>&nbsp;<\/p>\n<p>Jes\u00fas Ociel Baena Saucedo, originario de Saltillo, Coahuila, eligi\u00f3 Aguascalientes como su hogar durante los \u00faltimos 11 a\u00f1os, donde desempe\u00f1\u00f3 sus funciones en el Tribunal Electoral estatal.<\/p>\n<p>&nbsp;<\/p>\n<p>&nbsp;<\/p>\n<p>Su formaci\u00f3n acad\u00e9mica incluy\u00f3 una licenciatura en Derecho obtenida en la Facultad de Jurisprudencia de la Universidad Aut\u00f3noma de Coahuila, as\u00ed como una maestr\u00eda en Derecho Constitucional y Pol\u00edticas Gubernamentales en la misma instituci\u00f3n.<\/p>\n<p>&nbsp;<\/p>\n<p>&nbsp;<\/p>\n<p>PUBLICADO EL 13 NOVIEMBRE DE 2023\/ EE)<\/p>\n","protected":false},"excerpt":{"rendered":"<p>AGUASCALIENTES, AGUASCALIENTES. MX. \u2014 Jes\u00fas Ociel Baena Saucedo, quien el 1 de octubre de 2022&#8230;<\/p>\n","protected":false},"author":1,"featured_media":179081,"comment_status":"open","ping_status":"open","sticky":false,"template":"","format":"standard","meta":{"_monsterinsights_skip_tracking":false,"_monsterinsights_sitenote_active":false,"_monsterinsights_sitenote_note":"","_monsterinsights_sitenote_category":0,"footnotes":""},"categories":[5],"tags":[],"class_list":["post"],"yoast_head":" \n<title>Sonora en Equipo. Encuentran sin vida al magistrade electoral, Jes\u00fas Ociel Baena, en Aguasacalientes Rep\u00fablica<\/title>\n<meta name=\"description\" content=\"AGUASCALIENTES, AGUASCALIENTES. MX. \u2014 Jes\u00fas Ociel Baena Saucedo, quien el 1 de octubre de 2022 asumi\u00f3 el cargo como el primer magistrado electoral no En Sonora en Equipo publicamos toda la informaci\u00f3n de Sonora, M\u00e9xico y el Mundo de manera oportuna y busca que la libertad de expresi\u00f3n sea real. Visita nuestro medio informativo publicado desde Hermosillo, Sonora. %\" \/>\n<meta name=\"robots\" content=\"index, follow, max-snippet:-1, max-image-preview:large, max-video-preview:-1\" \/>\n<link rel=\"canonical\" href=\"https:\/\/www.sonoraenequipo.com.mx\/encuentran-sin-vida-al-magistrade-electoral-jesus-ociel-baena-en-aguasacalientes\/\" \/>\n<meta property=\"og:locale\" content=\"es_ES\" \/>\n<meta property=\"og:type\" content=\"article\" \/>\n<meta property=\"og:title\" content=\"Sonora en Equipo. Encuentran sin vida al magistrade electoral, Jes\u00fas Ociel Baena, en Aguasacalientes Rep\u00fablica\" \/>\n<meta property=\"og:description\" content=\"AGUASCALIENTES, AGUASCALIENTES. MX. \u2014 Jes\u00fas Ociel Baena Saucedo, quien el 1 de octubre de 2022 asumi\u00f3 el cargo como el primer magistrado electoral no En Sonora en Equipo publicamos toda la informaci\u00f3n de Sonora, M\u00e9xico y el Mundo de manera oportuna y busca que la libertad de expresi\u00f3n sea real. Visita nuestro medio informativo publicado desde Hermosillo, Sonora. %\" \/>\n<meta property=\"og:url\" content=\"https:\/\/www.sonoraenequipo.com.mx\/encuentran-sin-vida-al-magistrade-electoral-jesus-ociel-baena-en-aguasacalientes\/\" \/>\n<meta property=\"og:site_name\" content=\"Sonora en Equipo.\" \/>\n<meta property=\"article:publisher\" content=\"https:\/\/www.facebook.com\/SonoraEE\/\" \/>\n<meta property=\"article:author\" content=\"https:\/\/www.facebook.com\/SonoraEE\" \/>\n<meta property=\"article:published_time\" content=\"2023-11-14T06:32:27+00:00\" \/>\n<meta property=\"article:modified_time\" content=\"2023-11-14T17:30:51+00:00\" \/>\n<meta property=\"og:image\" content=\"https:\/\/www.sonoraenequipo.com.mx\/storage\/2023\/11\/Magistrade-Jesus-Ociel-Baena-Aguscalientes...-min.jpg\" \/>\n\t<meta property=\"og:image:width\" content=\"900\" \/>\n\t<meta property=\"og:image:height\" content=\"506\" \/>\n\t<meta property=\"og:image:type\" content=\"image\/jpeg\" \/>\n<meta name=\"author\" content=\"enequipo\" \/>\n<meta name=\"twitter:card\" content=\"summary_large_image\" \/>\n<meta name=\"twitter:creator\" content=\"@sonoraenequipo\" \/>\n<meta name=\"twitter:site\" content=\"@sonoraenequipo\" \/>\n<meta name=\"twitter:label1\" content=\"Escrito por\" \/>\n\t<meta name=\"twitter:data1\" content=\"enequipo\" \/>\n\t<meta name=\"twitter:label2\" content=\"Tiempo de lectura\" \/>\n\t<meta name=\"twitter:data2\" content=\"1 minuto\" \/>\n<script type=\"application\/ld+json\" class=\"yoast-schema-graph\">{\"@context\":\"https:\/\/schema.org\",\"@graph\":[{\"@type\":\"Article\",\"@id\":\"https:\/\/www.sonoraenequipo.com.mx\/encuentran-sin-vida-al-magistrade-electoral-jesus-ociel-baena-en-aguasacalientes\/#article\",\"isPartOf\":{\"@id\":\"https:\/\/www.sonoraenequipo.com.mx\/encuentran-sin-vida-al-magistrade-electoral-jesus-ociel-baena-en-aguasacalientes\/\"},\"author\":{\"name\":\"enequipo\",\"@id\":\"https:\/\/www.sonoraenequipo.com.mx\/#\/schema\/person\/50102df0fb23a8fa9e8effad8fa81386\"},\"headline\":\"Encuentran sin vida al magistrade electoral, Jes\u00fas Ociel Baena, en Aguasacalientes\",\"datePublished\":\"2023-11-14T06:32:27+00:00\",\"dateModified\":\"2023-11-14T17:30:51+00:00\",\"mainEntityOfPage\":{\"@id\":\"https:\/\/www.sonoraenequipo.com.mx\/encuentran-sin-vida-al-magistrade-electoral-jesus-ociel-baena-en-aguasacalientes\/\"},\"wordCount\":238,\"commentCount\":0,\"publisher\":{\"@id\":\"https:\/\/www.sonoraenequipo.com.mx\/#organization\"},\"image\":{\"@id\":\"https:\/\/www.sonoraenequipo.com.mx\/encuentran-sin-vida-al-magistrade-electoral-jesus-ociel-baena-en-aguasacalientes\/#primaryimage\"},\"thumbnailUrl\":\"https:\/\/www.sonoraenequipo.com.mx\/storage\/2023\/11\/Magistrade-Jesus-Ociel-Baena-Aguscalientes...-min.jpg\",\"articleSection\":[\"Rep\u00fablica\"],\"inLanguage\":\"es\",\"potentialAction\":[{\"@type\":\"CommentAction\",\"name\":\"Comment\",\"target\":[\"https:\/\/www.sonoraenequipo.com.mx\/encuentran-sin-vida-al-magistrade-electoral-jesus-ociel-baena-en-aguasacalientes\/#respond\"]}]},{\"@type\":\"WebPage\",\"@id\":\"https:\/\/www.sonoraenequipo.com.mx\/encuentran-sin-vida-al-magistrade-electoral-jesus-ociel-baena-en-aguasacalientes\/\",\"url\":\"https:\/\/www.sonoraenequipo.com.mx\/encuentran-sin-vida-al-magistrade-electoral-jesus-ociel-baena-en-aguasacalientes\/\",\"name\":\"Sonora en Equipo. Encuentran sin vida al magistrade electoral, Jes\u00fas Ociel Baena, en Aguasacalientes Rep\u00fablica\",\"isPartOf\":{\"@id\":\"https:\/\/www.sonoraenequipo.com.mx\/#website\"},\"primaryImageOfPage\":{\"@id\":\"https:\/\/www.sonoraenequipo.com.mx\/encuentran-sin-vida-al-magistrade-electoral-jesus-ociel-baena-en-aguasacalientes\/#primaryimage\"},\"image\":{\"@id\":\"https:\/\/www.sonoraenequipo.com.mx\/encuentran-sin-vida-al-magistrade-electoral-jesus-ociel-baena-en-aguasacalientes\/#primaryimage\"},\"thumbnailUrl\":\"https:\/\/www.sonoraenequipo.com.mx\/storage\/2023\/11\/Magistrade-Jesus-Ociel-Baena-Aguscalientes...-min.jpg\",\"datePublished\":\"2023-11-14T06:32:27+00:00\",\"dateModified\":\"2023-11-14T17:30:51+00:00\",\"description\":\"AGUASCALIENTES, AGUASCALIENTES. MX. \u2014 Jes\u00fas Ociel Baena Saucedo, quien el 1 de octubre de 2022 asumi\u00f3 el cargo como el primer magistrado electoral no En Sonora en Equipo publicamos toda la informaci\u00f3n de Sonora, M\u00e9xico y el Mundo de manera oportuna y busca que la libertad de expresi\u00f3n sea real. Visita nuestro medio informativo publicado desde Hermosillo, Sonora. %\",\"breadcrumb\":{\"@id\":\"https:\/\/www.sonoraenequipo.com.mx\/encuentran-sin-vida-al-magistrade-electoral-jesus-ociel-baena-en-aguasacalientes\/#breadcrumb\"},\"inLanguage\":\"es\",\"potentialAction\":[{\"@type\":\"ReadAction\",\"target\":[\"https:\/\/www.sonoraenequipo.com.mx\/encuentran-sin-vida-al-magistrade-electoral-jesus-ociel-baena-en-aguasacalientes\/\"]}]},{\"@type\":\"ImageObject\",\"inLanguage\":\"es\",\"@id\":\"https:\/\/www.sonoraenequipo.com.mx\/encuentran-sin-vida-al-magistrade-electoral-jesus-ociel-baena-en-aguasacalientes\/#primaryimage\",\"url\":\"https:\/\/www.sonoraenequipo.com.mx\/storage\/2023\/11\/Magistrade-Jesus-Ociel-Baena-Aguscalientes...-min.jpg\",\"contentUrl\":\"https:\/\/www.sonoraenequipo.com.mx\/storage\/2023\/11\/Magistrade-Jesus-Ociel-Baena-Aguscalientes...-min.jpg\",\"width\":900,\"height\":506},{\"@type\":\"BreadcrumbList\",\"@id\":\"https:\/\/www.sonoraenequipo.com.mx\/encuentran-sin-vida-al-magistrade-electoral-jesus-ociel-baena-en-aguasacalientes\/#breadcrumb\",\"itemListElement\":[{\"@type\":\"ListItem\",\"position\":1,\"name\":\"Portada\",\"item\":\"https:\/\/www.sonoraenequipo.com.mx\/\"},{\"@type\":\"ListItem\",\"position\":2,\"name\":\"Encuentran sin vida al magistrade electoral, Jes\u00fas Ociel Baena, en Aguasacalientes\"}]},{\"@type\":\"WebSite\",\"@id\":\"https:\/\/www.sonoraenequipo.com.mx\/#website\",\"url\":\"https:\/\/www.sonoraenequipo.com.mx\/\",\"name\":\"Sonora en Equipo.\",\"description\":\"Diario en l\u00ednea con Noticias desde Hermosillo, Sonora\",\"publisher\":{\"@id\":\"https:\/\/www.sonoraenequipo.com.mx\/#organization\"},\"potentialAction\":[{\"@type\":\"SearchAction\",\"target\":{\"@type\":\"EntryPoint\",\"urlTemplate\":\"https:\/\/www.sonoraenequipo.com.mx\/?s={search_term_string}\"},\"query-input\":{\"@type\":\"PropertyValueSpecification\",\"valueRequired\":true,\"valueName\":\"search_term_string\"}}],\"inLanguage\":\"es\"},{\"@type\":\"Organization\",\"@id\":\"https:\/\/www.sonoraenequipo.com.mx\/#organization\",\"name\":\"Sonoraenequipo.com.mx\",\"url\":\"https:\/\/www.sonoraenequipo.com.mx\/\",\"logo\":{\"@type\":\"ImageObject\",\"inLanguage\":\"es\",\"@id\":\"https:\/\/www.sonoraenequipo.com.mx\/#\/schema\/logo\/image\/\",\"url\":\"https:\/\/www.sonoraenequipo.com.mx\/storage\/2019\/01\/sonoraenequipo_opt.png\",\"contentUrl\":\"https:\/\/www.sonoraenequipo.com.mx\/storage\/2019\/01\/sonoraenequipo_opt.png\",\"width\":375,\"height\":125,\"caption\":\"Sonoraenequipo.com.mx\"},\"image\":{\"@id\":\"https:\/\/www.sonoraenequipo.com.mx\/#\/schema\/logo\/image\/\"},\"sameAs\":[\"https:\/\/www.facebook.com\/SonoraEE\/\",\"https:\/\/x.com\/sonoraenequipo\",\"https:\/\/www.youtube.com\/channel\/UC338nW-lPEYmJQs4ZABQ1SQ\"]},{\"@type\":\"Person\",\"@id\":\"https:\/\/www.sonoraenequipo.com.mx\/#\/schema\/person\/50102df0fb23a8fa9e8effad8fa81386\",\"name\":\"enequipo\",\"image\":{\"@type\":\"ImageObject\",\"inLanguage\":\"es\",\"@id\":\"https:\/\/www.sonoraenequipo.com.mx\/#\/schema\/person\/image\/\",\"url\":\"https:\/\/secure.gravatar.com\/avatar\/049821681b589dabc0bc20695993ccebb09f5b5d4d790cd9251b97faac7c652b?s=96&d=blank&r=g\",\"contentUrl\":\"https:\/\/secure.gravatar.com\/avatar\/049821681b589dabc0bc20695993ccebb09f5b5d4d790cd9251b97faac7c652b?s=96&d=blank&r=g\",\"caption\":\"enequipo\"},\"sameAs\":[\"https:\/\/www.facebook.com\/SonoraEE\"]}]}<\/script>\n ","yoast_head_json":{"title":"Sonora en Equipo. Encuentran sin vida al magistrade electoral, Jes\u00fas Ociel Baena, en Aguasacalientes Rep\u00fablica","description":"AGUASCALIENTES, AGUASCALIENTES. MX. \u2014 Jes\u00fas Ociel Baena Saucedo, quien el 1 de octubre de 2022 asumi\u00f3 el cargo como el primer magistrado electoral no En Sonora en Equipo publicamos toda la informaci\u00f3n de Sonora, M\u00e9xico y el Mundo de manera oportuna y busca que la libertad de expresi\u00f3n sea real. Visita nuestro medio informativo publicado desde Hermosillo, Sonora. %","robots":{"index":"index","follow":"follow","max-snippet":"max-snippet:-1","max-image-preview":"max-image-preview:large","max-video-preview":"max-video-preview:-1"},"canonical":"https:\/\/www.sonoraenequipo.com.mx\/encuentran-sin-vida-al-magistrade-electoral-jesus-ociel-baena-en-aguasacalientes\/","og_locale":"es_ES","og_type":"article","og_title":"Sonora en Equipo. Encuentran sin vida al magistrade electoral, Jes\u00fas Ociel Baena, en Aguasacalientes Rep\u00fablica","og_description":"AGUASCALIENTES, AGUASCALIENTES. MX. \u2014 Jes\u00fas Ociel Baena Saucedo, quien el 1 de octubre de 2022 asumi\u00f3 el cargo como el primer magistrado electoral no En Sonora en Equipo publicamos toda la informaci\u00f3n de Sonora, M\u00e9xico y el Mundo de manera oportuna y busca que la libertad de expresi\u00f3n sea real. Visita nuestro medio informativo publicado desde Hermosillo, Sonora. %","og_url":"https:\/\/www.sonoraenequipo.com.mx\/encuentran-sin-vida-al-magistrade-electoral-jesus-ociel-baena-en-aguasacalientes\/","og_site_name":"Sonora en Equipo.","article_publisher":"https:\/\/www.facebook.com\/SonoraEE\/","article_author":"https:\/\/www.facebook.com\/SonoraEE","article_published_time":"2023-11-14T06:32:27+00:00","article_modified_time":"2023-11-14T17:30:51+00:00","og_image":[{"width":900,"height":506,"url":"https:\/\/www.sonoraenequipo.com.mx\/storage\/2023\/11\/Magistrade-Jesus-Ociel-Baena-Aguscalientes...-min.jpg","type":"image\/jpeg"}],"author":"enequipo","twitter_card":"summary_large_image","twitter_creator":"@sonoraenequipo","twitter_site":"@sonoraenequipo","twitter_misc":{"Escrito por":"enequipo","Tiempo de lectura":"1 minuto"},"schema":{"@context":"https:\/\/schema.org","@graph":[{"@type":"Article","@id":"https:\/\/www.sonoraenequipo.com.mx\/encuentran-sin-vida-al-magistrade-electoral-jesus-ociel-baena-en-aguasacalientes\/#article","isPartOf":{"@id":"https:\/\/www.sonoraenequipo.com.mx\/encuentran-sin-vida-al-magistrade-electoral-jesus-ociel-baena-en-aguasacalientes\/"},"author":{"name":"enequipo","@id":"https:\/\/www.sonoraenequipo.com.mx\/#\/schema\/person\/50102df0fb23a8fa9e8effad8fa81386"},"headline":"Encuentran sin vida al magistrade electoral, Jes\u00fas Ociel Baena, en Aguasacalientes","datePublished":"2023-11-14T06:32:27+00:00","dateModified":"2023-11-14T17:30:51+00:00","mainEntityOfPage":{"@id":"https:\/\/www.sonoraenequipo.com.mx\/encuentran-sin-vida-al-magistrade-electoral-jesus-ociel-baena-en-aguasacalientes\/"},"wordCount":238,"commentCount":0,"publisher":{"@id":"https:\/\/www.sonoraenequipo.com.mx\/#organization"},"image":{"@id":"https:\/\/www.sonoraenequipo.com.mx\/encuentran-sin-vida-al-magistrade-electoral-jesus-ociel-baena-en-aguasacalientes\/#primaryimage"},"thumbnailUrl":"https:\/\/www.sonoraenequipo.com.mx\/storage\/2023\/11\/Magistrade-Jesus-Ociel-Baena-Aguscalientes...-min.jpg","articleSection":["Rep\u00fablica"],"inLanguage":"es","potentialAction":[{"@type":"CommentAction","name":"Comment","target":["https:\/\/www.sonoraenequipo.com.mx\/encuentran-sin-vida-al-magistrade-electoral-jesus-ociel-baena-en-aguasacalientes\/#respond"]}]},{"@type":"WebPage","@id":"https:\/\/www.sonoraenequipo.com.mx\/encuentran-sin-vida-al-magistrade-electoral-jesus-ociel-baena-en-aguasacalientes\/","url":"https:\/\/www.sonoraenequipo.com.mx\/encuentran-sin-vida-al-magistrade-electoral-jesus-ociel-baena-en-aguasacalientes\/","name":"Sonora en Equipo. Encuentran sin vida al magistrade electoral, Jes\u00fas Ociel Baena, en Aguasacalientes Rep\u00fablica","isPartOf":{"@id":"https:\/\/www.sonoraenequipo.com.mx\/#website"},"primaryImageOfPage":{"@id":"https:\/\/www.sonoraenequipo.com.mx\/encuentran-sin-vida-al-magistrade-electoral-jesus-ociel-baena-en-aguasacalientes\/#primaryimage"},"image":{"@id":"https:\/\/www.sonoraenequipo.com.mx\/encuentran-sin-vida-al-magistrade-electoral-jesus-ociel-baena-en-aguasacalientes\/#primaryimage"},"thumbnailUrl":"https:\/\/www.sonoraenequipo.com.mx\/storage\/2023\/11\/Magistrade-Jesus-Ociel-Baena-Aguscalientes...-min.jpg","datePublished":"2023-11-14T06:32:27+00:00","dateModified":"2023-11-14T17:30:51+00:00","description":"AGUASCALIENTES, AGUASCALIENTES. MX. \u2014 Jes\u00fas Ociel Baena Saucedo, quien el 1 de octubre de 2022 asumi\u00f3 el cargo como el primer magistrado electoral no En Sonora en Equipo publicamos toda la informaci\u00f3n de Sonora, M\u00e9xico y el Mundo de manera oportuna y busca que la libertad de expresi\u00f3n sea real. Visita nuestro medio informativo publicado desde Hermosillo, Sonora. %","breadcrumb":{"@id":"https:\/\/www.sonoraenequipo.com.mx\/encuentran-sin-vida-al-magistrade-electoral-jesus-ociel-baena-en-aguasacalientes\/#breadcrumb"},"inLanguage":"es","potentialAction":[{"@type":"ReadAction","target":["https:\/\/www.sonoraenequipo.com.mx\/encuentran-sin-vida-al-magistrade-electoral-jesus-ociel-baena-en-aguasacalientes\/"]}]},{"@type":"ImageObject","inLanguage":"es","@id":"https:\/\/www.sonoraenequipo.com.mx\/encuentran-sin-vida-al-magistrade-electoral-jesus-ociel-baena-en-aguasacalientes\/#primaryimage","url":"https:\/\/www.sonoraenequipo.com.mx\/storage\/2023\/11\/Magistrade-Jesus-Ociel-Baena-Aguscalientes...-min.jpg","contentUrl":"https:\/\/www.sonoraenequipo.com.mx\/storage\/2023\/11\/Magistrade-Jesus-Ociel-Baena-Aguscalientes...-min.jpg","width":900,"height":506},{"@type":"BreadcrumbList","@id":"https:\/\/www.sonoraenequipo.com.mx\/encuentran-sin-vida-al-magistrade-electoral-jesus-ociel-baena-en-aguasacalientes\/#breadcrumb","itemListElement":[{"@type":"ListItem","position":1,"name":"Portada","item":"https:\/\/www.sonoraenequipo.com.mx\/"},{"@type":"ListItem","position":2,"name":"Encuentran sin vida al magistrade electoral, Jes\u00fas Ociel Baena, en Aguasacalientes"}]},{"@type":"WebSite","@id":"https:\/\/www.sonoraenequipo.com.mx\/#website","url":"https:\/\/www.sonoraenequipo.com.mx\/","name":"Sonora en Equipo.","description":"Diario en l\u00ednea con Noticias desde Hermosillo, Sonora","publisher":{"@id":"https:\/\/www.sonoraenequipo.com.mx\/#organization"},"potentialAction":[{"@type":"SearchAction","target":{"@type":"EntryPoint","urlTemplate":"https:\/\/www.sonoraenequipo.com.mx\/?s={search_term_string}"},"query-input":{"@type":"PropertyValueSpecification","valueRequired":true,"valueName":"search_term_string"}}],"inLanguage":"es"},{"@type":"Organization","@id":"https:\/\/www.sonoraenequipo.com.mx\/#organization","name":"Sonoraenequipo.com.mx","url":"https:\/\/www.sonoraenequipo.com.mx\/","logo":{"@type":"ImageObject","inLanguage":"es","@id":"https:\/\/www.sonoraenequipo.com.mx\/#\/schema\/logo\/image\/","url":"https:\/\/www.sonoraenequipo.com.mx\/storage\/2019\/01\/sonoraenequipo_opt.png","contentUrl":"https:\/\/www.sonoraenequipo.com.mx\/storage\/2019\/01\/sonoraenequipo_opt.png","width":375,"height":125,"caption":"Sonoraenequipo.com.mx"},"image":{"@id":"https:\/\/www.sonoraenequipo.com.mx\/#\/schema\/logo\/image\/"},"sameAs":["https:\/\/www.facebook.com\/SonoraEE\/","https:\/\/x.com\/sonoraenequipo","https:\/\/www.youtube.com\/channel\/UC338nW-lPEYmJQs4ZABQ1SQ"]},{"@type":"Person","@id":"https:\/\/www.sonoraenequipo.com.mx\/#\/schema\/person\/50102df0fb23a8fa9e8effad8fa81386","name":"enequipo","image":{"@type":"ImageObject","inLanguage":"es","@id":"https:\/\/www.sonoraenequipo.com.mx\/#\/schema\/person\/image\/","url":"https:\/\/secure.gravatar.com\/avatar\/049821681b589dabc0bc20695993ccebb09f5b5d4d790cd9251b97faac7c652b?s=96&d=blank&r=g","contentUrl":"https:\/\/secure.gravatar.com\/avatar\/049821681b589dabc0bc20695993ccebb09f5b5d4d790cd9251b97faac7c652b?s=96&d=blank&r=g","caption":"enequipo"},"sameAs":["https:\/\/www.facebook.com\/SonoraEE"]}]}},"jetpack_featured_media_url":"https:\/\/www.sonoraenequipo.com.mx\/storage\/2023\/11\/Magistrade-Jesus-Ociel-Baena-Aguscalientes...-min.jpg","_links":{"self":[{"href":"https:\/\/www.sonoraenequipo.com.mx\/api\/wp\/v2\/posts\/179079","targetHints":{"allow":["GET"]}}],"collection":[{"href":"https:\/\/www.sonoraenequipo.com.mx\/api\/wp\/v2\/posts"}],"about":[{"href":"https:\/\/www.sonoraenequipo.com.mx\/api\/wp\/v2\/types\/post"}],"author":[{"embeddable":true,"href":"https:\/\/www.sonoraenequipo.com.mx\/api\/wp\/v2\/users\/1"}],"replies":[{"embeddable":true,"href":"https:\/\/www.sonoraenequipo.com.mx\/api\/wp\/v2\/comments?post=179079"}],"version-history":[{"count":1,"href":"https:\/\/www.sonoraenequipo.com.mx\/api\/wp\/v2\/posts\/179079\/revisions"}],"predecessor-version":[{"id":179082,"href":"https:\/\/www.sonoraenequipo.com.mx\/api\/wp\/v2\/posts\/179079\/revisions\/179082"}],"wp:featuredmedia":[{"embeddable":true,"href":"https:\/\/www.sonoraenequipo.com.mx\/api\/wp\/v2\/media\/179081"}],"wp:attachment":[{"href":"https:\/\/www.sonoraenequipo.com.mx\/api\/wp\/v2\/media?parent=179079"}],"wp:term":[{"taxonomy":"category","embeddable":true,"href":"https:\/\/www.sonoraenequipo.com.mx\/api\/wp\/v2\/categories?post=179079"},{"taxonomy":"post_tag","embeddable":true,"href":"https:\/\/www.sonoraenequipo.com.mx\/api\/wp\/v2\/tags?post=179079"}],"curies":[{"name":"wp","href":"https:\/\/api.w.org\/{rel}","templated":true}]}}