{"id":179083,"date":"2023-11-14T10:46:17","date_gmt":"2023-11-14T17:46:17","guid":{"rendered":"https:\/\/www.sonoraenequipo.com.mx\/?p=179083"},"modified":"2023-11-14T10:46:17","modified_gmt":"2023-11-14T17:46:17","slug":"crimen-pasional-mentira-nacional-realizan-vigilia-en-memoria-del-magistrade-jesus-ociel-baena","status":"publish","type":"post","link":"https:\/\/www.sonoraenequipo.com.mx\/crimen-pasional-mentira-nacional-realizan-vigilia-en-memoria-del-magistrade-jesus-ociel-baena\/","title":{"rendered":"\u201cCrimen pasional, mentira nacional\u201d: Realizan vigilia en memoria del magistrade Jes\u00fas Ociel Baena"},"content":{"rendered":"<p><strong>CIUDAD DE M\u00c9XICO. MX. \u2014<\/strong> Cientos de personas en diferentes ciudades de M\u00e9xico se congregaron la noche del lunes en una vigilia en protesta por la muerte del Jes\u00fas Ociel Baena, el primer \u2018magistrade\u2019 del Tribunal Electoral de Aguascalientes, quien fue hallado sin vida junto a su pareja en su residencia.<\/p>\n<p>&nbsp;<\/p>\n<p> <br \/>\nEl cuerpo del magistrade, quien hab\u00eda denunciado amenazas por su identidad no binaria, presentaba huellas de violencia, lo que gener\u00f3 protestas de la comunidad LGBT+, luego de que la Fiscal\u00eda del estado infiriera, con peritajes iniciales, que se trataba de un crimen pasional.<\/p>\n<p>&nbsp;<\/p>\n<p>Las autoridades informaron que ambos cuerpos presentaban heridas producidas por navajas, presuntamente inflingidas por Dorian Herrera, pareja de Jes\u00fas Ociel.<\/p>\n<p>&nbsp;<\/p>\n<p>\u201c\u00a1Crimen pasional es mentira nacional!\u201d, \u201c\u00a1Ociel no muri\u00f3, el Estado le mat\u00f3!\u201d, fueron algunas de las consignas que ese escucharon en la Estela de Luz de la Ciudad de M\u00e9xico, donde se realiz\u00f3 una de las 35 vigilias en el pa\u00eds.<\/p>\n<p>&nbsp;<\/p>\n<p>En redes sociales, fueron compartidas im\u00e1genes de la vigilia usando los hashtags #JusticiaParaOciel y #NiUnxmenos.<\/p>\n<blockquote class=\"twitter-tweet\" data-width=\"550\" data-dnt=\"true\">\n<p lang=\"es\" dir=\"ltr\">&quot;\u00a1Crimen pasional es mentira nacional!&quot; corean personas de la comunidad LGBTIQA+ en la Estela de la luz. <a href=\"https:\/\/t.co\/yYCax9CzWn\">pic.twitter.com\/yYCax9CzWn<\/a><\/p>\n<p>&mdash; Noah \u2764\ufe0f\u200d\ud83d\udd25 (@noaholivaw) <a href=\"https:\/\/twitter.com\/noaholivaw\/status\/1724242554332311728?ref_src=twsrc%5Etfw\">November 14, 2023<\/a><\/p><\/blockquote>\n<p><script async src=\"https:\/\/platform.twitter.com\/widgets.js\" charset=\"utf-8\"><\/script><\/p>\n<p>&nbsp;<\/p>\n<p>En Sonora, los colectivos Sonora Trans A. C. y Diverciudad se unieron a la manifestaci\u00f3n nacional para exigir justicia y reconocer la muerte de Jes\u00fas Ociel Baena Saucedo como un crimen de odio.<\/p>\n<p>&nbsp;<\/p>\n<p>Luna Garc\u00eda, representante de Sonora Trans A.C., expres\u00f3 la demanda de justicia por parte de la comunidad LGBTI+ y llam\u00f3 a las autoridades a llevar a cabo una investigaci\u00f3n con una perspectiva de diversidad sexual y considerar la posibilidad de que este acto sea un crimen de odio.<\/p>\n<p>&nbsp;<\/p>\n<p>&nbsp;<\/p>\n<p>En Hidalgo, colectivos e integrantes de la Comisi\u00f3n de Derechos Humanos de Hidalgo realizaron un homenaje a Ociel Baena con veladoras y un minuto de silencio, exigiendo un cese a la violencia contra la diversidad sexual y de g\u00e9nero.<\/p>\n<blockquote class=\"twitter-tweet\" data-width=\"550\" data-dnt=\"true\">\n<p lang=\"es\" dir=\"ltr\">Anoche tambi\u00e9n nos reunimos en el Z\u00f3calo de <a href=\"https:\/\/twitter.com\/hashtag\/Chilpancingo?src=hash&amp;ref_src=twsrc%5Etfw\">#Chilpancingo<\/a> para exigir <a href=\"https:\/\/twitter.com\/hashtag\/JusticiaParaOciel?src=hash&amp;ref_src=twsrc%5Etfw\">#JusticiaParaOciel<\/a> y <a href=\"https:\/\/twitter.com\/hashtag\/JusticiaParaDorian?src=hash&amp;ref_src=twsrc%5Etfw\">#JusticiaParaDorian<\/a> \ud83d\udc9b\ud83e\udd0d\ud83d\udc9c\ud83d\udda4<\/p>\n<p>Es claro que se trata de un crimen de odio, fen\u00f3meno recurrente en el M\u00e9xico LGBTTTI-f\u00f3bico en el que vivimos.<\/p>\n<p>CRIMEN PASIONAL, MENTIRA NACIONAL <a href=\"https:\/\/t.co\/mI1WbnRNPu\">pic.twitter.com\/mI1WbnRNPu<\/a><\/p>\n<p>&mdash; Polit\u00f3logay \ud83c\udf39\ud83d\ude80 (@alexgallardor) <a href=\"https:\/\/twitter.com\/alexgallardor\/status\/1724449469914337361?ref_src=twsrc%5Etfw\">November 14, 2023<\/a><\/p><\/blockquote>\n<p><script async src=\"https:\/\/platform.twitter.com\/widgets.js\" charset=\"utf-8\"><\/script><\/p>\n<p>En Morelos, integrantes de la diversidad sexual llevaron a cabo una vigilia frente al memorial de v\u00edctimas para exigir justicia y castigo para los responsables del crimen.<\/p>\n<p>&nbsp;<\/p>\n<p>&nbsp;<\/p>\n<p>Estas manifestaciones destacaron la valent\u00eda de Baena en la lucha por los derechos humanos de la comunidad LGBTI+ y exigieron que su muerte no quede impune, buscando as\u00ed visibilizar la violencia verbal y f\u00edsica contra las personas de la diversidad sexual y no binarias.<\/p>\n<p>&nbsp;<\/p>\n<p>&nbsp;<\/p>\n<p>PUBLICADO EL 14 NOVIEMBRE DE 2023\/ Con informaci\u00f3n de Redes Sociales\/EE)<\/p>\n","protected":false},"excerpt":{"rendered":"<p>CIUDAD DE M\u00c9XICO. MX. \u2014 Cientos de personas en diferentes ciudades de M\u00e9xico se congregaron&#8230;<\/p>\n","protected":false},"author":1,"featured_media":179084,"comment_status":"open","ping_status":"open","sticky":false,"template":"","format":"standard","meta":{"_monsterinsights_skip_tracking":false,"_monsterinsights_sitenote_active":false,"_monsterinsights_sitenote_note":"","_monsterinsights_sitenote_category":0,"footnotes":""},"categories":[5],"tags":[],"class_list":["post"],"yoast_head":" \n<title>Sonora en Equipo. \u201cCrimen pasional, mentira nacional\u201d: Realizan vigilia en memoria del magistrade Jes\u00fas Ociel Baena Rep\u00fablica<\/title>\n<meta name=\"description\" content=\"CIUDAD DE M\u00c9XICO. MX. \u2014 Cientos de personas en diferentes ciudades de M\u00e9xico se congregaron la noche del lunes en una vigilia en protesta por la muerte En Sonora en Equipo publicamos toda la informaci\u00f3n de Sonora, M\u00e9xico y el Mundo de manera oportuna y busca que la libertad de expresi\u00f3n sea real. Visita nuestro medio informativo publicado desde Hermosillo, Sonora. %\" \/>\n<meta name=\"robots\" content=\"index, follow, max-snippet:-1, max-image-preview:large, max-video-preview:-1\" \/>\n<link rel=\"canonical\" href=\"https:\/\/www.sonoraenequipo.com.mx\/crimen-pasional-mentira-nacional-realizan-vigilia-en-memoria-del-magistrade-jesus-ociel-baena\/\" \/>\n<meta property=\"og:locale\" content=\"es_ES\" \/>\n<meta property=\"og:type\" content=\"article\" \/>\n<meta property=\"og:title\" content=\"Sonora en Equipo. \u201cCrimen pasional, mentira nacional\u201d: Realizan vigilia en memoria del magistrade Jes\u00fas Ociel Baena Rep\u00fablica\" \/>\n<meta property=\"og:description\" content=\"CIUDAD DE M\u00c9XICO. MX. \u2014 Cientos de personas en diferentes ciudades de M\u00e9xico se congregaron la noche del lunes en una vigilia en protesta por la muerte En Sonora en Equipo publicamos toda la informaci\u00f3n de Sonora, M\u00e9xico y el Mundo de manera oportuna y busca que la libertad de expresi\u00f3n sea real. Visita nuestro medio informativo publicado desde Hermosillo, Sonora. %\" \/>\n<meta property=\"og:url\" content=\"https:\/\/www.sonoraenequipo.com.mx\/crimen-pasional-mentira-nacional-realizan-vigilia-en-memoria-del-magistrade-jesus-ociel-baena\/\" \/>\n<meta property=\"og:site_name\" content=\"Sonora en Equipo.\" \/>\n<meta property=\"article:publisher\" content=\"https:\/\/www.facebook.com\/SonoraEE\/\" \/>\n<meta property=\"article:author\" content=\"https:\/\/www.facebook.com\/SonoraEE\" \/>\n<meta property=\"article:published_time\" content=\"2023-11-14T17:46:17+00:00\" \/>\n<meta property=\"og:image\" content=\"https:\/\/www.sonoraenequipo.com.mx\/storage\/2023\/11\/Magistrade-asesinado...-min.jpg\" \/>\n\t<meta property=\"og:image:width\" content=\"900\" \/>\n\t<meta property=\"og:image:height\" content=\"487\" \/>\n\t<meta property=\"og:image:type\" content=\"image\/jpeg\" \/>\n<meta name=\"author\" content=\"enequipo\" \/>\n<meta name=\"twitter:card\" content=\"summary_large_image\" \/>\n<meta name=\"twitter:creator\" content=\"@sonoraenequipo\" \/>\n<meta name=\"twitter:site\" content=\"@sonoraenequipo\" \/>\n<meta name=\"twitter:label1\" content=\"Escrito por\" \/>\n\t<meta name=\"twitter:data1\" content=\"enequipo\" \/>\n\t<meta name=\"twitter:label2\" content=\"Tiempo de lectura\" \/>\n\t<meta name=\"twitter:data2\" content=\"2 minutos\" \/>\n<script type=\"application\/ld+json\" class=\"yoast-schema-graph\">{\"@context\":\"https:\/\/schema.org\",\"@graph\":[{\"@type\":\"Article\",\"@id\":\"https:\/\/www.sonoraenequipo.com.mx\/crimen-pasional-mentira-nacional-realizan-vigilia-en-memoria-del-magistrade-jesus-ociel-baena\/#article\",\"isPartOf\":{\"@id\":\"https:\/\/www.sonoraenequipo.com.mx\/crimen-pasional-mentira-nacional-realizan-vigilia-en-memoria-del-magistrade-jesus-ociel-baena\/\"},\"author\":{\"name\":\"enequipo\",\"@id\":\"https:\/\/www.sonoraenequipo.com.mx\/#\/schema\/person\/50102df0fb23a8fa9e8effad8fa81386\"},\"headline\":\"\u201cCrimen pasional, mentira nacional\u201d: Realizan vigilia en memoria del magistrade Jes\u00fas Ociel Baena\",\"datePublished\":\"2023-11-14T17:46:17+00:00\",\"mainEntityOfPage\":{\"@id\":\"https:\/\/www.sonoraenequipo.com.mx\/crimen-pasional-mentira-nacional-realizan-vigilia-en-memoria-del-magistrade-jesus-ociel-baena\/\"},\"wordCount\":425,\"commentCount\":0,\"publisher\":{\"@id\":\"https:\/\/www.sonoraenequipo.com.mx\/#organization\"},\"image\":{\"@id\":\"https:\/\/www.sonoraenequipo.com.mx\/crimen-pasional-mentira-nacional-realizan-vigilia-en-memoria-del-magistrade-jesus-ociel-baena\/#primaryimage\"},\"thumbnailUrl\":\"https:\/\/www.sonoraenequipo.com.mx\/storage\/2023\/11\/Magistrade-asesinado...-min.jpg\",\"articleSection\":[\"Rep\u00fablica\"],\"inLanguage\":\"es\",\"potentialAction\":[{\"@type\":\"CommentAction\",\"name\":\"Comment\",\"target\":[\"https:\/\/www.sonoraenequipo.com.mx\/crimen-pasional-mentira-nacional-realizan-vigilia-en-memoria-del-magistrade-jesus-ociel-baena\/#respond\"]}]},{\"@type\":\"WebPage\",\"@id\":\"https:\/\/www.sonoraenequipo.com.mx\/crimen-pasional-mentira-nacional-realizan-vigilia-en-memoria-del-magistrade-jesus-ociel-baena\/\",\"url\":\"https:\/\/www.sonoraenequipo.com.mx\/crimen-pasional-mentira-nacional-realizan-vigilia-en-memoria-del-magistrade-jesus-ociel-baena\/\",\"name\":\"Sonora en Equipo. \u201cCrimen pasional, mentira nacional\u201d: Realizan vigilia en memoria del magistrade Jes\u00fas Ociel Baena Rep\u00fablica\",\"isPartOf\":{\"@id\":\"https:\/\/www.sonoraenequipo.com.mx\/#website\"},\"primaryImageOfPage\":{\"@id\":\"https:\/\/www.sonoraenequipo.com.mx\/crimen-pasional-mentira-nacional-realizan-vigilia-en-memoria-del-magistrade-jesus-ociel-baena\/#primaryimage\"},\"image\":{\"@id\":\"https:\/\/www.sonoraenequipo.com.mx\/crimen-pasional-mentira-nacional-realizan-vigilia-en-memoria-del-magistrade-jesus-ociel-baena\/#primaryimage\"},\"thumbnailUrl\":\"https:\/\/www.sonoraenequipo.com.mx\/storage\/2023\/11\/Magistrade-asesinado...-min.jpg\",\"datePublished\":\"2023-11-14T17:46:17+00:00\",\"description\":\"CIUDAD DE M\u00c9XICO. MX. \u2014 Cientos de personas en diferentes ciudades de M\u00e9xico se congregaron la noche del lunes en una vigilia en protesta por la muerte En Sonora en Equipo publicamos toda la informaci\u00f3n de Sonora, M\u00e9xico y el Mundo de manera oportuna y busca que la libertad de expresi\u00f3n sea real. Visita nuestro medio informativo publicado desde Hermosillo, Sonora. %\",\"breadcrumb\":{\"@id\":\"https:\/\/www.sonoraenequipo.com.mx\/crimen-pasional-mentira-nacional-realizan-vigilia-en-memoria-del-magistrade-jesus-ociel-baena\/#breadcrumb\"},\"inLanguage\":\"es\",\"potentialAction\":[{\"@type\":\"ReadAction\",\"target\":[\"https:\/\/www.sonoraenequipo.com.mx\/crimen-pasional-mentira-nacional-realizan-vigilia-en-memoria-del-magistrade-jesus-ociel-baena\/\"]}]},{\"@type\":\"ImageObject\",\"inLanguage\":\"es\",\"@id\":\"https:\/\/www.sonoraenequipo.com.mx\/crimen-pasional-mentira-nacional-realizan-vigilia-en-memoria-del-magistrade-jesus-ociel-baena\/#primaryimage\",\"url\":\"https:\/\/www.sonoraenequipo.com.mx\/storage\/2023\/11\/Magistrade-asesinado...-min.jpg\",\"contentUrl\":\"https:\/\/www.sonoraenequipo.com.mx\/storage\/2023\/11\/Magistrade-asesinado...-min.jpg\",\"width\":900,\"height\":487},{\"@type\":\"BreadcrumbList\",\"@id\":\"https:\/\/www.sonoraenequipo.com.mx\/crimen-pasional-mentira-nacional-realizan-vigilia-en-memoria-del-magistrade-jesus-ociel-baena\/#breadcrumb\",\"itemListElement\":[{\"@type\":\"ListItem\",\"position\":1,\"name\":\"Portada\",\"item\":\"https:\/\/www.sonoraenequipo.com.mx\/\"},{\"@type\":\"ListItem\",\"position\":2,\"name\":\"\u201cCrimen pasional, mentira nacional\u201d: Realizan vigilia en memoria del magistrade Jes\u00fas Ociel Baena\"}]},{\"@type\":\"WebSite\",\"@id\":\"https:\/\/www.sonoraenequipo.com.mx\/#website\",\"url\":\"https:\/\/www.sonoraenequipo.com.mx\/\",\"name\":\"Sonora en Equipo.\",\"description\":\"Diario en l\u00ednea con Noticias desde Hermosillo, Sonora\",\"publisher\":{\"@id\":\"https:\/\/www.sonoraenequipo.com.mx\/#organization\"},\"potentialAction\":[{\"@type\":\"SearchAction\",\"target\":{\"@type\":\"EntryPoint\",\"urlTemplate\":\"https:\/\/www.sonoraenequipo.com.mx\/?s={search_term_string}\"},\"query-input\":{\"@type\":\"PropertyValueSpecification\",\"valueRequired\":true,\"valueName\":\"search_term_string\"}}],\"inLanguage\":\"es\"},{\"@type\":\"Organization\",\"@id\":\"https:\/\/www.sonoraenequipo.com.mx\/#organization\",\"name\":\"Sonoraenequipo.com.mx\",\"url\":\"https:\/\/www.sonoraenequipo.com.mx\/\",\"logo\":{\"@type\":\"ImageObject\",\"inLanguage\":\"es\",\"@id\":\"https:\/\/www.sonoraenequipo.com.mx\/#\/schema\/logo\/image\/\",\"url\":\"https:\/\/www.sonoraenequipo.com.mx\/storage\/2019\/01\/sonoraenequipo_opt.png\",\"contentUrl\":\"https:\/\/www.sonoraenequipo.com.mx\/storage\/2019\/01\/sonoraenequipo_opt.png\",\"width\":375,\"height\":125,\"caption\":\"Sonoraenequipo.com.mx\"},\"image\":{\"@id\":\"https:\/\/www.sonoraenequipo.com.mx\/#\/schema\/logo\/image\/\"},\"sameAs\":[\"https:\/\/www.facebook.com\/SonoraEE\/\",\"https:\/\/x.com\/sonoraenequipo\",\"https:\/\/www.youtube.com\/channel\/UC338nW-lPEYmJQs4ZABQ1SQ\"]},{\"@type\":\"Person\",\"@id\":\"https:\/\/www.sonoraenequipo.com.mx\/#\/schema\/person\/50102df0fb23a8fa9e8effad8fa81386\",\"name\":\"enequipo\",\"image\":{\"@type\":\"ImageObject\",\"inLanguage\":\"es\",\"@id\":\"https:\/\/www.sonoraenequipo.com.mx\/#\/schema\/person\/image\/\",\"url\":\"https:\/\/secure.gravatar.com\/avatar\/049821681b589dabc0bc20695993ccebb09f5b5d4d790cd9251b97faac7c652b?s=96&d=blank&r=g\",\"contentUrl\":\"https:\/\/secure.gravatar.com\/avatar\/049821681b589dabc0bc20695993ccebb09f5b5d4d790cd9251b97faac7c652b?s=96&d=blank&r=g\",\"caption\":\"enequipo\"},\"sameAs\":[\"https:\/\/www.facebook.com\/SonoraEE\"]}]}<\/script>\n ","yoast_head_json":{"title":"Sonora en Equipo. \u201cCrimen pasional, mentira nacional\u201d: Realizan vigilia en memoria del magistrade Jes\u00fas Ociel Baena Rep\u00fablica","description":"CIUDAD DE M\u00c9XICO. MX. \u2014 Cientos de personas en diferentes ciudades de M\u00e9xico se congregaron la noche del lunes en una vigilia en protesta por la muerte En Sonora en Equipo publicamos toda la informaci\u00f3n de Sonora, M\u00e9xico y el Mundo de manera oportuna y busca que la libertad de expresi\u00f3n sea real. Visita nuestro medio informativo publicado desde Hermosillo, Sonora. %","robots":{"index":"index","follow":"follow","max-snippet":"max-snippet:-1","max-image-preview":"max-image-preview:large","max-video-preview":"max-video-preview:-1"},"canonical":"https:\/\/www.sonoraenequipo.com.mx\/crimen-pasional-mentira-nacional-realizan-vigilia-en-memoria-del-magistrade-jesus-ociel-baena\/","og_locale":"es_ES","og_type":"article","og_title":"Sonora en Equipo. \u201cCrimen pasional, mentira nacional\u201d: Realizan vigilia en memoria del magistrade Jes\u00fas Ociel Baena Rep\u00fablica","og_description":"CIUDAD DE M\u00c9XICO. MX. \u2014 Cientos de personas en diferentes ciudades de M\u00e9xico se congregaron la noche del lunes en una vigilia en protesta por la muerte En Sonora en Equipo publicamos toda la informaci\u00f3n de Sonora, M\u00e9xico y el Mundo de manera oportuna y busca que la libertad de expresi\u00f3n sea real. Visita nuestro medio informativo publicado desde Hermosillo, Sonora. %","og_url":"https:\/\/www.sonoraenequipo.com.mx\/crimen-pasional-mentira-nacional-realizan-vigilia-en-memoria-del-magistrade-jesus-ociel-baena\/","og_site_name":"Sonora en Equipo.","article_publisher":"https:\/\/www.facebook.com\/SonoraEE\/","article_author":"https:\/\/www.facebook.com\/SonoraEE","article_published_time":"2023-11-14T17:46:17+00:00","og_image":[{"width":900,"height":487,"url":"https:\/\/www.sonoraenequipo.com.mx\/storage\/2023\/11\/Magistrade-asesinado...-min.jpg","type":"image\/jpeg"}],"author":"enequipo","twitter_card":"summary_large_image","twitter_creator":"@sonoraenequipo","twitter_site":"@sonoraenequipo","twitter_misc":{"Escrito por":"enequipo","Tiempo de lectura":"2 minutos"},"schema":{"@context":"https:\/\/schema.org","@graph":[{"@type":"Article","@id":"https:\/\/www.sonoraenequipo.com.mx\/crimen-pasional-mentira-nacional-realizan-vigilia-en-memoria-del-magistrade-jesus-ociel-baena\/#article","isPartOf":{"@id":"https:\/\/www.sonoraenequipo.com.mx\/crimen-pasional-mentira-nacional-realizan-vigilia-en-memoria-del-magistrade-jesus-ociel-baena\/"},"author":{"name":"enequipo","@id":"https:\/\/www.sonoraenequipo.com.mx\/#\/schema\/person\/50102df0fb23a8fa9e8effad8fa81386"},"headline":"\u201cCrimen pasional, mentira nacional\u201d: Realizan vigilia en memoria del magistrade Jes\u00fas Ociel Baena","datePublished":"2023-11-14T17:46:17+00:00","mainEntityOfPage":{"@id":"https:\/\/www.sonoraenequipo.com.mx\/crimen-pasional-mentira-nacional-realizan-vigilia-en-memoria-del-magistrade-jesus-ociel-baena\/"},"wordCount":425,"commentCount":0,"publisher":{"@id":"https:\/\/www.sonoraenequipo.com.mx\/#organization"},"image":{"@id":"https:\/\/www.sonoraenequipo.com.mx\/crimen-pasional-mentira-nacional-realizan-vigilia-en-memoria-del-magistrade-jesus-ociel-baena\/#primaryimage"},"thumbnailUrl":"https:\/\/www.sonoraenequipo.com.mx\/storage\/2023\/11\/Magistrade-asesinado...-min.jpg","articleSection":["Rep\u00fablica"],"inLanguage":"es","potentialAction":[{"@type":"CommentAction","name":"Comment","target":["https:\/\/www.sonoraenequipo.com.mx\/crimen-pasional-mentira-nacional-realizan-vigilia-en-memoria-del-magistrade-jesus-ociel-baena\/#respond"]}]},{"@type":"WebPage","@id":"https:\/\/www.sonoraenequipo.com.mx\/crimen-pasional-mentira-nacional-realizan-vigilia-en-memoria-del-magistrade-jesus-ociel-baena\/","url":"https:\/\/www.sonoraenequipo.com.mx\/crimen-pasional-mentira-nacional-realizan-vigilia-en-memoria-del-magistrade-jesus-ociel-baena\/","name":"Sonora en Equipo. \u201cCrimen pasional, mentira nacional\u201d: Realizan vigilia en memoria del magistrade Jes\u00fas Ociel Baena Rep\u00fablica","isPartOf":{"@id":"https:\/\/www.sonoraenequipo.com.mx\/#website"},"primaryImageOfPage":{"@id":"https:\/\/www.sonoraenequipo.com.mx\/crimen-pasional-mentira-nacional-realizan-vigilia-en-memoria-del-magistrade-jesus-ociel-baena\/#primaryimage"},"image":{"@id":"https:\/\/www.sonoraenequipo.com.mx\/crimen-pasional-mentira-nacional-realizan-vigilia-en-memoria-del-magistrade-jesus-ociel-baena\/#primaryimage"},"thumbnailUrl":"https:\/\/www.sonoraenequipo.com.mx\/storage\/2023\/11\/Magistrade-asesinado...-min.jpg","datePublished":"2023-11-14T17:46:17+00:00","description":"CIUDAD DE M\u00c9XICO. MX. \u2014 Cientos de personas en diferentes ciudades de M\u00e9xico se congregaron la noche del lunes en una vigilia en protesta por la muerte En Sonora en Equipo publicamos toda la informaci\u00f3n de Sonora, M\u00e9xico y el Mundo de manera oportuna y busca que la libertad de expresi\u00f3n sea real. Visita nuestro medio informativo publicado desde Hermosillo, Sonora. %","breadcrumb":{"@id":"https:\/\/www.sonoraenequipo.com.mx\/crimen-pasional-mentira-nacional-realizan-vigilia-en-memoria-del-magistrade-jesus-ociel-baena\/#breadcrumb"},"inLanguage":"es","potentialAction":[{"@type":"ReadAction","target":["https:\/\/www.sonoraenequipo.com.mx\/crimen-pasional-mentira-nacional-realizan-vigilia-en-memoria-del-magistrade-jesus-ociel-baena\/"]}]},{"@type":"ImageObject","inLanguage":"es","@id":"https:\/\/www.sonoraenequipo.com.mx\/crimen-pasional-mentira-nacional-realizan-vigilia-en-memoria-del-magistrade-jesus-ociel-baena\/#primaryimage","url":"https:\/\/www.sonoraenequipo.com.mx\/storage\/2023\/11\/Magistrade-asesinado...-min.jpg","contentUrl":"https:\/\/www.sonoraenequipo.com.mx\/storage\/2023\/11\/Magistrade-asesinado...-min.jpg","width":900,"height":487},{"@type":"BreadcrumbList","@id":"https:\/\/www.sonoraenequipo.com.mx\/crimen-pasional-mentira-nacional-realizan-vigilia-en-memoria-del-magistrade-jesus-ociel-baena\/#breadcrumb","itemListElement":[{"@type":"ListItem","position":1,"name":"Portada","item":"https:\/\/www.sonoraenequipo.com.mx\/"},{"@type":"ListItem","position":2,"name":"\u201cCrimen pasional, mentira nacional\u201d: Realizan vigilia en memoria del magistrade Jes\u00fas Ociel Baena"}]},{"@type":"WebSite","@id":"https:\/\/www.sonoraenequipo.com.mx\/#website","url":"https:\/\/www.sonoraenequipo.com.mx\/","name":"Sonora en Equipo.","description":"Diario en l\u00ednea con Noticias desde Hermosillo, Sonora","publisher":{"@id":"https:\/\/www.sonoraenequipo.com.mx\/#organization"},"potentialAction":[{"@type":"SearchAction","target":{"@type":"EntryPoint","urlTemplate":"https:\/\/www.sonoraenequipo.com.mx\/?s={search_term_string}"},"query-input":{"@type":"PropertyValueSpecification","valueRequired":true,"valueName":"search_term_string"}}],"inLanguage":"es"},{"@type":"Organization","@id":"https:\/\/www.sonoraenequipo.com.mx\/#organization","name":"Sonoraenequipo.com.mx","url":"https:\/\/www.sonoraenequipo.com.mx\/","logo":{"@type":"ImageObject","inLanguage":"es","@id":"https:\/\/www.sonoraenequipo.com.mx\/#\/schema\/logo\/image\/","url":"https:\/\/www.sonoraenequipo.com.mx\/storage\/2019\/01\/sonoraenequipo_opt.png","contentUrl":"https:\/\/www.sonoraenequipo.com.mx\/storage\/2019\/01\/sonoraenequipo_opt.png","width":375,"height":125,"caption":"Sonoraenequipo.com.mx"},"image":{"@id":"https:\/\/www.sonoraenequipo.com.mx\/#\/schema\/logo\/image\/"},"sameAs":["https:\/\/www.facebook.com\/SonoraEE\/","https:\/\/x.com\/sonoraenequipo","https:\/\/www.youtube.com\/channel\/UC338nW-lPEYmJQs4ZABQ1SQ"]},{"@type":"Person","@id":"https:\/\/www.sonoraenequipo.com.mx\/#\/schema\/person\/50102df0fb23a8fa9e8effad8fa81386","name":"enequipo","image":{"@type":"ImageObject","inLanguage":"es","@id":"https:\/\/www.sonoraenequipo.com.mx\/#\/schema\/person\/image\/","url":"https:\/\/secure.gravatar.com\/avatar\/049821681b589dabc0bc20695993ccebb09f5b5d4d790cd9251b97faac7c652b?s=96&d=blank&r=g","contentUrl":"https:\/\/secure.gravatar.com\/avatar\/049821681b589dabc0bc20695993ccebb09f5b5d4d790cd9251b97faac7c652b?s=96&d=blank&r=g","caption":"enequipo"},"sameAs":["https:\/\/www.facebook.com\/SonoraEE"]}]}},"jetpack_featured_media_url":"https:\/\/www.sonoraenequipo.com.mx\/storage\/2023\/11\/Magistrade-asesinado...-min.jpg","_links":{"self":[{"href":"https:\/\/www.sonoraenequipo.com.mx\/api\/wp\/v2\/posts\/179083","targetHints":{"allow":["GET"]}}],"collection":[{"href":"https:\/\/www.sonoraenequipo.com.mx\/api\/wp\/v2\/posts"}],"about":[{"href":"https:\/\/www.sonoraenequipo.com.mx\/api\/wp\/v2\/types\/post"}],"author":[{"embeddable":true,"href":"https:\/\/www.sonoraenequipo.com.mx\/api\/wp\/v2\/users\/1"}],"replies":[{"embeddable":true,"href":"https:\/\/www.sonoraenequipo.com.mx\/api\/wp\/v2\/comments?post=179083"}],"version-history":[{"count":1,"href":"https:\/\/www.sonoraenequipo.com.mx\/api\/wp\/v2\/posts\/179083\/revisions"}],"predecessor-version":[{"id":179085,"href":"https:\/\/www.sonoraenequipo.com.mx\/api\/wp\/v2\/posts\/179083\/revisions\/179085"}],"wp:featuredmedia":[{"embeddable":true,"href":"https:\/\/www.sonoraenequipo.com.mx\/api\/wp\/v2\/media\/179084"}],"wp:attachment":[{"href":"https:\/\/www.sonoraenequipo.com.mx\/api\/wp\/v2\/media?parent=179083"}],"wp:term":[{"taxonomy":"category","embeddable":true,"href":"https:\/\/www.sonoraenequipo.com.mx\/api\/wp\/v2\/categories?post=179083"},{"taxonomy":"post_tag","embeddable":true,"href":"https:\/\/www.sonoraenequipo.com.mx\/api\/wp\/v2\/tags?post=179083"}],"curies":[{"name":"wp","href":"https:\/\/api.w.org\/{rel}","templated":true}]}}