{"id":179086,"date":"2023-11-14T09:10:04","date_gmt":"2023-11-14T16:10:04","guid":{"rendered":"https:\/\/www.sonoraenequipo.com.mx\/?p=179086"},"modified":"2023-11-14T11:04:52","modified_gmt":"2023-11-14T18:04:52","slug":"brindan-autoridades-educativas-y-sindicales-acompanamiento-a-comunidad-escolar-de-vicam","status":"publish","type":"post","link":"https:\/\/www.sonoraenequipo.com.mx\/brindan-autoridades-educativas-y-sindicales-acompanamiento-a-comunidad-escolar-de-vicam\/","title":{"rendered":"Brindan autoridades educativas y sindicales acompa\u00f1amiento a comunidad escolar de V\u00edcam"},"content":{"rendered":"<p><strong>V\u00cdCAM, GUAYMAS, SONORA. MX.\u2014<\/strong> El Gobierno de Sonora realiza esfuerzos coordinados y permanentes para generar las condiciones de seguridad que requiere la comunidad educativa para continuar la formaci\u00f3n integral de ni\u00f1as, ni\u00f1os y adolescentes, destac\u00f3 Aar\u00f3n Grageda Bustamante, al supervisar el desarrollo normal de las clases en V\u00edcam.<\/p>\n<p>&nbsp;<\/p>\n<p> <\/p>\n<p>Acompa\u00f1ado de los secretarios generales de las secciones 28 y 54 del Sindicato Nacional de Trabajadores de la Educaci\u00f3n (SNTE), C\u00e9sar Adalberto Salazar L\u00f3pez y Jes\u00fas Javier Ceballos Corral, respectivamente, el titular de la Secretar\u00eda de Educaci\u00f3n y Cultura (SEC) visit\u00f3 la secundaria T\u00e9cnica No. 28 \u00abIgnacio Osuna Osuna\u00bb, la primaria \u00abPorfirio Buitimea\u00bb y el preescolar \u00abCuauht\u00e9moc\u00bb, de dicha localidad.<\/p>\n<p>&nbsp;<\/p>\n<p>&nbsp;<\/p>\n<p>Durante los encuentros con directivos, docentes, alumnado y padres de familia, las autoridades educativas y sindicales refrendaron el compromiso de fortalecer acciones para que las escuelas sigan siendo entornos seguros donde las comunidades construyan, de manera coordinada, ambientes de paz.<\/p>\n<p>&nbsp;<\/p>\n<p>&nbsp;<\/p>\n<p>Grageda Bustamante se\u00f1al\u00f3 que existe una comunicaci\u00f3n permanente entre la SEC y la Secretar\u00eda de Seguridad P\u00fablica para que haya presencia polic\u00edaca en los planteles escolares durante la hora de entrada y salida a clases.<\/p>\n<p>&nbsp;<\/p>\n<p>&nbsp;<\/p>\n<p>Asimismo, agradeci\u00f3 el esfuerzo que realiza el magisterio de la localidad para seguir apoyando al alumnado en su desarrollo socioemocional, ya que tambi\u00e9n es un factor importante que impacta directamente en la creaci\u00f3n de entornos pac\u00edficos.<\/p>\n<p>&nbsp;<\/p>\n<p>&nbsp;<\/p>\n<p>El titular de la SEC puntualiz\u00f3 que continuar\u00e1 la pol\u00edtica de puertas abiertas de la dependencia, en beneficio de la formaci\u00f3n integral de las ni\u00f1as, ni\u00f1os y adolescentes de V\u00edcam y de Sonora.<\/p>\n<p>&nbsp;<\/p>\n<p>&nbsp;<\/p>\n<p>PUBLICADO EL 14 NOVIEMBRE DE 2023\/ Con informaci\u00f3n de GOBSON 1123-098)<\/p>\n","protected":false},"excerpt":{"rendered":"<p>V\u00cdCAM, GUAYMAS, SONORA. MX.\u2014 El Gobierno de Sonora realiza esfuerzos coordinados y permanentes para generar&#8230;<\/p>\n","protected":false},"author":1,"featured_media":179088,"comment_status":"open","ping_status":"open","sticky":false,"template":"","format":"standard","meta":{"_monsterinsights_skip_tracking":false,"_monsterinsights_sitenote_active":false,"_monsterinsights_sitenote_note":"","_monsterinsights_sitenote_category":0,"footnotes":""},"categories":[22],"tags":[],"class_list":["post"],"yoast_head":" \n<title>Sonora en Equipo. Brindan autoridades educativas y sindicales acompa\u00f1amiento a comunidad escolar de V\u00edcam Sonora<\/title>\n<meta name=\"description\" content=\"V\u00cdCAM, GUAYMAS, SONORA. MX.\u2014 El Gobierno de Sonora realiza esfuerzos coordinados y permanentes para generar las condiciones de seguridad que requiere la En Sonora en Equipo publicamos toda la informaci\u00f3n de Sonora, M\u00e9xico y el Mundo de manera oportuna y busca que la libertad de expresi\u00f3n sea real. Visita nuestro medio informativo publicado desde Hermosillo, Sonora. %\" \/>\n<meta name=\"robots\" content=\"index, follow, max-snippet:-1, max-image-preview:large, max-video-preview:-1\" \/>\n<link rel=\"canonical\" href=\"https:\/\/www.sonoraenequipo.com.mx\/brindan-autoridades-educativas-y-sindicales-acompanamiento-a-comunidad-escolar-de-vicam\/\" \/>\n<meta property=\"og:locale\" content=\"es_ES\" \/>\n<meta property=\"og:type\" content=\"article\" \/>\n<meta property=\"og:title\" content=\"Sonora en Equipo. Brindan autoridades educativas y sindicales acompa\u00f1amiento a comunidad escolar de V\u00edcam Sonora\" \/>\n<meta property=\"og:description\" content=\"V\u00cdCAM, GUAYMAS, SONORA. MX.\u2014 El Gobierno de Sonora realiza esfuerzos coordinados y permanentes para generar las condiciones de seguridad que requiere la En Sonora en Equipo publicamos toda la informaci\u00f3n de Sonora, M\u00e9xico y el Mundo de manera oportuna y busca que la libertad de expresi\u00f3n sea real. Visita nuestro medio informativo publicado desde Hermosillo, Sonora. %\" \/>\n<meta property=\"og:url\" content=\"https:\/\/www.sonoraenequipo.com.mx\/brindan-autoridades-educativas-y-sindicales-acompanamiento-a-comunidad-escolar-de-vicam\/\" \/>\n<meta property=\"og:site_name\" content=\"Sonora en Equipo.\" \/>\n<meta property=\"article:publisher\" content=\"https:\/\/www.facebook.com\/SonoraEE\/\" \/>\n<meta property=\"article:author\" content=\"https:\/\/www.facebook.com\/SonoraEE\" \/>\n<meta property=\"article:published_time\" content=\"2023-11-14T16:10:04+00:00\" \/>\n<meta property=\"article:modified_time\" content=\"2023-11-14T18:04:52+00:00\" \/>\n<meta property=\"og:image\" content=\"https:\/\/www.sonoraenequipo.com.mx\/storage\/2023\/11\/sec-vicam-min.jpeg\" \/>\n\t<meta property=\"og:image:width\" content=\"1024\" \/>\n\t<meta property=\"og:image:height\" content=\"683\" \/>\n\t<meta property=\"og:image:type\" content=\"image\/jpeg\" \/>\n<meta name=\"author\" content=\"enequipo\" \/>\n<meta name=\"twitter:card\" content=\"summary_large_image\" \/>\n<meta name=\"twitter:creator\" content=\"@sonoraenequipo\" \/>\n<meta name=\"twitter:site\" content=\"@sonoraenequipo\" \/>\n<meta name=\"twitter:label1\" content=\"Escrito por\" \/>\n\t<meta name=\"twitter:data1\" content=\"enequipo\" \/>\n\t<meta name=\"twitter:label2\" content=\"Tiempo de lectura\" \/>\n\t<meta name=\"twitter:data2\" content=\"1 minuto\" \/>\n<script type=\"application\/ld+json\" class=\"yoast-schema-graph\">{\"@context\":\"https:\/\/schema.org\",\"@graph\":[{\"@type\":\"Article\",\"@id\":\"https:\/\/www.sonoraenequipo.com.mx\/brindan-autoridades-educativas-y-sindicales-acompanamiento-a-comunidad-escolar-de-vicam\/#article\",\"isPartOf\":{\"@id\":\"https:\/\/www.sonoraenequipo.com.mx\/brindan-autoridades-educativas-y-sindicales-acompanamiento-a-comunidad-escolar-de-vicam\/\"},\"author\":{\"name\":\"enequipo\",\"@id\":\"https:\/\/www.sonoraenequipo.com.mx\/#\/schema\/person\/50102df0fb23a8fa9e8effad8fa81386\"},\"headline\":\"Brindan autoridades educativas y sindicales acompa\u00f1amiento a comunidad escolar de V\u00edcam\",\"datePublished\":\"2023-11-14T16:10:04+00:00\",\"dateModified\":\"2023-11-14T18:04:52+00:00\",\"mainEntityOfPage\":{\"@id\":\"https:\/\/www.sonoraenequipo.com.mx\/brindan-autoridades-educativas-y-sindicales-acompanamiento-a-comunidad-escolar-de-vicam\/\"},\"wordCount\":311,\"commentCount\":0,\"publisher\":{\"@id\":\"https:\/\/www.sonoraenequipo.com.mx\/#organization\"},\"image\":{\"@id\":\"https:\/\/www.sonoraenequipo.com.mx\/brindan-autoridades-educativas-y-sindicales-acompanamiento-a-comunidad-escolar-de-vicam\/#primaryimage\"},\"thumbnailUrl\":\"https:\/\/www.sonoraenequipo.com.mx\/storage\/2023\/11\/sec-vicam-min.jpeg\",\"articleSection\":[\"Sonora\"],\"inLanguage\":\"es\",\"potentialAction\":[{\"@type\":\"CommentAction\",\"name\":\"Comment\",\"target\":[\"https:\/\/www.sonoraenequipo.com.mx\/brindan-autoridades-educativas-y-sindicales-acompanamiento-a-comunidad-escolar-de-vicam\/#respond\"]}]},{\"@type\":\"WebPage\",\"@id\":\"https:\/\/www.sonoraenequipo.com.mx\/brindan-autoridades-educativas-y-sindicales-acompanamiento-a-comunidad-escolar-de-vicam\/\",\"url\":\"https:\/\/www.sonoraenequipo.com.mx\/brindan-autoridades-educativas-y-sindicales-acompanamiento-a-comunidad-escolar-de-vicam\/\",\"name\":\"Sonora en Equipo. Brindan autoridades educativas y sindicales acompa\u00f1amiento a comunidad escolar de V\u00edcam Sonora\",\"isPartOf\":{\"@id\":\"https:\/\/www.sonoraenequipo.com.mx\/#website\"},\"primaryImageOfPage\":{\"@id\":\"https:\/\/www.sonoraenequipo.com.mx\/brindan-autoridades-educativas-y-sindicales-acompanamiento-a-comunidad-escolar-de-vicam\/#primaryimage\"},\"image\":{\"@id\":\"https:\/\/www.sonoraenequipo.com.mx\/brindan-autoridades-educativas-y-sindicales-acompanamiento-a-comunidad-escolar-de-vicam\/#primaryimage\"},\"thumbnailUrl\":\"https:\/\/www.sonoraenequipo.com.mx\/storage\/2023\/11\/sec-vicam-min.jpeg\",\"datePublished\":\"2023-11-14T16:10:04+00:00\",\"dateModified\":\"2023-11-14T18:04:52+00:00\",\"description\":\"V\u00cdCAM, GUAYMAS, SONORA. MX.\u2014 El Gobierno de Sonora realiza esfuerzos coordinados y permanentes para generar las condiciones de seguridad que requiere la En Sonora en Equipo publicamos toda la informaci\u00f3n de Sonora, M\u00e9xico y el Mundo de manera oportuna y busca que la libertad de expresi\u00f3n sea real. Visita nuestro medio informativo publicado desde Hermosillo, Sonora. %\",\"breadcrumb\":{\"@id\":\"https:\/\/www.sonoraenequipo.com.mx\/brindan-autoridades-educativas-y-sindicales-acompanamiento-a-comunidad-escolar-de-vicam\/#breadcrumb\"},\"inLanguage\":\"es\",\"potentialAction\":[{\"@type\":\"ReadAction\",\"target\":[\"https:\/\/www.sonoraenequipo.com.mx\/brindan-autoridades-educativas-y-sindicales-acompanamiento-a-comunidad-escolar-de-vicam\/\"]}]},{\"@type\":\"ImageObject\",\"inLanguage\":\"es\",\"@id\":\"https:\/\/www.sonoraenequipo.com.mx\/brindan-autoridades-educativas-y-sindicales-acompanamiento-a-comunidad-escolar-de-vicam\/#primaryimage\",\"url\":\"https:\/\/www.sonoraenequipo.com.mx\/storage\/2023\/11\/sec-vicam-min.jpeg\",\"contentUrl\":\"https:\/\/www.sonoraenequipo.com.mx\/storage\/2023\/11\/sec-vicam-min.jpeg\",\"width\":1024,\"height\":683},{\"@type\":\"BreadcrumbList\",\"@id\":\"https:\/\/www.sonoraenequipo.com.mx\/brindan-autoridades-educativas-y-sindicales-acompanamiento-a-comunidad-escolar-de-vicam\/#breadcrumb\",\"itemListElement\":[{\"@type\":\"ListItem\",\"position\":1,\"name\":\"Portada\",\"item\":\"https:\/\/www.sonoraenequipo.com.mx\/\"},{\"@type\":\"ListItem\",\"position\":2,\"name\":\"Brindan autoridades educativas y sindicales acompa\u00f1amiento a comunidad escolar de V\u00edcam\"}]},{\"@type\":\"WebSite\",\"@id\":\"https:\/\/www.sonoraenequipo.com.mx\/#website\",\"url\":\"https:\/\/www.sonoraenequipo.com.mx\/\",\"name\":\"Sonora en Equipo.\",\"description\":\"Diario en l\u00ednea con Noticias desde Hermosillo, Sonora\",\"publisher\":{\"@id\":\"https:\/\/www.sonoraenequipo.com.mx\/#organization\"},\"potentialAction\":[{\"@type\":\"SearchAction\",\"target\":{\"@type\":\"EntryPoint\",\"urlTemplate\":\"https:\/\/www.sonoraenequipo.com.mx\/?s={search_term_string}\"},\"query-input\":{\"@type\":\"PropertyValueSpecification\",\"valueRequired\":true,\"valueName\":\"search_term_string\"}}],\"inLanguage\":\"es\"},{\"@type\":\"Organization\",\"@id\":\"https:\/\/www.sonoraenequipo.com.mx\/#organization\",\"name\":\"Sonoraenequipo.com.mx\",\"url\":\"https:\/\/www.sonoraenequipo.com.mx\/\",\"logo\":{\"@type\":\"ImageObject\",\"inLanguage\":\"es\",\"@id\":\"https:\/\/www.sonoraenequipo.com.mx\/#\/schema\/logo\/image\/\",\"url\":\"https:\/\/www.sonoraenequipo.com.mx\/storage\/2019\/01\/sonoraenequipo_opt.png\",\"contentUrl\":\"https:\/\/www.sonoraenequipo.com.mx\/storage\/2019\/01\/sonoraenequipo_opt.png\",\"width\":375,\"height\":125,\"caption\":\"Sonoraenequipo.com.mx\"},\"image\":{\"@id\":\"https:\/\/www.sonoraenequipo.com.mx\/#\/schema\/logo\/image\/\"},\"sameAs\":[\"https:\/\/www.facebook.com\/SonoraEE\/\",\"https:\/\/x.com\/sonoraenequipo\",\"https:\/\/www.youtube.com\/channel\/UC338nW-lPEYmJQs4ZABQ1SQ\"]},{\"@type\":\"Person\",\"@id\":\"https:\/\/www.sonoraenequipo.com.mx\/#\/schema\/person\/50102df0fb23a8fa9e8effad8fa81386\",\"name\":\"enequipo\",\"image\":{\"@type\":\"ImageObject\",\"inLanguage\":\"es\",\"@id\":\"https:\/\/www.sonoraenequipo.com.mx\/#\/schema\/person\/image\/\",\"url\":\"https:\/\/secure.gravatar.com\/avatar\/049821681b589dabc0bc20695993ccebb09f5b5d4d790cd9251b97faac7c652b?s=96&d=blank&r=g\",\"contentUrl\":\"https:\/\/secure.gravatar.com\/avatar\/049821681b589dabc0bc20695993ccebb09f5b5d4d790cd9251b97faac7c652b?s=96&d=blank&r=g\",\"caption\":\"enequipo\"},\"sameAs\":[\"https:\/\/www.facebook.com\/SonoraEE\"]}]}<\/script>\n ","yoast_head_json":{"title":"Sonora en Equipo. Brindan autoridades educativas y sindicales acompa\u00f1amiento a comunidad escolar de V\u00edcam Sonora","description":"V\u00cdCAM, GUAYMAS, SONORA. MX.\u2014 El Gobierno de Sonora realiza esfuerzos coordinados y permanentes para generar las condiciones de seguridad que requiere la En Sonora en Equipo publicamos toda la informaci\u00f3n de Sonora, M\u00e9xico y el Mundo de manera oportuna y busca que la libertad de expresi\u00f3n sea real. Visita nuestro medio informativo publicado desde Hermosillo, Sonora. %","robots":{"index":"index","follow":"follow","max-snippet":"max-snippet:-1","max-image-preview":"max-image-preview:large","max-video-preview":"max-video-preview:-1"},"canonical":"https:\/\/www.sonoraenequipo.com.mx\/brindan-autoridades-educativas-y-sindicales-acompanamiento-a-comunidad-escolar-de-vicam\/","og_locale":"es_ES","og_type":"article","og_title":"Sonora en Equipo. Brindan autoridades educativas y sindicales acompa\u00f1amiento a comunidad escolar de V\u00edcam Sonora","og_description":"V\u00cdCAM, GUAYMAS, SONORA. MX.\u2014 El Gobierno de Sonora realiza esfuerzos coordinados y permanentes para generar las condiciones de seguridad que requiere la En Sonora en Equipo publicamos toda la informaci\u00f3n de Sonora, M\u00e9xico y el Mundo de manera oportuna y busca que la libertad de expresi\u00f3n sea real. Visita nuestro medio informativo publicado desde Hermosillo, Sonora. %","og_url":"https:\/\/www.sonoraenequipo.com.mx\/brindan-autoridades-educativas-y-sindicales-acompanamiento-a-comunidad-escolar-de-vicam\/","og_site_name":"Sonora en Equipo.","article_publisher":"https:\/\/www.facebook.com\/SonoraEE\/","article_author":"https:\/\/www.facebook.com\/SonoraEE","article_published_time":"2023-11-14T16:10:04+00:00","article_modified_time":"2023-11-14T18:04:52+00:00","og_image":[{"width":1024,"height":683,"url":"https:\/\/www.sonoraenequipo.com.mx\/storage\/2023\/11\/sec-vicam-min.jpeg","type":"image\/jpeg"}],"author":"enequipo","twitter_card":"summary_large_image","twitter_creator":"@sonoraenequipo","twitter_site":"@sonoraenequipo","twitter_misc":{"Escrito por":"enequipo","Tiempo de lectura":"1 minuto"},"schema":{"@context":"https:\/\/schema.org","@graph":[{"@type":"Article","@id":"https:\/\/www.sonoraenequipo.com.mx\/brindan-autoridades-educativas-y-sindicales-acompanamiento-a-comunidad-escolar-de-vicam\/#article","isPartOf":{"@id":"https:\/\/www.sonoraenequipo.com.mx\/brindan-autoridades-educativas-y-sindicales-acompanamiento-a-comunidad-escolar-de-vicam\/"},"author":{"name":"enequipo","@id":"https:\/\/www.sonoraenequipo.com.mx\/#\/schema\/person\/50102df0fb23a8fa9e8effad8fa81386"},"headline":"Brindan autoridades educativas y sindicales acompa\u00f1amiento a comunidad escolar de V\u00edcam","datePublished":"2023-11-14T16:10:04+00:00","dateModified":"2023-11-14T18:04:52+00:00","mainEntityOfPage":{"@id":"https:\/\/www.sonoraenequipo.com.mx\/brindan-autoridades-educativas-y-sindicales-acompanamiento-a-comunidad-escolar-de-vicam\/"},"wordCount":311,"commentCount":0,"publisher":{"@id":"https:\/\/www.sonoraenequipo.com.mx\/#organization"},"image":{"@id":"https:\/\/www.sonoraenequipo.com.mx\/brindan-autoridades-educativas-y-sindicales-acompanamiento-a-comunidad-escolar-de-vicam\/#primaryimage"},"thumbnailUrl":"https:\/\/www.sonoraenequipo.com.mx\/storage\/2023\/11\/sec-vicam-min.jpeg","articleSection":["Sonora"],"inLanguage":"es","potentialAction":[{"@type":"CommentAction","name":"Comment","target":["https:\/\/www.sonoraenequipo.com.mx\/brindan-autoridades-educativas-y-sindicales-acompanamiento-a-comunidad-escolar-de-vicam\/#respond"]}]},{"@type":"WebPage","@id":"https:\/\/www.sonoraenequipo.com.mx\/brindan-autoridades-educativas-y-sindicales-acompanamiento-a-comunidad-escolar-de-vicam\/","url":"https:\/\/www.sonoraenequipo.com.mx\/brindan-autoridades-educativas-y-sindicales-acompanamiento-a-comunidad-escolar-de-vicam\/","name":"Sonora en Equipo. Brindan autoridades educativas y sindicales acompa\u00f1amiento a comunidad escolar de V\u00edcam Sonora","isPartOf":{"@id":"https:\/\/www.sonoraenequipo.com.mx\/#website"},"primaryImageOfPage":{"@id":"https:\/\/www.sonoraenequipo.com.mx\/brindan-autoridades-educativas-y-sindicales-acompanamiento-a-comunidad-escolar-de-vicam\/#primaryimage"},"image":{"@id":"https:\/\/www.sonoraenequipo.com.mx\/brindan-autoridades-educativas-y-sindicales-acompanamiento-a-comunidad-escolar-de-vicam\/#primaryimage"},"thumbnailUrl":"https:\/\/www.sonoraenequipo.com.mx\/storage\/2023\/11\/sec-vicam-min.jpeg","datePublished":"2023-11-14T16:10:04+00:00","dateModified":"2023-11-14T18:04:52+00:00","description":"V\u00cdCAM, GUAYMAS, SONORA. MX.\u2014 El Gobierno de Sonora realiza esfuerzos coordinados y permanentes para generar las condiciones de seguridad que requiere la En Sonora en Equipo publicamos toda la informaci\u00f3n de Sonora, M\u00e9xico y el Mundo de manera oportuna y busca que la libertad de expresi\u00f3n sea real. Visita nuestro medio informativo publicado desde Hermosillo, Sonora. %","breadcrumb":{"@id":"https:\/\/www.sonoraenequipo.com.mx\/brindan-autoridades-educativas-y-sindicales-acompanamiento-a-comunidad-escolar-de-vicam\/#breadcrumb"},"inLanguage":"es","potentialAction":[{"@type":"ReadAction","target":["https:\/\/www.sonoraenequipo.com.mx\/brindan-autoridades-educativas-y-sindicales-acompanamiento-a-comunidad-escolar-de-vicam\/"]}]},{"@type":"ImageObject","inLanguage":"es","@id":"https:\/\/www.sonoraenequipo.com.mx\/brindan-autoridades-educativas-y-sindicales-acompanamiento-a-comunidad-escolar-de-vicam\/#primaryimage","url":"https:\/\/www.sonoraenequipo.com.mx\/storage\/2023\/11\/sec-vicam-min.jpeg","contentUrl":"https:\/\/www.sonoraenequipo.com.mx\/storage\/2023\/11\/sec-vicam-min.jpeg","width":1024,"height":683},{"@type":"BreadcrumbList","@id":"https:\/\/www.sonoraenequipo.com.mx\/brindan-autoridades-educativas-y-sindicales-acompanamiento-a-comunidad-escolar-de-vicam\/#breadcrumb","itemListElement":[{"@type":"ListItem","position":1,"name":"Portada","item":"https:\/\/www.sonoraenequipo.com.mx\/"},{"@type":"ListItem","position":2,"name":"Brindan autoridades educativas y sindicales acompa\u00f1amiento a comunidad escolar de V\u00edcam"}]},{"@type":"WebSite","@id":"https:\/\/www.sonoraenequipo.com.mx\/#website","url":"https:\/\/www.sonoraenequipo.com.mx\/","name":"Sonora en Equipo.","description":"Diario en l\u00ednea con Noticias desde Hermosillo, Sonora","publisher":{"@id":"https:\/\/www.sonoraenequipo.com.mx\/#organization"},"potentialAction":[{"@type":"SearchAction","target":{"@type":"EntryPoint","urlTemplate":"https:\/\/www.sonoraenequipo.com.mx\/?s={search_term_string}"},"query-input":{"@type":"PropertyValueSpecification","valueRequired":true,"valueName":"search_term_string"}}],"inLanguage":"es"},{"@type":"Organization","@id":"https:\/\/www.sonoraenequipo.com.mx\/#organization","name":"Sonoraenequipo.com.mx","url":"https:\/\/www.sonoraenequipo.com.mx\/","logo":{"@type":"ImageObject","inLanguage":"es","@id":"https:\/\/www.sonoraenequipo.com.mx\/#\/schema\/logo\/image\/","url":"https:\/\/www.sonoraenequipo.com.mx\/storage\/2019\/01\/sonoraenequipo_opt.png","contentUrl":"https:\/\/www.sonoraenequipo.com.mx\/storage\/2019\/01\/sonoraenequipo_opt.png","width":375,"height":125,"caption":"Sonoraenequipo.com.mx"},"image":{"@id":"https:\/\/www.sonoraenequipo.com.mx\/#\/schema\/logo\/image\/"},"sameAs":["https:\/\/www.facebook.com\/SonoraEE\/","https:\/\/x.com\/sonoraenequipo","https:\/\/www.youtube.com\/channel\/UC338nW-lPEYmJQs4ZABQ1SQ"]},{"@type":"Person","@id":"https:\/\/www.sonoraenequipo.com.mx\/#\/schema\/person\/50102df0fb23a8fa9e8effad8fa81386","name":"enequipo","image":{"@type":"ImageObject","inLanguage":"es","@id":"https:\/\/www.sonoraenequipo.com.mx\/#\/schema\/person\/image\/","url":"https:\/\/secure.gravatar.com\/avatar\/049821681b589dabc0bc20695993ccebb09f5b5d4d790cd9251b97faac7c652b?s=96&d=blank&r=g","contentUrl":"https:\/\/secure.gravatar.com\/avatar\/049821681b589dabc0bc20695993ccebb09f5b5d4d790cd9251b97faac7c652b?s=96&d=blank&r=g","caption":"enequipo"},"sameAs":["https:\/\/www.facebook.com\/SonoraEE"]}]}},"jetpack_featured_media_url":"https:\/\/www.sonoraenequipo.com.mx\/storage\/2023\/11\/sec-vicam-min.jpeg","_links":{"self":[{"href":"https:\/\/www.sonoraenequipo.com.mx\/api\/wp\/v2\/posts\/179086","targetHints":{"allow":["GET"]}}],"collection":[{"href":"https:\/\/www.sonoraenequipo.com.mx\/api\/wp\/v2\/posts"}],"about":[{"href":"https:\/\/www.sonoraenequipo.com.mx\/api\/wp\/v2\/types\/post"}],"author":[{"embeddable":true,"href":"https:\/\/www.sonoraenequipo.com.mx\/api\/wp\/v2\/users\/1"}],"replies":[{"embeddable":true,"href":"https:\/\/www.sonoraenequipo.com.mx\/api\/wp\/v2\/comments?post=179086"}],"version-history":[{"count":1,"href":"https:\/\/www.sonoraenequipo.com.mx\/api\/wp\/v2\/posts\/179086\/revisions"}],"predecessor-version":[{"id":179090,"href":"https:\/\/www.sonoraenequipo.com.mx\/api\/wp\/v2\/posts\/179086\/revisions\/179090"}],"wp:featuredmedia":[{"embeddable":true,"href":"https:\/\/www.sonoraenequipo.com.mx\/api\/wp\/v2\/media\/179088"}],"wp:attachment":[{"href":"https:\/\/www.sonoraenequipo.com.mx\/api\/wp\/v2\/media?parent=179086"}],"wp:term":[{"taxonomy":"category","embeddable":true,"href":"https:\/\/www.sonoraenequipo.com.mx\/api\/wp\/v2\/categories?post=179086"},{"taxonomy":"post_tag","embeddable":true,"href":"https:\/\/www.sonoraenequipo.com.mx\/api\/wp\/v2\/tags?post=179086"}],"curies":[{"name":"wp","href":"https:\/\/api.w.org\/{rel}","templated":true}]}}