{"id":179137,"date":"2023-11-14T11:13:27","date_gmt":"2023-11-14T18:13:27","guid":{"rendered":"https:\/\/www.sonoraenequipo.com.mx\/?p=179137"},"modified":"2023-11-15T09:06:26","modified_gmt":"2023-11-15T16:06:26","slug":"colectivo-privado-pide-al-senado-no-aceptar-renuncia-de-arturo-zaldivar","status":"publish","type":"post","link":"https:\/\/www.sonoraenequipo.com.mx\/colectivo-privado-pide-al-senado-no-aceptar-renuncia-de-arturo-zaldivar\/","title":{"rendered":"Colectivo privado pide al senado no aceptar renuncia de Arturo Zald\u00edvar"},"content":{"rendered":"<p><strong>CIUDAD DE M\u00c9XICO. MX.<\/strong> \u2014 Despu\u00e9s de que el ministro de la Suprema Corte de Justicia de la Naci\u00f3n (SCJN), Arturo Zald\u00edvar, presentara su renuncia, el colectivo La Justicia que Queremos exigi\u00f3 al Senado de la Rep\u00fablica rechazar su petici\u00f3n.<\/p>\n<p>&nbsp;<\/p>\n<p> <\/p>\n<p>A trav\u00e9s de un comunicado, recordaron que el ministro no cumple con el requisito constitucional al no argumentar ninguna causa grave para dejar el cargo.<\/p>\n<p>&nbsp;<\/p>\n<p><em><strong>\u201cEl Senado debe de rechazar la renuncia presentada por el ministro Arturo Zald\u00edvar, porque no cumple con el requisito constitucional de estar justificada en una causa grave\u201d<\/strong><\/em>, indicaron.<\/p>\n<p>&nbsp;<\/p>\n<p>En este sentido, precisaron que el cargo de ministro del m\u00e1ximo tribunal es irrenunciable, aunque existe una excepci\u00f3n prevista en el tercer p\u00e1rrafo del art\u00edculo constitucional que permite dejar el puesto.<\/p>\n<p>&nbsp;<\/p>\n<p><em><strong>\u201cLa exigencia de la causa grave con motivo de renuncia, es en s\u00ed misma una garant\u00eda para que el cargo sea ejercido con independencia y sin presiones\u201d,<\/strong> <\/em>agregaron.<\/p>\n<p>&nbsp;<\/p>\n<p>Por dicho motivo, solicitaron al Senado instaurar un procedimiento p\u00fablico para analizar la renuncia y pedirle a Zald\u00edvar exponer en qu\u00e9 consiste la causa grave.<\/p>\n<p>&nbsp;<\/p>\n<p>&nbsp;<\/p>\n<h3>La Comisi\u00f3n de Justicia de la C\u00e1mara de Senadores acepta renuncia de Saldivar<\/h3>\n<p>&nbsp;<\/p>\n<p>La Comisi\u00f3n de Justicia del Senado aval\u00f3 el dictamen con el que se aprueba la renuncia de Arturo Zald\u00edvar como ministro de la Suprema Corte de Justicia de la Naci\u00f3n (SCJN), quien present\u00f3 su dimisi\u00f3n y fue aceptada por el presidente.<\/p>\n<p>&nbsp;<\/p>\n<p>&nbsp;<\/p>\n<p>La decisi\u00f3n se tom\u00f3 con 12 votos a favor y siete en contra.<\/p>\n<p>&nbsp;<\/p>\n<p>&nbsp;<\/p>\n<p>En el debate se impuso la mayor\u00eda de Morena y aliados, aunque legisladores de oposici\u00f3n se manifestaron por negar la renuncia por una falta de causa grave.<\/p>\n<p>&nbsp;<\/p>\n<p>&nbsp;<\/p>\n<p>El dictamen dice que la renuncia se debe respetar, pues est\u00e1 protegida por el art\u00edculo 98 de la Constituci\u00f3n Pol\u00edtica.<\/p>\n<p>&nbsp;<\/p>\n<p>&nbsp;<\/p>\n<p>La Carta Magna, explicaron los legisladores en el dictamen, establece que las renuncias de los ministros de la Corte s\u00f3lo proceder\u00e1n por causas graves; sin embargo, no se se\u00f1ala cu\u00e1les son esas causas graves y tampoco se\u00f1ala qui\u00e9n las determina, s\u00f3lo dice que el Presidente tendr\u00e1 que aceptar la renuncia y el Senado tendr\u00e1 que aprobarla.<\/p>\n<p>&nbsp;<\/p>\n<p>&nbsp;<\/p>\n<p><em><strong>\u201cSin esa aceptaci\u00f3n y sin esa aprobaci\u00f3n, no culminar\u00eda el procedimiento de la renuncia, en ese sentido, el renunciante, en todo caso, es el que conoce las causas graves por las que toma esa decisi\u00f3n, de otra manera, no adoptar\u00eda un acto de tal naturaleza\u201d<\/strong><\/em>, dice el documento.<\/p>\n<p>&nbsp;<\/p>\n<p>&nbsp;<\/p>\n<p>La Comisi\u00f3n concluy\u00f3 que el derecho a renunciar lo tiene cualquier persona, por lo que no se puede sujetar a un ministro a seguir desempe\u00f1ando el cargo en contra de su voluntad.<\/p>\n<p>&nbsp;<\/p>\n<p>&nbsp;<\/p>\n<p>PUBLICADO EL 14 NOVIEMBRE DE 2023\/<\/p>\n","protected":false},"excerpt":{"rendered":"<p>CIUDAD DE M\u00c9XICO. MX. \u2014 Despu\u00e9s de que el ministro de la Suprema Corte de&#8230;<\/p>\n","protected":false},"author":1,"featured_media":179138,"comment_status":"open","ping_status":"open","sticky":false,"template":"","format":"standard","meta":{"_monsterinsights_skip_tracking":false,"_monsterinsights_sitenote_active":false,"_monsterinsights_sitenote_note":"","_monsterinsights_sitenote_category":0,"footnotes":""},"categories":[5],"tags":[],"class_list":["post"],"yoast_head":" \n<title>Sonora en Equipo. Colectivo privado pide al senado no aceptar renuncia de Arturo Zald\u00edvar Rep\u00fablica<\/title>\n<meta name=\"description\" content=\"CIUDAD DE M\u00c9XICO. MX. \u2014 Despu\u00e9s de que el ministro de la Suprema Corte de Justicia de la Naci\u00f3n (SCJN), Arturo Zald\u00edvar, presentara su renuncia, el En Sonora en Equipo publicamos toda la informaci\u00f3n de Sonora, M\u00e9xico y el Mundo de manera oportuna y busca que la libertad de expresi\u00f3n sea real. Visita nuestro medio informativo publicado desde Hermosillo, Sonora. %\" \/>\n<meta name=\"robots\" content=\"index, follow, max-snippet:-1, max-image-preview:large, max-video-preview:-1\" \/>\n<link rel=\"canonical\" href=\"https:\/\/www.sonoraenequipo.com.mx\/colectivo-privado-pide-al-senado-no-aceptar-renuncia-de-arturo-zaldivar\/\" \/>\n<meta property=\"og:locale\" content=\"es_ES\" \/>\n<meta property=\"og:type\" content=\"article\" \/>\n<meta property=\"og:title\" content=\"Sonora en Equipo. Colectivo privado pide al senado no aceptar renuncia de Arturo Zald\u00edvar Rep\u00fablica\" \/>\n<meta property=\"og:description\" content=\"CIUDAD DE M\u00c9XICO. MX. \u2014 Despu\u00e9s de que el ministro de la Suprema Corte de Justicia de la Naci\u00f3n (SCJN), Arturo Zald\u00edvar, presentara su renuncia, el En Sonora en Equipo publicamos toda la informaci\u00f3n de Sonora, M\u00e9xico y el Mundo de manera oportuna y busca que la libertad de expresi\u00f3n sea real. Visita nuestro medio informativo publicado desde Hermosillo, Sonora. %\" \/>\n<meta property=\"og:url\" content=\"https:\/\/www.sonoraenequipo.com.mx\/colectivo-privado-pide-al-senado-no-aceptar-renuncia-de-arturo-zaldivar\/\" \/>\n<meta property=\"og:site_name\" content=\"Sonora en Equipo.\" \/>\n<meta property=\"article:publisher\" content=\"https:\/\/www.facebook.com\/SonoraEE\/\" \/>\n<meta property=\"article:author\" content=\"https:\/\/www.facebook.com\/SonoraEE\" \/>\n<meta property=\"article:published_time\" content=\"2023-11-14T18:13:27+00:00\" \/>\n<meta property=\"article:modified_time\" content=\"2023-11-15T16:06:26+00:00\" \/>\n<meta property=\"og:image\" content=\"https:\/\/www.sonoraenequipo.com.mx\/storage\/2023\/11\/comision-justicia-acepta-renuncia-de-zaldivar-min.jpg\" \/>\n\t<meta property=\"og:image:width\" content=\"2048\" \/>\n\t<meta property=\"og:image:height\" content=\"1169\" \/>\n\t<meta property=\"og:image:type\" content=\"image\/jpeg\" \/>\n<meta name=\"author\" content=\"enequipo\" \/>\n<meta name=\"twitter:card\" content=\"summary_large_image\" \/>\n<meta name=\"twitter:creator\" content=\"@sonoraenequipo\" \/>\n<meta name=\"twitter:site\" content=\"@sonoraenequipo\" \/>\n<meta name=\"twitter:label1\" content=\"Escrito por\" \/>\n\t<meta name=\"twitter:data1\" content=\"enequipo\" \/>\n\t<meta name=\"twitter:label2\" content=\"Tiempo de lectura\" \/>\n\t<meta name=\"twitter:data2\" content=\"2 minutos\" \/>\n<script type=\"application\/ld+json\" class=\"yoast-schema-graph\">{\"@context\":\"https:\/\/schema.org\",\"@graph\":[{\"@type\":\"Article\",\"@id\":\"https:\/\/www.sonoraenequipo.com.mx\/colectivo-privado-pide-al-senado-no-aceptar-renuncia-de-arturo-zaldivar\/#article\",\"isPartOf\":{\"@id\":\"https:\/\/www.sonoraenequipo.com.mx\/colectivo-privado-pide-al-senado-no-aceptar-renuncia-de-arturo-zaldivar\/\"},\"author\":{\"name\":\"enequipo\",\"@id\":\"https:\/\/www.sonoraenequipo.com.mx\/#\/schema\/person\/50102df0fb23a8fa9e8effad8fa81386\"},\"headline\":\"Colectivo privado pide al senado no aceptar renuncia de Arturo Zald\u00edvar\",\"datePublished\":\"2023-11-14T18:13:27+00:00\",\"dateModified\":\"2023-11-15T16:06:26+00:00\",\"mainEntityOfPage\":{\"@id\":\"https:\/\/www.sonoraenequipo.com.mx\/colectivo-privado-pide-al-senado-no-aceptar-renuncia-de-arturo-zaldivar\/\"},\"wordCount\":503,\"commentCount\":0,\"publisher\":{\"@id\":\"https:\/\/www.sonoraenequipo.com.mx\/#organization\"},\"image\":{\"@id\":\"https:\/\/www.sonoraenequipo.com.mx\/colectivo-privado-pide-al-senado-no-aceptar-renuncia-de-arturo-zaldivar\/#primaryimage\"},\"thumbnailUrl\":\"https:\/\/www.sonoraenequipo.com.mx\/storage\/2023\/11\/comision-justicia-acepta-renuncia-de-zaldivar-min.jpg\",\"articleSection\":[\"Rep\u00fablica\"],\"inLanguage\":\"es\",\"potentialAction\":[{\"@type\":\"CommentAction\",\"name\":\"Comment\",\"target\":[\"https:\/\/www.sonoraenequipo.com.mx\/colectivo-privado-pide-al-senado-no-aceptar-renuncia-de-arturo-zaldivar\/#respond\"]}]},{\"@type\":\"WebPage\",\"@id\":\"https:\/\/www.sonoraenequipo.com.mx\/colectivo-privado-pide-al-senado-no-aceptar-renuncia-de-arturo-zaldivar\/\",\"url\":\"https:\/\/www.sonoraenequipo.com.mx\/colectivo-privado-pide-al-senado-no-aceptar-renuncia-de-arturo-zaldivar\/\",\"name\":\"Sonora en Equipo. Colectivo privado pide al senado no aceptar renuncia de Arturo Zald\u00edvar Rep\u00fablica\",\"isPartOf\":{\"@id\":\"https:\/\/www.sonoraenequipo.com.mx\/#website\"},\"primaryImageOfPage\":{\"@id\":\"https:\/\/www.sonoraenequipo.com.mx\/colectivo-privado-pide-al-senado-no-aceptar-renuncia-de-arturo-zaldivar\/#primaryimage\"},\"image\":{\"@id\":\"https:\/\/www.sonoraenequipo.com.mx\/colectivo-privado-pide-al-senado-no-aceptar-renuncia-de-arturo-zaldivar\/#primaryimage\"},\"thumbnailUrl\":\"https:\/\/www.sonoraenequipo.com.mx\/storage\/2023\/11\/comision-justicia-acepta-renuncia-de-zaldivar-min.jpg\",\"datePublished\":\"2023-11-14T18:13:27+00:00\",\"dateModified\":\"2023-11-15T16:06:26+00:00\",\"description\":\"CIUDAD DE M\u00c9XICO. MX. \u2014 Despu\u00e9s de que el ministro de la Suprema Corte de Justicia de la Naci\u00f3n (SCJN), Arturo Zald\u00edvar, presentara su renuncia, el En Sonora en Equipo publicamos toda la informaci\u00f3n de Sonora, M\u00e9xico y el Mundo de manera oportuna y busca que la libertad de expresi\u00f3n sea real. Visita nuestro medio informativo publicado desde Hermosillo, Sonora. %\",\"breadcrumb\":{\"@id\":\"https:\/\/www.sonoraenequipo.com.mx\/colectivo-privado-pide-al-senado-no-aceptar-renuncia-de-arturo-zaldivar\/#breadcrumb\"},\"inLanguage\":\"es\",\"potentialAction\":[{\"@type\":\"ReadAction\",\"target\":[\"https:\/\/www.sonoraenequipo.com.mx\/colectivo-privado-pide-al-senado-no-aceptar-renuncia-de-arturo-zaldivar\/\"]}]},{\"@type\":\"ImageObject\",\"inLanguage\":\"es\",\"@id\":\"https:\/\/www.sonoraenequipo.com.mx\/colectivo-privado-pide-al-senado-no-aceptar-renuncia-de-arturo-zaldivar\/#primaryimage\",\"url\":\"https:\/\/www.sonoraenequipo.com.mx\/storage\/2023\/11\/comision-justicia-acepta-renuncia-de-zaldivar-min.jpg\",\"contentUrl\":\"https:\/\/www.sonoraenequipo.com.mx\/storage\/2023\/11\/comision-justicia-acepta-renuncia-de-zaldivar-min.jpg\",\"width\":2048,\"height\":1169},{\"@type\":\"BreadcrumbList\",\"@id\":\"https:\/\/www.sonoraenequipo.com.mx\/colectivo-privado-pide-al-senado-no-aceptar-renuncia-de-arturo-zaldivar\/#breadcrumb\",\"itemListElement\":[{\"@type\":\"ListItem\",\"position\":1,\"name\":\"Portada\",\"item\":\"https:\/\/www.sonoraenequipo.com.mx\/\"},{\"@type\":\"ListItem\",\"position\":2,\"name\":\"Colectivo privado pide al senado no aceptar renuncia de Arturo Zald\u00edvar\"}]},{\"@type\":\"WebSite\",\"@id\":\"https:\/\/www.sonoraenequipo.com.mx\/#website\",\"url\":\"https:\/\/www.sonoraenequipo.com.mx\/\",\"name\":\"Sonora en Equipo.\",\"description\":\"Diario en l\u00ednea con Noticias desde Hermosillo, Sonora\",\"publisher\":{\"@id\":\"https:\/\/www.sonoraenequipo.com.mx\/#organization\"},\"potentialAction\":[{\"@type\":\"SearchAction\",\"target\":{\"@type\":\"EntryPoint\",\"urlTemplate\":\"https:\/\/www.sonoraenequipo.com.mx\/?s={search_term_string}\"},\"query-input\":{\"@type\":\"PropertyValueSpecification\",\"valueRequired\":true,\"valueName\":\"search_term_string\"}}],\"inLanguage\":\"es\"},{\"@type\":\"Organization\",\"@id\":\"https:\/\/www.sonoraenequipo.com.mx\/#organization\",\"name\":\"Sonoraenequipo.com.mx\",\"url\":\"https:\/\/www.sonoraenequipo.com.mx\/\",\"logo\":{\"@type\":\"ImageObject\",\"inLanguage\":\"es\",\"@id\":\"https:\/\/www.sonoraenequipo.com.mx\/#\/schema\/logo\/image\/\",\"url\":\"https:\/\/www.sonoraenequipo.com.mx\/storage\/2019\/01\/sonoraenequipo_opt.png\",\"contentUrl\":\"https:\/\/www.sonoraenequipo.com.mx\/storage\/2019\/01\/sonoraenequipo_opt.png\",\"width\":375,\"height\":125,\"caption\":\"Sonoraenequipo.com.mx\"},\"image\":{\"@id\":\"https:\/\/www.sonoraenequipo.com.mx\/#\/schema\/logo\/image\/\"},\"sameAs\":[\"https:\/\/www.facebook.com\/SonoraEE\/\",\"https:\/\/x.com\/sonoraenequipo\",\"https:\/\/www.youtube.com\/channel\/UC338nW-lPEYmJQs4ZABQ1SQ\"]},{\"@type\":\"Person\",\"@id\":\"https:\/\/www.sonoraenequipo.com.mx\/#\/schema\/person\/50102df0fb23a8fa9e8effad8fa81386\",\"name\":\"enequipo\",\"image\":{\"@type\":\"ImageObject\",\"inLanguage\":\"es\",\"@id\":\"https:\/\/www.sonoraenequipo.com.mx\/#\/schema\/person\/image\/\",\"url\":\"https:\/\/secure.gravatar.com\/avatar\/049821681b589dabc0bc20695993ccebb09f5b5d4d790cd9251b97faac7c652b?s=96&d=blank&r=g\",\"contentUrl\":\"https:\/\/secure.gravatar.com\/avatar\/049821681b589dabc0bc20695993ccebb09f5b5d4d790cd9251b97faac7c652b?s=96&d=blank&r=g\",\"caption\":\"enequipo\"},\"sameAs\":[\"https:\/\/www.facebook.com\/SonoraEE\"]}]}<\/script>\n ","yoast_head_json":{"title":"Sonora en Equipo. Colectivo privado pide al senado no aceptar renuncia de Arturo Zald\u00edvar Rep\u00fablica","description":"CIUDAD DE M\u00c9XICO. MX. \u2014 Despu\u00e9s de que el ministro de la Suprema Corte de Justicia de la Naci\u00f3n (SCJN), Arturo Zald\u00edvar, presentara su renuncia, el En Sonora en Equipo publicamos toda la informaci\u00f3n de Sonora, M\u00e9xico y el Mundo de manera oportuna y busca que la libertad de expresi\u00f3n sea real. Visita nuestro medio informativo publicado desde Hermosillo, Sonora. %","robots":{"index":"index","follow":"follow","max-snippet":"max-snippet:-1","max-image-preview":"max-image-preview:large","max-video-preview":"max-video-preview:-1"},"canonical":"https:\/\/www.sonoraenequipo.com.mx\/colectivo-privado-pide-al-senado-no-aceptar-renuncia-de-arturo-zaldivar\/","og_locale":"es_ES","og_type":"article","og_title":"Sonora en Equipo. Colectivo privado pide al senado no aceptar renuncia de Arturo Zald\u00edvar Rep\u00fablica","og_description":"CIUDAD DE M\u00c9XICO. MX. \u2014 Despu\u00e9s de que el ministro de la Suprema Corte de Justicia de la Naci\u00f3n (SCJN), Arturo Zald\u00edvar, presentara su renuncia, el En Sonora en Equipo publicamos toda la informaci\u00f3n de Sonora, M\u00e9xico y el Mundo de manera oportuna y busca que la libertad de expresi\u00f3n sea real. Visita nuestro medio informativo publicado desde Hermosillo, Sonora. %","og_url":"https:\/\/www.sonoraenequipo.com.mx\/colectivo-privado-pide-al-senado-no-aceptar-renuncia-de-arturo-zaldivar\/","og_site_name":"Sonora en Equipo.","article_publisher":"https:\/\/www.facebook.com\/SonoraEE\/","article_author":"https:\/\/www.facebook.com\/SonoraEE","article_published_time":"2023-11-14T18:13:27+00:00","article_modified_time":"2023-11-15T16:06:26+00:00","og_image":[{"width":2048,"height":1169,"url":"https:\/\/www.sonoraenequipo.com.mx\/storage\/2023\/11\/comision-justicia-acepta-renuncia-de-zaldivar-min.jpg","type":"image\/jpeg"}],"author":"enequipo","twitter_card":"summary_large_image","twitter_creator":"@sonoraenequipo","twitter_site":"@sonoraenequipo","twitter_misc":{"Escrito por":"enequipo","Tiempo de lectura":"2 minutos"},"schema":{"@context":"https:\/\/schema.org","@graph":[{"@type":"Article","@id":"https:\/\/www.sonoraenequipo.com.mx\/colectivo-privado-pide-al-senado-no-aceptar-renuncia-de-arturo-zaldivar\/#article","isPartOf":{"@id":"https:\/\/www.sonoraenequipo.com.mx\/colectivo-privado-pide-al-senado-no-aceptar-renuncia-de-arturo-zaldivar\/"},"author":{"name":"enequipo","@id":"https:\/\/www.sonoraenequipo.com.mx\/#\/schema\/person\/50102df0fb23a8fa9e8effad8fa81386"},"headline":"Colectivo privado pide al senado no aceptar renuncia de Arturo Zald\u00edvar","datePublished":"2023-11-14T18:13:27+00:00","dateModified":"2023-11-15T16:06:26+00:00","mainEntityOfPage":{"@id":"https:\/\/www.sonoraenequipo.com.mx\/colectivo-privado-pide-al-senado-no-aceptar-renuncia-de-arturo-zaldivar\/"},"wordCount":503,"commentCount":0,"publisher":{"@id":"https:\/\/www.sonoraenequipo.com.mx\/#organization"},"image":{"@id":"https:\/\/www.sonoraenequipo.com.mx\/colectivo-privado-pide-al-senado-no-aceptar-renuncia-de-arturo-zaldivar\/#primaryimage"},"thumbnailUrl":"https:\/\/www.sonoraenequipo.com.mx\/storage\/2023\/11\/comision-justicia-acepta-renuncia-de-zaldivar-min.jpg","articleSection":["Rep\u00fablica"],"inLanguage":"es","potentialAction":[{"@type":"CommentAction","name":"Comment","target":["https:\/\/www.sonoraenequipo.com.mx\/colectivo-privado-pide-al-senado-no-aceptar-renuncia-de-arturo-zaldivar\/#respond"]}]},{"@type":"WebPage","@id":"https:\/\/www.sonoraenequipo.com.mx\/colectivo-privado-pide-al-senado-no-aceptar-renuncia-de-arturo-zaldivar\/","url":"https:\/\/www.sonoraenequipo.com.mx\/colectivo-privado-pide-al-senado-no-aceptar-renuncia-de-arturo-zaldivar\/","name":"Sonora en Equipo. Colectivo privado pide al senado no aceptar renuncia de Arturo Zald\u00edvar Rep\u00fablica","isPartOf":{"@id":"https:\/\/www.sonoraenequipo.com.mx\/#website"},"primaryImageOfPage":{"@id":"https:\/\/www.sonoraenequipo.com.mx\/colectivo-privado-pide-al-senado-no-aceptar-renuncia-de-arturo-zaldivar\/#primaryimage"},"image":{"@id":"https:\/\/www.sonoraenequipo.com.mx\/colectivo-privado-pide-al-senado-no-aceptar-renuncia-de-arturo-zaldivar\/#primaryimage"},"thumbnailUrl":"https:\/\/www.sonoraenequipo.com.mx\/storage\/2023\/11\/comision-justicia-acepta-renuncia-de-zaldivar-min.jpg","datePublished":"2023-11-14T18:13:27+00:00","dateModified":"2023-11-15T16:06:26+00:00","description":"CIUDAD DE M\u00c9XICO. MX. \u2014 Despu\u00e9s de que el ministro de la Suprema Corte de Justicia de la Naci\u00f3n (SCJN), Arturo Zald\u00edvar, presentara su renuncia, el En Sonora en Equipo publicamos toda la informaci\u00f3n de Sonora, M\u00e9xico y el Mundo de manera oportuna y busca que la libertad de expresi\u00f3n sea real. Visita nuestro medio informativo publicado desde Hermosillo, Sonora. %","breadcrumb":{"@id":"https:\/\/www.sonoraenequipo.com.mx\/colectivo-privado-pide-al-senado-no-aceptar-renuncia-de-arturo-zaldivar\/#breadcrumb"},"inLanguage":"es","potentialAction":[{"@type":"ReadAction","target":["https:\/\/www.sonoraenequipo.com.mx\/colectivo-privado-pide-al-senado-no-aceptar-renuncia-de-arturo-zaldivar\/"]}]},{"@type":"ImageObject","inLanguage":"es","@id":"https:\/\/www.sonoraenequipo.com.mx\/colectivo-privado-pide-al-senado-no-aceptar-renuncia-de-arturo-zaldivar\/#primaryimage","url":"https:\/\/www.sonoraenequipo.com.mx\/storage\/2023\/11\/comision-justicia-acepta-renuncia-de-zaldivar-min.jpg","contentUrl":"https:\/\/www.sonoraenequipo.com.mx\/storage\/2023\/11\/comision-justicia-acepta-renuncia-de-zaldivar-min.jpg","width":2048,"height":1169},{"@type":"BreadcrumbList","@id":"https:\/\/www.sonoraenequipo.com.mx\/colectivo-privado-pide-al-senado-no-aceptar-renuncia-de-arturo-zaldivar\/#breadcrumb","itemListElement":[{"@type":"ListItem","position":1,"name":"Portada","item":"https:\/\/www.sonoraenequipo.com.mx\/"},{"@type":"ListItem","position":2,"name":"Colectivo privado pide al senado no aceptar renuncia de Arturo Zald\u00edvar"}]},{"@type":"WebSite","@id":"https:\/\/www.sonoraenequipo.com.mx\/#website","url":"https:\/\/www.sonoraenequipo.com.mx\/","name":"Sonora en Equipo.","description":"Diario en l\u00ednea con Noticias desde Hermosillo, Sonora","publisher":{"@id":"https:\/\/www.sonoraenequipo.com.mx\/#organization"},"potentialAction":[{"@type":"SearchAction","target":{"@type":"EntryPoint","urlTemplate":"https:\/\/www.sonoraenequipo.com.mx\/?s={search_term_string}"},"query-input":{"@type":"PropertyValueSpecification","valueRequired":true,"valueName":"search_term_string"}}],"inLanguage":"es"},{"@type":"Organization","@id":"https:\/\/www.sonoraenequipo.com.mx\/#organization","name":"Sonoraenequipo.com.mx","url":"https:\/\/www.sonoraenequipo.com.mx\/","logo":{"@type":"ImageObject","inLanguage":"es","@id":"https:\/\/www.sonoraenequipo.com.mx\/#\/schema\/logo\/image\/","url":"https:\/\/www.sonoraenequipo.com.mx\/storage\/2019\/01\/sonoraenequipo_opt.png","contentUrl":"https:\/\/www.sonoraenequipo.com.mx\/storage\/2019\/01\/sonoraenequipo_opt.png","width":375,"height":125,"caption":"Sonoraenequipo.com.mx"},"image":{"@id":"https:\/\/www.sonoraenequipo.com.mx\/#\/schema\/logo\/image\/"},"sameAs":["https:\/\/www.facebook.com\/SonoraEE\/","https:\/\/x.com\/sonoraenequipo","https:\/\/www.youtube.com\/channel\/UC338nW-lPEYmJQs4ZABQ1SQ"]},{"@type":"Person","@id":"https:\/\/www.sonoraenequipo.com.mx\/#\/schema\/person\/50102df0fb23a8fa9e8effad8fa81386","name":"enequipo","image":{"@type":"ImageObject","inLanguage":"es","@id":"https:\/\/www.sonoraenequipo.com.mx\/#\/schema\/person\/image\/","url":"https:\/\/secure.gravatar.com\/avatar\/049821681b589dabc0bc20695993ccebb09f5b5d4d790cd9251b97faac7c652b?s=96&d=blank&r=g","contentUrl":"https:\/\/secure.gravatar.com\/avatar\/049821681b589dabc0bc20695993ccebb09f5b5d4d790cd9251b97faac7c652b?s=96&d=blank&r=g","caption":"enequipo"},"sameAs":["https:\/\/www.facebook.com\/SonoraEE"]}]}},"jetpack_featured_media_url":"https:\/\/www.sonoraenequipo.com.mx\/storage\/2023\/11\/comision-justicia-acepta-renuncia-de-zaldivar-min.jpg","_links":{"self":[{"href":"https:\/\/www.sonoraenequipo.com.mx\/api\/wp\/v2\/posts\/179137","targetHints":{"allow":["GET"]}}],"collection":[{"href":"https:\/\/www.sonoraenequipo.com.mx\/api\/wp\/v2\/posts"}],"about":[{"href":"https:\/\/www.sonoraenequipo.com.mx\/api\/wp\/v2\/types\/post"}],"author":[{"embeddable":true,"href":"https:\/\/www.sonoraenequipo.com.mx\/api\/wp\/v2\/users\/1"}],"replies":[{"embeddable":true,"href":"https:\/\/www.sonoraenequipo.com.mx\/api\/wp\/v2\/comments?post=179137"}],"version-history":[{"count":3,"href":"https:\/\/www.sonoraenequipo.com.mx\/api\/wp\/v2\/posts\/179137\/revisions"}],"predecessor-version":[{"id":179141,"href":"https:\/\/www.sonoraenequipo.com.mx\/api\/wp\/v2\/posts\/179137\/revisions\/179141"}],"wp:featuredmedia":[{"embeddable":true,"href":"https:\/\/www.sonoraenequipo.com.mx\/api\/wp\/v2\/media\/179138"}],"wp:attachment":[{"href":"https:\/\/www.sonoraenequipo.com.mx\/api\/wp\/v2\/media?parent=179137"}],"wp:term":[{"taxonomy":"category","embeddable":true,"href":"https:\/\/www.sonoraenequipo.com.mx\/api\/wp\/v2\/categories?post=179137"},{"taxonomy":"post_tag","embeddable":true,"href":"https:\/\/www.sonoraenequipo.com.mx\/api\/wp\/v2\/tags?post=179137"}],"curies":[{"name":"wp","href":"https:\/\/api.w.org\/{rel}","templated":true}]}}