{"id":179142,"date":"2023-11-14T16:23:40","date_gmt":"2023-11-14T23:23:40","guid":{"rendered":"https:\/\/www.sonoraenequipo.com.mx\/?p=179142"},"modified":"2023-11-15T09:50:07","modified_gmt":"2023-11-15T16:50:07","slug":"reconoce-sep-a-docentes-sonorenses-por-sus-practicas-innovadoras-en-educacion","status":"publish","type":"post","link":"https:\/\/www.sonoraenequipo.com.mx\/reconoce-sep-a-docentes-sonorenses-por-sus-practicas-innovadoras-en-educacion\/","title":{"rendered":"Reconoce SEP a docentes sonorenses por sus pr\u00e1cticas innovadoras en educaci\u00f3n"},"content":{"rendered":"<p><b>MAZATL\u00c1N, SINALOA. MX. \u2014 <\/b>Por dise\u00f1ar estrategias pedag\u00f3gicas innovadoras para la recuperaci\u00f3n de aprendizajes y atenci\u00f3n al rezago escolar del alumnado, provocado por el confinamiento a causa de la pandemia de Covid-19, la Secretar\u00eda de Educaci\u00f3n P\u00fablica (SEP) reconoci\u00f3 a docentes sonorenses de nivel b\u00e1sico a media superior.<\/p>\n<p>&nbsp;<\/p>\n<p> <\/p>\n<p>En representaci\u00f3n de Aar\u00f3n Grageda Bustamante, secretario de Educaci\u00f3n y Cultura (SEC), Juan de Dios Ca\u00f1ez Moreno, director general de la Unidad del Sistema para la Carrera de las Maestras y los Maestros del Estado de Sonora (Usicammes), acompa\u00f1\u00f3 al grupo de 15 docentes sonorenses que acudieron a recibir el galard\u00f3n.<\/p>\n<p>&nbsp;<\/p>\n<p>&nbsp;<\/p>\n<p>Detall\u00f3 que el evento congreg\u00f3 a 154 maestras y maestros de los estados de Chihuahua, Durango, Sinaloa, Baja California, Baja California Sur y Sonora, quienes fueron reconocidos con una medalla y participaron en un foro regional donde compartieron las experiencias did\u00e1cticas m\u00e1s destacadas a nivel nacional.<\/p>\n<p>&nbsp;<\/p>\n<p>&nbsp;<\/p>\n<p>La SEP, a trav\u00e9s de la titular de la Unidad de Sistema para la Carrera de las Maestras y Maestros (Usicamm), Adela Pi\u00f1a Bernal, subray\u00f3 la importancia de que los integrantes del magisterio compartan las estrategias que han dise\u00f1ado dentro de las aulas, para crear un espacio de di\u00e1logo que fortalezca la transformaci\u00f3n del pa\u00eds a trav\u00e9s de la educaci\u00f3n.<\/p>\n<p>&nbsp;<\/p>\n<p>&nbsp;<\/p>\n<p><em><strong>\u201cEl reconocimiento otorgado a los docentes es de un profundo significado, ya que no solo se trata de compartir experiencias para recuperar aprendizajes, sino que, en esencia y de acuerdo con la Nueva Escuela Mexicana las maestras y los maestros buscan que el alumnado tenga un desarrollo pleno e integral\u201d<\/strong><\/em>, puntualiz\u00f3 Pi\u00f1a Bernal.<\/p>\n<p>&nbsp;<\/p>\n<p>&nbsp;<\/p>\n<p>PUBLICADO EL 14 NOVIEMBRE DE 2023\/ Con informaci\u00f3n de GOBSON 1123\/104)<\/p>\n","protected":false},"excerpt":{"rendered":"<p>MAZATL\u00c1N, SINALOA. MX. \u2014 Por dise\u00f1ar estrategias pedag\u00f3gicas innovadoras para la recuperaci\u00f3n de aprendizajes y&#8230;<\/p>\n","protected":false},"author":1,"featured_media":179144,"comment_status":"open","ping_status":"open","sticky":false,"template":"","format":"standard","meta":{"_monsterinsights_skip_tracking":false,"_monsterinsights_sitenote_active":false,"_monsterinsights_sitenote_note":"","_monsterinsights_sitenote_category":0,"footnotes":""},"categories":[5],"tags":[],"class_list":["post"],"yoast_head":" \n<title>Sonora en Equipo. Reconoce SEP a docentes sonorenses por sus pr\u00e1cticas innovadoras en educaci\u00f3n Rep\u00fablica<\/title>\n<meta name=\"description\" content=\"MAZATL\u00c1N, SINALOA. MX. \u2014 Por dise\u00f1ar estrategias pedag\u00f3gicas innovadoras para la recuperaci\u00f3n de aprendizajes y atenci\u00f3n al rezago escolar del alumnado, En Sonora en Equipo publicamos toda la informaci\u00f3n de Sonora, M\u00e9xico y el Mundo de manera oportuna y busca que la libertad de expresi\u00f3n sea real. Visita nuestro medio informativo publicado desde Hermosillo, Sonora. %\" \/>\n<meta name=\"robots\" content=\"index, follow, max-snippet:-1, max-image-preview:large, max-video-preview:-1\" \/>\n<link rel=\"canonical\" href=\"https:\/\/www.sonoraenequipo.com.mx\/reconoce-sep-a-docentes-sonorenses-por-sus-practicas-innovadoras-en-educacion\/\" \/>\n<meta property=\"og:locale\" content=\"es_ES\" \/>\n<meta property=\"og:type\" content=\"article\" \/>\n<meta property=\"og:title\" content=\"Sonora en Equipo. Reconoce SEP a docentes sonorenses por sus pr\u00e1cticas innovadoras en educaci\u00f3n Rep\u00fablica\" \/>\n<meta property=\"og:description\" content=\"MAZATL\u00c1N, SINALOA. MX. \u2014 Por dise\u00f1ar estrategias pedag\u00f3gicas innovadoras para la recuperaci\u00f3n de aprendizajes y atenci\u00f3n al rezago escolar del alumnado, En Sonora en Equipo publicamos toda la informaci\u00f3n de Sonora, M\u00e9xico y el Mundo de manera oportuna y busca que la libertad de expresi\u00f3n sea real. Visita nuestro medio informativo publicado desde Hermosillo, Sonora. %\" \/>\n<meta property=\"og:url\" content=\"https:\/\/www.sonoraenequipo.com.mx\/reconoce-sep-a-docentes-sonorenses-por-sus-practicas-innovadoras-en-educacion\/\" \/>\n<meta property=\"og:site_name\" content=\"Sonora en Equipo.\" \/>\n<meta property=\"article:publisher\" content=\"https:\/\/www.facebook.com\/SonoraEE\/\" \/>\n<meta property=\"article:author\" content=\"https:\/\/www.facebook.com\/SonoraEE\" \/>\n<meta property=\"article:published_time\" content=\"2023-11-14T23:23:40+00:00\" \/>\n<meta property=\"article:modified_time\" content=\"2023-11-15T16:50:07+00:00\" \/>\n<meta property=\"og:image\" content=\"https:\/\/www.sonoraenequipo.com.mx\/storage\/2023\/11\/Reconoce-SEP-a-docentes-sonorenses-min.jpg\" \/>\n\t<meta property=\"og:image:width\" content=\"1081\" \/>\n\t<meta property=\"og:image:height\" content=\"720\" \/>\n\t<meta property=\"og:image:type\" content=\"image\/jpeg\" \/>\n<meta name=\"author\" content=\"enequipo\" \/>\n<meta name=\"twitter:card\" content=\"summary_large_image\" \/>\n<meta name=\"twitter:creator\" content=\"@sonoraenequipo\" \/>\n<meta name=\"twitter:site\" content=\"@sonoraenequipo\" \/>\n<meta name=\"twitter:label1\" content=\"Escrito por\" \/>\n\t<meta name=\"twitter:data1\" content=\"enequipo\" \/>\n\t<meta name=\"twitter:label2\" content=\"Tiempo de lectura\" \/>\n\t<meta name=\"twitter:data2\" content=\"1 minuto\" \/>\n<script type=\"application\/ld+json\" class=\"yoast-schema-graph\">{\"@context\":\"https:\/\/schema.org\",\"@graph\":[{\"@type\":\"Article\",\"@id\":\"https:\/\/www.sonoraenequipo.com.mx\/reconoce-sep-a-docentes-sonorenses-por-sus-practicas-innovadoras-en-educacion\/#article\",\"isPartOf\":{\"@id\":\"https:\/\/www.sonoraenequipo.com.mx\/reconoce-sep-a-docentes-sonorenses-por-sus-practicas-innovadoras-en-educacion\/\"},\"author\":{\"name\":\"enequipo\",\"@id\":\"https:\/\/www.sonoraenequipo.com.mx\/#\/schema\/person\/50102df0fb23a8fa9e8effad8fa81386\"},\"headline\":\"Reconoce SEP a docentes sonorenses por sus pr\u00e1cticas innovadoras en educaci\u00f3n\",\"datePublished\":\"2023-11-14T23:23:40+00:00\",\"dateModified\":\"2023-11-15T16:50:07+00:00\",\"mainEntityOfPage\":{\"@id\":\"https:\/\/www.sonoraenequipo.com.mx\/reconoce-sep-a-docentes-sonorenses-por-sus-practicas-innovadoras-en-educacion\/\"},\"wordCount\":311,\"commentCount\":0,\"publisher\":{\"@id\":\"https:\/\/www.sonoraenequipo.com.mx\/#organization\"},\"image\":{\"@id\":\"https:\/\/www.sonoraenequipo.com.mx\/reconoce-sep-a-docentes-sonorenses-por-sus-practicas-innovadoras-en-educacion\/#primaryimage\"},\"thumbnailUrl\":\"https:\/\/www.sonoraenequipo.com.mx\/storage\/2023\/11\/Reconoce-SEP-a-docentes-sonorenses-min.jpg\",\"articleSection\":[\"Rep\u00fablica\"],\"inLanguage\":\"es\",\"potentialAction\":[{\"@type\":\"CommentAction\",\"name\":\"Comment\",\"target\":[\"https:\/\/www.sonoraenequipo.com.mx\/reconoce-sep-a-docentes-sonorenses-por-sus-practicas-innovadoras-en-educacion\/#respond\"]}]},{\"@type\":\"WebPage\",\"@id\":\"https:\/\/www.sonoraenequipo.com.mx\/reconoce-sep-a-docentes-sonorenses-por-sus-practicas-innovadoras-en-educacion\/\",\"url\":\"https:\/\/www.sonoraenequipo.com.mx\/reconoce-sep-a-docentes-sonorenses-por-sus-practicas-innovadoras-en-educacion\/\",\"name\":\"Sonora en Equipo. Reconoce SEP a docentes sonorenses por sus pr\u00e1cticas innovadoras en educaci\u00f3n Rep\u00fablica\",\"isPartOf\":{\"@id\":\"https:\/\/www.sonoraenequipo.com.mx\/#website\"},\"primaryImageOfPage\":{\"@id\":\"https:\/\/www.sonoraenequipo.com.mx\/reconoce-sep-a-docentes-sonorenses-por-sus-practicas-innovadoras-en-educacion\/#primaryimage\"},\"image\":{\"@id\":\"https:\/\/www.sonoraenequipo.com.mx\/reconoce-sep-a-docentes-sonorenses-por-sus-practicas-innovadoras-en-educacion\/#primaryimage\"},\"thumbnailUrl\":\"https:\/\/www.sonoraenequipo.com.mx\/storage\/2023\/11\/Reconoce-SEP-a-docentes-sonorenses-min.jpg\",\"datePublished\":\"2023-11-14T23:23:40+00:00\",\"dateModified\":\"2023-11-15T16:50:07+00:00\",\"description\":\"MAZATL\u00c1N, SINALOA. MX. \u2014 Por dise\u00f1ar estrategias pedag\u00f3gicas innovadoras para la recuperaci\u00f3n de aprendizajes y atenci\u00f3n al rezago escolar del alumnado, En Sonora en Equipo publicamos toda la informaci\u00f3n de Sonora, M\u00e9xico y el Mundo de manera oportuna y busca que la libertad de expresi\u00f3n sea real. Visita nuestro medio informativo publicado desde Hermosillo, Sonora. %\",\"breadcrumb\":{\"@id\":\"https:\/\/www.sonoraenequipo.com.mx\/reconoce-sep-a-docentes-sonorenses-por-sus-practicas-innovadoras-en-educacion\/#breadcrumb\"},\"inLanguage\":\"es\",\"potentialAction\":[{\"@type\":\"ReadAction\",\"target\":[\"https:\/\/www.sonoraenequipo.com.mx\/reconoce-sep-a-docentes-sonorenses-por-sus-practicas-innovadoras-en-educacion\/\"]}]},{\"@type\":\"ImageObject\",\"inLanguage\":\"es\",\"@id\":\"https:\/\/www.sonoraenequipo.com.mx\/reconoce-sep-a-docentes-sonorenses-por-sus-practicas-innovadoras-en-educacion\/#primaryimage\",\"url\":\"https:\/\/www.sonoraenequipo.com.mx\/storage\/2023\/11\/Reconoce-SEP-a-docentes-sonorenses-min.jpg\",\"contentUrl\":\"https:\/\/www.sonoraenequipo.com.mx\/storage\/2023\/11\/Reconoce-SEP-a-docentes-sonorenses-min.jpg\",\"width\":1081,\"height\":720},{\"@type\":\"BreadcrumbList\",\"@id\":\"https:\/\/www.sonoraenequipo.com.mx\/reconoce-sep-a-docentes-sonorenses-por-sus-practicas-innovadoras-en-educacion\/#breadcrumb\",\"itemListElement\":[{\"@type\":\"ListItem\",\"position\":1,\"name\":\"Portada\",\"item\":\"https:\/\/www.sonoraenequipo.com.mx\/\"},{\"@type\":\"ListItem\",\"position\":2,\"name\":\"Reconoce SEP a docentes sonorenses por sus pr\u00e1cticas innovadoras en educaci\u00f3n\"}]},{\"@type\":\"WebSite\",\"@id\":\"https:\/\/www.sonoraenequipo.com.mx\/#website\",\"url\":\"https:\/\/www.sonoraenequipo.com.mx\/\",\"name\":\"Sonora en Equipo.\",\"description\":\"Diario en l\u00ednea con Noticias desde Hermosillo, Sonora\",\"publisher\":{\"@id\":\"https:\/\/www.sonoraenequipo.com.mx\/#organization\"},\"potentialAction\":[{\"@type\":\"SearchAction\",\"target\":{\"@type\":\"EntryPoint\",\"urlTemplate\":\"https:\/\/www.sonoraenequipo.com.mx\/?s={search_term_string}\"},\"query-input\":{\"@type\":\"PropertyValueSpecification\",\"valueRequired\":true,\"valueName\":\"search_term_string\"}}],\"inLanguage\":\"es\"},{\"@type\":\"Organization\",\"@id\":\"https:\/\/www.sonoraenequipo.com.mx\/#organization\",\"name\":\"Sonoraenequipo.com.mx\",\"url\":\"https:\/\/www.sonoraenequipo.com.mx\/\",\"logo\":{\"@type\":\"ImageObject\",\"inLanguage\":\"es\",\"@id\":\"https:\/\/www.sonoraenequipo.com.mx\/#\/schema\/logo\/image\/\",\"url\":\"https:\/\/www.sonoraenequipo.com.mx\/storage\/2019\/01\/sonoraenequipo_opt.png\",\"contentUrl\":\"https:\/\/www.sonoraenequipo.com.mx\/storage\/2019\/01\/sonoraenequipo_opt.png\",\"width\":375,\"height\":125,\"caption\":\"Sonoraenequipo.com.mx\"},\"image\":{\"@id\":\"https:\/\/www.sonoraenequipo.com.mx\/#\/schema\/logo\/image\/\"},\"sameAs\":[\"https:\/\/www.facebook.com\/SonoraEE\/\",\"https:\/\/x.com\/sonoraenequipo\",\"https:\/\/www.youtube.com\/channel\/UC338nW-lPEYmJQs4ZABQ1SQ\"]},{\"@type\":\"Person\",\"@id\":\"https:\/\/www.sonoraenequipo.com.mx\/#\/schema\/person\/50102df0fb23a8fa9e8effad8fa81386\",\"name\":\"enequipo\",\"image\":{\"@type\":\"ImageObject\",\"inLanguage\":\"es\",\"@id\":\"https:\/\/www.sonoraenequipo.com.mx\/#\/schema\/person\/image\/\",\"url\":\"https:\/\/secure.gravatar.com\/avatar\/049821681b589dabc0bc20695993ccebb09f5b5d4d790cd9251b97faac7c652b?s=96&d=blank&r=g\",\"contentUrl\":\"https:\/\/secure.gravatar.com\/avatar\/049821681b589dabc0bc20695993ccebb09f5b5d4d790cd9251b97faac7c652b?s=96&d=blank&r=g\",\"caption\":\"enequipo\"},\"sameAs\":[\"https:\/\/www.facebook.com\/SonoraEE\"]}]}<\/script>\n ","yoast_head_json":{"title":"Sonora en Equipo. Reconoce SEP a docentes sonorenses por sus pr\u00e1cticas innovadoras en educaci\u00f3n Rep\u00fablica","description":"MAZATL\u00c1N, SINALOA. MX. \u2014 Por dise\u00f1ar estrategias pedag\u00f3gicas innovadoras para la recuperaci\u00f3n de aprendizajes y atenci\u00f3n al rezago escolar del alumnado, En Sonora en Equipo publicamos toda la informaci\u00f3n de Sonora, M\u00e9xico y el Mundo de manera oportuna y busca que la libertad de expresi\u00f3n sea real. Visita nuestro medio informativo publicado desde Hermosillo, Sonora. %","robots":{"index":"index","follow":"follow","max-snippet":"max-snippet:-1","max-image-preview":"max-image-preview:large","max-video-preview":"max-video-preview:-1"},"canonical":"https:\/\/www.sonoraenequipo.com.mx\/reconoce-sep-a-docentes-sonorenses-por-sus-practicas-innovadoras-en-educacion\/","og_locale":"es_ES","og_type":"article","og_title":"Sonora en Equipo. Reconoce SEP a docentes sonorenses por sus pr\u00e1cticas innovadoras en educaci\u00f3n Rep\u00fablica","og_description":"MAZATL\u00c1N, SINALOA. MX. \u2014 Por dise\u00f1ar estrategias pedag\u00f3gicas innovadoras para la recuperaci\u00f3n de aprendizajes y atenci\u00f3n al rezago escolar del alumnado, En Sonora en Equipo publicamos toda la informaci\u00f3n de Sonora, M\u00e9xico y el Mundo de manera oportuna y busca que la libertad de expresi\u00f3n sea real. Visita nuestro medio informativo publicado desde Hermosillo, Sonora. %","og_url":"https:\/\/www.sonoraenequipo.com.mx\/reconoce-sep-a-docentes-sonorenses-por-sus-practicas-innovadoras-en-educacion\/","og_site_name":"Sonora en Equipo.","article_publisher":"https:\/\/www.facebook.com\/SonoraEE\/","article_author":"https:\/\/www.facebook.com\/SonoraEE","article_published_time":"2023-11-14T23:23:40+00:00","article_modified_time":"2023-11-15T16:50:07+00:00","og_image":[{"width":1081,"height":720,"url":"https:\/\/www.sonoraenequipo.com.mx\/storage\/2023\/11\/Reconoce-SEP-a-docentes-sonorenses-min.jpg","type":"image\/jpeg"}],"author":"enequipo","twitter_card":"summary_large_image","twitter_creator":"@sonoraenequipo","twitter_site":"@sonoraenequipo","twitter_misc":{"Escrito por":"enequipo","Tiempo de lectura":"1 minuto"},"schema":{"@context":"https:\/\/schema.org","@graph":[{"@type":"Article","@id":"https:\/\/www.sonoraenequipo.com.mx\/reconoce-sep-a-docentes-sonorenses-por-sus-practicas-innovadoras-en-educacion\/#article","isPartOf":{"@id":"https:\/\/www.sonoraenequipo.com.mx\/reconoce-sep-a-docentes-sonorenses-por-sus-practicas-innovadoras-en-educacion\/"},"author":{"name":"enequipo","@id":"https:\/\/www.sonoraenequipo.com.mx\/#\/schema\/person\/50102df0fb23a8fa9e8effad8fa81386"},"headline":"Reconoce SEP a docentes sonorenses por sus pr\u00e1cticas innovadoras en educaci\u00f3n","datePublished":"2023-11-14T23:23:40+00:00","dateModified":"2023-11-15T16:50:07+00:00","mainEntityOfPage":{"@id":"https:\/\/www.sonoraenequipo.com.mx\/reconoce-sep-a-docentes-sonorenses-por-sus-practicas-innovadoras-en-educacion\/"},"wordCount":311,"commentCount":0,"publisher":{"@id":"https:\/\/www.sonoraenequipo.com.mx\/#organization"},"image":{"@id":"https:\/\/www.sonoraenequipo.com.mx\/reconoce-sep-a-docentes-sonorenses-por-sus-practicas-innovadoras-en-educacion\/#primaryimage"},"thumbnailUrl":"https:\/\/www.sonoraenequipo.com.mx\/storage\/2023\/11\/Reconoce-SEP-a-docentes-sonorenses-min.jpg","articleSection":["Rep\u00fablica"],"inLanguage":"es","potentialAction":[{"@type":"CommentAction","name":"Comment","target":["https:\/\/www.sonoraenequipo.com.mx\/reconoce-sep-a-docentes-sonorenses-por-sus-practicas-innovadoras-en-educacion\/#respond"]}]},{"@type":"WebPage","@id":"https:\/\/www.sonoraenequipo.com.mx\/reconoce-sep-a-docentes-sonorenses-por-sus-practicas-innovadoras-en-educacion\/","url":"https:\/\/www.sonoraenequipo.com.mx\/reconoce-sep-a-docentes-sonorenses-por-sus-practicas-innovadoras-en-educacion\/","name":"Sonora en Equipo. Reconoce SEP a docentes sonorenses por sus pr\u00e1cticas innovadoras en educaci\u00f3n Rep\u00fablica","isPartOf":{"@id":"https:\/\/www.sonoraenequipo.com.mx\/#website"},"primaryImageOfPage":{"@id":"https:\/\/www.sonoraenequipo.com.mx\/reconoce-sep-a-docentes-sonorenses-por-sus-practicas-innovadoras-en-educacion\/#primaryimage"},"image":{"@id":"https:\/\/www.sonoraenequipo.com.mx\/reconoce-sep-a-docentes-sonorenses-por-sus-practicas-innovadoras-en-educacion\/#primaryimage"},"thumbnailUrl":"https:\/\/www.sonoraenequipo.com.mx\/storage\/2023\/11\/Reconoce-SEP-a-docentes-sonorenses-min.jpg","datePublished":"2023-11-14T23:23:40+00:00","dateModified":"2023-11-15T16:50:07+00:00","description":"MAZATL\u00c1N, SINALOA. MX. \u2014 Por dise\u00f1ar estrategias pedag\u00f3gicas innovadoras para la recuperaci\u00f3n de aprendizajes y atenci\u00f3n al rezago escolar del alumnado, En Sonora en Equipo publicamos toda la informaci\u00f3n de Sonora, M\u00e9xico y el Mundo de manera oportuna y busca que la libertad de expresi\u00f3n sea real. Visita nuestro medio informativo publicado desde Hermosillo, Sonora. %","breadcrumb":{"@id":"https:\/\/www.sonoraenequipo.com.mx\/reconoce-sep-a-docentes-sonorenses-por-sus-practicas-innovadoras-en-educacion\/#breadcrumb"},"inLanguage":"es","potentialAction":[{"@type":"ReadAction","target":["https:\/\/www.sonoraenequipo.com.mx\/reconoce-sep-a-docentes-sonorenses-por-sus-practicas-innovadoras-en-educacion\/"]}]},{"@type":"ImageObject","inLanguage":"es","@id":"https:\/\/www.sonoraenequipo.com.mx\/reconoce-sep-a-docentes-sonorenses-por-sus-practicas-innovadoras-en-educacion\/#primaryimage","url":"https:\/\/www.sonoraenequipo.com.mx\/storage\/2023\/11\/Reconoce-SEP-a-docentes-sonorenses-min.jpg","contentUrl":"https:\/\/www.sonoraenequipo.com.mx\/storage\/2023\/11\/Reconoce-SEP-a-docentes-sonorenses-min.jpg","width":1081,"height":720},{"@type":"BreadcrumbList","@id":"https:\/\/www.sonoraenequipo.com.mx\/reconoce-sep-a-docentes-sonorenses-por-sus-practicas-innovadoras-en-educacion\/#breadcrumb","itemListElement":[{"@type":"ListItem","position":1,"name":"Portada","item":"https:\/\/www.sonoraenequipo.com.mx\/"},{"@type":"ListItem","position":2,"name":"Reconoce SEP a docentes sonorenses por sus pr\u00e1cticas innovadoras en educaci\u00f3n"}]},{"@type":"WebSite","@id":"https:\/\/www.sonoraenequipo.com.mx\/#website","url":"https:\/\/www.sonoraenequipo.com.mx\/","name":"Sonora en Equipo.","description":"Diario en l\u00ednea con Noticias desde Hermosillo, Sonora","publisher":{"@id":"https:\/\/www.sonoraenequipo.com.mx\/#organization"},"potentialAction":[{"@type":"SearchAction","target":{"@type":"EntryPoint","urlTemplate":"https:\/\/www.sonoraenequipo.com.mx\/?s={search_term_string}"},"query-input":{"@type":"PropertyValueSpecification","valueRequired":true,"valueName":"search_term_string"}}],"inLanguage":"es"},{"@type":"Organization","@id":"https:\/\/www.sonoraenequipo.com.mx\/#organization","name":"Sonoraenequipo.com.mx","url":"https:\/\/www.sonoraenequipo.com.mx\/","logo":{"@type":"ImageObject","inLanguage":"es","@id":"https:\/\/www.sonoraenequipo.com.mx\/#\/schema\/logo\/image\/","url":"https:\/\/www.sonoraenequipo.com.mx\/storage\/2019\/01\/sonoraenequipo_opt.png","contentUrl":"https:\/\/www.sonoraenequipo.com.mx\/storage\/2019\/01\/sonoraenequipo_opt.png","width":375,"height":125,"caption":"Sonoraenequipo.com.mx"},"image":{"@id":"https:\/\/www.sonoraenequipo.com.mx\/#\/schema\/logo\/image\/"},"sameAs":["https:\/\/www.facebook.com\/SonoraEE\/","https:\/\/x.com\/sonoraenequipo","https:\/\/www.youtube.com\/channel\/UC338nW-lPEYmJQs4ZABQ1SQ"]},{"@type":"Person","@id":"https:\/\/www.sonoraenequipo.com.mx\/#\/schema\/person\/50102df0fb23a8fa9e8effad8fa81386","name":"enequipo","image":{"@type":"ImageObject","inLanguage":"es","@id":"https:\/\/www.sonoraenequipo.com.mx\/#\/schema\/person\/image\/","url":"https:\/\/secure.gravatar.com\/avatar\/049821681b589dabc0bc20695993ccebb09f5b5d4d790cd9251b97faac7c652b?s=96&d=blank&r=g","contentUrl":"https:\/\/secure.gravatar.com\/avatar\/049821681b589dabc0bc20695993ccebb09f5b5d4d790cd9251b97faac7c652b?s=96&d=blank&r=g","caption":"enequipo"},"sameAs":["https:\/\/www.facebook.com\/SonoraEE"]}]}},"jetpack_featured_media_url":"https:\/\/www.sonoraenequipo.com.mx\/storage\/2023\/11\/Reconoce-SEP-a-docentes-sonorenses-min.jpg","_links":{"self":[{"href":"https:\/\/www.sonoraenequipo.com.mx\/api\/wp\/v2\/posts\/179142","targetHints":{"allow":["GET"]}}],"collection":[{"href":"https:\/\/www.sonoraenequipo.com.mx\/api\/wp\/v2\/posts"}],"about":[{"href":"https:\/\/www.sonoraenequipo.com.mx\/api\/wp\/v2\/types\/post"}],"author":[{"embeddable":true,"href":"https:\/\/www.sonoraenequipo.com.mx\/api\/wp\/v2\/users\/1"}],"replies":[{"embeddable":true,"href":"https:\/\/www.sonoraenequipo.com.mx\/api\/wp\/v2\/comments?post=179142"}],"version-history":[{"count":1,"href":"https:\/\/www.sonoraenequipo.com.mx\/api\/wp\/v2\/posts\/179142\/revisions"}],"predecessor-version":[{"id":179145,"href":"https:\/\/www.sonoraenequipo.com.mx\/api\/wp\/v2\/posts\/179142\/revisions\/179145"}],"wp:featuredmedia":[{"embeddable":true,"href":"https:\/\/www.sonoraenequipo.com.mx\/api\/wp\/v2\/media\/179144"}],"wp:attachment":[{"href":"https:\/\/www.sonoraenequipo.com.mx\/api\/wp\/v2\/media?parent=179142"}],"wp:term":[{"taxonomy":"category","embeddable":true,"href":"https:\/\/www.sonoraenequipo.com.mx\/api\/wp\/v2\/categories?post=179142"},{"taxonomy":"post_tag","embeddable":true,"href":"https:\/\/www.sonoraenequipo.com.mx\/api\/wp\/v2\/tags?post=179142"}],"curies":[{"name":"wp","href":"https:\/\/api.w.org\/{rel}","templated":true}]}}