{"id":179373,"date":"2023-11-18T17:59:43","date_gmt":"2023-11-19T00:59:43","guid":{"rendered":"https:\/\/www.sonoraenequipo.com.mx\/?p=179373"},"modified":"2023-11-18T18:06:01","modified_gmt":"2023-11-19T01:06:01","slug":"aumenta-432-5-rescate-de-personas-en-movilidad-en-mexico","status":"publish","type":"post","link":"https:\/\/www.sonoraenequipo.com.mx\/aumenta-432-5-rescate-de-personas-en-movilidad-en-mexico\/","title":{"rendered":"Aumenta 432.5% rescate de personas en movilidad en M\u00e9xico"},"content":{"rendered":"<p>De acuerdo al Censo Nacional de Seguridad P\u00fablica Federal (CNSPF) 2023<\/p>\n<p>&nbsp;<\/p>\n<p>Al cierre de 2022, 104 207 personas estaban adscritas o asignadas a la Guardia Nacional. Seg\u00fan su instituci\u00f3n de adscripci\u00f3n o asignaci\u00f3n, 68.4 % del personal correspondi\u00f3 a la Secretar\u00eda de la Defensa Nacional (SEDENA), 17.7 % a la Guardia Nacional (GN) y 13.9 %, a la Secretar\u00eda de Marina (SEMAR).<\/p>\n<p>&nbsp;<\/p>\n<p>Durante 2022, la GN realiz\u00f3 90 332 puestas a disposici\u00f3n de objetos y 2 814 puestas a disposici\u00f3n de personas. En contraste con 2021, las puestas a disposici\u00f3n de objetos aumentaron 709.6 %, mientras que las puestas a disposici\u00f3n de personas disminuyeron 59.9 % en 2022.<\/p>\n<p>&nbsp;<\/p>\n<p><strong><em>En 2022, la GN rescat\u00f3 a 177 166 personas en contexto de movilidad: la mayor\u00eda de las personas migrantes fueron rescatadas en Baja California. Comparado con 2021, el n\u00famero de personas en contexto de movilidad rescatadas aument\u00f3 432.5 por ciento.<\/em><\/strong><\/p>\n<p>&nbsp;<\/p>\n<p>En 2022, la GN registr\u00f3 15 214 accidentes en carreteras y puentes federales. En 10 443 (68.6 %) solo hubo da\u00f1os materiales, 2 918 (19.2 %) fueron no fatales y 1 853 (12.2 %) fueron fatales. Asimismo, se reportaron 7 265 personas lesionadas y 2 309 personas fallecidas. En contraste con 2021, la cantidad de accidentes aument\u00f3 1.7 % en 2022.<\/p>\n<p>&nbsp;<\/p>\n<p>El Instituto Nacional de Estad\u00edstica y Geograf\u00eda (INEGI) da a conocer los resultados del Censo Nacional de Seguridad P\u00fablica Federal (CNSPF) 2023. Este programa ofrece informaci\u00f3n estad\u00edstica y geogr\u00e1fica sobre la gesti\u00f3n y desempe\u00f1o de la Guardia Nacional (GN). Su objetivo es vincular los datos con el dise\u00f1o, implementaci\u00f3n, monitoreo y evaluaci\u00f3n de las pol\u00edticas p\u00fablicas de alcance nacional en el tema referido.<\/p>\n<p><strong>\u00a0<\/strong><\/p>\n<p><strong>PRINCIPALES RESULTADOS<\/strong><\/p>\n<p>&nbsp;<\/p>\n<p>1) Estructura organizacional y recursos<\/p>\n<p>&nbsp;<\/p>\n<p>&nbsp;<\/p>\n<p>&nbsp;<\/p>\n<p>Al cierre de 2022, hab\u00eda 33 personas como titulares de la Comandancia y de las Coordinaciones estatales de la GN. La totalidad de titulares fueron hombres. En cuanto al rango de antig\u00fcedad en el servicio p\u00fablico, 66.7 % (22) ten\u00eda entre 35 y 39 a\u00f1os de servicio (ver gr\u00e1fica 1). De acuerdo con la instituci\u00f3n de procedencia, el total proven\u00eda de la Secretar\u00eda de la Defensa Nacional (SEDENA).<\/p>\n<p>&nbsp;<\/p>\n<p>Al cierre de 2022, 104 207 personas estaban adscritas o asignadas a la GN. De ellas, 81.9 % (85 379) correspondi\u00f3 a hombres y 18.1 % (18 828), a mujeres. Con respecto a 2021, el personal aument\u00f3 3.9 % en 2022<\/p>\n<p>&nbsp;<\/p>\n<p>En cuanto al grado de organizaci\u00f3n jer\u00e1rquica, 88 305 personas eran de escala b\u00e1sica, cifra que, en comparaci\u00f3n con 2021, aument\u00f3 7.2 % en 2022.<\/p>\n<p><strong>Fecha de publicaci\u00f3n<\/strong><strong> s\u00e1bado 18 \u00a0de noviembre de 2023<\/strong><\/p>\n","protected":false},"excerpt":{"rendered":"<p>De acuerdo al Censo Nacional de Seguridad P\u00fablica Federal (CNSPF) 2023 &nbsp; Al cierre de&#8230;<\/p>\n","protected":false},"author":1,"featured_media":179374,"comment_status":"open","ping_status":"open","sticky":false,"template":"","format":"standard","meta":{"_monsterinsights_skip_tracking":false,"_monsterinsights_sitenote_active":false,"_monsterinsights_sitenote_note":"","_monsterinsights_sitenote_category":0,"footnotes":""},"categories":[6493],"tags":[4916,6719],"class_list":["post"],"yoast_head":" \n<title>Sonora en Equipo. Aumenta 432.5% rescate de personas en movilidad en M\u00e9xico PALABRAS Y N\u00daMEROS<\/title>\n<meta name=\"description\" content=\"De acuerdo al Censo Nacional de Seguridad P\u00fablica Federal (CNSPF) 2023 &nbsp; Al cierre de 2022, 104 207 personas estaban adscritas o asignadas a la En Sonora en Equipo publicamos toda la informaci\u00f3n de Sonora, M\u00e9xico y el Mundo de manera oportuna y busca que la libertad de expresi\u00f3n sea real. Visita nuestro medio informativo publicado desde Hermosillo, Sonora. %\" \/>\n<meta name=\"robots\" content=\"index, follow, max-snippet:-1, max-image-preview:large, max-video-preview:-1\" \/>\n<link rel=\"canonical\" href=\"https:\/\/www.sonoraenequipo.com.mx\/aumenta-432-5-rescate-de-personas-en-movilidad-en-mexico\/\" \/>\n<meta property=\"og:locale\" content=\"es_ES\" \/>\n<meta property=\"og:type\" content=\"article\" \/>\n<meta property=\"og:title\" content=\"Sonora en Equipo. Aumenta 432.5% rescate de personas en movilidad en M\u00e9xico PALABRAS Y N\u00daMEROS\" \/>\n<meta property=\"og:description\" content=\"De acuerdo al Censo Nacional de Seguridad P\u00fablica Federal (CNSPF) 2023 &nbsp; Al cierre de 2022, 104 207 personas estaban adscritas o asignadas a la En Sonora en Equipo publicamos toda la informaci\u00f3n de Sonora, M\u00e9xico y el Mundo de manera oportuna y busca que la libertad de expresi\u00f3n sea real. Visita nuestro medio informativo publicado desde Hermosillo, Sonora. %\" \/>\n<meta property=\"og:url\" content=\"https:\/\/www.sonoraenequipo.com.mx\/aumenta-432-5-rescate-de-personas-en-movilidad-en-mexico\/\" \/>\n<meta property=\"og:site_name\" content=\"Sonora en Equipo.\" \/>\n<meta property=\"article:publisher\" content=\"https:\/\/www.facebook.com\/SonoraEE\/\" \/>\n<meta property=\"article:author\" content=\"https:\/\/www.facebook.com\/SonoraEE\" \/>\n<meta property=\"article:published_time\" content=\"2023-11-19T00:59:43+00:00\" \/>\n<meta property=\"article:modified_time\" content=\"2023-11-19T01:06:01+00:00\" \/>\n<meta property=\"og:image\" content=\"https:\/\/www.sonoraenequipo.com.mx\/storage\/2023\/11\/movilidad.jpg\" \/>\n\t<meta property=\"og:image:width\" content=\"600\" \/>\n\t<meta property=\"og:image:height\" content=\"338\" \/>\n\t<meta property=\"og:image:type\" content=\"image\/jpeg\" \/>\n<meta name=\"author\" content=\"enequipo\" \/>\n<meta name=\"twitter:card\" content=\"summary_large_image\" \/>\n<meta name=\"twitter:creator\" content=\"@sonoraenequipo\" \/>\n<meta name=\"twitter:site\" content=\"@sonoraenequipo\" \/>\n<meta name=\"twitter:label1\" content=\"Escrito por\" \/>\n\t<meta name=\"twitter:data1\" content=\"enequipo\" \/>\n\t<meta name=\"twitter:label2\" content=\"Tiempo de lectura\" \/>\n\t<meta name=\"twitter:data2\" content=\"2 minutos\" \/>\n<script type=\"application\/ld+json\" class=\"yoast-schema-graph\">{\"@context\":\"https:\/\/schema.org\",\"@graph\":[{\"@type\":\"Article\",\"@id\":\"https:\/\/www.sonoraenequipo.com.mx\/aumenta-432-5-rescate-de-personas-en-movilidad-en-mexico\/#article\",\"isPartOf\":{\"@id\":\"https:\/\/www.sonoraenequipo.com.mx\/aumenta-432-5-rescate-de-personas-en-movilidad-en-mexico\/\"},\"author\":{\"name\":\"enequipo\",\"@id\":\"https:\/\/www.sonoraenequipo.com.mx\/#\/schema\/person\/50102df0fb23a8fa9e8effad8fa81386\"},\"headline\":\"Aumenta 432.5% rescate de personas en movilidad en M\u00e9xico\",\"datePublished\":\"2023-11-19T00:59:43+00:00\",\"dateModified\":\"2023-11-19T01:06:01+00:00\",\"mainEntityOfPage\":{\"@id\":\"https:\/\/www.sonoraenequipo.com.mx\/aumenta-432-5-rescate-de-personas-en-movilidad-en-mexico\/\"},\"wordCount\":402,\"commentCount\":0,\"publisher\":{\"@id\":\"https:\/\/www.sonoraenequipo.com.mx\/#organization\"},\"image\":{\"@id\":\"https:\/\/www.sonoraenequipo.com.mx\/aumenta-432-5-rescate-de-personas-en-movilidad-en-mexico\/#primaryimage\"},\"thumbnailUrl\":\"https:\/\/www.sonoraenequipo.com.mx\/storage\/2023\/11\/movilidad.jpg\",\"keywords\":[\"MOVILIDAD\",\"personas\"],\"articleSection\":[\"PALABRAS Y N\u00daMEROS\"],\"inLanguage\":\"es\",\"potentialAction\":[{\"@type\":\"CommentAction\",\"name\":\"Comment\",\"target\":[\"https:\/\/www.sonoraenequipo.com.mx\/aumenta-432-5-rescate-de-personas-en-movilidad-en-mexico\/#respond\"]}]},{\"@type\":\"WebPage\",\"@id\":\"https:\/\/www.sonoraenequipo.com.mx\/aumenta-432-5-rescate-de-personas-en-movilidad-en-mexico\/\",\"url\":\"https:\/\/www.sonoraenequipo.com.mx\/aumenta-432-5-rescate-de-personas-en-movilidad-en-mexico\/\",\"name\":\"Sonora en Equipo. Aumenta 432.5% rescate de personas en movilidad en M\u00e9xico PALABRAS Y N\u00daMEROS\",\"isPartOf\":{\"@id\":\"https:\/\/www.sonoraenequipo.com.mx\/#website\"},\"primaryImageOfPage\":{\"@id\":\"https:\/\/www.sonoraenequipo.com.mx\/aumenta-432-5-rescate-de-personas-en-movilidad-en-mexico\/#primaryimage\"},\"image\":{\"@id\":\"https:\/\/www.sonoraenequipo.com.mx\/aumenta-432-5-rescate-de-personas-en-movilidad-en-mexico\/#primaryimage\"},\"thumbnailUrl\":\"https:\/\/www.sonoraenequipo.com.mx\/storage\/2023\/11\/movilidad.jpg\",\"datePublished\":\"2023-11-19T00:59:43+00:00\",\"dateModified\":\"2023-11-19T01:06:01+00:00\",\"description\":\"De acuerdo al Censo Nacional de Seguridad P\u00fablica Federal (CNSPF) 2023 &nbsp; Al cierre de 2022, 104 207 personas estaban adscritas o asignadas a la En Sonora en Equipo publicamos toda la informaci\u00f3n de Sonora, M\u00e9xico y el Mundo de manera oportuna y busca que la libertad de expresi\u00f3n sea real. Visita nuestro medio informativo publicado desde Hermosillo, Sonora. %\",\"breadcrumb\":{\"@id\":\"https:\/\/www.sonoraenequipo.com.mx\/aumenta-432-5-rescate-de-personas-en-movilidad-en-mexico\/#breadcrumb\"},\"inLanguage\":\"es\",\"potentialAction\":[{\"@type\":\"ReadAction\",\"target\":[\"https:\/\/www.sonoraenequipo.com.mx\/aumenta-432-5-rescate-de-personas-en-movilidad-en-mexico\/\"]}]},{\"@type\":\"ImageObject\",\"inLanguage\":\"es\",\"@id\":\"https:\/\/www.sonoraenequipo.com.mx\/aumenta-432-5-rescate-de-personas-en-movilidad-en-mexico\/#primaryimage\",\"url\":\"https:\/\/www.sonoraenequipo.com.mx\/storage\/2023\/11\/movilidad.jpg\",\"contentUrl\":\"https:\/\/www.sonoraenequipo.com.mx\/storage\/2023\/11\/movilidad.jpg\",\"width\":600,\"height\":338},{\"@type\":\"BreadcrumbList\",\"@id\":\"https:\/\/www.sonoraenequipo.com.mx\/aumenta-432-5-rescate-de-personas-en-movilidad-en-mexico\/#breadcrumb\",\"itemListElement\":[{\"@type\":\"ListItem\",\"position\":1,\"name\":\"Portada\",\"item\":\"https:\/\/www.sonoraenequipo.com.mx\/\"},{\"@type\":\"ListItem\",\"position\":2,\"name\":\"Aumenta 432.5% rescate de personas en movilidad en M\u00e9xico\"}]},{\"@type\":\"WebSite\",\"@id\":\"https:\/\/www.sonoraenequipo.com.mx\/#website\",\"url\":\"https:\/\/www.sonoraenequipo.com.mx\/\",\"name\":\"Sonora en Equipo.\",\"description\":\"Diario en l\u00ednea con Noticias desde Hermosillo, Sonora\",\"publisher\":{\"@id\":\"https:\/\/www.sonoraenequipo.com.mx\/#organization\"},\"potentialAction\":[{\"@type\":\"SearchAction\",\"target\":{\"@type\":\"EntryPoint\",\"urlTemplate\":\"https:\/\/www.sonoraenequipo.com.mx\/?s={search_term_string}\"},\"query-input\":{\"@type\":\"PropertyValueSpecification\",\"valueRequired\":true,\"valueName\":\"search_term_string\"}}],\"inLanguage\":\"es\"},{\"@type\":\"Organization\",\"@id\":\"https:\/\/www.sonoraenequipo.com.mx\/#organization\",\"name\":\"Sonoraenequipo.com.mx\",\"url\":\"https:\/\/www.sonoraenequipo.com.mx\/\",\"logo\":{\"@type\":\"ImageObject\",\"inLanguage\":\"es\",\"@id\":\"https:\/\/www.sonoraenequipo.com.mx\/#\/schema\/logo\/image\/\",\"url\":\"https:\/\/www.sonoraenequipo.com.mx\/storage\/2019\/01\/sonoraenequipo_opt.png\",\"contentUrl\":\"https:\/\/www.sonoraenequipo.com.mx\/storage\/2019\/01\/sonoraenequipo_opt.png\",\"width\":375,\"height\":125,\"caption\":\"Sonoraenequipo.com.mx\"},\"image\":{\"@id\":\"https:\/\/www.sonoraenequipo.com.mx\/#\/schema\/logo\/image\/\"},\"sameAs\":[\"https:\/\/www.facebook.com\/SonoraEE\/\",\"https:\/\/x.com\/sonoraenequipo\",\"https:\/\/www.youtube.com\/channel\/UC338nW-lPEYmJQs4ZABQ1SQ\"]},{\"@type\":\"Person\",\"@id\":\"https:\/\/www.sonoraenequipo.com.mx\/#\/schema\/person\/50102df0fb23a8fa9e8effad8fa81386\",\"name\":\"enequipo\",\"image\":{\"@type\":\"ImageObject\",\"inLanguage\":\"es\",\"@id\":\"https:\/\/www.sonoraenequipo.com.mx\/#\/schema\/person\/image\/\",\"url\":\"https:\/\/secure.gravatar.com\/avatar\/049821681b589dabc0bc20695993ccebb09f5b5d4d790cd9251b97faac7c652b?s=96&d=blank&r=g\",\"contentUrl\":\"https:\/\/secure.gravatar.com\/avatar\/049821681b589dabc0bc20695993ccebb09f5b5d4d790cd9251b97faac7c652b?s=96&d=blank&r=g\",\"caption\":\"enequipo\"},\"sameAs\":[\"https:\/\/www.facebook.com\/SonoraEE\"]}]}<\/script>\n ","yoast_head_json":{"title":"Sonora en Equipo. Aumenta 432.5% rescate de personas en movilidad en M\u00e9xico PALABRAS Y N\u00daMEROS","description":"De acuerdo al Censo Nacional de Seguridad P\u00fablica Federal (CNSPF) 2023 &nbsp; Al cierre de 2022, 104 207 personas estaban adscritas o asignadas a la En Sonora en Equipo publicamos toda la informaci\u00f3n de Sonora, M\u00e9xico y el Mundo de manera oportuna y busca que la libertad de expresi\u00f3n sea real. Visita nuestro medio informativo publicado desde Hermosillo, Sonora. %","robots":{"index":"index","follow":"follow","max-snippet":"max-snippet:-1","max-image-preview":"max-image-preview:large","max-video-preview":"max-video-preview:-1"},"canonical":"https:\/\/www.sonoraenequipo.com.mx\/aumenta-432-5-rescate-de-personas-en-movilidad-en-mexico\/","og_locale":"es_ES","og_type":"article","og_title":"Sonora en Equipo. Aumenta 432.5% rescate de personas en movilidad en M\u00e9xico PALABRAS Y N\u00daMEROS","og_description":"De acuerdo al Censo Nacional de Seguridad P\u00fablica Federal (CNSPF) 2023 &nbsp; Al cierre de 2022, 104 207 personas estaban adscritas o asignadas a la En Sonora en Equipo publicamos toda la informaci\u00f3n de Sonora, M\u00e9xico y el Mundo de manera oportuna y busca que la libertad de expresi\u00f3n sea real. Visita nuestro medio informativo publicado desde Hermosillo, Sonora. %","og_url":"https:\/\/www.sonoraenequipo.com.mx\/aumenta-432-5-rescate-de-personas-en-movilidad-en-mexico\/","og_site_name":"Sonora en Equipo.","article_publisher":"https:\/\/www.facebook.com\/SonoraEE\/","article_author":"https:\/\/www.facebook.com\/SonoraEE","article_published_time":"2023-11-19T00:59:43+00:00","article_modified_time":"2023-11-19T01:06:01+00:00","og_image":[{"width":600,"height":338,"url":"https:\/\/www.sonoraenequipo.com.mx\/storage\/2023\/11\/movilidad.jpg","type":"image\/jpeg"}],"author":"enequipo","twitter_card":"summary_large_image","twitter_creator":"@sonoraenequipo","twitter_site":"@sonoraenequipo","twitter_misc":{"Escrito por":"enequipo","Tiempo de lectura":"2 minutos"},"schema":{"@context":"https:\/\/schema.org","@graph":[{"@type":"Article","@id":"https:\/\/www.sonoraenequipo.com.mx\/aumenta-432-5-rescate-de-personas-en-movilidad-en-mexico\/#article","isPartOf":{"@id":"https:\/\/www.sonoraenequipo.com.mx\/aumenta-432-5-rescate-de-personas-en-movilidad-en-mexico\/"},"author":{"name":"enequipo","@id":"https:\/\/www.sonoraenequipo.com.mx\/#\/schema\/person\/50102df0fb23a8fa9e8effad8fa81386"},"headline":"Aumenta 432.5% rescate de personas en movilidad en M\u00e9xico","datePublished":"2023-11-19T00:59:43+00:00","dateModified":"2023-11-19T01:06:01+00:00","mainEntityOfPage":{"@id":"https:\/\/www.sonoraenequipo.com.mx\/aumenta-432-5-rescate-de-personas-en-movilidad-en-mexico\/"},"wordCount":402,"commentCount":0,"publisher":{"@id":"https:\/\/www.sonoraenequipo.com.mx\/#organization"},"image":{"@id":"https:\/\/www.sonoraenequipo.com.mx\/aumenta-432-5-rescate-de-personas-en-movilidad-en-mexico\/#primaryimage"},"thumbnailUrl":"https:\/\/www.sonoraenequipo.com.mx\/storage\/2023\/11\/movilidad.jpg","keywords":["MOVILIDAD","personas"],"articleSection":["PALABRAS Y N\u00daMEROS"],"inLanguage":"es","potentialAction":[{"@type":"CommentAction","name":"Comment","target":["https:\/\/www.sonoraenequipo.com.mx\/aumenta-432-5-rescate-de-personas-en-movilidad-en-mexico\/#respond"]}]},{"@type":"WebPage","@id":"https:\/\/www.sonoraenequipo.com.mx\/aumenta-432-5-rescate-de-personas-en-movilidad-en-mexico\/","url":"https:\/\/www.sonoraenequipo.com.mx\/aumenta-432-5-rescate-de-personas-en-movilidad-en-mexico\/","name":"Sonora en Equipo. Aumenta 432.5% rescate de personas en movilidad en M\u00e9xico PALABRAS Y N\u00daMEROS","isPartOf":{"@id":"https:\/\/www.sonoraenequipo.com.mx\/#website"},"primaryImageOfPage":{"@id":"https:\/\/www.sonoraenequipo.com.mx\/aumenta-432-5-rescate-de-personas-en-movilidad-en-mexico\/#primaryimage"},"image":{"@id":"https:\/\/www.sonoraenequipo.com.mx\/aumenta-432-5-rescate-de-personas-en-movilidad-en-mexico\/#primaryimage"},"thumbnailUrl":"https:\/\/www.sonoraenequipo.com.mx\/storage\/2023\/11\/movilidad.jpg","datePublished":"2023-11-19T00:59:43+00:00","dateModified":"2023-11-19T01:06:01+00:00","description":"De acuerdo al Censo Nacional de Seguridad P\u00fablica Federal (CNSPF) 2023 &nbsp; Al cierre de 2022, 104 207 personas estaban adscritas o asignadas a la En Sonora en Equipo publicamos toda la informaci\u00f3n de Sonora, M\u00e9xico y el Mundo de manera oportuna y busca que la libertad de expresi\u00f3n sea real. Visita nuestro medio informativo publicado desde Hermosillo, Sonora. %","breadcrumb":{"@id":"https:\/\/www.sonoraenequipo.com.mx\/aumenta-432-5-rescate-de-personas-en-movilidad-en-mexico\/#breadcrumb"},"inLanguage":"es","potentialAction":[{"@type":"ReadAction","target":["https:\/\/www.sonoraenequipo.com.mx\/aumenta-432-5-rescate-de-personas-en-movilidad-en-mexico\/"]}]},{"@type":"ImageObject","inLanguage":"es","@id":"https:\/\/www.sonoraenequipo.com.mx\/aumenta-432-5-rescate-de-personas-en-movilidad-en-mexico\/#primaryimage","url":"https:\/\/www.sonoraenequipo.com.mx\/storage\/2023\/11\/movilidad.jpg","contentUrl":"https:\/\/www.sonoraenequipo.com.mx\/storage\/2023\/11\/movilidad.jpg","width":600,"height":338},{"@type":"BreadcrumbList","@id":"https:\/\/www.sonoraenequipo.com.mx\/aumenta-432-5-rescate-de-personas-en-movilidad-en-mexico\/#breadcrumb","itemListElement":[{"@type":"ListItem","position":1,"name":"Portada","item":"https:\/\/www.sonoraenequipo.com.mx\/"},{"@type":"ListItem","position":2,"name":"Aumenta 432.5% rescate de personas en movilidad en M\u00e9xico"}]},{"@type":"WebSite","@id":"https:\/\/www.sonoraenequipo.com.mx\/#website","url":"https:\/\/www.sonoraenequipo.com.mx\/","name":"Sonora en Equipo.","description":"Diario en l\u00ednea con Noticias desde Hermosillo, Sonora","publisher":{"@id":"https:\/\/www.sonoraenequipo.com.mx\/#organization"},"potentialAction":[{"@type":"SearchAction","target":{"@type":"EntryPoint","urlTemplate":"https:\/\/www.sonoraenequipo.com.mx\/?s={search_term_string}"},"query-input":{"@type":"PropertyValueSpecification","valueRequired":true,"valueName":"search_term_string"}}],"inLanguage":"es"},{"@type":"Organization","@id":"https:\/\/www.sonoraenequipo.com.mx\/#organization","name":"Sonoraenequipo.com.mx","url":"https:\/\/www.sonoraenequipo.com.mx\/","logo":{"@type":"ImageObject","inLanguage":"es","@id":"https:\/\/www.sonoraenequipo.com.mx\/#\/schema\/logo\/image\/","url":"https:\/\/www.sonoraenequipo.com.mx\/storage\/2019\/01\/sonoraenequipo_opt.png","contentUrl":"https:\/\/www.sonoraenequipo.com.mx\/storage\/2019\/01\/sonoraenequipo_opt.png","width":375,"height":125,"caption":"Sonoraenequipo.com.mx"},"image":{"@id":"https:\/\/www.sonoraenequipo.com.mx\/#\/schema\/logo\/image\/"},"sameAs":["https:\/\/www.facebook.com\/SonoraEE\/","https:\/\/x.com\/sonoraenequipo","https:\/\/www.youtube.com\/channel\/UC338nW-lPEYmJQs4ZABQ1SQ"]},{"@type":"Person","@id":"https:\/\/www.sonoraenequipo.com.mx\/#\/schema\/person\/50102df0fb23a8fa9e8effad8fa81386","name":"enequipo","image":{"@type":"ImageObject","inLanguage":"es","@id":"https:\/\/www.sonoraenequipo.com.mx\/#\/schema\/person\/image\/","url":"https:\/\/secure.gravatar.com\/avatar\/049821681b589dabc0bc20695993ccebb09f5b5d4d790cd9251b97faac7c652b?s=96&d=blank&r=g","contentUrl":"https:\/\/secure.gravatar.com\/avatar\/049821681b589dabc0bc20695993ccebb09f5b5d4d790cd9251b97faac7c652b?s=96&d=blank&r=g","caption":"enequipo"},"sameAs":["https:\/\/www.facebook.com\/SonoraEE"]}]}},"jetpack_featured_media_url":"https:\/\/www.sonoraenequipo.com.mx\/storage\/2023\/11\/movilidad.jpg","_links":{"self":[{"href":"https:\/\/www.sonoraenequipo.com.mx\/api\/wp\/v2\/posts\/179373","targetHints":{"allow":["GET"]}}],"collection":[{"href":"https:\/\/www.sonoraenequipo.com.mx\/api\/wp\/v2\/posts"}],"about":[{"href":"https:\/\/www.sonoraenequipo.com.mx\/api\/wp\/v2\/types\/post"}],"author":[{"embeddable":true,"href":"https:\/\/www.sonoraenequipo.com.mx\/api\/wp\/v2\/users\/1"}],"replies":[{"embeddable":true,"href":"https:\/\/www.sonoraenequipo.com.mx\/api\/wp\/v2\/comments?post=179373"}],"version-history":[{"count":1,"href":"https:\/\/www.sonoraenequipo.com.mx\/api\/wp\/v2\/posts\/179373\/revisions"}],"predecessor-version":[{"id":179375,"href":"https:\/\/www.sonoraenequipo.com.mx\/api\/wp\/v2\/posts\/179373\/revisions\/179375"}],"wp:featuredmedia":[{"embeddable":true,"href":"https:\/\/www.sonoraenequipo.com.mx\/api\/wp\/v2\/media\/179374"}],"wp:attachment":[{"href":"https:\/\/www.sonoraenequipo.com.mx\/api\/wp\/v2\/media?parent=179373"}],"wp:term":[{"taxonomy":"category","embeddable":true,"href":"https:\/\/www.sonoraenequipo.com.mx\/api\/wp\/v2\/categories?post=179373"},{"taxonomy":"post_tag","embeddable":true,"href":"https:\/\/www.sonoraenequipo.com.mx\/api\/wp\/v2\/tags?post=179373"}],"curies":[{"name":"wp","href":"https:\/\/api.w.org\/{rel}","templated":true}]}}