{"id":179551,"date":"2023-11-21T12:35:17","date_gmt":"2023-11-21T19:35:17","guid":{"rendered":"https:\/\/www.sonoraenequipo.com.mx\/?p=179551"},"modified":"2023-11-21T12:35:17","modified_gmt":"2023-11-21T19:35:17","slug":"en-2022-se-obtuvieron-34-6-millones-de-toneladas-de-los-principales-granos","status":"publish","type":"post","link":"https:\/\/www.sonoraenequipo.com.mx\/en-2022-se-obtuvieron-34-6-millones-de-toneladas-de-los-principales-granos\/","title":{"rendered":"En 2022 se obtuvieron 34.6 millones de toneladas de los principales granos"},"content":{"rendered":"<p>&nbsp;<\/p>\n<p><strong>CIUDAD DE M\u00c9XICO ,MX.<\/strong><strong>\u02d7\u02d7\u02d7<\/strong> En M\u00e9xico, la superficie con uso o vocaci\u00f3n agropecuaria y la superficie de aprovechamiento forestal sumaron 103.6 millones de hect\u00e1reas.<\/p>\n<p>29 806 706 hect\u00e1reas se destinaron a uso agr\u00edcola.<\/p>\n<p>Se obtuvieron 34.6 millones de toneladas de los principales granos que se producen en el pa\u00eds (arroz, cebada grano, frijol, ma\u00edz grano amarillo, ma\u00edz grano blanco, sorgo grano y trigo grano).<\/p>\n<p>26 984 247 personas conformaron la mano de obra en las actividades agropecuarias: 84.0 % correspondi\u00f3 a hombres y 16.0 %, a mujeres.<\/p>\n<p>&nbsp;<\/p>\n<p>El Instituto Nacional de Estad\u00edstica y Geograf\u00eda (INEGI) presenta los resultados definitivos del Censo Agropecuario 2022. El objetivo es ofrecer, a la sociedad y al Estado, informaci\u00f3n de calidad, pertinente, veraz y oportuna sobre las actividades agr\u00edcolas, ganaderas y forestales en las \u00e1reas rurales del pa\u00eds. La informaci\u00f3n abarca la siembra y la cosecha de especies agr\u00edcolas, as\u00ed como cr\u00eda y explotaci\u00f3n de animales. Asimismo, incluye: producci\u00f3n, autoconsumo, destino de la producci\u00f3n, sistemas de riego, uso de fertilizantes, maquinaria y equipo, mano de obra, cr\u00e9dito, seguro, problemas que enfrentan las y los productores, programas de apoyo, y acciones para proteger el medio ambiente, entre otros. Adem\u00e1s, toca temas que se relacionan con el aprovechamiento forestal, como el volumen de madera obtenido, la reforestaci\u00f3n y la deforestaci\u00f3n.<\/p>\n<p><strong>Fecha de publicaci\u00f3n <\/strong><strong>21 \u00a0de noviembre de 2023<\/strong><\/p>\n","protected":false},"excerpt":{"rendered":"<p>&nbsp; CIUDAD DE M\u00c9XICO ,MX.\u02d7\u02d7\u02d7 En M\u00e9xico, la superficie con uso o vocaci\u00f3n agropecuaria y&#8230;<\/p>\n","protected":false},"author":1,"featured_media":179552,"comment_status":"open","ping_status":"open","sticky":false,"template":"","format":"standard","meta":{"_monsterinsights_skip_tracking":false,"_monsterinsights_sitenote_active":false,"_monsterinsights_sitenote_note":"","_monsterinsights_sitenote_category":0,"footnotes":""},"categories":[6493],"tags":[9154,9153],"class_list":["post"],"yoast_head":" \n<title>Sonora en Equipo. En 2022 se obtuvieron 34.6 millones de toneladas de los principales granos PALABRAS Y N\u00daMEROS<\/title>\n<meta name=\"description\" content=\"&nbsp; CIUDAD DE M\u00c9XICO ,MX.\u02d7\u02d7\u02d7 En M\u00e9xico, la superficie con uso o vocaci\u00f3n agropecuaria y la superficie de aprovechamiento forestal sumaron 103.6 En Sonora en Equipo publicamos toda la informaci\u00f3n de Sonora, M\u00e9xico y el Mundo de manera oportuna y busca que la libertad de expresi\u00f3n sea real. Visita nuestro medio informativo publicado desde Hermosillo, Sonora. %\" \/>\n<meta name=\"robots\" content=\"index, follow, max-snippet:-1, max-image-preview:large, max-video-preview:-1\" \/>\n<link rel=\"canonical\" href=\"https:\/\/www.sonoraenequipo.com.mx\/en-2022-se-obtuvieron-34-6-millones-de-toneladas-de-los-principales-granos\/\" \/>\n<meta property=\"og:locale\" content=\"es_ES\" \/>\n<meta property=\"og:type\" content=\"article\" \/>\n<meta property=\"og:title\" content=\"Sonora en Equipo. En 2022 se obtuvieron 34.6 millones de toneladas de los principales granos PALABRAS Y N\u00daMEROS\" \/>\n<meta property=\"og:description\" content=\"&nbsp; CIUDAD DE M\u00c9XICO ,MX.\u02d7\u02d7\u02d7 En M\u00e9xico, la superficie con uso o vocaci\u00f3n agropecuaria y la superficie de aprovechamiento forestal sumaron 103.6 En Sonora en Equipo publicamos toda la informaci\u00f3n de Sonora, M\u00e9xico y el Mundo de manera oportuna y busca que la libertad de expresi\u00f3n sea real. Visita nuestro medio informativo publicado desde Hermosillo, Sonora. %\" \/>\n<meta property=\"og:url\" content=\"https:\/\/www.sonoraenequipo.com.mx\/en-2022-se-obtuvieron-34-6-millones-de-toneladas-de-los-principales-granos\/\" \/>\n<meta property=\"og:site_name\" content=\"Sonora en Equipo.\" \/>\n<meta property=\"article:publisher\" content=\"https:\/\/www.facebook.com\/SonoraEE\/\" \/>\n<meta property=\"article:author\" content=\"https:\/\/www.facebook.com\/SonoraEE\" \/>\n<meta property=\"article:published_time\" content=\"2023-11-21T19:35:17+00:00\" \/>\n<meta property=\"og:image\" content=\"https:\/\/www.sonoraenequipo.com.mx\/storage\/2023\/11\/siembra.jpg\" \/>\n\t<meta property=\"og:image:width\" content=\"600\" \/>\n\t<meta property=\"og:image:height\" content=\"398\" \/>\n\t<meta property=\"og:image:type\" content=\"image\/jpeg\" \/>\n<meta name=\"author\" content=\"enequipo\" \/>\n<meta name=\"twitter:card\" content=\"summary_large_image\" \/>\n<meta name=\"twitter:creator\" content=\"@sonoraenequipo\" \/>\n<meta name=\"twitter:site\" content=\"@sonoraenequipo\" \/>\n<meta name=\"twitter:label1\" content=\"Escrito por\" \/>\n\t<meta name=\"twitter:data1\" content=\"enequipo\" \/>\n\t<meta name=\"twitter:label2\" content=\"Tiempo de lectura\" \/>\n\t<meta name=\"twitter:data2\" content=\"1 minuto\" \/>\n<script type=\"application\/ld+json\" class=\"yoast-schema-graph\">{\"@context\":\"https:\/\/schema.org\",\"@graph\":[{\"@type\":\"Article\",\"@id\":\"https:\/\/www.sonoraenequipo.com.mx\/en-2022-se-obtuvieron-34-6-millones-de-toneladas-de-los-principales-granos\/#article\",\"isPartOf\":{\"@id\":\"https:\/\/www.sonoraenequipo.com.mx\/en-2022-se-obtuvieron-34-6-millones-de-toneladas-de-los-principales-granos\/\"},\"author\":{\"name\":\"enequipo\",\"@id\":\"https:\/\/www.sonoraenequipo.com.mx\/#\/schema\/person\/50102df0fb23a8fa9e8effad8fa81386\"},\"headline\":\"En 2022 se obtuvieron 34.6 millones de toneladas de los principales granos\",\"datePublished\":\"2023-11-21T19:35:17+00:00\",\"mainEntityOfPage\":{\"@id\":\"https:\/\/www.sonoraenequipo.com.mx\/en-2022-se-obtuvieron-34-6-millones-de-toneladas-de-los-principales-granos\/\"},\"wordCount\":243,\"commentCount\":0,\"publisher\":{\"@id\":\"https:\/\/www.sonoraenequipo.com.mx\/#organization\"},\"image\":{\"@id\":\"https:\/\/www.sonoraenequipo.com.mx\/en-2022-se-obtuvieron-34-6-millones-de-toneladas-de-los-principales-granos\/#primaryimage\"},\"thumbnailUrl\":\"https:\/\/www.sonoraenequipo.com.mx\/storage\/2023\/11\/siembra.jpg\",\"keywords\":[\"cosechas\",\"GRANOS\"],\"articleSection\":[\"PALABRAS Y N\u00daMEROS\"],\"inLanguage\":\"es\",\"potentialAction\":[{\"@type\":\"CommentAction\",\"name\":\"Comment\",\"target\":[\"https:\/\/www.sonoraenequipo.com.mx\/en-2022-se-obtuvieron-34-6-millones-de-toneladas-de-los-principales-granos\/#respond\"]}]},{\"@type\":\"WebPage\",\"@id\":\"https:\/\/www.sonoraenequipo.com.mx\/en-2022-se-obtuvieron-34-6-millones-de-toneladas-de-los-principales-granos\/\",\"url\":\"https:\/\/www.sonoraenequipo.com.mx\/en-2022-se-obtuvieron-34-6-millones-de-toneladas-de-los-principales-granos\/\",\"name\":\"Sonora en Equipo. En 2022 se obtuvieron 34.6 millones de toneladas de los principales granos PALABRAS Y N\u00daMEROS\",\"isPartOf\":{\"@id\":\"https:\/\/www.sonoraenequipo.com.mx\/#website\"},\"primaryImageOfPage\":{\"@id\":\"https:\/\/www.sonoraenequipo.com.mx\/en-2022-se-obtuvieron-34-6-millones-de-toneladas-de-los-principales-granos\/#primaryimage\"},\"image\":{\"@id\":\"https:\/\/www.sonoraenequipo.com.mx\/en-2022-se-obtuvieron-34-6-millones-de-toneladas-de-los-principales-granos\/#primaryimage\"},\"thumbnailUrl\":\"https:\/\/www.sonoraenequipo.com.mx\/storage\/2023\/11\/siembra.jpg\",\"datePublished\":\"2023-11-21T19:35:17+00:00\",\"description\":\"&nbsp; CIUDAD DE M\u00c9XICO ,MX.\u02d7\u02d7\u02d7 En M\u00e9xico, la superficie con uso o vocaci\u00f3n agropecuaria y la superficie de aprovechamiento forestal sumaron 103.6 En Sonora en Equipo publicamos toda la informaci\u00f3n de Sonora, M\u00e9xico y el Mundo de manera oportuna y busca que la libertad de expresi\u00f3n sea real. Visita nuestro medio informativo publicado desde Hermosillo, Sonora. %\",\"breadcrumb\":{\"@id\":\"https:\/\/www.sonoraenequipo.com.mx\/en-2022-se-obtuvieron-34-6-millones-de-toneladas-de-los-principales-granos\/#breadcrumb\"},\"inLanguage\":\"es\",\"potentialAction\":[{\"@type\":\"ReadAction\",\"target\":[\"https:\/\/www.sonoraenequipo.com.mx\/en-2022-se-obtuvieron-34-6-millones-de-toneladas-de-los-principales-granos\/\"]}]},{\"@type\":\"ImageObject\",\"inLanguage\":\"es\",\"@id\":\"https:\/\/www.sonoraenequipo.com.mx\/en-2022-se-obtuvieron-34-6-millones-de-toneladas-de-los-principales-granos\/#primaryimage\",\"url\":\"https:\/\/www.sonoraenequipo.com.mx\/storage\/2023\/11\/siembra.jpg\",\"contentUrl\":\"https:\/\/www.sonoraenequipo.com.mx\/storage\/2023\/11\/siembra.jpg\",\"width\":600,\"height\":398},{\"@type\":\"BreadcrumbList\",\"@id\":\"https:\/\/www.sonoraenequipo.com.mx\/en-2022-se-obtuvieron-34-6-millones-de-toneladas-de-los-principales-granos\/#breadcrumb\",\"itemListElement\":[{\"@type\":\"ListItem\",\"position\":1,\"name\":\"Portada\",\"item\":\"https:\/\/www.sonoraenequipo.com.mx\/\"},{\"@type\":\"ListItem\",\"position\":2,\"name\":\"En 2022 se obtuvieron 34.6 millones de toneladas de los principales granos\"}]},{\"@type\":\"WebSite\",\"@id\":\"https:\/\/www.sonoraenequipo.com.mx\/#website\",\"url\":\"https:\/\/www.sonoraenequipo.com.mx\/\",\"name\":\"Sonora en Equipo.\",\"description\":\"Diario en l\u00ednea con Noticias desde Hermosillo, Sonora\",\"publisher\":{\"@id\":\"https:\/\/www.sonoraenequipo.com.mx\/#organization\"},\"potentialAction\":[{\"@type\":\"SearchAction\",\"target\":{\"@type\":\"EntryPoint\",\"urlTemplate\":\"https:\/\/www.sonoraenequipo.com.mx\/?s={search_term_string}\"},\"query-input\":{\"@type\":\"PropertyValueSpecification\",\"valueRequired\":true,\"valueName\":\"search_term_string\"}}],\"inLanguage\":\"es\"},{\"@type\":\"Organization\",\"@id\":\"https:\/\/www.sonoraenequipo.com.mx\/#organization\",\"name\":\"Sonoraenequipo.com.mx\",\"url\":\"https:\/\/www.sonoraenequipo.com.mx\/\",\"logo\":{\"@type\":\"ImageObject\",\"inLanguage\":\"es\",\"@id\":\"https:\/\/www.sonoraenequipo.com.mx\/#\/schema\/logo\/image\/\",\"url\":\"https:\/\/www.sonoraenequipo.com.mx\/storage\/2019\/01\/sonoraenequipo_opt.png\",\"contentUrl\":\"https:\/\/www.sonoraenequipo.com.mx\/storage\/2019\/01\/sonoraenequipo_opt.png\",\"width\":375,\"height\":125,\"caption\":\"Sonoraenequipo.com.mx\"},\"image\":{\"@id\":\"https:\/\/www.sonoraenequipo.com.mx\/#\/schema\/logo\/image\/\"},\"sameAs\":[\"https:\/\/www.facebook.com\/SonoraEE\/\",\"https:\/\/x.com\/sonoraenequipo\",\"https:\/\/www.youtube.com\/channel\/UC338nW-lPEYmJQs4ZABQ1SQ\"]},{\"@type\":\"Person\",\"@id\":\"https:\/\/www.sonoraenequipo.com.mx\/#\/schema\/person\/50102df0fb23a8fa9e8effad8fa81386\",\"name\":\"enequipo\",\"image\":{\"@type\":\"ImageObject\",\"inLanguage\":\"es\",\"@id\":\"https:\/\/www.sonoraenequipo.com.mx\/#\/schema\/person\/image\/\",\"url\":\"https:\/\/secure.gravatar.com\/avatar\/049821681b589dabc0bc20695993ccebb09f5b5d4d790cd9251b97faac7c652b?s=96&d=blank&r=g\",\"contentUrl\":\"https:\/\/secure.gravatar.com\/avatar\/049821681b589dabc0bc20695993ccebb09f5b5d4d790cd9251b97faac7c652b?s=96&d=blank&r=g\",\"caption\":\"enequipo\"},\"sameAs\":[\"https:\/\/www.facebook.com\/SonoraEE\"]}]}<\/script>\n ","yoast_head_json":{"title":"Sonora en Equipo. En 2022 se obtuvieron 34.6 millones de toneladas de los principales granos PALABRAS Y N\u00daMEROS","description":"&nbsp; CIUDAD DE M\u00c9XICO ,MX.\u02d7\u02d7\u02d7 En M\u00e9xico, la superficie con uso o vocaci\u00f3n agropecuaria y la superficie de aprovechamiento forestal sumaron 103.6 En Sonora en Equipo publicamos toda la informaci\u00f3n de Sonora, M\u00e9xico y el Mundo de manera oportuna y busca que la libertad de expresi\u00f3n sea real. Visita nuestro medio informativo publicado desde Hermosillo, Sonora. %","robots":{"index":"index","follow":"follow","max-snippet":"max-snippet:-1","max-image-preview":"max-image-preview:large","max-video-preview":"max-video-preview:-1"},"canonical":"https:\/\/www.sonoraenequipo.com.mx\/en-2022-se-obtuvieron-34-6-millones-de-toneladas-de-los-principales-granos\/","og_locale":"es_ES","og_type":"article","og_title":"Sonora en Equipo. En 2022 se obtuvieron 34.6 millones de toneladas de los principales granos PALABRAS Y N\u00daMEROS","og_description":"&nbsp; CIUDAD DE M\u00c9XICO ,MX.\u02d7\u02d7\u02d7 En M\u00e9xico, la superficie con uso o vocaci\u00f3n agropecuaria y la superficie de aprovechamiento forestal sumaron 103.6 En Sonora en Equipo publicamos toda la informaci\u00f3n de Sonora, M\u00e9xico y el Mundo de manera oportuna y busca que la libertad de expresi\u00f3n sea real. Visita nuestro medio informativo publicado desde Hermosillo, Sonora. %","og_url":"https:\/\/www.sonoraenequipo.com.mx\/en-2022-se-obtuvieron-34-6-millones-de-toneladas-de-los-principales-granos\/","og_site_name":"Sonora en Equipo.","article_publisher":"https:\/\/www.facebook.com\/SonoraEE\/","article_author":"https:\/\/www.facebook.com\/SonoraEE","article_published_time":"2023-11-21T19:35:17+00:00","og_image":[{"width":600,"height":398,"url":"https:\/\/www.sonoraenequipo.com.mx\/storage\/2023\/11\/siembra.jpg","type":"image\/jpeg"}],"author":"enequipo","twitter_card":"summary_large_image","twitter_creator":"@sonoraenequipo","twitter_site":"@sonoraenequipo","twitter_misc":{"Escrito por":"enequipo","Tiempo de lectura":"1 minuto"},"schema":{"@context":"https:\/\/schema.org","@graph":[{"@type":"Article","@id":"https:\/\/www.sonoraenequipo.com.mx\/en-2022-se-obtuvieron-34-6-millones-de-toneladas-de-los-principales-granos\/#article","isPartOf":{"@id":"https:\/\/www.sonoraenequipo.com.mx\/en-2022-se-obtuvieron-34-6-millones-de-toneladas-de-los-principales-granos\/"},"author":{"name":"enequipo","@id":"https:\/\/www.sonoraenequipo.com.mx\/#\/schema\/person\/50102df0fb23a8fa9e8effad8fa81386"},"headline":"En 2022 se obtuvieron 34.6 millones de toneladas de los principales granos","datePublished":"2023-11-21T19:35:17+00:00","mainEntityOfPage":{"@id":"https:\/\/www.sonoraenequipo.com.mx\/en-2022-se-obtuvieron-34-6-millones-de-toneladas-de-los-principales-granos\/"},"wordCount":243,"commentCount":0,"publisher":{"@id":"https:\/\/www.sonoraenequipo.com.mx\/#organization"},"image":{"@id":"https:\/\/www.sonoraenequipo.com.mx\/en-2022-se-obtuvieron-34-6-millones-de-toneladas-de-los-principales-granos\/#primaryimage"},"thumbnailUrl":"https:\/\/www.sonoraenequipo.com.mx\/storage\/2023\/11\/siembra.jpg","keywords":["cosechas","GRANOS"],"articleSection":["PALABRAS Y N\u00daMEROS"],"inLanguage":"es","potentialAction":[{"@type":"CommentAction","name":"Comment","target":["https:\/\/www.sonoraenequipo.com.mx\/en-2022-se-obtuvieron-34-6-millones-de-toneladas-de-los-principales-granos\/#respond"]}]},{"@type":"WebPage","@id":"https:\/\/www.sonoraenequipo.com.mx\/en-2022-se-obtuvieron-34-6-millones-de-toneladas-de-los-principales-granos\/","url":"https:\/\/www.sonoraenequipo.com.mx\/en-2022-se-obtuvieron-34-6-millones-de-toneladas-de-los-principales-granos\/","name":"Sonora en Equipo. En 2022 se obtuvieron 34.6 millones de toneladas de los principales granos PALABRAS Y N\u00daMEROS","isPartOf":{"@id":"https:\/\/www.sonoraenequipo.com.mx\/#website"},"primaryImageOfPage":{"@id":"https:\/\/www.sonoraenequipo.com.mx\/en-2022-se-obtuvieron-34-6-millones-de-toneladas-de-los-principales-granos\/#primaryimage"},"image":{"@id":"https:\/\/www.sonoraenequipo.com.mx\/en-2022-se-obtuvieron-34-6-millones-de-toneladas-de-los-principales-granos\/#primaryimage"},"thumbnailUrl":"https:\/\/www.sonoraenequipo.com.mx\/storage\/2023\/11\/siembra.jpg","datePublished":"2023-11-21T19:35:17+00:00","description":"&nbsp; CIUDAD DE M\u00c9XICO ,MX.\u02d7\u02d7\u02d7 En M\u00e9xico, la superficie con uso o vocaci\u00f3n agropecuaria y la superficie de aprovechamiento forestal sumaron 103.6 En Sonora en Equipo publicamos toda la informaci\u00f3n de Sonora, M\u00e9xico y el Mundo de manera oportuna y busca que la libertad de expresi\u00f3n sea real. Visita nuestro medio informativo publicado desde Hermosillo, Sonora. %","breadcrumb":{"@id":"https:\/\/www.sonoraenequipo.com.mx\/en-2022-se-obtuvieron-34-6-millones-de-toneladas-de-los-principales-granos\/#breadcrumb"},"inLanguage":"es","potentialAction":[{"@type":"ReadAction","target":["https:\/\/www.sonoraenequipo.com.mx\/en-2022-se-obtuvieron-34-6-millones-de-toneladas-de-los-principales-granos\/"]}]},{"@type":"ImageObject","inLanguage":"es","@id":"https:\/\/www.sonoraenequipo.com.mx\/en-2022-se-obtuvieron-34-6-millones-de-toneladas-de-los-principales-granos\/#primaryimage","url":"https:\/\/www.sonoraenequipo.com.mx\/storage\/2023\/11\/siembra.jpg","contentUrl":"https:\/\/www.sonoraenequipo.com.mx\/storage\/2023\/11\/siembra.jpg","width":600,"height":398},{"@type":"BreadcrumbList","@id":"https:\/\/www.sonoraenequipo.com.mx\/en-2022-se-obtuvieron-34-6-millones-de-toneladas-de-los-principales-granos\/#breadcrumb","itemListElement":[{"@type":"ListItem","position":1,"name":"Portada","item":"https:\/\/www.sonoraenequipo.com.mx\/"},{"@type":"ListItem","position":2,"name":"En 2022 se obtuvieron 34.6 millones de toneladas de los principales granos"}]},{"@type":"WebSite","@id":"https:\/\/www.sonoraenequipo.com.mx\/#website","url":"https:\/\/www.sonoraenequipo.com.mx\/","name":"Sonora en Equipo.","description":"Diario en l\u00ednea con Noticias desde Hermosillo, Sonora","publisher":{"@id":"https:\/\/www.sonoraenequipo.com.mx\/#organization"},"potentialAction":[{"@type":"SearchAction","target":{"@type":"EntryPoint","urlTemplate":"https:\/\/www.sonoraenequipo.com.mx\/?s={search_term_string}"},"query-input":{"@type":"PropertyValueSpecification","valueRequired":true,"valueName":"search_term_string"}}],"inLanguage":"es"},{"@type":"Organization","@id":"https:\/\/www.sonoraenequipo.com.mx\/#organization","name":"Sonoraenequipo.com.mx","url":"https:\/\/www.sonoraenequipo.com.mx\/","logo":{"@type":"ImageObject","inLanguage":"es","@id":"https:\/\/www.sonoraenequipo.com.mx\/#\/schema\/logo\/image\/","url":"https:\/\/www.sonoraenequipo.com.mx\/storage\/2019\/01\/sonoraenequipo_opt.png","contentUrl":"https:\/\/www.sonoraenequipo.com.mx\/storage\/2019\/01\/sonoraenequipo_opt.png","width":375,"height":125,"caption":"Sonoraenequipo.com.mx"},"image":{"@id":"https:\/\/www.sonoraenequipo.com.mx\/#\/schema\/logo\/image\/"},"sameAs":["https:\/\/www.facebook.com\/SonoraEE\/","https:\/\/x.com\/sonoraenequipo","https:\/\/www.youtube.com\/channel\/UC338nW-lPEYmJQs4ZABQ1SQ"]},{"@type":"Person","@id":"https:\/\/www.sonoraenequipo.com.mx\/#\/schema\/person\/50102df0fb23a8fa9e8effad8fa81386","name":"enequipo","image":{"@type":"ImageObject","inLanguage":"es","@id":"https:\/\/www.sonoraenequipo.com.mx\/#\/schema\/person\/image\/","url":"https:\/\/secure.gravatar.com\/avatar\/049821681b589dabc0bc20695993ccebb09f5b5d4d790cd9251b97faac7c652b?s=96&d=blank&r=g","contentUrl":"https:\/\/secure.gravatar.com\/avatar\/049821681b589dabc0bc20695993ccebb09f5b5d4d790cd9251b97faac7c652b?s=96&d=blank&r=g","caption":"enequipo"},"sameAs":["https:\/\/www.facebook.com\/SonoraEE"]}]}},"jetpack_featured_media_url":"https:\/\/www.sonoraenequipo.com.mx\/storage\/2023\/11\/siembra.jpg","_links":{"self":[{"href":"https:\/\/www.sonoraenequipo.com.mx\/api\/wp\/v2\/posts\/179551","targetHints":{"allow":["GET"]}}],"collection":[{"href":"https:\/\/www.sonoraenequipo.com.mx\/api\/wp\/v2\/posts"}],"about":[{"href":"https:\/\/www.sonoraenequipo.com.mx\/api\/wp\/v2\/types\/post"}],"author":[{"embeddable":true,"href":"https:\/\/www.sonoraenequipo.com.mx\/api\/wp\/v2\/users\/1"}],"replies":[{"embeddable":true,"href":"https:\/\/www.sonoraenequipo.com.mx\/api\/wp\/v2\/comments?post=179551"}],"version-history":[{"count":1,"href":"https:\/\/www.sonoraenequipo.com.mx\/api\/wp\/v2\/posts\/179551\/revisions"}],"predecessor-version":[{"id":179554,"href":"https:\/\/www.sonoraenequipo.com.mx\/api\/wp\/v2\/posts\/179551\/revisions\/179554"}],"wp:featuredmedia":[{"embeddable":true,"href":"https:\/\/www.sonoraenequipo.com.mx\/api\/wp\/v2\/media\/179552"}],"wp:attachment":[{"href":"https:\/\/www.sonoraenequipo.com.mx\/api\/wp\/v2\/media?parent=179551"}],"wp:term":[{"taxonomy":"category","embeddable":true,"href":"https:\/\/www.sonoraenequipo.com.mx\/api\/wp\/v2\/categories?post=179551"},{"taxonomy":"post_tag","embeddable":true,"href":"https:\/\/www.sonoraenequipo.com.mx\/api\/wp\/v2\/tags?post=179551"}],"curies":[{"name":"wp","href":"https:\/\/api.w.org\/{rel}","templated":true}]}}