{"id":179629,"date":"2023-11-22T12:45:42","date_gmt":"2023-11-22T19:45:42","guid":{"rendered":"https:\/\/www.sonoraenequipo.com.mx\/?p=179629"},"modified":"2023-11-22T12:45:42","modified_gmt":"2023-11-22T19:45:42","slug":"se-incrementa-brecha-digital-entre-empresas-mexicanas","status":"publish","type":"post","link":"https:\/\/www.sonoraenequipo.com.mx\/se-incrementa-brecha-digital-entre-empresas-mexicanas\/","title":{"rendered":"Se incrementa brecha digital entre empresas mexicanas"},"content":{"rendered":"<p>&nbsp;<\/p>\n<ul>\n<li>El \u00e1rea de ventas es la que m\u00e1s ha evolucionado digitalmente destacando el canal de eCommerce.<\/li>\n<\/ul>\n<p>&nbsp;<\/p>\n<ul>\n<li>El an\u00e1lisis de datos contin\u00faa siendo prioridad en el modelo de negocio de las empresas.<\/li>\n<\/ul>\n<p><strong>CIUDAD DE M\u00c9XICO.<\/strong><strong>\u02d7\u02d7\u02d7<\/strong> .- \u201cLas grandes organizaciones comprenden que la evoluci\u00f3n digital es, en esencia, sin\u00f3nimo de desarrollo de sus colaboradores, donde radica el factor clave para el triunfo de las empresas. Por eso es importante que las personas contribuyan a difundir sus ideas y experiencias a las que est\u00e1n dando sus primeros pasos en su proceso evolutivo digital\u201d, destacan los CEOs y directivos participantes en el Tercer Informe de Madurez Digital (IMD) 2023 elaborado por, AMCHAM EY M\u00e9xico, KIO y Needed Education.<\/p>\n<p>&nbsp;<\/p>\n<p>&nbsp;<\/p>\n<p>&nbsp;<\/p>\n<p>Para ello, se entrevistaron a 22 CEOs de grandes empresas de diversos sectores ubicadas en M\u00e9xico y a m\u00e1s de 10,000 personas en cargos directivos, todo con el objetivo de indagar en las mejores pr\u00e1cticas y aprendizajes de compa\u00f1\u00edas en su proceso de transformaci\u00f3n digital. Asimismo, se presentan las \u00e1reas de oportunidad, prioridades y retos para las organizaciones en los pr\u00f3ximos 12 meses para as\u00ed analizar su velocidad de evoluci\u00f3n y conocer qu\u00e9 est\u00e1n haciendo al respecto.<\/p>\n<p>&nbsp;<\/p>\n<p>&nbsp;<\/p>\n<p>&nbsp;<\/p>\n<p>Una de las principales conclusiones presentadas en el IMD indica que en este \u00faltimo a\u00f1o se incrementaron las brechas que separan a las empresas, clasific\u00e1ndolas en distintos grupos que se encuentran en diferentes etapas de evoluci\u00f3n digital:<\/p>\n<p>&nbsp;<\/p>\n<p>&nbsp;<\/p>\n<p>&nbsp;<\/p>\n<ul>\n<li>Las que han logrado que los procesos digitales est\u00e9n presentes en todas las \u00e1reas y funciones. Estas son las que operan en industrias evolucionadas digitalmente, factor que las empuja a seguir desarroll\u00e1ndose como el \u00fanico camino para seguir compitiendo.<\/li>\n<\/ul>\n<p>&nbsp;<\/p>\n<ul>\n<li>Las que tuvieron una fuerte evoluci\u00f3n digital en las \u00e1reas comerciales pero el avance es desigual entre las otras \u00e1reas.<\/li>\n<\/ul>\n<p>&nbsp;<\/p>\n<ul>\n<li>Las que experimentaron un gran crecimiento durante la pandemia, pero ahora manifiestan dificultades para seguir dando pasos en el camino de la evoluci\u00f3n digital.<\/li>\n<\/ul>\n<p>&nbsp;<\/p>\n<ul>\n<li>Las que est\u00e1n en sus primeras etapas de transformaci\u00f3n, que empezaron hace tres a\u00f1os y concentran sus esfuerzos en desarrollar las \u00e1reas de comercializaci\u00f3n y atenci\u00f3n al cliente.<\/li>\n<\/ul>\n<p>&nbsp;<\/p>\n<p>&nbsp;<\/p>\n<p>&nbsp;<\/p>\n<p>Entre los principales hallazgos del IMD presentados por los CEOs y directivos entrevistados resaltan:<\/p>\n<p>&nbsp;<\/p>\n<p>&nbsp;<\/p>\n<p>&nbsp;<\/p>\n<p>Desarrollar el mindset digital en las organizaciones sigue siendo crucial ya que hay un avance desigual entre \u00e1reas.<\/p>\n<p>&nbsp;<\/p>\n<ul>\n<li>Cuanto m\u00e1s conocimiento digital se adquiere, mayor es la percepci\u00f3n del largo camino digital por delante debido a que el avance tecnol\u00f3gico es cada vez m\u00e1s r\u00e1pido y por el otro, porque aumenta la presi\u00f3n competitiva, a decir de los CEOs, la actualizaci\u00f3n permanente se volvi\u00f3 imprescindible.<\/li>\n<\/ul>\n<p>&nbsp;<\/p>\n<ul>\n<li>El \u00e1rea de ventas es la m\u00e1s evolucionada digitalmente destacando la ampliaci\u00f3n del canal de eCommerce.<\/li>\n<\/ul>\n<p>&nbsp;<\/p>\n<ul>\n<li>Gran crecimiento y perspectivas del eCommerce debido al aumento en la penetraci\u00f3n de internet, nuevos m\u00e9todos de pago electr\u00f3nico, la practicidad de comprar 24\/7 y la inversi\u00f3n en su modelo de negocio de grandes retailers.<\/li>\n<\/ul>\n<p>&nbsp;<\/p>\n<p>&nbsp;<\/p>\n<p>&nbsp;<\/p>\n<p>Espec\u00edficamente en el \u00e1rea de marketing, una de las consideradas con una mayor madurez digital, se resaltan como los principales avances en los \u00faltimos 12 meses:<\/p>\n<p>&nbsp;<\/p>\n<ul>\n<li>Una mejor segmentaci\u00f3n de las audiencias gracias al an\u00e1lisis de datos.<\/li>\n<\/ul>\n<p>&nbsp;<\/p>\n<ul>\n<li>Los responsables del \u00e1rea entienden cada vez m\u00e1s que la tecnolog\u00eda en s\u00ed no garantiza el \u00e9xito y que es importante contar con grupos multidisciplinarios para combinar la tecnolog\u00eda con los datos y experiencias para el usuario.<\/li>\n<\/ul>\n<p>&nbsp;<\/p>\n<ul>\n<li>Se aceler\u00f3 el cambio en la inversi\u00f3n de medios tradicionales a digitales.<\/li>\n<\/ul>\n<p>&nbsp;<\/p>\n<ul>\n<li>Se detecta una tendencia hacia la activaci\u00f3n en la parte inferior del proceso que identifica las fases que llevan a un consumidor al proceso final de la venta.<\/li>\n<\/ul>\n<p>&nbsp;<\/p>\n<ul>\n<li>Hay un crecimiento del retail media -digital en puntos de ventas f\u00edsicos.<\/li>\n<\/ul>\n<p>&nbsp;<\/p>\n<p>&nbsp;<\/p>\n<p>&nbsp;<\/p>\n<p>Respecto a la Inteligencia Artificial (IA), los directivos entrevistados coinciden en que el uso de esta en las empresas var\u00eda seg\u00fan su grado de evoluci\u00f3n digital. Se encuentran las que iniciaron su transformaci\u00f3n digital en los \u00faltimos 3 a\u00f1os; la mayor\u00eda est\u00e1n en la etapa de an\u00e1lisis e investigaci\u00f3n con vistas a una futura implementaci\u00f3n de algoritmos en IA. Por otro lado, en las organizaciones m\u00e1s evolucionadas digitalmente, las funciones que m\u00e1s utilizan son: an\u00e1lisis predictivos para la gesti\u00f3n de inventario y en marketing, mantenimiento predictivo de l\u00edneas de producci\u00f3n, an\u00e1lisis de conversaciones y sentimiento, entre otras.<\/p>\n<p>&nbsp;<\/p>\n<p>Hacia d\u00f3nde se dirigen la mayor\u00eda de los esfuerzos e inversiones en los pr\u00f3ximos 12 meses, el IMD destaca que:<\/p>\n<p>&nbsp;<\/p>\n<p>&nbsp;<\/p>\n<p>&nbsp;<\/p>\n<ul>\n<li>El an\u00e1lisis de datos ocupa el primer lugar como prioridad.<\/li>\n<\/ul>\n<p>&nbsp;<\/p>\n<ul>\n<li>Se incrementa la importancia de implementar estrategias de retenci\u00f3n de talento.<\/li>\n<\/ul>\n<p>&nbsp;<\/p>\n<ul>\n<li>A mayor cantidad de datos que se usan y su necesidad de protegerlos, cobra mayor relevancia la ciberseguridad.<\/li>\n<\/ul>\n<p>&nbsp;<\/p>\n<ul>\n<li>La omnicanalidad es prioridad para lograr una mejor experiencia del cliente durante el proceso de venta.<\/li>\n<\/ul>\n<p>&nbsp;<\/p>\n<ul>\n<li>Los CEOs deber\u00e1n entender m\u00e1s el impacto de las nuevas tecnolog\u00edas en su industria y respectivas empresas.<\/li>\n<\/ul>\n<p>&nbsp;<\/p>\n<ul>\n<li>Hay que incentivar la medici\u00f3n del retorno de inversi\u00f3n en la automatizaci\u00f3n de procesos ya que esta todav\u00eda no es cuantificable en la mayor\u00eda de las organizaciones.<\/li>\n<\/ul>\n<p>&nbsp;<\/p>\n<ul>\n<li>Hay que incorporar herramientas digitales en los puntos de venta para mejorar la experiencia del consumidor.<\/li>\n<\/ul>\n<p>&nbsp;<\/p>\n<ul>\n<li>Hay que eliminar la dificultad de interactuar con distribuidores, proveedores y clientes que se encuentran en distintas etapas de evoluci\u00f3n digital.<\/li>\n<\/ul>\n<p>&nbsp;<\/p>\n<ul>\n<li>El nearshoring ofrece oportunidades de nuevos negocios, pero al mismo tiempo aumenta la demanda de gente con habilidades digitales.<\/li>\n<\/ul>\n<p>&nbsp;<\/p>\n<p>&nbsp;<\/p>\n<p>&nbsp;<\/p>\n<p>\u00abEl IMD nos sirve de br\u00fajula para entender d\u00f3nde est\u00e1n paradas las empresas en M\u00e9xico en temas digitales, y qu\u00e9 acciones debemos de tomar para incentivar una profunda transformaci\u00f3n digital en M\u00e9xico. Como director de AmCham, y viviendo lo que llamamos la Era de Norteam\u00e9rica, comparto tres reflexiones: (i) La transformaci\u00f3n digital es un reto positivo ya que nos empuja a repensar nuestros procesos, (ii) El talento, la cultura de cambio y de innovaci\u00f3n, son el pilar de la evoluci\u00f3n digital y (iii) Las herramientas digitales deben ser, s\u00ed o s\u00ed, un mecanismo de inclusi\u00f3n y oportunidad para todos, particularmente las MiPyMes.\u201d, comparti\u00f3 Pedro Casas, Director de AmCham M\u00e9xico.<\/p>\n<p>&nbsp;<\/p>\n<p>&nbsp;<\/p>\n<p>&nbsp;<\/p>\n<p>\u201cEste IMD se ha vuelto un referente para las compa\u00f1\u00edas que buscan consolidar su transformaci\u00f3n digital, y es un placer para EY colaborar en su tercera edici\u00f3n. Manteniendo en mente nuestro prop\u00f3sito de construir un mejor mundo de negocios, es esencial para EY contribuir al mejoramiento de las pr\u00e1cticas empresariales que les permitan adaptarse y seguir innovando\u201d, coment\u00f3 Juan Solana, Socio de Consultor\u00eda en Transformaci\u00f3n de los Negocios para EY Latinoam\u00e9rica. \u201cSin duda, este informe re\u00fane perspectivas que permitir\u00e1n a las empresas afinar su enfoque de transformaci\u00f3n, como es el caso del desarrollo del talento, gesti\u00f3n del cambio, impulso a la creaci\u00f3n de un ecosistema digital, y planeaci\u00f3n a mediano y largo plazo para incluir transversalmente a todas las \u00e1reas de la organizaci\u00f3n.\u201d<\/p>\n<p>&nbsp;<\/p>\n<p>&nbsp;<\/p>\n<p>&nbsp;<\/p>\n<p>\u201cLos hallazgos dentro de esta edici\u00f3n del IMD son contundentes. Las organizaciones de todos los giros y tama\u00f1os tienen por delante el reto de retener y capacitar a su talento y al mismo tiempo, adoptar nuevas soluciones digitales que les permitan seguir impulsando sus estrategias de negocio. Como l\u00edderes, debemos comprender y aprovechar el impacto de las nuevas tecnolog\u00edas en nuestra industria. En KIO estamos comprometidos a acompa\u00f1ar a las empresas en su aceleraci\u00f3n digital y en la adopci\u00f3n de tecnolog\u00eda e infraestructura que mejoren la calidad de sus servicios y productos. El nombre del juego es \u201csimplificar\u201d: simplificar la interacci\u00f3n en un mundo digital diverso y tambi\u00e9n capitalizar oportunidades como la del nearshoring\u201d, declar\u00f3 Jorge Sapi\u00e9n, CEO de KIO.<\/p>\n<p>&nbsp;<\/p>\n<p>&nbsp;<\/p>\n<p>&nbsp;<\/p>\n<p>Por su parte, Gustavo Barcia, Director General de Needed Education, resalta que el IMD 2023 muestra que hay un avance importante en la sensibilizaci\u00f3n de las organizaciones y personas para que dejen de considerar a las nuevas tecnolog\u00edas como amenazas y m\u00e1s como herramientas de ayuda. Las empresas deben de enfocarse en el upskilling y reskilling de sus colaboradores para favorecerlos individualmente y, por ende, a la organizaci\u00f3n en general\u201d.<\/p>\n<p>&nbsp;<\/p>\n<p><strong>Fecha de publicaci\u00f3n mi\u00e9rcoles<\/strong><strong> 22 \u00a0de noviembre de 2023<\/strong><\/p>\n","protected":false},"excerpt":{"rendered":"<p>&nbsp; El \u00e1rea de ventas es la que m\u00e1s ha evolucionado digitalmente destacando el canal&#8230;<\/p>\n","protected":false},"author":1,"featured_media":179630,"comment_status":"open","ping_status":"open","sticky":false,"template":"","format":"standard","meta":{"_monsterinsights_skip_tracking":false,"_monsterinsights_sitenote_active":false,"_monsterinsights_sitenote_note":"","_monsterinsights_sitenote_category":0,"footnotes":""},"categories":[2216],"tags":[9156],"class_list":["post"],"yoast_head":" \n<title>Sonora en Equipo. Se incrementa brecha digital entre empresas mexicanas Ciencia y Tecnolog\u00eda<\/title>\n<meta name=\"description\" content=\"&nbsp; El \u00e1rea de ventas es la que m\u00e1s ha evolucionado digitalmente destacando el canal de eCommerce. &nbsp; El an\u00e1lisis de datos contin\u00faa siendo En Sonora en Equipo publicamos toda la informaci\u00f3n de Sonora, M\u00e9xico y el Mundo de manera oportuna y busca que la libertad de expresi\u00f3n sea real. Visita nuestro medio informativo publicado desde Hermosillo, Sonora. %\" \/>\n<meta name=\"robots\" content=\"index, follow, max-snippet:-1, max-image-preview:large, max-video-preview:-1\" \/>\n<link rel=\"canonical\" href=\"https:\/\/www.sonoraenequipo.com.mx\/se-incrementa-brecha-digital-entre-empresas-mexicanas\/\" \/>\n<meta property=\"og:locale\" content=\"es_ES\" \/>\n<meta property=\"og:type\" content=\"article\" \/>\n<meta property=\"og:title\" content=\"Sonora en Equipo. Se incrementa brecha digital entre empresas mexicanas Ciencia y Tecnolog\u00eda\" \/>\n<meta property=\"og:description\" content=\"&nbsp; El \u00e1rea de ventas es la que m\u00e1s ha evolucionado digitalmente destacando el canal de eCommerce. &nbsp; El an\u00e1lisis de datos contin\u00faa siendo En Sonora en Equipo publicamos toda la informaci\u00f3n de Sonora, M\u00e9xico y el Mundo de manera oportuna y busca que la libertad de expresi\u00f3n sea real. Visita nuestro medio informativo publicado desde Hermosillo, Sonora. %\" \/>\n<meta property=\"og:url\" content=\"https:\/\/www.sonoraenequipo.com.mx\/se-incrementa-brecha-digital-entre-empresas-mexicanas\/\" \/>\n<meta property=\"og:site_name\" content=\"Sonora en Equipo.\" \/>\n<meta property=\"article:publisher\" content=\"https:\/\/www.facebook.com\/SonoraEE\/\" \/>\n<meta property=\"article:author\" content=\"https:\/\/www.facebook.com\/SonoraEE\" \/>\n<meta property=\"article:published_time\" content=\"2023-11-22T19:45:42+00:00\" \/>\n<meta property=\"og:image\" content=\"https:\/\/www.sonoraenequipo.com.mx\/storage\/2023\/11\/BRECHA.jpg\" \/>\n\t<meta property=\"og:image:width\" content=\"600\" \/>\n\t<meta property=\"og:image:height\" content=\"450\" \/>\n\t<meta property=\"og:image:type\" content=\"image\/jpeg\" \/>\n<meta name=\"author\" content=\"enequipo\" \/>\n<meta name=\"twitter:card\" content=\"summary_large_image\" \/>\n<meta name=\"twitter:creator\" content=\"@sonoraenequipo\" \/>\n<meta name=\"twitter:site\" content=\"@sonoraenequipo\" \/>\n<meta name=\"twitter:label1\" content=\"Escrito por\" \/>\n\t<meta name=\"twitter:data1\" content=\"enequipo\" \/>\n\t<meta name=\"twitter:label2\" content=\"Tiempo de lectura\" \/>\n\t<meta name=\"twitter:data2\" content=\"7 minutos\" \/>\n<script type=\"application\/ld+json\" class=\"yoast-schema-graph\">{\"@context\":\"https:\/\/schema.org\",\"@graph\":[{\"@type\":\"Article\",\"@id\":\"https:\/\/www.sonoraenequipo.com.mx\/se-incrementa-brecha-digital-entre-empresas-mexicanas\/#article\",\"isPartOf\":{\"@id\":\"https:\/\/www.sonoraenequipo.com.mx\/se-incrementa-brecha-digital-entre-empresas-mexicanas\/\"},\"author\":{\"name\":\"enequipo\",\"@id\":\"https:\/\/www.sonoraenequipo.com.mx\/#\/schema\/person\/50102df0fb23a8fa9e8effad8fa81386\"},\"headline\":\"Se incrementa brecha digital entre empresas mexicanas\",\"datePublished\":\"2023-11-22T19:45:42+00:00\",\"mainEntityOfPage\":{\"@id\":\"https:\/\/www.sonoraenequipo.com.mx\/se-incrementa-brecha-digital-entre-empresas-mexicanas\/\"},\"wordCount\":1478,\"commentCount\":0,\"publisher\":{\"@id\":\"https:\/\/www.sonoraenequipo.com.mx\/#organization\"},\"image\":{\"@id\":\"https:\/\/www.sonoraenequipo.com.mx\/se-incrementa-brecha-digital-entre-empresas-mexicanas\/#primaryimage\"},\"thumbnailUrl\":\"https:\/\/www.sonoraenequipo.com.mx\/storage\/2023\/11\/BRECHA.jpg\",\"keywords\":[\"ecommerce\"],\"articleSection\":[\"Ciencia y Tecnolog\u00eda\"],\"inLanguage\":\"es\",\"potentialAction\":[{\"@type\":\"CommentAction\",\"name\":\"Comment\",\"target\":[\"https:\/\/www.sonoraenequipo.com.mx\/se-incrementa-brecha-digital-entre-empresas-mexicanas\/#respond\"]}]},{\"@type\":\"WebPage\",\"@id\":\"https:\/\/www.sonoraenequipo.com.mx\/se-incrementa-brecha-digital-entre-empresas-mexicanas\/\",\"url\":\"https:\/\/www.sonoraenequipo.com.mx\/se-incrementa-brecha-digital-entre-empresas-mexicanas\/\",\"name\":\"Sonora en Equipo. Se incrementa brecha digital entre empresas mexicanas Ciencia y Tecnolog\u00eda\",\"isPartOf\":{\"@id\":\"https:\/\/www.sonoraenequipo.com.mx\/#website\"},\"primaryImageOfPage\":{\"@id\":\"https:\/\/www.sonoraenequipo.com.mx\/se-incrementa-brecha-digital-entre-empresas-mexicanas\/#primaryimage\"},\"image\":{\"@id\":\"https:\/\/www.sonoraenequipo.com.mx\/se-incrementa-brecha-digital-entre-empresas-mexicanas\/#primaryimage\"},\"thumbnailUrl\":\"https:\/\/www.sonoraenequipo.com.mx\/storage\/2023\/11\/BRECHA.jpg\",\"datePublished\":\"2023-11-22T19:45:42+00:00\",\"description\":\"&nbsp; El \u00e1rea de ventas es la que m\u00e1s ha evolucionado digitalmente destacando el canal de eCommerce. &nbsp; El an\u00e1lisis de datos contin\u00faa siendo En Sonora en Equipo publicamos toda la informaci\u00f3n de Sonora, M\u00e9xico y el Mundo de manera oportuna y busca que la libertad de expresi\u00f3n sea real. Visita nuestro medio informativo publicado desde Hermosillo, Sonora. %\",\"breadcrumb\":{\"@id\":\"https:\/\/www.sonoraenequipo.com.mx\/se-incrementa-brecha-digital-entre-empresas-mexicanas\/#breadcrumb\"},\"inLanguage\":\"es\",\"potentialAction\":[{\"@type\":\"ReadAction\",\"target\":[\"https:\/\/www.sonoraenequipo.com.mx\/se-incrementa-brecha-digital-entre-empresas-mexicanas\/\"]}]},{\"@type\":\"ImageObject\",\"inLanguage\":\"es\",\"@id\":\"https:\/\/www.sonoraenequipo.com.mx\/se-incrementa-brecha-digital-entre-empresas-mexicanas\/#primaryimage\",\"url\":\"https:\/\/www.sonoraenequipo.com.mx\/storage\/2023\/11\/BRECHA.jpg\",\"contentUrl\":\"https:\/\/www.sonoraenequipo.com.mx\/storage\/2023\/11\/BRECHA.jpg\",\"width\":600,\"height\":450},{\"@type\":\"BreadcrumbList\",\"@id\":\"https:\/\/www.sonoraenequipo.com.mx\/se-incrementa-brecha-digital-entre-empresas-mexicanas\/#breadcrumb\",\"itemListElement\":[{\"@type\":\"ListItem\",\"position\":1,\"name\":\"Portada\",\"item\":\"https:\/\/www.sonoraenequipo.com.mx\/\"},{\"@type\":\"ListItem\",\"position\":2,\"name\":\"Se incrementa brecha digital entre empresas mexicanas\"}]},{\"@type\":\"WebSite\",\"@id\":\"https:\/\/www.sonoraenequipo.com.mx\/#website\",\"url\":\"https:\/\/www.sonoraenequipo.com.mx\/\",\"name\":\"Sonora en Equipo.\",\"description\":\"Diario en l\u00ednea con Noticias desde Hermosillo, Sonora\",\"publisher\":{\"@id\":\"https:\/\/www.sonoraenequipo.com.mx\/#organization\"},\"potentialAction\":[{\"@type\":\"SearchAction\",\"target\":{\"@type\":\"EntryPoint\",\"urlTemplate\":\"https:\/\/www.sonoraenequipo.com.mx\/?s={search_term_string}\"},\"query-input\":{\"@type\":\"PropertyValueSpecification\",\"valueRequired\":true,\"valueName\":\"search_term_string\"}}],\"inLanguage\":\"es\"},{\"@type\":\"Organization\",\"@id\":\"https:\/\/www.sonoraenequipo.com.mx\/#organization\",\"name\":\"Sonoraenequipo.com.mx\",\"url\":\"https:\/\/www.sonoraenequipo.com.mx\/\",\"logo\":{\"@type\":\"ImageObject\",\"inLanguage\":\"es\",\"@id\":\"https:\/\/www.sonoraenequipo.com.mx\/#\/schema\/logo\/image\/\",\"url\":\"https:\/\/www.sonoraenequipo.com.mx\/storage\/2019\/01\/sonoraenequipo_opt.png\",\"contentUrl\":\"https:\/\/www.sonoraenequipo.com.mx\/storage\/2019\/01\/sonoraenequipo_opt.png\",\"width\":375,\"height\":125,\"caption\":\"Sonoraenequipo.com.mx\"},\"image\":{\"@id\":\"https:\/\/www.sonoraenequipo.com.mx\/#\/schema\/logo\/image\/\"},\"sameAs\":[\"https:\/\/www.facebook.com\/SonoraEE\/\",\"https:\/\/x.com\/sonoraenequipo\",\"https:\/\/www.youtube.com\/channel\/UC338nW-lPEYmJQs4ZABQ1SQ\"]},{\"@type\":\"Person\",\"@id\":\"https:\/\/www.sonoraenequipo.com.mx\/#\/schema\/person\/50102df0fb23a8fa9e8effad8fa81386\",\"name\":\"enequipo\",\"image\":{\"@type\":\"ImageObject\",\"inLanguage\":\"es\",\"@id\":\"https:\/\/www.sonoraenequipo.com.mx\/#\/schema\/person\/image\/\",\"url\":\"https:\/\/secure.gravatar.com\/avatar\/049821681b589dabc0bc20695993ccebb09f5b5d4d790cd9251b97faac7c652b?s=96&d=blank&r=g\",\"contentUrl\":\"https:\/\/secure.gravatar.com\/avatar\/049821681b589dabc0bc20695993ccebb09f5b5d4d790cd9251b97faac7c652b?s=96&d=blank&r=g\",\"caption\":\"enequipo\"},\"sameAs\":[\"https:\/\/www.facebook.com\/SonoraEE\"]}]}<\/script>\n ","yoast_head_json":{"title":"Sonora en Equipo. Se incrementa brecha digital entre empresas mexicanas Ciencia y Tecnolog\u00eda","description":"&nbsp; El \u00e1rea de ventas es la que m\u00e1s ha evolucionado digitalmente destacando el canal de eCommerce. &nbsp; El an\u00e1lisis de datos contin\u00faa siendo En Sonora en Equipo publicamos toda la informaci\u00f3n de Sonora, M\u00e9xico y el Mundo de manera oportuna y busca que la libertad de expresi\u00f3n sea real. Visita nuestro medio informativo publicado desde Hermosillo, Sonora. %","robots":{"index":"index","follow":"follow","max-snippet":"max-snippet:-1","max-image-preview":"max-image-preview:large","max-video-preview":"max-video-preview:-1"},"canonical":"https:\/\/www.sonoraenequipo.com.mx\/se-incrementa-brecha-digital-entre-empresas-mexicanas\/","og_locale":"es_ES","og_type":"article","og_title":"Sonora en Equipo. Se incrementa brecha digital entre empresas mexicanas Ciencia y Tecnolog\u00eda","og_description":"&nbsp; El \u00e1rea de ventas es la que m\u00e1s ha evolucionado digitalmente destacando el canal de eCommerce. &nbsp; El an\u00e1lisis de datos contin\u00faa siendo En Sonora en Equipo publicamos toda la informaci\u00f3n de Sonora, M\u00e9xico y el Mundo de manera oportuna y busca que la libertad de expresi\u00f3n sea real. Visita nuestro medio informativo publicado desde Hermosillo, Sonora. %","og_url":"https:\/\/www.sonoraenequipo.com.mx\/se-incrementa-brecha-digital-entre-empresas-mexicanas\/","og_site_name":"Sonora en Equipo.","article_publisher":"https:\/\/www.facebook.com\/SonoraEE\/","article_author":"https:\/\/www.facebook.com\/SonoraEE","article_published_time":"2023-11-22T19:45:42+00:00","og_image":[{"width":600,"height":450,"url":"https:\/\/www.sonoraenequipo.com.mx\/storage\/2023\/11\/BRECHA.jpg","type":"image\/jpeg"}],"author":"enequipo","twitter_card":"summary_large_image","twitter_creator":"@sonoraenequipo","twitter_site":"@sonoraenequipo","twitter_misc":{"Escrito por":"enequipo","Tiempo de lectura":"7 minutos"},"schema":{"@context":"https:\/\/schema.org","@graph":[{"@type":"Article","@id":"https:\/\/www.sonoraenequipo.com.mx\/se-incrementa-brecha-digital-entre-empresas-mexicanas\/#article","isPartOf":{"@id":"https:\/\/www.sonoraenequipo.com.mx\/se-incrementa-brecha-digital-entre-empresas-mexicanas\/"},"author":{"name":"enequipo","@id":"https:\/\/www.sonoraenequipo.com.mx\/#\/schema\/person\/50102df0fb23a8fa9e8effad8fa81386"},"headline":"Se incrementa brecha digital entre empresas mexicanas","datePublished":"2023-11-22T19:45:42+00:00","mainEntityOfPage":{"@id":"https:\/\/www.sonoraenequipo.com.mx\/se-incrementa-brecha-digital-entre-empresas-mexicanas\/"},"wordCount":1478,"commentCount":0,"publisher":{"@id":"https:\/\/www.sonoraenequipo.com.mx\/#organization"},"image":{"@id":"https:\/\/www.sonoraenequipo.com.mx\/se-incrementa-brecha-digital-entre-empresas-mexicanas\/#primaryimage"},"thumbnailUrl":"https:\/\/www.sonoraenequipo.com.mx\/storage\/2023\/11\/BRECHA.jpg","keywords":["ecommerce"],"articleSection":["Ciencia y Tecnolog\u00eda"],"inLanguage":"es","potentialAction":[{"@type":"CommentAction","name":"Comment","target":["https:\/\/www.sonoraenequipo.com.mx\/se-incrementa-brecha-digital-entre-empresas-mexicanas\/#respond"]}]},{"@type":"WebPage","@id":"https:\/\/www.sonoraenequipo.com.mx\/se-incrementa-brecha-digital-entre-empresas-mexicanas\/","url":"https:\/\/www.sonoraenequipo.com.mx\/se-incrementa-brecha-digital-entre-empresas-mexicanas\/","name":"Sonora en Equipo. Se incrementa brecha digital entre empresas mexicanas Ciencia y Tecnolog\u00eda","isPartOf":{"@id":"https:\/\/www.sonoraenequipo.com.mx\/#website"},"primaryImageOfPage":{"@id":"https:\/\/www.sonoraenequipo.com.mx\/se-incrementa-brecha-digital-entre-empresas-mexicanas\/#primaryimage"},"image":{"@id":"https:\/\/www.sonoraenequipo.com.mx\/se-incrementa-brecha-digital-entre-empresas-mexicanas\/#primaryimage"},"thumbnailUrl":"https:\/\/www.sonoraenequipo.com.mx\/storage\/2023\/11\/BRECHA.jpg","datePublished":"2023-11-22T19:45:42+00:00","description":"&nbsp; El \u00e1rea de ventas es la que m\u00e1s ha evolucionado digitalmente destacando el canal de eCommerce. &nbsp; El an\u00e1lisis de datos contin\u00faa siendo En Sonora en Equipo publicamos toda la informaci\u00f3n de Sonora, M\u00e9xico y el Mundo de manera oportuna y busca que la libertad de expresi\u00f3n sea real. Visita nuestro medio informativo publicado desde Hermosillo, Sonora. %","breadcrumb":{"@id":"https:\/\/www.sonoraenequipo.com.mx\/se-incrementa-brecha-digital-entre-empresas-mexicanas\/#breadcrumb"},"inLanguage":"es","potentialAction":[{"@type":"ReadAction","target":["https:\/\/www.sonoraenequipo.com.mx\/se-incrementa-brecha-digital-entre-empresas-mexicanas\/"]}]},{"@type":"ImageObject","inLanguage":"es","@id":"https:\/\/www.sonoraenequipo.com.mx\/se-incrementa-brecha-digital-entre-empresas-mexicanas\/#primaryimage","url":"https:\/\/www.sonoraenequipo.com.mx\/storage\/2023\/11\/BRECHA.jpg","contentUrl":"https:\/\/www.sonoraenequipo.com.mx\/storage\/2023\/11\/BRECHA.jpg","width":600,"height":450},{"@type":"BreadcrumbList","@id":"https:\/\/www.sonoraenequipo.com.mx\/se-incrementa-brecha-digital-entre-empresas-mexicanas\/#breadcrumb","itemListElement":[{"@type":"ListItem","position":1,"name":"Portada","item":"https:\/\/www.sonoraenequipo.com.mx\/"},{"@type":"ListItem","position":2,"name":"Se incrementa brecha digital entre empresas mexicanas"}]},{"@type":"WebSite","@id":"https:\/\/www.sonoraenequipo.com.mx\/#website","url":"https:\/\/www.sonoraenequipo.com.mx\/","name":"Sonora en Equipo.","description":"Diario en l\u00ednea con Noticias desde Hermosillo, Sonora","publisher":{"@id":"https:\/\/www.sonoraenequipo.com.mx\/#organization"},"potentialAction":[{"@type":"SearchAction","target":{"@type":"EntryPoint","urlTemplate":"https:\/\/www.sonoraenequipo.com.mx\/?s={search_term_string}"},"query-input":{"@type":"PropertyValueSpecification","valueRequired":true,"valueName":"search_term_string"}}],"inLanguage":"es"},{"@type":"Organization","@id":"https:\/\/www.sonoraenequipo.com.mx\/#organization","name":"Sonoraenequipo.com.mx","url":"https:\/\/www.sonoraenequipo.com.mx\/","logo":{"@type":"ImageObject","inLanguage":"es","@id":"https:\/\/www.sonoraenequipo.com.mx\/#\/schema\/logo\/image\/","url":"https:\/\/www.sonoraenequipo.com.mx\/storage\/2019\/01\/sonoraenequipo_opt.png","contentUrl":"https:\/\/www.sonoraenequipo.com.mx\/storage\/2019\/01\/sonoraenequipo_opt.png","width":375,"height":125,"caption":"Sonoraenequipo.com.mx"},"image":{"@id":"https:\/\/www.sonoraenequipo.com.mx\/#\/schema\/logo\/image\/"},"sameAs":["https:\/\/www.facebook.com\/SonoraEE\/","https:\/\/x.com\/sonoraenequipo","https:\/\/www.youtube.com\/channel\/UC338nW-lPEYmJQs4ZABQ1SQ"]},{"@type":"Person","@id":"https:\/\/www.sonoraenequipo.com.mx\/#\/schema\/person\/50102df0fb23a8fa9e8effad8fa81386","name":"enequipo","image":{"@type":"ImageObject","inLanguage":"es","@id":"https:\/\/www.sonoraenequipo.com.mx\/#\/schema\/person\/image\/","url":"https:\/\/secure.gravatar.com\/avatar\/049821681b589dabc0bc20695993ccebb09f5b5d4d790cd9251b97faac7c652b?s=96&d=blank&r=g","contentUrl":"https:\/\/secure.gravatar.com\/avatar\/049821681b589dabc0bc20695993ccebb09f5b5d4d790cd9251b97faac7c652b?s=96&d=blank&r=g","caption":"enequipo"},"sameAs":["https:\/\/www.facebook.com\/SonoraEE"]}]}},"jetpack_featured_media_url":"https:\/\/www.sonoraenequipo.com.mx\/storage\/2023\/11\/BRECHA.jpg","_links":{"self":[{"href":"https:\/\/www.sonoraenequipo.com.mx\/api\/wp\/v2\/posts\/179629","targetHints":{"allow":["GET"]}}],"collection":[{"href":"https:\/\/www.sonoraenequipo.com.mx\/api\/wp\/v2\/posts"}],"about":[{"href":"https:\/\/www.sonoraenequipo.com.mx\/api\/wp\/v2\/types\/post"}],"author":[{"embeddable":true,"href":"https:\/\/www.sonoraenequipo.com.mx\/api\/wp\/v2\/users\/1"}],"replies":[{"embeddable":true,"href":"https:\/\/www.sonoraenequipo.com.mx\/api\/wp\/v2\/comments?post=179629"}],"version-history":[{"count":1,"href":"https:\/\/www.sonoraenequipo.com.mx\/api\/wp\/v2\/posts\/179629\/revisions"}],"predecessor-version":[{"id":179631,"href":"https:\/\/www.sonoraenequipo.com.mx\/api\/wp\/v2\/posts\/179629\/revisions\/179631"}],"wp:featuredmedia":[{"embeddable":true,"href":"https:\/\/www.sonoraenequipo.com.mx\/api\/wp\/v2\/media\/179630"}],"wp:attachment":[{"href":"https:\/\/www.sonoraenequipo.com.mx\/api\/wp\/v2\/media?parent=179629"}],"wp:term":[{"taxonomy":"category","embeddable":true,"href":"https:\/\/www.sonoraenequipo.com.mx\/api\/wp\/v2\/categories?post=179629"},{"taxonomy":"post_tag","embeddable":true,"href":"https:\/\/www.sonoraenequipo.com.mx\/api\/wp\/v2\/tags?post=179629"}],"curies":[{"name":"wp","href":"https:\/\/api.w.org\/{rel}","templated":true}]}}