{"id":179636,"date":"2023-11-22T13:49:15","date_gmt":"2023-11-22T20:49:15","guid":{"rendered":"https:\/\/www.sonoraenequipo.com.mx\/?p=179636"},"modified":"2023-11-22T13:49:15","modified_gmt":"2023-11-22T20:49:15","slug":"gobierno-estatal-ha-atendido-20-mil-migrantes-este-2023-de-los-cuales-7-mil-fueron-menores-alfonso-durazo","status":"publish","type":"post","link":"https:\/\/www.sonoraenequipo.com.mx\/gobierno-estatal-ha-atendido-20-mil-migrantes-este-2023-de-los-cuales-7-mil-fueron-menores-alfonso-durazo\/","title":{"rendered":"Gobierno estatal ha atendido 20 mil migrantes este 2023 de los cuales 7 mil fueron menores Alfonso Durazo"},"content":{"rendered":"<p><strong>HERMOSILLO, SONORA,MX.\u02d7\u02d7\u02d7 <\/strong> Con el convenio de colaboraci\u00f3n entre el Gobierno de Sonora y el Instituto Nacional de Migraci\u00f3n (INM) se suman esfuerzos de los diferentes niveles de gobierno para crear un frente com\u00fan a fin de garantizar el respeto a los derechos humanos y la seguridad de los migrantes durante su paso por Sonora, enfatiz\u00f3 el gobernador Alfonso Durazo Monta\u00f1o.<\/p>\n<p>El titular del Ejecutivo estatal destac\u00f3 que, ante el compromiso de brindar ayuda humanitaria a la poblaci\u00f3n migrante que, por su condici\u00f3n y ubicaci\u00f3n geogr\u00e1fica fronteriza, cruza por la entidad sonorense, se pact\u00f3 trabajar en conjunto con el INM para que a trav\u00e9s de capacitaciones se integre a la Polic\u00eda Estatal de Seguridad P\u00fablica en las labores de atenci\u00f3n y auxilio, y con ello evitar el tr\u00e1fico de personas y extorsiones.<\/p>\n<p>\u201cEs en ese sentido este acuerdo, un paso muy importante porque nos permitir\u00e1, entre otras acciones, que elementos de la Polic\u00eda Estatal de Seguridad P\u00fablica puedan ser acreditados ante el Instituto Nacional de Migraci\u00f3n para que en ese car\u00e1cter de coadyuvancia con el instituto puedan participar en acciones para las que en este momento est\u00e1n impedidos\u201d, manifest\u00f3.<\/p>\n<p>El gobernador Durazo Monta\u00f1o, resalt\u00f3 que este a\u00f1o, desde las instituciones del gobierno de Sonora, se ha logrado atender a 20 mil migrantes de los que siete mil son menores de edad para que reciban atenciones de m\u00e9dicas por parte de la Secretar\u00eda de Salud.<\/p>\n<p>Francisco Gardu\u00f1o Y\u00e1\u00f1ez, comisionado del Instituto Nacional de Migraci\u00f3n (INM), se\u00f1al\u00f3 que por medio de una pol\u00edtica y visi\u00f3n humanitaria, colaborar\u00e1n estado y pa\u00eds para proporcionar asistencia y orientaci\u00f3n apegada al respeto a los derechos humanos de los migrantes.<\/p>\n","protected":false},"excerpt":{"rendered":"<p>HERMOSILLO, SONORA,MX.\u02d7\u02d7\u02d7 Con el convenio de colaboraci\u00f3n entre el Gobierno de Sonora y el Instituto&#8230;<\/p>\n","protected":false},"author":1,"featured_media":179637,"comment_status":"open","ping_status":"open","sticky":false,"template":"","format":"standard","meta":{"_monsterinsights_skip_tracking":false,"_monsterinsights_sitenote_active":false,"_monsterinsights_sitenote_note":"","_monsterinsights_sitenote_category":0,"footnotes":""},"categories":[22],"tags":[5808,3487,2536,15],"class_list":["post"],"yoast_head":" \n<title>Sonora en Equipo. Gobierno estatal ha atendido 20 mil migrantes este 2023 de los cuales 7 mil fueron menores Alfonso Durazo Sonora<\/title>\n<meta name=\"description\" content=\"HERMOSILLO, SONORA,MX.\u02d7\u02d7\u02d7 Con el convenio de colaboraci\u00f3n entre el Gobierno de Sonora y el Instituto Nacional de Migraci\u00f3n (INM) se suman esfuerzos de los En Sonora en Equipo publicamos toda la informaci\u00f3n de Sonora, M\u00e9xico y el Mundo de manera oportuna y busca que la libertad de expresi\u00f3n sea real. Visita nuestro medio informativo publicado desde Hermosillo, Sonora. %\" \/>\n<meta name=\"robots\" content=\"index, follow, max-snippet:-1, max-image-preview:large, max-video-preview:-1\" \/>\n<link rel=\"canonical\" href=\"https:\/\/www.sonoraenequipo.com.mx\/gobierno-estatal-ha-atendido-20-mil-migrantes-este-2023-de-los-cuales-7-mil-fueron-menores-alfonso-durazo\/\" \/>\n<meta property=\"og:locale\" content=\"es_ES\" \/>\n<meta property=\"og:type\" content=\"article\" \/>\n<meta property=\"og:title\" content=\"Sonora en Equipo. Gobierno estatal ha atendido 20 mil migrantes este 2023 de los cuales 7 mil fueron menores Alfonso Durazo Sonora\" \/>\n<meta property=\"og:description\" content=\"HERMOSILLO, SONORA,MX.\u02d7\u02d7\u02d7 Con el convenio de colaboraci\u00f3n entre el Gobierno de Sonora y el Instituto Nacional de Migraci\u00f3n (INM) se suman esfuerzos de los En Sonora en Equipo publicamos toda la informaci\u00f3n de Sonora, M\u00e9xico y el Mundo de manera oportuna y busca que la libertad de expresi\u00f3n sea real. Visita nuestro medio informativo publicado desde Hermosillo, Sonora. %\" \/>\n<meta property=\"og:url\" content=\"https:\/\/www.sonoraenequipo.com.mx\/gobierno-estatal-ha-atendido-20-mil-migrantes-este-2023-de-los-cuales-7-mil-fueron-menores-alfonso-durazo\/\" \/>\n<meta property=\"og:site_name\" content=\"Sonora en Equipo.\" \/>\n<meta property=\"article:publisher\" content=\"https:\/\/www.facebook.com\/SonoraEE\/\" \/>\n<meta property=\"article:author\" content=\"https:\/\/www.facebook.com\/SonoraEE\" \/>\n<meta property=\"article:published_time\" content=\"2023-11-22T20:49:15+00:00\" \/>\n<meta property=\"og:image\" content=\"https:\/\/www.sonoraenequipo.com.mx\/storage\/2023\/11\/adm-rp.jpg\" \/>\n\t<meta property=\"og:image:width\" content=\"600\" \/>\n\t<meta property=\"og:image:height\" content=\"400\" \/>\n\t<meta property=\"og:image:type\" content=\"image\/jpeg\" \/>\n<meta name=\"author\" content=\"enequipo\" \/>\n<meta name=\"twitter:card\" content=\"summary_large_image\" \/>\n<meta name=\"twitter:creator\" content=\"@sonoraenequipo\" \/>\n<meta name=\"twitter:site\" content=\"@sonoraenequipo\" \/>\n<meta name=\"twitter:label1\" content=\"Escrito por\" \/>\n\t<meta name=\"twitter:data1\" content=\"enequipo\" \/>\n\t<meta name=\"twitter:label2\" content=\"Tiempo de lectura\" \/>\n\t<meta name=\"twitter:data2\" content=\"2 minutos\" \/>\n<script type=\"application\/ld+json\" class=\"yoast-schema-graph\">{\"@context\":\"https:\/\/schema.org\",\"@graph\":[{\"@type\":\"Article\",\"@id\":\"https:\/\/www.sonoraenequipo.com.mx\/gobierno-estatal-ha-atendido-20-mil-migrantes-este-2023-de-los-cuales-7-mil-fueron-menores-alfonso-durazo\/#article\",\"isPartOf\":{\"@id\":\"https:\/\/www.sonoraenequipo.com.mx\/gobierno-estatal-ha-atendido-20-mil-migrantes-este-2023-de-los-cuales-7-mil-fueron-menores-alfonso-durazo\/\"},\"author\":{\"name\":\"enequipo\",\"@id\":\"https:\/\/www.sonoraenequipo.com.mx\/#\/schema\/person\/50102df0fb23a8fa9e8effad8fa81386\"},\"headline\":\"Gobierno estatal ha atendido 20 mil migrantes este 2023 de los cuales 7 mil fueron menores Alfonso Durazo\",\"datePublished\":\"2023-11-22T20:49:15+00:00\",\"mainEntityOfPage\":{\"@id\":\"https:\/\/www.sonoraenequipo.com.mx\/gobierno-estatal-ha-atendido-20-mil-migrantes-este-2023-de-los-cuales-7-mil-fueron-menores-alfonso-durazo\/\"},\"wordCount\":318,\"commentCount\":0,\"publisher\":{\"@id\":\"https:\/\/www.sonoraenequipo.com.mx\/#organization\"},\"image\":{\"@id\":\"https:\/\/www.sonoraenequipo.com.mx\/gobierno-estatal-ha-atendido-20-mil-migrantes-este-2023-de-los-cuales-7-mil-fueron-menores-alfonso-durazo\/#primaryimage\"},\"thumbnailUrl\":\"https:\/\/www.sonoraenequipo.com.mx\/storage\/2023\/11\/adm-rp.jpg\",\"keywords\":[\"atenci\u00f3n\",\"menores\",\"migrantes\",\"Sonora\"],\"articleSection\":[\"Sonora\"],\"inLanguage\":\"es\",\"potentialAction\":[{\"@type\":\"CommentAction\",\"name\":\"Comment\",\"target\":[\"https:\/\/www.sonoraenequipo.com.mx\/gobierno-estatal-ha-atendido-20-mil-migrantes-este-2023-de-los-cuales-7-mil-fueron-menores-alfonso-durazo\/#respond\"]}]},{\"@type\":\"WebPage\",\"@id\":\"https:\/\/www.sonoraenequipo.com.mx\/gobierno-estatal-ha-atendido-20-mil-migrantes-este-2023-de-los-cuales-7-mil-fueron-menores-alfonso-durazo\/\",\"url\":\"https:\/\/www.sonoraenequipo.com.mx\/gobierno-estatal-ha-atendido-20-mil-migrantes-este-2023-de-los-cuales-7-mil-fueron-menores-alfonso-durazo\/\",\"name\":\"Sonora en Equipo. Gobierno estatal ha atendido 20 mil migrantes este 2023 de los cuales 7 mil fueron menores Alfonso Durazo Sonora\",\"isPartOf\":{\"@id\":\"https:\/\/www.sonoraenequipo.com.mx\/#website\"},\"primaryImageOfPage\":{\"@id\":\"https:\/\/www.sonoraenequipo.com.mx\/gobierno-estatal-ha-atendido-20-mil-migrantes-este-2023-de-los-cuales-7-mil-fueron-menores-alfonso-durazo\/#primaryimage\"},\"image\":{\"@id\":\"https:\/\/www.sonoraenequipo.com.mx\/gobierno-estatal-ha-atendido-20-mil-migrantes-este-2023-de-los-cuales-7-mil-fueron-menores-alfonso-durazo\/#primaryimage\"},\"thumbnailUrl\":\"https:\/\/www.sonoraenequipo.com.mx\/storage\/2023\/11\/adm-rp.jpg\",\"datePublished\":\"2023-11-22T20:49:15+00:00\",\"description\":\"HERMOSILLO, SONORA,MX.\u02d7\u02d7\u02d7 Con el convenio de colaboraci\u00f3n entre el Gobierno de Sonora y el Instituto Nacional de Migraci\u00f3n (INM) se suman esfuerzos de los En Sonora en Equipo publicamos toda la informaci\u00f3n de Sonora, M\u00e9xico y el Mundo de manera oportuna y busca que la libertad de expresi\u00f3n sea real. Visita nuestro medio informativo publicado desde Hermosillo, Sonora. %\",\"breadcrumb\":{\"@id\":\"https:\/\/www.sonoraenequipo.com.mx\/gobierno-estatal-ha-atendido-20-mil-migrantes-este-2023-de-los-cuales-7-mil-fueron-menores-alfonso-durazo\/#breadcrumb\"},\"inLanguage\":\"es\",\"potentialAction\":[{\"@type\":\"ReadAction\",\"target\":[\"https:\/\/www.sonoraenequipo.com.mx\/gobierno-estatal-ha-atendido-20-mil-migrantes-este-2023-de-los-cuales-7-mil-fueron-menores-alfonso-durazo\/\"]}]},{\"@type\":\"ImageObject\",\"inLanguage\":\"es\",\"@id\":\"https:\/\/www.sonoraenequipo.com.mx\/gobierno-estatal-ha-atendido-20-mil-migrantes-este-2023-de-los-cuales-7-mil-fueron-menores-alfonso-durazo\/#primaryimage\",\"url\":\"https:\/\/www.sonoraenequipo.com.mx\/storage\/2023\/11\/adm-rp.jpg\",\"contentUrl\":\"https:\/\/www.sonoraenequipo.com.mx\/storage\/2023\/11\/adm-rp.jpg\",\"width\":600,\"height\":400},{\"@type\":\"BreadcrumbList\",\"@id\":\"https:\/\/www.sonoraenequipo.com.mx\/gobierno-estatal-ha-atendido-20-mil-migrantes-este-2023-de-los-cuales-7-mil-fueron-menores-alfonso-durazo\/#breadcrumb\",\"itemListElement\":[{\"@type\":\"ListItem\",\"position\":1,\"name\":\"Portada\",\"item\":\"https:\/\/www.sonoraenequipo.com.mx\/\"},{\"@type\":\"ListItem\",\"position\":2,\"name\":\"Gobierno estatal ha atendido 20 mil migrantes este 2023 de los cuales 7 mil fueron menores Alfonso Durazo\"}]},{\"@type\":\"WebSite\",\"@id\":\"https:\/\/www.sonoraenequipo.com.mx\/#website\",\"url\":\"https:\/\/www.sonoraenequipo.com.mx\/\",\"name\":\"Sonora en Equipo.\",\"description\":\"Diario en l\u00ednea con Noticias desde Hermosillo, Sonora\",\"publisher\":{\"@id\":\"https:\/\/www.sonoraenequipo.com.mx\/#organization\"},\"potentialAction\":[{\"@type\":\"SearchAction\",\"target\":{\"@type\":\"EntryPoint\",\"urlTemplate\":\"https:\/\/www.sonoraenequipo.com.mx\/?s={search_term_string}\"},\"query-input\":{\"@type\":\"PropertyValueSpecification\",\"valueRequired\":true,\"valueName\":\"search_term_string\"}}],\"inLanguage\":\"es\"},{\"@type\":\"Organization\",\"@id\":\"https:\/\/www.sonoraenequipo.com.mx\/#organization\",\"name\":\"Sonoraenequipo.com.mx\",\"url\":\"https:\/\/www.sonoraenequipo.com.mx\/\",\"logo\":{\"@type\":\"ImageObject\",\"inLanguage\":\"es\",\"@id\":\"https:\/\/www.sonoraenequipo.com.mx\/#\/schema\/logo\/image\/\",\"url\":\"https:\/\/www.sonoraenequipo.com.mx\/storage\/2019\/01\/sonoraenequipo_opt.png\",\"contentUrl\":\"https:\/\/www.sonoraenequipo.com.mx\/storage\/2019\/01\/sonoraenequipo_opt.png\",\"width\":375,\"height\":125,\"caption\":\"Sonoraenequipo.com.mx\"},\"image\":{\"@id\":\"https:\/\/www.sonoraenequipo.com.mx\/#\/schema\/logo\/image\/\"},\"sameAs\":[\"https:\/\/www.facebook.com\/SonoraEE\/\",\"https:\/\/x.com\/sonoraenequipo\",\"https:\/\/www.youtube.com\/channel\/UC338nW-lPEYmJQs4ZABQ1SQ\"]},{\"@type\":\"Person\",\"@id\":\"https:\/\/www.sonoraenequipo.com.mx\/#\/schema\/person\/50102df0fb23a8fa9e8effad8fa81386\",\"name\":\"enequipo\",\"image\":{\"@type\":\"ImageObject\",\"inLanguage\":\"es\",\"@id\":\"https:\/\/www.sonoraenequipo.com.mx\/#\/schema\/person\/image\/\",\"url\":\"https:\/\/secure.gravatar.com\/avatar\/049821681b589dabc0bc20695993ccebb09f5b5d4d790cd9251b97faac7c652b?s=96&d=blank&r=g\",\"contentUrl\":\"https:\/\/secure.gravatar.com\/avatar\/049821681b589dabc0bc20695993ccebb09f5b5d4d790cd9251b97faac7c652b?s=96&d=blank&r=g\",\"caption\":\"enequipo\"},\"sameAs\":[\"https:\/\/www.facebook.com\/SonoraEE\"]}]}<\/script>\n ","yoast_head_json":{"title":"Sonora en Equipo. Gobierno estatal ha atendido 20 mil migrantes este 2023 de los cuales 7 mil fueron menores Alfonso Durazo Sonora","description":"HERMOSILLO, SONORA,MX.\u02d7\u02d7\u02d7 Con el convenio de colaboraci\u00f3n entre el Gobierno de Sonora y el Instituto Nacional de Migraci\u00f3n (INM) se suman esfuerzos de los En Sonora en Equipo publicamos toda la informaci\u00f3n de Sonora, M\u00e9xico y el Mundo de manera oportuna y busca que la libertad de expresi\u00f3n sea real. Visita nuestro medio informativo publicado desde Hermosillo, Sonora. %","robots":{"index":"index","follow":"follow","max-snippet":"max-snippet:-1","max-image-preview":"max-image-preview:large","max-video-preview":"max-video-preview:-1"},"canonical":"https:\/\/www.sonoraenequipo.com.mx\/gobierno-estatal-ha-atendido-20-mil-migrantes-este-2023-de-los-cuales-7-mil-fueron-menores-alfonso-durazo\/","og_locale":"es_ES","og_type":"article","og_title":"Sonora en Equipo. Gobierno estatal ha atendido 20 mil migrantes este 2023 de los cuales 7 mil fueron menores Alfonso Durazo Sonora","og_description":"HERMOSILLO, SONORA,MX.\u02d7\u02d7\u02d7 Con el convenio de colaboraci\u00f3n entre el Gobierno de Sonora y el Instituto Nacional de Migraci\u00f3n (INM) se suman esfuerzos de los En Sonora en Equipo publicamos toda la informaci\u00f3n de Sonora, M\u00e9xico y el Mundo de manera oportuna y busca que la libertad de expresi\u00f3n sea real. Visita nuestro medio informativo publicado desde Hermosillo, Sonora. %","og_url":"https:\/\/www.sonoraenequipo.com.mx\/gobierno-estatal-ha-atendido-20-mil-migrantes-este-2023-de-los-cuales-7-mil-fueron-menores-alfonso-durazo\/","og_site_name":"Sonora en Equipo.","article_publisher":"https:\/\/www.facebook.com\/SonoraEE\/","article_author":"https:\/\/www.facebook.com\/SonoraEE","article_published_time":"2023-11-22T20:49:15+00:00","og_image":[{"width":600,"height":400,"url":"https:\/\/www.sonoraenequipo.com.mx\/storage\/2023\/11\/adm-rp.jpg","type":"image\/jpeg"}],"author":"enequipo","twitter_card":"summary_large_image","twitter_creator":"@sonoraenequipo","twitter_site":"@sonoraenequipo","twitter_misc":{"Escrito por":"enequipo","Tiempo de lectura":"2 minutos"},"schema":{"@context":"https:\/\/schema.org","@graph":[{"@type":"Article","@id":"https:\/\/www.sonoraenequipo.com.mx\/gobierno-estatal-ha-atendido-20-mil-migrantes-este-2023-de-los-cuales-7-mil-fueron-menores-alfonso-durazo\/#article","isPartOf":{"@id":"https:\/\/www.sonoraenequipo.com.mx\/gobierno-estatal-ha-atendido-20-mil-migrantes-este-2023-de-los-cuales-7-mil-fueron-menores-alfonso-durazo\/"},"author":{"name":"enequipo","@id":"https:\/\/www.sonoraenequipo.com.mx\/#\/schema\/person\/50102df0fb23a8fa9e8effad8fa81386"},"headline":"Gobierno estatal ha atendido 20 mil migrantes este 2023 de los cuales 7 mil fueron menores Alfonso Durazo","datePublished":"2023-11-22T20:49:15+00:00","mainEntityOfPage":{"@id":"https:\/\/www.sonoraenequipo.com.mx\/gobierno-estatal-ha-atendido-20-mil-migrantes-este-2023-de-los-cuales-7-mil-fueron-menores-alfonso-durazo\/"},"wordCount":318,"commentCount":0,"publisher":{"@id":"https:\/\/www.sonoraenequipo.com.mx\/#organization"},"image":{"@id":"https:\/\/www.sonoraenequipo.com.mx\/gobierno-estatal-ha-atendido-20-mil-migrantes-este-2023-de-los-cuales-7-mil-fueron-menores-alfonso-durazo\/#primaryimage"},"thumbnailUrl":"https:\/\/www.sonoraenequipo.com.mx\/storage\/2023\/11\/adm-rp.jpg","keywords":["atenci\u00f3n","menores","migrantes","Sonora"],"articleSection":["Sonora"],"inLanguage":"es","potentialAction":[{"@type":"CommentAction","name":"Comment","target":["https:\/\/www.sonoraenequipo.com.mx\/gobierno-estatal-ha-atendido-20-mil-migrantes-este-2023-de-los-cuales-7-mil-fueron-menores-alfonso-durazo\/#respond"]}]},{"@type":"WebPage","@id":"https:\/\/www.sonoraenequipo.com.mx\/gobierno-estatal-ha-atendido-20-mil-migrantes-este-2023-de-los-cuales-7-mil-fueron-menores-alfonso-durazo\/","url":"https:\/\/www.sonoraenequipo.com.mx\/gobierno-estatal-ha-atendido-20-mil-migrantes-este-2023-de-los-cuales-7-mil-fueron-menores-alfonso-durazo\/","name":"Sonora en Equipo. Gobierno estatal ha atendido 20 mil migrantes este 2023 de los cuales 7 mil fueron menores Alfonso Durazo Sonora","isPartOf":{"@id":"https:\/\/www.sonoraenequipo.com.mx\/#website"},"primaryImageOfPage":{"@id":"https:\/\/www.sonoraenequipo.com.mx\/gobierno-estatal-ha-atendido-20-mil-migrantes-este-2023-de-los-cuales-7-mil-fueron-menores-alfonso-durazo\/#primaryimage"},"image":{"@id":"https:\/\/www.sonoraenequipo.com.mx\/gobierno-estatal-ha-atendido-20-mil-migrantes-este-2023-de-los-cuales-7-mil-fueron-menores-alfonso-durazo\/#primaryimage"},"thumbnailUrl":"https:\/\/www.sonoraenequipo.com.mx\/storage\/2023\/11\/adm-rp.jpg","datePublished":"2023-11-22T20:49:15+00:00","description":"HERMOSILLO, SONORA,MX.\u02d7\u02d7\u02d7 Con el convenio de colaboraci\u00f3n entre el Gobierno de Sonora y el Instituto Nacional de Migraci\u00f3n (INM) se suman esfuerzos de los En Sonora en Equipo publicamos toda la informaci\u00f3n de Sonora, M\u00e9xico y el Mundo de manera oportuna y busca que la libertad de expresi\u00f3n sea real. Visita nuestro medio informativo publicado desde Hermosillo, Sonora. %","breadcrumb":{"@id":"https:\/\/www.sonoraenequipo.com.mx\/gobierno-estatal-ha-atendido-20-mil-migrantes-este-2023-de-los-cuales-7-mil-fueron-menores-alfonso-durazo\/#breadcrumb"},"inLanguage":"es","potentialAction":[{"@type":"ReadAction","target":["https:\/\/www.sonoraenequipo.com.mx\/gobierno-estatal-ha-atendido-20-mil-migrantes-este-2023-de-los-cuales-7-mil-fueron-menores-alfonso-durazo\/"]}]},{"@type":"ImageObject","inLanguage":"es","@id":"https:\/\/www.sonoraenequipo.com.mx\/gobierno-estatal-ha-atendido-20-mil-migrantes-este-2023-de-los-cuales-7-mil-fueron-menores-alfonso-durazo\/#primaryimage","url":"https:\/\/www.sonoraenequipo.com.mx\/storage\/2023\/11\/adm-rp.jpg","contentUrl":"https:\/\/www.sonoraenequipo.com.mx\/storage\/2023\/11\/adm-rp.jpg","width":600,"height":400},{"@type":"BreadcrumbList","@id":"https:\/\/www.sonoraenequipo.com.mx\/gobierno-estatal-ha-atendido-20-mil-migrantes-este-2023-de-los-cuales-7-mil-fueron-menores-alfonso-durazo\/#breadcrumb","itemListElement":[{"@type":"ListItem","position":1,"name":"Portada","item":"https:\/\/www.sonoraenequipo.com.mx\/"},{"@type":"ListItem","position":2,"name":"Gobierno estatal ha atendido 20 mil migrantes este 2023 de los cuales 7 mil fueron menores Alfonso Durazo"}]},{"@type":"WebSite","@id":"https:\/\/www.sonoraenequipo.com.mx\/#website","url":"https:\/\/www.sonoraenequipo.com.mx\/","name":"Sonora en Equipo.","description":"Diario en l\u00ednea con Noticias desde Hermosillo, Sonora","publisher":{"@id":"https:\/\/www.sonoraenequipo.com.mx\/#organization"},"potentialAction":[{"@type":"SearchAction","target":{"@type":"EntryPoint","urlTemplate":"https:\/\/www.sonoraenequipo.com.mx\/?s={search_term_string}"},"query-input":{"@type":"PropertyValueSpecification","valueRequired":true,"valueName":"search_term_string"}}],"inLanguage":"es"},{"@type":"Organization","@id":"https:\/\/www.sonoraenequipo.com.mx\/#organization","name":"Sonoraenequipo.com.mx","url":"https:\/\/www.sonoraenequipo.com.mx\/","logo":{"@type":"ImageObject","inLanguage":"es","@id":"https:\/\/www.sonoraenequipo.com.mx\/#\/schema\/logo\/image\/","url":"https:\/\/www.sonoraenequipo.com.mx\/storage\/2019\/01\/sonoraenequipo_opt.png","contentUrl":"https:\/\/www.sonoraenequipo.com.mx\/storage\/2019\/01\/sonoraenequipo_opt.png","width":375,"height":125,"caption":"Sonoraenequipo.com.mx"},"image":{"@id":"https:\/\/www.sonoraenequipo.com.mx\/#\/schema\/logo\/image\/"},"sameAs":["https:\/\/www.facebook.com\/SonoraEE\/","https:\/\/x.com\/sonoraenequipo","https:\/\/www.youtube.com\/channel\/UC338nW-lPEYmJQs4ZABQ1SQ"]},{"@type":"Person","@id":"https:\/\/www.sonoraenequipo.com.mx\/#\/schema\/person\/50102df0fb23a8fa9e8effad8fa81386","name":"enequipo","image":{"@type":"ImageObject","inLanguage":"es","@id":"https:\/\/www.sonoraenequipo.com.mx\/#\/schema\/person\/image\/","url":"https:\/\/secure.gravatar.com\/avatar\/049821681b589dabc0bc20695993ccebb09f5b5d4d790cd9251b97faac7c652b?s=96&d=blank&r=g","contentUrl":"https:\/\/secure.gravatar.com\/avatar\/049821681b589dabc0bc20695993ccebb09f5b5d4d790cd9251b97faac7c652b?s=96&d=blank&r=g","caption":"enequipo"},"sameAs":["https:\/\/www.facebook.com\/SonoraEE"]}]}},"jetpack_featured_media_url":"https:\/\/www.sonoraenequipo.com.mx\/storage\/2023\/11\/adm-rp.jpg","_links":{"self":[{"href":"https:\/\/www.sonoraenequipo.com.mx\/api\/wp\/v2\/posts\/179636","targetHints":{"allow":["GET"]}}],"collection":[{"href":"https:\/\/www.sonoraenequipo.com.mx\/api\/wp\/v2\/posts"}],"about":[{"href":"https:\/\/www.sonoraenequipo.com.mx\/api\/wp\/v2\/types\/post"}],"author":[{"embeddable":true,"href":"https:\/\/www.sonoraenequipo.com.mx\/api\/wp\/v2\/users\/1"}],"replies":[{"embeddable":true,"href":"https:\/\/www.sonoraenequipo.com.mx\/api\/wp\/v2\/comments?post=179636"}],"version-history":[{"count":1,"href":"https:\/\/www.sonoraenequipo.com.mx\/api\/wp\/v2\/posts\/179636\/revisions"}],"predecessor-version":[{"id":179638,"href":"https:\/\/www.sonoraenequipo.com.mx\/api\/wp\/v2\/posts\/179636\/revisions\/179638"}],"wp:featuredmedia":[{"embeddable":true,"href":"https:\/\/www.sonoraenequipo.com.mx\/api\/wp\/v2\/media\/179637"}],"wp:attachment":[{"href":"https:\/\/www.sonoraenequipo.com.mx\/api\/wp\/v2\/media?parent=179636"}],"wp:term":[{"taxonomy":"category","embeddable":true,"href":"https:\/\/www.sonoraenequipo.com.mx\/api\/wp\/v2\/categories?post=179636"},{"taxonomy":"post_tag","embeddable":true,"href":"https:\/\/www.sonoraenequipo.com.mx\/api\/wp\/v2\/tags?post=179636"}],"curies":[{"name":"wp","href":"https:\/\/api.w.org\/{rel}","templated":true}]}}