{"id":179642,"date":"2023-11-22T15:13:07","date_gmt":"2023-11-22T22:13:07","guid":{"rendered":"https:\/\/www.sonoraenequipo.com.mx\/?p=179642"},"modified":"2023-11-22T15:13:07","modified_gmt":"2023-11-22T22:13:07","slug":"arrastra-gobierno-de-sonora-deficit-presupuestario-de-mas-de-mx-10-mil-millones-desde-2016","status":"publish","type":"post","link":"https:\/\/www.sonoraenequipo.com.mx\/arrastra-gobierno-de-sonora-deficit-presupuestario-de-mas-de-mx-10-mil-millones-desde-2016\/","title":{"rendered":"Arrastra Gobierno de Sonora d\u00e9ficit presupuestario de m\u00e1s de MX $10 mil millones desde 2016"},"content":{"rendered":"<p>Arrastra Gobierno de Sonora d\u00e9ficit presupuestario de m\u00e1s de MX $10 mil millones desde 2016<\/p>\n<p>&nbsp;<\/p>\n<p><strong>HERMOSILLO, SONORA,MX.<\/strong><strong>\u02d7\u02d7\u02d7 \u00a0<\/strong>En rueda de prensa ayer el gobernador de Sonora, Alfonso Durazo Monta\u00f1o, expuso un estado financiero de la administraci\u00f3n.<\/p>\n<p>-En 2016 el d\u00e9ficit era de 10 mil 541 millones de pesos; 2018, 7mil 864 millones de pesos; 2020, 6 mil 899.7 millones de pesos, pero vean ustedes, en 2021 el d\u00e9ficit fue de 3 mil 414, en 2022 fue\u00a0 de 2126, comparen el 2022 que ya fue un a\u00f1o completo de mi gobierno, con el 2016 que es 10 mil 541, una diferencia de 8 mil millones de pesos, esa es la diferencia.<\/p>\n<p>El cierre estimado de 2023 es 3 mil 465 millones de pesos, es el 50 por ciento del d\u00e9ficit promedio de la anterior administraci\u00f3n, estamos tomando una previsi\u00f3n, el d\u00e9ficit del Issteson<\/p>\n<p>&nbsp;<\/p>\n<p>-He ido a tocar la puerta del presidente, no adelanto nada, pero esperemos porque el gobierno del estado ha hecho esfuerzo muy importante en materia de austeridad y combate a la corrupci\u00f3n, valorando el esfuerzo del gobierno del estado pudiera el gobierno federal apoyarnos.<\/p>\n<p>&nbsp;<\/p>\n<p>-Nos permita iniciar el 2022 una tendencia a la baja, una tendencia en este d\u00e9ficit, y en 2024 otro tanto a la baja, tratando de que de aqu\u00ed a que concluya mi gobierno podamos tener en ceros este d\u00e9ficit.<\/p>\n<p>Participaciones sufrieron una baja de 2 mil 500 millones de pesos, lo programado, lo contemplado en el presupuesto federal por el comportamiento de los ingresos se fueron reduciendo y tambi\u00e9n si hubi\u00e9ramos recibido el mismo n\u00famero que el a\u00f1o pasado el d\u00e9ficit fuera de 350 millones de pesos.<\/p>\n<p>[Conferencia de prensa del gobernador Alfonso Durazo Monta\u00f1o<\/p>\n<p>&nbsp;<\/p>\n<p>Jos\u00e9 Manuel Quijada-secretario de Hacienda<\/p>\n<p>&nbsp;<\/p>\n<p>&nbsp;<\/p>\n<p>Se estima un cr\u00e9dito a corto plazo, se debe fundamentalmente porque hemos estado apoyando a Isssteson.<\/p>\n<p>&nbsp;<\/p>\n<p>Estamos gestionando apoyos extraordinarios, ese nuevo cr\u00e9dito tal vez no lo podamos ejercer.<\/p>\n<p>&nbsp;<\/p>\n<p>Aumentar los ingresos propios, por el lado del gasto tenemos que hacerlo mucho m\u00e1s efectivo, debemos llevar un control del presupuesto, tenemos que detectar variaciones importantes, que el estado sea eficaz en su gasto.<\/p>\n<p>Ante eventualidad de necesitar ese dinero lo paga el gobierno al siguiente a\u00f1o, es decir lo que ahora necesitemos para cerrar el 2023 lo tenemos que pagar en 2024, y en 2024 pedimos lo que se requiere para cerrar el 2024, no incrementamos la deuda de largo plazo.<\/p>\n<p>Froyl\u00e1n G\u00e1mez Gamboa-director general de Issteson<\/p>\n<p>&nbsp;<\/p>\n<p>&nbsp;<\/p>\n<p>-Los ingresos de Isssteson por cuotas de aportaciones son insuficientes para cubrir las necesidades de el mismo, en 2020 dej\u00f3 el estado sin apoyo adicional al Isssteson, para 2021 se inyectan mil 196 millones de pesos adicionales, para este a\u00f1o 2 mil 660 millones de pesos adicionales a lo presupuestado para cubrir el d\u00e9ficit en pensiones.<\/p>\n<p>Gasta 2 mil 660 millones de pesos m\u00e1s de lo que ingresa.<\/p>\n<p>En 2021 y 2022 el estado liquid\u00f3 lo que deb\u00eda a Isssteson, no se deben cuotas al Isssteson.<\/p>\n<p>&nbsp;<\/p>\n<p>-El gobierno del estado no debe un quinto a ninguna instituci\u00f3n o municipio, todas participaciones est\u00e1n cubiertas en tiempo, forma, y cantidad.<\/p>\n<p>Ahora el presupuesto sale para donde est\u00e1 programado.<\/p>\n<p>&nbsp;<\/p>\n<p>Las participaciones son sagradas y las hemos recibido con toda puntualidad del gobierno federal, son sagradas las participaciones de municipios y organismos aut\u00f3nomos.<\/p>\n<p>&nbsp;<\/p>\n<p>Hemos recibido 1 mil 308 millones de pesos, 1 mil 258 de subsidio para n\u00f3mina de pensionados y 50 millones de pesos para medicamentos.<\/p>\n<p>&nbsp;<\/p>\n<p>-Esto es lo que necesitamos, 2 mil 600 millones de pesos, que es lo adicional que pone la Secretar\u00eda al Isssteson.<\/p>\n<p>&nbsp;<\/p>\n<p>-Ha crecido en 48% la n\u00f3mina de pensionados, llega el gobernador es que se empiezan a reactivar, por eso el informe mencionaba el gobernador un 36% en el abatimiento al rezago de pensionados.<\/p>\n<p>&nbsp;<\/p>\n<p>-Antes de que lleg\u00e1ramos hab\u00eda trabajadores que ya hab\u00edan cumplido la etapa de retiro, sin embargo, como no hab\u00eda recursos los tuvieron esperando indebidamente, entonces nosotros hemos venido reduciendo la lista de espera, es por eso que se increment\u00f3 en 48%.<\/p>\n<p>&nbsp;<\/p>\n<p>-El gobernador recibi\u00f3 3 mil pensiones en rezago, viene una junta directiva en diciembre, cerraremos el a\u00f1o en 2 mil pensiones.<\/p>\n<p>&nbsp;<\/p>\n<p>-Actualmente a los dos mil que est\u00e1n por pensionarse hay m\u00e1s de seis mil que pudieran solicitar su jubilaci\u00f3n o pensi\u00f3n.<\/p>\n<p>&nbsp;<\/p>\n<p>-4 mil 125 millones de pesos es lo que recaudamos por fondo de pensiones, si cumplimos con esto, podemos decir rezago cero en materia de jubilaciones y pensiones.<\/p>\n<p>&nbsp;<\/p>\n<p>Se ha podido reactivar el fondo de prestaciones econ\u00f3micas, se pon\u00edan de acuerdo con abogados para sacar ese recurso.<\/p>\n<p>&nbsp;<\/p>\n<p>-Se han pagado m\u00e1s de 500 millones de pesos en prestaciones econ\u00f3micas, se reactivaron cr\u00e9ditos hipotecarios.<\/p>\n<p>&nbsp;<\/p>\n<p>-Fondo de vivienda tiene m\u00e1s de 200 millones de pesos.<\/p>\n<p>&nbsp;<\/p>\n<p>-Increment\u00f3 179% la existencia de medicamentos.<\/p>\n<p>&nbsp;<\/p>\n<p>-Se reactiv\u00f3 atenci\u00f3n m\u00e9dica en fines de semana.<\/p>\n<p>&nbsp;<\/p>\n<p>-Se reorganiz\u00f3 al personal m\u00e9dico.<\/p>\n<p>&nbsp;<\/p>\n<p>-Se pudieron contratar m\u00e1s m\u00e9dicos.<\/p>\n<p>&nbsp;<\/p>\n<p>-El abatimiento en rezago al tr\u00e1mite de pensiones.<\/p>\n<p>&nbsp;<\/p>\n<p>-De las pensiones y jubilaciones que se atendieron mil m\u00e1s fueron atendidas.<\/p>\n<p><strong>Fecha de publicaci\u00f3n mi\u00e9rcoles 22<\/strong><strong> \u00a0de noviembre de 2023<\/strong><\/p>\n<p>&nbsp;<\/p>\n<p>&nbsp;<\/p>\n<p>Alfonso Durazo Monta\u00f1o-gobernador de Sonora<\/p>\n<p>&nbsp;<\/p>\n<p>-El n\u00famero de pensiones m\u00e1s altas, hay un caso de una pensi\u00f3n, cuando menos de 280 mil pesos, ah\u00ed se cometieron abusos, nada m\u00e1s que como suced\u00eda, hab\u00eda capacidad de dotar de apariencia de legalidad a decisiones de gobierno, est\u00e1n blindadas jur\u00eddicamente, indebidamente, ya hubi\u00e9semos actuado contra ellas.<\/p>\n<p>&nbsp;<\/p>\n<p>-Como el recurso no alcanza hay que pedir cr\u00e9dito, pero no podemos vivir de prestado, vamos a presentar soluciones.<\/p>\n","protected":false},"excerpt":{"rendered":"<p>Arrastra Gobierno de Sonora d\u00e9ficit presupuestario de m\u00e1s de MX $10 mil millones desde 2016&#8230;<\/p>\n","protected":false},"author":1,"featured_media":179643,"comment_status":"open","ping_status":"open","sticky":false,"template":"","format":"standard","meta":{"_monsterinsights_skip_tracking":false,"_monsterinsights_sitenote_active":false,"_monsterinsights_sitenote_note":"","_monsterinsights_sitenote_category":0,"footnotes":""},"categories":[6493],"tags":[9157,25,15],"class_list":["post"],"yoast_head":" \n<title>Sonora en Equipo. Arrastra Gobierno de Sonora d\u00e9ficit presupuestario de m\u00e1s de MX $10 mil millones desde 2016 PALABRAS Y N\u00daMEROS<\/title>\n<meta name=\"description\" content=\"Arrastra Gobierno de Sonora d\u00e9ficit presupuestario de m\u00e1s de MX $10 mil millones desde 2016 &nbsp; HERMOSILLO, SONORA,MX.\u02d7\u02d7\u02d7 \u00a0En rueda de prensa ayer el En Sonora en Equipo publicamos toda la informaci\u00f3n de Sonora, M\u00e9xico y el Mundo de manera oportuna y busca que la libertad de expresi\u00f3n sea real. Visita nuestro medio informativo publicado desde Hermosillo, Sonora. %\" \/>\n<meta name=\"robots\" content=\"index, follow, max-snippet:-1, max-image-preview:large, max-video-preview:-1\" \/>\n<link rel=\"canonical\" href=\"https:\/\/www.sonoraenequipo.com.mx\/arrastra-gobierno-de-sonora-deficit-presupuestario-de-mas-de-mx-10-mil-millones-desde-2016\/\" \/>\n<meta property=\"og:locale\" content=\"es_ES\" \/>\n<meta property=\"og:type\" content=\"article\" \/>\n<meta property=\"og:title\" content=\"Sonora en Equipo. Arrastra Gobierno de Sonora d\u00e9ficit presupuestario de m\u00e1s de MX $10 mil millones desde 2016 PALABRAS Y N\u00daMEROS\" \/>\n<meta property=\"og:description\" content=\"Arrastra Gobierno de Sonora d\u00e9ficit presupuestario de m\u00e1s de MX $10 mil millones desde 2016 &nbsp; HERMOSILLO, SONORA,MX.\u02d7\u02d7\u02d7 \u00a0En rueda de prensa ayer el En Sonora en Equipo publicamos toda la informaci\u00f3n de Sonora, M\u00e9xico y el Mundo de manera oportuna y busca que la libertad de expresi\u00f3n sea real. Visita nuestro medio informativo publicado desde Hermosillo, Sonora. %\" \/>\n<meta property=\"og:url\" content=\"https:\/\/www.sonoraenequipo.com.mx\/arrastra-gobierno-de-sonora-deficit-presupuestario-de-mas-de-mx-10-mil-millones-desde-2016\/\" \/>\n<meta property=\"og:site_name\" content=\"Sonora en Equipo.\" \/>\n<meta property=\"article:publisher\" content=\"https:\/\/www.facebook.com\/SonoraEE\/\" \/>\n<meta property=\"article:author\" content=\"https:\/\/www.facebook.com\/SonoraEE\" \/>\n<meta property=\"article:published_time\" content=\"2023-11-22T22:13:07+00:00\" \/>\n<meta property=\"og:image\" content=\"https:\/\/www.sonoraenequipo.com.mx\/storage\/2023\/11\/adm-rp2.jpg\" \/>\n\t<meta property=\"og:image:width\" content=\"600\" \/>\n\t<meta property=\"og:image:height\" content=\"399\" \/>\n\t<meta property=\"og:image:type\" content=\"image\/jpeg\" \/>\n<meta name=\"author\" content=\"enequipo\" \/>\n<meta name=\"twitter:card\" content=\"summary_large_image\" \/>\n<meta name=\"twitter:creator\" content=\"@sonoraenequipo\" \/>\n<meta name=\"twitter:site\" content=\"@sonoraenequipo\" \/>\n<meta name=\"twitter:label1\" content=\"Escrito por\" \/>\n\t<meta name=\"twitter:data1\" content=\"enequipo\" \/>\n\t<meta name=\"twitter:label2\" content=\"Tiempo de lectura\" \/>\n\t<meta name=\"twitter:data2\" content=\"5 minutos\" \/>\n<script type=\"application\/ld+json\" class=\"yoast-schema-graph\">{\"@context\":\"https:\/\/schema.org\",\"@graph\":[{\"@type\":\"Article\",\"@id\":\"https:\/\/www.sonoraenequipo.com.mx\/arrastra-gobierno-de-sonora-deficit-presupuestario-de-mas-de-mx-10-mil-millones-desde-2016\/#article\",\"isPartOf\":{\"@id\":\"https:\/\/www.sonoraenequipo.com.mx\/arrastra-gobierno-de-sonora-deficit-presupuestario-de-mas-de-mx-10-mil-millones-desde-2016\/\"},\"author\":{\"name\":\"enequipo\",\"@id\":\"https:\/\/www.sonoraenequipo.com.mx\/#\/schema\/person\/50102df0fb23a8fa9e8effad8fa81386\"},\"headline\":\"Arrastra Gobierno de Sonora d\u00e9ficit presupuestario de m\u00e1s de MX $10 mil millones desde 2016\",\"datePublished\":\"2023-11-22T22:13:07+00:00\",\"mainEntityOfPage\":{\"@id\":\"https:\/\/www.sonoraenequipo.com.mx\/arrastra-gobierno-de-sonora-deficit-presupuestario-de-mas-de-mx-10-mil-millones-desde-2016\/\"},\"wordCount\":959,\"commentCount\":0,\"publisher\":{\"@id\":\"https:\/\/www.sonoraenequipo.com.mx\/#organization\"},\"image\":{\"@id\":\"https:\/\/www.sonoraenequipo.com.mx\/arrastra-gobierno-de-sonora-deficit-presupuestario-de-mas-de-mx-10-mil-millones-desde-2016\/#primaryimage\"},\"thumbnailUrl\":\"https:\/\/www.sonoraenequipo.com.mx\/storage\/2023\/11\/adm-rp2.jpg\",\"keywords\":[\"dficit\",\"presupuesto\",\"Sonora\"],\"articleSection\":[\"PALABRAS Y N\u00daMEROS\"],\"inLanguage\":\"es\",\"potentialAction\":[{\"@type\":\"CommentAction\",\"name\":\"Comment\",\"target\":[\"https:\/\/www.sonoraenequipo.com.mx\/arrastra-gobierno-de-sonora-deficit-presupuestario-de-mas-de-mx-10-mil-millones-desde-2016\/#respond\"]}]},{\"@type\":\"WebPage\",\"@id\":\"https:\/\/www.sonoraenequipo.com.mx\/arrastra-gobierno-de-sonora-deficit-presupuestario-de-mas-de-mx-10-mil-millones-desde-2016\/\",\"url\":\"https:\/\/www.sonoraenequipo.com.mx\/arrastra-gobierno-de-sonora-deficit-presupuestario-de-mas-de-mx-10-mil-millones-desde-2016\/\",\"name\":\"Sonora en Equipo. Arrastra Gobierno de Sonora d\u00e9ficit presupuestario de m\u00e1s de MX $10 mil millones desde 2016 PALABRAS Y N\u00daMEROS\",\"isPartOf\":{\"@id\":\"https:\/\/www.sonoraenequipo.com.mx\/#website\"},\"primaryImageOfPage\":{\"@id\":\"https:\/\/www.sonoraenequipo.com.mx\/arrastra-gobierno-de-sonora-deficit-presupuestario-de-mas-de-mx-10-mil-millones-desde-2016\/#primaryimage\"},\"image\":{\"@id\":\"https:\/\/www.sonoraenequipo.com.mx\/arrastra-gobierno-de-sonora-deficit-presupuestario-de-mas-de-mx-10-mil-millones-desde-2016\/#primaryimage\"},\"thumbnailUrl\":\"https:\/\/www.sonoraenequipo.com.mx\/storage\/2023\/11\/adm-rp2.jpg\",\"datePublished\":\"2023-11-22T22:13:07+00:00\",\"description\":\"Arrastra Gobierno de Sonora d\u00e9ficit presupuestario de m\u00e1s de MX $10 mil millones desde 2016 &nbsp; HERMOSILLO, SONORA,MX.\u02d7\u02d7\u02d7 \u00a0En rueda de prensa ayer el En Sonora en Equipo publicamos toda la informaci\u00f3n de Sonora, M\u00e9xico y el Mundo de manera oportuna y busca que la libertad de expresi\u00f3n sea real. Visita nuestro medio informativo publicado desde Hermosillo, Sonora. %\",\"breadcrumb\":{\"@id\":\"https:\/\/www.sonoraenequipo.com.mx\/arrastra-gobierno-de-sonora-deficit-presupuestario-de-mas-de-mx-10-mil-millones-desde-2016\/#breadcrumb\"},\"inLanguage\":\"es\",\"potentialAction\":[{\"@type\":\"ReadAction\",\"target\":[\"https:\/\/www.sonoraenequipo.com.mx\/arrastra-gobierno-de-sonora-deficit-presupuestario-de-mas-de-mx-10-mil-millones-desde-2016\/\"]}]},{\"@type\":\"ImageObject\",\"inLanguage\":\"es\",\"@id\":\"https:\/\/www.sonoraenequipo.com.mx\/arrastra-gobierno-de-sonora-deficit-presupuestario-de-mas-de-mx-10-mil-millones-desde-2016\/#primaryimage\",\"url\":\"https:\/\/www.sonoraenequipo.com.mx\/storage\/2023\/11\/adm-rp2.jpg\",\"contentUrl\":\"https:\/\/www.sonoraenequipo.com.mx\/storage\/2023\/11\/adm-rp2.jpg\",\"width\":600,\"height\":399},{\"@type\":\"BreadcrumbList\",\"@id\":\"https:\/\/www.sonoraenequipo.com.mx\/arrastra-gobierno-de-sonora-deficit-presupuestario-de-mas-de-mx-10-mil-millones-desde-2016\/#breadcrumb\",\"itemListElement\":[{\"@type\":\"ListItem\",\"position\":1,\"name\":\"Portada\",\"item\":\"https:\/\/www.sonoraenequipo.com.mx\/\"},{\"@type\":\"ListItem\",\"position\":2,\"name\":\"Arrastra Gobierno de Sonora d\u00e9ficit presupuestario de m\u00e1s de MX $10 mil millones desde 2016\"}]},{\"@type\":\"WebSite\",\"@id\":\"https:\/\/www.sonoraenequipo.com.mx\/#website\",\"url\":\"https:\/\/www.sonoraenequipo.com.mx\/\",\"name\":\"Sonora en Equipo.\",\"description\":\"Diario en l\u00ednea con Noticias desde Hermosillo, Sonora\",\"publisher\":{\"@id\":\"https:\/\/www.sonoraenequipo.com.mx\/#organization\"},\"potentialAction\":[{\"@type\":\"SearchAction\",\"target\":{\"@type\":\"EntryPoint\",\"urlTemplate\":\"https:\/\/www.sonoraenequipo.com.mx\/?s={search_term_string}\"},\"query-input\":{\"@type\":\"PropertyValueSpecification\",\"valueRequired\":true,\"valueName\":\"search_term_string\"}}],\"inLanguage\":\"es\"},{\"@type\":\"Organization\",\"@id\":\"https:\/\/www.sonoraenequipo.com.mx\/#organization\",\"name\":\"Sonoraenequipo.com.mx\",\"url\":\"https:\/\/www.sonoraenequipo.com.mx\/\",\"logo\":{\"@type\":\"ImageObject\",\"inLanguage\":\"es\",\"@id\":\"https:\/\/www.sonoraenequipo.com.mx\/#\/schema\/logo\/image\/\",\"url\":\"https:\/\/www.sonoraenequipo.com.mx\/storage\/2019\/01\/sonoraenequipo_opt.png\",\"contentUrl\":\"https:\/\/www.sonoraenequipo.com.mx\/storage\/2019\/01\/sonoraenequipo_opt.png\",\"width\":375,\"height\":125,\"caption\":\"Sonoraenequipo.com.mx\"},\"image\":{\"@id\":\"https:\/\/www.sonoraenequipo.com.mx\/#\/schema\/logo\/image\/\"},\"sameAs\":[\"https:\/\/www.facebook.com\/SonoraEE\/\",\"https:\/\/x.com\/sonoraenequipo\",\"https:\/\/www.youtube.com\/channel\/UC338nW-lPEYmJQs4ZABQ1SQ\"]},{\"@type\":\"Person\",\"@id\":\"https:\/\/www.sonoraenequipo.com.mx\/#\/schema\/person\/50102df0fb23a8fa9e8effad8fa81386\",\"name\":\"enequipo\",\"image\":{\"@type\":\"ImageObject\",\"inLanguage\":\"es\",\"@id\":\"https:\/\/www.sonoraenequipo.com.mx\/#\/schema\/person\/image\/\",\"url\":\"https:\/\/secure.gravatar.com\/avatar\/049821681b589dabc0bc20695993ccebb09f5b5d4d790cd9251b97faac7c652b?s=96&d=blank&r=g\",\"contentUrl\":\"https:\/\/secure.gravatar.com\/avatar\/049821681b589dabc0bc20695993ccebb09f5b5d4d790cd9251b97faac7c652b?s=96&d=blank&r=g\",\"caption\":\"enequipo\"},\"sameAs\":[\"https:\/\/www.facebook.com\/SonoraEE\"]}]}<\/script>\n ","yoast_head_json":{"title":"Sonora en Equipo. Arrastra Gobierno de Sonora d\u00e9ficit presupuestario de m\u00e1s de MX $10 mil millones desde 2016 PALABRAS Y N\u00daMEROS","description":"Arrastra Gobierno de Sonora d\u00e9ficit presupuestario de m\u00e1s de MX $10 mil millones desde 2016 &nbsp; HERMOSILLO, SONORA,MX.\u02d7\u02d7\u02d7 \u00a0En rueda de prensa ayer el En Sonora en Equipo publicamos toda la informaci\u00f3n de Sonora, M\u00e9xico y el Mundo de manera oportuna y busca que la libertad de expresi\u00f3n sea real. Visita nuestro medio informativo publicado desde Hermosillo, Sonora. %","robots":{"index":"index","follow":"follow","max-snippet":"max-snippet:-1","max-image-preview":"max-image-preview:large","max-video-preview":"max-video-preview:-1"},"canonical":"https:\/\/www.sonoraenequipo.com.mx\/arrastra-gobierno-de-sonora-deficit-presupuestario-de-mas-de-mx-10-mil-millones-desde-2016\/","og_locale":"es_ES","og_type":"article","og_title":"Sonora en Equipo. Arrastra Gobierno de Sonora d\u00e9ficit presupuestario de m\u00e1s de MX $10 mil millones desde 2016 PALABRAS Y N\u00daMEROS","og_description":"Arrastra Gobierno de Sonora d\u00e9ficit presupuestario de m\u00e1s de MX $10 mil millones desde 2016 &nbsp; HERMOSILLO, SONORA,MX.\u02d7\u02d7\u02d7 \u00a0En rueda de prensa ayer el En Sonora en Equipo publicamos toda la informaci\u00f3n de Sonora, M\u00e9xico y el Mundo de manera oportuna y busca que la libertad de expresi\u00f3n sea real. Visita nuestro medio informativo publicado desde Hermosillo, Sonora. %","og_url":"https:\/\/www.sonoraenequipo.com.mx\/arrastra-gobierno-de-sonora-deficit-presupuestario-de-mas-de-mx-10-mil-millones-desde-2016\/","og_site_name":"Sonora en Equipo.","article_publisher":"https:\/\/www.facebook.com\/SonoraEE\/","article_author":"https:\/\/www.facebook.com\/SonoraEE","article_published_time":"2023-11-22T22:13:07+00:00","og_image":[{"width":600,"height":399,"url":"https:\/\/www.sonoraenequipo.com.mx\/storage\/2023\/11\/adm-rp2.jpg","type":"image\/jpeg"}],"author":"enequipo","twitter_card":"summary_large_image","twitter_creator":"@sonoraenequipo","twitter_site":"@sonoraenequipo","twitter_misc":{"Escrito por":"enequipo","Tiempo de lectura":"5 minutos"},"schema":{"@context":"https:\/\/schema.org","@graph":[{"@type":"Article","@id":"https:\/\/www.sonoraenequipo.com.mx\/arrastra-gobierno-de-sonora-deficit-presupuestario-de-mas-de-mx-10-mil-millones-desde-2016\/#article","isPartOf":{"@id":"https:\/\/www.sonoraenequipo.com.mx\/arrastra-gobierno-de-sonora-deficit-presupuestario-de-mas-de-mx-10-mil-millones-desde-2016\/"},"author":{"name":"enequipo","@id":"https:\/\/www.sonoraenequipo.com.mx\/#\/schema\/person\/50102df0fb23a8fa9e8effad8fa81386"},"headline":"Arrastra Gobierno de Sonora d\u00e9ficit presupuestario de m\u00e1s de MX $10 mil millones desde 2016","datePublished":"2023-11-22T22:13:07+00:00","mainEntityOfPage":{"@id":"https:\/\/www.sonoraenequipo.com.mx\/arrastra-gobierno-de-sonora-deficit-presupuestario-de-mas-de-mx-10-mil-millones-desde-2016\/"},"wordCount":959,"commentCount":0,"publisher":{"@id":"https:\/\/www.sonoraenequipo.com.mx\/#organization"},"image":{"@id":"https:\/\/www.sonoraenequipo.com.mx\/arrastra-gobierno-de-sonora-deficit-presupuestario-de-mas-de-mx-10-mil-millones-desde-2016\/#primaryimage"},"thumbnailUrl":"https:\/\/www.sonoraenequipo.com.mx\/storage\/2023\/11\/adm-rp2.jpg","keywords":["dficit","presupuesto","Sonora"],"articleSection":["PALABRAS Y N\u00daMEROS"],"inLanguage":"es","potentialAction":[{"@type":"CommentAction","name":"Comment","target":["https:\/\/www.sonoraenequipo.com.mx\/arrastra-gobierno-de-sonora-deficit-presupuestario-de-mas-de-mx-10-mil-millones-desde-2016\/#respond"]}]},{"@type":"WebPage","@id":"https:\/\/www.sonoraenequipo.com.mx\/arrastra-gobierno-de-sonora-deficit-presupuestario-de-mas-de-mx-10-mil-millones-desde-2016\/","url":"https:\/\/www.sonoraenequipo.com.mx\/arrastra-gobierno-de-sonora-deficit-presupuestario-de-mas-de-mx-10-mil-millones-desde-2016\/","name":"Sonora en Equipo. Arrastra Gobierno de Sonora d\u00e9ficit presupuestario de m\u00e1s de MX $10 mil millones desde 2016 PALABRAS Y N\u00daMEROS","isPartOf":{"@id":"https:\/\/www.sonoraenequipo.com.mx\/#website"},"primaryImageOfPage":{"@id":"https:\/\/www.sonoraenequipo.com.mx\/arrastra-gobierno-de-sonora-deficit-presupuestario-de-mas-de-mx-10-mil-millones-desde-2016\/#primaryimage"},"image":{"@id":"https:\/\/www.sonoraenequipo.com.mx\/arrastra-gobierno-de-sonora-deficit-presupuestario-de-mas-de-mx-10-mil-millones-desde-2016\/#primaryimage"},"thumbnailUrl":"https:\/\/www.sonoraenequipo.com.mx\/storage\/2023\/11\/adm-rp2.jpg","datePublished":"2023-11-22T22:13:07+00:00","description":"Arrastra Gobierno de Sonora d\u00e9ficit presupuestario de m\u00e1s de MX $10 mil millones desde 2016 &nbsp; HERMOSILLO, SONORA,MX.\u02d7\u02d7\u02d7 \u00a0En rueda de prensa ayer el En Sonora en Equipo publicamos toda la informaci\u00f3n de Sonora, M\u00e9xico y el Mundo de manera oportuna y busca que la libertad de expresi\u00f3n sea real. Visita nuestro medio informativo publicado desde Hermosillo, Sonora. %","breadcrumb":{"@id":"https:\/\/www.sonoraenequipo.com.mx\/arrastra-gobierno-de-sonora-deficit-presupuestario-de-mas-de-mx-10-mil-millones-desde-2016\/#breadcrumb"},"inLanguage":"es","potentialAction":[{"@type":"ReadAction","target":["https:\/\/www.sonoraenequipo.com.mx\/arrastra-gobierno-de-sonora-deficit-presupuestario-de-mas-de-mx-10-mil-millones-desde-2016\/"]}]},{"@type":"ImageObject","inLanguage":"es","@id":"https:\/\/www.sonoraenequipo.com.mx\/arrastra-gobierno-de-sonora-deficit-presupuestario-de-mas-de-mx-10-mil-millones-desde-2016\/#primaryimage","url":"https:\/\/www.sonoraenequipo.com.mx\/storage\/2023\/11\/adm-rp2.jpg","contentUrl":"https:\/\/www.sonoraenequipo.com.mx\/storage\/2023\/11\/adm-rp2.jpg","width":600,"height":399},{"@type":"BreadcrumbList","@id":"https:\/\/www.sonoraenequipo.com.mx\/arrastra-gobierno-de-sonora-deficit-presupuestario-de-mas-de-mx-10-mil-millones-desde-2016\/#breadcrumb","itemListElement":[{"@type":"ListItem","position":1,"name":"Portada","item":"https:\/\/www.sonoraenequipo.com.mx\/"},{"@type":"ListItem","position":2,"name":"Arrastra Gobierno de Sonora d\u00e9ficit presupuestario de m\u00e1s de MX $10 mil millones desde 2016"}]},{"@type":"WebSite","@id":"https:\/\/www.sonoraenequipo.com.mx\/#website","url":"https:\/\/www.sonoraenequipo.com.mx\/","name":"Sonora en Equipo.","description":"Diario en l\u00ednea con Noticias desde Hermosillo, Sonora","publisher":{"@id":"https:\/\/www.sonoraenequipo.com.mx\/#organization"},"potentialAction":[{"@type":"SearchAction","target":{"@type":"EntryPoint","urlTemplate":"https:\/\/www.sonoraenequipo.com.mx\/?s={search_term_string}"},"query-input":{"@type":"PropertyValueSpecification","valueRequired":true,"valueName":"search_term_string"}}],"inLanguage":"es"},{"@type":"Organization","@id":"https:\/\/www.sonoraenequipo.com.mx\/#organization","name":"Sonoraenequipo.com.mx","url":"https:\/\/www.sonoraenequipo.com.mx\/","logo":{"@type":"ImageObject","inLanguage":"es","@id":"https:\/\/www.sonoraenequipo.com.mx\/#\/schema\/logo\/image\/","url":"https:\/\/www.sonoraenequipo.com.mx\/storage\/2019\/01\/sonoraenequipo_opt.png","contentUrl":"https:\/\/www.sonoraenequipo.com.mx\/storage\/2019\/01\/sonoraenequipo_opt.png","width":375,"height":125,"caption":"Sonoraenequipo.com.mx"},"image":{"@id":"https:\/\/www.sonoraenequipo.com.mx\/#\/schema\/logo\/image\/"},"sameAs":["https:\/\/www.facebook.com\/SonoraEE\/","https:\/\/x.com\/sonoraenequipo","https:\/\/www.youtube.com\/channel\/UC338nW-lPEYmJQs4ZABQ1SQ"]},{"@type":"Person","@id":"https:\/\/www.sonoraenequipo.com.mx\/#\/schema\/person\/50102df0fb23a8fa9e8effad8fa81386","name":"enequipo","image":{"@type":"ImageObject","inLanguage":"es","@id":"https:\/\/www.sonoraenequipo.com.mx\/#\/schema\/person\/image\/","url":"https:\/\/secure.gravatar.com\/avatar\/049821681b589dabc0bc20695993ccebb09f5b5d4d790cd9251b97faac7c652b?s=96&d=blank&r=g","contentUrl":"https:\/\/secure.gravatar.com\/avatar\/049821681b589dabc0bc20695993ccebb09f5b5d4d790cd9251b97faac7c652b?s=96&d=blank&r=g","caption":"enequipo"},"sameAs":["https:\/\/www.facebook.com\/SonoraEE"]}]}},"jetpack_featured_media_url":"https:\/\/www.sonoraenequipo.com.mx\/storage\/2023\/11\/adm-rp2.jpg","_links":{"self":[{"href":"https:\/\/www.sonoraenequipo.com.mx\/api\/wp\/v2\/posts\/179642","targetHints":{"allow":["GET"]}}],"collection":[{"href":"https:\/\/www.sonoraenequipo.com.mx\/api\/wp\/v2\/posts"}],"about":[{"href":"https:\/\/www.sonoraenequipo.com.mx\/api\/wp\/v2\/types\/post"}],"author":[{"embeddable":true,"href":"https:\/\/www.sonoraenequipo.com.mx\/api\/wp\/v2\/users\/1"}],"replies":[{"embeddable":true,"href":"https:\/\/www.sonoraenequipo.com.mx\/api\/wp\/v2\/comments?post=179642"}],"version-history":[{"count":1,"href":"https:\/\/www.sonoraenequipo.com.mx\/api\/wp\/v2\/posts\/179642\/revisions"}],"predecessor-version":[{"id":179644,"href":"https:\/\/www.sonoraenequipo.com.mx\/api\/wp\/v2\/posts\/179642\/revisions\/179644"}],"wp:featuredmedia":[{"embeddable":true,"href":"https:\/\/www.sonoraenequipo.com.mx\/api\/wp\/v2\/media\/179643"}],"wp:attachment":[{"href":"https:\/\/www.sonoraenequipo.com.mx\/api\/wp\/v2\/media?parent=179642"}],"wp:term":[{"taxonomy":"category","embeddable":true,"href":"https:\/\/www.sonoraenequipo.com.mx\/api\/wp\/v2\/categories?post=179642"},{"taxonomy":"post_tag","embeddable":true,"href":"https:\/\/www.sonoraenequipo.com.mx\/api\/wp\/v2\/tags?post=179642"}],"curies":[{"name":"wp","href":"https:\/\/api.w.org\/{rel}","templated":true}]}}