{"id":179648,"date":"2023-11-22T15:52:26","date_gmt":"2023-11-22T22:52:26","guid":{"rendered":"https:\/\/www.sonoraenequipo.com.mx\/?p=179648"},"modified":"2023-11-22T16:16:12","modified_gmt":"2023-11-22T23:16:12","slug":"recupera-tono-astiazaran-servicio-de-transporte-escolar-gratuito-a-estudiantes-de-3-comunidades-rurales","status":"publish","type":"post","link":"https:\/\/www.sonoraenequipo.com.mx\/recupera-tono-astiazaran-servicio-de-transporte-escolar-gratuito-a-estudiantes-de-3-comunidades-rurales\/","title":{"rendered":"HERMOSILLO. Recuperan autoridades servicio de transporte escolar gratuito a estudiantes de 3 comunidades rurales"},"content":{"rendered":"<p><b>HERMOSILLO, SONORA, MX.<\/b><strong>\u02d7\u02d7\u02d7 <\/strong>\u201cExpreso mi agradecimiento al Presidente Municipal por hacer v\u00e1lida nuestra petici\u00f3n\u201d destac\u00f3 la joven Roxana Miranda Dom\u00ednguez, quien, al igual que 50 estudiantes m\u00e1s de Mesa del Seri, San Bartolo y El Realito podr\u00e1n trasladarse gratuitamente en transporte escolar a tomar clases en planteles en Hermosillo.<\/p>\n<p>&nbsp;<\/p>\n<p>La estudiante de tercer semestre de Ingenier\u00eda Industrial y de Sistemas de la Universidad de Sonora destac\u00f3 lo que significa el regreso de este traslado gratuito, ya que ahorrar\u00e1n en gastos en el recorrido diario de los kil\u00f3metros que separan el \u00e1rea rural de la urbana, poder seguir adelante para forjar un futuro en las aulas y cumplir sus metas.<\/p>\n<p>&nbsp;<\/p>\n<p>To\u00f1o Astiazar\u00e1n refrend\u00f3 el compromiso de gobernar para todas y todos, trabajar y resolver necesidades tanto en el \u00e1rea urbana como las comunidades rurales y subray\u00f3 que las tarjetas de transporte gratuito para estudiantes de nivel medio superior y superior responden a una necesidad que se hizo llegar a la Secretar\u00eda del Ayuntamiento a trav\u00e9s del Delegado Municipal, Arturo Bernal.<\/p>\n<p>&nbsp;<\/p>\n<p>\u201cLa inversi\u00f3n que hagamos en la educaci\u00f3n de ustedes es mucho m\u00e1s valorada para nosotros en el Gobierno Municipal que cualquier obra f\u00edsica que podamos hacer. Despu\u00e9s de la pandemia se interrumpi\u00f3 este servicio tan sentido y necesitado para nuestros estudiantes\u201d, destac\u00f3 To\u00f1o Astiazar\u00e1n sobre este apoyo de 300 mil pesos anuales con recursos del Ayuntamiento.<\/p>\n<p>&nbsp;<\/p>\n<p>Con la reanudaci\u00f3n de este servicio, los 51 estudiantes de Mesa del Seri, San Bartolo y El Realito podr\u00e1n trasladarse diariamente de forma gratuita al \u00e1rea urbana de Hermosillo para sus estudios en Telebachillerato, Conalep, Unison, UES y Cobach.<\/p>\n<p>&nbsp;<\/p>\n<p>To\u00f1o Astiazar\u00e1n entreg\u00f3 adem\u00e1s obras relevantes para el Ejido Mesa del Seri, como es la rehabilitaci\u00f3n de la Plaza El Tinaco y la Calle Principal con una inversi\u00f3n cercana a los 1.7 millones de pesos.<\/p>\n<p>&nbsp;<\/p>\n<p>La titular de la Coordinaci\u00f3n de Infraestructura, Desarrollo Urbano y Ecolog\u00eda (CIDUE), Astart\u00e9 Corro Ruiz la rehabilitaci\u00f3n de plaza contempla juegos infantiles, equipo deportivo, kiosko, instalaci\u00f3n de bancas, botes de basura y sistema de alumbrado con una inversi\u00f3n de 860 mil 996 pesos.<\/p>\n<p>&nbsp;<\/p>\n<p>En relaci\u00f3n con la Calle Principal, que durante a\u00f1os dificult\u00f3 el traslado de sus habitantes debido a las condiciones deterioradas en las que se encontraba, se realiz\u00f3 un recarpeteo de 546 metros lineales y se\u00f1alamiento con una inversi\u00f3n de 594 mil 774 pesos.<\/p>\n<p>&nbsp;<\/p>\n<p>Presentes el regidor Rafael Cruz; Florencio D\u00edaz Armenta, secretario de Ayuntamiento; David Rojas, director Operativo de la Secretar\u00eda de Ayuntamiento; Jorge Piri delegado de El Realito; Alma Rosa Escalante, delegada de San Bartolo; Mariela L\u00f3pez, presidenta del Comit\u00e9 CRECES Mesa del Seri; \u00d3scar Rangel, director del \u00c1rea Rural; Domingo Gonz\u00e1lez, presidente del Comisariado Ejidal.<\/p>\n<p><strong>Fecha de publicaci\u00f3n mi\u00e9rcoles 22<\/strong><strong> \u00a0de noviembre de 2023<\/strong><\/p>\n<p>&nbsp;<\/p>\n","protected":false},"excerpt":{"rendered":"<p>HERMOSILLO, SONORA, MX.\u02d7\u02d7\u02d7 \u201cExpreso mi agradecimiento al Presidente Municipal por hacer v\u00e1lida nuestra petici\u00f3n\u201d destac\u00f3&#8230;<\/p>\n","protected":false},"author":1,"featured_media":179649,"comment_status":"open","ping_status":"open","sticky":false,"template":"","format":"standard","meta":{"_monsterinsights_skip_tracking":false,"_monsterinsights_sitenote_active":false,"_monsterinsights_sitenote_note":"","_monsterinsights_sitenote_category":0,"footnotes":""},"categories":[4],"tags":[],"class_list":["post"],"yoast_head":" \n<title>Sonora en Equipo. HERMOSILLO. Recuperan autoridades servicio de transporte escolar gratuito a estudiantes de 3 comunidades rurales Municipios<\/title>\n<meta name=\"description\" content=\"HERMOSILLO, SONORA, MX.\u02d7\u02d7\u02d7 \u201cExpreso mi agradecimiento al Presidente Municipal por hacer v\u00e1lida nuestra petici\u00f3n\u201d destac\u00f3 la joven Roxana Miranda En Sonora en Equipo publicamos toda la informaci\u00f3n de Sonora, M\u00e9xico y el Mundo de manera oportuna y busca que la libertad de expresi\u00f3n sea real. Visita nuestro medio informativo publicado desde Hermosillo, Sonora. %\" \/>\n<meta name=\"robots\" content=\"index, follow, max-snippet:-1, max-image-preview:large, max-video-preview:-1\" \/>\n<link rel=\"canonical\" href=\"https:\/\/www.sonoraenequipo.com.mx\/recupera-tono-astiazaran-servicio-de-transporte-escolar-gratuito-a-estudiantes-de-3-comunidades-rurales\/\" \/>\n<meta property=\"og:locale\" content=\"es_ES\" \/>\n<meta property=\"og:type\" content=\"article\" \/>\n<meta property=\"og:title\" content=\"Sonora en Equipo. HERMOSILLO. Recuperan autoridades servicio de transporte escolar gratuito a estudiantes de 3 comunidades rurales Municipios\" \/>\n<meta property=\"og:description\" content=\"HERMOSILLO, SONORA, MX.\u02d7\u02d7\u02d7 \u201cExpreso mi agradecimiento al Presidente Municipal por hacer v\u00e1lida nuestra petici\u00f3n\u201d destac\u00f3 la joven Roxana Miranda En Sonora en Equipo publicamos toda la informaci\u00f3n de Sonora, M\u00e9xico y el Mundo de manera oportuna y busca que la libertad de expresi\u00f3n sea real. Visita nuestro medio informativo publicado desde Hermosillo, Sonora. %\" \/>\n<meta property=\"og:url\" content=\"https:\/\/www.sonoraenequipo.com.mx\/recupera-tono-astiazaran-servicio-de-transporte-escolar-gratuito-a-estudiantes-de-3-comunidades-rurales\/\" \/>\n<meta property=\"og:site_name\" content=\"Sonora en Equipo.\" \/>\n<meta property=\"article:publisher\" content=\"https:\/\/www.facebook.com\/SonoraEE\/\" \/>\n<meta property=\"article:author\" content=\"https:\/\/www.facebook.com\/SonoraEE\" \/>\n<meta property=\"article:published_time\" content=\"2023-11-22T22:52:26+00:00\" \/>\n<meta property=\"article:modified_time\" content=\"2023-11-22T23:16:12+00:00\" \/>\n<meta property=\"og:image\" content=\"https:\/\/www.sonoraenequipo.com.mx\/storage\/2023\/11\/transporte-tono.jpg\" \/>\n\t<meta property=\"og:image:width\" content=\"600\" \/>\n\t<meta property=\"og:image:height\" content=\"400\" \/>\n\t<meta property=\"og:image:type\" content=\"image\/jpeg\" \/>\n<meta name=\"author\" content=\"enequipo\" \/>\n<meta name=\"twitter:card\" content=\"summary_large_image\" \/>\n<meta name=\"twitter:creator\" content=\"@sonoraenequipo\" \/>\n<meta name=\"twitter:site\" content=\"@sonoraenequipo\" \/>\n<meta name=\"twitter:label1\" content=\"Escrito por\" \/>\n\t<meta name=\"twitter:data1\" content=\"enequipo\" \/>\n\t<meta name=\"twitter:label2\" content=\"Tiempo de lectura\" \/>\n\t<meta name=\"twitter:data2\" content=\"2 minutos\" \/>\n<script type=\"application\/ld+json\" class=\"yoast-schema-graph\">{\"@context\":\"https:\/\/schema.org\",\"@graph\":[{\"@type\":\"Article\",\"@id\":\"https:\/\/www.sonoraenequipo.com.mx\/recupera-tono-astiazaran-servicio-de-transporte-escolar-gratuito-a-estudiantes-de-3-comunidades-rurales\/#article\",\"isPartOf\":{\"@id\":\"https:\/\/www.sonoraenequipo.com.mx\/recupera-tono-astiazaran-servicio-de-transporte-escolar-gratuito-a-estudiantes-de-3-comunidades-rurales\/\"},\"author\":{\"name\":\"enequipo\",\"@id\":\"https:\/\/www.sonoraenequipo.com.mx\/#\/schema\/person\/50102df0fb23a8fa9e8effad8fa81386\"},\"headline\":\"HERMOSILLO. Recuperan autoridades servicio de transporte escolar gratuito a estudiantes de 3 comunidades rurales\",\"datePublished\":\"2023-11-22T22:52:26+00:00\",\"dateModified\":\"2023-11-22T23:16:12+00:00\",\"mainEntityOfPage\":{\"@id\":\"https:\/\/www.sonoraenequipo.com.mx\/recupera-tono-astiazaran-servicio-de-transporte-escolar-gratuito-a-estudiantes-de-3-comunidades-rurales\/\"},\"wordCount\":500,\"commentCount\":0,\"publisher\":{\"@id\":\"https:\/\/www.sonoraenequipo.com.mx\/#organization\"},\"image\":{\"@id\":\"https:\/\/www.sonoraenequipo.com.mx\/recupera-tono-astiazaran-servicio-de-transporte-escolar-gratuito-a-estudiantes-de-3-comunidades-rurales\/#primaryimage\"},\"thumbnailUrl\":\"https:\/\/www.sonoraenequipo.com.mx\/storage\/2023\/11\/transporte-tono.jpg\",\"articleSection\":[\"Municipios\"],\"inLanguage\":\"es\",\"potentialAction\":[{\"@type\":\"CommentAction\",\"name\":\"Comment\",\"target\":[\"https:\/\/www.sonoraenequipo.com.mx\/recupera-tono-astiazaran-servicio-de-transporte-escolar-gratuito-a-estudiantes-de-3-comunidades-rurales\/#respond\"]}]},{\"@type\":\"WebPage\",\"@id\":\"https:\/\/www.sonoraenequipo.com.mx\/recupera-tono-astiazaran-servicio-de-transporte-escolar-gratuito-a-estudiantes-de-3-comunidades-rurales\/\",\"url\":\"https:\/\/www.sonoraenequipo.com.mx\/recupera-tono-astiazaran-servicio-de-transporte-escolar-gratuito-a-estudiantes-de-3-comunidades-rurales\/\",\"name\":\"Sonora en Equipo. HERMOSILLO. Recuperan autoridades servicio de transporte escolar gratuito a estudiantes de 3 comunidades rurales Municipios\",\"isPartOf\":{\"@id\":\"https:\/\/www.sonoraenequipo.com.mx\/#website\"},\"primaryImageOfPage\":{\"@id\":\"https:\/\/www.sonoraenequipo.com.mx\/recupera-tono-astiazaran-servicio-de-transporte-escolar-gratuito-a-estudiantes-de-3-comunidades-rurales\/#primaryimage\"},\"image\":{\"@id\":\"https:\/\/www.sonoraenequipo.com.mx\/recupera-tono-astiazaran-servicio-de-transporte-escolar-gratuito-a-estudiantes-de-3-comunidades-rurales\/#primaryimage\"},\"thumbnailUrl\":\"https:\/\/www.sonoraenequipo.com.mx\/storage\/2023\/11\/transporte-tono.jpg\",\"datePublished\":\"2023-11-22T22:52:26+00:00\",\"dateModified\":\"2023-11-22T23:16:12+00:00\",\"description\":\"HERMOSILLO, SONORA, MX.\u02d7\u02d7\u02d7 \u201cExpreso mi agradecimiento al Presidente Municipal por hacer v\u00e1lida nuestra petici\u00f3n\u201d destac\u00f3 la joven Roxana Miranda En Sonora en Equipo publicamos toda la informaci\u00f3n de Sonora, M\u00e9xico y el Mundo de manera oportuna y busca que la libertad de expresi\u00f3n sea real. Visita nuestro medio informativo publicado desde Hermosillo, Sonora. %\",\"breadcrumb\":{\"@id\":\"https:\/\/www.sonoraenequipo.com.mx\/recupera-tono-astiazaran-servicio-de-transporte-escolar-gratuito-a-estudiantes-de-3-comunidades-rurales\/#breadcrumb\"},\"inLanguage\":\"es\",\"potentialAction\":[{\"@type\":\"ReadAction\",\"target\":[\"https:\/\/www.sonoraenequipo.com.mx\/recupera-tono-astiazaran-servicio-de-transporte-escolar-gratuito-a-estudiantes-de-3-comunidades-rurales\/\"]}]},{\"@type\":\"ImageObject\",\"inLanguage\":\"es\",\"@id\":\"https:\/\/www.sonoraenequipo.com.mx\/recupera-tono-astiazaran-servicio-de-transporte-escolar-gratuito-a-estudiantes-de-3-comunidades-rurales\/#primaryimage\",\"url\":\"https:\/\/www.sonoraenequipo.com.mx\/storage\/2023\/11\/transporte-tono.jpg\",\"contentUrl\":\"https:\/\/www.sonoraenequipo.com.mx\/storage\/2023\/11\/transporte-tono.jpg\",\"width\":600,\"height\":400},{\"@type\":\"BreadcrumbList\",\"@id\":\"https:\/\/www.sonoraenequipo.com.mx\/recupera-tono-astiazaran-servicio-de-transporte-escolar-gratuito-a-estudiantes-de-3-comunidades-rurales\/#breadcrumb\",\"itemListElement\":[{\"@type\":\"ListItem\",\"position\":1,\"name\":\"Portada\",\"item\":\"https:\/\/www.sonoraenequipo.com.mx\/\"},{\"@type\":\"ListItem\",\"position\":2,\"name\":\"HERMOSILLO. Recuperan autoridades servicio de transporte escolar gratuito a estudiantes de 3 comunidades rurales\"}]},{\"@type\":\"WebSite\",\"@id\":\"https:\/\/www.sonoraenequipo.com.mx\/#website\",\"url\":\"https:\/\/www.sonoraenequipo.com.mx\/\",\"name\":\"Sonora en Equipo.\",\"description\":\"Diario en l\u00ednea con Noticias desde Hermosillo, Sonora\",\"publisher\":{\"@id\":\"https:\/\/www.sonoraenequipo.com.mx\/#organization\"},\"potentialAction\":[{\"@type\":\"SearchAction\",\"target\":{\"@type\":\"EntryPoint\",\"urlTemplate\":\"https:\/\/www.sonoraenequipo.com.mx\/?s={search_term_string}\"},\"query-input\":{\"@type\":\"PropertyValueSpecification\",\"valueRequired\":true,\"valueName\":\"search_term_string\"}}],\"inLanguage\":\"es\"},{\"@type\":\"Organization\",\"@id\":\"https:\/\/www.sonoraenequipo.com.mx\/#organization\",\"name\":\"Sonoraenequipo.com.mx\",\"url\":\"https:\/\/www.sonoraenequipo.com.mx\/\",\"logo\":{\"@type\":\"ImageObject\",\"inLanguage\":\"es\",\"@id\":\"https:\/\/www.sonoraenequipo.com.mx\/#\/schema\/logo\/image\/\",\"url\":\"https:\/\/www.sonoraenequipo.com.mx\/storage\/2019\/01\/sonoraenequipo_opt.png\",\"contentUrl\":\"https:\/\/www.sonoraenequipo.com.mx\/storage\/2019\/01\/sonoraenequipo_opt.png\",\"width\":375,\"height\":125,\"caption\":\"Sonoraenequipo.com.mx\"},\"image\":{\"@id\":\"https:\/\/www.sonoraenequipo.com.mx\/#\/schema\/logo\/image\/\"},\"sameAs\":[\"https:\/\/www.facebook.com\/SonoraEE\/\",\"https:\/\/x.com\/sonoraenequipo\",\"https:\/\/www.youtube.com\/channel\/UC338nW-lPEYmJQs4ZABQ1SQ\"]},{\"@type\":\"Person\",\"@id\":\"https:\/\/www.sonoraenequipo.com.mx\/#\/schema\/person\/50102df0fb23a8fa9e8effad8fa81386\",\"name\":\"enequipo\",\"image\":{\"@type\":\"ImageObject\",\"inLanguage\":\"es\",\"@id\":\"https:\/\/www.sonoraenequipo.com.mx\/#\/schema\/person\/image\/\",\"url\":\"https:\/\/secure.gravatar.com\/avatar\/049821681b589dabc0bc20695993ccebb09f5b5d4d790cd9251b97faac7c652b?s=96&d=blank&r=g\",\"contentUrl\":\"https:\/\/secure.gravatar.com\/avatar\/049821681b589dabc0bc20695993ccebb09f5b5d4d790cd9251b97faac7c652b?s=96&d=blank&r=g\",\"caption\":\"enequipo\"},\"sameAs\":[\"https:\/\/www.facebook.com\/SonoraEE\"]}]}<\/script>\n ","yoast_head_json":{"title":"Sonora en Equipo. HERMOSILLO. Recuperan autoridades servicio de transporte escolar gratuito a estudiantes de 3 comunidades rurales Municipios","description":"HERMOSILLO, SONORA, MX.\u02d7\u02d7\u02d7 \u201cExpreso mi agradecimiento al Presidente Municipal por hacer v\u00e1lida nuestra petici\u00f3n\u201d destac\u00f3 la joven Roxana Miranda En Sonora en Equipo publicamos toda la informaci\u00f3n de Sonora, M\u00e9xico y el Mundo de manera oportuna y busca que la libertad de expresi\u00f3n sea real. Visita nuestro medio informativo publicado desde Hermosillo, Sonora. %","robots":{"index":"index","follow":"follow","max-snippet":"max-snippet:-1","max-image-preview":"max-image-preview:large","max-video-preview":"max-video-preview:-1"},"canonical":"https:\/\/www.sonoraenequipo.com.mx\/recupera-tono-astiazaran-servicio-de-transporte-escolar-gratuito-a-estudiantes-de-3-comunidades-rurales\/","og_locale":"es_ES","og_type":"article","og_title":"Sonora en Equipo. HERMOSILLO. Recuperan autoridades servicio de transporte escolar gratuito a estudiantes de 3 comunidades rurales Municipios","og_description":"HERMOSILLO, SONORA, MX.\u02d7\u02d7\u02d7 \u201cExpreso mi agradecimiento al Presidente Municipal por hacer v\u00e1lida nuestra petici\u00f3n\u201d destac\u00f3 la joven Roxana Miranda En Sonora en Equipo publicamos toda la informaci\u00f3n de Sonora, M\u00e9xico y el Mundo de manera oportuna y busca que la libertad de expresi\u00f3n sea real. Visita nuestro medio informativo publicado desde Hermosillo, Sonora. %","og_url":"https:\/\/www.sonoraenequipo.com.mx\/recupera-tono-astiazaran-servicio-de-transporte-escolar-gratuito-a-estudiantes-de-3-comunidades-rurales\/","og_site_name":"Sonora en Equipo.","article_publisher":"https:\/\/www.facebook.com\/SonoraEE\/","article_author":"https:\/\/www.facebook.com\/SonoraEE","article_published_time":"2023-11-22T22:52:26+00:00","article_modified_time":"2023-11-22T23:16:12+00:00","og_image":[{"width":600,"height":400,"url":"https:\/\/www.sonoraenequipo.com.mx\/storage\/2023\/11\/transporte-tono.jpg","type":"image\/jpeg"}],"author":"enequipo","twitter_card":"summary_large_image","twitter_creator":"@sonoraenequipo","twitter_site":"@sonoraenequipo","twitter_misc":{"Escrito por":"enequipo","Tiempo de lectura":"2 minutos"},"schema":{"@context":"https:\/\/schema.org","@graph":[{"@type":"Article","@id":"https:\/\/www.sonoraenequipo.com.mx\/recupera-tono-astiazaran-servicio-de-transporte-escolar-gratuito-a-estudiantes-de-3-comunidades-rurales\/#article","isPartOf":{"@id":"https:\/\/www.sonoraenequipo.com.mx\/recupera-tono-astiazaran-servicio-de-transporte-escolar-gratuito-a-estudiantes-de-3-comunidades-rurales\/"},"author":{"name":"enequipo","@id":"https:\/\/www.sonoraenequipo.com.mx\/#\/schema\/person\/50102df0fb23a8fa9e8effad8fa81386"},"headline":"HERMOSILLO. Recuperan autoridades servicio de transporte escolar gratuito a estudiantes de 3 comunidades rurales","datePublished":"2023-11-22T22:52:26+00:00","dateModified":"2023-11-22T23:16:12+00:00","mainEntityOfPage":{"@id":"https:\/\/www.sonoraenequipo.com.mx\/recupera-tono-astiazaran-servicio-de-transporte-escolar-gratuito-a-estudiantes-de-3-comunidades-rurales\/"},"wordCount":500,"commentCount":0,"publisher":{"@id":"https:\/\/www.sonoraenequipo.com.mx\/#organization"},"image":{"@id":"https:\/\/www.sonoraenequipo.com.mx\/recupera-tono-astiazaran-servicio-de-transporte-escolar-gratuito-a-estudiantes-de-3-comunidades-rurales\/#primaryimage"},"thumbnailUrl":"https:\/\/www.sonoraenequipo.com.mx\/storage\/2023\/11\/transporte-tono.jpg","articleSection":["Municipios"],"inLanguage":"es","potentialAction":[{"@type":"CommentAction","name":"Comment","target":["https:\/\/www.sonoraenequipo.com.mx\/recupera-tono-astiazaran-servicio-de-transporte-escolar-gratuito-a-estudiantes-de-3-comunidades-rurales\/#respond"]}]},{"@type":"WebPage","@id":"https:\/\/www.sonoraenequipo.com.mx\/recupera-tono-astiazaran-servicio-de-transporte-escolar-gratuito-a-estudiantes-de-3-comunidades-rurales\/","url":"https:\/\/www.sonoraenequipo.com.mx\/recupera-tono-astiazaran-servicio-de-transporte-escolar-gratuito-a-estudiantes-de-3-comunidades-rurales\/","name":"Sonora en Equipo. HERMOSILLO. Recuperan autoridades servicio de transporte escolar gratuito a estudiantes de 3 comunidades rurales Municipios","isPartOf":{"@id":"https:\/\/www.sonoraenequipo.com.mx\/#website"},"primaryImageOfPage":{"@id":"https:\/\/www.sonoraenequipo.com.mx\/recupera-tono-astiazaran-servicio-de-transporte-escolar-gratuito-a-estudiantes-de-3-comunidades-rurales\/#primaryimage"},"image":{"@id":"https:\/\/www.sonoraenequipo.com.mx\/recupera-tono-astiazaran-servicio-de-transporte-escolar-gratuito-a-estudiantes-de-3-comunidades-rurales\/#primaryimage"},"thumbnailUrl":"https:\/\/www.sonoraenequipo.com.mx\/storage\/2023\/11\/transporte-tono.jpg","datePublished":"2023-11-22T22:52:26+00:00","dateModified":"2023-11-22T23:16:12+00:00","description":"HERMOSILLO, SONORA, MX.\u02d7\u02d7\u02d7 \u201cExpreso mi agradecimiento al Presidente Municipal por hacer v\u00e1lida nuestra petici\u00f3n\u201d destac\u00f3 la joven Roxana Miranda En Sonora en Equipo publicamos toda la informaci\u00f3n de Sonora, M\u00e9xico y el Mundo de manera oportuna y busca que la libertad de expresi\u00f3n sea real. Visita nuestro medio informativo publicado desde Hermosillo, Sonora. %","breadcrumb":{"@id":"https:\/\/www.sonoraenequipo.com.mx\/recupera-tono-astiazaran-servicio-de-transporte-escolar-gratuito-a-estudiantes-de-3-comunidades-rurales\/#breadcrumb"},"inLanguage":"es","potentialAction":[{"@type":"ReadAction","target":["https:\/\/www.sonoraenequipo.com.mx\/recupera-tono-astiazaran-servicio-de-transporte-escolar-gratuito-a-estudiantes-de-3-comunidades-rurales\/"]}]},{"@type":"ImageObject","inLanguage":"es","@id":"https:\/\/www.sonoraenequipo.com.mx\/recupera-tono-astiazaran-servicio-de-transporte-escolar-gratuito-a-estudiantes-de-3-comunidades-rurales\/#primaryimage","url":"https:\/\/www.sonoraenequipo.com.mx\/storage\/2023\/11\/transporte-tono.jpg","contentUrl":"https:\/\/www.sonoraenequipo.com.mx\/storage\/2023\/11\/transporte-tono.jpg","width":600,"height":400},{"@type":"BreadcrumbList","@id":"https:\/\/www.sonoraenequipo.com.mx\/recupera-tono-astiazaran-servicio-de-transporte-escolar-gratuito-a-estudiantes-de-3-comunidades-rurales\/#breadcrumb","itemListElement":[{"@type":"ListItem","position":1,"name":"Portada","item":"https:\/\/www.sonoraenequipo.com.mx\/"},{"@type":"ListItem","position":2,"name":"HERMOSILLO. Recuperan autoridades servicio de transporte escolar gratuito a estudiantes de 3 comunidades rurales"}]},{"@type":"WebSite","@id":"https:\/\/www.sonoraenequipo.com.mx\/#website","url":"https:\/\/www.sonoraenequipo.com.mx\/","name":"Sonora en Equipo.","description":"Diario en l\u00ednea con Noticias desde Hermosillo, Sonora","publisher":{"@id":"https:\/\/www.sonoraenequipo.com.mx\/#organization"},"potentialAction":[{"@type":"SearchAction","target":{"@type":"EntryPoint","urlTemplate":"https:\/\/www.sonoraenequipo.com.mx\/?s={search_term_string}"},"query-input":{"@type":"PropertyValueSpecification","valueRequired":true,"valueName":"search_term_string"}}],"inLanguage":"es"},{"@type":"Organization","@id":"https:\/\/www.sonoraenequipo.com.mx\/#organization","name":"Sonoraenequipo.com.mx","url":"https:\/\/www.sonoraenequipo.com.mx\/","logo":{"@type":"ImageObject","inLanguage":"es","@id":"https:\/\/www.sonoraenequipo.com.mx\/#\/schema\/logo\/image\/","url":"https:\/\/www.sonoraenequipo.com.mx\/storage\/2019\/01\/sonoraenequipo_opt.png","contentUrl":"https:\/\/www.sonoraenequipo.com.mx\/storage\/2019\/01\/sonoraenequipo_opt.png","width":375,"height":125,"caption":"Sonoraenequipo.com.mx"},"image":{"@id":"https:\/\/www.sonoraenequipo.com.mx\/#\/schema\/logo\/image\/"},"sameAs":["https:\/\/www.facebook.com\/SonoraEE\/","https:\/\/x.com\/sonoraenequipo","https:\/\/www.youtube.com\/channel\/UC338nW-lPEYmJQs4ZABQ1SQ"]},{"@type":"Person","@id":"https:\/\/www.sonoraenequipo.com.mx\/#\/schema\/person\/50102df0fb23a8fa9e8effad8fa81386","name":"enequipo","image":{"@type":"ImageObject","inLanguage":"es","@id":"https:\/\/www.sonoraenequipo.com.mx\/#\/schema\/person\/image\/","url":"https:\/\/secure.gravatar.com\/avatar\/049821681b589dabc0bc20695993ccebb09f5b5d4d790cd9251b97faac7c652b?s=96&d=blank&r=g","contentUrl":"https:\/\/secure.gravatar.com\/avatar\/049821681b589dabc0bc20695993ccebb09f5b5d4d790cd9251b97faac7c652b?s=96&d=blank&r=g","caption":"enequipo"},"sameAs":["https:\/\/www.facebook.com\/SonoraEE"]}]}},"jetpack_featured_media_url":"https:\/\/www.sonoraenequipo.com.mx\/storage\/2023\/11\/transporte-tono.jpg","_links":{"self":[{"href":"https:\/\/www.sonoraenequipo.com.mx\/api\/wp\/v2\/posts\/179648","targetHints":{"allow":["GET"]}}],"collection":[{"href":"https:\/\/www.sonoraenequipo.com.mx\/api\/wp\/v2\/posts"}],"about":[{"href":"https:\/\/www.sonoraenequipo.com.mx\/api\/wp\/v2\/types\/post"}],"author":[{"embeddable":true,"href":"https:\/\/www.sonoraenequipo.com.mx\/api\/wp\/v2\/users\/1"}],"replies":[{"embeddable":true,"href":"https:\/\/www.sonoraenequipo.com.mx\/api\/wp\/v2\/comments?post=179648"}],"version-history":[{"count":3,"href":"https:\/\/www.sonoraenequipo.com.mx\/api\/wp\/v2\/posts\/179648\/revisions"}],"predecessor-version":[{"id":179656,"href":"https:\/\/www.sonoraenequipo.com.mx\/api\/wp\/v2\/posts\/179648\/revisions\/179656"}],"wp:featuredmedia":[{"embeddable":true,"href":"https:\/\/www.sonoraenequipo.com.mx\/api\/wp\/v2\/media\/179649"}],"wp:attachment":[{"href":"https:\/\/www.sonoraenequipo.com.mx\/api\/wp\/v2\/media?parent=179648"}],"wp:term":[{"taxonomy":"category","embeddable":true,"href":"https:\/\/www.sonoraenequipo.com.mx\/api\/wp\/v2\/categories?post=179648"},{"taxonomy":"post_tag","embeddable":true,"href":"https:\/\/www.sonoraenequipo.com.mx\/api\/wp\/v2\/tags?post=179648"}],"curies":[{"name":"wp","href":"https:\/\/api.w.org\/{rel}","templated":true}]}}