{"id":179651,"date":"2023-11-22T15:54:13","date_gmt":"2023-11-22T22:54:13","guid":{"rendered":"https:\/\/www.sonoraenequipo.com.mx\/?p=179651"},"modified":"2023-11-22T15:54:13","modified_gmt":"2023-11-22T22:54:13","slug":"inaugura-rectora-xi-congreso-internacional-ejercicio-fisico-y-salud","status":"publish","type":"post","link":"https:\/\/www.sonoraenequipo.com.mx\/inaugura-rectora-xi-congreso-internacional-ejercicio-fisico-y-salud\/","title":{"rendered":"Inaugura rectora XI Congreso Internacional Ejercicio F\u00edsico y Salud"},"content":{"rendered":"<p><strong>HERMOSILLO, SONORA,MX.<\/strong><strong>\u02d7\u02d7\u02d7 <\/strong>Con la realizaci\u00f3n de cinco conferencias magistrales, un panel de expertos, 20 talleres que desarrollar\u00e1n tem\u00e1ticas actuales, as\u00ed como la presentaci\u00f3n de trabajos libres para estudiantes de nivel licenciatura y carteles cient\u00edficos, la rectora de la Universidad de Sonora, Mar\u00eda Rita Plancarte Mart\u00ednez inaugur\u00f3 hoy los trabajos del XI Congreso Internacional Ejercicio F\u00edsico y Salud. \u201cComunidades Sanas, Comunidades Fuertes a trav\u00e9s del Ejercicio F\u00edsico\u201d.<\/p>\n<p>&nbsp;<\/p>\n<p>En su mensaje de bienvenida a estudiantes, profesores, investigadores, entrenadores, instructores y promotores deportivos de instituciones p\u00fablicas y privadas, expres\u00f3 que el congreso, que se lleva a cabo del 22 al 24 de noviembre, se convierte en una oportunidad excepcional para fortalecer las redes acad\u00e9micas que inciden en la investigaci\u00f3n para el desarrollo humano y la aplicaci\u00f3n de modelos y estrategias de intervenci\u00f3n institucionales para fomentar la salud mediante actividades f\u00edsicas, deporte y el impacto en el medio ambiente.<\/p>\n<p>&nbsp;<\/p>\n<p>El aporte de esta actividad es definitivo para ampliar la visi\u00f3n de los asistentes, particularmente de los estudiantes, que tendr\u00e1n la oportunidad de interactuar con expertos de talla internacional quienes compartir\u00e1n sus conocimientos y experiencias profesionales, por ello, se invita a los alumnos a aprovechar las conferencia, panel de expertos y los talleres para interactuar de manera din\u00e1mica con los especialistas que han aceptado de manera generosa transmitir su visi\u00f3n sobre el campo disciplinar y las t\u00e9cnicas que emplean para potencializarlo, indic\u00f3.<\/p>\n<p>&nbsp;<\/p>\n<p>\u201cEste a\u00f1o, el programa guarda una riqueza tem\u00e1tica que rebasar\u00e1 las expectativas de los asistentes, se ha consolidado por la calidad de las tem\u00e1ticas que se abordan y la intervenci\u00f3n de expertos l\u00edderes en las \u00e1reas de ejercicio f\u00edsico, entrenamiento y cuidado de la salud poblacional, quienes ofrecer\u00e1n una perspectiva global y diversa sobre la importancia del ejercicio en la actividad cotidiana\u201d, dijo.<\/p>\n<p>&nbsp;<\/p>\n<p>Asegur\u00f3 que las instituciones que participan en el encuentro acad\u00e9mico coinciden que el deporte y la actividad f\u00edsica, as\u00ed como la generaci\u00f3n del conocimiento en el \u00e1rea, impactan de manera positiva a la sociedad en general, en particular a la ni\u00f1ez y juventud, y brinda una mejor calidad de vida a quienes se ejercitan de manera habitual.<\/p>\n<p>&nbsp;<\/p>\n<p>El bienestar de la sociedad es la puntual motivaci\u00f3n de las instituciones organizadoras para hacer un esfuerzo extraordinario y planear cada a\u00f1o un congreso internacional que forma parte de un c\u00edrculo virtuoso: deporte, actividad f\u00edsica, buena salud y educaci\u00f3n de excelencia, destac\u00f3.<\/p>\n<p>&nbsp;<\/p>\n<p>Unen esfuerzos por un fin com\u00fan<\/p>\n<p>&nbsp;<\/p>\n<p>Por su parte, Juan Carlos G\u00e1lvez Ruiz, coordinador General de Facultad Interdisciplinaria de Ciencias Biol\u00f3gicas y de Salud, reconoci\u00f3 el trabajo del comit\u00e9 organizador por alcanzar las metas y el deseo de un comienzo para los asistentes en una nueva forma de trabajo de alta calidad y en beneficio de la sociedad y la poblaci\u00f3n m\u00e1s vulnerable.<\/p>\n<p>&nbsp;<\/p>\n<p>El congreso representa la conjunci\u00f3n de diferentes instituciones que trabajan por el bien mayor de las comunidades y durante tres d\u00edas de actividades se abrir\u00e1n foros necesarios para discutir los temas centrales sobre c\u00f3mo el ejercicio permite generar comunidades sanas y fuertes, algo que es necesario en la poblaci\u00f3n donde se ve una necesidad respecto a la concientizaci\u00f3n del ejercicio f\u00edsico, abund\u00f3.<\/p>\n<p>&nbsp;<\/p>\n<p>\u201cEl programa cumple con las condiciones para que se lleven a cabo un congreso exitoso, que tenga un impacto positivo y surjan pol\u00edticas p\u00fablicas necesarias sobre la relevancia del ejercicio f\u00edsico y salud en la construcci\u00f3n de comunidades sanas y fuertes\u201d, coment\u00f3.<\/p>\n<p>&nbsp;<\/p>\n<p>En tanto, Graciela Hoyos Ruiz, jefa del Departamento de Ciencias del Deporte y de la Actividad F\u00edsica, dio a conocer que en la onceava edici\u00f3n del congreso se tiene una nutrida participaci\u00f3n de la comunidad estudiantil con la exposici\u00f3n de 50 trabajos libres y carteles.<\/p>\n<p>&nbsp;<\/p>\n<p>\u201cSe ofert\u00f3 una categor\u00eda especial para estudiantes de licenciatura donde ellos presentar\u00e1n avances de investigaci\u00f3n y revisi\u00f3n bibliogr\u00e1fica, dicha etapa es una novedad porque se motiva a los alumnos para que inicien en la investigaci\u00f3n de la disciplina del deporte ante los nuevos conocimientos que han surgido y la comunidad universitaria requiere estar en la vanguardia internacionalmente\u201d, sostuvo.<\/p>\n<p>&nbsp;<\/p>\n<p>En la inauguraci\u00f3n del congreso, estuvieron presentes Luz Mar\u00eda Dur\u00e1n Moreno, directora Administrativa del campus Hermosillo; Luis Ernesto Flores Fontes, rector del Centro Regional de Formaci\u00f3n Profesional Docente de Sonora; as\u00ed como el ex rector Enrique Vel\u00e1zquez Contreras y Arturo Brizio Carter, ex \u00e1rbitro internacional, quien imparti\u00f3 la primera conferencia magistral \u201cLiderazgo y Trabajo en Equipo\u201d.<\/p>\n<p>&nbsp;<\/p>\n<p>Consulta el programa completo:<\/p>\n<p>&nbsp;<\/p>\n<p>https:\/\/deportes.unison.mx\/congreso-internacional-ejercicio-fisico-y-salud\/<\/p>\n","protected":false},"excerpt":{"rendered":"<p>HERMOSILLO, SONORA,MX.\u02d7\u02d7\u02d7 Con la realizaci\u00f3n de cinco conferencias magistrales, un panel de expertos, 20 talleres&#8230;<\/p>\n","protected":false},"author":1,"featured_media":179652,"comment_status":"open","ping_status":"open","sticky":false,"template":"","format":"standard","meta":{"_monsterinsights_skip_tracking":false,"_monsterinsights_sitenote_active":false,"_monsterinsights_sitenote_note":"","_monsterinsights_sitenote_category":0,"footnotes":""},"categories":[22],"tags":[],"class_list":["post"],"yoast_head":" \n<title>Sonora en Equipo. Inaugura rectora XI Congreso Internacional Ejercicio F\u00edsico y Salud Sonora<\/title>\n<meta name=\"description\" content=\"HERMOSILLO, SONORA,MX.\u02d7\u02d7\u02d7 Con la realizaci\u00f3n de cinco conferencias magistrales, un panel de expertos, 20 talleres que desarrollar\u00e1n tem\u00e1ticas actuales, En Sonora en Equipo publicamos toda la informaci\u00f3n de Sonora, M\u00e9xico y el Mundo de manera oportuna y busca que la libertad de expresi\u00f3n sea real. Visita nuestro medio informativo publicado desde Hermosillo, Sonora. %\" \/>\n<meta name=\"robots\" content=\"index, follow, max-snippet:-1, max-image-preview:large, max-video-preview:-1\" \/>\n<link rel=\"canonical\" href=\"https:\/\/www.sonoraenequipo.com.mx\/inaugura-rectora-xi-congreso-internacional-ejercicio-fisico-y-salud\/\" \/>\n<meta property=\"og:locale\" content=\"es_ES\" \/>\n<meta property=\"og:type\" content=\"article\" \/>\n<meta property=\"og:title\" content=\"Sonora en Equipo. Inaugura rectora XI Congreso Internacional Ejercicio F\u00edsico y Salud Sonora\" \/>\n<meta property=\"og:description\" content=\"HERMOSILLO, SONORA,MX.\u02d7\u02d7\u02d7 Con la realizaci\u00f3n de cinco conferencias magistrales, un panel de expertos, 20 talleres que desarrollar\u00e1n tem\u00e1ticas actuales, En Sonora en Equipo publicamos toda la informaci\u00f3n de Sonora, M\u00e9xico y el Mundo de manera oportuna y busca que la libertad de expresi\u00f3n sea real. Visita nuestro medio informativo publicado desde Hermosillo, Sonora. %\" \/>\n<meta property=\"og:url\" content=\"https:\/\/www.sonoraenequipo.com.mx\/inaugura-rectora-xi-congreso-internacional-ejercicio-fisico-y-salud\/\" \/>\n<meta property=\"og:site_name\" content=\"Sonora en Equipo.\" \/>\n<meta property=\"article:publisher\" content=\"https:\/\/www.facebook.com\/SonoraEE\/\" \/>\n<meta property=\"article:author\" content=\"https:\/\/www.facebook.com\/SonoraEE\" \/>\n<meta property=\"article:published_time\" content=\"2023-11-22T22:54:13+00:00\" \/>\n<meta property=\"og:image\" content=\"https:\/\/www.sonoraenequipo.com.mx\/storage\/2023\/11\/unisonnutricion.jpg\" \/>\n\t<meta property=\"og:image:width\" content=\"600\" \/>\n\t<meta property=\"og:image:height\" content=\"400\" \/>\n\t<meta property=\"og:image:type\" content=\"image\/jpeg\" \/>\n<meta name=\"author\" content=\"enequipo\" \/>\n<meta name=\"twitter:card\" content=\"summary_large_image\" \/>\n<meta name=\"twitter:creator\" content=\"@sonoraenequipo\" \/>\n<meta name=\"twitter:site\" content=\"@sonoraenequipo\" \/>\n<meta name=\"twitter:label1\" content=\"Escrito por\" \/>\n\t<meta name=\"twitter:data1\" content=\"enequipo\" \/>\n\t<meta name=\"twitter:label2\" content=\"Tiempo de lectura\" \/>\n\t<meta name=\"twitter:data2\" content=\"4 minutos\" \/>\n<script type=\"application\/ld+json\" class=\"yoast-schema-graph\">{\"@context\":\"https:\/\/schema.org\",\"@graph\":[{\"@type\":\"Article\",\"@id\":\"https:\/\/www.sonoraenequipo.com.mx\/inaugura-rectora-xi-congreso-internacional-ejercicio-fisico-y-salud\/#article\",\"isPartOf\":{\"@id\":\"https:\/\/www.sonoraenequipo.com.mx\/inaugura-rectora-xi-congreso-internacional-ejercicio-fisico-y-salud\/\"},\"author\":{\"name\":\"enequipo\",\"@id\":\"https:\/\/www.sonoraenequipo.com.mx\/#\/schema\/person\/50102df0fb23a8fa9e8effad8fa81386\"},\"headline\":\"Inaugura rectora XI Congreso Internacional Ejercicio F\u00edsico y Salud\",\"datePublished\":\"2023-11-22T22:54:13+00:00\",\"mainEntityOfPage\":{\"@id\":\"https:\/\/www.sonoraenequipo.com.mx\/inaugura-rectora-xi-congreso-internacional-ejercicio-fisico-y-salud\/\"},\"wordCount\":814,\"commentCount\":0,\"publisher\":{\"@id\":\"https:\/\/www.sonoraenequipo.com.mx\/#organization\"},\"image\":{\"@id\":\"https:\/\/www.sonoraenequipo.com.mx\/inaugura-rectora-xi-congreso-internacional-ejercicio-fisico-y-salud\/#primaryimage\"},\"thumbnailUrl\":\"https:\/\/www.sonoraenequipo.com.mx\/storage\/2023\/11\/unisonnutricion.jpg\",\"articleSection\":[\"Sonora\"],\"inLanguage\":\"es\",\"potentialAction\":[{\"@type\":\"CommentAction\",\"name\":\"Comment\",\"target\":[\"https:\/\/www.sonoraenequipo.com.mx\/inaugura-rectora-xi-congreso-internacional-ejercicio-fisico-y-salud\/#respond\"]}]},{\"@type\":\"WebPage\",\"@id\":\"https:\/\/www.sonoraenequipo.com.mx\/inaugura-rectora-xi-congreso-internacional-ejercicio-fisico-y-salud\/\",\"url\":\"https:\/\/www.sonoraenequipo.com.mx\/inaugura-rectora-xi-congreso-internacional-ejercicio-fisico-y-salud\/\",\"name\":\"Sonora en Equipo. Inaugura rectora XI Congreso Internacional Ejercicio F\u00edsico y Salud Sonora\",\"isPartOf\":{\"@id\":\"https:\/\/www.sonoraenequipo.com.mx\/#website\"},\"primaryImageOfPage\":{\"@id\":\"https:\/\/www.sonoraenequipo.com.mx\/inaugura-rectora-xi-congreso-internacional-ejercicio-fisico-y-salud\/#primaryimage\"},\"image\":{\"@id\":\"https:\/\/www.sonoraenequipo.com.mx\/inaugura-rectora-xi-congreso-internacional-ejercicio-fisico-y-salud\/#primaryimage\"},\"thumbnailUrl\":\"https:\/\/www.sonoraenequipo.com.mx\/storage\/2023\/11\/unisonnutricion.jpg\",\"datePublished\":\"2023-11-22T22:54:13+00:00\",\"description\":\"HERMOSILLO, SONORA,MX.\u02d7\u02d7\u02d7 Con la realizaci\u00f3n de cinco conferencias magistrales, un panel de expertos, 20 talleres que desarrollar\u00e1n tem\u00e1ticas actuales, En Sonora en Equipo publicamos toda la informaci\u00f3n de Sonora, M\u00e9xico y el Mundo de manera oportuna y busca que la libertad de expresi\u00f3n sea real. Visita nuestro medio informativo publicado desde Hermosillo, Sonora. %\",\"breadcrumb\":{\"@id\":\"https:\/\/www.sonoraenequipo.com.mx\/inaugura-rectora-xi-congreso-internacional-ejercicio-fisico-y-salud\/#breadcrumb\"},\"inLanguage\":\"es\",\"potentialAction\":[{\"@type\":\"ReadAction\",\"target\":[\"https:\/\/www.sonoraenequipo.com.mx\/inaugura-rectora-xi-congreso-internacional-ejercicio-fisico-y-salud\/\"]}]},{\"@type\":\"ImageObject\",\"inLanguage\":\"es\",\"@id\":\"https:\/\/www.sonoraenequipo.com.mx\/inaugura-rectora-xi-congreso-internacional-ejercicio-fisico-y-salud\/#primaryimage\",\"url\":\"https:\/\/www.sonoraenequipo.com.mx\/storage\/2023\/11\/unisonnutricion.jpg\",\"contentUrl\":\"https:\/\/www.sonoraenequipo.com.mx\/storage\/2023\/11\/unisonnutricion.jpg\",\"width\":600,\"height\":400},{\"@type\":\"BreadcrumbList\",\"@id\":\"https:\/\/www.sonoraenequipo.com.mx\/inaugura-rectora-xi-congreso-internacional-ejercicio-fisico-y-salud\/#breadcrumb\",\"itemListElement\":[{\"@type\":\"ListItem\",\"position\":1,\"name\":\"Portada\",\"item\":\"https:\/\/www.sonoraenequipo.com.mx\/\"},{\"@type\":\"ListItem\",\"position\":2,\"name\":\"Inaugura rectora XI Congreso Internacional Ejercicio F\u00edsico y Salud\"}]},{\"@type\":\"WebSite\",\"@id\":\"https:\/\/www.sonoraenequipo.com.mx\/#website\",\"url\":\"https:\/\/www.sonoraenequipo.com.mx\/\",\"name\":\"Sonora en Equipo.\",\"description\":\"Diario en l\u00ednea con Noticias desde Hermosillo, Sonora\",\"publisher\":{\"@id\":\"https:\/\/www.sonoraenequipo.com.mx\/#organization\"},\"potentialAction\":[{\"@type\":\"SearchAction\",\"target\":{\"@type\":\"EntryPoint\",\"urlTemplate\":\"https:\/\/www.sonoraenequipo.com.mx\/?s={search_term_string}\"},\"query-input\":{\"@type\":\"PropertyValueSpecification\",\"valueRequired\":true,\"valueName\":\"search_term_string\"}}],\"inLanguage\":\"es\"},{\"@type\":\"Organization\",\"@id\":\"https:\/\/www.sonoraenequipo.com.mx\/#organization\",\"name\":\"Sonoraenequipo.com.mx\",\"url\":\"https:\/\/www.sonoraenequipo.com.mx\/\",\"logo\":{\"@type\":\"ImageObject\",\"inLanguage\":\"es\",\"@id\":\"https:\/\/www.sonoraenequipo.com.mx\/#\/schema\/logo\/image\/\",\"url\":\"https:\/\/www.sonoraenequipo.com.mx\/storage\/2019\/01\/sonoraenequipo_opt.png\",\"contentUrl\":\"https:\/\/www.sonoraenequipo.com.mx\/storage\/2019\/01\/sonoraenequipo_opt.png\",\"width\":375,\"height\":125,\"caption\":\"Sonoraenequipo.com.mx\"},\"image\":{\"@id\":\"https:\/\/www.sonoraenequipo.com.mx\/#\/schema\/logo\/image\/\"},\"sameAs\":[\"https:\/\/www.facebook.com\/SonoraEE\/\",\"https:\/\/x.com\/sonoraenequipo\",\"https:\/\/www.youtube.com\/channel\/UC338nW-lPEYmJQs4ZABQ1SQ\"]},{\"@type\":\"Person\",\"@id\":\"https:\/\/www.sonoraenequipo.com.mx\/#\/schema\/person\/50102df0fb23a8fa9e8effad8fa81386\",\"name\":\"enequipo\",\"image\":{\"@type\":\"ImageObject\",\"inLanguage\":\"es\",\"@id\":\"https:\/\/www.sonoraenequipo.com.mx\/#\/schema\/person\/image\/\",\"url\":\"https:\/\/secure.gravatar.com\/avatar\/049821681b589dabc0bc20695993ccebb09f5b5d4d790cd9251b97faac7c652b?s=96&d=blank&r=g\",\"contentUrl\":\"https:\/\/secure.gravatar.com\/avatar\/049821681b589dabc0bc20695993ccebb09f5b5d4d790cd9251b97faac7c652b?s=96&d=blank&r=g\",\"caption\":\"enequipo\"},\"sameAs\":[\"https:\/\/www.facebook.com\/SonoraEE\"]}]}<\/script>\n ","yoast_head_json":{"title":"Sonora en Equipo. Inaugura rectora XI Congreso Internacional Ejercicio F\u00edsico y Salud Sonora","description":"HERMOSILLO, SONORA,MX.\u02d7\u02d7\u02d7 Con la realizaci\u00f3n de cinco conferencias magistrales, un panel de expertos, 20 talleres que desarrollar\u00e1n tem\u00e1ticas actuales, En Sonora en Equipo publicamos toda la informaci\u00f3n de Sonora, M\u00e9xico y el Mundo de manera oportuna y busca que la libertad de expresi\u00f3n sea real. Visita nuestro medio informativo publicado desde Hermosillo, Sonora. %","robots":{"index":"index","follow":"follow","max-snippet":"max-snippet:-1","max-image-preview":"max-image-preview:large","max-video-preview":"max-video-preview:-1"},"canonical":"https:\/\/www.sonoraenequipo.com.mx\/inaugura-rectora-xi-congreso-internacional-ejercicio-fisico-y-salud\/","og_locale":"es_ES","og_type":"article","og_title":"Sonora en Equipo. Inaugura rectora XI Congreso Internacional Ejercicio F\u00edsico y Salud Sonora","og_description":"HERMOSILLO, SONORA,MX.\u02d7\u02d7\u02d7 Con la realizaci\u00f3n de cinco conferencias magistrales, un panel de expertos, 20 talleres que desarrollar\u00e1n tem\u00e1ticas actuales, En Sonora en Equipo publicamos toda la informaci\u00f3n de Sonora, M\u00e9xico y el Mundo de manera oportuna y busca que la libertad de expresi\u00f3n sea real. Visita nuestro medio informativo publicado desde Hermosillo, Sonora. %","og_url":"https:\/\/www.sonoraenequipo.com.mx\/inaugura-rectora-xi-congreso-internacional-ejercicio-fisico-y-salud\/","og_site_name":"Sonora en Equipo.","article_publisher":"https:\/\/www.facebook.com\/SonoraEE\/","article_author":"https:\/\/www.facebook.com\/SonoraEE","article_published_time":"2023-11-22T22:54:13+00:00","og_image":[{"width":600,"height":400,"url":"https:\/\/www.sonoraenequipo.com.mx\/storage\/2023\/11\/unisonnutricion.jpg","type":"image\/jpeg"}],"author":"enequipo","twitter_card":"summary_large_image","twitter_creator":"@sonoraenequipo","twitter_site":"@sonoraenequipo","twitter_misc":{"Escrito por":"enequipo","Tiempo de lectura":"4 minutos"},"schema":{"@context":"https:\/\/schema.org","@graph":[{"@type":"Article","@id":"https:\/\/www.sonoraenequipo.com.mx\/inaugura-rectora-xi-congreso-internacional-ejercicio-fisico-y-salud\/#article","isPartOf":{"@id":"https:\/\/www.sonoraenequipo.com.mx\/inaugura-rectora-xi-congreso-internacional-ejercicio-fisico-y-salud\/"},"author":{"name":"enequipo","@id":"https:\/\/www.sonoraenequipo.com.mx\/#\/schema\/person\/50102df0fb23a8fa9e8effad8fa81386"},"headline":"Inaugura rectora XI Congreso Internacional Ejercicio F\u00edsico y Salud","datePublished":"2023-11-22T22:54:13+00:00","mainEntityOfPage":{"@id":"https:\/\/www.sonoraenequipo.com.mx\/inaugura-rectora-xi-congreso-internacional-ejercicio-fisico-y-salud\/"},"wordCount":814,"commentCount":0,"publisher":{"@id":"https:\/\/www.sonoraenequipo.com.mx\/#organization"},"image":{"@id":"https:\/\/www.sonoraenequipo.com.mx\/inaugura-rectora-xi-congreso-internacional-ejercicio-fisico-y-salud\/#primaryimage"},"thumbnailUrl":"https:\/\/www.sonoraenequipo.com.mx\/storage\/2023\/11\/unisonnutricion.jpg","articleSection":["Sonora"],"inLanguage":"es","potentialAction":[{"@type":"CommentAction","name":"Comment","target":["https:\/\/www.sonoraenequipo.com.mx\/inaugura-rectora-xi-congreso-internacional-ejercicio-fisico-y-salud\/#respond"]}]},{"@type":"WebPage","@id":"https:\/\/www.sonoraenequipo.com.mx\/inaugura-rectora-xi-congreso-internacional-ejercicio-fisico-y-salud\/","url":"https:\/\/www.sonoraenequipo.com.mx\/inaugura-rectora-xi-congreso-internacional-ejercicio-fisico-y-salud\/","name":"Sonora en Equipo. Inaugura rectora XI Congreso Internacional Ejercicio F\u00edsico y Salud Sonora","isPartOf":{"@id":"https:\/\/www.sonoraenequipo.com.mx\/#website"},"primaryImageOfPage":{"@id":"https:\/\/www.sonoraenequipo.com.mx\/inaugura-rectora-xi-congreso-internacional-ejercicio-fisico-y-salud\/#primaryimage"},"image":{"@id":"https:\/\/www.sonoraenequipo.com.mx\/inaugura-rectora-xi-congreso-internacional-ejercicio-fisico-y-salud\/#primaryimage"},"thumbnailUrl":"https:\/\/www.sonoraenequipo.com.mx\/storage\/2023\/11\/unisonnutricion.jpg","datePublished":"2023-11-22T22:54:13+00:00","description":"HERMOSILLO, SONORA,MX.\u02d7\u02d7\u02d7 Con la realizaci\u00f3n de cinco conferencias magistrales, un panel de expertos, 20 talleres que desarrollar\u00e1n tem\u00e1ticas actuales, En Sonora en Equipo publicamos toda la informaci\u00f3n de Sonora, M\u00e9xico y el Mundo de manera oportuna y busca que la libertad de expresi\u00f3n sea real. Visita nuestro medio informativo publicado desde Hermosillo, Sonora. %","breadcrumb":{"@id":"https:\/\/www.sonoraenequipo.com.mx\/inaugura-rectora-xi-congreso-internacional-ejercicio-fisico-y-salud\/#breadcrumb"},"inLanguage":"es","potentialAction":[{"@type":"ReadAction","target":["https:\/\/www.sonoraenequipo.com.mx\/inaugura-rectora-xi-congreso-internacional-ejercicio-fisico-y-salud\/"]}]},{"@type":"ImageObject","inLanguage":"es","@id":"https:\/\/www.sonoraenequipo.com.mx\/inaugura-rectora-xi-congreso-internacional-ejercicio-fisico-y-salud\/#primaryimage","url":"https:\/\/www.sonoraenequipo.com.mx\/storage\/2023\/11\/unisonnutricion.jpg","contentUrl":"https:\/\/www.sonoraenequipo.com.mx\/storage\/2023\/11\/unisonnutricion.jpg","width":600,"height":400},{"@type":"BreadcrumbList","@id":"https:\/\/www.sonoraenequipo.com.mx\/inaugura-rectora-xi-congreso-internacional-ejercicio-fisico-y-salud\/#breadcrumb","itemListElement":[{"@type":"ListItem","position":1,"name":"Portada","item":"https:\/\/www.sonoraenequipo.com.mx\/"},{"@type":"ListItem","position":2,"name":"Inaugura rectora XI Congreso Internacional Ejercicio F\u00edsico y Salud"}]},{"@type":"WebSite","@id":"https:\/\/www.sonoraenequipo.com.mx\/#website","url":"https:\/\/www.sonoraenequipo.com.mx\/","name":"Sonora en Equipo.","description":"Diario en l\u00ednea con Noticias desde Hermosillo, Sonora","publisher":{"@id":"https:\/\/www.sonoraenequipo.com.mx\/#organization"},"potentialAction":[{"@type":"SearchAction","target":{"@type":"EntryPoint","urlTemplate":"https:\/\/www.sonoraenequipo.com.mx\/?s={search_term_string}"},"query-input":{"@type":"PropertyValueSpecification","valueRequired":true,"valueName":"search_term_string"}}],"inLanguage":"es"},{"@type":"Organization","@id":"https:\/\/www.sonoraenequipo.com.mx\/#organization","name":"Sonoraenequipo.com.mx","url":"https:\/\/www.sonoraenequipo.com.mx\/","logo":{"@type":"ImageObject","inLanguage":"es","@id":"https:\/\/www.sonoraenequipo.com.mx\/#\/schema\/logo\/image\/","url":"https:\/\/www.sonoraenequipo.com.mx\/storage\/2019\/01\/sonoraenequipo_opt.png","contentUrl":"https:\/\/www.sonoraenequipo.com.mx\/storage\/2019\/01\/sonoraenequipo_opt.png","width":375,"height":125,"caption":"Sonoraenequipo.com.mx"},"image":{"@id":"https:\/\/www.sonoraenequipo.com.mx\/#\/schema\/logo\/image\/"},"sameAs":["https:\/\/www.facebook.com\/SonoraEE\/","https:\/\/x.com\/sonoraenequipo","https:\/\/www.youtube.com\/channel\/UC338nW-lPEYmJQs4ZABQ1SQ"]},{"@type":"Person","@id":"https:\/\/www.sonoraenequipo.com.mx\/#\/schema\/person\/50102df0fb23a8fa9e8effad8fa81386","name":"enequipo","image":{"@type":"ImageObject","inLanguage":"es","@id":"https:\/\/www.sonoraenequipo.com.mx\/#\/schema\/person\/image\/","url":"https:\/\/secure.gravatar.com\/avatar\/049821681b589dabc0bc20695993ccebb09f5b5d4d790cd9251b97faac7c652b?s=96&d=blank&r=g","contentUrl":"https:\/\/secure.gravatar.com\/avatar\/049821681b589dabc0bc20695993ccebb09f5b5d4d790cd9251b97faac7c652b?s=96&d=blank&r=g","caption":"enequipo"},"sameAs":["https:\/\/www.facebook.com\/SonoraEE"]}]}},"jetpack_featured_media_url":"https:\/\/www.sonoraenequipo.com.mx\/storage\/2023\/11\/unisonnutricion.jpg","_links":{"self":[{"href":"https:\/\/www.sonoraenequipo.com.mx\/api\/wp\/v2\/posts\/179651","targetHints":{"allow":["GET"]}}],"collection":[{"href":"https:\/\/www.sonoraenequipo.com.mx\/api\/wp\/v2\/posts"}],"about":[{"href":"https:\/\/www.sonoraenequipo.com.mx\/api\/wp\/v2\/types\/post"}],"author":[{"embeddable":true,"href":"https:\/\/www.sonoraenequipo.com.mx\/api\/wp\/v2\/users\/1"}],"replies":[{"embeddable":true,"href":"https:\/\/www.sonoraenequipo.com.mx\/api\/wp\/v2\/comments?post=179651"}],"version-history":[{"count":1,"href":"https:\/\/www.sonoraenequipo.com.mx\/api\/wp\/v2\/posts\/179651\/revisions"}],"predecessor-version":[{"id":179653,"href":"https:\/\/www.sonoraenequipo.com.mx\/api\/wp\/v2\/posts\/179651\/revisions\/179653"}],"wp:featuredmedia":[{"embeddable":true,"href":"https:\/\/www.sonoraenequipo.com.mx\/api\/wp\/v2\/media\/179652"}],"wp:attachment":[{"href":"https:\/\/www.sonoraenequipo.com.mx\/api\/wp\/v2\/media?parent=179651"}],"wp:term":[{"taxonomy":"category","embeddable":true,"href":"https:\/\/www.sonoraenequipo.com.mx\/api\/wp\/v2\/categories?post=179651"},{"taxonomy":"post_tag","embeddable":true,"href":"https:\/\/www.sonoraenequipo.com.mx\/api\/wp\/v2\/tags?post=179651"}],"curies":[{"name":"wp","href":"https:\/\/api.w.org\/{rel}","templated":true}]}}