{"id":180100,"date":"2023-11-29T11:23:10","date_gmt":"2023-11-29T18:23:10","guid":{"rendered":"https:\/\/www.sonoraenequipo.com.mx\/?p=180100"},"modified":"2023-11-29T13:56:55","modified_gmt":"2023-11-29T20:56:55","slug":"croc-cierra-accesos-a-la-camara-de-diputados-y-termina-cuando-morena-les-anuncia-que-en-16-dias-se-aprobara","status":"publish","type":"post","link":"https:\/\/www.sonoraenequipo.com.mx\/croc-cierra-accesos-a-la-camara-de-diputados-y-termina-cuando-morena-les-anuncia-que-en-16-dias-se-aprobara\/","title":{"rendered":"CROC cierra accesos a la C\u00e1mara de Diputados por Jornada de 40 horas"},"content":{"rendered":"<p><strong>CIUDAD DE M\u00c9XICO. MX. \u2014<\/strong> Los inconformes exigen la aprobaci\u00f3n por parte de diputados de la reforma para reducir la jornada laboral a 40 horas semanales.<\/p>\n<p>&nbsp;<\/p>\n<p> <\/p>\n<p>Todos los accesos a la C\u00e1mara de Diputados fueron bloqueados por integrantes de la Confederaci\u00f3n Revolucionaria de Obreros y Campesinos (CROC), quienes exigen la aprobaci\u00f3n de la reforma para reducir la jornada laboral a 40 horas semanales.<\/p>\n<p>&nbsp;<\/p>\n<p>Exigen que la reforma sea avalada en el pleno antes de que concluya 2023, por lo que plantean que el Congreso se instale en sesi\u00f3n extraordinaria en las \u00faltimas semanas de diciembre.<\/p>\n<blockquote class=\"twitter-tweet\" data-width=\"550\" data-dnt=\"true\">\n<p lang=\"es\" dir=\"ltr\">\ud83d\udd34 Morena asegura a integrantes de la CROC que tienen bloqueada C\u00e1mara de Diputados, que el 12 de diciembre se aprobar\u00e1 en comisiones la reforma de las 40 horas laborales.<\/p>\n<p>\ud83d\udcf9 <a href=\"https:\/\/twitter.com\/hashtag\/VIDEO?src=hash&amp;ref_src=twsrc%5Etfw\">#VIDEO<\/a>: <a href=\"https:\/\/twitter.com\/tonylopez_cruz?ref_src=twsrc%5Etfw\">@tonylopez_cruz<\/a> | EL UNIVERSAL <a href=\"https:\/\/t.co\/pLKrdP5sxB\">pic.twitter.com\/pLKrdP5sxB<\/a><\/p>\n<p>&mdash; El Universal (@El_Universal_Mx) <a href=\"https:\/\/twitter.com\/El_Universal_Mx\/status\/1729912537943068862?ref_src=twsrc%5Etfw\">November 29, 2023<\/a><\/p><\/blockquote>\n<p><script async src=\"https:\/\/platform.twitter.com\/widgets.js\" charset=\"utf-8\"><\/script><\/p>\n<p>Para este mi\u00e9rcoles, la Mesa Directiva tiene programada sesi\u00f3n del pleno en punto de las 11 horas de hoy, sin embargo, con el bloqueo, la realizaci\u00f3n de la sesi\u00f3n est\u00e1 en vilo.<\/p>\n<blockquote class=\"twitter-tweet\" data-width=\"550\" data-dnt=\"true\">\n<p lang=\"es\" dir=\"ltr\">Cerrados todos los accesos a <a href=\"https:\/\/twitter.com\/Mx_Diputados?ref_src=twsrc%5Etfw\">@Mx_Diputados<\/a> <\/p>\n<p>\u2022Integrantes de la CROC solicitan la aprobaci\u00f3n de las reformas para disminuir de 48 a 40 horas la jornada laboral. <\/p>\n<p>\u201cDiputados, culeros, no chinguen al obrero\u201d, se\u00f1alan. <a href=\"https:\/\/t.co\/mfxCDEHoWw\">pic.twitter.com\/mfxCDEHoWw<\/a><\/p>\n<p>&mdash; Sarahi Uribe (@saquribe) <a href=\"https:\/\/twitter.com\/saquribe\/status\/1729891582974026128?ref_src=twsrc%5Etfw\">November 29, 2023<\/a><\/p><\/blockquote>\n<p><script async src=\"https:\/\/platform.twitter.com\/widgets.js\" charset=\"utf-8\"><\/script><\/p>\n<p>Sin embargo, el presidente de la Junta de Coordinaci\u00f3n Pol\u00edtica, Jorge Romero, reconoci\u00f3 que se trata de una modificaci\u00f3n que no entrar\u00eda en vigor este a\u00f1o, ya que a\u00fan cuando sea aprobada por la C\u00e1mara de Diputados no dar\u00e1 tiempo de que en este periodo de sesiones sea procesada tambi\u00e9n en el Senado.<\/p>\n<p>Finalmente el bloqueo termina luego de que Morena les anuncia a los manifestantes que en 15 d\u00edas ser\u00e1 aprobada en comisiones la propuesta. de 40 horas.<\/p>\n<blockquote class=\"twitter-tweet\" data-width=\"550\" data-dnt=\"true\">\n<p lang=\"es\" dir=\"ltr\">San L\u00e1zaro estuvo un par de horas bloqueado por un grupo de manifestantes. Todos los accesos acaban de ser liberados, por lo que todo el personal de <a href=\"https:\/\/twitter.com\/Mx_Diputados?ref_src=twsrc%5Etfw\">@Mx_Diputados<\/a> (trabajadores sindicalizados, honorarios y funcionarios) pueden y deben reintegrarse a su rutina habitual.<\/p>\n<p>&mdash; Graciela B\u00e1ez Ric\u00e1rdez (@GracielaBaez) <a href=\"https:\/\/twitter.com\/GracielaBaez\/status\/1729912241049239735?ref_src=twsrc%5Etfw\">November 29, 2023<\/a><\/p><\/blockquote>\n<p><script async src=\"https:\/\/platform.twitter.com\/widgets.js\" charset=\"utf-8\"><\/script><\/p>\n<p>PUBLICADO EL 29 OVIEMBRE DE 2023\/ Con informaci\u00f3n de Prensa Ciudad de M\u00e9xico)<\/p>\n","protected":false},"excerpt":{"rendered":"<p>CIUDAD DE M\u00c9XICO. MX. \u2014 Los inconformes exigen la aprobaci\u00f3n por parte de diputados de&#8230;<\/p>\n","protected":false},"author":1,"featured_media":180101,"comment_status":"open","ping_status":"open","sticky":false,"template":"","format":"standard","meta":{"_monsterinsights_skip_tracking":false,"_monsterinsights_sitenote_active":false,"_monsterinsights_sitenote_note":"","_monsterinsights_sitenote_category":0,"footnotes":""},"categories":[5],"tags":[],"class_list":["post"],"yoast_head":" \n<title>Sonora en Equipo. CROC cierra accesos a la C\u00e1mara de Diputados por Jornada de 40 horas Rep\u00fablica<\/title>\n<meta name=\"description\" content=\"CIUDAD DE M\u00c9XICO. MX. \u2014 Los inconformes exigen la aprobaci\u00f3n por parte de diputados de la reforma para reducir la jornada laboral a 40 horas En Sonora en Equipo publicamos toda la informaci\u00f3n de Sonora, M\u00e9xico y el Mundo de manera oportuna y busca que la libertad de expresi\u00f3n sea real. Visita nuestro medio informativo publicado desde Hermosillo, Sonora. %\" \/>\n<meta name=\"robots\" content=\"index, follow, max-snippet:-1, max-image-preview:large, max-video-preview:-1\" \/>\n<link rel=\"canonical\" href=\"https:\/\/www.sonoraenequipo.com.mx\/croc-cierra-accesos-a-la-camara-de-diputados-y-termina-cuando-morena-les-anuncia-que-en-16-dias-se-aprobara\/\" \/>\n<meta property=\"og:locale\" content=\"es_ES\" \/>\n<meta property=\"og:type\" content=\"article\" \/>\n<meta property=\"og:title\" content=\"Sonora en Equipo. CROC cierra accesos a la C\u00e1mara de Diputados por Jornada de 40 horas Rep\u00fablica\" \/>\n<meta property=\"og:description\" content=\"CIUDAD DE M\u00c9XICO. MX. \u2014 Los inconformes exigen la aprobaci\u00f3n por parte de diputados de la reforma para reducir la jornada laboral a 40 horas En Sonora en Equipo publicamos toda la informaci\u00f3n de Sonora, M\u00e9xico y el Mundo de manera oportuna y busca que la libertad de expresi\u00f3n sea real. Visita nuestro medio informativo publicado desde Hermosillo, Sonora. %\" \/>\n<meta property=\"og:url\" content=\"https:\/\/www.sonoraenequipo.com.mx\/croc-cierra-accesos-a-la-camara-de-diputados-y-termina-cuando-morena-les-anuncia-que-en-16-dias-se-aprobara\/\" \/>\n<meta property=\"og:site_name\" content=\"Sonora en Equipo.\" \/>\n<meta property=\"article:publisher\" content=\"https:\/\/www.facebook.com\/SonoraEE\/\" \/>\n<meta property=\"article:author\" content=\"https:\/\/www.facebook.com\/SonoraEE\" \/>\n<meta property=\"article:published_time\" content=\"2023-11-29T18:23:10+00:00\" \/>\n<meta property=\"article:modified_time\" content=\"2023-11-29T20:56:55+00:00\" \/>\n<meta property=\"og:image\" content=\"https:\/\/www.sonoraenequipo.com.mx\/storage\/2023\/11\/camara-de-diputados-bloquedada...-min.jpg\" \/>\n\t<meta property=\"og:image:width\" content=\"900\" \/>\n\t<meta property=\"og:image:height\" content=\"538\" \/>\n\t<meta property=\"og:image:type\" content=\"image\/jpeg\" \/>\n<meta name=\"author\" content=\"enequipo\" \/>\n<meta name=\"twitter:card\" content=\"summary_large_image\" \/>\n<meta name=\"twitter:creator\" content=\"@sonoraenequipo\" \/>\n<meta name=\"twitter:site\" content=\"@sonoraenequipo\" \/>\n<meta name=\"twitter:label1\" content=\"Escrito por\" \/>\n\t<meta name=\"twitter:data1\" content=\"enequipo\" \/>\n\t<meta name=\"twitter:label2\" content=\"Tiempo de lectura\" \/>\n\t<meta name=\"twitter:data2\" content=\"1 minuto\" \/>\n<script type=\"application\/ld+json\" class=\"yoast-schema-graph\">{\"@context\":\"https:\/\/schema.org\",\"@graph\":[{\"@type\":\"Article\",\"@id\":\"https:\/\/www.sonoraenequipo.com.mx\/croc-cierra-accesos-a-la-camara-de-diputados-y-termina-cuando-morena-les-anuncia-que-en-16-dias-se-aprobara\/#article\",\"isPartOf\":{\"@id\":\"https:\/\/www.sonoraenequipo.com.mx\/croc-cierra-accesos-a-la-camara-de-diputados-y-termina-cuando-morena-les-anuncia-que-en-16-dias-se-aprobara\/\"},\"author\":{\"name\":\"enequipo\",\"@id\":\"https:\/\/www.sonoraenequipo.com.mx\/#\/schema\/person\/50102df0fb23a8fa9e8effad8fa81386\"},\"headline\":\"CROC cierra accesos a la C\u00e1mara de Diputados por Jornada de 40 horas\",\"datePublished\":\"2023-11-29T18:23:10+00:00\",\"dateModified\":\"2023-11-29T20:56:55+00:00\",\"mainEntityOfPage\":{\"@id\":\"https:\/\/www.sonoraenequipo.com.mx\/croc-cierra-accesos-a-la-camara-de-diputados-y-termina-cuando-morena-les-anuncia-que-en-16-dias-se-aprobara\/\"},\"wordCount\":263,\"commentCount\":0,\"publisher\":{\"@id\":\"https:\/\/www.sonoraenequipo.com.mx\/#organization\"},\"image\":{\"@id\":\"https:\/\/www.sonoraenequipo.com.mx\/croc-cierra-accesos-a-la-camara-de-diputados-y-termina-cuando-morena-les-anuncia-que-en-16-dias-se-aprobara\/#primaryimage\"},\"thumbnailUrl\":\"https:\/\/www.sonoraenequipo.com.mx\/storage\/2023\/11\/camara-de-diputados-bloquedada...-min.jpg\",\"articleSection\":[\"Rep\u00fablica\"],\"inLanguage\":\"es\",\"potentialAction\":[{\"@type\":\"CommentAction\",\"name\":\"Comment\",\"target\":[\"https:\/\/www.sonoraenequipo.com.mx\/croc-cierra-accesos-a-la-camara-de-diputados-y-termina-cuando-morena-les-anuncia-que-en-16-dias-se-aprobara\/#respond\"]}]},{\"@type\":\"WebPage\",\"@id\":\"https:\/\/www.sonoraenequipo.com.mx\/croc-cierra-accesos-a-la-camara-de-diputados-y-termina-cuando-morena-les-anuncia-que-en-16-dias-se-aprobara\/\",\"url\":\"https:\/\/www.sonoraenequipo.com.mx\/croc-cierra-accesos-a-la-camara-de-diputados-y-termina-cuando-morena-les-anuncia-que-en-16-dias-se-aprobara\/\",\"name\":\"Sonora en Equipo. CROC cierra accesos a la C\u00e1mara de Diputados por Jornada de 40 horas Rep\u00fablica\",\"isPartOf\":{\"@id\":\"https:\/\/www.sonoraenequipo.com.mx\/#website\"},\"primaryImageOfPage\":{\"@id\":\"https:\/\/www.sonoraenequipo.com.mx\/croc-cierra-accesos-a-la-camara-de-diputados-y-termina-cuando-morena-les-anuncia-que-en-16-dias-se-aprobara\/#primaryimage\"},\"image\":{\"@id\":\"https:\/\/www.sonoraenequipo.com.mx\/croc-cierra-accesos-a-la-camara-de-diputados-y-termina-cuando-morena-les-anuncia-que-en-16-dias-se-aprobara\/#primaryimage\"},\"thumbnailUrl\":\"https:\/\/www.sonoraenequipo.com.mx\/storage\/2023\/11\/camara-de-diputados-bloquedada...-min.jpg\",\"datePublished\":\"2023-11-29T18:23:10+00:00\",\"dateModified\":\"2023-11-29T20:56:55+00:00\",\"description\":\"CIUDAD DE M\u00c9XICO. MX. \u2014 Los inconformes exigen la aprobaci\u00f3n por parte de diputados de la reforma para reducir la jornada laboral a 40 horas En Sonora en Equipo publicamos toda la informaci\u00f3n de Sonora, M\u00e9xico y el Mundo de manera oportuna y busca que la libertad de expresi\u00f3n sea real. Visita nuestro medio informativo publicado desde Hermosillo, Sonora. %\",\"breadcrumb\":{\"@id\":\"https:\/\/www.sonoraenequipo.com.mx\/croc-cierra-accesos-a-la-camara-de-diputados-y-termina-cuando-morena-les-anuncia-que-en-16-dias-se-aprobara\/#breadcrumb\"},\"inLanguage\":\"es\",\"potentialAction\":[{\"@type\":\"ReadAction\",\"target\":[\"https:\/\/www.sonoraenequipo.com.mx\/croc-cierra-accesos-a-la-camara-de-diputados-y-termina-cuando-morena-les-anuncia-que-en-16-dias-se-aprobara\/\"]}]},{\"@type\":\"ImageObject\",\"inLanguage\":\"es\",\"@id\":\"https:\/\/www.sonoraenequipo.com.mx\/croc-cierra-accesos-a-la-camara-de-diputados-y-termina-cuando-morena-les-anuncia-que-en-16-dias-se-aprobara\/#primaryimage\",\"url\":\"https:\/\/www.sonoraenequipo.com.mx\/storage\/2023\/11\/camara-de-diputados-bloquedada...-min.jpg\",\"contentUrl\":\"https:\/\/www.sonoraenequipo.com.mx\/storage\/2023\/11\/camara-de-diputados-bloquedada...-min.jpg\",\"width\":900,\"height\":538},{\"@type\":\"BreadcrumbList\",\"@id\":\"https:\/\/www.sonoraenequipo.com.mx\/croc-cierra-accesos-a-la-camara-de-diputados-y-termina-cuando-morena-les-anuncia-que-en-16-dias-se-aprobara\/#breadcrumb\",\"itemListElement\":[{\"@type\":\"ListItem\",\"position\":1,\"name\":\"Portada\",\"item\":\"https:\/\/www.sonoraenequipo.com.mx\/\"},{\"@type\":\"ListItem\",\"position\":2,\"name\":\"CROC cierra accesos a la C\u00e1mara de Diputados por Jornada de 40 horas\"}]},{\"@type\":\"WebSite\",\"@id\":\"https:\/\/www.sonoraenequipo.com.mx\/#website\",\"url\":\"https:\/\/www.sonoraenequipo.com.mx\/\",\"name\":\"Sonora en Equipo.\",\"description\":\"Diario en l\u00ednea con Noticias desde Hermosillo, Sonora\",\"publisher\":{\"@id\":\"https:\/\/www.sonoraenequipo.com.mx\/#organization\"},\"potentialAction\":[{\"@type\":\"SearchAction\",\"target\":{\"@type\":\"EntryPoint\",\"urlTemplate\":\"https:\/\/www.sonoraenequipo.com.mx\/?s={search_term_string}\"},\"query-input\":{\"@type\":\"PropertyValueSpecification\",\"valueRequired\":true,\"valueName\":\"search_term_string\"}}],\"inLanguage\":\"es\"},{\"@type\":\"Organization\",\"@id\":\"https:\/\/www.sonoraenequipo.com.mx\/#organization\",\"name\":\"Sonoraenequipo.com.mx\",\"url\":\"https:\/\/www.sonoraenequipo.com.mx\/\",\"logo\":{\"@type\":\"ImageObject\",\"inLanguage\":\"es\",\"@id\":\"https:\/\/www.sonoraenequipo.com.mx\/#\/schema\/logo\/image\/\",\"url\":\"https:\/\/www.sonoraenequipo.com.mx\/storage\/2019\/01\/sonoraenequipo_opt.png\",\"contentUrl\":\"https:\/\/www.sonoraenequipo.com.mx\/storage\/2019\/01\/sonoraenequipo_opt.png\",\"width\":375,\"height\":125,\"caption\":\"Sonoraenequipo.com.mx\"},\"image\":{\"@id\":\"https:\/\/www.sonoraenequipo.com.mx\/#\/schema\/logo\/image\/\"},\"sameAs\":[\"https:\/\/www.facebook.com\/SonoraEE\/\",\"https:\/\/x.com\/sonoraenequipo\",\"https:\/\/www.youtube.com\/channel\/UC338nW-lPEYmJQs4ZABQ1SQ\"]},{\"@type\":\"Person\",\"@id\":\"https:\/\/www.sonoraenequipo.com.mx\/#\/schema\/person\/50102df0fb23a8fa9e8effad8fa81386\",\"name\":\"enequipo\",\"image\":{\"@type\":\"ImageObject\",\"inLanguage\":\"es\",\"@id\":\"https:\/\/www.sonoraenequipo.com.mx\/#\/schema\/person\/image\/\",\"url\":\"https:\/\/secure.gravatar.com\/avatar\/049821681b589dabc0bc20695993ccebb09f5b5d4d790cd9251b97faac7c652b?s=96&d=blank&r=g\",\"contentUrl\":\"https:\/\/secure.gravatar.com\/avatar\/049821681b589dabc0bc20695993ccebb09f5b5d4d790cd9251b97faac7c652b?s=96&d=blank&r=g\",\"caption\":\"enequipo\"},\"sameAs\":[\"https:\/\/www.facebook.com\/SonoraEE\"]}]}<\/script>\n ","yoast_head_json":{"title":"Sonora en Equipo. CROC cierra accesos a la C\u00e1mara de Diputados por Jornada de 40 horas Rep\u00fablica","description":"CIUDAD DE M\u00c9XICO. MX. \u2014 Los inconformes exigen la aprobaci\u00f3n por parte de diputados de la reforma para reducir la jornada laboral a 40 horas En Sonora en Equipo publicamos toda la informaci\u00f3n de Sonora, M\u00e9xico y el Mundo de manera oportuna y busca que la libertad de expresi\u00f3n sea real. Visita nuestro medio informativo publicado desde Hermosillo, Sonora. %","robots":{"index":"index","follow":"follow","max-snippet":"max-snippet:-1","max-image-preview":"max-image-preview:large","max-video-preview":"max-video-preview:-1"},"canonical":"https:\/\/www.sonoraenequipo.com.mx\/croc-cierra-accesos-a-la-camara-de-diputados-y-termina-cuando-morena-les-anuncia-que-en-16-dias-se-aprobara\/","og_locale":"es_ES","og_type":"article","og_title":"Sonora en Equipo. CROC cierra accesos a la C\u00e1mara de Diputados por Jornada de 40 horas Rep\u00fablica","og_description":"CIUDAD DE M\u00c9XICO. MX. \u2014 Los inconformes exigen la aprobaci\u00f3n por parte de diputados de la reforma para reducir la jornada laboral a 40 horas En Sonora en Equipo publicamos toda la informaci\u00f3n de Sonora, M\u00e9xico y el Mundo de manera oportuna y busca que la libertad de expresi\u00f3n sea real. Visita nuestro medio informativo publicado desde Hermosillo, Sonora. %","og_url":"https:\/\/www.sonoraenequipo.com.mx\/croc-cierra-accesos-a-la-camara-de-diputados-y-termina-cuando-morena-les-anuncia-que-en-16-dias-se-aprobara\/","og_site_name":"Sonora en Equipo.","article_publisher":"https:\/\/www.facebook.com\/SonoraEE\/","article_author":"https:\/\/www.facebook.com\/SonoraEE","article_published_time":"2023-11-29T18:23:10+00:00","article_modified_time":"2023-11-29T20:56:55+00:00","og_image":[{"width":900,"height":538,"url":"https:\/\/www.sonoraenequipo.com.mx\/storage\/2023\/11\/camara-de-diputados-bloquedada...-min.jpg","type":"image\/jpeg"}],"author":"enequipo","twitter_card":"summary_large_image","twitter_creator":"@sonoraenequipo","twitter_site":"@sonoraenequipo","twitter_misc":{"Escrito por":"enequipo","Tiempo de lectura":"1 minuto"},"schema":{"@context":"https:\/\/schema.org","@graph":[{"@type":"Article","@id":"https:\/\/www.sonoraenequipo.com.mx\/croc-cierra-accesos-a-la-camara-de-diputados-y-termina-cuando-morena-les-anuncia-que-en-16-dias-se-aprobara\/#article","isPartOf":{"@id":"https:\/\/www.sonoraenequipo.com.mx\/croc-cierra-accesos-a-la-camara-de-diputados-y-termina-cuando-morena-les-anuncia-que-en-16-dias-se-aprobara\/"},"author":{"name":"enequipo","@id":"https:\/\/www.sonoraenequipo.com.mx\/#\/schema\/person\/50102df0fb23a8fa9e8effad8fa81386"},"headline":"CROC cierra accesos a la C\u00e1mara de Diputados por Jornada de 40 horas","datePublished":"2023-11-29T18:23:10+00:00","dateModified":"2023-11-29T20:56:55+00:00","mainEntityOfPage":{"@id":"https:\/\/www.sonoraenequipo.com.mx\/croc-cierra-accesos-a-la-camara-de-diputados-y-termina-cuando-morena-les-anuncia-que-en-16-dias-se-aprobara\/"},"wordCount":263,"commentCount":0,"publisher":{"@id":"https:\/\/www.sonoraenequipo.com.mx\/#organization"},"image":{"@id":"https:\/\/www.sonoraenequipo.com.mx\/croc-cierra-accesos-a-la-camara-de-diputados-y-termina-cuando-morena-les-anuncia-que-en-16-dias-se-aprobara\/#primaryimage"},"thumbnailUrl":"https:\/\/www.sonoraenequipo.com.mx\/storage\/2023\/11\/camara-de-diputados-bloquedada...-min.jpg","articleSection":["Rep\u00fablica"],"inLanguage":"es","potentialAction":[{"@type":"CommentAction","name":"Comment","target":["https:\/\/www.sonoraenequipo.com.mx\/croc-cierra-accesos-a-la-camara-de-diputados-y-termina-cuando-morena-les-anuncia-que-en-16-dias-se-aprobara\/#respond"]}]},{"@type":"WebPage","@id":"https:\/\/www.sonoraenequipo.com.mx\/croc-cierra-accesos-a-la-camara-de-diputados-y-termina-cuando-morena-les-anuncia-que-en-16-dias-se-aprobara\/","url":"https:\/\/www.sonoraenequipo.com.mx\/croc-cierra-accesos-a-la-camara-de-diputados-y-termina-cuando-morena-les-anuncia-que-en-16-dias-se-aprobara\/","name":"Sonora en Equipo. CROC cierra accesos a la C\u00e1mara de Diputados por Jornada de 40 horas Rep\u00fablica","isPartOf":{"@id":"https:\/\/www.sonoraenequipo.com.mx\/#website"},"primaryImageOfPage":{"@id":"https:\/\/www.sonoraenequipo.com.mx\/croc-cierra-accesos-a-la-camara-de-diputados-y-termina-cuando-morena-les-anuncia-que-en-16-dias-se-aprobara\/#primaryimage"},"image":{"@id":"https:\/\/www.sonoraenequipo.com.mx\/croc-cierra-accesos-a-la-camara-de-diputados-y-termina-cuando-morena-les-anuncia-que-en-16-dias-se-aprobara\/#primaryimage"},"thumbnailUrl":"https:\/\/www.sonoraenequipo.com.mx\/storage\/2023\/11\/camara-de-diputados-bloquedada...-min.jpg","datePublished":"2023-11-29T18:23:10+00:00","dateModified":"2023-11-29T20:56:55+00:00","description":"CIUDAD DE M\u00c9XICO. MX. \u2014 Los inconformes exigen la aprobaci\u00f3n por parte de diputados de la reforma para reducir la jornada laboral a 40 horas En Sonora en Equipo publicamos toda la informaci\u00f3n de Sonora, M\u00e9xico y el Mundo de manera oportuna y busca que la libertad de expresi\u00f3n sea real. Visita nuestro medio informativo publicado desde Hermosillo, Sonora. %","breadcrumb":{"@id":"https:\/\/www.sonoraenequipo.com.mx\/croc-cierra-accesos-a-la-camara-de-diputados-y-termina-cuando-morena-les-anuncia-que-en-16-dias-se-aprobara\/#breadcrumb"},"inLanguage":"es","potentialAction":[{"@type":"ReadAction","target":["https:\/\/www.sonoraenequipo.com.mx\/croc-cierra-accesos-a-la-camara-de-diputados-y-termina-cuando-morena-les-anuncia-que-en-16-dias-se-aprobara\/"]}]},{"@type":"ImageObject","inLanguage":"es","@id":"https:\/\/www.sonoraenequipo.com.mx\/croc-cierra-accesos-a-la-camara-de-diputados-y-termina-cuando-morena-les-anuncia-que-en-16-dias-se-aprobara\/#primaryimage","url":"https:\/\/www.sonoraenequipo.com.mx\/storage\/2023\/11\/camara-de-diputados-bloquedada...-min.jpg","contentUrl":"https:\/\/www.sonoraenequipo.com.mx\/storage\/2023\/11\/camara-de-diputados-bloquedada...-min.jpg","width":900,"height":538},{"@type":"BreadcrumbList","@id":"https:\/\/www.sonoraenequipo.com.mx\/croc-cierra-accesos-a-la-camara-de-diputados-y-termina-cuando-morena-les-anuncia-que-en-16-dias-se-aprobara\/#breadcrumb","itemListElement":[{"@type":"ListItem","position":1,"name":"Portada","item":"https:\/\/www.sonoraenequipo.com.mx\/"},{"@type":"ListItem","position":2,"name":"CROC cierra accesos a la C\u00e1mara de Diputados por Jornada de 40 horas"}]},{"@type":"WebSite","@id":"https:\/\/www.sonoraenequipo.com.mx\/#website","url":"https:\/\/www.sonoraenequipo.com.mx\/","name":"Sonora en Equipo.","description":"Diario en l\u00ednea con Noticias desde Hermosillo, Sonora","publisher":{"@id":"https:\/\/www.sonoraenequipo.com.mx\/#organization"},"potentialAction":[{"@type":"SearchAction","target":{"@type":"EntryPoint","urlTemplate":"https:\/\/www.sonoraenequipo.com.mx\/?s={search_term_string}"},"query-input":{"@type":"PropertyValueSpecification","valueRequired":true,"valueName":"search_term_string"}}],"inLanguage":"es"},{"@type":"Organization","@id":"https:\/\/www.sonoraenequipo.com.mx\/#organization","name":"Sonoraenequipo.com.mx","url":"https:\/\/www.sonoraenequipo.com.mx\/","logo":{"@type":"ImageObject","inLanguage":"es","@id":"https:\/\/www.sonoraenequipo.com.mx\/#\/schema\/logo\/image\/","url":"https:\/\/www.sonoraenequipo.com.mx\/storage\/2019\/01\/sonoraenequipo_opt.png","contentUrl":"https:\/\/www.sonoraenequipo.com.mx\/storage\/2019\/01\/sonoraenequipo_opt.png","width":375,"height":125,"caption":"Sonoraenequipo.com.mx"},"image":{"@id":"https:\/\/www.sonoraenequipo.com.mx\/#\/schema\/logo\/image\/"},"sameAs":["https:\/\/www.facebook.com\/SonoraEE\/","https:\/\/x.com\/sonoraenequipo","https:\/\/www.youtube.com\/channel\/UC338nW-lPEYmJQs4ZABQ1SQ"]},{"@type":"Person","@id":"https:\/\/www.sonoraenequipo.com.mx\/#\/schema\/person\/50102df0fb23a8fa9e8effad8fa81386","name":"enequipo","image":{"@type":"ImageObject","inLanguage":"es","@id":"https:\/\/www.sonoraenequipo.com.mx\/#\/schema\/person\/image\/","url":"https:\/\/secure.gravatar.com\/avatar\/049821681b589dabc0bc20695993ccebb09f5b5d4d790cd9251b97faac7c652b?s=96&d=blank&r=g","contentUrl":"https:\/\/secure.gravatar.com\/avatar\/049821681b589dabc0bc20695993ccebb09f5b5d4d790cd9251b97faac7c652b?s=96&d=blank&r=g","caption":"enequipo"},"sameAs":["https:\/\/www.facebook.com\/SonoraEE"]}]}},"jetpack_featured_media_url":"https:\/\/www.sonoraenequipo.com.mx\/storage\/2023\/11\/camara-de-diputados-bloquedada...-min.jpg","_links":{"self":[{"href":"https:\/\/www.sonoraenequipo.com.mx\/api\/wp\/v2\/posts\/180100","targetHints":{"allow":["GET"]}}],"collection":[{"href":"https:\/\/www.sonoraenequipo.com.mx\/api\/wp\/v2\/posts"}],"about":[{"href":"https:\/\/www.sonoraenequipo.com.mx\/api\/wp\/v2\/types\/post"}],"author":[{"embeddable":true,"href":"https:\/\/www.sonoraenequipo.com.mx\/api\/wp\/v2\/users\/1"}],"replies":[{"embeddable":true,"href":"https:\/\/www.sonoraenequipo.com.mx\/api\/wp\/v2\/comments?post=180100"}],"version-history":[{"count":4,"href":"https:\/\/www.sonoraenequipo.com.mx\/api\/wp\/v2\/posts\/180100\/revisions"}],"predecessor-version":[{"id":180105,"href":"https:\/\/www.sonoraenequipo.com.mx\/api\/wp\/v2\/posts\/180100\/revisions\/180105"}],"wp:featuredmedia":[{"embeddable":true,"href":"https:\/\/www.sonoraenequipo.com.mx\/api\/wp\/v2\/media\/180101"}],"wp:attachment":[{"href":"https:\/\/www.sonoraenequipo.com.mx\/api\/wp\/v2\/media?parent=180100"}],"wp:term":[{"taxonomy":"category","embeddable":true,"href":"https:\/\/www.sonoraenequipo.com.mx\/api\/wp\/v2\/categories?post=180100"},{"taxonomy":"post_tag","embeddable":true,"href":"https:\/\/www.sonoraenequipo.com.mx\/api\/wp\/v2\/tags?post=180100"}],"curies":[{"name":"wp","href":"https:\/\/api.w.org\/{rel}","templated":true}]}}