{"id":180114,"date":"2023-11-29T07:00:43","date_gmt":"2023-11-29T14:00:43","guid":{"rendered":"https:\/\/www.sonoraenequipo.com.mx\/?p=180114"},"modified":"2023-11-29T14:39:51","modified_gmt":"2023-11-29T21:39:51","slug":"acciones-policiales-para-la-seguridad-de-hermosillo-del-dia-29-de-noviembre-2023","status":"publish","type":"post","link":"https:\/\/www.sonoraenequipo.com.mx\/acciones-policiales-para-la-seguridad-de-hermosillo-del-dia-29-de-noviembre-2023\/","title":{"rendered":"Acciones policiales para la seguridad de Hermosillo del d\u00eda 29 de noviembre 2023"},"content":{"rendered":"<h3>DETENIDOS<\/h3>\n<p>&nbsp;<\/p>\n<p><strong>PUEBLITOS. <\/strong>\u00a0Elementos preventivos en operativo arrestaron a las 23:05 horas de ayer a Sebasti\u00e1n \u00abN\u00bb , de 18 a\u00f1os de edad.<\/p>\n<p>&nbsp;<\/p>\n<p>El joven se desplazaba portando un arma prohibida por las calles Pueblo Bajo y Agust\u00edn Zamora de la colonia Pueblitos.<\/p>\n<p>&nbsp;<\/p>\n<p>Fue un cuchillo con punta y filo, de aproximadamente 30 cent\u00edmetros de longitud, lo que se le decomis\u00f3.<\/p>\n<p>&nbsp;<\/p>\n<p><strong>PUEBLITOS. <\/strong>\u00a0Un total de seis envoltorios conteniendo posible hierba verde y seca con las caracter\u00edsticas similares a la marihuana, se le decomis\u00f3 a Cristian Alejandro \u00abN\u00bb.<\/p>\n<p>&nbsp;<\/p>\n<p>El sujeto de 34 a\u00f1os de edad, qued\u00f3 a disposici\u00f3n de la autoridad investigadora a las 23:10 horas de ayer, por el delito de da\u00f1os contra la salud.<\/p>\n<p>&nbsp;<\/p>\n<p>Agentes preventivos lo interceptaron en las calles Pueblitos y Agust\u00edn Zamora de la colonia Pueblitos, por donde patrullaban.<\/p>\n<p>&nbsp;<\/p>\n<p><strong>COLOSIO. <\/strong>\u00a0Por el delito de portaci\u00f3n de arma prohibida fue arrestado a las 00:40 horas de ayer, Carlos Ram\u00f3n \u00abN\u00bb de 47 a\u00f1os de edad.<\/p>\n<p>&nbsp;<\/p>\n<p>El hombre tra\u00eda una solera con punta y filo, de aproximadamente 50 cent\u00edmetros de longitud, la cual se turn\u00f3 a la autoridad investigadora.<\/p>\n<p>&nbsp;<\/p>\n<p>Los oficiales preventivos lo abordaron por fuera de una tienda de conveniencia ubicada en las calles Quiroga y Joaqu\u00edn Dur\u00e1n de la colonia Colosio.<\/p>\n<p>&nbsp;<\/p>\n<p><b>CAMINO REAL. \u2014 <\/b>\u00a0En posesi\u00f3n de posible narc\u00f3tico fue arrestado quien se identific\u00f3 con el nombre de Gilberto \u00abN\u00bb, de 23 a\u00f1os de edad.<\/p>\n<p>&nbsp;<\/p>\n<p>Eran las 13:05 horas de ayer, cuando el joven fue interceptado por los agentes preventivos en las calles Sahuaro y Huatabampo de la colonia Camino Real.<\/p>\n<p>&nbsp;<\/p>\n<p>Al joven le aseguraron seis envoltorios conteniendo una sustancia granulada al tacto similar a un narc\u00f3tico al parecer crystal.<\/p>\n<p>&nbsp;<\/p>\n<p>&nbsp;<\/p>\n<p><strong>LAS MINITAS. \u2014\u00a0<\/strong> A las 10:45 horas de ayer, se detuvo a Luis \u00c1ngel \u00abN\u00bb de 25 a\u00f1os de edad, por el delito de da\u00f1os contra la salud.<\/p>\n<p>&nbsp;<\/p>\n<p>Dicha persona caminaba por las calles Sesma Verdugo y Mina La Verde de la colonia Las Minitas, cuando al ver la patrulla mostr\u00f3 actitud evasiva.<\/p>\n<p>&nbsp;<\/p>\n<p>Al joven le encontraron tres envoltorios conteniendo posible narc\u00f3tico al parecer crystal y uno con hierba verde similar a la marihuana.<\/p>\n<p>&nbsp;<\/p>\n<p><strong>LAS GRANJAS. \u2014 <\/strong>\u00a0Alfonso \u00abN\u00bb de 53 a\u00f1os de edad, fue arrestado en las calles Oviedo y Castellano de la colonia Las Granjas.<\/p>\n<p>&nbsp;<\/p>\n<p>A las 11:00 horas de ayer la perjudicada de 41 a\u00f1os de edad, solicit\u00f3 la intervenci\u00f3n policial para detener a su hermano.<\/p>\n<p>&nbsp;<\/p>\n<p>Lo acus\u00f3 de insultarla y de entrar a la vivienda pateando la puerta, grit\u00e1ndole y amenaz\u00e1ndola, por lo fue puesto a disposici\u00f3n del Ministerio P\u00fablico.<\/p>\n<p>&nbsp;<\/p>\n<p><strong>PIMENTEL. \u2014 <\/strong>\u00a0Por los delitos de da\u00f1os contra la salud y portacion de arma prohibida, qued\u00f3 detenido Gabriel Enrique \u00abN\u00bb.<\/p>\n<p>&nbsp;<\/p>\n<p>A las 20:41 horas de ayer, fue asegurado en las calles Oth\u00f3n Almada y Tepupa de la colonia Pimentel, por agentes municipales.<\/p>\n<p>&nbsp;<\/p>\n<p>Al individuo de 50 a\u00f1os de edad, le decomisaron un cuchillo de aproximadamente 25 cent\u00edmetros de longitud y dos envoltorios con posible narc\u00f3tico al parecer crystal.<\/p>\n<p>&nbsp;<\/p>\n<p>La droga, el arma blanca y el detenido, fueron presentados ante la autoridad investigadora correspondiente.<\/p>\n<p>&nbsp;<\/p>\n<p>PUBLICADO EL 29 OVIEMBRE DE 2023\/ Con informaci\u00f3n de SSPM)<\/p>\n","protected":false},"excerpt":{"rendered":"<p>DETENIDOS &nbsp; PUEBLITOS. \u00a0Elementos preventivos en operativo arrestaron a las 23:05 horas de ayer a&#8230;<\/p>\n","protected":false},"author":1,"featured_media":180115,"comment_status":"open","ping_status":"open","sticky":false,"template":"","format":"standard","meta":{"_monsterinsights_skip_tracking":false,"_monsterinsights_sitenote_active":false,"_monsterinsights_sitenote_note":"","_monsterinsights_sitenote_category":0,"footnotes":""},"categories":[3144],"tags":[],"class_list":["post"],"yoast_head":" \n<title>Sonora en Equipo. Acciones policiales para la seguridad de Hermosillo del d\u00eda 29 de noviembre 2023 Polic\u00edaca<\/title>\n<meta name=\"description\" content=\"DETENIDOS &nbsp; PUEBLITOS. \u00a0Elementos preventivos en operativo arrestaron a las 23:05 horas de ayer a Sebasti\u00e1n &quot;N&quot; , de 18 a\u00f1os de edad. &nbsp; El joven En Sonora en Equipo publicamos toda la informaci\u00f3n de Sonora, M\u00e9xico y el Mundo de manera oportuna y busca que la libertad de expresi\u00f3n sea real. Visita nuestro medio informativo publicado desde Hermosillo, Sonora. %\" \/>\n<meta name=\"robots\" content=\"index, follow, max-snippet:-1, max-image-preview:large, max-video-preview:-1\" \/>\n<link rel=\"canonical\" href=\"https:\/\/www.sonoraenequipo.com.mx\/acciones-policiales-para-la-seguridad-de-hermosillo-del-dia-29-de-noviembre-2023\/\" \/>\n<meta property=\"og:locale\" content=\"es_ES\" \/>\n<meta property=\"og:type\" content=\"article\" \/>\n<meta property=\"og:title\" content=\"Sonora en Equipo. Acciones policiales para la seguridad de Hermosillo del d\u00eda 29 de noviembre 2023 Polic\u00edaca\" \/>\n<meta property=\"og:description\" content=\"DETENIDOS &nbsp; PUEBLITOS. \u00a0Elementos preventivos en operativo arrestaron a las 23:05 horas de ayer a Sebasti\u00e1n &quot;N&quot; , de 18 a\u00f1os de edad. &nbsp; El joven En Sonora en Equipo publicamos toda la informaci\u00f3n de Sonora, M\u00e9xico y el Mundo de manera oportuna y busca que la libertad de expresi\u00f3n sea real. Visita nuestro medio informativo publicado desde Hermosillo, Sonora. %\" \/>\n<meta property=\"og:url\" content=\"https:\/\/www.sonoraenequipo.com.mx\/acciones-policiales-para-la-seguridad-de-hermosillo-del-dia-29-de-noviembre-2023\/\" \/>\n<meta property=\"og:site_name\" content=\"Sonora en Equipo.\" \/>\n<meta property=\"article:publisher\" content=\"https:\/\/www.facebook.com\/SonoraEE\/\" \/>\n<meta property=\"article:author\" content=\"https:\/\/www.facebook.com\/SonoraEE\" \/>\n<meta property=\"article:published_time\" content=\"2023-11-29T14:00:43+00:00\" \/>\n<meta property=\"article:modified_time\" content=\"2023-11-29T21:39:51+00:00\" \/>\n<meta property=\"og:image\" content=\"https:\/\/www.sonoraenequipo.com.mx\/storage\/2023\/11\/FGJEcjm29112023c-min.jpeg\" \/>\n\t<meta property=\"og:image:width\" content=\"1024\" \/>\n\t<meta property=\"og:image:height\" content=\"594\" \/>\n\t<meta property=\"og:image:type\" content=\"image\/jpeg\" \/>\n<meta name=\"author\" content=\"enequipo\" \/>\n<meta name=\"twitter:card\" content=\"summary_large_image\" \/>\n<meta name=\"twitter:creator\" content=\"@sonoraenequipo\" \/>\n<meta name=\"twitter:site\" content=\"@sonoraenequipo\" \/>\n<meta name=\"twitter:label1\" content=\"Escrito por\" \/>\n\t<meta name=\"twitter:data1\" content=\"enequipo\" \/>\n\t<meta name=\"twitter:label2\" content=\"Tiempo de lectura\" \/>\n\t<meta name=\"twitter:data2\" content=\"3 minutos\" \/>\n<script type=\"application\/ld+json\" class=\"yoast-schema-graph\">{\"@context\":\"https:\/\/schema.org\",\"@graph\":[{\"@type\":\"Article\",\"@id\":\"https:\/\/www.sonoraenequipo.com.mx\/acciones-policiales-para-la-seguridad-de-hermosillo-del-dia-29-de-noviembre-2023\/#article\",\"isPartOf\":{\"@id\":\"https:\/\/www.sonoraenequipo.com.mx\/acciones-policiales-para-la-seguridad-de-hermosillo-del-dia-29-de-noviembre-2023\/\"},\"author\":{\"name\":\"enequipo\",\"@id\":\"https:\/\/www.sonoraenequipo.com.mx\/#\/schema\/person\/50102df0fb23a8fa9e8effad8fa81386\"},\"headline\":\"Acciones policiales para la seguridad de Hermosillo del d\u00eda 29 de noviembre 2023\",\"datePublished\":\"2023-11-29T14:00:43+00:00\",\"dateModified\":\"2023-11-29T21:39:51+00:00\",\"mainEntityOfPage\":{\"@id\":\"https:\/\/www.sonoraenequipo.com.mx\/acciones-policiales-para-la-seguridad-de-hermosillo-del-dia-29-de-noviembre-2023\/\"},\"wordCount\":557,\"commentCount\":0,\"publisher\":{\"@id\":\"https:\/\/www.sonoraenequipo.com.mx\/#organization\"},\"image\":{\"@id\":\"https:\/\/www.sonoraenequipo.com.mx\/acciones-policiales-para-la-seguridad-de-hermosillo-del-dia-29-de-noviembre-2023\/#primaryimage\"},\"thumbnailUrl\":\"https:\/\/www.sonoraenequipo.com.mx\/storage\/2023\/11\/FGJEcjm29112023c-min.jpeg\",\"articleSection\":[\"Polic\u00edaca\"],\"inLanguage\":\"es\",\"potentialAction\":[{\"@type\":\"CommentAction\",\"name\":\"Comment\",\"target\":[\"https:\/\/www.sonoraenequipo.com.mx\/acciones-policiales-para-la-seguridad-de-hermosillo-del-dia-29-de-noviembre-2023\/#respond\"]}]},{\"@type\":\"WebPage\",\"@id\":\"https:\/\/www.sonoraenequipo.com.mx\/acciones-policiales-para-la-seguridad-de-hermosillo-del-dia-29-de-noviembre-2023\/\",\"url\":\"https:\/\/www.sonoraenequipo.com.mx\/acciones-policiales-para-la-seguridad-de-hermosillo-del-dia-29-de-noviembre-2023\/\",\"name\":\"Sonora en Equipo. Acciones policiales para la seguridad de Hermosillo del d\u00eda 29 de noviembre 2023 Polic\u00edaca\",\"isPartOf\":{\"@id\":\"https:\/\/www.sonoraenequipo.com.mx\/#website\"},\"primaryImageOfPage\":{\"@id\":\"https:\/\/www.sonoraenequipo.com.mx\/acciones-policiales-para-la-seguridad-de-hermosillo-del-dia-29-de-noviembre-2023\/#primaryimage\"},\"image\":{\"@id\":\"https:\/\/www.sonoraenequipo.com.mx\/acciones-policiales-para-la-seguridad-de-hermosillo-del-dia-29-de-noviembre-2023\/#primaryimage\"},\"thumbnailUrl\":\"https:\/\/www.sonoraenequipo.com.mx\/storage\/2023\/11\/FGJEcjm29112023c-min.jpeg\",\"datePublished\":\"2023-11-29T14:00:43+00:00\",\"dateModified\":\"2023-11-29T21:39:51+00:00\",\"description\":\"DETENIDOS &nbsp; PUEBLITOS. \u00a0Elementos preventivos en operativo arrestaron a las 23:05 horas de ayer a Sebasti\u00e1n \\\"N\\\" , de 18 a\u00f1os de edad. &nbsp; El joven En Sonora en Equipo publicamos toda la informaci\u00f3n de Sonora, M\u00e9xico y el Mundo de manera oportuna y busca que la libertad de expresi\u00f3n sea real. Visita nuestro medio informativo publicado desde Hermosillo, Sonora. %\",\"breadcrumb\":{\"@id\":\"https:\/\/www.sonoraenequipo.com.mx\/acciones-policiales-para-la-seguridad-de-hermosillo-del-dia-29-de-noviembre-2023\/#breadcrumb\"},\"inLanguage\":\"es\",\"potentialAction\":[{\"@type\":\"ReadAction\",\"target\":[\"https:\/\/www.sonoraenequipo.com.mx\/acciones-policiales-para-la-seguridad-de-hermosillo-del-dia-29-de-noviembre-2023\/\"]}]},{\"@type\":\"ImageObject\",\"inLanguage\":\"es\",\"@id\":\"https:\/\/www.sonoraenequipo.com.mx\/acciones-policiales-para-la-seguridad-de-hermosillo-del-dia-29-de-noviembre-2023\/#primaryimage\",\"url\":\"https:\/\/www.sonoraenequipo.com.mx\/storage\/2023\/11\/FGJEcjm29112023c-min.jpeg\",\"contentUrl\":\"https:\/\/www.sonoraenequipo.com.mx\/storage\/2023\/11\/FGJEcjm29112023c-min.jpeg\",\"width\":1024,\"height\":594},{\"@type\":\"BreadcrumbList\",\"@id\":\"https:\/\/www.sonoraenequipo.com.mx\/acciones-policiales-para-la-seguridad-de-hermosillo-del-dia-29-de-noviembre-2023\/#breadcrumb\",\"itemListElement\":[{\"@type\":\"ListItem\",\"position\":1,\"name\":\"Portada\",\"item\":\"https:\/\/www.sonoraenequipo.com.mx\/\"},{\"@type\":\"ListItem\",\"position\":2,\"name\":\"Acciones policiales para la seguridad de Hermosillo del d\u00eda 29 de noviembre 2023\"}]},{\"@type\":\"WebSite\",\"@id\":\"https:\/\/www.sonoraenequipo.com.mx\/#website\",\"url\":\"https:\/\/www.sonoraenequipo.com.mx\/\",\"name\":\"Sonora en Equipo.\",\"description\":\"Diario en l\u00ednea con Noticias desde Hermosillo, Sonora\",\"publisher\":{\"@id\":\"https:\/\/www.sonoraenequipo.com.mx\/#organization\"},\"potentialAction\":[{\"@type\":\"SearchAction\",\"target\":{\"@type\":\"EntryPoint\",\"urlTemplate\":\"https:\/\/www.sonoraenequipo.com.mx\/?s={search_term_string}\"},\"query-input\":{\"@type\":\"PropertyValueSpecification\",\"valueRequired\":true,\"valueName\":\"search_term_string\"}}],\"inLanguage\":\"es\"},{\"@type\":\"Organization\",\"@id\":\"https:\/\/www.sonoraenequipo.com.mx\/#organization\",\"name\":\"Sonoraenequipo.com.mx\",\"url\":\"https:\/\/www.sonoraenequipo.com.mx\/\",\"logo\":{\"@type\":\"ImageObject\",\"inLanguage\":\"es\",\"@id\":\"https:\/\/www.sonoraenequipo.com.mx\/#\/schema\/logo\/image\/\",\"url\":\"https:\/\/www.sonoraenequipo.com.mx\/storage\/2019\/01\/sonoraenequipo_opt.png\",\"contentUrl\":\"https:\/\/www.sonoraenequipo.com.mx\/storage\/2019\/01\/sonoraenequipo_opt.png\",\"width\":375,\"height\":125,\"caption\":\"Sonoraenequipo.com.mx\"},\"image\":{\"@id\":\"https:\/\/www.sonoraenequipo.com.mx\/#\/schema\/logo\/image\/\"},\"sameAs\":[\"https:\/\/www.facebook.com\/SonoraEE\/\",\"https:\/\/x.com\/sonoraenequipo\",\"https:\/\/www.youtube.com\/channel\/UC338nW-lPEYmJQs4ZABQ1SQ\"]},{\"@type\":\"Person\",\"@id\":\"https:\/\/www.sonoraenequipo.com.mx\/#\/schema\/person\/50102df0fb23a8fa9e8effad8fa81386\",\"name\":\"enequipo\",\"image\":{\"@type\":\"ImageObject\",\"inLanguage\":\"es\",\"@id\":\"https:\/\/www.sonoraenequipo.com.mx\/#\/schema\/person\/image\/\",\"url\":\"https:\/\/secure.gravatar.com\/avatar\/049821681b589dabc0bc20695993ccebb09f5b5d4d790cd9251b97faac7c652b?s=96&d=blank&r=g\",\"contentUrl\":\"https:\/\/secure.gravatar.com\/avatar\/049821681b589dabc0bc20695993ccebb09f5b5d4d790cd9251b97faac7c652b?s=96&d=blank&r=g\",\"caption\":\"enequipo\"},\"sameAs\":[\"https:\/\/www.facebook.com\/SonoraEE\"]}]}<\/script>\n ","yoast_head_json":{"title":"Sonora en Equipo. Acciones policiales para la seguridad de Hermosillo del d\u00eda 29 de noviembre 2023 Polic\u00edaca","description":"DETENIDOS &nbsp; PUEBLITOS. \u00a0Elementos preventivos en operativo arrestaron a las 23:05 horas de ayer a Sebasti\u00e1n \"N\" , de 18 a\u00f1os de edad. &nbsp; El joven En Sonora en Equipo publicamos toda la informaci\u00f3n de Sonora, M\u00e9xico y el Mundo de manera oportuna y busca que la libertad de expresi\u00f3n sea real. Visita nuestro medio informativo publicado desde Hermosillo, Sonora. %","robots":{"index":"index","follow":"follow","max-snippet":"max-snippet:-1","max-image-preview":"max-image-preview:large","max-video-preview":"max-video-preview:-1"},"canonical":"https:\/\/www.sonoraenequipo.com.mx\/acciones-policiales-para-la-seguridad-de-hermosillo-del-dia-29-de-noviembre-2023\/","og_locale":"es_ES","og_type":"article","og_title":"Sonora en Equipo. Acciones policiales para la seguridad de Hermosillo del d\u00eda 29 de noviembre 2023 Polic\u00edaca","og_description":"DETENIDOS &nbsp; PUEBLITOS. \u00a0Elementos preventivos en operativo arrestaron a las 23:05 horas de ayer a Sebasti\u00e1n \"N\" , de 18 a\u00f1os de edad. &nbsp; El joven En Sonora en Equipo publicamos toda la informaci\u00f3n de Sonora, M\u00e9xico y el Mundo de manera oportuna y busca que la libertad de expresi\u00f3n sea real. Visita nuestro medio informativo publicado desde Hermosillo, Sonora. %","og_url":"https:\/\/www.sonoraenequipo.com.mx\/acciones-policiales-para-la-seguridad-de-hermosillo-del-dia-29-de-noviembre-2023\/","og_site_name":"Sonora en Equipo.","article_publisher":"https:\/\/www.facebook.com\/SonoraEE\/","article_author":"https:\/\/www.facebook.com\/SonoraEE","article_published_time":"2023-11-29T14:00:43+00:00","article_modified_time":"2023-11-29T21:39:51+00:00","og_image":[{"width":1024,"height":594,"url":"https:\/\/www.sonoraenequipo.com.mx\/storage\/2023\/11\/FGJEcjm29112023c-min.jpeg","type":"image\/jpeg"}],"author":"enequipo","twitter_card":"summary_large_image","twitter_creator":"@sonoraenequipo","twitter_site":"@sonoraenequipo","twitter_misc":{"Escrito por":"enequipo","Tiempo de lectura":"3 minutos"},"schema":{"@context":"https:\/\/schema.org","@graph":[{"@type":"Article","@id":"https:\/\/www.sonoraenequipo.com.mx\/acciones-policiales-para-la-seguridad-de-hermosillo-del-dia-29-de-noviembre-2023\/#article","isPartOf":{"@id":"https:\/\/www.sonoraenequipo.com.mx\/acciones-policiales-para-la-seguridad-de-hermosillo-del-dia-29-de-noviembre-2023\/"},"author":{"name":"enequipo","@id":"https:\/\/www.sonoraenequipo.com.mx\/#\/schema\/person\/50102df0fb23a8fa9e8effad8fa81386"},"headline":"Acciones policiales para la seguridad de Hermosillo del d\u00eda 29 de noviembre 2023","datePublished":"2023-11-29T14:00:43+00:00","dateModified":"2023-11-29T21:39:51+00:00","mainEntityOfPage":{"@id":"https:\/\/www.sonoraenequipo.com.mx\/acciones-policiales-para-la-seguridad-de-hermosillo-del-dia-29-de-noviembre-2023\/"},"wordCount":557,"commentCount":0,"publisher":{"@id":"https:\/\/www.sonoraenequipo.com.mx\/#organization"},"image":{"@id":"https:\/\/www.sonoraenequipo.com.mx\/acciones-policiales-para-la-seguridad-de-hermosillo-del-dia-29-de-noviembre-2023\/#primaryimage"},"thumbnailUrl":"https:\/\/www.sonoraenequipo.com.mx\/storage\/2023\/11\/FGJEcjm29112023c-min.jpeg","articleSection":["Polic\u00edaca"],"inLanguage":"es","potentialAction":[{"@type":"CommentAction","name":"Comment","target":["https:\/\/www.sonoraenequipo.com.mx\/acciones-policiales-para-la-seguridad-de-hermosillo-del-dia-29-de-noviembre-2023\/#respond"]}]},{"@type":"WebPage","@id":"https:\/\/www.sonoraenequipo.com.mx\/acciones-policiales-para-la-seguridad-de-hermosillo-del-dia-29-de-noviembre-2023\/","url":"https:\/\/www.sonoraenequipo.com.mx\/acciones-policiales-para-la-seguridad-de-hermosillo-del-dia-29-de-noviembre-2023\/","name":"Sonora en Equipo. Acciones policiales para la seguridad de Hermosillo del d\u00eda 29 de noviembre 2023 Polic\u00edaca","isPartOf":{"@id":"https:\/\/www.sonoraenequipo.com.mx\/#website"},"primaryImageOfPage":{"@id":"https:\/\/www.sonoraenequipo.com.mx\/acciones-policiales-para-la-seguridad-de-hermosillo-del-dia-29-de-noviembre-2023\/#primaryimage"},"image":{"@id":"https:\/\/www.sonoraenequipo.com.mx\/acciones-policiales-para-la-seguridad-de-hermosillo-del-dia-29-de-noviembre-2023\/#primaryimage"},"thumbnailUrl":"https:\/\/www.sonoraenequipo.com.mx\/storage\/2023\/11\/FGJEcjm29112023c-min.jpeg","datePublished":"2023-11-29T14:00:43+00:00","dateModified":"2023-11-29T21:39:51+00:00","description":"DETENIDOS &nbsp; PUEBLITOS. \u00a0Elementos preventivos en operativo arrestaron a las 23:05 horas de ayer a Sebasti\u00e1n \"N\" , de 18 a\u00f1os de edad. &nbsp; El joven En Sonora en Equipo publicamos toda la informaci\u00f3n de Sonora, M\u00e9xico y el Mundo de manera oportuna y busca que la libertad de expresi\u00f3n sea real. Visita nuestro medio informativo publicado desde Hermosillo, Sonora. %","breadcrumb":{"@id":"https:\/\/www.sonoraenequipo.com.mx\/acciones-policiales-para-la-seguridad-de-hermosillo-del-dia-29-de-noviembre-2023\/#breadcrumb"},"inLanguage":"es","potentialAction":[{"@type":"ReadAction","target":["https:\/\/www.sonoraenequipo.com.mx\/acciones-policiales-para-la-seguridad-de-hermosillo-del-dia-29-de-noviembre-2023\/"]}]},{"@type":"ImageObject","inLanguage":"es","@id":"https:\/\/www.sonoraenequipo.com.mx\/acciones-policiales-para-la-seguridad-de-hermosillo-del-dia-29-de-noviembre-2023\/#primaryimage","url":"https:\/\/www.sonoraenequipo.com.mx\/storage\/2023\/11\/FGJEcjm29112023c-min.jpeg","contentUrl":"https:\/\/www.sonoraenequipo.com.mx\/storage\/2023\/11\/FGJEcjm29112023c-min.jpeg","width":1024,"height":594},{"@type":"BreadcrumbList","@id":"https:\/\/www.sonoraenequipo.com.mx\/acciones-policiales-para-la-seguridad-de-hermosillo-del-dia-29-de-noviembre-2023\/#breadcrumb","itemListElement":[{"@type":"ListItem","position":1,"name":"Portada","item":"https:\/\/www.sonoraenequipo.com.mx\/"},{"@type":"ListItem","position":2,"name":"Acciones policiales para la seguridad de Hermosillo del d\u00eda 29 de noviembre 2023"}]},{"@type":"WebSite","@id":"https:\/\/www.sonoraenequipo.com.mx\/#website","url":"https:\/\/www.sonoraenequipo.com.mx\/","name":"Sonora en Equipo.","description":"Diario en l\u00ednea con Noticias desde Hermosillo, Sonora","publisher":{"@id":"https:\/\/www.sonoraenequipo.com.mx\/#organization"},"potentialAction":[{"@type":"SearchAction","target":{"@type":"EntryPoint","urlTemplate":"https:\/\/www.sonoraenequipo.com.mx\/?s={search_term_string}"},"query-input":{"@type":"PropertyValueSpecification","valueRequired":true,"valueName":"search_term_string"}}],"inLanguage":"es"},{"@type":"Organization","@id":"https:\/\/www.sonoraenequipo.com.mx\/#organization","name":"Sonoraenequipo.com.mx","url":"https:\/\/www.sonoraenequipo.com.mx\/","logo":{"@type":"ImageObject","inLanguage":"es","@id":"https:\/\/www.sonoraenequipo.com.mx\/#\/schema\/logo\/image\/","url":"https:\/\/www.sonoraenequipo.com.mx\/storage\/2019\/01\/sonoraenequipo_opt.png","contentUrl":"https:\/\/www.sonoraenequipo.com.mx\/storage\/2019\/01\/sonoraenequipo_opt.png","width":375,"height":125,"caption":"Sonoraenequipo.com.mx"},"image":{"@id":"https:\/\/www.sonoraenequipo.com.mx\/#\/schema\/logo\/image\/"},"sameAs":["https:\/\/www.facebook.com\/SonoraEE\/","https:\/\/x.com\/sonoraenequipo","https:\/\/www.youtube.com\/channel\/UC338nW-lPEYmJQs4ZABQ1SQ"]},{"@type":"Person","@id":"https:\/\/www.sonoraenequipo.com.mx\/#\/schema\/person\/50102df0fb23a8fa9e8effad8fa81386","name":"enequipo","image":{"@type":"ImageObject","inLanguage":"es","@id":"https:\/\/www.sonoraenequipo.com.mx\/#\/schema\/person\/image\/","url":"https:\/\/secure.gravatar.com\/avatar\/049821681b589dabc0bc20695993ccebb09f5b5d4d790cd9251b97faac7c652b?s=96&d=blank&r=g","contentUrl":"https:\/\/secure.gravatar.com\/avatar\/049821681b589dabc0bc20695993ccebb09f5b5d4d790cd9251b97faac7c652b?s=96&d=blank&r=g","caption":"enequipo"},"sameAs":["https:\/\/www.facebook.com\/SonoraEE"]}]}},"jetpack_featured_media_url":"https:\/\/www.sonoraenequipo.com.mx\/storage\/2023\/11\/FGJEcjm29112023c-min.jpeg","_links":{"self":[{"href":"https:\/\/www.sonoraenequipo.com.mx\/api\/wp\/v2\/posts\/180114","targetHints":{"allow":["GET"]}}],"collection":[{"href":"https:\/\/www.sonoraenequipo.com.mx\/api\/wp\/v2\/posts"}],"about":[{"href":"https:\/\/www.sonoraenequipo.com.mx\/api\/wp\/v2\/types\/post"}],"author":[{"embeddable":true,"href":"https:\/\/www.sonoraenequipo.com.mx\/api\/wp\/v2\/users\/1"}],"replies":[{"embeddable":true,"href":"https:\/\/www.sonoraenequipo.com.mx\/api\/wp\/v2\/comments?post=180114"}],"version-history":[{"count":2,"href":"https:\/\/www.sonoraenequipo.com.mx\/api\/wp\/v2\/posts\/180114\/revisions"}],"predecessor-version":[{"id":180117,"href":"https:\/\/www.sonoraenequipo.com.mx\/api\/wp\/v2\/posts\/180114\/revisions\/180117"}],"wp:featuredmedia":[{"embeddable":true,"href":"https:\/\/www.sonoraenequipo.com.mx\/api\/wp\/v2\/media\/180115"}],"wp:attachment":[{"href":"https:\/\/www.sonoraenequipo.com.mx\/api\/wp\/v2\/media?parent=180114"}],"wp:term":[{"taxonomy":"category","embeddable":true,"href":"https:\/\/www.sonoraenequipo.com.mx\/api\/wp\/v2\/categories?post=180114"},{"taxonomy":"post_tag","embeddable":true,"href":"https:\/\/www.sonoraenequipo.com.mx\/api\/wp\/v2\/tags?post=180114"}],"curies":[{"name":"wp","href":"https:\/\/api.w.org\/{rel}","templated":true}]}}