{"id":180127,"date":"2023-11-29T17:47:08","date_gmt":"2023-11-30T00:47:08","guid":{"rendered":"https:\/\/www.sonoraenequipo.com.mx\/?p=180127"},"modified":"2023-11-29T17:47:08","modified_gmt":"2023-11-30T00:47:08","slug":"hemos-facilitado-la-generacion-de-mas-de-30-mil-empleos-formales-en-lo-que-va-del-ano-alfonso-durazo","status":"publish","type":"post","link":"https:\/\/www.sonoraenequipo.com.mx\/hemos-facilitado-la-generacion-de-mas-de-30-mil-empleos-formales-en-lo-que-va-del-ano-alfonso-durazo\/","title":{"rendered":"Hemos facilitado la generaci\u00f3n de m\u00e1s de 30 mil empleos formales en lo que va del a\u00f1o: Alfonso Durazo"},"content":{"rendered":"<p>Hemos facilitado la generaci\u00f3n de m\u00e1s de 30 mil empleos formales en lo que va del a\u00f1o: Alfonso Durazo<\/p>\n<p>&nbsp;<\/p>\n<p><strong>HERMOSILLO, SONORA,MX.<\/strong><strong>\u02d7\u02d7\u02d7 <\/strong>Producto de la estrategia implementada por el Gobierno de Sonora para facilitar y crear las condiciones necesarias, se han creado m\u00e1s de 30 mil empleos formales en lo que va del a\u00f1o, lo que representa un aumento del 3.9 por ciento en comparaci\u00f3n al mismo periodo en 2022, destac\u00f3 el gobernador Alfonso Durazo Monta\u00f1o.<\/p>\n<p>&nbsp;<\/p>\n<p>El titular del Ejecutivo estatal se\u00f1al\u00f3 que la promoci\u00f3n de las virtudes del estado, adicional a la paz laboral que existe en la entidad, la calidad de la mano de obra y las condiciones de excepci\u00f3n que vive Sonora, han sido parte primordial para alcanzar esta cifra de empleos formales.<\/p>\n<p>&nbsp;<\/p>\n<p>La presentaci\u00f3n del Plan Sonora de Energ\u00eda Sostenible en diversos foros a nivel internacional, subray\u00f3 el mandatario estatal, ser\u00e1 esencial para fortalecer la llegada de m\u00e1s empresas que generen a\u00fan m\u00e1s empleos en la entidad en beneficio de las y los sonorenses.<\/p>\n<p>&nbsp;<\/p>\n<p>\u201cAhora que estamos haciendo el Plan Sonora se busca que toda la cadena de valor relacionada con la transici\u00f3n energ\u00e9tica y la electromovilidad se establezcan en Sonora, quien quiera tener acceso al litio tiene que establecer su cadena de aprovechamiento aqu\u00ed en el estado, y eso obviamente va a generar much\u00edsimas fuentes de empleo\u201d, indic\u00f3.<\/p>\n<p>&nbsp;<\/p>\n<p>El mandatario sonorense mencion\u00f3 que en el \u00faltimo a\u00f1o de gobierno se han generado m\u00e1s de 30 mil empleos formales, lo que representa un aumento del 3.9% en comparaci\u00f3n al tercer trimestre de 2022, con lo cual se refrenda el compromiso por el progreso y el bienestar de las familias en el estado.<\/p>\n<p>&nbsp;<\/p>\n<p>El gobernador Durazo Monta\u00f1o mencion\u00f3 que en 2023, se crearon 841 mil 202 empleos, los cuales incluyen trabajadores asociados del sector p\u00fablico y privado, empleadores formales, y trabajadores por cuenta propia formales, superando a los 809 mil 818 que se contabilizaron en 2022.<\/p>\n<p><strong>Fecha de publicaci\u00f3n\u00a0 martes 29<\/strong><strong> de noviembre de 2023<\/strong><\/p>\n","protected":false},"excerpt":{"rendered":"<p>Hemos facilitado la generaci\u00f3n de m\u00e1s de 30 mil empleos formales en lo que va&#8230;<\/p>\n","protected":false},"author":1,"featured_media":179126,"comment_status":"open","ping_status":"open","sticky":false,"template":"","format":"standard","meta":{"_monsterinsights_skip_tracking":false,"_monsterinsights_sitenote_active":false,"_monsterinsights_sitenote_note":"","_monsterinsights_sitenote_category":0,"footnotes":""},"categories":[6493],"tags":[],"class_list":["post"],"yoast_head":" \n<title>Sonora en Equipo. Hemos facilitado la generaci\u00f3n de m\u00e1s de 30 mil empleos formales en lo que va del a\u00f1o: Alfonso Durazo PALABRAS Y N\u00daMEROS<\/title>\n<meta name=\"description\" content=\"Hemos facilitado la generaci\u00f3n de m\u00e1s de 30 mil empleos formales en lo que va del a\u00f1o: Alfonso Durazo &nbsp; HERMOSILLO, SONORA,MX.\u02d7\u02d7\u02d7 Producto de la En Sonora en Equipo publicamos toda la informaci\u00f3n de Sonora, M\u00e9xico y el Mundo de manera oportuna y busca que la libertad de expresi\u00f3n sea real. Visita nuestro medio informativo publicado desde Hermosillo, Sonora. %\" \/>\n<meta name=\"robots\" content=\"index, follow, max-snippet:-1, max-image-preview:large, max-video-preview:-1\" \/>\n<link rel=\"canonical\" href=\"https:\/\/www.sonoraenequipo.com.mx\/hemos-facilitado-la-generacion-de-mas-de-30-mil-empleos-formales-en-lo-que-va-del-ano-alfonso-durazo\/\" \/>\n<meta property=\"og:locale\" content=\"es_ES\" \/>\n<meta property=\"og:type\" content=\"article\" \/>\n<meta property=\"og:title\" content=\"Sonora en Equipo. Hemos facilitado la generaci\u00f3n de m\u00e1s de 30 mil empleos formales en lo que va del a\u00f1o: Alfonso Durazo PALABRAS Y N\u00daMEROS\" \/>\n<meta property=\"og:description\" content=\"Hemos facilitado la generaci\u00f3n de m\u00e1s de 30 mil empleos formales en lo que va del a\u00f1o: Alfonso Durazo &nbsp; HERMOSILLO, SONORA,MX.\u02d7\u02d7\u02d7 Producto de la En Sonora en Equipo publicamos toda la informaci\u00f3n de Sonora, M\u00e9xico y el Mundo de manera oportuna y busca que la libertad de expresi\u00f3n sea real. Visita nuestro medio informativo publicado desde Hermosillo, Sonora. %\" \/>\n<meta property=\"og:url\" content=\"https:\/\/www.sonoraenequipo.com.mx\/hemos-facilitado-la-generacion-de-mas-de-30-mil-empleos-formales-en-lo-que-va-del-ano-alfonso-durazo\/\" \/>\n<meta property=\"og:site_name\" content=\"Sonora en Equipo.\" \/>\n<meta property=\"article:publisher\" content=\"https:\/\/www.facebook.com\/SonoraEE\/\" \/>\n<meta property=\"article:author\" content=\"https:\/\/www.facebook.com\/SonoraEE\" \/>\n<meta property=\"article:published_time\" content=\"2023-11-30T00:47:08+00:00\" \/>\n<meta property=\"og:image\" content=\"https:\/\/www.sonoraenequipo.com.mx\/storage\/2023\/11\/adm-1.jpg\" \/>\n\t<meta property=\"og:image:width\" content=\"900\" \/>\n\t<meta property=\"og:image:height\" content=\"599\" \/>\n\t<meta property=\"og:image:type\" content=\"image\/jpeg\" \/>\n<meta name=\"author\" content=\"enequipo\" \/>\n<meta name=\"twitter:card\" content=\"summary_large_image\" \/>\n<meta name=\"twitter:creator\" content=\"@sonoraenequipo\" \/>\n<meta name=\"twitter:site\" content=\"@sonoraenequipo\" \/>\n<meta name=\"twitter:label1\" content=\"Escrito por\" \/>\n\t<meta name=\"twitter:data1\" content=\"enequipo\" \/>\n\t<meta name=\"twitter:label2\" content=\"Tiempo de lectura\" \/>\n\t<meta name=\"twitter:data2\" content=\"2 minutos\" \/>\n<script type=\"application\/ld+json\" class=\"yoast-schema-graph\">{\"@context\":\"https:\/\/schema.org\",\"@graph\":[{\"@type\":\"Article\",\"@id\":\"https:\/\/www.sonoraenequipo.com.mx\/hemos-facilitado-la-generacion-de-mas-de-30-mil-empleos-formales-en-lo-que-va-del-ano-alfonso-durazo\/#article\",\"isPartOf\":{\"@id\":\"https:\/\/www.sonoraenequipo.com.mx\/hemos-facilitado-la-generacion-de-mas-de-30-mil-empleos-formales-en-lo-que-va-del-ano-alfonso-durazo\/\"},\"author\":{\"name\":\"enequipo\",\"@id\":\"https:\/\/www.sonoraenequipo.com.mx\/#\/schema\/person\/50102df0fb23a8fa9e8effad8fa81386\"},\"headline\":\"Hemos facilitado la generaci\u00f3n de m\u00e1s de 30 mil empleos formales en lo que va del a\u00f1o: Alfonso Durazo\",\"datePublished\":\"2023-11-30T00:47:08+00:00\",\"mainEntityOfPage\":{\"@id\":\"https:\/\/www.sonoraenequipo.com.mx\/hemos-facilitado-la-generacion-de-mas-de-30-mil-empleos-formales-en-lo-que-va-del-ano-alfonso-durazo\/\"},\"wordCount\":364,\"commentCount\":0,\"publisher\":{\"@id\":\"https:\/\/www.sonoraenequipo.com.mx\/#organization\"},\"image\":{\"@id\":\"https:\/\/www.sonoraenequipo.com.mx\/hemos-facilitado-la-generacion-de-mas-de-30-mil-empleos-formales-en-lo-que-va-del-ano-alfonso-durazo\/#primaryimage\"},\"thumbnailUrl\":\"https:\/\/www.sonoraenequipo.com.mx\/storage\/2023\/11\/adm-1.jpg\",\"articleSection\":[\"PALABRAS Y N\u00daMEROS\"],\"inLanguage\":\"es\",\"potentialAction\":[{\"@type\":\"CommentAction\",\"name\":\"Comment\",\"target\":[\"https:\/\/www.sonoraenequipo.com.mx\/hemos-facilitado-la-generacion-de-mas-de-30-mil-empleos-formales-en-lo-que-va-del-ano-alfonso-durazo\/#respond\"]}]},{\"@type\":\"WebPage\",\"@id\":\"https:\/\/www.sonoraenequipo.com.mx\/hemos-facilitado-la-generacion-de-mas-de-30-mil-empleos-formales-en-lo-que-va-del-ano-alfonso-durazo\/\",\"url\":\"https:\/\/www.sonoraenequipo.com.mx\/hemos-facilitado-la-generacion-de-mas-de-30-mil-empleos-formales-en-lo-que-va-del-ano-alfonso-durazo\/\",\"name\":\"Sonora en Equipo. Hemos facilitado la generaci\u00f3n de m\u00e1s de 30 mil empleos formales en lo que va del a\u00f1o: Alfonso Durazo PALABRAS Y N\u00daMEROS\",\"isPartOf\":{\"@id\":\"https:\/\/www.sonoraenequipo.com.mx\/#website\"},\"primaryImageOfPage\":{\"@id\":\"https:\/\/www.sonoraenequipo.com.mx\/hemos-facilitado-la-generacion-de-mas-de-30-mil-empleos-formales-en-lo-que-va-del-ano-alfonso-durazo\/#primaryimage\"},\"image\":{\"@id\":\"https:\/\/www.sonoraenequipo.com.mx\/hemos-facilitado-la-generacion-de-mas-de-30-mil-empleos-formales-en-lo-que-va-del-ano-alfonso-durazo\/#primaryimage\"},\"thumbnailUrl\":\"https:\/\/www.sonoraenequipo.com.mx\/storage\/2023\/11\/adm-1.jpg\",\"datePublished\":\"2023-11-30T00:47:08+00:00\",\"description\":\"Hemos facilitado la generaci\u00f3n de m\u00e1s de 30 mil empleos formales en lo que va del a\u00f1o: Alfonso Durazo &nbsp; HERMOSILLO, SONORA,MX.\u02d7\u02d7\u02d7 Producto de la En Sonora en Equipo publicamos toda la informaci\u00f3n de Sonora, M\u00e9xico y el Mundo de manera oportuna y busca que la libertad de expresi\u00f3n sea real. Visita nuestro medio informativo publicado desde Hermosillo, Sonora. %\",\"breadcrumb\":{\"@id\":\"https:\/\/www.sonoraenequipo.com.mx\/hemos-facilitado-la-generacion-de-mas-de-30-mil-empleos-formales-en-lo-que-va-del-ano-alfonso-durazo\/#breadcrumb\"},\"inLanguage\":\"es\",\"potentialAction\":[{\"@type\":\"ReadAction\",\"target\":[\"https:\/\/www.sonoraenequipo.com.mx\/hemos-facilitado-la-generacion-de-mas-de-30-mil-empleos-formales-en-lo-que-va-del-ano-alfonso-durazo\/\"]}]},{\"@type\":\"ImageObject\",\"inLanguage\":\"es\",\"@id\":\"https:\/\/www.sonoraenequipo.com.mx\/hemos-facilitado-la-generacion-de-mas-de-30-mil-empleos-formales-en-lo-que-va-del-ano-alfonso-durazo\/#primaryimage\",\"url\":\"https:\/\/www.sonoraenequipo.com.mx\/storage\/2023\/11\/adm-1.jpg\",\"contentUrl\":\"https:\/\/www.sonoraenequipo.com.mx\/storage\/2023\/11\/adm-1.jpg\",\"width\":900,\"height\":599},{\"@type\":\"BreadcrumbList\",\"@id\":\"https:\/\/www.sonoraenequipo.com.mx\/hemos-facilitado-la-generacion-de-mas-de-30-mil-empleos-formales-en-lo-que-va-del-ano-alfonso-durazo\/#breadcrumb\",\"itemListElement\":[{\"@type\":\"ListItem\",\"position\":1,\"name\":\"Portada\",\"item\":\"https:\/\/www.sonoraenequipo.com.mx\/\"},{\"@type\":\"ListItem\",\"position\":2,\"name\":\"Hemos facilitado la generaci\u00f3n de m\u00e1s de 30 mil empleos formales en lo que va del a\u00f1o: Alfonso Durazo\"}]},{\"@type\":\"WebSite\",\"@id\":\"https:\/\/www.sonoraenequipo.com.mx\/#website\",\"url\":\"https:\/\/www.sonoraenequipo.com.mx\/\",\"name\":\"Sonora en Equipo.\",\"description\":\"Diario en l\u00ednea con Noticias desde Hermosillo, Sonora\",\"publisher\":{\"@id\":\"https:\/\/www.sonoraenequipo.com.mx\/#organization\"},\"potentialAction\":[{\"@type\":\"SearchAction\",\"target\":{\"@type\":\"EntryPoint\",\"urlTemplate\":\"https:\/\/www.sonoraenequipo.com.mx\/?s={search_term_string}\"},\"query-input\":{\"@type\":\"PropertyValueSpecification\",\"valueRequired\":true,\"valueName\":\"search_term_string\"}}],\"inLanguage\":\"es\"},{\"@type\":\"Organization\",\"@id\":\"https:\/\/www.sonoraenequipo.com.mx\/#organization\",\"name\":\"Sonoraenequipo.com.mx\",\"url\":\"https:\/\/www.sonoraenequipo.com.mx\/\",\"logo\":{\"@type\":\"ImageObject\",\"inLanguage\":\"es\",\"@id\":\"https:\/\/www.sonoraenequipo.com.mx\/#\/schema\/logo\/image\/\",\"url\":\"https:\/\/www.sonoraenequipo.com.mx\/storage\/2019\/01\/sonoraenequipo_opt.png\",\"contentUrl\":\"https:\/\/www.sonoraenequipo.com.mx\/storage\/2019\/01\/sonoraenequipo_opt.png\",\"width\":375,\"height\":125,\"caption\":\"Sonoraenequipo.com.mx\"},\"image\":{\"@id\":\"https:\/\/www.sonoraenequipo.com.mx\/#\/schema\/logo\/image\/\"},\"sameAs\":[\"https:\/\/www.facebook.com\/SonoraEE\/\",\"https:\/\/x.com\/sonoraenequipo\",\"https:\/\/www.youtube.com\/channel\/UC338nW-lPEYmJQs4ZABQ1SQ\"]},{\"@type\":\"Person\",\"@id\":\"https:\/\/www.sonoraenequipo.com.mx\/#\/schema\/person\/50102df0fb23a8fa9e8effad8fa81386\",\"name\":\"enequipo\",\"image\":{\"@type\":\"ImageObject\",\"inLanguage\":\"es\",\"@id\":\"https:\/\/www.sonoraenequipo.com.mx\/#\/schema\/person\/image\/\",\"url\":\"https:\/\/secure.gravatar.com\/avatar\/049821681b589dabc0bc20695993ccebb09f5b5d4d790cd9251b97faac7c652b?s=96&d=blank&r=g\",\"contentUrl\":\"https:\/\/secure.gravatar.com\/avatar\/049821681b589dabc0bc20695993ccebb09f5b5d4d790cd9251b97faac7c652b?s=96&d=blank&r=g\",\"caption\":\"enequipo\"},\"sameAs\":[\"https:\/\/www.facebook.com\/SonoraEE\"]}]}<\/script>\n ","yoast_head_json":{"title":"Sonora en Equipo. Hemos facilitado la generaci\u00f3n de m\u00e1s de 30 mil empleos formales en lo que va del a\u00f1o: Alfonso Durazo PALABRAS Y N\u00daMEROS","description":"Hemos facilitado la generaci\u00f3n de m\u00e1s de 30 mil empleos formales en lo que va del a\u00f1o: Alfonso Durazo &nbsp; HERMOSILLO, SONORA,MX.\u02d7\u02d7\u02d7 Producto de la En Sonora en Equipo publicamos toda la informaci\u00f3n de Sonora, M\u00e9xico y el Mundo de manera oportuna y busca que la libertad de expresi\u00f3n sea real. Visita nuestro medio informativo publicado desde Hermosillo, Sonora. %","robots":{"index":"index","follow":"follow","max-snippet":"max-snippet:-1","max-image-preview":"max-image-preview:large","max-video-preview":"max-video-preview:-1"},"canonical":"https:\/\/www.sonoraenequipo.com.mx\/hemos-facilitado-la-generacion-de-mas-de-30-mil-empleos-formales-en-lo-que-va-del-ano-alfonso-durazo\/","og_locale":"es_ES","og_type":"article","og_title":"Sonora en Equipo. Hemos facilitado la generaci\u00f3n de m\u00e1s de 30 mil empleos formales en lo que va del a\u00f1o: Alfonso Durazo PALABRAS Y N\u00daMEROS","og_description":"Hemos facilitado la generaci\u00f3n de m\u00e1s de 30 mil empleos formales en lo que va del a\u00f1o: Alfonso Durazo &nbsp; HERMOSILLO, SONORA,MX.\u02d7\u02d7\u02d7 Producto de la En Sonora en Equipo publicamos toda la informaci\u00f3n de Sonora, M\u00e9xico y el Mundo de manera oportuna y busca que la libertad de expresi\u00f3n sea real. Visita nuestro medio informativo publicado desde Hermosillo, Sonora. %","og_url":"https:\/\/www.sonoraenequipo.com.mx\/hemos-facilitado-la-generacion-de-mas-de-30-mil-empleos-formales-en-lo-que-va-del-ano-alfonso-durazo\/","og_site_name":"Sonora en Equipo.","article_publisher":"https:\/\/www.facebook.com\/SonoraEE\/","article_author":"https:\/\/www.facebook.com\/SonoraEE","article_published_time":"2023-11-30T00:47:08+00:00","og_image":[{"width":900,"height":599,"url":"https:\/\/www.sonoraenequipo.com.mx\/storage\/2023\/11\/adm-1.jpg","type":"image\/jpeg"}],"author":"enequipo","twitter_card":"summary_large_image","twitter_creator":"@sonoraenequipo","twitter_site":"@sonoraenequipo","twitter_misc":{"Escrito por":"enequipo","Tiempo de lectura":"2 minutos"},"schema":{"@context":"https:\/\/schema.org","@graph":[{"@type":"Article","@id":"https:\/\/www.sonoraenequipo.com.mx\/hemos-facilitado-la-generacion-de-mas-de-30-mil-empleos-formales-en-lo-que-va-del-ano-alfonso-durazo\/#article","isPartOf":{"@id":"https:\/\/www.sonoraenequipo.com.mx\/hemos-facilitado-la-generacion-de-mas-de-30-mil-empleos-formales-en-lo-que-va-del-ano-alfonso-durazo\/"},"author":{"name":"enequipo","@id":"https:\/\/www.sonoraenequipo.com.mx\/#\/schema\/person\/50102df0fb23a8fa9e8effad8fa81386"},"headline":"Hemos facilitado la generaci\u00f3n de m\u00e1s de 30 mil empleos formales en lo que va del a\u00f1o: Alfonso Durazo","datePublished":"2023-11-30T00:47:08+00:00","mainEntityOfPage":{"@id":"https:\/\/www.sonoraenequipo.com.mx\/hemos-facilitado-la-generacion-de-mas-de-30-mil-empleos-formales-en-lo-que-va-del-ano-alfonso-durazo\/"},"wordCount":364,"commentCount":0,"publisher":{"@id":"https:\/\/www.sonoraenequipo.com.mx\/#organization"},"image":{"@id":"https:\/\/www.sonoraenequipo.com.mx\/hemos-facilitado-la-generacion-de-mas-de-30-mil-empleos-formales-en-lo-que-va-del-ano-alfonso-durazo\/#primaryimage"},"thumbnailUrl":"https:\/\/www.sonoraenequipo.com.mx\/storage\/2023\/11\/adm-1.jpg","articleSection":["PALABRAS Y N\u00daMEROS"],"inLanguage":"es","potentialAction":[{"@type":"CommentAction","name":"Comment","target":["https:\/\/www.sonoraenequipo.com.mx\/hemos-facilitado-la-generacion-de-mas-de-30-mil-empleos-formales-en-lo-que-va-del-ano-alfonso-durazo\/#respond"]}]},{"@type":"WebPage","@id":"https:\/\/www.sonoraenequipo.com.mx\/hemos-facilitado-la-generacion-de-mas-de-30-mil-empleos-formales-en-lo-que-va-del-ano-alfonso-durazo\/","url":"https:\/\/www.sonoraenequipo.com.mx\/hemos-facilitado-la-generacion-de-mas-de-30-mil-empleos-formales-en-lo-que-va-del-ano-alfonso-durazo\/","name":"Sonora en Equipo. Hemos facilitado la generaci\u00f3n de m\u00e1s de 30 mil empleos formales en lo que va del a\u00f1o: Alfonso Durazo PALABRAS Y N\u00daMEROS","isPartOf":{"@id":"https:\/\/www.sonoraenequipo.com.mx\/#website"},"primaryImageOfPage":{"@id":"https:\/\/www.sonoraenequipo.com.mx\/hemos-facilitado-la-generacion-de-mas-de-30-mil-empleos-formales-en-lo-que-va-del-ano-alfonso-durazo\/#primaryimage"},"image":{"@id":"https:\/\/www.sonoraenequipo.com.mx\/hemos-facilitado-la-generacion-de-mas-de-30-mil-empleos-formales-en-lo-que-va-del-ano-alfonso-durazo\/#primaryimage"},"thumbnailUrl":"https:\/\/www.sonoraenequipo.com.mx\/storage\/2023\/11\/adm-1.jpg","datePublished":"2023-11-30T00:47:08+00:00","description":"Hemos facilitado la generaci\u00f3n de m\u00e1s de 30 mil empleos formales en lo que va del a\u00f1o: Alfonso Durazo &nbsp; HERMOSILLO, SONORA,MX.\u02d7\u02d7\u02d7 Producto de la En Sonora en Equipo publicamos toda la informaci\u00f3n de Sonora, M\u00e9xico y el Mundo de manera oportuna y busca que la libertad de expresi\u00f3n sea real. Visita nuestro medio informativo publicado desde Hermosillo, Sonora. %","breadcrumb":{"@id":"https:\/\/www.sonoraenequipo.com.mx\/hemos-facilitado-la-generacion-de-mas-de-30-mil-empleos-formales-en-lo-que-va-del-ano-alfonso-durazo\/#breadcrumb"},"inLanguage":"es","potentialAction":[{"@type":"ReadAction","target":["https:\/\/www.sonoraenequipo.com.mx\/hemos-facilitado-la-generacion-de-mas-de-30-mil-empleos-formales-en-lo-que-va-del-ano-alfonso-durazo\/"]}]},{"@type":"ImageObject","inLanguage":"es","@id":"https:\/\/www.sonoraenequipo.com.mx\/hemos-facilitado-la-generacion-de-mas-de-30-mil-empleos-formales-en-lo-que-va-del-ano-alfonso-durazo\/#primaryimage","url":"https:\/\/www.sonoraenequipo.com.mx\/storage\/2023\/11\/adm-1.jpg","contentUrl":"https:\/\/www.sonoraenequipo.com.mx\/storage\/2023\/11\/adm-1.jpg","width":900,"height":599},{"@type":"BreadcrumbList","@id":"https:\/\/www.sonoraenequipo.com.mx\/hemos-facilitado-la-generacion-de-mas-de-30-mil-empleos-formales-en-lo-que-va-del-ano-alfonso-durazo\/#breadcrumb","itemListElement":[{"@type":"ListItem","position":1,"name":"Portada","item":"https:\/\/www.sonoraenequipo.com.mx\/"},{"@type":"ListItem","position":2,"name":"Hemos facilitado la generaci\u00f3n de m\u00e1s de 30 mil empleos formales en lo que va del a\u00f1o: Alfonso Durazo"}]},{"@type":"WebSite","@id":"https:\/\/www.sonoraenequipo.com.mx\/#website","url":"https:\/\/www.sonoraenequipo.com.mx\/","name":"Sonora en Equipo.","description":"Diario en l\u00ednea con Noticias desde Hermosillo, Sonora","publisher":{"@id":"https:\/\/www.sonoraenequipo.com.mx\/#organization"},"potentialAction":[{"@type":"SearchAction","target":{"@type":"EntryPoint","urlTemplate":"https:\/\/www.sonoraenequipo.com.mx\/?s={search_term_string}"},"query-input":{"@type":"PropertyValueSpecification","valueRequired":true,"valueName":"search_term_string"}}],"inLanguage":"es"},{"@type":"Organization","@id":"https:\/\/www.sonoraenequipo.com.mx\/#organization","name":"Sonoraenequipo.com.mx","url":"https:\/\/www.sonoraenequipo.com.mx\/","logo":{"@type":"ImageObject","inLanguage":"es","@id":"https:\/\/www.sonoraenequipo.com.mx\/#\/schema\/logo\/image\/","url":"https:\/\/www.sonoraenequipo.com.mx\/storage\/2019\/01\/sonoraenequipo_opt.png","contentUrl":"https:\/\/www.sonoraenequipo.com.mx\/storage\/2019\/01\/sonoraenequipo_opt.png","width":375,"height":125,"caption":"Sonoraenequipo.com.mx"},"image":{"@id":"https:\/\/www.sonoraenequipo.com.mx\/#\/schema\/logo\/image\/"},"sameAs":["https:\/\/www.facebook.com\/SonoraEE\/","https:\/\/x.com\/sonoraenequipo","https:\/\/www.youtube.com\/channel\/UC338nW-lPEYmJQs4ZABQ1SQ"]},{"@type":"Person","@id":"https:\/\/www.sonoraenequipo.com.mx\/#\/schema\/person\/50102df0fb23a8fa9e8effad8fa81386","name":"enequipo","image":{"@type":"ImageObject","inLanguage":"es","@id":"https:\/\/www.sonoraenequipo.com.mx\/#\/schema\/person\/image\/","url":"https:\/\/secure.gravatar.com\/avatar\/049821681b589dabc0bc20695993ccebb09f5b5d4d790cd9251b97faac7c652b?s=96&d=blank&r=g","contentUrl":"https:\/\/secure.gravatar.com\/avatar\/049821681b589dabc0bc20695993ccebb09f5b5d4d790cd9251b97faac7c652b?s=96&d=blank&r=g","caption":"enequipo"},"sameAs":["https:\/\/www.facebook.com\/SonoraEE"]}]}},"jetpack_featured_media_url":"https:\/\/www.sonoraenequipo.com.mx\/storage\/2023\/11\/adm-1.jpg","_links":{"self":[{"href":"https:\/\/www.sonoraenequipo.com.mx\/api\/wp\/v2\/posts\/180127","targetHints":{"allow":["GET"]}}],"collection":[{"href":"https:\/\/www.sonoraenequipo.com.mx\/api\/wp\/v2\/posts"}],"about":[{"href":"https:\/\/www.sonoraenequipo.com.mx\/api\/wp\/v2\/types\/post"}],"author":[{"embeddable":true,"href":"https:\/\/www.sonoraenequipo.com.mx\/api\/wp\/v2\/users\/1"}],"replies":[{"embeddable":true,"href":"https:\/\/www.sonoraenequipo.com.mx\/api\/wp\/v2\/comments?post=180127"}],"version-history":[{"count":1,"href":"https:\/\/www.sonoraenequipo.com.mx\/api\/wp\/v2\/posts\/180127\/revisions"}],"predecessor-version":[{"id":180128,"href":"https:\/\/www.sonoraenequipo.com.mx\/api\/wp\/v2\/posts\/180127\/revisions\/180128"}],"wp:featuredmedia":[{"embeddable":true,"href":"https:\/\/www.sonoraenequipo.com.mx\/api\/wp\/v2\/media\/179126"}],"wp:attachment":[{"href":"https:\/\/www.sonoraenequipo.com.mx\/api\/wp\/v2\/media?parent=180127"}],"wp:term":[{"taxonomy":"category","embeddable":true,"href":"https:\/\/www.sonoraenequipo.com.mx\/api\/wp\/v2\/categories?post=180127"},{"taxonomy":"post_tag","embeddable":true,"href":"https:\/\/www.sonoraenequipo.com.mx\/api\/wp\/v2\/tags?post=180127"}],"curies":[{"name":"wp","href":"https:\/\/api.w.org\/{rel}","templated":true}]}}