{"id":180153,"date":"2023-11-29T16:35:55","date_gmt":"2023-11-29T23:35:55","guid":{"rendered":"https:\/\/www.sonoraenequipo.com.mx\/?p=180153"},"modified":"2023-11-30T08:47:46","modified_gmt":"2023-11-30T15:47:46","slug":"lideres-indigenas-viajan-a-bruselas-para-pedir-sanciones-contra-funcionarios-del-mp-de-guatemala","status":"publish","type":"post","link":"https:\/\/www.sonoraenequipo.com.mx\/lideres-indigenas-viajan-a-bruselas-para-pedir-sanciones-contra-funcionarios-del-mp-de-guatemala\/","title":{"rendered":"L\u00edderes ind\u00edgenas viajan a Bruselas para pedir sanciones contra funcionarios del MP de Guatemala"},"content":{"rendered":"\r\n<p><strong>BRUSELAS, B\u00c9LGICA. \u2014<\/strong> L\u00edderes ind\u00edgenas de Guatemala viajaron a Bruselas, B\u00e9lgica, para exponer sobre la crisis pol\u00edtica que se vive en el pa\u00eds a causa de la judicializaci\u00f3n del proceso electoral y para solicitar sanciones para quienes, seg\u00fan ellos, ponen en riesgo la democracia al pretender evitar que el presidente electo, Bernardo Ar\u00e9valo de Le\u00f3n, asuma el poder el pr\u00f3ximo 14 de enero, inform\u00f3 este mi\u00e9rcoles 29 de noviembre el diario alem\u00e1n Deutsche Welle (DW). \u00a0 \u00a0<\/p>\r\n\r\n\r\n\r\n<p> <\/p>\r\n\r\n\r\n\r\n<p>En la publicaci\u00f3n se consigna una declaraci\u00f3n de Tilly Metz, presidenta de la Delegaci\u00f3n para las Relaciones con los pa\u00edses de Am\u00e9rica Central de la Uni\u00f3n Europea (UE), quien destac\u00f3 que analizan sanciones individualizadas para quienes resulten responsables de atentar contra la democracia de Guatemala, pues \u201csin presi\u00f3n no van a cesar\u201d.<\/p>\r\n\r\n\r\n\r\n<p>&nbsp;<\/p>\r\n\r\n\r\n\r\n<p>Luz Emilia Ulario Zavala, alcaldesa ind\u00edgena de Santa Luc\u00eda Utatl\u00e1n, Solol\u00e1; Misrahi Xoqic, alcalde ind\u00edgena de Solol\u00e1; y \u00c1lvaro Montenegro, integrante de Alianza por las Reformas, expusieron en Europa <strong><em>\u201cla fr\u00e1gil situaci\u00f3n de la democracia\u201d<\/em><\/strong> en Guatemala, por lo que buscan que en Bruselas se abran las puertas para m\u00e1s sanciones contra los responsables \u201cdel acoso judicial\u201d contra el binomio electo, Bernardo Ar\u00e9valo de Le\u00f3n y Karin Herrera.<\/p>\r\n\r\n\r\n\r\n<p>&nbsp;<\/p>\r\n\r\n\r\n\r\n<p><em><strong>\u201cEmpezamos el paro el 2 de octubre y lo vamos a prolongar hasta enero, porque cada vez buscan m\u00e1s delitos para que Bernardo Ar\u00e9valo no asuma en enero. Est\u00e1n socavando la democracia en Guatemala\u201d,<\/strong> <\/em>le dijo a DW Ulario, en Bruselas.<\/p>\r\n\r\n\r\n\r\n<p>&nbsp;<\/p>\r\n\r\n\r\n\r\n<p><strong><em>\u201cEstamos en cuartos de final. La parte que viene va a ser muy dura, porque el Ministerio P\u00fablico sigue sacando casos para judicializar a opositores. Hay mucha gente con miedo, saliendo del pa\u00eds\u201d,<\/em> <\/strong>le dijo por su parte a DW Montenegro.<\/p>\r\n\r\n\r\n\r\n<p>&nbsp;<\/p>\r\n\r\n\r\n\r\n<p><em><strong>\u201cLa misma Misi\u00f3n de Observaci\u00f3n Electoral de la Uni\u00f3n Europea hizo \u00e9nfasis en esta estructura de acoso. Y s\u00ed, es un gran reto mantener viva la resistencia de las autoridades ancestrales que han liderado el movimiento que ha detenido el golpe de Estado\u201d<\/strong><\/em>, se\u00f1al\u00f3 Montenegro en la misma publicaci\u00f3n.<\/p>\r\n\r\n\r\n\r\n<p>&nbsp;<\/p>\r\n\r\n\r\n\r\n<p>En tanto, Xoqic dijo que ha sufrido intimidaciones, junto a otros l\u00edderes ind\u00edgenas, debido a que se volcaron a las calles para protestar en contra de las acciones judiciales encaminadas por el MP, por lo que entre sus principales demandas est\u00e1 la renuncia de Consuelo Porras, fiscal general; Rafael Curruchiche, jefe de la Fiscal\u00eda Especial Contra la Impunidad (Feci); de la auxiliar fiscal, Cinthia Monterroso; y del juez S\u00e9ptimo Penal, Fredy Orellana.<\/p>\r\n\r\n\r\n\r\n<p>&nbsp;<\/p>\r\n\r\n\r\n\r\n<p>Por lo anterior, Metz dijo que la visita de los l\u00edderes ind\u00edgenas abre las puertas a nuevas sanciones para quienes promuevan acciones que atenten contra la pureza del proceso electoral.<\/p>\r\n\r\n\r\n\r\n<p>&nbsp;<\/p>\r\n\r\n\r\n\r\n<p><em><strong>\u00bfSignifica esto que se abren nuevas puertas? \u201cS\u00ed\u201d<\/strong><\/em>, respondi\u00f3 a DW Metz.<\/p>\r\n\r\n\r\n\r\n<p>&nbsp;<\/p>\r\n\r\n\r\n\r\n<p><em><strong>\u201cEstamos en contacto permanente con nuestra delegaci\u00f3n en Guatemala. Estamos preparando una reuni\u00f3n con los grupos pol\u00edticos para pedir sanciones individualizadas para los responsables de estas acciones contra la democracia en Guatemala que, al parecer, sin presi\u00f3n no van a cesar\u201d,<\/strong><\/em> se\u00f1al\u00f3 Metz en la publicaci\u00f3n de DW.<\/p>\r\n\r\n\r\n\r\n<p>&nbsp;<\/p>\r\n\r\n\r\n\r\n<p>Por su parte, el \u00e1rea de Comunicaci\u00f3n de la UE en el pa\u00eds dijo que la delegaci\u00f3n de Guatemala \u201cse encuentra en comunicaci\u00f3n estrecha con las distintas instituciones europeas, incluyendo el Parlamento Europeo\u201d; sin embargo, detall\u00f3 que respecto del tema de sanciones \u201cno tenemos comentarios\u201d.<\/p>\r\n\r\n\r\n\r\n<p>&nbsp;<\/p>\r\n\r\n\r\n\r\n<p>Adem\u00e1s, Luis Pacheco, de los 48 Cantones de Totonicap\u00e1n, confirm\u00f3 que hace unos 15 d\u00edas se reunieron con representantes de la UE, a quienes se les solicit\u00f3 que se apliquen penas \u201cecon\u00f3micas\u201d a funcionarios se\u00f1alados de corrupci\u00f3n.<\/p>\r\n\r\n\r\n\r\n<p>&nbsp;<\/p>\r\n\r\n\r\n\r\n<h3>Llamado reiterado<\/h3>\r\n\r\n\r\n\r\n<p>&nbsp;<\/p>\r\n\r\n\r\n\r\n<p>En un comunicado publicado el pasado 16 de noviembre, la UE dijo que est\u00e1 \u201cprofundamente preocupada por los intentos intensificados de socavar los resultados electorales de Guatemala mediante acciones legales y procesales selectivas y arbitrarias\u201d, en referencia a los allanamientos, capturas y \u00f3rdenes de aprehensi\u00f3n contra integrantes del partido Movimiento Semilla, con el que Bernardo Ar\u00e9valo gan\u00f3 la Presidencia.<\/p>\r\n\r\n\r\n\r\n<p>&nbsp;<\/p>\r\n\r\n\r\n\r\n<p>\u201cEstas acciones no s\u00f3lo ponen en peligro una transici\u00f3n ordenada del poder al nuevo gobierno, sino tambi\u00e9n la estabilidad y el sistema democr\u00e1tico de Guatemala en general\u201d, dice el comunicado.<\/p>\r\n\r\n\r\n\r\n<p>&nbsp;<\/p>\r\n\r\n\r\n\r\n<p><strong><em>\u201cLa Misi\u00f3n de Observaci\u00f3n Electoral de la UE destac\u00f3 en su informe final, presentado recientemente, que no hubo fraude en las elecciones y subray\u00f3 la extensa judicializaci\u00f3n y el abuso de los procedimientos judiciales por parte del Ministerio P\u00fablico. La UE est\u00e1 profundamente preocupada por el continuo uso indebido de estos medios para intimidar y criminalizar a los trabajadores del Tribunal Supremo Electoral (TSE), altos funcionarios y magistrados, miembros de las juntas electorales departamentales (JED) y municipales (JEM), mesas electorales (JRV) y digitadores<\/em><\/strong>\u201d, resalta el documento.<\/p>\r\n\r\n\r\n\r\n<p>&nbsp;<\/p>\r\n\r\n\r\n\r\n<p>El documento a\u00f1ade; \u201cReiteramos nuestro llamado a todas las instituciones y funcionarios guatemaltecos a respetar plenamente la integridad de los resultados electorales que certific\u00f3 el TSE y a detener cualquier acci\u00f3n que pueda poner en peligro un proceso de transici\u00f3n pac\u00edfica, actuando de acuerdo con sus responsabilidades consagradas en la Constituci\u00f3n de Guatemala, respetando el principio fundamental de la separaci\u00f3n de poderes y la voluntad del pueblo guatemalteco expresada en las urnas\u201d. \u00a0 \u00a0<\/p>\r\n\r\n\r\n\r\n<p>PUBLICADO EL 29 OVIEMBRE DE 2023\/ Con informaci\u00f3n de Prensa Libre)<\/p>\r\n","protected":false},"excerpt":{"rendered":"<p>BRUSELAS, B\u00c9LGICA. \u2014 L\u00edderes ind\u00edgenas de Guatemala viajaron a Bruselas, B\u00e9lgica, para exponer sobre la&#8230;<\/p>\n","protected":false},"author":1,"featured_media":0,"comment_status":"open","ping_status":"open","sticky":false,"template":"","format":"standard","meta":{"_monsterinsights_skip_tracking":false,"_monsterinsights_sitenote_active":false,"_monsterinsights_sitenote_note":"","_monsterinsights_sitenote_category":0,"footnotes":""},"categories":[3],"tags":[],"class_list":["post"],"yoast_head":" \n<title>Sonora en Equipo. L\u00edderes ind\u00edgenas viajan a Bruselas para pedir sanciones contra funcionarios del MP de Guatemala MUNDO<\/title>\n<meta name=\"description\" content=\"BRUSELAS, B\u00c9LGICA. \u2014 L\u00edderes ind\u00edgenas de Guatemala viajaron a Bruselas, B\u00e9lgica, para exponer sobre la crisis pol\u00edtica que se vive en el pa\u00eds a causa de En Sonora en Equipo publicamos toda la informaci\u00f3n de Sonora, M\u00e9xico y el Mundo de manera oportuna y busca que la libertad de expresi\u00f3n sea real. Visita nuestro medio informativo publicado desde Hermosillo, Sonora. %\" \/>\n<meta name=\"robots\" content=\"index, follow, max-snippet:-1, max-image-preview:large, max-video-preview:-1\" \/>\n<link rel=\"canonical\" href=\"https:\/\/www.sonoraenequipo.com.mx\/lideres-indigenas-viajan-a-bruselas-para-pedir-sanciones-contra-funcionarios-del-mp-de-guatemala\/\" \/>\n<meta property=\"og:locale\" content=\"es_ES\" \/>\n<meta property=\"og:type\" content=\"article\" \/>\n<meta property=\"og:title\" content=\"Sonora en Equipo. L\u00edderes ind\u00edgenas viajan a Bruselas para pedir sanciones contra funcionarios del MP de Guatemala MUNDO\" \/>\n<meta property=\"og:description\" content=\"BRUSELAS, B\u00c9LGICA. \u2014 L\u00edderes ind\u00edgenas de Guatemala viajaron a Bruselas, B\u00e9lgica, para exponer sobre la crisis pol\u00edtica que se vive en el pa\u00eds a causa de En Sonora en Equipo publicamos toda la informaci\u00f3n de Sonora, M\u00e9xico y el Mundo de manera oportuna y busca que la libertad de expresi\u00f3n sea real. Visita nuestro medio informativo publicado desde Hermosillo, Sonora. %\" \/>\n<meta property=\"og:url\" content=\"https:\/\/www.sonoraenequipo.com.mx\/lideres-indigenas-viajan-a-bruselas-para-pedir-sanciones-contra-funcionarios-del-mp-de-guatemala\/\" \/>\n<meta property=\"og:site_name\" content=\"Sonora en Equipo.\" \/>\n<meta property=\"article:publisher\" content=\"https:\/\/www.facebook.com\/SonoraEE\/\" \/>\n<meta property=\"article:author\" content=\"https:\/\/www.facebook.com\/SonoraEE\" \/>\n<meta property=\"article:published_time\" content=\"2023-11-29T23:35:55+00:00\" \/>\n<meta property=\"article:modified_time\" content=\"2023-11-30T15:47:46+00:00\" \/>\n<meta property=\"og:image\" content=\"https:\/\/www.sonoraenequipo.com.mx\/storage\/2023\/11\/indigenas-guatemaltecos-en-Bruselas...-min-1.jpg\" \/>\n\t<meta property=\"og:image:width\" content=\"900\" \/>\n\t<meta property=\"og:image:height\" content=\"509\" \/>\n\t<meta property=\"og:image:type\" content=\"image\/jpeg\" \/>\n<meta name=\"author\" content=\"enequipo\" \/>\n<meta name=\"twitter:card\" content=\"summary_large_image\" \/>\n<meta name=\"twitter:creator\" content=\"@sonoraenequipo\" \/>\n<meta name=\"twitter:site\" content=\"@sonoraenequipo\" \/>\n<meta name=\"twitter:label1\" content=\"Escrito por\" \/>\n\t<meta name=\"twitter:data1\" content=\"enequipo\" \/>\n\t<meta name=\"twitter:label2\" content=\"Tiempo de lectura\" \/>\n\t<meta name=\"twitter:data2\" content=\"5 minutos\" \/>\n<script type=\"application\/ld+json\" class=\"yoast-schema-graph\">{\"@context\":\"https:\/\/schema.org\",\"@graph\":[{\"@type\":\"Article\",\"@id\":\"https:\/\/www.sonoraenequipo.com.mx\/lideres-indigenas-viajan-a-bruselas-para-pedir-sanciones-contra-funcionarios-del-mp-de-guatemala\/#article\",\"isPartOf\":{\"@id\":\"https:\/\/www.sonoraenequipo.com.mx\/lideres-indigenas-viajan-a-bruselas-para-pedir-sanciones-contra-funcionarios-del-mp-de-guatemala\/\"},\"author\":{\"name\":\"enequipo\",\"@id\":\"https:\/\/www.sonoraenequipo.com.mx\/#\/schema\/person\/50102df0fb23a8fa9e8effad8fa81386\"},\"headline\":\"L\u00edderes ind\u00edgenas viajan a Bruselas para pedir sanciones contra funcionarios del MP de Guatemala\",\"datePublished\":\"2023-11-29T23:35:55+00:00\",\"dateModified\":\"2023-11-30T15:47:46+00:00\",\"mainEntityOfPage\":{\"@id\":\"https:\/\/www.sonoraenequipo.com.mx\/lideres-indigenas-viajan-a-bruselas-para-pedir-sanciones-contra-funcionarios-del-mp-de-guatemala\/\"},\"wordCount\":930,\"commentCount\":0,\"publisher\":{\"@id\":\"https:\/\/www.sonoraenequipo.com.mx\/#organization\"},\"articleSection\":[\"MUNDO\"],\"inLanguage\":\"es\",\"potentialAction\":[{\"@type\":\"CommentAction\",\"name\":\"Comment\",\"target\":[\"https:\/\/www.sonoraenequipo.com.mx\/lideres-indigenas-viajan-a-bruselas-para-pedir-sanciones-contra-funcionarios-del-mp-de-guatemala\/#respond\"]}]},{\"@type\":\"WebPage\",\"@id\":\"https:\/\/www.sonoraenequipo.com.mx\/lideres-indigenas-viajan-a-bruselas-para-pedir-sanciones-contra-funcionarios-del-mp-de-guatemala\/\",\"url\":\"https:\/\/www.sonoraenequipo.com.mx\/lideres-indigenas-viajan-a-bruselas-para-pedir-sanciones-contra-funcionarios-del-mp-de-guatemala\/\",\"name\":\"Sonora en Equipo. L\u00edderes ind\u00edgenas viajan a Bruselas para pedir sanciones contra funcionarios del MP de Guatemala MUNDO\",\"isPartOf\":{\"@id\":\"https:\/\/www.sonoraenequipo.com.mx\/#website\"},\"datePublished\":\"2023-11-29T23:35:55+00:00\",\"dateModified\":\"2023-11-30T15:47:46+00:00\",\"description\":\"BRUSELAS, B\u00c9LGICA. \u2014 L\u00edderes ind\u00edgenas de Guatemala viajaron a Bruselas, B\u00e9lgica, para exponer sobre la crisis pol\u00edtica que se vive en el pa\u00eds a causa de En Sonora en Equipo publicamos toda la informaci\u00f3n de Sonora, M\u00e9xico y el Mundo de manera oportuna y busca que la libertad de expresi\u00f3n sea real. Visita nuestro medio informativo publicado desde Hermosillo, Sonora. %\",\"breadcrumb\":{\"@id\":\"https:\/\/www.sonoraenequipo.com.mx\/lideres-indigenas-viajan-a-bruselas-para-pedir-sanciones-contra-funcionarios-del-mp-de-guatemala\/#breadcrumb\"},\"inLanguage\":\"es\",\"potentialAction\":[{\"@type\":\"ReadAction\",\"target\":[\"https:\/\/www.sonoraenequipo.com.mx\/lideres-indigenas-viajan-a-bruselas-para-pedir-sanciones-contra-funcionarios-del-mp-de-guatemala\/\"]}]},{\"@type\":\"BreadcrumbList\",\"@id\":\"https:\/\/www.sonoraenequipo.com.mx\/lideres-indigenas-viajan-a-bruselas-para-pedir-sanciones-contra-funcionarios-del-mp-de-guatemala\/#breadcrumb\",\"itemListElement\":[{\"@type\":\"ListItem\",\"position\":1,\"name\":\"Portada\",\"item\":\"https:\/\/www.sonoraenequipo.com.mx\/\"},{\"@type\":\"ListItem\",\"position\":2,\"name\":\"L\u00edderes ind\u00edgenas viajan a Bruselas para pedir sanciones contra funcionarios del MP de Guatemala\"}]},{\"@type\":\"WebSite\",\"@id\":\"https:\/\/www.sonoraenequipo.com.mx\/#website\",\"url\":\"https:\/\/www.sonoraenequipo.com.mx\/\",\"name\":\"Sonora en Equipo.\",\"description\":\"Diario en l\u00ednea con Noticias desde Hermosillo, Sonora\",\"publisher\":{\"@id\":\"https:\/\/www.sonoraenequipo.com.mx\/#organization\"},\"potentialAction\":[{\"@type\":\"SearchAction\",\"target\":{\"@type\":\"EntryPoint\",\"urlTemplate\":\"https:\/\/www.sonoraenequipo.com.mx\/?s={search_term_string}\"},\"query-input\":{\"@type\":\"PropertyValueSpecification\",\"valueRequired\":true,\"valueName\":\"search_term_string\"}}],\"inLanguage\":\"es\"},{\"@type\":\"Organization\",\"@id\":\"https:\/\/www.sonoraenequipo.com.mx\/#organization\",\"name\":\"Sonoraenequipo.com.mx\",\"url\":\"https:\/\/www.sonoraenequipo.com.mx\/\",\"logo\":{\"@type\":\"ImageObject\",\"inLanguage\":\"es\",\"@id\":\"https:\/\/www.sonoraenequipo.com.mx\/#\/schema\/logo\/image\/\",\"url\":\"https:\/\/www.sonoraenequipo.com.mx\/storage\/2019\/01\/sonoraenequipo_opt.png\",\"contentUrl\":\"https:\/\/www.sonoraenequipo.com.mx\/storage\/2019\/01\/sonoraenequipo_opt.png\",\"width\":375,\"height\":125,\"caption\":\"Sonoraenequipo.com.mx\"},\"image\":{\"@id\":\"https:\/\/www.sonoraenequipo.com.mx\/#\/schema\/logo\/image\/\"},\"sameAs\":[\"https:\/\/www.facebook.com\/SonoraEE\/\",\"https:\/\/x.com\/sonoraenequipo\",\"https:\/\/www.youtube.com\/channel\/UC338nW-lPEYmJQs4ZABQ1SQ\"]},{\"@type\":\"Person\",\"@id\":\"https:\/\/www.sonoraenequipo.com.mx\/#\/schema\/person\/50102df0fb23a8fa9e8effad8fa81386\",\"name\":\"enequipo\",\"image\":{\"@type\":\"ImageObject\",\"inLanguage\":\"es\",\"@id\":\"https:\/\/www.sonoraenequipo.com.mx\/#\/schema\/person\/image\/\",\"url\":\"https:\/\/secure.gravatar.com\/avatar\/049821681b589dabc0bc20695993ccebb09f5b5d4d790cd9251b97faac7c652b?s=96&d=blank&r=g\",\"contentUrl\":\"https:\/\/secure.gravatar.com\/avatar\/049821681b589dabc0bc20695993ccebb09f5b5d4d790cd9251b97faac7c652b?s=96&d=blank&r=g\",\"caption\":\"enequipo\"},\"sameAs\":[\"https:\/\/www.facebook.com\/SonoraEE\"]}]}<\/script>\n ","yoast_head_json":{"title":"Sonora en Equipo. L\u00edderes ind\u00edgenas viajan a Bruselas para pedir sanciones contra funcionarios del MP de Guatemala MUNDO","description":"BRUSELAS, B\u00c9LGICA. \u2014 L\u00edderes ind\u00edgenas de Guatemala viajaron a Bruselas, B\u00e9lgica, para exponer sobre la crisis pol\u00edtica que se vive en el pa\u00eds a causa de En Sonora en Equipo publicamos toda la informaci\u00f3n de Sonora, M\u00e9xico y el Mundo de manera oportuna y busca que la libertad de expresi\u00f3n sea real. Visita nuestro medio informativo publicado desde Hermosillo, Sonora. %","robots":{"index":"index","follow":"follow","max-snippet":"max-snippet:-1","max-image-preview":"max-image-preview:large","max-video-preview":"max-video-preview:-1"},"canonical":"https:\/\/www.sonoraenequipo.com.mx\/lideres-indigenas-viajan-a-bruselas-para-pedir-sanciones-contra-funcionarios-del-mp-de-guatemala\/","og_locale":"es_ES","og_type":"article","og_title":"Sonora en Equipo. L\u00edderes ind\u00edgenas viajan a Bruselas para pedir sanciones contra funcionarios del MP de Guatemala MUNDO","og_description":"BRUSELAS, B\u00c9LGICA. \u2014 L\u00edderes ind\u00edgenas de Guatemala viajaron a Bruselas, B\u00e9lgica, para exponer sobre la crisis pol\u00edtica que se vive en el pa\u00eds a causa de En Sonora en Equipo publicamos toda la informaci\u00f3n de Sonora, M\u00e9xico y el Mundo de manera oportuna y busca que la libertad de expresi\u00f3n sea real. Visita nuestro medio informativo publicado desde Hermosillo, Sonora. %","og_url":"https:\/\/www.sonoraenequipo.com.mx\/lideres-indigenas-viajan-a-bruselas-para-pedir-sanciones-contra-funcionarios-del-mp-de-guatemala\/","og_site_name":"Sonora en Equipo.","article_publisher":"https:\/\/www.facebook.com\/SonoraEE\/","article_author":"https:\/\/www.facebook.com\/SonoraEE","article_published_time":"2023-11-29T23:35:55+00:00","article_modified_time":"2023-11-30T15:47:46+00:00","og_image":[{"width":900,"height":509,"url":"https:\/\/www.sonoraenequipo.com.mx\/storage\/2023\/11\/indigenas-guatemaltecos-en-Bruselas...-min-1.jpg","type":"image\/jpeg"}],"author":"enequipo","twitter_card":"summary_large_image","twitter_creator":"@sonoraenequipo","twitter_site":"@sonoraenequipo","twitter_misc":{"Escrito por":"enequipo","Tiempo de lectura":"5 minutos"},"schema":{"@context":"https:\/\/schema.org","@graph":[{"@type":"Article","@id":"https:\/\/www.sonoraenequipo.com.mx\/lideres-indigenas-viajan-a-bruselas-para-pedir-sanciones-contra-funcionarios-del-mp-de-guatemala\/#article","isPartOf":{"@id":"https:\/\/www.sonoraenequipo.com.mx\/lideres-indigenas-viajan-a-bruselas-para-pedir-sanciones-contra-funcionarios-del-mp-de-guatemala\/"},"author":{"name":"enequipo","@id":"https:\/\/www.sonoraenequipo.com.mx\/#\/schema\/person\/50102df0fb23a8fa9e8effad8fa81386"},"headline":"L\u00edderes ind\u00edgenas viajan a Bruselas para pedir sanciones contra funcionarios del MP de Guatemala","datePublished":"2023-11-29T23:35:55+00:00","dateModified":"2023-11-30T15:47:46+00:00","mainEntityOfPage":{"@id":"https:\/\/www.sonoraenequipo.com.mx\/lideres-indigenas-viajan-a-bruselas-para-pedir-sanciones-contra-funcionarios-del-mp-de-guatemala\/"},"wordCount":930,"commentCount":0,"publisher":{"@id":"https:\/\/www.sonoraenequipo.com.mx\/#organization"},"articleSection":["MUNDO"],"inLanguage":"es","potentialAction":[{"@type":"CommentAction","name":"Comment","target":["https:\/\/www.sonoraenequipo.com.mx\/lideres-indigenas-viajan-a-bruselas-para-pedir-sanciones-contra-funcionarios-del-mp-de-guatemala\/#respond"]}]},{"@type":"WebPage","@id":"https:\/\/www.sonoraenequipo.com.mx\/lideres-indigenas-viajan-a-bruselas-para-pedir-sanciones-contra-funcionarios-del-mp-de-guatemala\/","url":"https:\/\/www.sonoraenequipo.com.mx\/lideres-indigenas-viajan-a-bruselas-para-pedir-sanciones-contra-funcionarios-del-mp-de-guatemala\/","name":"Sonora en Equipo. L\u00edderes ind\u00edgenas viajan a Bruselas para pedir sanciones contra funcionarios del MP de Guatemala MUNDO","isPartOf":{"@id":"https:\/\/www.sonoraenequipo.com.mx\/#website"},"datePublished":"2023-11-29T23:35:55+00:00","dateModified":"2023-11-30T15:47:46+00:00","description":"BRUSELAS, B\u00c9LGICA. \u2014 L\u00edderes ind\u00edgenas de Guatemala viajaron a Bruselas, B\u00e9lgica, para exponer sobre la crisis pol\u00edtica que se vive en el pa\u00eds a causa de En Sonora en Equipo publicamos toda la informaci\u00f3n de Sonora, M\u00e9xico y el Mundo de manera oportuna y busca que la libertad de expresi\u00f3n sea real. Visita nuestro medio informativo publicado desde Hermosillo, Sonora. %","breadcrumb":{"@id":"https:\/\/www.sonoraenequipo.com.mx\/lideres-indigenas-viajan-a-bruselas-para-pedir-sanciones-contra-funcionarios-del-mp-de-guatemala\/#breadcrumb"},"inLanguage":"es","potentialAction":[{"@type":"ReadAction","target":["https:\/\/www.sonoraenequipo.com.mx\/lideres-indigenas-viajan-a-bruselas-para-pedir-sanciones-contra-funcionarios-del-mp-de-guatemala\/"]}]},{"@type":"BreadcrumbList","@id":"https:\/\/www.sonoraenequipo.com.mx\/lideres-indigenas-viajan-a-bruselas-para-pedir-sanciones-contra-funcionarios-del-mp-de-guatemala\/#breadcrumb","itemListElement":[{"@type":"ListItem","position":1,"name":"Portada","item":"https:\/\/www.sonoraenequipo.com.mx\/"},{"@type":"ListItem","position":2,"name":"L\u00edderes ind\u00edgenas viajan a Bruselas para pedir sanciones contra funcionarios del MP de Guatemala"}]},{"@type":"WebSite","@id":"https:\/\/www.sonoraenequipo.com.mx\/#website","url":"https:\/\/www.sonoraenequipo.com.mx\/","name":"Sonora en Equipo.","description":"Diario en l\u00ednea con Noticias desde Hermosillo, Sonora","publisher":{"@id":"https:\/\/www.sonoraenequipo.com.mx\/#organization"},"potentialAction":[{"@type":"SearchAction","target":{"@type":"EntryPoint","urlTemplate":"https:\/\/www.sonoraenequipo.com.mx\/?s={search_term_string}"},"query-input":{"@type":"PropertyValueSpecification","valueRequired":true,"valueName":"search_term_string"}}],"inLanguage":"es"},{"@type":"Organization","@id":"https:\/\/www.sonoraenequipo.com.mx\/#organization","name":"Sonoraenequipo.com.mx","url":"https:\/\/www.sonoraenequipo.com.mx\/","logo":{"@type":"ImageObject","inLanguage":"es","@id":"https:\/\/www.sonoraenequipo.com.mx\/#\/schema\/logo\/image\/","url":"https:\/\/www.sonoraenequipo.com.mx\/storage\/2019\/01\/sonoraenequipo_opt.png","contentUrl":"https:\/\/www.sonoraenequipo.com.mx\/storage\/2019\/01\/sonoraenequipo_opt.png","width":375,"height":125,"caption":"Sonoraenequipo.com.mx"},"image":{"@id":"https:\/\/www.sonoraenequipo.com.mx\/#\/schema\/logo\/image\/"},"sameAs":["https:\/\/www.facebook.com\/SonoraEE\/","https:\/\/x.com\/sonoraenequipo","https:\/\/www.youtube.com\/channel\/UC338nW-lPEYmJQs4ZABQ1SQ"]},{"@type":"Person","@id":"https:\/\/www.sonoraenequipo.com.mx\/#\/schema\/person\/50102df0fb23a8fa9e8effad8fa81386","name":"enequipo","image":{"@type":"ImageObject","inLanguage":"es","@id":"https:\/\/www.sonoraenequipo.com.mx\/#\/schema\/person\/image\/","url":"https:\/\/secure.gravatar.com\/avatar\/049821681b589dabc0bc20695993ccebb09f5b5d4d790cd9251b97faac7c652b?s=96&d=blank&r=g","contentUrl":"https:\/\/secure.gravatar.com\/avatar\/049821681b589dabc0bc20695993ccebb09f5b5d4d790cd9251b97faac7c652b?s=96&d=blank&r=g","caption":"enequipo"},"sameAs":["https:\/\/www.facebook.com\/SonoraEE"]}]}},"jetpack_featured_media_url":"","_links":{"self":[{"href":"https:\/\/www.sonoraenequipo.com.mx\/api\/wp\/v2\/posts\/180153","targetHints":{"allow":["GET"]}}],"collection":[{"href":"https:\/\/www.sonoraenequipo.com.mx\/api\/wp\/v2\/posts"}],"about":[{"href":"https:\/\/www.sonoraenequipo.com.mx\/api\/wp\/v2\/types\/post"}],"author":[{"embeddable":true,"href":"https:\/\/www.sonoraenequipo.com.mx\/api\/wp\/v2\/users\/1"}],"replies":[{"embeddable":true,"href":"https:\/\/www.sonoraenequipo.com.mx\/api\/wp\/v2\/comments?post=180153"}],"version-history":[{"count":2,"href":"https:\/\/www.sonoraenequipo.com.mx\/api\/wp\/v2\/posts\/180153\/revisions"}],"predecessor-version":[{"id":180157,"href":"https:\/\/www.sonoraenequipo.com.mx\/api\/wp\/v2\/posts\/180153\/revisions\/180157"}],"wp:attachment":[{"href":"https:\/\/www.sonoraenequipo.com.mx\/api\/wp\/v2\/media?parent=180153"}],"wp:term":[{"taxonomy":"category","embeddable":true,"href":"https:\/\/www.sonoraenequipo.com.mx\/api\/wp\/v2\/categories?post=180153"},{"taxonomy":"post_tag","embeddable":true,"href":"https:\/\/www.sonoraenequipo.com.mx\/api\/wp\/v2\/tags?post=180153"}],"curies":[{"name":"wp","href":"https:\/\/api.w.org\/{rel}","templated":true}]}}