{"id":180166,"date":"2023-11-29T12:35:46","date_gmt":"2023-11-29T19:35:46","guid":{"rendered":"https:\/\/www.sonoraenequipo.com.mx\/?p=180166"},"modified":"2023-11-30T09:50:41","modified_gmt":"2023-11-30T16:50:41","slug":"omar-garcia-harfuch-aspira-a-senaduria-con-morena-en-2024","status":"publish","type":"post","link":"https:\/\/www.sonoraenequipo.com.mx\/omar-garcia-harfuch-aspira-a-senaduria-con-morena-en-2024\/","title":{"rendered":"Omar Garc\u00eda Harfuch aspira a senadur\u00eda con Morena en 2024"},"content":{"rendered":"<p><strong>CIUDAD DE M\u00c9XICO.MX. \u2014<\/strong> El exjefe de la polic\u00eda capitalina, Omar Garc\u00eda Harfuch, ha anunciado su decisi\u00f3n de buscar un esca\u00f1o en el Senado de la Rep\u00fablica como precandidato \u00fanico de Morena a la primera f\u00f3rmula por la Ciudad de M\u00e9xico, en las elecciones programadas para el 2024.<\/p>\n<p>&nbsp;<\/p>\n<p> <\/p>\n<p>Garc\u00eda Harfuch, quien previamente gan\u00f3 la encuesta interna de Morena para la candidatura a la Jefatura de Gobierno, pero no fue seleccionado debido a criterios de paridad de g\u00e9nero, expres\u00f3 que su intenci\u00f3n de buscar la senadur\u00eda responde a su deseo de seguir trabajando de cerca con la ciudadan\u00eda y de abogar por los intereses de la capital.<\/p>\n<p>&nbsp;<\/p>\n<p>&nbsp;<\/p>\n<p>Mediante sus redes sociales, el exsecretario de Seguridad Ciudadana de la Ciudad de M\u00e9xico agradeci\u00f3 a quienes le brindaron su confianza, apoyo y colaboraci\u00f3n durante el proceso interno de Morena. Asimismo, solicit\u00f3 respaldo para Clara Brugada, la abanderada de Morena a la Jefatura de Gobierno de la Ciudad de M\u00e9xico.<\/p>\n<p>&nbsp;<\/p>\n<p>&nbsp;<\/p>\n<p>PUBLICADO EL 29 NOVIEMBRE DE 2023\/ Con informaci\u00f3n de Noticias MX)<\/p>\n","protected":false},"excerpt":{"rendered":"<p>CIUDAD DE M\u00c9XICO.MX. \u2014 El exjefe de la polic\u00eda capitalina, Omar Garc\u00eda Harfuch, ha anunciado&#8230;<\/p>\n","protected":false},"author":1,"featured_media":180167,"comment_status":"open","ping_status":"open","sticky":false,"template":"","format":"standard","meta":{"_monsterinsights_skip_tracking":false,"_monsterinsights_sitenote_active":false,"_monsterinsights_sitenote_note":"","_monsterinsights_sitenote_category":0,"footnotes":""},"categories":[5],"tags":[],"class_list":["post"],"yoast_head":" \n<title>Sonora en Equipo. Omar Garc\u00eda Harfuch aspira a senadur\u00eda con Morena en 2024 Rep\u00fablica<\/title>\n<meta name=\"description\" content=\"CIUDAD DE M\u00c9XICO.MX. \u2014 El exjefe de la polic\u00eda capitalina, Omar Garc\u00eda Harfuch, ha anunciado su decisi\u00f3n de buscar un esca\u00f1o en el Senado de la Rep\u00fablica En Sonora en Equipo publicamos toda la informaci\u00f3n de Sonora, M\u00e9xico y el Mundo de manera oportuna y busca que la libertad de expresi\u00f3n sea real. Visita nuestro medio informativo publicado desde Hermosillo, Sonora. %\" \/>\n<meta name=\"robots\" content=\"index, follow, max-snippet:-1, max-image-preview:large, max-video-preview:-1\" \/>\n<link rel=\"canonical\" href=\"https:\/\/www.sonoraenequipo.com.mx\/omar-garcia-harfuch-aspira-a-senaduria-con-morena-en-2024\/\" \/>\n<meta property=\"og:locale\" content=\"es_ES\" \/>\n<meta property=\"og:type\" content=\"article\" \/>\n<meta property=\"og:title\" content=\"Sonora en Equipo. Omar Garc\u00eda Harfuch aspira a senadur\u00eda con Morena en 2024 Rep\u00fablica\" \/>\n<meta property=\"og:description\" content=\"CIUDAD DE M\u00c9XICO.MX. \u2014 El exjefe de la polic\u00eda capitalina, Omar Garc\u00eda Harfuch, ha anunciado su decisi\u00f3n de buscar un esca\u00f1o en el Senado de la Rep\u00fablica En Sonora en Equipo publicamos toda la informaci\u00f3n de Sonora, M\u00e9xico y el Mundo de manera oportuna y busca que la libertad de expresi\u00f3n sea real. Visita nuestro medio informativo publicado desde Hermosillo, Sonora. %\" \/>\n<meta property=\"og:url\" content=\"https:\/\/www.sonoraenequipo.com.mx\/omar-garcia-harfuch-aspira-a-senaduria-con-morena-en-2024\/\" \/>\n<meta property=\"og:site_name\" content=\"Sonora en Equipo.\" \/>\n<meta property=\"article:publisher\" content=\"https:\/\/www.facebook.com\/SonoraEE\/\" \/>\n<meta property=\"article:author\" content=\"https:\/\/www.facebook.com\/SonoraEE\" \/>\n<meta property=\"article:published_time\" content=\"2023-11-29T19:35:46+00:00\" \/>\n<meta property=\"article:modified_time\" content=\"2023-11-30T16:50:41+00:00\" \/>\n<meta property=\"og:image\" content=\"https:\/\/www.sonoraenequipo.com.mx\/storage\/2023\/11\/omar-garcia-harfurch...-min.jpg\" \/>\n\t<meta property=\"og:image:width\" content=\"900\" \/>\n\t<meta property=\"og:image:height\" content=\"587\" \/>\n\t<meta property=\"og:image:type\" content=\"image\/jpeg\" \/>\n<meta name=\"author\" content=\"enequipo\" \/>\n<meta name=\"twitter:card\" content=\"summary_large_image\" \/>\n<meta name=\"twitter:creator\" content=\"@sonoraenequipo\" \/>\n<meta name=\"twitter:site\" content=\"@sonoraenequipo\" \/>\n<meta name=\"twitter:label1\" content=\"Escrito por\" \/>\n\t<meta name=\"twitter:data1\" content=\"enequipo\" \/>\n\t<meta name=\"twitter:label2\" content=\"Tiempo de lectura\" \/>\n\t<meta name=\"twitter:data2\" content=\"1 minuto\" \/>\n<script type=\"application\/ld+json\" class=\"yoast-schema-graph\">{\"@context\":\"https:\/\/schema.org\",\"@graph\":[{\"@type\":\"Article\",\"@id\":\"https:\/\/www.sonoraenequipo.com.mx\/omar-garcia-harfuch-aspira-a-senaduria-con-morena-en-2024\/#article\",\"isPartOf\":{\"@id\":\"https:\/\/www.sonoraenequipo.com.mx\/omar-garcia-harfuch-aspira-a-senaduria-con-morena-en-2024\/\"},\"author\":{\"name\":\"enequipo\",\"@id\":\"https:\/\/www.sonoraenequipo.com.mx\/#\/schema\/person\/50102df0fb23a8fa9e8effad8fa81386\"},\"headline\":\"Omar Garc\u00eda Harfuch aspira a senadur\u00eda con Morena en 2024\",\"datePublished\":\"2023-11-29T19:35:46+00:00\",\"dateModified\":\"2023-11-30T16:50:41+00:00\",\"mainEntityOfPage\":{\"@id\":\"https:\/\/www.sonoraenequipo.com.mx\/omar-garcia-harfuch-aspira-a-senaduria-con-morena-en-2024\/\"},\"wordCount\":197,\"commentCount\":0,\"publisher\":{\"@id\":\"https:\/\/www.sonoraenequipo.com.mx\/#organization\"},\"image\":{\"@id\":\"https:\/\/www.sonoraenequipo.com.mx\/omar-garcia-harfuch-aspira-a-senaduria-con-morena-en-2024\/#primaryimage\"},\"thumbnailUrl\":\"https:\/\/www.sonoraenequipo.com.mx\/storage\/2023\/11\/omar-garcia-harfurch...-min.jpg\",\"articleSection\":[\"Rep\u00fablica\"],\"inLanguage\":\"es\",\"potentialAction\":[{\"@type\":\"CommentAction\",\"name\":\"Comment\",\"target\":[\"https:\/\/www.sonoraenequipo.com.mx\/omar-garcia-harfuch-aspira-a-senaduria-con-morena-en-2024\/#respond\"]}]},{\"@type\":\"WebPage\",\"@id\":\"https:\/\/www.sonoraenequipo.com.mx\/omar-garcia-harfuch-aspira-a-senaduria-con-morena-en-2024\/\",\"url\":\"https:\/\/www.sonoraenequipo.com.mx\/omar-garcia-harfuch-aspira-a-senaduria-con-morena-en-2024\/\",\"name\":\"Sonora en Equipo. Omar Garc\u00eda Harfuch aspira a senadur\u00eda con Morena en 2024 Rep\u00fablica\",\"isPartOf\":{\"@id\":\"https:\/\/www.sonoraenequipo.com.mx\/#website\"},\"primaryImageOfPage\":{\"@id\":\"https:\/\/www.sonoraenequipo.com.mx\/omar-garcia-harfuch-aspira-a-senaduria-con-morena-en-2024\/#primaryimage\"},\"image\":{\"@id\":\"https:\/\/www.sonoraenequipo.com.mx\/omar-garcia-harfuch-aspira-a-senaduria-con-morena-en-2024\/#primaryimage\"},\"thumbnailUrl\":\"https:\/\/www.sonoraenequipo.com.mx\/storage\/2023\/11\/omar-garcia-harfurch...-min.jpg\",\"datePublished\":\"2023-11-29T19:35:46+00:00\",\"dateModified\":\"2023-11-30T16:50:41+00:00\",\"description\":\"CIUDAD DE M\u00c9XICO.MX. \u2014 El exjefe de la polic\u00eda capitalina, Omar Garc\u00eda Harfuch, ha anunciado su decisi\u00f3n de buscar un esca\u00f1o en el Senado de la Rep\u00fablica En Sonora en Equipo publicamos toda la informaci\u00f3n de Sonora, M\u00e9xico y el Mundo de manera oportuna y busca que la libertad de expresi\u00f3n sea real. Visita nuestro medio informativo publicado desde Hermosillo, Sonora. %\",\"breadcrumb\":{\"@id\":\"https:\/\/www.sonoraenequipo.com.mx\/omar-garcia-harfuch-aspira-a-senaduria-con-morena-en-2024\/#breadcrumb\"},\"inLanguage\":\"es\",\"potentialAction\":[{\"@type\":\"ReadAction\",\"target\":[\"https:\/\/www.sonoraenequipo.com.mx\/omar-garcia-harfuch-aspira-a-senaduria-con-morena-en-2024\/\"]}]},{\"@type\":\"ImageObject\",\"inLanguage\":\"es\",\"@id\":\"https:\/\/www.sonoraenequipo.com.mx\/omar-garcia-harfuch-aspira-a-senaduria-con-morena-en-2024\/#primaryimage\",\"url\":\"https:\/\/www.sonoraenequipo.com.mx\/storage\/2023\/11\/omar-garcia-harfurch...-min.jpg\",\"contentUrl\":\"https:\/\/www.sonoraenequipo.com.mx\/storage\/2023\/11\/omar-garcia-harfurch...-min.jpg\",\"width\":900,\"height\":587},{\"@type\":\"BreadcrumbList\",\"@id\":\"https:\/\/www.sonoraenequipo.com.mx\/omar-garcia-harfuch-aspira-a-senaduria-con-morena-en-2024\/#breadcrumb\",\"itemListElement\":[{\"@type\":\"ListItem\",\"position\":1,\"name\":\"Portada\",\"item\":\"https:\/\/www.sonoraenequipo.com.mx\/\"},{\"@type\":\"ListItem\",\"position\":2,\"name\":\"Omar Garc\u00eda Harfuch aspira a senadur\u00eda con Morena en 2024\"}]},{\"@type\":\"WebSite\",\"@id\":\"https:\/\/www.sonoraenequipo.com.mx\/#website\",\"url\":\"https:\/\/www.sonoraenequipo.com.mx\/\",\"name\":\"Sonora en Equipo.\",\"description\":\"Diario en l\u00ednea con Noticias desde Hermosillo, Sonora\",\"publisher\":{\"@id\":\"https:\/\/www.sonoraenequipo.com.mx\/#organization\"},\"potentialAction\":[{\"@type\":\"SearchAction\",\"target\":{\"@type\":\"EntryPoint\",\"urlTemplate\":\"https:\/\/www.sonoraenequipo.com.mx\/?s={search_term_string}\"},\"query-input\":{\"@type\":\"PropertyValueSpecification\",\"valueRequired\":true,\"valueName\":\"search_term_string\"}}],\"inLanguage\":\"es\"},{\"@type\":\"Organization\",\"@id\":\"https:\/\/www.sonoraenequipo.com.mx\/#organization\",\"name\":\"Sonoraenequipo.com.mx\",\"url\":\"https:\/\/www.sonoraenequipo.com.mx\/\",\"logo\":{\"@type\":\"ImageObject\",\"inLanguage\":\"es\",\"@id\":\"https:\/\/www.sonoraenequipo.com.mx\/#\/schema\/logo\/image\/\",\"url\":\"https:\/\/www.sonoraenequipo.com.mx\/storage\/2019\/01\/sonoraenequipo_opt.png\",\"contentUrl\":\"https:\/\/www.sonoraenequipo.com.mx\/storage\/2019\/01\/sonoraenequipo_opt.png\",\"width\":375,\"height\":125,\"caption\":\"Sonoraenequipo.com.mx\"},\"image\":{\"@id\":\"https:\/\/www.sonoraenequipo.com.mx\/#\/schema\/logo\/image\/\"},\"sameAs\":[\"https:\/\/www.facebook.com\/SonoraEE\/\",\"https:\/\/x.com\/sonoraenequipo\",\"https:\/\/www.youtube.com\/channel\/UC338nW-lPEYmJQs4ZABQ1SQ\"]},{\"@type\":\"Person\",\"@id\":\"https:\/\/www.sonoraenequipo.com.mx\/#\/schema\/person\/50102df0fb23a8fa9e8effad8fa81386\",\"name\":\"enequipo\",\"image\":{\"@type\":\"ImageObject\",\"inLanguage\":\"es\",\"@id\":\"https:\/\/www.sonoraenequipo.com.mx\/#\/schema\/person\/image\/\",\"url\":\"https:\/\/secure.gravatar.com\/avatar\/049821681b589dabc0bc20695993ccebb09f5b5d4d790cd9251b97faac7c652b?s=96&d=blank&r=g\",\"contentUrl\":\"https:\/\/secure.gravatar.com\/avatar\/049821681b589dabc0bc20695993ccebb09f5b5d4d790cd9251b97faac7c652b?s=96&d=blank&r=g\",\"caption\":\"enequipo\"},\"sameAs\":[\"https:\/\/www.facebook.com\/SonoraEE\"]}]}<\/script>\n ","yoast_head_json":{"title":"Sonora en Equipo. Omar Garc\u00eda Harfuch aspira a senadur\u00eda con Morena en 2024 Rep\u00fablica","description":"CIUDAD DE M\u00c9XICO.MX. \u2014 El exjefe de la polic\u00eda capitalina, Omar Garc\u00eda Harfuch, ha anunciado su decisi\u00f3n de buscar un esca\u00f1o en el Senado de la Rep\u00fablica En Sonora en Equipo publicamos toda la informaci\u00f3n de Sonora, M\u00e9xico y el Mundo de manera oportuna y busca que la libertad de expresi\u00f3n sea real. Visita nuestro medio informativo publicado desde Hermosillo, Sonora. %","robots":{"index":"index","follow":"follow","max-snippet":"max-snippet:-1","max-image-preview":"max-image-preview:large","max-video-preview":"max-video-preview:-1"},"canonical":"https:\/\/www.sonoraenequipo.com.mx\/omar-garcia-harfuch-aspira-a-senaduria-con-morena-en-2024\/","og_locale":"es_ES","og_type":"article","og_title":"Sonora en Equipo. Omar Garc\u00eda Harfuch aspira a senadur\u00eda con Morena en 2024 Rep\u00fablica","og_description":"CIUDAD DE M\u00c9XICO.MX. \u2014 El exjefe de la polic\u00eda capitalina, Omar Garc\u00eda Harfuch, ha anunciado su decisi\u00f3n de buscar un esca\u00f1o en el Senado de la Rep\u00fablica En Sonora en Equipo publicamos toda la informaci\u00f3n de Sonora, M\u00e9xico y el Mundo de manera oportuna y busca que la libertad de expresi\u00f3n sea real. Visita nuestro medio informativo publicado desde Hermosillo, Sonora. %","og_url":"https:\/\/www.sonoraenequipo.com.mx\/omar-garcia-harfuch-aspira-a-senaduria-con-morena-en-2024\/","og_site_name":"Sonora en Equipo.","article_publisher":"https:\/\/www.facebook.com\/SonoraEE\/","article_author":"https:\/\/www.facebook.com\/SonoraEE","article_published_time":"2023-11-29T19:35:46+00:00","article_modified_time":"2023-11-30T16:50:41+00:00","og_image":[{"width":900,"height":587,"url":"https:\/\/www.sonoraenequipo.com.mx\/storage\/2023\/11\/omar-garcia-harfurch...-min.jpg","type":"image\/jpeg"}],"author":"enequipo","twitter_card":"summary_large_image","twitter_creator":"@sonoraenequipo","twitter_site":"@sonoraenequipo","twitter_misc":{"Escrito por":"enequipo","Tiempo de lectura":"1 minuto"},"schema":{"@context":"https:\/\/schema.org","@graph":[{"@type":"Article","@id":"https:\/\/www.sonoraenequipo.com.mx\/omar-garcia-harfuch-aspira-a-senaduria-con-morena-en-2024\/#article","isPartOf":{"@id":"https:\/\/www.sonoraenequipo.com.mx\/omar-garcia-harfuch-aspira-a-senaduria-con-morena-en-2024\/"},"author":{"name":"enequipo","@id":"https:\/\/www.sonoraenequipo.com.mx\/#\/schema\/person\/50102df0fb23a8fa9e8effad8fa81386"},"headline":"Omar Garc\u00eda Harfuch aspira a senadur\u00eda con Morena en 2024","datePublished":"2023-11-29T19:35:46+00:00","dateModified":"2023-11-30T16:50:41+00:00","mainEntityOfPage":{"@id":"https:\/\/www.sonoraenequipo.com.mx\/omar-garcia-harfuch-aspira-a-senaduria-con-morena-en-2024\/"},"wordCount":197,"commentCount":0,"publisher":{"@id":"https:\/\/www.sonoraenequipo.com.mx\/#organization"},"image":{"@id":"https:\/\/www.sonoraenequipo.com.mx\/omar-garcia-harfuch-aspira-a-senaduria-con-morena-en-2024\/#primaryimage"},"thumbnailUrl":"https:\/\/www.sonoraenequipo.com.mx\/storage\/2023\/11\/omar-garcia-harfurch...-min.jpg","articleSection":["Rep\u00fablica"],"inLanguage":"es","potentialAction":[{"@type":"CommentAction","name":"Comment","target":["https:\/\/www.sonoraenequipo.com.mx\/omar-garcia-harfuch-aspira-a-senaduria-con-morena-en-2024\/#respond"]}]},{"@type":"WebPage","@id":"https:\/\/www.sonoraenequipo.com.mx\/omar-garcia-harfuch-aspira-a-senaduria-con-morena-en-2024\/","url":"https:\/\/www.sonoraenequipo.com.mx\/omar-garcia-harfuch-aspira-a-senaduria-con-morena-en-2024\/","name":"Sonora en Equipo. Omar Garc\u00eda Harfuch aspira a senadur\u00eda con Morena en 2024 Rep\u00fablica","isPartOf":{"@id":"https:\/\/www.sonoraenequipo.com.mx\/#website"},"primaryImageOfPage":{"@id":"https:\/\/www.sonoraenequipo.com.mx\/omar-garcia-harfuch-aspira-a-senaduria-con-morena-en-2024\/#primaryimage"},"image":{"@id":"https:\/\/www.sonoraenequipo.com.mx\/omar-garcia-harfuch-aspira-a-senaduria-con-morena-en-2024\/#primaryimage"},"thumbnailUrl":"https:\/\/www.sonoraenequipo.com.mx\/storage\/2023\/11\/omar-garcia-harfurch...-min.jpg","datePublished":"2023-11-29T19:35:46+00:00","dateModified":"2023-11-30T16:50:41+00:00","description":"CIUDAD DE M\u00c9XICO.MX. \u2014 El exjefe de la polic\u00eda capitalina, Omar Garc\u00eda Harfuch, ha anunciado su decisi\u00f3n de buscar un esca\u00f1o en el Senado de la Rep\u00fablica En Sonora en Equipo publicamos toda la informaci\u00f3n de Sonora, M\u00e9xico y el Mundo de manera oportuna y busca que la libertad de expresi\u00f3n sea real. Visita nuestro medio informativo publicado desde Hermosillo, Sonora. %","breadcrumb":{"@id":"https:\/\/www.sonoraenequipo.com.mx\/omar-garcia-harfuch-aspira-a-senaduria-con-morena-en-2024\/#breadcrumb"},"inLanguage":"es","potentialAction":[{"@type":"ReadAction","target":["https:\/\/www.sonoraenequipo.com.mx\/omar-garcia-harfuch-aspira-a-senaduria-con-morena-en-2024\/"]}]},{"@type":"ImageObject","inLanguage":"es","@id":"https:\/\/www.sonoraenequipo.com.mx\/omar-garcia-harfuch-aspira-a-senaduria-con-morena-en-2024\/#primaryimage","url":"https:\/\/www.sonoraenequipo.com.mx\/storage\/2023\/11\/omar-garcia-harfurch...-min.jpg","contentUrl":"https:\/\/www.sonoraenequipo.com.mx\/storage\/2023\/11\/omar-garcia-harfurch...-min.jpg","width":900,"height":587},{"@type":"BreadcrumbList","@id":"https:\/\/www.sonoraenequipo.com.mx\/omar-garcia-harfuch-aspira-a-senaduria-con-morena-en-2024\/#breadcrumb","itemListElement":[{"@type":"ListItem","position":1,"name":"Portada","item":"https:\/\/www.sonoraenequipo.com.mx\/"},{"@type":"ListItem","position":2,"name":"Omar Garc\u00eda Harfuch aspira a senadur\u00eda con Morena en 2024"}]},{"@type":"WebSite","@id":"https:\/\/www.sonoraenequipo.com.mx\/#website","url":"https:\/\/www.sonoraenequipo.com.mx\/","name":"Sonora en Equipo.","description":"Diario en l\u00ednea con Noticias desde Hermosillo, Sonora","publisher":{"@id":"https:\/\/www.sonoraenequipo.com.mx\/#organization"},"potentialAction":[{"@type":"SearchAction","target":{"@type":"EntryPoint","urlTemplate":"https:\/\/www.sonoraenequipo.com.mx\/?s={search_term_string}"},"query-input":{"@type":"PropertyValueSpecification","valueRequired":true,"valueName":"search_term_string"}}],"inLanguage":"es"},{"@type":"Organization","@id":"https:\/\/www.sonoraenequipo.com.mx\/#organization","name":"Sonoraenequipo.com.mx","url":"https:\/\/www.sonoraenequipo.com.mx\/","logo":{"@type":"ImageObject","inLanguage":"es","@id":"https:\/\/www.sonoraenequipo.com.mx\/#\/schema\/logo\/image\/","url":"https:\/\/www.sonoraenequipo.com.mx\/storage\/2019\/01\/sonoraenequipo_opt.png","contentUrl":"https:\/\/www.sonoraenequipo.com.mx\/storage\/2019\/01\/sonoraenequipo_opt.png","width":375,"height":125,"caption":"Sonoraenequipo.com.mx"},"image":{"@id":"https:\/\/www.sonoraenequipo.com.mx\/#\/schema\/logo\/image\/"},"sameAs":["https:\/\/www.facebook.com\/SonoraEE\/","https:\/\/x.com\/sonoraenequipo","https:\/\/www.youtube.com\/channel\/UC338nW-lPEYmJQs4ZABQ1SQ"]},{"@type":"Person","@id":"https:\/\/www.sonoraenequipo.com.mx\/#\/schema\/person\/50102df0fb23a8fa9e8effad8fa81386","name":"enequipo","image":{"@type":"ImageObject","inLanguage":"es","@id":"https:\/\/www.sonoraenequipo.com.mx\/#\/schema\/person\/image\/","url":"https:\/\/secure.gravatar.com\/avatar\/049821681b589dabc0bc20695993ccebb09f5b5d4d790cd9251b97faac7c652b?s=96&d=blank&r=g","contentUrl":"https:\/\/secure.gravatar.com\/avatar\/049821681b589dabc0bc20695993ccebb09f5b5d4d790cd9251b97faac7c652b?s=96&d=blank&r=g","caption":"enequipo"},"sameAs":["https:\/\/www.facebook.com\/SonoraEE"]}]}},"jetpack_featured_media_url":"https:\/\/www.sonoraenequipo.com.mx\/storage\/2023\/11\/omar-garcia-harfurch...-min.jpg","_links":{"self":[{"href":"https:\/\/www.sonoraenequipo.com.mx\/api\/wp\/v2\/posts\/180166","targetHints":{"allow":["GET"]}}],"collection":[{"href":"https:\/\/www.sonoraenequipo.com.mx\/api\/wp\/v2\/posts"}],"about":[{"href":"https:\/\/www.sonoraenequipo.com.mx\/api\/wp\/v2\/types\/post"}],"author":[{"embeddable":true,"href":"https:\/\/www.sonoraenequipo.com.mx\/api\/wp\/v2\/users\/1"}],"replies":[{"embeddable":true,"href":"https:\/\/www.sonoraenequipo.com.mx\/api\/wp\/v2\/comments?post=180166"}],"version-history":[{"count":1,"href":"https:\/\/www.sonoraenequipo.com.mx\/api\/wp\/v2\/posts\/180166\/revisions"}],"predecessor-version":[{"id":180168,"href":"https:\/\/www.sonoraenequipo.com.mx\/api\/wp\/v2\/posts\/180166\/revisions\/180168"}],"wp:featuredmedia":[{"embeddable":true,"href":"https:\/\/www.sonoraenequipo.com.mx\/api\/wp\/v2\/media\/180167"}],"wp:attachment":[{"href":"https:\/\/www.sonoraenequipo.com.mx\/api\/wp\/v2\/media?parent=180166"}],"wp:term":[{"taxonomy":"category","embeddable":true,"href":"https:\/\/www.sonoraenequipo.com.mx\/api\/wp\/v2\/categories?post=180166"},{"taxonomy":"post_tag","embeddable":true,"href":"https:\/\/www.sonoraenequipo.com.mx\/api\/wp\/v2\/tags?post=180166"}],"curies":[{"name":"wp","href":"https:\/\/api.w.org\/{rel}","templated":true}]}}