{"id":180176,"date":"2023-11-29T10:08:03","date_gmt":"2023-11-29T17:08:03","guid":{"rendered":"https:\/\/www.sonoraenequipo.com.mx\/?p=180176"},"modified":"2023-11-30T18:56:09","modified_gmt":"2023-12-01T01:56:09","slug":"junior-de-la-anahuac-golpea-a-vigilante-su-mama-tiene-antecedentes-violentos","status":"publish","type":"post","link":"https:\/\/www.sonoraenequipo.com.mx\/junior-de-la-anahuac-golpea-a-vigilante-su-mama-tiene-antecedentes-violentos\/","title":{"rendered":"Junior de la An\u00e1huac golpea a vigilante: Su mam\u00e1 tiene antecedentes violentos"},"content":{"rendered":"<p><strong>PUEBLA, PUEBLA. MX. \u2014<\/strong> Un joven estudiante de la Universidad An\u00e1huac se hizo viral en redes sociales al propinarle una golpiza a un guardia de seguridad de una caseta, luego de que no le permitiera el acceso a un exclusivo fraccionamiento en Lomas de Angel\u00f3polis, Puebla.<\/p>\n<p>&nbsp;<\/p>\n<p> <\/p>\n<p>Los hechos ocurrieron cerca de las 7:00 de la noche el pasado 27 de noviembre en la entrada de la zona residencial Grand Boulevard, en Lomas I.<\/p>\n<p>&nbsp;<\/p>\n<p>&nbsp;<\/p>\n<p>El agresor identificado como Patricio \u2018N\u2019 fue captado por c\u00e1maras de seguridad cuando entr\u00f3 de forma violenta a la caseta para empujar y golpear al vigilante quien se hab\u00eda negado a abrir la pluma de acceso debido a que el agresor no se identific\u00f3.<\/p>\n<p>&nbsp;<\/p>\n<p>Las im\u00e1genes muestran como la v\u00edctima no logra defenderse, sin embargo, el junior cesa la golpiza cuando un autom\u00f3vil se aproxima para solicitar entrada al fraccionamiento. La conductora no duda en sacar su tel\u00e9fono y grabar.<\/p>\n<blockquote class=\"twitter-tweet\" data-width=\"550\" data-dnt=\"true\">\n<p lang=\"es\" dir=\"ltr\"><a href=\"https:\/\/twitter.com\/hashtag\/Indignante?src=hash&amp;ref_src=twsrc%5Etfw\">#Indignante<\/a>\ud83d\udea8|A pesar de que Patricio Pereyra, el mirrey estudiante de la <a href=\"https:\/\/twitter.com\/UAnahuacPuebla?ref_src=twsrc%5Etfw\">@UAnahuacPuebla<\/a>, golpe\u00f3 salvajemente a un guardia de seguridad, con una complexi\u00f3n evidentemente m\u00e1s peque\u00f1a, pide que no lo graben, para evitar evidencia de su violencia; &quot;hay c\u00e1maras&quot;, afirma el afectado. <a href=\"https:\/\/t.co\/hnGon7azQV\">https:\/\/t.co\/hnGon7azQV<\/a> <a href=\"https:\/\/t.co\/q2eUYOEfSy\">pic.twitter.com\/q2eUYOEfSy<\/a><\/p>\n<p>&mdash; El Incorrecto \u274c (@elincorrectosoy) <a href=\"https:\/\/twitter.com\/elincorrectosoy\/status\/1729714369162793266?ref_src=twsrc%5Etfw\">November 29, 2023<\/a><\/p><\/blockquote>\n<p><script async src=\"https:\/\/platform.twitter.com\/widgets.js\" charset=\"utf-8\"><\/script><\/p>\n<p>Ante la consciencia de que est\u00e1 siendo filmado, Patricio con las manos juntas, le ruega a la mujer que no lo grabe, mientras culpa a la v\u00edctima de haber sido \u00e9l quien lo atac\u00f3.<\/p>\n<p>&nbsp;<\/p>\n<p>&nbsp;<\/p>\n<p>\u201cPor favor, no me grabes. Me lleg\u00f3 a pegar, se\u00f1ora. Por favor\u201d, dice el agresor mirando a la c\u00e1mara.<\/p>\n<p>&nbsp;<\/p>\n<p>&nbsp;<\/p>\n<p>En un segundo video se puede ver que la discusi\u00f3n continu\u00f3, hasta que dos vigilantes de seguridad privada intentan controlar la situaci\u00f3n, mientas el agresor contin\u00faa amenazando al joven trabajador.<\/p>\n<p>&nbsp;<\/p>\n<p>&nbsp;<\/p>\n<p>Posteriormente, trascendi\u00f3 que el vigilante agredido sufri\u00f3 una fractura de nariz y present\u00f3 varias contusiones en la cabeza y extremidades debido a los golpes.<\/p>\n<p>&nbsp;<\/p>\n<p>&nbsp;<\/p>\n<p>Familiares de la v\u00edctima indicaron que en los pr\u00f3ximos d\u00edas, acudir\u00e1 a la Fiscal\u00eda General de Justicia del Estado (FGJE) de Puebla para dar seguimiento a su denuncia.<\/p>\n<p>&nbsp;<\/p>\n<p>&nbsp;<\/p>\n<p>Por su parte, la Universidad An\u00e1huac emiti\u00f3 un comunicado reconociendo a Patricio como su estudiante y anunciando su suspensi\u00f3n, y el inicio de su proceso de expulsi\u00f3n.<\/p>\n<p>&nbsp;<\/p>\n<p>&nbsp;<\/p>\n<p>Eso no fue todo, pues en redes sociales comenz\u00f3 a circular un video de 2022 en el que la madre de Patricio, Paola Mercenario acompa\u00f1ada de su amiga Paola Trade, secretaria general del PRI en Cuernavaca, protagoniza un altercado aparentemente relacionado con problemas maritales contra otra mujer.<\/p>\n<p>&nbsp;<\/p>\n<p>&nbsp;<\/p>\n<p>La grabaci\u00f3n muestra a Mercenario golpeando a la mujer identificada como Fernanda Garc\u00eda, por \u2018meterse\u2019 con Carlos, su esposo.<\/p>\n<p>&nbsp;<\/p>\n<p>&nbsp;<\/p>\n<p>Cabe mencionar que este incidente se suma a otros casos de violencia, como el ocurrido el 9 de septiembre, donde el joven Ernesto Calder\u00f3n fue golpeado por un grupo de j\u00f3venes, algunos de los cuales tambi\u00e9n eran estudiantes de la Universidad An\u00e1huac.<\/p>\n<p>&nbsp;<\/p>\n<p>&nbsp;<\/p>\n<p>Mientras tanto, en las redes sociales, la indignaci\u00f3n crece, exigiendo castigo para el agresor y destacando la necesidad de abordar la violencia en los campus universitarios.<\/p>\n<blockquote class=\"twitter-tweet\" data-width=\"550\" data-dnt=\"true\">\n<p lang=\"es\" dir=\"ltr\">Lamentablemente los padres son iguales, el junior s\u00f3lo ha aprendido malos ejemplos\u2026 <a href=\"https:\/\/t.co\/oqx7rCWMAU\">pic.twitter.com\/oqx7rCWMAU<\/a><\/p>\n<p>&mdash; Drama Queenskaya \uea00\ud83e\uddad\u262d (@MissSunshine4) <a href=\"https:\/\/twitter.com\/MissSunshine4\/status\/1729919207523889505?ref_src=twsrc%5Etfw\">November 29, 2023<\/a><\/p><\/blockquote>\n<p><script async src=\"https:\/\/platform.twitter.com\/widgets.js\" charset=\"utf-8\"><\/script><\/p>\n<p>PUBLICADO EL 28 NOVIEMBRE DE 2023\/ Con informaci\u00f3n de EnLaMira)<\/p>\n","protected":false},"excerpt":{"rendered":"<p>PUEBLA, PUEBLA. MX. \u2014 Un joven estudiante de la Universidad An\u00e1huac se hizo viral en&#8230;<\/p>\n","protected":false},"author":1,"featured_media":180177,"comment_status":"open","ping_status":"open","sticky":false,"template":"","format":"standard","meta":{"_monsterinsights_skip_tracking":false,"_monsterinsights_sitenote_active":false,"_monsterinsights_sitenote_note":"","_monsterinsights_sitenote_category":0,"footnotes":""},"categories":[5],"tags":[],"class_list":["post"],"yoast_head":" \n<title>Sonora en Equipo. Junior de la An\u00e1huac golpea a vigilante: Su mam\u00e1 tiene antecedentes violentos Rep\u00fablica<\/title>\n<meta name=\"description\" content=\"PUEBLA, PUEBLA. MX. \u2014 Un joven estudiante de la Universidad An\u00e1huac se hizo viral en redes sociales al propinarle una golpiza a un guardia de seguridad de En Sonora en Equipo publicamos toda la informaci\u00f3n de Sonora, M\u00e9xico y el Mundo de manera oportuna y busca que la libertad de expresi\u00f3n sea real. Visita nuestro medio informativo publicado desde Hermosillo, Sonora. %\" \/>\n<meta name=\"robots\" content=\"index, follow, max-snippet:-1, max-image-preview:large, max-video-preview:-1\" \/>\n<link rel=\"canonical\" href=\"https:\/\/www.sonoraenequipo.com.mx\/junior-de-la-anahuac-golpea-a-vigilante-su-mama-tiene-antecedentes-violentos\/\" \/>\n<meta property=\"og:locale\" content=\"es_ES\" \/>\n<meta property=\"og:type\" content=\"article\" \/>\n<meta property=\"og:title\" content=\"Sonora en Equipo. Junior de la An\u00e1huac golpea a vigilante: Su mam\u00e1 tiene antecedentes violentos Rep\u00fablica\" \/>\n<meta property=\"og:description\" content=\"PUEBLA, PUEBLA. MX. \u2014 Un joven estudiante de la Universidad An\u00e1huac se hizo viral en redes sociales al propinarle una golpiza a un guardia de seguridad de En Sonora en Equipo publicamos toda la informaci\u00f3n de Sonora, M\u00e9xico y el Mundo de manera oportuna y busca que la libertad de expresi\u00f3n sea real. Visita nuestro medio informativo publicado desde Hermosillo, Sonora. %\" \/>\n<meta property=\"og:url\" content=\"https:\/\/www.sonoraenequipo.com.mx\/junior-de-la-anahuac-golpea-a-vigilante-su-mama-tiene-antecedentes-violentos\/\" \/>\n<meta property=\"og:site_name\" content=\"Sonora en Equipo.\" \/>\n<meta property=\"article:publisher\" content=\"https:\/\/www.facebook.com\/SonoraEE\/\" \/>\n<meta property=\"article:author\" content=\"https:\/\/www.facebook.com\/SonoraEE\" \/>\n<meta property=\"article:published_time\" content=\"2023-11-29T17:08:03+00:00\" \/>\n<meta property=\"article:modified_time\" content=\"2023-12-01T01:56:09+00:00\" \/>\n<meta property=\"og:image\" content=\"https:\/\/www.sonoraenequipo.com.mx\/storage\/2023\/11\/madre-e-hijo-golpeadores-min.jpg\" \/>\n\t<meta property=\"og:image:width\" content=\"1200\" \/>\n\t<meta property=\"og:image:height\" content=\"900\" \/>\n\t<meta property=\"og:image:type\" content=\"image\/jpeg\" \/>\n<meta name=\"author\" content=\"enequipo\" \/>\n<meta name=\"twitter:card\" content=\"summary_large_image\" \/>\n<meta name=\"twitter:creator\" content=\"@sonoraenequipo\" \/>\n<meta name=\"twitter:site\" content=\"@sonoraenequipo\" \/>\n<meta name=\"twitter:label1\" content=\"Escrito por\" \/>\n\t<meta name=\"twitter:data1\" content=\"enequipo\" \/>\n\t<meta name=\"twitter:label2\" content=\"Tiempo de lectura\" \/>\n\t<meta name=\"twitter:data2\" content=\"3 minutos\" \/>\n<script type=\"application\/ld+json\" class=\"yoast-schema-graph\">{\"@context\":\"https:\/\/schema.org\",\"@graph\":[{\"@type\":\"Article\",\"@id\":\"https:\/\/www.sonoraenequipo.com.mx\/junior-de-la-anahuac-golpea-a-vigilante-su-mama-tiene-antecedentes-violentos\/#article\",\"isPartOf\":{\"@id\":\"https:\/\/www.sonoraenequipo.com.mx\/junior-de-la-anahuac-golpea-a-vigilante-su-mama-tiene-antecedentes-violentos\/\"},\"author\":{\"name\":\"enequipo\",\"@id\":\"https:\/\/www.sonoraenequipo.com.mx\/#\/schema\/person\/50102df0fb23a8fa9e8effad8fa81386\"},\"headline\":\"Junior de la An\u00e1huac golpea a vigilante: Su mam\u00e1 tiene antecedentes violentos\",\"datePublished\":\"2023-11-29T17:08:03+00:00\",\"dateModified\":\"2023-12-01T01:56:09+00:00\",\"mainEntityOfPage\":{\"@id\":\"https:\/\/www.sonoraenequipo.com.mx\/junior-de-la-anahuac-golpea-a-vigilante-su-mama-tiene-antecedentes-violentos\/\"},\"wordCount\":527,\"commentCount\":0,\"publisher\":{\"@id\":\"https:\/\/www.sonoraenequipo.com.mx\/#organization\"},\"image\":{\"@id\":\"https:\/\/www.sonoraenequipo.com.mx\/junior-de-la-anahuac-golpea-a-vigilante-su-mama-tiene-antecedentes-violentos\/#primaryimage\"},\"thumbnailUrl\":\"https:\/\/www.sonoraenequipo.com.mx\/storage\/2023\/11\/madre-e-hijo-golpeadores-min.jpg\",\"articleSection\":[\"Rep\u00fablica\"],\"inLanguage\":\"es\",\"potentialAction\":[{\"@type\":\"CommentAction\",\"name\":\"Comment\",\"target\":[\"https:\/\/www.sonoraenequipo.com.mx\/junior-de-la-anahuac-golpea-a-vigilante-su-mama-tiene-antecedentes-violentos\/#respond\"]}]},{\"@type\":\"WebPage\",\"@id\":\"https:\/\/www.sonoraenequipo.com.mx\/junior-de-la-anahuac-golpea-a-vigilante-su-mama-tiene-antecedentes-violentos\/\",\"url\":\"https:\/\/www.sonoraenequipo.com.mx\/junior-de-la-anahuac-golpea-a-vigilante-su-mama-tiene-antecedentes-violentos\/\",\"name\":\"Sonora en Equipo. Junior de la An\u00e1huac golpea a vigilante: Su mam\u00e1 tiene antecedentes violentos Rep\u00fablica\",\"isPartOf\":{\"@id\":\"https:\/\/www.sonoraenequipo.com.mx\/#website\"},\"primaryImageOfPage\":{\"@id\":\"https:\/\/www.sonoraenequipo.com.mx\/junior-de-la-anahuac-golpea-a-vigilante-su-mama-tiene-antecedentes-violentos\/#primaryimage\"},\"image\":{\"@id\":\"https:\/\/www.sonoraenequipo.com.mx\/junior-de-la-anahuac-golpea-a-vigilante-su-mama-tiene-antecedentes-violentos\/#primaryimage\"},\"thumbnailUrl\":\"https:\/\/www.sonoraenequipo.com.mx\/storage\/2023\/11\/madre-e-hijo-golpeadores-min.jpg\",\"datePublished\":\"2023-11-29T17:08:03+00:00\",\"dateModified\":\"2023-12-01T01:56:09+00:00\",\"description\":\"PUEBLA, PUEBLA. MX. \u2014 Un joven estudiante de la Universidad An\u00e1huac se hizo viral en redes sociales al propinarle una golpiza a un guardia de seguridad de En Sonora en Equipo publicamos toda la informaci\u00f3n de Sonora, M\u00e9xico y el Mundo de manera oportuna y busca que la libertad de expresi\u00f3n sea real. Visita nuestro medio informativo publicado desde Hermosillo, Sonora. %\",\"breadcrumb\":{\"@id\":\"https:\/\/www.sonoraenequipo.com.mx\/junior-de-la-anahuac-golpea-a-vigilante-su-mama-tiene-antecedentes-violentos\/#breadcrumb\"},\"inLanguage\":\"es\",\"potentialAction\":[{\"@type\":\"ReadAction\",\"target\":[\"https:\/\/www.sonoraenequipo.com.mx\/junior-de-la-anahuac-golpea-a-vigilante-su-mama-tiene-antecedentes-violentos\/\"]}]},{\"@type\":\"ImageObject\",\"inLanguage\":\"es\",\"@id\":\"https:\/\/www.sonoraenequipo.com.mx\/junior-de-la-anahuac-golpea-a-vigilante-su-mama-tiene-antecedentes-violentos\/#primaryimage\",\"url\":\"https:\/\/www.sonoraenequipo.com.mx\/storage\/2023\/11\/madre-e-hijo-golpeadores-min.jpg\",\"contentUrl\":\"https:\/\/www.sonoraenequipo.com.mx\/storage\/2023\/11\/madre-e-hijo-golpeadores-min.jpg\",\"width\":1200,\"height\":900},{\"@type\":\"BreadcrumbList\",\"@id\":\"https:\/\/www.sonoraenequipo.com.mx\/junior-de-la-anahuac-golpea-a-vigilante-su-mama-tiene-antecedentes-violentos\/#breadcrumb\",\"itemListElement\":[{\"@type\":\"ListItem\",\"position\":1,\"name\":\"Portada\",\"item\":\"https:\/\/www.sonoraenequipo.com.mx\/\"},{\"@type\":\"ListItem\",\"position\":2,\"name\":\"Junior de la An\u00e1huac golpea a vigilante: Su mam\u00e1 tiene antecedentes violentos\"}]},{\"@type\":\"WebSite\",\"@id\":\"https:\/\/www.sonoraenequipo.com.mx\/#website\",\"url\":\"https:\/\/www.sonoraenequipo.com.mx\/\",\"name\":\"Sonora en Equipo.\",\"description\":\"Diario en l\u00ednea con Noticias desde Hermosillo, Sonora\",\"publisher\":{\"@id\":\"https:\/\/www.sonoraenequipo.com.mx\/#organization\"},\"potentialAction\":[{\"@type\":\"SearchAction\",\"target\":{\"@type\":\"EntryPoint\",\"urlTemplate\":\"https:\/\/www.sonoraenequipo.com.mx\/?s={search_term_string}\"},\"query-input\":{\"@type\":\"PropertyValueSpecification\",\"valueRequired\":true,\"valueName\":\"search_term_string\"}}],\"inLanguage\":\"es\"},{\"@type\":\"Organization\",\"@id\":\"https:\/\/www.sonoraenequipo.com.mx\/#organization\",\"name\":\"Sonoraenequipo.com.mx\",\"url\":\"https:\/\/www.sonoraenequipo.com.mx\/\",\"logo\":{\"@type\":\"ImageObject\",\"inLanguage\":\"es\",\"@id\":\"https:\/\/www.sonoraenequipo.com.mx\/#\/schema\/logo\/image\/\",\"url\":\"https:\/\/www.sonoraenequipo.com.mx\/storage\/2019\/01\/sonoraenequipo_opt.png\",\"contentUrl\":\"https:\/\/www.sonoraenequipo.com.mx\/storage\/2019\/01\/sonoraenequipo_opt.png\",\"width\":375,\"height\":125,\"caption\":\"Sonoraenequipo.com.mx\"},\"image\":{\"@id\":\"https:\/\/www.sonoraenequipo.com.mx\/#\/schema\/logo\/image\/\"},\"sameAs\":[\"https:\/\/www.facebook.com\/SonoraEE\/\",\"https:\/\/x.com\/sonoraenequipo\",\"https:\/\/www.youtube.com\/channel\/UC338nW-lPEYmJQs4ZABQ1SQ\"]},{\"@type\":\"Person\",\"@id\":\"https:\/\/www.sonoraenequipo.com.mx\/#\/schema\/person\/50102df0fb23a8fa9e8effad8fa81386\",\"name\":\"enequipo\",\"image\":{\"@type\":\"ImageObject\",\"inLanguage\":\"es\",\"@id\":\"https:\/\/www.sonoraenequipo.com.mx\/#\/schema\/person\/image\/\",\"url\":\"https:\/\/secure.gravatar.com\/avatar\/049821681b589dabc0bc20695993ccebb09f5b5d4d790cd9251b97faac7c652b?s=96&d=blank&r=g\",\"contentUrl\":\"https:\/\/secure.gravatar.com\/avatar\/049821681b589dabc0bc20695993ccebb09f5b5d4d790cd9251b97faac7c652b?s=96&d=blank&r=g\",\"caption\":\"enequipo\"},\"sameAs\":[\"https:\/\/www.facebook.com\/SonoraEE\"]}]}<\/script>\n ","yoast_head_json":{"title":"Sonora en Equipo. Junior de la An\u00e1huac golpea a vigilante: Su mam\u00e1 tiene antecedentes violentos Rep\u00fablica","description":"PUEBLA, PUEBLA. MX. \u2014 Un joven estudiante de la Universidad An\u00e1huac se hizo viral en redes sociales al propinarle una golpiza a un guardia de seguridad de En Sonora en Equipo publicamos toda la informaci\u00f3n de Sonora, M\u00e9xico y el Mundo de manera oportuna y busca que la libertad de expresi\u00f3n sea real. Visita nuestro medio informativo publicado desde Hermosillo, Sonora. %","robots":{"index":"index","follow":"follow","max-snippet":"max-snippet:-1","max-image-preview":"max-image-preview:large","max-video-preview":"max-video-preview:-1"},"canonical":"https:\/\/www.sonoraenequipo.com.mx\/junior-de-la-anahuac-golpea-a-vigilante-su-mama-tiene-antecedentes-violentos\/","og_locale":"es_ES","og_type":"article","og_title":"Sonora en Equipo. Junior de la An\u00e1huac golpea a vigilante: Su mam\u00e1 tiene antecedentes violentos Rep\u00fablica","og_description":"PUEBLA, PUEBLA. MX. \u2014 Un joven estudiante de la Universidad An\u00e1huac se hizo viral en redes sociales al propinarle una golpiza a un guardia de seguridad de En Sonora en Equipo publicamos toda la informaci\u00f3n de Sonora, M\u00e9xico y el Mundo de manera oportuna y busca que la libertad de expresi\u00f3n sea real. Visita nuestro medio informativo publicado desde Hermosillo, Sonora. %","og_url":"https:\/\/www.sonoraenequipo.com.mx\/junior-de-la-anahuac-golpea-a-vigilante-su-mama-tiene-antecedentes-violentos\/","og_site_name":"Sonora en Equipo.","article_publisher":"https:\/\/www.facebook.com\/SonoraEE\/","article_author":"https:\/\/www.facebook.com\/SonoraEE","article_published_time":"2023-11-29T17:08:03+00:00","article_modified_time":"2023-12-01T01:56:09+00:00","og_image":[{"width":1200,"height":900,"url":"https:\/\/www.sonoraenequipo.com.mx\/storage\/2023\/11\/madre-e-hijo-golpeadores-min.jpg","type":"image\/jpeg"}],"author":"enequipo","twitter_card":"summary_large_image","twitter_creator":"@sonoraenequipo","twitter_site":"@sonoraenequipo","twitter_misc":{"Escrito por":"enequipo","Tiempo de lectura":"3 minutos"},"schema":{"@context":"https:\/\/schema.org","@graph":[{"@type":"Article","@id":"https:\/\/www.sonoraenequipo.com.mx\/junior-de-la-anahuac-golpea-a-vigilante-su-mama-tiene-antecedentes-violentos\/#article","isPartOf":{"@id":"https:\/\/www.sonoraenequipo.com.mx\/junior-de-la-anahuac-golpea-a-vigilante-su-mama-tiene-antecedentes-violentos\/"},"author":{"name":"enequipo","@id":"https:\/\/www.sonoraenequipo.com.mx\/#\/schema\/person\/50102df0fb23a8fa9e8effad8fa81386"},"headline":"Junior de la An\u00e1huac golpea a vigilante: Su mam\u00e1 tiene antecedentes violentos","datePublished":"2023-11-29T17:08:03+00:00","dateModified":"2023-12-01T01:56:09+00:00","mainEntityOfPage":{"@id":"https:\/\/www.sonoraenequipo.com.mx\/junior-de-la-anahuac-golpea-a-vigilante-su-mama-tiene-antecedentes-violentos\/"},"wordCount":527,"commentCount":0,"publisher":{"@id":"https:\/\/www.sonoraenequipo.com.mx\/#organization"},"image":{"@id":"https:\/\/www.sonoraenequipo.com.mx\/junior-de-la-anahuac-golpea-a-vigilante-su-mama-tiene-antecedentes-violentos\/#primaryimage"},"thumbnailUrl":"https:\/\/www.sonoraenequipo.com.mx\/storage\/2023\/11\/madre-e-hijo-golpeadores-min.jpg","articleSection":["Rep\u00fablica"],"inLanguage":"es","potentialAction":[{"@type":"CommentAction","name":"Comment","target":["https:\/\/www.sonoraenequipo.com.mx\/junior-de-la-anahuac-golpea-a-vigilante-su-mama-tiene-antecedentes-violentos\/#respond"]}]},{"@type":"WebPage","@id":"https:\/\/www.sonoraenequipo.com.mx\/junior-de-la-anahuac-golpea-a-vigilante-su-mama-tiene-antecedentes-violentos\/","url":"https:\/\/www.sonoraenequipo.com.mx\/junior-de-la-anahuac-golpea-a-vigilante-su-mama-tiene-antecedentes-violentos\/","name":"Sonora en Equipo. Junior de la An\u00e1huac golpea a vigilante: Su mam\u00e1 tiene antecedentes violentos Rep\u00fablica","isPartOf":{"@id":"https:\/\/www.sonoraenequipo.com.mx\/#website"},"primaryImageOfPage":{"@id":"https:\/\/www.sonoraenequipo.com.mx\/junior-de-la-anahuac-golpea-a-vigilante-su-mama-tiene-antecedentes-violentos\/#primaryimage"},"image":{"@id":"https:\/\/www.sonoraenequipo.com.mx\/junior-de-la-anahuac-golpea-a-vigilante-su-mama-tiene-antecedentes-violentos\/#primaryimage"},"thumbnailUrl":"https:\/\/www.sonoraenequipo.com.mx\/storage\/2023\/11\/madre-e-hijo-golpeadores-min.jpg","datePublished":"2023-11-29T17:08:03+00:00","dateModified":"2023-12-01T01:56:09+00:00","description":"PUEBLA, PUEBLA. MX. \u2014 Un joven estudiante de la Universidad An\u00e1huac se hizo viral en redes sociales al propinarle una golpiza a un guardia de seguridad de En Sonora en Equipo publicamos toda la informaci\u00f3n de Sonora, M\u00e9xico y el Mundo de manera oportuna y busca que la libertad de expresi\u00f3n sea real. Visita nuestro medio informativo publicado desde Hermosillo, Sonora. %","breadcrumb":{"@id":"https:\/\/www.sonoraenequipo.com.mx\/junior-de-la-anahuac-golpea-a-vigilante-su-mama-tiene-antecedentes-violentos\/#breadcrumb"},"inLanguage":"es","potentialAction":[{"@type":"ReadAction","target":["https:\/\/www.sonoraenequipo.com.mx\/junior-de-la-anahuac-golpea-a-vigilante-su-mama-tiene-antecedentes-violentos\/"]}]},{"@type":"ImageObject","inLanguage":"es","@id":"https:\/\/www.sonoraenequipo.com.mx\/junior-de-la-anahuac-golpea-a-vigilante-su-mama-tiene-antecedentes-violentos\/#primaryimage","url":"https:\/\/www.sonoraenequipo.com.mx\/storage\/2023\/11\/madre-e-hijo-golpeadores-min.jpg","contentUrl":"https:\/\/www.sonoraenequipo.com.mx\/storage\/2023\/11\/madre-e-hijo-golpeadores-min.jpg","width":1200,"height":900},{"@type":"BreadcrumbList","@id":"https:\/\/www.sonoraenequipo.com.mx\/junior-de-la-anahuac-golpea-a-vigilante-su-mama-tiene-antecedentes-violentos\/#breadcrumb","itemListElement":[{"@type":"ListItem","position":1,"name":"Portada","item":"https:\/\/www.sonoraenequipo.com.mx\/"},{"@type":"ListItem","position":2,"name":"Junior de la An\u00e1huac golpea a vigilante: Su mam\u00e1 tiene antecedentes violentos"}]},{"@type":"WebSite","@id":"https:\/\/www.sonoraenequipo.com.mx\/#website","url":"https:\/\/www.sonoraenequipo.com.mx\/","name":"Sonora en Equipo.","description":"Diario en l\u00ednea con Noticias desde Hermosillo, Sonora","publisher":{"@id":"https:\/\/www.sonoraenequipo.com.mx\/#organization"},"potentialAction":[{"@type":"SearchAction","target":{"@type":"EntryPoint","urlTemplate":"https:\/\/www.sonoraenequipo.com.mx\/?s={search_term_string}"},"query-input":{"@type":"PropertyValueSpecification","valueRequired":true,"valueName":"search_term_string"}}],"inLanguage":"es"},{"@type":"Organization","@id":"https:\/\/www.sonoraenequipo.com.mx\/#organization","name":"Sonoraenequipo.com.mx","url":"https:\/\/www.sonoraenequipo.com.mx\/","logo":{"@type":"ImageObject","inLanguage":"es","@id":"https:\/\/www.sonoraenequipo.com.mx\/#\/schema\/logo\/image\/","url":"https:\/\/www.sonoraenequipo.com.mx\/storage\/2019\/01\/sonoraenequipo_opt.png","contentUrl":"https:\/\/www.sonoraenequipo.com.mx\/storage\/2019\/01\/sonoraenequipo_opt.png","width":375,"height":125,"caption":"Sonoraenequipo.com.mx"},"image":{"@id":"https:\/\/www.sonoraenequipo.com.mx\/#\/schema\/logo\/image\/"},"sameAs":["https:\/\/www.facebook.com\/SonoraEE\/","https:\/\/x.com\/sonoraenequipo","https:\/\/www.youtube.com\/channel\/UC338nW-lPEYmJQs4ZABQ1SQ"]},{"@type":"Person","@id":"https:\/\/www.sonoraenequipo.com.mx\/#\/schema\/person\/50102df0fb23a8fa9e8effad8fa81386","name":"enequipo","image":{"@type":"ImageObject","inLanguage":"es","@id":"https:\/\/www.sonoraenequipo.com.mx\/#\/schema\/person\/image\/","url":"https:\/\/secure.gravatar.com\/avatar\/049821681b589dabc0bc20695993ccebb09f5b5d4d790cd9251b97faac7c652b?s=96&d=blank&r=g","contentUrl":"https:\/\/secure.gravatar.com\/avatar\/049821681b589dabc0bc20695993ccebb09f5b5d4d790cd9251b97faac7c652b?s=96&d=blank&r=g","caption":"enequipo"},"sameAs":["https:\/\/www.facebook.com\/SonoraEE"]}]}},"jetpack_featured_media_url":"https:\/\/www.sonoraenequipo.com.mx\/storage\/2023\/11\/madre-e-hijo-golpeadores-min.jpg","_links":{"self":[{"href":"https:\/\/www.sonoraenequipo.com.mx\/api\/wp\/v2\/posts\/180176","targetHints":{"allow":["GET"]}}],"collection":[{"href":"https:\/\/www.sonoraenequipo.com.mx\/api\/wp\/v2\/posts"}],"about":[{"href":"https:\/\/www.sonoraenequipo.com.mx\/api\/wp\/v2\/types\/post"}],"author":[{"embeddable":true,"href":"https:\/\/www.sonoraenequipo.com.mx\/api\/wp\/v2\/users\/1"}],"replies":[{"embeddable":true,"href":"https:\/\/www.sonoraenequipo.com.mx\/api\/wp\/v2\/comments?post=180176"}],"version-history":[{"count":2,"href":"https:\/\/www.sonoraenequipo.com.mx\/api\/wp\/v2\/posts\/180176\/revisions"}],"predecessor-version":[{"id":180196,"href":"https:\/\/www.sonoraenequipo.com.mx\/api\/wp\/v2\/posts\/180176\/revisions\/180196"}],"wp:featuredmedia":[{"embeddable":true,"href":"https:\/\/www.sonoraenequipo.com.mx\/api\/wp\/v2\/media\/180177"}],"wp:attachment":[{"href":"https:\/\/www.sonoraenequipo.com.mx\/api\/wp\/v2\/media?parent=180176"}],"wp:term":[{"taxonomy":"category","embeddable":true,"href":"https:\/\/www.sonoraenequipo.com.mx\/api\/wp\/v2\/categories?post=180176"},{"taxonomy":"post_tag","embeddable":true,"href":"https:\/\/www.sonoraenequipo.com.mx\/api\/wp\/v2\/tags?post=180176"}],"curies":[{"name":"wp","href":"https:\/\/api.w.org\/{rel}","templated":true}]}}