{"id":180183,"date":"2023-11-30T10:18:47","date_gmt":"2023-11-30T17:18:47","guid":{"rendered":"https:\/\/www.sonoraenequipo.com.mx\/?p=180183"},"modified":"2023-11-30T14:57:55","modified_gmt":"2023-11-30T21:57:55","slug":"guardia-de-seguridad-golpeado-por-junior-en-puebla-presenta-denuncia-formal","status":"publish","type":"post","link":"https:\/\/www.sonoraenequipo.com.mx\/guardia-de-seguridad-golpeado-por-junior-en-puebla-presenta-denuncia-formal\/","title":{"rendered":"Guardia de seguridad golpeado por junior en Puebla presenta denuncia formal"},"content":{"rendered":"<p><strong>PUEBLA, PUEBLA. MX. \u2014<\/strong> La v\u00edctima desminti\u00f3 rumores sobre campa\u00f1as de recaudaci\u00f3n de fondos en su nombre y advirti\u00f3 sobre posibles estafas.<\/p>\n<p>&nbsp;<\/p>\n<p> <br \/>\nJonathan Nolasco, el guardia de seguridad de 19 a\u00f1os, ya present\u00f3 una denuncia formal con las autoridades correspondientes contra el junior de la Universidad An\u00e1huac de Puebla que lo golpe\u00f3 en una zona residencial de la ciudad.<\/p>\n<p>&nbsp;<\/p>\n<p>&nbsp;<\/p>\n<p>En entrevista para medio Milenio, Nolasco explic\u00f3 que la agresi\u00f3n, perpetrada por un joven identificado como Patricio \u2018N\u2019, comenz\u00f3 cuando este \u00faltimo forz\u00f3 la entrada al \u00e1rea restringida porque no se encontraba registrado como residente y se torn\u00f3 violento.<\/p>\n<p>&nbsp;<\/p>\n<p><strong><em>\u201cEmpez\u00f3 porque el joven abri\u00f3 la pluma, en la zona donde nosotros no tenemos acceso, y empez\u00f3 a ofender, que iba a regresar, y en ese momento se abre la pluma y se meti\u00f3. Cuando me di cuenta ya ten\u00eda su camioneta adentro, le marco al supervisor, me empuj\u00f3 y me empez\u00f3 a agarrar a golpes\u201d,<\/em><\/strong> relat\u00f3.<\/p>\n<p>&nbsp;<\/p>\n<p><strong><em>\u201cNo esperaba su reacci\u00f3n violenta; siempre nos ense\u00f1an a mantener la calma\u201c<\/em><\/strong>, agreg\u00f3 Nolasco, quien tambi\u00e9n destac\u00f3 el apoyo incondicional de su empresa que lo ha apoyado desde que se supo el incidente.<\/p>\n<p>&nbsp;<\/p>\n<p>A pesar del trauma sufrido, Jonathan enfatiz\u00f3 tambi\u00e9n el respaldo completo recibido de su empleador, incluyendo atenci\u00f3n m\u00e9dica y asesor\u00eda legal.<\/p>\n<p>&nbsp;<\/p>\n<p><em><strong>\u201cMe han apoyado al 100 por ciento\u201c,<\/strong> <\/em>afirm\u00f3. Con la ayuda de un abogado, Nolasco busca justicia y asegura no haber recibido amenazas desde que sucedieron los hechos.<\/p>\n<p>&nbsp;<\/p>\n<p>El joven guardia, sorprendido por la reacci\u00f3n del atacante, reiter\u00f3 la importancia de la educaci\u00f3n y el respeto mutuo, independientemente de la situaci\u00f3n econ\u00f3mica.<\/p>\n<p>&nbsp;<\/p>\n<p>&nbsp;<\/p>\n<p><em><strong>\u201cYo digo que, ante todo, la educaci\u00f3n. El dinero no hace a una persona m\u00e1s o menos, todos somos humanos, todos tenemos derechos\u201c,<\/strong><\/em> manifest\u00f3.<\/p>\n<p>&nbsp;<\/p>\n<p>Jonathan tambi\u00e9n desminti\u00f3 rumores sobre campa\u00f1as de recaudaci\u00f3n de fondos en su nombre y advirti\u00f3 al p\u00fablico sobre posibles estafas.<\/p>\n<p>&nbsp;<\/p>\n<p><strong><em>\u201cLo digo para que no vayan a hacer un dep\u00f3sito y pues no es para m\u00ed, alguien est\u00e1 haci\u00e9ndolo\u201d,<\/em> <\/strong>concluy\u00f3.<\/p>\n<p>&nbsp;<\/p>\n<p>Cabe se\u00f1alar que seg\u00fan trascendi\u00f3, el agresor, Patrio \u201cN\u201d, pensaba tambi\u00e9n proceder legalmente, pero como es menor de edad, \u201cse tendr\u00e1n que hacer cambios \u201c, seg\u00fan indic\u00f3 el guardia de seguridad Jonathan Nolasco.<\/p>\n<p>&nbsp;<\/p>\n<p>&nbsp;<\/p>\n<p>PUBLICADO EL 30 OVIEMBRE DE 2023\/ Con informaci\u00f3n de MEDIOS NACIONALES)<\/p>\n","protected":false},"excerpt":{"rendered":"<p>PUEBLA, PUEBLA. MX. \u2014 La v\u00edctima desminti\u00f3 rumores sobre campa\u00f1as de recaudaci\u00f3n de fondos en&#8230;<\/p>\n","protected":false},"author":1,"featured_media":180184,"comment_status":"open","ping_status":"open","sticky":false,"template":"","format":"standard","meta":{"_monsterinsights_skip_tracking":false,"_monsterinsights_sitenote_active":false,"_monsterinsights_sitenote_note":"","_monsterinsights_sitenote_category":0,"footnotes":""},"categories":[5],"tags":[],"class_list":["post"],"yoast_head":" \n<title>Sonora en Equipo. Guardia de seguridad golpeado por junior en Puebla presenta denuncia formal Rep\u00fablica<\/title>\n<meta name=\"description\" content=\"PUEBLA, PUEBLA. MX. \u2014 La v\u00edctima desminti\u00f3 rumores sobre campa\u00f1as de recaudaci\u00f3n de fondos en su nombre y advirti\u00f3 sobre posibles estafas. &nbsp; Jonathan En Sonora en Equipo publicamos toda la informaci\u00f3n de Sonora, M\u00e9xico y el Mundo de manera oportuna y busca que la libertad de expresi\u00f3n sea real. Visita nuestro medio informativo publicado desde Hermosillo, Sonora. %\" \/>\n<meta name=\"robots\" content=\"index, follow, max-snippet:-1, max-image-preview:large, max-video-preview:-1\" \/>\n<link rel=\"canonical\" href=\"https:\/\/www.sonoraenequipo.com.mx\/guardia-de-seguridad-golpeado-por-junior-en-puebla-presenta-denuncia-formal\/\" \/>\n<meta property=\"og:locale\" content=\"es_ES\" \/>\n<meta property=\"og:type\" content=\"article\" \/>\n<meta property=\"og:title\" content=\"Sonora en Equipo. Guardia de seguridad golpeado por junior en Puebla presenta denuncia formal Rep\u00fablica\" \/>\n<meta property=\"og:description\" content=\"PUEBLA, PUEBLA. MX. \u2014 La v\u00edctima desminti\u00f3 rumores sobre campa\u00f1as de recaudaci\u00f3n de fondos en su nombre y advirti\u00f3 sobre posibles estafas. &nbsp; Jonathan En Sonora en Equipo publicamos toda la informaci\u00f3n de Sonora, M\u00e9xico y el Mundo de manera oportuna y busca que la libertad de expresi\u00f3n sea real. Visita nuestro medio informativo publicado desde Hermosillo, Sonora. %\" \/>\n<meta property=\"og:url\" content=\"https:\/\/www.sonoraenequipo.com.mx\/guardia-de-seguridad-golpeado-por-junior-en-puebla-presenta-denuncia-formal\/\" \/>\n<meta property=\"og:site_name\" content=\"Sonora en Equipo.\" \/>\n<meta property=\"article:publisher\" content=\"https:\/\/www.facebook.com\/SonoraEE\/\" \/>\n<meta property=\"article:author\" content=\"https:\/\/www.facebook.com\/SonoraEE\" \/>\n<meta property=\"article:published_time\" content=\"2023-11-30T17:18:47+00:00\" \/>\n<meta property=\"article:modified_time\" content=\"2023-11-30T21:57:55+00:00\" \/>\n<meta property=\"og:image\" content=\"https:\/\/www.sonoraenequipo.com.mx\/storage\/2023\/11\/junior-ataca-a-guardia-de-seguridad...-min.jpg\" \/>\n\t<meta property=\"og:image:width\" content=\"900\" \/>\n\t<meta property=\"og:image:height\" content=\"515\" \/>\n\t<meta property=\"og:image:type\" content=\"image\/jpeg\" \/>\n<meta name=\"author\" content=\"enequipo\" \/>\n<meta name=\"twitter:card\" content=\"summary_large_image\" \/>\n<meta name=\"twitter:creator\" content=\"@sonoraenequipo\" \/>\n<meta name=\"twitter:site\" content=\"@sonoraenequipo\" \/>\n<meta name=\"twitter:label1\" content=\"Escrito por\" \/>\n\t<meta name=\"twitter:data1\" content=\"enequipo\" \/>\n\t<meta name=\"twitter:label2\" content=\"Tiempo de lectura\" \/>\n\t<meta name=\"twitter:data2\" content=\"2 minutos\" \/>\n<script type=\"application\/ld+json\" class=\"yoast-schema-graph\">{\"@context\":\"https:\/\/schema.org\",\"@graph\":[{\"@type\":\"Article\",\"@id\":\"https:\/\/www.sonoraenequipo.com.mx\/guardia-de-seguridad-golpeado-por-junior-en-puebla-presenta-denuncia-formal\/#article\",\"isPartOf\":{\"@id\":\"https:\/\/www.sonoraenequipo.com.mx\/guardia-de-seguridad-golpeado-por-junior-en-puebla-presenta-denuncia-formal\/\"},\"author\":{\"name\":\"enequipo\",\"@id\":\"https:\/\/www.sonoraenequipo.com.mx\/#\/schema\/person\/50102df0fb23a8fa9e8effad8fa81386\"},\"headline\":\"Guardia de seguridad golpeado por junior en Puebla presenta denuncia formal\",\"datePublished\":\"2023-11-30T17:18:47+00:00\",\"dateModified\":\"2023-11-30T21:57:55+00:00\",\"mainEntityOfPage\":{\"@id\":\"https:\/\/www.sonoraenequipo.com.mx\/guardia-de-seguridad-golpeado-por-junior-en-puebla-presenta-denuncia-formal\/\"},\"wordCount\":421,\"commentCount\":0,\"publisher\":{\"@id\":\"https:\/\/www.sonoraenequipo.com.mx\/#organization\"},\"image\":{\"@id\":\"https:\/\/www.sonoraenequipo.com.mx\/guardia-de-seguridad-golpeado-por-junior-en-puebla-presenta-denuncia-formal\/#primaryimage\"},\"thumbnailUrl\":\"https:\/\/www.sonoraenequipo.com.mx\/storage\/2023\/11\/junior-ataca-a-guardia-de-seguridad...-min.jpg\",\"articleSection\":[\"Rep\u00fablica\"],\"inLanguage\":\"es\",\"potentialAction\":[{\"@type\":\"CommentAction\",\"name\":\"Comment\",\"target\":[\"https:\/\/www.sonoraenequipo.com.mx\/guardia-de-seguridad-golpeado-por-junior-en-puebla-presenta-denuncia-formal\/#respond\"]}]},{\"@type\":\"WebPage\",\"@id\":\"https:\/\/www.sonoraenequipo.com.mx\/guardia-de-seguridad-golpeado-por-junior-en-puebla-presenta-denuncia-formal\/\",\"url\":\"https:\/\/www.sonoraenequipo.com.mx\/guardia-de-seguridad-golpeado-por-junior-en-puebla-presenta-denuncia-formal\/\",\"name\":\"Sonora en Equipo. Guardia de seguridad golpeado por junior en Puebla presenta denuncia formal Rep\u00fablica\",\"isPartOf\":{\"@id\":\"https:\/\/www.sonoraenequipo.com.mx\/#website\"},\"primaryImageOfPage\":{\"@id\":\"https:\/\/www.sonoraenequipo.com.mx\/guardia-de-seguridad-golpeado-por-junior-en-puebla-presenta-denuncia-formal\/#primaryimage\"},\"image\":{\"@id\":\"https:\/\/www.sonoraenequipo.com.mx\/guardia-de-seguridad-golpeado-por-junior-en-puebla-presenta-denuncia-formal\/#primaryimage\"},\"thumbnailUrl\":\"https:\/\/www.sonoraenequipo.com.mx\/storage\/2023\/11\/junior-ataca-a-guardia-de-seguridad...-min.jpg\",\"datePublished\":\"2023-11-30T17:18:47+00:00\",\"dateModified\":\"2023-11-30T21:57:55+00:00\",\"description\":\"PUEBLA, PUEBLA. MX. \u2014 La v\u00edctima desminti\u00f3 rumores sobre campa\u00f1as de recaudaci\u00f3n de fondos en su nombre y advirti\u00f3 sobre posibles estafas. &nbsp; Jonathan En Sonora en Equipo publicamos toda la informaci\u00f3n de Sonora, M\u00e9xico y el Mundo de manera oportuna y busca que la libertad de expresi\u00f3n sea real. Visita nuestro medio informativo publicado desde Hermosillo, Sonora. %\",\"breadcrumb\":{\"@id\":\"https:\/\/www.sonoraenequipo.com.mx\/guardia-de-seguridad-golpeado-por-junior-en-puebla-presenta-denuncia-formal\/#breadcrumb\"},\"inLanguage\":\"es\",\"potentialAction\":[{\"@type\":\"ReadAction\",\"target\":[\"https:\/\/www.sonoraenequipo.com.mx\/guardia-de-seguridad-golpeado-por-junior-en-puebla-presenta-denuncia-formal\/\"]}]},{\"@type\":\"ImageObject\",\"inLanguage\":\"es\",\"@id\":\"https:\/\/www.sonoraenequipo.com.mx\/guardia-de-seguridad-golpeado-por-junior-en-puebla-presenta-denuncia-formal\/#primaryimage\",\"url\":\"https:\/\/www.sonoraenequipo.com.mx\/storage\/2023\/11\/junior-ataca-a-guardia-de-seguridad...-min.jpg\",\"contentUrl\":\"https:\/\/www.sonoraenequipo.com.mx\/storage\/2023\/11\/junior-ataca-a-guardia-de-seguridad...-min.jpg\",\"width\":900,\"height\":515},{\"@type\":\"BreadcrumbList\",\"@id\":\"https:\/\/www.sonoraenequipo.com.mx\/guardia-de-seguridad-golpeado-por-junior-en-puebla-presenta-denuncia-formal\/#breadcrumb\",\"itemListElement\":[{\"@type\":\"ListItem\",\"position\":1,\"name\":\"Portada\",\"item\":\"https:\/\/www.sonoraenequipo.com.mx\/\"},{\"@type\":\"ListItem\",\"position\":2,\"name\":\"Guardia de seguridad golpeado por junior en Puebla presenta denuncia formal\"}]},{\"@type\":\"WebSite\",\"@id\":\"https:\/\/www.sonoraenequipo.com.mx\/#website\",\"url\":\"https:\/\/www.sonoraenequipo.com.mx\/\",\"name\":\"Sonora en Equipo.\",\"description\":\"Diario en l\u00ednea con Noticias desde Hermosillo, Sonora\",\"publisher\":{\"@id\":\"https:\/\/www.sonoraenequipo.com.mx\/#organization\"},\"potentialAction\":[{\"@type\":\"SearchAction\",\"target\":{\"@type\":\"EntryPoint\",\"urlTemplate\":\"https:\/\/www.sonoraenequipo.com.mx\/?s={search_term_string}\"},\"query-input\":{\"@type\":\"PropertyValueSpecification\",\"valueRequired\":true,\"valueName\":\"search_term_string\"}}],\"inLanguage\":\"es\"},{\"@type\":\"Organization\",\"@id\":\"https:\/\/www.sonoraenequipo.com.mx\/#organization\",\"name\":\"Sonoraenequipo.com.mx\",\"url\":\"https:\/\/www.sonoraenequipo.com.mx\/\",\"logo\":{\"@type\":\"ImageObject\",\"inLanguage\":\"es\",\"@id\":\"https:\/\/www.sonoraenequipo.com.mx\/#\/schema\/logo\/image\/\",\"url\":\"https:\/\/www.sonoraenequipo.com.mx\/storage\/2019\/01\/sonoraenequipo_opt.png\",\"contentUrl\":\"https:\/\/www.sonoraenequipo.com.mx\/storage\/2019\/01\/sonoraenequipo_opt.png\",\"width\":375,\"height\":125,\"caption\":\"Sonoraenequipo.com.mx\"},\"image\":{\"@id\":\"https:\/\/www.sonoraenequipo.com.mx\/#\/schema\/logo\/image\/\"},\"sameAs\":[\"https:\/\/www.facebook.com\/SonoraEE\/\",\"https:\/\/x.com\/sonoraenequipo\",\"https:\/\/www.youtube.com\/channel\/UC338nW-lPEYmJQs4ZABQ1SQ\"]},{\"@type\":\"Person\",\"@id\":\"https:\/\/www.sonoraenequipo.com.mx\/#\/schema\/person\/50102df0fb23a8fa9e8effad8fa81386\",\"name\":\"enequipo\",\"image\":{\"@type\":\"ImageObject\",\"inLanguage\":\"es\",\"@id\":\"https:\/\/www.sonoraenequipo.com.mx\/#\/schema\/person\/image\/\",\"url\":\"https:\/\/secure.gravatar.com\/avatar\/049821681b589dabc0bc20695993ccebb09f5b5d4d790cd9251b97faac7c652b?s=96&d=blank&r=g\",\"contentUrl\":\"https:\/\/secure.gravatar.com\/avatar\/049821681b589dabc0bc20695993ccebb09f5b5d4d790cd9251b97faac7c652b?s=96&d=blank&r=g\",\"caption\":\"enequipo\"},\"sameAs\":[\"https:\/\/www.facebook.com\/SonoraEE\"]}]}<\/script>\n ","yoast_head_json":{"title":"Sonora en Equipo. Guardia de seguridad golpeado por junior en Puebla presenta denuncia formal Rep\u00fablica","description":"PUEBLA, PUEBLA. MX. \u2014 La v\u00edctima desminti\u00f3 rumores sobre campa\u00f1as de recaudaci\u00f3n de fondos en su nombre y advirti\u00f3 sobre posibles estafas. &nbsp; Jonathan En Sonora en Equipo publicamos toda la informaci\u00f3n de Sonora, M\u00e9xico y el Mundo de manera oportuna y busca que la libertad de expresi\u00f3n sea real. Visita nuestro medio informativo publicado desde Hermosillo, Sonora. %","robots":{"index":"index","follow":"follow","max-snippet":"max-snippet:-1","max-image-preview":"max-image-preview:large","max-video-preview":"max-video-preview:-1"},"canonical":"https:\/\/www.sonoraenequipo.com.mx\/guardia-de-seguridad-golpeado-por-junior-en-puebla-presenta-denuncia-formal\/","og_locale":"es_ES","og_type":"article","og_title":"Sonora en Equipo. Guardia de seguridad golpeado por junior en Puebla presenta denuncia formal Rep\u00fablica","og_description":"PUEBLA, PUEBLA. MX. \u2014 La v\u00edctima desminti\u00f3 rumores sobre campa\u00f1as de recaudaci\u00f3n de fondos en su nombre y advirti\u00f3 sobre posibles estafas. &nbsp; Jonathan En Sonora en Equipo publicamos toda la informaci\u00f3n de Sonora, M\u00e9xico y el Mundo de manera oportuna y busca que la libertad de expresi\u00f3n sea real. Visita nuestro medio informativo publicado desde Hermosillo, Sonora. %","og_url":"https:\/\/www.sonoraenequipo.com.mx\/guardia-de-seguridad-golpeado-por-junior-en-puebla-presenta-denuncia-formal\/","og_site_name":"Sonora en Equipo.","article_publisher":"https:\/\/www.facebook.com\/SonoraEE\/","article_author":"https:\/\/www.facebook.com\/SonoraEE","article_published_time":"2023-11-30T17:18:47+00:00","article_modified_time":"2023-11-30T21:57:55+00:00","og_image":[{"width":900,"height":515,"url":"https:\/\/www.sonoraenequipo.com.mx\/storage\/2023\/11\/junior-ataca-a-guardia-de-seguridad...-min.jpg","type":"image\/jpeg"}],"author":"enequipo","twitter_card":"summary_large_image","twitter_creator":"@sonoraenequipo","twitter_site":"@sonoraenequipo","twitter_misc":{"Escrito por":"enequipo","Tiempo de lectura":"2 minutos"},"schema":{"@context":"https:\/\/schema.org","@graph":[{"@type":"Article","@id":"https:\/\/www.sonoraenequipo.com.mx\/guardia-de-seguridad-golpeado-por-junior-en-puebla-presenta-denuncia-formal\/#article","isPartOf":{"@id":"https:\/\/www.sonoraenequipo.com.mx\/guardia-de-seguridad-golpeado-por-junior-en-puebla-presenta-denuncia-formal\/"},"author":{"name":"enequipo","@id":"https:\/\/www.sonoraenequipo.com.mx\/#\/schema\/person\/50102df0fb23a8fa9e8effad8fa81386"},"headline":"Guardia de seguridad golpeado por junior en Puebla presenta denuncia formal","datePublished":"2023-11-30T17:18:47+00:00","dateModified":"2023-11-30T21:57:55+00:00","mainEntityOfPage":{"@id":"https:\/\/www.sonoraenequipo.com.mx\/guardia-de-seguridad-golpeado-por-junior-en-puebla-presenta-denuncia-formal\/"},"wordCount":421,"commentCount":0,"publisher":{"@id":"https:\/\/www.sonoraenequipo.com.mx\/#organization"},"image":{"@id":"https:\/\/www.sonoraenequipo.com.mx\/guardia-de-seguridad-golpeado-por-junior-en-puebla-presenta-denuncia-formal\/#primaryimage"},"thumbnailUrl":"https:\/\/www.sonoraenequipo.com.mx\/storage\/2023\/11\/junior-ataca-a-guardia-de-seguridad...-min.jpg","articleSection":["Rep\u00fablica"],"inLanguage":"es","potentialAction":[{"@type":"CommentAction","name":"Comment","target":["https:\/\/www.sonoraenequipo.com.mx\/guardia-de-seguridad-golpeado-por-junior-en-puebla-presenta-denuncia-formal\/#respond"]}]},{"@type":"WebPage","@id":"https:\/\/www.sonoraenequipo.com.mx\/guardia-de-seguridad-golpeado-por-junior-en-puebla-presenta-denuncia-formal\/","url":"https:\/\/www.sonoraenequipo.com.mx\/guardia-de-seguridad-golpeado-por-junior-en-puebla-presenta-denuncia-formal\/","name":"Sonora en Equipo. Guardia de seguridad golpeado por junior en Puebla presenta denuncia formal Rep\u00fablica","isPartOf":{"@id":"https:\/\/www.sonoraenequipo.com.mx\/#website"},"primaryImageOfPage":{"@id":"https:\/\/www.sonoraenequipo.com.mx\/guardia-de-seguridad-golpeado-por-junior-en-puebla-presenta-denuncia-formal\/#primaryimage"},"image":{"@id":"https:\/\/www.sonoraenequipo.com.mx\/guardia-de-seguridad-golpeado-por-junior-en-puebla-presenta-denuncia-formal\/#primaryimage"},"thumbnailUrl":"https:\/\/www.sonoraenequipo.com.mx\/storage\/2023\/11\/junior-ataca-a-guardia-de-seguridad...-min.jpg","datePublished":"2023-11-30T17:18:47+00:00","dateModified":"2023-11-30T21:57:55+00:00","description":"PUEBLA, PUEBLA. MX. \u2014 La v\u00edctima desminti\u00f3 rumores sobre campa\u00f1as de recaudaci\u00f3n de fondos en su nombre y advirti\u00f3 sobre posibles estafas. &nbsp; Jonathan En Sonora en Equipo publicamos toda la informaci\u00f3n de Sonora, M\u00e9xico y el Mundo de manera oportuna y busca que la libertad de expresi\u00f3n sea real. Visita nuestro medio informativo publicado desde Hermosillo, Sonora. %","breadcrumb":{"@id":"https:\/\/www.sonoraenequipo.com.mx\/guardia-de-seguridad-golpeado-por-junior-en-puebla-presenta-denuncia-formal\/#breadcrumb"},"inLanguage":"es","potentialAction":[{"@type":"ReadAction","target":["https:\/\/www.sonoraenequipo.com.mx\/guardia-de-seguridad-golpeado-por-junior-en-puebla-presenta-denuncia-formal\/"]}]},{"@type":"ImageObject","inLanguage":"es","@id":"https:\/\/www.sonoraenequipo.com.mx\/guardia-de-seguridad-golpeado-por-junior-en-puebla-presenta-denuncia-formal\/#primaryimage","url":"https:\/\/www.sonoraenequipo.com.mx\/storage\/2023\/11\/junior-ataca-a-guardia-de-seguridad...-min.jpg","contentUrl":"https:\/\/www.sonoraenequipo.com.mx\/storage\/2023\/11\/junior-ataca-a-guardia-de-seguridad...-min.jpg","width":900,"height":515},{"@type":"BreadcrumbList","@id":"https:\/\/www.sonoraenequipo.com.mx\/guardia-de-seguridad-golpeado-por-junior-en-puebla-presenta-denuncia-formal\/#breadcrumb","itemListElement":[{"@type":"ListItem","position":1,"name":"Portada","item":"https:\/\/www.sonoraenequipo.com.mx\/"},{"@type":"ListItem","position":2,"name":"Guardia de seguridad golpeado por junior en Puebla presenta denuncia formal"}]},{"@type":"WebSite","@id":"https:\/\/www.sonoraenequipo.com.mx\/#website","url":"https:\/\/www.sonoraenequipo.com.mx\/","name":"Sonora en Equipo.","description":"Diario en l\u00ednea con Noticias desde Hermosillo, Sonora","publisher":{"@id":"https:\/\/www.sonoraenequipo.com.mx\/#organization"},"potentialAction":[{"@type":"SearchAction","target":{"@type":"EntryPoint","urlTemplate":"https:\/\/www.sonoraenequipo.com.mx\/?s={search_term_string}"},"query-input":{"@type":"PropertyValueSpecification","valueRequired":true,"valueName":"search_term_string"}}],"inLanguage":"es"},{"@type":"Organization","@id":"https:\/\/www.sonoraenequipo.com.mx\/#organization","name":"Sonoraenequipo.com.mx","url":"https:\/\/www.sonoraenequipo.com.mx\/","logo":{"@type":"ImageObject","inLanguage":"es","@id":"https:\/\/www.sonoraenequipo.com.mx\/#\/schema\/logo\/image\/","url":"https:\/\/www.sonoraenequipo.com.mx\/storage\/2019\/01\/sonoraenequipo_opt.png","contentUrl":"https:\/\/www.sonoraenequipo.com.mx\/storage\/2019\/01\/sonoraenequipo_opt.png","width":375,"height":125,"caption":"Sonoraenequipo.com.mx"},"image":{"@id":"https:\/\/www.sonoraenequipo.com.mx\/#\/schema\/logo\/image\/"},"sameAs":["https:\/\/www.facebook.com\/SonoraEE\/","https:\/\/x.com\/sonoraenequipo","https:\/\/www.youtube.com\/channel\/UC338nW-lPEYmJQs4ZABQ1SQ"]},{"@type":"Person","@id":"https:\/\/www.sonoraenequipo.com.mx\/#\/schema\/person\/50102df0fb23a8fa9e8effad8fa81386","name":"enequipo","image":{"@type":"ImageObject","inLanguage":"es","@id":"https:\/\/www.sonoraenequipo.com.mx\/#\/schema\/person\/image\/","url":"https:\/\/secure.gravatar.com\/avatar\/049821681b589dabc0bc20695993ccebb09f5b5d4d790cd9251b97faac7c652b?s=96&d=blank&r=g","contentUrl":"https:\/\/secure.gravatar.com\/avatar\/049821681b589dabc0bc20695993ccebb09f5b5d4d790cd9251b97faac7c652b?s=96&d=blank&r=g","caption":"enequipo"},"sameAs":["https:\/\/www.facebook.com\/SonoraEE"]}]}},"jetpack_featured_media_url":"https:\/\/www.sonoraenequipo.com.mx\/storage\/2023\/11\/junior-ataca-a-guardia-de-seguridad...-min.jpg","_links":{"self":[{"href":"https:\/\/www.sonoraenequipo.com.mx\/api\/wp\/v2\/posts\/180183","targetHints":{"allow":["GET"]}}],"collection":[{"href":"https:\/\/www.sonoraenequipo.com.mx\/api\/wp\/v2\/posts"}],"about":[{"href":"https:\/\/www.sonoraenequipo.com.mx\/api\/wp\/v2\/types\/post"}],"author":[{"embeddable":true,"href":"https:\/\/www.sonoraenequipo.com.mx\/api\/wp\/v2\/users\/1"}],"replies":[{"embeddable":true,"href":"https:\/\/www.sonoraenequipo.com.mx\/api\/wp\/v2\/comments?post=180183"}],"version-history":[{"count":1,"href":"https:\/\/www.sonoraenequipo.com.mx\/api\/wp\/v2\/posts\/180183\/revisions"}],"predecessor-version":[{"id":180185,"href":"https:\/\/www.sonoraenequipo.com.mx\/api\/wp\/v2\/posts\/180183\/revisions\/180185"}],"wp:featuredmedia":[{"embeddable":true,"href":"https:\/\/www.sonoraenequipo.com.mx\/api\/wp\/v2\/media\/180184"}],"wp:attachment":[{"href":"https:\/\/www.sonoraenequipo.com.mx\/api\/wp\/v2\/media?parent=180183"}],"wp:term":[{"taxonomy":"category","embeddable":true,"href":"https:\/\/www.sonoraenequipo.com.mx\/api\/wp\/v2\/categories?post=180183"},{"taxonomy":"post_tag","embeddable":true,"href":"https:\/\/www.sonoraenequipo.com.mx\/api\/wp\/v2\/tags?post=180183"}],"curies":[{"name":"wp","href":"https:\/\/api.w.org\/{rel}","templated":true}]}}