{"id":180197,"date":"2023-11-30T12:10:26","date_gmt":"2023-11-30T19:10:26","guid":{"rendered":"https:\/\/www.sonoraenequipo.com.mx\/?p=180197"},"modified":"2023-11-30T19:09:29","modified_gmt":"2023-12-01T02:09:29","slug":"iniciaran-recorridos-navidenos-de-trolebus-este-viernes-1-de-diciembre","status":"publish","type":"post","link":"https:\/\/www.sonoraenequipo.com.mx\/iniciaran-recorridos-navidenos-de-trolebus-este-viernes-1-de-diciembre\/","title":{"rendered":"Iniciar\u00e1n recorridos navide\u00f1os de Troleb\u00fas este viernes 1 de diciembre"},"content":{"rendered":"<p><b>HERMOSILLO, SONORA. MX. \u2014 <\/b>La directora de Desarrollo Tur\u00edstico de Hermosillo, Fernanda Cisneros Rodr\u00edguez, anunci\u00f3 que iniciar\u00e1n con los recorridos navide\u00f1os de Troleb\u00fas a la Casa de Santa en Coyotas Do\u00f1a Mar\u00eda y al Christmas Show Hermosillo, en la Expo Gan, a partir de este viernes primero de diciembre.<\/p>\n<p>&nbsp;<\/p>\n<p> <\/p>\n<p>&nbsp;<\/p>\n<p><strong><em>\u201cQueremos anunciar que a partir del primero de diciembre vamos a estar teniendo ya los recorridos navide\u00f1os, ya tenemos unos a\u00f1os haciendo los recorridos con santa, en el que las coyotas do\u00f1a Mar\u00eda del barrio m\u00e1gico de Villa de Seris se convierte en la Casa de Santa, donde reciben a todas las familias, los ni\u00f1os entregan su cartita e incluso prueban las coyotas\u201d<\/em><\/strong>, coment\u00f3.<\/p>\n<p>&nbsp;<\/p>\n<p>Dijo que este a\u00f1o lanzaron un recorrido nuevo Visitando el Christmas Show Hermosillo, porque saben que el de Santa se agota inmediatamente y dan dos diferentes alternativas y que recomienda que vivir ambas.<\/p>\n<p>&nbsp;<\/p>\n<p>&nbsp;<\/p>\n<p>Los recorridos Visita a Santa ser\u00e1n del 1 al 23 de diciembre, todos los d\u00edas, con excepci\u00f3n de los lunes, a las 18:00, 19:30 y 21:00 horas; y Visita el Christmas Show va a ser del d\u00eda primero al 30 de diciembre, tambi\u00e9n de martes a domingo, a las 18:30 horas.<\/p>\n<p>&nbsp;<\/p>\n<p>&nbsp;<\/p>\n<p>Los boletos se pueden adquirir en el m\u00f3dulo de Info M\u00e9xico que se ubica en el camell\u00f3n del bulevar Hidalgo, frente a la plaza Zaragoza, desde donde parten ambos recorridos, con costo de 70 pesos adultos y 35 pesos ni\u00f1os.<\/p>\n<p>&nbsp;<\/p>\n<p>&nbsp;<\/p>\n<p>Mar\u00eda Fernanda Ram\u00edrez, de Coyotas Do\u00f1a Mar\u00eda, invit\u00f3 a todas las familias a que los visiten en la Casa de Santa, donde tienen tambi\u00e9n un nacimiento que es toda una tradici\u00f3n en el negocio que en casi cumple 70 a\u00f1os.<\/p>\n<p>&nbsp;<\/p>\n<p>&nbsp;<\/p>\n<p>Guillermo Gayt\u00e1n, de Christmas Show, mencion\u00f3 que se trata de un espect\u00e1culo de luces y juegos mec\u00e1nicos en las instalaciones de la Expo Gan, que este a\u00f1o tiene una ofrece una experiencia desde los veh\u00edculos.<\/p>\n<p>&nbsp;<\/p>\n<p>&nbsp;<\/p>\n<p>La informaci\u00f3n se puede consultar en redes sociales de Troleb\u00fas Hermosillo y de Visit Hermosillo y consultar horarios y apartar espacios; adem\u00e1s est\u00e1 disponible en n\u00famero de WhatsApp 6622909233 para apartar los boletos.<\/p>\n<p>&nbsp;<\/p>\n<p>&nbsp;<\/p>\n<h3><strong>Christmas Show en la Expo Gan es de 18:00 a 22:00 horas:<\/strong><\/h3>\n<p>&nbsp;<\/p>\n<p><strong>Experiencia drive thru<\/strong><\/p>\n<p><strong>Divertida experiencia desde tu auto entre t\u00faneles, m\u00fasica, diversi\u00f3n y miles de luces.<\/strong><\/p>\n<p>&nbsp;<\/p>\n<h3><strong>Experiencia peatonal<\/strong><\/h3>\n<p><strong>\u00c1rea de entretenidos juegos mec\u00e1nicos y deliciosa comida de temporada<\/strong><\/p>\n<p>&nbsp;<\/p>\n<p><strong>40 pesos por ni\u00f1os y 60 adultos<\/strong><\/p>\n<p><strong>Entrada gratis para ni\u00f1os menores de 2 a\u00f1os, adultos de la tercera edad, personas con discapacidad y mascotas<\/strong><\/p>\n<p>&nbsp;<\/p>\n<p>&nbsp;<\/p>\n<p>PUBLICADO EL 30 OVIEMBRE DE 2023\/ Con informaci\u00f3n de HMO 825\/2023)<\/p>\n","protected":false},"excerpt":{"rendered":"<p>HERMOSILLO, SONORA. MX. \u2014 La directora de Desarrollo Tur\u00edstico de Hermosillo, Fernanda Cisneros Rodr\u00edguez, anunci\u00f3&#8230;<\/p>\n","protected":false},"author":1,"featured_media":180199,"comment_status":"open","ping_status":"open","sticky":false,"template":"","format":"standard","meta":{"_monsterinsights_skip_tracking":false,"_monsterinsights_sitenote_active":false,"_monsterinsights_sitenote_note":"","_monsterinsights_sitenote_category":0,"footnotes":""},"categories":[4],"tags":[],"class_list":["post"],"yoast_head":" \n<title>Sonora en Equipo. Iniciar\u00e1n recorridos navide\u00f1os de Troleb\u00fas este viernes 1 de diciembre Municipios<\/title>\n<meta name=\"description\" content=\"HERMOSILLO, SONORA. MX. \u2014 La directora de Desarrollo Tur\u00edstico de Hermosillo, Fernanda Cisneros Rodr\u00edguez, anunci\u00f3 que iniciar\u00e1n con los recorridos En Sonora en Equipo publicamos toda la informaci\u00f3n de Sonora, M\u00e9xico y el Mundo de manera oportuna y busca que la libertad de expresi\u00f3n sea real. Visita nuestro medio informativo publicado desde Hermosillo, Sonora. %\" \/>\n<meta name=\"robots\" content=\"index, follow, max-snippet:-1, max-image-preview:large, max-video-preview:-1\" \/>\n<link rel=\"canonical\" href=\"https:\/\/www.sonoraenequipo.com.mx\/iniciaran-recorridos-navidenos-de-trolebus-este-viernes-1-de-diciembre\/\" \/>\n<meta property=\"og:locale\" content=\"es_ES\" \/>\n<meta property=\"og:type\" content=\"article\" \/>\n<meta property=\"og:title\" content=\"Sonora en Equipo. Iniciar\u00e1n recorridos navide\u00f1os de Troleb\u00fas este viernes 1 de diciembre Municipios\" \/>\n<meta property=\"og:description\" content=\"HERMOSILLO, SONORA. MX. \u2014 La directora de Desarrollo Tur\u00edstico de Hermosillo, Fernanda Cisneros Rodr\u00edguez, anunci\u00f3 que iniciar\u00e1n con los recorridos En Sonora en Equipo publicamos toda la informaci\u00f3n de Sonora, M\u00e9xico y el Mundo de manera oportuna y busca que la libertad de expresi\u00f3n sea real. Visita nuestro medio informativo publicado desde Hermosillo, Sonora. %\" \/>\n<meta property=\"og:url\" content=\"https:\/\/www.sonoraenequipo.com.mx\/iniciaran-recorridos-navidenos-de-trolebus-este-viernes-1-de-diciembre\/\" \/>\n<meta property=\"og:site_name\" content=\"Sonora en Equipo.\" \/>\n<meta property=\"article:publisher\" content=\"https:\/\/www.facebook.com\/SonoraEE\/\" \/>\n<meta property=\"article:author\" content=\"https:\/\/www.facebook.com\/SonoraEE\" \/>\n<meta property=\"article:published_time\" content=\"2023-11-30T19:10:26+00:00\" \/>\n<meta property=\"article:modified_time\" content=\"2023-12-01T02:09:29+00:00\" \/>\n<meta property=\"og:image\" content=\"https:\/\/www.sonoraenequipo.com.mx\/storage\/2023\/11\/Iniciaran-recorridos-navidenos-de-Trolebus-este-viernes-1-min.jpeg\" \/>\n\t<meta property=\"og:image:width\" content=\"1282\" \/>\n\t<meta property=\"og:image:height\" content=\"916\" \/>\n\t<meta property=\"og:image:type\" content=\"image\/jpeg\" \/>\n<meta name=\"author\" content=\"enequipo\" \/>\n<meta name=\"twitter:card\" content=\"summary_large_image\" \/>\n<meta name=\"twitter:creator\" content=\"@sonoraenequipo\" \/>\n<meta name=\"twitter:site\" content=\"@sonoraenequipo\" \/>\n<meta name=\"twitter:label1\" content=\"Escrito por\" \/>\n\t<meta name=\"twitter:data1\" content=\"enequipo\" \/>\n\t<meta name=\"twitter:label2\" content=\"Tiempo de lectura\" \/>\n\t<meta name=\"twitter:data2\" content=\"2 minutos\" \/>\n<script type=\"application\/ld+json\" class=\"yoast-schema-graph\">{\"@context\":\"https:\/\/schema.org\",\"@graph\":[{\"@type\":\"Article\",\"@id\":\"https:\/\/www.sonoraenequipo.com.mx\/iniciaran-recorridos-navidenos-de-trolebus-este-viernes-1-de-diciembre\/#article\",\"isPartOf\":{\"@id\":\"https:\/\/www.sonoraenequipo.com.mx\/iniciaran-recorridos-navidenos-de-trolebus-este-viernes-1-de-diciembre\/\"},\"author\":{\"name\":\"enequipo\",\"@id\":\"https:\/\/www.sonoraenequipo.com.mx\/#\/schema\/person\/50102df0fb23a8fa9e8effad8fa81386\"},\"headline\":\"Iniciar\u00e1n recorridos navide\u00f1os de Troleb\u00fas este viernes 1 de diciembre\",\"datePublished\":\"2023-11-30T19:10:26+00:00\",\"dateModified\":\"2023-12-01T02:09:29+00:00\",\"mainEntityOfPage\":{\"@id\":\"https:\/\/www.sonoraenequipo.com.mx\/iniciaran-recorridos-navidenos-de-trolebus-este-viernes-1-de-diciembre\/\"},\"wordCount\":480,\"commentCount\":0,\"publisher\":{\"@id\":\"https:\/\/www.sonoraenequipo.com.mx\/#organization\"},\"image\":{\"@id\":\"https:\/\/www.sonoraenequipo.com.mx\/iniciaran-recorridos-navidenos-de-trolebus-este-viernes-1-de-diciembre\/#primaryimage\"},\"thumbnailUrl\":\"https:\/\/www.sonoraenequipo.com.mx\/storage\/2023\/11\/Iniciaran-recorridos-navidenos-de-Trolebus-este-viernes-1-min.jpeg\",\"articleSection\":[\"Municipios\"],\"inLanguage\":\"es\",\"potentialAction\":[{\"@type\":\"CommentAction\",\"name\":\"Comment\",\"target\":[\"https:\/\/www.sonoraenequipo.com.mx\/iniciaran-recorridos-navidenos-de-trolebus-este-viernes-1-de-diciembre\/#respond\"]}]},{\"@type\":\"WebPage\",\"@id\":\"https:\/\/www.sonoraenequipo.com.mx\/iniciaran-recorridos-navidenos-de-trolebus-este-viernes-1-de-diciembre\/\",\"url\":\"https:\/\/www.sonoraenequipo.com.mx\/iniciaran-recorridos-navidenos-de-trolebus-este-viernes-1-de-diciembre\/\",\"name\":\"Sonora en Equipo. Iniciar\u00e1n recorridos navide\u00f1os de Troleb\u00fas este viernes 1 de diciembre Municipios\",\"isPartOf\":{\"@id\":\"https:\/\/www.sonoraenequipo.com.mx\/#website\"},\"primaryImageOfPage\":{\"@id\":\"https:\/\/www.sonoraenequipo.com.mx\/iniciaran-recorridos-navidenos-de-trolebus-este-viernes-1-de-diciembre\/#primaryimage\"},\"image\":{\"@id\":\"https:\/\/www.sonoraenequipo.com.mx\/iniciaran-recorridos-navidenos-de-trolebus-este-viernes-1-de-diciembre\/#primaryimage\"},\"thumbnailUrl\":\"https:\/\/www.sonoraenequipo.com.mx\/storage\/2023\/11\/Iniciaran-recorridos-navidenos-de-Trolebus-este-viernes-1-min.jpeg\",\"datePublished\":\"2023-11-30T19:10:26+00:00\",\"dateModified\":\"2023-12-01T02:09:29+00:00\",\"description\":\"HERMOSILLO, SONORA. MX. \u2014 La directora de Desarrollo Tur\u00edstico de Hermosillo, Fernanda Cisneros Rodr\u00edguez, anunci\u00f3 que iniciar\u00e1n con los recorridos En Sonora en Equipo publicamos toda la informaci\u00f3n de Sonora, M\u00e9xico y el Mundo de manera oportuna y busca que la libertad de expresi\u00f3n sea real. Visita nuestro medio informativo publicado desde Hermosillo, Sonora. %\",\"breadcrumb\":{\"@id\":\"https:\/\/www.sonoraenequipo.com.mx\/iniciaran-recorridos-navidenos-de-trolebus-este-viernes-1-de-diciembre\/#breadcrumb\"},\"inLanguage\":\"es\",\"potentialAction\":[{\"@type\":\"ReadAction\",\"target\":[\"https:\/\/www.sonoraenequipo.com.mx\/iniciaran-recorridos-navidenos-de-trolebus-este-viernes-1-de-diciembre\/\"]}]},{\"@type\":\"ImageObject\",\"inLanguage\":\"es\",\"@id\":\"https:\/\/www.sonoraenequipo.com.mx\/iniciaran-recorridos-navidenos-de-trolebus-este-viernes-1-de-diciembre\/#primaryimage\",\"url\":\"https:\/\/www.sonoraenequipo.com.mx\/storage\/2023\/11\/Iniciaran-recorridos-navidenos-de-Trolebus-este-viernes-1-min.jpeg\",\"contentUrl\":\"https:\/\/www.sonoraenequipo.com.mx\/storage\/2023\/11\/Iniciaran-recorridos-navidenos-de-Trolebus-este-viernes-1-min.jpeg\",\"width\":1282,\"height\":916},{\"@type\":\"BreadcrumbList\",\"@id\":\"https:\/\/www.sonoraenequipo.com.mx\/iniciaran-recorridos-navidenos-de-trolebus-este-viernes-1-de-diciembre\/#breadcrumb\",\"itemListElement\":[{\"@type\":\"ListItem\",\"position\":1,\"name\":\"Portada\",\"item\":\"https:\/\/www.sonoraenequipo.com.mx\/\"},{\"@type\":\"ListItem\",\"position\":2,\"name\":\"Iniciar\u00e1n recorridos navide\u00f1os de Troleb\u00fas este viernes 1 de diciembre\"}]},{\"@type\":\"WebSite\",\"@id\":\"https:\/\/www.sonoraenequipo.com.mx\/#website\",\"url\":\"https:\/\/www.sonoraenequipo.com.mx\/\",\"name\":\"Sonora en Equipo.\",\"description\":\"Diario en l\u00ednea con Noticias desde Hermosillo, Sonora\",\"publisher\":{\"@id\":\"https:\/\/www.sonoraenequipo.com.mx\/#organization\"},\"potentialAction\":[{\"@type\":\"SearchAction\",\"target\":{\"@type\":\"EntryPoint\",\"urlTemplate\":\"https:\/\/www.sonoraenequipo.com.mx\/?s={search_term_string}\"},\"query-input\":{\"@type\":\"PropertyValueSpecification\",\"valueRequired\":true,\"valueName\":\"search_term_string\"}}],\"inLanguage\":\"es\"},{\"@type\":\"Organization\",\"@id\":\"https:\/\/www.sonoraenequipo.com.mx\/#organization\",\"name\":\"Sonoraenequipo.com.mx\",\"url\":\"https:\/\/www.sonoraenequipo.com.mx\/\",\"logo\":{\"@type\":\"ImageObject\",\"inLanguage\":\"es\",\"@id\":\"https:\/\/www.sonoraenequipo.com.mx\/#\/schema\/logo\/image\/\",\"url\":\"https:\/\/www.sonoraenequipo.com.mx\/storage\/2019\/01\/sonoraenequipo_opt.png\",\"contentUrl\":\"https:\/\/www.sonoraenequipo.com.mx\/storage\/2019\/01\/sonoraenequipo_opt.png\",\"width\":375,\"height\":125,\"caption\":\"Sonoraenequipo.com.mx\"},\"image\":{\"@id\":\"https:\/\/www.sonoraenequipo.com.mx\/#\/schema\/logo\/image\/\"},\"sameAs\":[\"https:\/\/www.facebook.com\/SonoraEE\/\",\"https:\/\/x.com\/sonoraenequipo\",\"https:\/\/www.youtube.com\/channel\/UC338nW-lPEYmJQs4ZABQ1SQ\"]},{\"@type\":\"Person\",\"@id\":\"https:\/\/www.sonoraenequipo.com.mx\/#\/schema\/person\/50102df0fb23a8fa9e8effad8fa81386\",\"name\":\"enequipo\",\"image\":{\"@type\":\"ImageObject\",\"inLanguage\":\"es\",\"@id\":\"https:\/\/www.sonoraenequipo.com.mx\/#\/schema\/person\/image\/\",\"url\":\"https:\/\/secure.gravatar.com\/avatar\/049821681b589dabc0bc20695993ccebb09f5b5d4d790cd9251b97faac7c652b?s=96&d=blank&r=g\",\"contentUrl\":\"https:\/\/secure.gravatar.com\/avatar\/049821681b589dabc0bc20695993ccebb09f5b5d4d790cd9251b97faac7c652b?s=96&d=blank&r=g\",\"caption\":\"enequipo\"},\"sameAs\":[\"https:\/\/www.facebook.com\/SonoraEE\"]}]}<\/script>\n ","yoast_head_json":{"title":"Sonora en Equipo. Iniciar\u00e1n recorridos navide\u00f1os de Troleb\u00fas este viernes 1 de diciembre Municipios","description":"HERMOSILLO, SONORA. MX. \u2014 La directora de Desarrollo Tur\u00edstico de Hermosillo, Fernanda Cisneros Rodr\u00edguez, anunci\u00f3 que iniciar\u00e1n con los recorridos En Sonora en Equipo publicamos toda la informaci\u00f3n de Sonora, M\u00e9xico y el Mundo de manera oportuna y busca que la libertad de expresi\u00f3n sea real. Visita nuestro medio informativo publicado desde Hermosillo, Sonora. %","robots":{"index":"index","follow":"follow","max-snippet":"max-snippet:-1","max-image-preview":"max-image-preview:large","max-video-preview":"max-video-preview:-1"},"canonical":"https:\/\/www.sonoraenequipo.com.mx\/iniciaran-recorridos-navidenos-de-trolebus-este-viernes-1-de-diciembre\/","og_locale":"es_ES","og_type":"article","og_title":"Sonora en Equipo. Iniciar\u00e1n recorridos navide\u00f1os de Troleb\u00fas este viernes 1 de diciembre Municipios","og_description":"HERMOSILLO, SONORA. MX. \u2014 La directora de Desarrollo Tur\u00edstico de Hermosillo, Fernanda Cisneros Rodr\u00edguez, anunci\u00f3 que iniciar\u00e1n con los recorridos En Sonora en Equipo publicamos toda la informaci\u00f3n de Sonora, M\u00e9xico y el Mundo de manera oportuna y busca que la libertad de expresi\u00f3n sea real. Visita nuestro medio informativo publicado desde Hermosillo, Sonora. %","og_url":"https:\/\/www.sonoraenequipo.com.mx\/iniciaran-recorridos-navidenos-de-trolebus-este-viernes-1-de-diciembre\/","og_site_name":"Sonora en Equipo.","article_publisher":"https:\/\/www.facebook.com\/SonoraEE\/","article_author":"https:\/\/www.facebook.com\/SonoraEE","article_published_time":"2023-11-30T19:10:26+00:00","article_modified_time":"2023-12-01T02:09:29+00:00","og_image":[{"width":1282,"height":916,"url":"https:\/\/www.sonoraenequipo.com.mx\/storage\/2023\/11\/Iniciaran-recorridos-navidenos-de-Trolebus-este-viernes-1-min.jpeg","type":"image\/jpeg"}],"author":"enequipo","twitter_card":"summary_large_image","twitter_creator":"@sonoraenequipo","twitter_site":"@sonoraenequipo","twitter_misc":{"Escrito por":"enequipo","Tiempo de lectura":"2 minutos"},"schema":{"@context":"https:\/\/schema.org","@graph":[{"@type":"Article","@id":"https:\/\/www.sonoraenequipo.com.mx\/iniciaran-recorridos-navidenos-de-trolebus-este-viernes-1-de-diciembre\/#article","isPartOf":{"@id":"https:\/\/www.sonoraenequipo.com.mx\/iniciaran-recorridos-navidenos-de-trolebus-este-viernes-1-de-diciembre\/"},"author":{"name":"enequipo","@id":"https:\/\/www.sonoraenequipo.com.mx\/#\/schema\/person\/50102df0fb23a8fa9e8effad8fa81386"},"headline":"Iniciar\u00e1n recorridos navide\u00f1os de Troleb\u00fas este viernes 1 de diciembre","datePublished":"2023-11-30T19:10:26+00:00","dateModified":"2023-12-01T02:09:29+00:00","mainEntityOfPage":{"@id":"https:\/\/www.sonoraenequipo.com.mx\/iniciaran-recorridos-navidenos-de-trolebus-este-viernes-1-de-diciembre\/"},"wordCount":480,"commentCount":0,"publisher":{"@id":"https:\/\/www.sonoraenequipo.com.mx\/#organization"},"image":{"@id":"https:\/\/www.sonoraenequipo.com.mx\/iniciaran-recorridos-navidenos-de-trolebus-este-viernes-1-de-diciembre\/#primaryimage"},"thumbnailUrl":"https:\/\/www.sonoraenequipo.com.mx\/storage\/2023\/11\/Iniciaran-recorridos-navidenos-de-Trolebus-este-viernes-1-min.jpeg","articleSection":["Municipios"],"inLanguage":"es","potentialAction":[{"@type":"CommentAction","name":"Comment","target":["https:\/\/www.sonoraenequipo.com.mx\/iniciaran-recorridos-navidenos-de-trolebus-este-viernes-1-de-diciembre\/#respond"]}]},{"@type":"WebPage","@id":"https:\/\/www.sonoraenequipo.com.mx\/iniciaran-recorridos-navidenos-de-trolebus-este-viernes-1-de-diciembre\/","url":"https:\/\/www.sonoraenequipo.com.mx\/iniciaran-recorridos-navidenos-de-trolebus-este-viernes-1-de-diciembre\/","name":"Sonora en Equipo. Iniciar\u00e1n recorridos navide\u00f1os de Troleb\u00fas este viernes 1 de diciembre Municipios","isPartOf":{"@id":"https:\/\/www.sonoraenequipo.com.mx\/#website"},"primaryImageOfPage":{"@id":"https:\/\/www.sonoraenequipo.com.mx\/iniciaran-recorridos-navidenos-de-trolebus-este-viernes-1-de-diciembre\/#primaryimage"},"image":{"@id":"https:\/\/www.sonoraenequipo.com.mx\/iniciaran-recorridos-navidenos-de-trolebus-este-viernes-1-de-diciembre\/#primaryimage"},"thumbnailUrl":"https:\/\/www.sonoraenequipo.com.mx\/storage\/2023\/11\/Iniciaran-recorridos-navidenos-de-Trolebus-este-viernes-1-min.jpeg","datePublished":"2023-11-30T19:10:26+00:00","dateModified":"2023-12-01T02:09:29+00:00","description":"HERMOSILLO, SONORA. MX. \u2014 La directora de Desarrollo Tur\u00edstico de Hermosillo, Fernanda Cisneros Rodr\u00edguez, anunci\u00f3 que iniciar\u00e1n con los recorridos En Sonora en Equipo publicamos toda la informaci\u00f3n de Sonora, M\u00e9xico y el Mundo de manera oportuna y busca que la libertad de expresi\u00f3n sea real. Visita nuestro medio informativo publicado desde Hermosillo, Sonora. %","breadcrumb":{"@id":"https:\/\/www.sonoraenequipo.com.mx\/iniciaran-recorridos-navidenos-de-trolebus-este-viernes-1-de-diciembre\/#breadcrumb"},"inLanguage":"es","potentialAction":[{"@type":"ReadAction","target":["https:\/\/www.sonoraenequipo.com.mx\/iniciaran-recorridos-navidenos-de-trolebus-este-viernes-1-de-diciembre\/"]}]},{"@type":"ImageObject","inLanguage":"es","@id":"https:\/\/www.sonoraenequipo.com.mx\/iniciaran-recorridos-navidenos-de-trolebus-este-viernes-1-de-diciembre\/#primaryimage","url":"https:\/\/www.sonoraenequipo.com.mx\/storage\/2023\/11\/Iniciaran-recorridos-navidenos-de-Trolebus-este-viernes-1-min.jpeg","contentUrl":"https:\/\/www.sonoraenequipo.com.mx\/storage\/2023\/11\/Iniciaran-recorridos-navidenos-de-Trolebus-este-viernes-1-min.jpeg","width":1282,"height":916},{"@type":"BreadcrumbList","@id":"https:\/\/www.sonoraenequipo.com.mx\/iniciaran-recorridos-navidenos-de-trolebus-este-viernes-1-de-diciembre\/#breadcrumb","itemListElement":[{"@type":"ListItem","position":1,"name":"Portada","item":"https:\/\/www.sonoraenequipo.com.mx\/"},{"@type":"ListItem","position":2,"name":"Iniciar\u00e1n recorridos navide\u00f1os de Troleb\u00fas este viernes 1 de diciembre"}]},{"@type":"WebSite","@id":"https:\/\/www.sonoraenequipo.com.mx\/#website","url":"https:\/\/www.sonoraenequipo.com.mx\/","name":"Sonora en Equipo.","description":"Diario en l\u00ednea con Noticias desde Hermosillo, Sonora","publisher":{"@id":"https:\/\/www.sonoraenequipo.com.mx\/#organization"},"potentialAction":[{"@type":"SearchAction","target":{"@type":"EntryPoint","urlTemplate":"https:\/\/www.sonoraenequipo.com.mx\/?s={search_term_string}"},"query-input":{"@type":"PropertyValueSpecification","valueRequired":true,"valueName":"search_term_string"}}],"inLanguage":"es"},{"@type":"Organization","@id":"https:\/\/www.sonoraenequipo.com.mx\/#organization","name":"Sonoraenequipo.com.mx","url":"https:\/\/www.sonoraenequipo.com.mx\/","logo":{"@type":"ImageObject","inLanguage":"es","@id":"https:\/\/www.sonoraenequipo.com.mx\/#\/schema\/logo\/image\/","url":"https:\/\/www.sonoraenequipo.com.mx\/storage\/2019\/01\/sonoraenequipo_opt.png","contentUrl":"https:\/\/www.sonoraenequipo.com.mx\/storage\/2019\/01\/sonoraenequipo_opt.png","width":375,"height":125,"caption":"Sonoraenequipo.com.mx"},"image":{"@id":"https:\/\/www.sonoraenequipo.com.mx\/#\/schema\/logo\/image\/"},"sameAs":["https:\/\/www.facebook.com\/SonoraEE\/","https:\/\/x.com\/sonoraenequipo","https:\/\/www.youtube.com\/channel\/UC338nW-lPEYmJQs4ZABQ1SQ"]},{"@type":"Person","@id":"https:\/\/www.sonoraenequipo.com.mx\/#\/schema\/person\/50102df0fb23a8fa9e8effad8fa81386","name":"enequipo","image":{"@type":"ImageObject","inLanguage":"es","@id":"https:\/\/www.sonoraenequipo.com.mx\/#\/schema\/person\/image\/","url":"https:\/\/secure.gravatar.com\/avatar\/049821681b589dabc0bc20695993ccebb09f5b5d4d790cd9251b97faac7c652b?s=96&d=blank&r=g","contentUrl":"https:\/\/secure.gravatar.com\/avatar\/049821681b589dabc0bc20695993ccebb09f5b5d4d790cd9251b97faac7c652b?s=96&d=blank&r=g","caption":"enequipo"},"sameAs":["https:\/\/www.facebook.com\/SonoraEE"]}]}},"jetpack_featured_media_url":"https:\/\/www.sonoraenequipo.com.mx\/storage\/2023\/11\/Iniciaran-recorridos-navidenos-de-Trolebus-este-viernes-1-min.jpeg","_links":{"self":[{"href":"https:\/\/www.sonoraenequipo.com.mx\/api\/wp\/v2\/posts\/180197","targetHints":{"allow":["GET"]}}],"collection":[{"href":"https:\/\/www.sonoraenequipo.com.mx\/api\/wp\/v2\/posts"}],"about":[{"href":"https:\/\/www.sonoraenequipo.com.mx\/api\/wp\/v2\/types\/post"}],"author":[{"embeddable":true,"href":"https:\/\/www.sonoraenequipo.com.mx\/api\/wp\/v2\/users\/1"}],"replies":[{"embeddable":true,"href":"https:\/\/www.sonoraenequipo.com.mx\/api\/wp\/v2\/comments?post=180197"}],"version-history":[{"count":2,"href":"https:\/\/www.sonoraenequipo.com.mx\/api\/wp\/v2\/posts\/180197\/revisions"}],"predecessor-version":[{"id":180202,"href":"https:\/\/www.sonoraenequipo.com.mx\/api\/wp\/v2\/posts\/180197\/revisions\/180202"}],"wp:featuredmedia":[{"embeddable":true,"href":"https:\/\/www.sonoraenequipo.com.mx\/api\/wp\/v2\/media\/180199"}],"wp:attachment":[{"href":"https:\/\/www.sonoraenequipo.com.mx\/api\/wp\/v2\/media?parent=180197"}],"wp:term":[{"taxonomy":"category","embeddable":true,"href":"https:\/\/www.sonoraenequipo.com.mx\/api\/wp\/v2\/categories?post=180197"},{"taxonomy":"post_tag","embeddable":true,"href":"https:\/\/www.sonoraenequipo.com.mx\/api\/wp\/v2\/tags?post=180197"}],"curies":[{"name":"wp","href":"https:\/\/api.w.org\/{rel}","templated":true}]}}