{"id":180225,"date":"2023-11-30T09:20:44","date_gmt":"2023-11-30T16:20:44","guid":{"rendered":"https:\/\/www.sonoraenequipo.com.mx\/?p=180225"},"modified":"2023-12-01T10:52:23","modified_gmt":"2023-12-01T17:52:23","slug":"amlo-pide-a-segob-investigar-y-denunciar-irregularidades-en-el-inai","status":"publish","type":"post","link":"https:\/\/www.sonoraenequipo.com.mx\/amlo-pide-a-segob-investigar-y-denunciar-irregularidades-en-el-inai\/","title":{"rendered":"AMLO pide a Segob investigar y denunciar irregularidades en el Inai"},"content":{"rendered":"<p><strong>CIUDAD DE M\u00c9XICO.MX. \u2014<\/strong> Los organismos aut\u00f3nomos como el Inai (Instituto Nacional de Transparencia, Acceso a la Informaci\u00f3n y Protecci\u00f3n de Datos Personales) fueron creados para que no se pudieran vigilar, <em><strong>\u201cparece incre\u00edble, \u00bfno?\u201d<\/strong><\/em>, se\u00f1al\u00f3 el presidente Andr\u00e9s Manuel L\u00f3pez Obrador en el contexto de la revelaci\u00f3n de los gastos personales que realizan los comisionados con cargo a las tarjetas corporativas, es decir, al erario. Por ello, dijo, <strong><em>\u201cvamos a pedir a la secretaria de Gobernaci\u00f3n, a Luisa Mar\u00eda Alcalde, que haya una investigaci\u00f3n para que se presenten denuncias\u201d.<\/em><\/strong><\/p>\n<p>&nbsp;<\/p>\n<p>&nbsp;<\/p>\n<p>Al respecto, el primer mandatario explic\u00f3 que las dependencias del gobierno est\u00e1n sujetas a rendir cuentas: \u201c<strong><em>aqu\u00ed, nosotros, pues a la Funci\u00f3n P\u00fablica, desde luego a la Auditor\u00eda Superior de la Federaci\u00f3n, a la Fiscal\u00eda Anticorrupci\u00f3n, a la Fiscal\u00eda General, pero en el caso de estos organismos aut\u00f3nomos no est\u00e1 claro a qui\u00e9n tienen que rendirle cuenta o qui\u00e9n los puede fiscalizar\u201d.<\/em><\/strong><\/p>\n<p>&nbsp;<\/p>\n<p>En su conferencia desde Palacio Nacional, L\u00f3pez Obrador acus\u00f3 que tiene informaci\u00f3n que revelar\u00eda un desbarajuste en el Inai, donde son manejados 1 mil millones de pesos del erario nacional.<strong><em> \u201cY todo es para gasto corriente, ah\u00ed s\u00ed subrayado, corriente. Pero muchas denuncias sobre el mal manejo\u201d.<\/em><\/strong><\/p>\n<p>&nbsp;<\/p>\n<p>En ese contexto, indic\u00f3 que denunciar ya es bastante. \u201c<strong><em>A veces es m\u00e1s importante que presentar formalmente una denuncia, que por la situaci\u00f3n del influyentismo que todav\u00eda prevalece y las relaciones de complicidad que hay pues no se avanza, pero la denuncia p\u00fablica s\u00ed, cuando se tienen pruebas\u201d.<\/em><\/strong><\/p>\n<p>&nbsp;<\/p>\n<p>El primer mandatario expuso que los altos funcionarios del Instituto de la Nacional de Transparencia est\u00e1n muy vinculados y son protegidos por el bloque conservador desde su creaci\u00f3n. Agreg\u00f3 que la derecha fue la que impuls\u00f3 su creaci\u00f3n, al igual que otros organismos aut\u00f3nomos, con el objetivo de debilitar al gobierno legal y leg\u00edtimamente constituido, y que la oligarqu\u00eda gobernara el pa\u00eds.<\/p>\n<p>&nbsp;<\/p>\n<p>&nbsp;<\/p>\n<p><em><strong>\u201cCrearon un gobierno paralelo, una dualidad de poderes con todos estos organismos supuestamente aut\u00f3nomos, porque son aut\u00f3nomos, son independientes del pueblo, no de los oligarcas. Es un dise\u00f1o que se aplic\u00f3, se concibi\u00f3 y se aplic\u00f3 para proteger a minor\u00edas en el periodo neoliberal, tambi\u00e9n con el prop\u00f3sito de enga\u00f1ar de que iban a combatir la corrupci\u00f3n, de simular. Entonces, crearon estos organismos independientes con sueldos elevad\u00edsimos y entonces empezaron a escoger a acad\u00e9micos de pensamiento conservador, aliados para darles entrada, muy vinculados al PAN, casi todos. Que no conozco a nadie que haya salido de este instituto, que ya lleva desde la \u00e9poca de [Vicente] Fox, hacer una denuncia de todo este desbarajuste que existe; esto \u00faltimo que se acaba de dar a conocer, que pagaban con tarjetas oficiales sus gastos en bares, en restaurantes y con tarjetas oficiales. Y, en efecto, \u00bfqui\u00e9n vigila eso?, \u00bfqui\u00e9n sanciona?\u201d<\/strong><\/em><\/p>\n<p>&nbsp;<\/p>\n<p>&nbsp;<\/p>\n<p>Acerca del multimillonario presupuesto que se le destina al Inai, el presidente L\u00f3pez Obrador consider\u00f3 que \u201c<em><strong>esos 1 mil millones se deber\u00edan de utilizar para seguir otorgando becas a la gente, a los estudiantes de familias humildes, para el pueblo, para el bienestar de la gente, salud, educaci\u00f3n, seguridad, no estos aparatos que crearon que no tienen ninguna funci\u00f3n, porque existe la Secretar\u00eda de la Funci\u00f3n P\u00fablica, porque existe la fiscal\u00eda anticorrupci\u00f3n, porque existe la Auditor\u00eda Superior de la Federaci\u00f3n, que pertenece al Poder Legislativo; existe la Fiscal\u00eda General de la Rep\u00fablica, que es aut\u00f3noma. \u00bfPor qu\u00e9 otro organismo?\u201d<\/strong><\/em><\/p>\n<p>&nbsp;<\/p>\n<p>&nbsp;<\/p>\n<p>PUBLICADO EL 30 OVIEMBRE DE 2023\/ Con informaci\u00f3n de Conferencia matutina)<\/p>\n","protected":false},"excerpt":{"rendered":"<p>CIUDAD DE M\u00c9XICO.MX. \u2014 Los organismos aut\u00f3nomos como el Inai (Instituto Nacional de Transparencia, Acceso&#8230;<\/p>\n","protected":false},"author":1,"featured_media":180226,"comment_status":"open","ping_status":"open","sticky":false,"template":"","format":"standard","meta":{"_monsterinsights_skip_tracking":false,"_monsterinsights_sitenote_active":false,"_monsterinsights_sitenote_note":"","_monsterinsights_sitenote_category":0,"footnotes":""},"categories":[5],"tags":[],"class_list":["post"],"yoast_head":" \n<title>Sonora en Equipo. AMLO pide a Segob investigar y denunciar irregularidades en el Inai Rep\u00fablica<\/title>\n<meta name=\"description\" content=\"CIUDAD DE M\u00c9XICO.MX. \u2014 Los organismos aut\u00f3nomos como el Inai (Instituto Nacional de Transparencia, Acceso a la Informaci\u00f3n y Protecci\u00f3n de Datos En Sonora en Equipo publicamos toda la informaci\u00f3n de Sonora, M\u00e9xico y el Mundo de manera oportuna y busca que la libertad de expresi\u00f3n sea real. Visita nuestro medio informativo publicado desde Hermosillo, Sonora. %\" \/>\n<meta name=\"robots\" content=\"index, follow, max-snippet:-1, max-image-preview:large, max-video-preview:-1\" \/>\n<link rel=\"canonical\" href=\"https:\/\/www.sonoraenequipo.com.mx\/amlo-pide-a-segob-investigar-y-denunciar-irregularidades-en-el-inai\/\" \/>\n<meta property=\"og:locale\" content=\"es_ES\" \/>\n<meta property=\"og:type\" content=\"article\" \/>\n<meta property=\"og:title\" content=\"Sonora en Equipo. AMLO pide a Segob investigar y denunciar irregularidades en el Inai Rep\u00fablica\" \/>\n<meta property=\"og:description\" content=\"CIUDAD DE M\u00c9XICO.MX. \u2014 Los organismos aut\u00f3nomos como el Inai (Instituto Nacional de Transparencia, Acceso a la Informaci\u00f3n y Protecci\u00f3n de Datos En Sonora en Equipo publicamos toda la informaci\u00f3n de Sonora, M\u00e9xico y el Mundo de manera oportuna y busca que la libertad de expresi\u00f3n sea real. Visita nuestro medio informativo publicado desde Hermosillo, Sonora. %\" \/>\n<meta property=\"og:url\" content=\"https:\/\/www.sonoraenequipo.com.mx\/amlo-pide-a-segob-investigar-y-denunciar-irregularidades-en-el-inai\/\" \/>\n<meta property=\"og:site_name\" content=\"Sonora en Equipo.\" \/>\n<meta property=\"article:publisher\" content=\"https:\/\/www.facebook.com\/SonoraEE\/\" \/>\n<meta property=\"article:author\" content=\"https:\/\/www.facebook.com\/SonoraEE\" \/>\n<meta property=\"article:published_time\" content=\"2023-11-30T16:20:44+00:00\" \/>\n<meta property=\"article:modified_time\" content=\"2023-12-01T17:52:23+00:00\" \/>\n<meta property=\"og:image\" content=\"https:\/\/www.sonoraenequipo.com.mx\/storage\/2023\/12\/Conferencia-amlo-min-1.jpg\" \/>\n\t<meta property=\"og:image:width\" content=\"900\" \/>\n\t<meta property=\"og:image:height\" content=\"445\" \/>\n\t<meta property=\"og:image:type\" content=\"image\/jpeg\" \/>\n<meta name=\"author\" content=\"enequipo\" \/>\n<meta name=\"twitter:card\" content=\"summary_large_image\" \/>\n<meta name=\"twitter:creator\" content=\"@sonoraenequipo\" \/>\n<meta name=\"twitter:site\" content=\"@sonoraenequipo\" \/>\n<meta name=\"twitter:label1\" content=\"Escrito por\" \/>\n\t<meta name=\"twitter:data1\" content=\"enequipo\" \/>\n\t<meta name=\"twitter:label2\" content=\"Tiempo de lectura\" \/>\n\t<meta name=\"twitter:data2\" content=\"3 minutos\" \/>\n<script type=\"application\/ld+json\" class=\"yoast-schema-graph\">{\"@context\":\"https:\/\/schema.org\",\"@graph\":[{\"@type\":\"Article\",\"@id\":\"https:\/\/www.sonoraenequipo.com.mx\/amlo-pide-a-segob-investigar-y-denunciar-irregularidades-en-el-inai\/#article\",\"isPartOf\":{\"@id\":\"https:\/\/www.sonoraenequipo.com.mx\/amlo-pide-a-segob-investigar-y-denunciar-irregularidades-en-el-inai\/\"},\"author\":{\"name\":\"enequipo\",\"@id\":\"https:\/\/www.sonoraenequipo.com.mx\/#\/schema\/person\/50102df0fb23a8fa9e8effad8fa81386\"},\"headline\":\"AMLO pide a Segob investigar y denunciar irregularidades en el Inai\",\"datePublished\":\"2023-11-30T16:20:44+00:00\",\"dateModified\":\"2023-12-01T17:52:23+00:00\",\"mainEntityOfPage\":{\"@id\":\"https:\/\/www.sonoraenequipo.com.mx\/amlo-pide-a-segob-investigar-y-denunciar-irregularidades-en-el-inai\/\"},\"wordCount\":648,\"commentCount\":0,\"publisher\":{\"@id\":\"https:\/\/www.sonoraenequipo.com.mx\/#organization\"},\"image\":{\"@id\":\"https:\/\/www.sonoraenequipo.com.mx\/amlo-pide-a-segob-investigar-y-denunciar-irregularidades-en-el-inai\/#primaryimage\"},\"thumbnailUrl\":\"https:\/\/www.sonoraenequipo.com.mx\/storage\/2023\/12\/Conferencia-amlo-min-1.jpg\",\"articleSection\":[\"Rep\u00fablica\"],\"inLanguage\":\"es\",\"potentialAction\":[{\"@type\":\"CommentAction\",\"name\":\"Comment\",\"target\":[\"https:\/\/www.sonoraenequipo.com.mx\/amlo-pide-a-segob-investigar-y-denunciar-irregularidades-en-el-inai\/#respond\"]}]},{\"@type\":\"WebPage\",\"@id\":\"https:\/\/www.sonoraenequipo.com.mx\/amlo-pide-a-segob-investigar-y-denunciar-irregularidades-en-el-inai\/\",\"url\":\"https:\/\/www.sonoraenequipo.com.mx\/amlo-pide-a-segob-investigar-y-denunciar-irregularidades-en-el-inai\/\",\"name\":\"Sonora en Equipo. AMLO pide a Segob investigar y denunciar irregularidades en el Inai Rep\u00fablica\",\"isPartOf\":{\"@id\":\"https:\/\/www.sonoraenequipo.com.mx\/#website\"},\"primaryImageOfPage\":{\"@id\":\"https:\/\/www.sonoraenequipo.com.mx\/amlo-pide-a-segob-investigar-y-denunciar-irregularidades-en-el-inai\/#primaryimage\"},\"image\":{\"@id\":\"https:\/\/www.sonoraenequipo.com.mx\/amlo-pide-a-segob-investigar-y-denunciar-irregularidades-en-el-inai\/#primaryimage\"},\"thumbnailUrl\":\"https:\/\/www.sonoraenequipo.com.mx\/storage\/2023\/12\/Conferencia-amlo-min-1.jpg\",\"datePublished\":\"2023-11-30T16:20:44+00:00\",\"dateModified\":\"2023-12-01T17:52:23+00:00\",\"description\":\"CIUDAD DE M\u00c9XICO.MX. \u2014 Los organismos aut\u00f3nomos como el Inai (Instituto Nacional de Transparencia, Acceso a la Informaci\u00f3n y Protecci\u00f3n de Datos En Sonora en Equipo publicamos toda la informaci\u00f3n de Sonora, M\u00e9xico y el Mundo de manera oportuna y busca que la libertad de expresi\u00f3n sea real. Visita nuestro medio informativo publicado desde Hermosillo, Sonora. %\",\"breadcrumb\":{\"@id\":\"https:\/\/www.sonoraenequipo.com.mx\/amlo-pide-a-segob-investigar-y-denunciar-irregularidades-en-el-inai\/#breadcrumb\"},\"inLanguage\":\"es\",\"potentialAction\":[{\"@type\":\"ReadAction\",\"target\":[\"https:\/\/www.sonoraenequipo.com.mx\/amlo-pide-a-segob-investigar-y-denunciar-irregularidades-en-el-inai\/\"]}]},{\"@type\":\"ImageObject\",\"inLanguage\":\"es\",\"@id\":\"https:\/\/www.sonoraenequipo.com.mx\/amlo-pide-a-segob-investigar-y-denunciar-irregularidades-en-el-inai\/#primaryimage\",\"url\":\"https:\/\/www.sonoraenequipo.com.mx\/storage\/2023\/12\/Conferencia-amlo-min-1.jpg\",\"contentUrl\":\"https:\/\/www.sonoraenequipo.com.mx\/storage\/2023\/12\/Conferencia-amlo-min-1.jpg\",\"width\":900,\"height\":445},{\"@type\":\"BreadcrumbList\",\"@id\":\"https:\/\/www.sonoraenequipo.com.mx\/amlo-pide-a-segob-investigar-y-denunciar-irregularidades-en-el-inai\/#breadcrumb\",\"itemListElement\":[{\"@type\":\"ListItem\",\"position\":1,\"name\":\"Portada\",\"item\":\"https:\/\/www.sonoraenequipo.com.mx\/\"},{\"@type\":\"ListItem\",\"position\":2,\"name\":\"AMLO pide a Segob investigar y denunciar irregularidades en el Inai\"}]},{\"@type\":\"WebSite\",\"@id\":\"https:\/\/www.sonoraenequipo.com.mx\/#website\",\"url\":\"https:\/\/www.sonoraenequipo.com.mx\/\",\"name\":\"Sonora en Equipo.\",\"description\":\"Diario en l\u00ednea con Noticias desde Hermosillo, Sonora\",\"publisher\":{\"@id\":\"https:\/\/www.sonoraenequipo.com.mx\/#organization\"},\"potentialAction\":[{\"@type\":\"SearchAction\",\"target\":{\"@type\":\"EntryPoint\",\"urlTemplate\":\"https:\/\/www.sonoraenequipo.com.mx\/?s={search_term_string}\"},\"query-input\":{\"@type\":\"PropertyValueSpecification\",\"valueRequired\":true,\"valueName\":\"search_term_string\"}}],\"inLanguage\":\"es\"},{\"@type\":\"Organization\",\"@id\":\"https:\/\/www.sonoraenequipo.com.mx\/#organization\",\"name\":\"Sonoraenequipo.com.mx\",\"url\":\"https:\/\/www.sonoraenequipo.com.mx\/\",\"logo\":{\"@type\":\"ImageObject\",\"inLanguage\":\"es\",\"@id\":\"https:\/\/www.sonoraenequipo.com.mx\/#\/schema\/logo\/image\/\",\"url\":\"https:\/\/www.sonoraenequipo.com.mx\/storage\/2019\/01\/sonoraenequipo_opt.png\",\"contentUrl\":\"https:\/\/www.sonoraenequipo.com.mx\/storage\/2019\/01\/sonoraenequipo_opt.png\",\"width\":375,\"height\":125,\"caption\":\"Sonoraenequipo.com.mx\"},\"image\":{\"@id\":\"https:\/\/www.sonoraenequipo.com.mx\/#\/schema\/logo\/image\/\"},\"sameAs\":[\"https:\/\/www.facebook.com\/SonoraEE\/\",\"https:\/\/x.com\/sonoraenequipo\",\"https:\/\/www.youtube.com\/channel\/UC338nW-lPEYmJQs4ZABQ1SQ\"]},{\"@type\":\"Person\",\"@id\":\"https:\/\/www.sonoraenequipo.com.mx\/#\/schema\/person\/50102df0fb23a8fa9e8effad8fa81386\",\"name\":\"enequipo\",\"image\":{\"@type\":\"ImageObject\",\"inLanguage\":\"es\",\"@id\":\"https:\/\/www.sonoraenequipo.com.mx\/#\/schema\/person\/image\/\",\"url\":\"https:\/\/secure.gravatar.com\/avatar\/049821681b589dabc0bc20695993ccebb09f5b5d4d790cd9251b97faac7c652b?s=96&d=blank&r=g\",\"contentUrl\":\"https:\/\/secure.gravatar.com\/avatar\/049821681b589dabc0bc20695993ccebb09f5b5d4d790cd9251b97faac7c652b?s=96&d=blank&r=g\",\"caption\":\"enequipo\"},\"sameAs\":[\"https:\/\/www.facebook.com\/SonoraEE\"]}]}<\/script>\n ","yoast_head_json":{"title":"Sonora en Equipo. AMLO pide a Segob investigar y denunciar irregularidades en el Inai Rep\u00fablica","description":"CIUDAD DE M\u00c9XICO.MX. \u2014 Los organismos aut\u00f3nomos como el Inai (Instituto Nacional de Transparencia, Acceso a la Informaci\u00f3n y Protecci\u00f3n de Datos En Sonora en Equipo publicamos toda la informaci\u00f3n de Sonora, M\u00e9xico y el Mundo de manera oportuna y busca que la libertad de expresi\u00f3n sea real. Visita nuestro medio informativo publicado desde Hermosillo, Sonora. %","robots":{"index":"index","follow":"follow","max-snippet":"max-snippet:-1","max-image-preview":"max-image-preview:large","max-video-preview":"max-video-preview:-1"},"canonical":"https:\/\/www.sonoraenequipo.com.mx\/amlo-pide-a-segob-investigar-y-denunciar-irregularidades-en-el-inai\/","og_locale":"es_ES","og_type":"article","og_title":"Sonora en Equipo. AMLO pide a Segob investigar y denunciar irregularidades en el Inai Rep\u00fablica","og_description":"CIUDAD DE M\u00c9XICO.MX. \u2014 Los organismos aut\u00f3nomos como el Inai (Instituto Nacional de Transparencia, Acceso a la Informaci\u00f3n y Protecci\u00f3n de Datos En Sonora en Equipo publicamos toda la informaci\u00f3n de Sonora, M\u00e9xico y el Mundo de manera oportuna y busca que la libertad de expresi\u00f3n sea real. Visita nuestro medio informativo publicado desde Hermosillo, Sonora. %","og_url":"https:\/\/www.sonoraenequipo.com.mx\/amlo-pide-a-segob-investigar-y-denunciar-irregularidades-en-el-inai\/","og_site_name":"Sonora en Equipo.","article_publisher":"https:\/\/www.facebook.com\/SonoraEE\/","article_author":"https:\/\/www.facebook.com\/SonoraEE","article_published_time":"2023-11-30T16:20:44+00:00","article_modified_time":"2023-12-01T17:52:23+00:00","og_image":[{"width":900,"height":445,"url":"https:\/\/www.sonoraenequipo.com.mx\/storage\/2023\/12\/Conferencia-amlo-min-1.jpg","type":"image\/jpeg"}],"author":"enequipo","twitter_card":"summary_large_image","twitter_creator":"@sonoraenequipo","twitter_site":"@sonoraenequipo","twitter_misc":{"Escrito por":"enequipo","Tiempo de lectura":"3 minutos"},"schema":{"@context":"https:\/\/schema.org","@graph":[{"@type":"Article","@id":"https:\/\/www.sonoraenequipo.com.mx\/amlo-pide-a-segob-investigar-y-denunciar-irregularidades-en-el-inai\/#article","isPartOf":{"@id":"https:\/\/www.sonoraenequipo.com.mx\/amlo-pide-a-segob-investigar-y-denunciar-irregularidades-en-el-inai\/"},"author":{"name":"enequipo","@id":"https:\/\/www.sonoraenequipo.com.mx\/#\/schema\/person\/50102df0fb23a8fa9e8effad8fa81386"},"headline":"AMLO pide a Segob investigar y denunciar irregularidades en el Inai","datePublished":"2023-11-30T16:20:44+00:00","dateModified":"2023-12-01T17:52:23+00:00","mainEntityOfPage":{"@id":"https:\/\/www.sonoraenequipo.com.mx\/amlo-pide-a-segob-investigar-y-denunciar-irregularidades-en-el-inai\/"},"wordCount":648,"commentCount":0,"publisher":{"@id":"https:\/\/www.sonoraenequipo.com.mx\/#organization"},"image":{"@id":"https:\/\/www.sonoraenequipo.com.mx\/amlo-pide-a-segob-investigar-y-denunciar-irregularidades-en-el-inai\/#primaryimage"},"thumbnailUrl":"https:\/\/www.sonoraenequipo.com.mx\/storage\/2023\/12\/Conferencia-amlo-min-1.jpg","articleSection":["Rep\u00fablica"],"inLanguage":"es","potentialAction":[{"@type":"CommentAction","name":"Comment","target":["https:\/\/www.sonoraenequipo.com.mx\/amlo-pide-a-segob-investigar-y-denunciar-irregularidades-en-el-inai\/#respond"]}]},{"@type":"WebPage","@id":"https:\/\/www.sonoraenequipo.com.mx\/amlo-pide-a-segob-investigar-y-denunciar-irregularidades-en-el-inai\/","url":"https:\/\/www.sonoraenequipo.com.mx\/amlo-pide-a-segob-investigar-y-denunciar-irregularidades-en-el-inai\/","name":"Sonora en Equipo. AMLO pide a Segob investigar y denunciar irregularidades en el Inai Rep\u00fablica","isPartOf":{"@id":"https:\/\/www.sonoraenequipo.com.mx\/#website"},"primaryImageOfPage":{"@id":"https:\/\/www.sonoraenequipo.com.mx\/amlo-pide-a-segob-investigar-y-denunciar-irregularidades-en-el-inai\/#primaryimage"},"image":{"@id":"https:\/\/www.sonoraenequipo.com.mx\/amlo-pide-a-segob-investigar-y-denunciar-irregularidades-en-el-inai\/#primaryimage"},"thumbnailUrl":"https:\/\/www.sonoraenequipo.com.mx\/storage\/2023\/12\/Conferencia-amlo-min-1.jpg","datePublished":"2023-11-30T16:20:44+00:00","dateModified":"2023-12-01T17:52:23+00:00","description":"CIUDAD DE M\u00c9XICO.MX. \u2014 Los organismos aut\u00f3nomos como el Inai (Instituto Nacional de Transparencia, Acceso a la Informaci\u00f3n y Protecci\u00f3n de Datos En Sonora en Equipo publicamos toda la informaci\u00f3n de Sonora, M\u00e9xico y el Mundo de manera oportuna y busca que la libertad de expresi\u00f3n sea real. Visita nuestro medio informativo publicado desde Hermosillo, Sonora. %","breadcrumb":{"@id":"https:\/\/www.sonoraenequipo.com.mx\/amlo-pide-a-segob-investigar-y-denunciar-irregularidades-en-el-inai\/#breadcrumb"},"inLanguage":"es","potentialAction":[{"@type":"ReadAction","target":["https:\/\/www.sonoraenequipo.com.mx\/amlo-pide-a-segob-investigar-y-denunciar-irregularidades-en-el-inai\/"]}]},{"@type":"ImageObject","inLanguage":"es","@id":"https:\/\/www.sonoraenequipo.com.mx\/amlo-pide-a-segob-investigar-y-denunciar-irregularidades-en-el-inai\/#primaryimage","url":"https:\/\/www.sonoraenequipo.com.mx\/storage\/2023\/12\/Conferencia-amlo-min-1.jpg","contentUrl":"https:\/\/www.sonoraenequipo.com.mx\/storage\/2023\/12\/Conferencia-amlo-min-1.jpg","width":900,"height":445},{"@type":"BreadcrumbList","@id":"https:\/\/www.sonoraenequipo.com.mx\/amlo-pide-a-segob-investigar-y-denunciar-irregularidades-en-el-inai\/#breadcrumb","itemListElement":[{"@type":"ListItem","position":1,"name":"Portada","item":"https:\/\/www.sonoraenequipo.com.mx\/"},{"@type":"ListItem","position":2,"name":"AMLO pide a Segob investigar y denunciar irregularidades en el Inai"}]},{"@type":"WebSite","@id":"https:\/\/www.sonoraenequipo.com.mx\/#website","url":"https:\/\/www.sonoraenequipo.com.mx\/","name":"Sonora en Equipo.","description":"Diario en l\u00ednea con Noticias desde Hermosillo, Sonora","publisher":{"@id":"https:\/\/www.sonoraenequipo.com.mx\/#organization"},"potentialAction":[{"@type":"SearchAction","target":{"@type":"EntryPoint","urlTemplate":"https:\/\/www.sonoraenequipo.com.mx\/?s={search_term_string}"},"query-input":{"@type":"PropertyValueSpecification","valueRequired":true,"valueName":"search_term_string"}}],"inLanguage":"es"},{"@type":"Organization","@id":"https:\/\/www.sonoraenequipo.com.mx\/#organization","name":"Sonoraenequipo.com.mx","url":"https:\/\/www.sonoraenequipo.com.mx\/","logo":{"@type":"ImageObject","inLanguage":"es","@id":"https:\/\/www.sonoraenequipo.com.mx\/#\/schema\/logo\/image\/","url":"https:\/\/www.sonoraenequipo.com.mx\/storage\/2019\/01\/sonoraenequipo_opt.png","contentUrl":"https:\/\/www.sonoraenequipo.com.mx\/storage\/2019\/01\/sonoraenequipo_opt.png","width":375,"height":125,"caption":"Sonoraenequipo.com.mx"},"image":{"@id":"https:\/\/www.sonoraenequipo.com.mx\/#\/schema\/logo\/image\/"},"sameAs":["https:\/\/www.facebook.com\/SonoraEE\/","https:\/\/x.com\/sonoraenequipo","https:\/\/www.youtube.com\/channel\/UC338nW-lPEYmJQs4ZABQ1SQ"]},{"@type":"Person","@id":"https:\/\/www.sonoraenequipo.com.mx\/#\/schema\/person\/50102df0fb23a8fa9e8effad8fa81386","name":"enequipo","image":{"@type":"ImageObject","inLanguage":"es","@id":"https:\/\/www.sonoraenequipo.com.mx\/#\/schema\/person\/image\/","url":"https:\/\/secure.gravatar.com\/avatar\/049821681b589dabc0bc20695993ccebb09f5b5d4d790cd9251b97faac7c652b?s=96&d=blank&r=g","contentUrl":"https:\/\/secure.gravatar.com\/avatar\/049821681b589dabc0bc20695993ccebb09f5b5d4d790cd9251b97faac7c652b?s=96&d=blank&r=g","caption":"enequipo"},"sameAs":["https:\/\/www.facebook.com\/SonoraEE"]}]}},"jetpack_featured_media_url":"https:\/\/www.sonoraenequipo.com.mx\/storage\/2023\/12\/Conferencia-amlo-min-1.jpg","_links":{"self":[{"href":"https:\/\/www.sonoraenequipo.com.mx\/api\/wp\/v2\/posts\/180225","targetHints":{"allow":["GET"]}}],"collection":[{"href":"https:\/\/www.sonoraenequipo.com.mx\/api\/wp\/v2\/posts"}],"about":[{"href":"https:\/\/www.sonoraenequipo.com.mx\/api\/wp\/v2\/types\/post"}],"author":[{"embeddable":true,"href":"https:\/\/www.sonoraenequipo.com.mx\/api\/wp\/v2\/users\/1"}],"replies":[{"embeddable":true,"href":"https:\/\/www.sonoraenequipo.com.mx\/api\/wp\/v2\/comments?post=180225"}],"version-history":[{"count":1,"href":"https:\/\/www.sonoraenequipo.com.mx\/api\/wp\/v2\/posts\/180225\/revisions"}],"predecessor-version":[{"id":180228,"href":"https:\/\/www.sonoraenequipo.com.mx\/api\/wp\/v2\/posts\/180225\/revisions\/180228"}],"wp:featuredmedia":[{"embeddable":true,"href":"https:\/\/www.sonoraenequipo.com.mx\/api\/wp\/v2\/media\/180226"}],"wp:attachment":[{"href":"https:\/\/www.sonoraenequipo.com.mx\/api\/wp\/v2\/media?parent=180225"}],"wp:term":[{"taxonomy":"category","embeddable":true,"href":"https:\/\/www.sonoraenequipo.com.mx\/api\/wp\/v2\/categories?post=180225"},{"taxonomy":"post_tag","embeddable":true,"href":"https:\/\/www.sonoraenequipo.com.mx\/api\/wp\/v2\/tags?post=180225"}],"curies":[{"name":"wp","href":"https:\/\/api.w.org\/{rel}","templated":true}]}}