{"id":180236,"date":"2023-11-30T08:38:16","date_gmt":"2023-11-30T15:38:16","guid":{"rendered":"https:\/\/www.sonoraenequipo.com.mx\/?p=180236"},"modified":"2023-12-01T12:07:36","modified_gmt":"2023-12-01T19:07:36","slug":"ine-ordena-a-xochitl-galvez-modificar-su-propaganda","status":"publish","type":"post","link":"https:\/\/www.sonoraenequipo.com.mx\/ine-ordena-a-xochitl-galvez-modificar-su-propaganda\/","title":{"rendered":"INE ordena a X\u00f3chitl G\u00e1lvez modificar su propaganda"},"content":{"rendered":"<p><strong>CIUDAD DE M\u00c9XICO. MX.<\/strong> \u2014 La Comisi\u00f3n de Quejas y Denuncias del Instituto Nacional Electoral (INE) emiti\u00f3 una orden a X\u00f3chitl G\u00e1lvez, precandidata \u00fanica de la coalici\u00f3n <strong>\u00abFuerza y Coraz\u00f3n por M\u00e9xico\u00bb<\/strong> a la presidencia de la Rep\u00fablica, para que modifique un espectacular y diversas publicaciones que carecen de la especificaci\u00f3n de su calidad de precandidata.<\/p>\n<p>&nbsp;<\/p>\n<p> <\/p>\n<p>&nbsp;<\/p>\n<p>La denuncia fue presentada por el diputado de Movimiento Ciudadano, Jorge \u00c1lvarez M\u00e1ynez, quien se\u00f1al\u00f3 que la propaganda de G\u00e1lvez Ruiz no precisaba su car\u00e1cter de precandidata y conten\u00eda propuestas de campa\u00f1a. La Comisi\u00f3n neg\u00f3 el retiro de un espectacular en el segundo piso del Perif\u00e9rico de la Ciudad de M\u00e9xico, argumentando que se trataba de actos consumados de manera irreparable al no encontrarse visible.<\/p>\n<p>&nbsp;<\/p>\n<p>&nbsp;<\/p>\n<p>Sin embargo, se otorgaron medidas cautelares para un segundo espectacular y los promocionales denunciados en YouTube, ya que no especificaban claramente la calidad de la precandidatura que se promov\u00eda.<\/p>\n<p>&nbsp;<\/p>\n<p>&nbsp;<\/p>\n<p>La orden establece que el PAN y X\u00f3chitl G\u00e1lvez deben sustituir o modificar, en un plazo no mayor a seis horas, el contenido del anuncio espectacular denunciado y de los videos publicados en el canal de YouTube de Acci\u00f3n Nacional.<\/p>\n<p>&nbsp;<\/p>\n<p>&nbsp;<\/p>\n<p>En otro aspecto, la Comisi\u00f3n atendi\u00f3 la denuncia de Rafael Lec\u00f3n Dom\u00ednguez sobre la difusi\u00f3n de los spots de radio y televisi\u00f3n de X\u00f3chitl G\u00e1lvez, as\u00ed como su posterior divulgaci\u00f3n en redes sociales X y YouTube. La Comisi\u00f3n concluy\u00f3 que estos materiales no cumplen con el requisito establecido en la Ley General de Instituciones y Procedimientos Electorales (LGIPE), al no mencionar claramente la calidad de precandidata de G\u00e1lvez Ruiz en aspectos visuales y auditivos.<\/p>\n<p>&nbsp;<\/p>\n<p>&nbsp;<\/p>\n<p>Por lo tanto, se orden\u00f3 a los partidos reemplazar estos materiales en un plazo m\u00e1ximo de seis horas, y las concesionarias de televisi\u00f3n y radio deben suspender su transmisi\u00f3n en un plazo m\u00e1ximo de 12 horas. Tambi\u00e9n se instruy\u00f3 retirar una publicaci\u00f3n en la red social X y cualquier otra plataforma administrada por G\u00e1lvez Ruiz en un plazo de seis horas.<\/p>\n<p>&nbsp;<\/p>\n<p>&nbsp;<\/p>\n<p>PUBLICADO EL 30 OVIEMBRE DE 2023\/ INE\/EE)<\/p>\n","protected":false},"excerpt":{"rendered":"<p>CIUDAD DE M\u00c9XICO. MX. \u2014 La Comisi\u00f3n de Quejas y Denuncias del Instituto Nacional Electoral&#8230;<\/p>\n","protected":false},"author":1,"featured_media":180237,"comment_status":"open","ping_status":"open","sticky":false,"template":"","format":"standard","meta":{"_monsterinsights_skip_tracking":false,"_monsterinsights_sitenote_active":false,"_monsterinsights_sitenote_note":"","_monsterinsights_sitenote_category":0,"footnotes":""},"categories":[5],"tags":[],"class_list":["post"],"yoast_head":" \n<title>Sonora en Equipo. INE ordena a X\u00f3chitl G\u00e1lvez modificar su propaganda Rep\u00fablica<\/title>\n<meta name=\"description\" content=\"CIUDAD DE M\u00c9XICO. MX. \u2014 La Comisi\u00f3n de Quejas y Denuncias del Instituto Nacional Electoral (INE) emiti\u00f3 una orden a X\u00f3chitl G\u00e1lvez, precandidata \u00fanica de En Sonora en Equipo publicamos toda la informaci\u00f3n de Sonora, M\u00e9xico y el Mundo de manera oportuna y busca que la libertad de expresi\u00f3n sea real. Visita nuestro medio informativo publicado desde Hermosillo, Sonora. %\" \/>\n<meta name=\"robots\" content=\"index, follow, max-snippet:-1, max-image-preview:large, max-video-preview:-1\" \/>\n<link rel=\"canonical\" href=\"https:\/\/www.sonoraenequipo.com.mx\/ine-ordena-a-xochitl-galvez-modificar-su-propaganda\/\" \/>\n<meta property=\"og:locale\" content=\"es_ES\" \/>\n<meta property=\"og:type\" content=\"article\" \/>\n<meta property=\"og:title\" content=\"Sonora en Equipo. INE ordena a X\u00f3chitl G\u00e1lvez modificar su propaganda Rep\u00fablica\" \/>\n<meta property=\"og:description\" content=\"CIUDAD DE M\u00c9XICO. MX. \u2014 La Comisi\u00f3n de Quejas y Denuncias del Instituto Nacional Electoral (INE) emiti\u00f3 una orden a X\u00f3chitl G\u00e1lvez, precandidata \u00fanica de En Sonora en Equipo publicamos toda la informaci\u00f3n de Sonora, M\u00e9xico y el Mundo de manera oportuna y busca que la libertad de expresi\u00f3n sea real. Visita nuestro medio informativo publicado desde Hermosillo, Sonora. %\" \/>\n<meta property=\"og:url\" content=\"https:\/\/www.sonoraenequipo.com.mx\/ine-ordena-a-xochitl-galvez-modificar-su-propaganda\/\" \/>\n<meta property=\"og:site_name\" content=\"Sonora en Equipo.\" \/>\n<meta property=\"article:publisher\" content=\"https:\/\/www.facebook.com\/SonoraEE\/\" \/>\n<meta property=\"article:author\" content=\"https:\/\/www.facebook.com\/SonoraEE\" \/>\n<meta property=\"article:published_time\" content=\"2023-11-30T15:38:16+00:00\" \/>\n<meta property=\"article:modified_time\" content=\"2023-12-01T19:07:36+00:00\" \/>\n<meta property=\"og:image\" content=\"https:\/\/www.sonoraenequipo.com.mx\/storage\/2023\/12\/INE-ordena-retirar-anuncio-de-bertha-X-min-1.jpg\" \/>\n\t<meta property=\"og:image:width\" content=\"900\" \/>\n\t<meta property=\"og:image:height\" content=\"434\" \/>\n\t<meta property=\"og:image:type\" content=\"image\/jpeg\" \/>\n<meta name=\"author\" content=\"enequipo\" \/>\n<meta name=\"twitter:card\" content=\"summary_large_image\" \/>\n<meta name=\"twitter:creator\" content=\"@sonoraenequipo\" \/>\n<meta name=\"twitter:site\" content=\"@sonoraenequipo\" \/>\n<meta name=\"twitter:label1\" content=\"Escrito por\" \/>\n\t<meta name=\"twitter:data1\" content=\"enequipo\" \/>\n\t<meta name=\"twitter:label2\" content=\"Tiempo de lectura\" \/>\n\t<meta name=\"twitter:data2\" content=\"2 minutos\" \/>\n<script type=\"application\/ld+json\" class=\"yoast-schema-graph\">{\"@context\":\"https:\/\/schema.org\",\"@graph\":[{\"@type\":\"Article\",\"@id\":\"https:\/\/www.sonoraenequipo.com.mx\/ine-ordena-a-xochitl-galvez-modificar-su-propaganda\/#article\",\"isPartOf\":{\"@id\":\"https:\/\/www.sonoraenequipo.com.mx\/ine-ordena-a-xochitl-galvez-modificar-su-propaganda\/\"},\"author\":{\"name\":\"enequipo\",\"@id\":\"https:\/\/www.sonoraenequipo.com.mx\/#\/schema\/person\/50102df0fb23a8fa9e8effad8fa81386\"},\"headline\":\"INE ordena a X\u00f3chitl G\u00e1lvez modificar su propaganda\",\"datePublished\":\"2023-11-30T15:38:16+00:00\",\"dateModified\":\"2023-12-01T19:07:36+00:00\",\"mainEntityOfPage\":{\"@id\":\"https:\/\/www.sonoraenequipo.com.mx\/ine-ordena-a-xochitl-galvez-modificar-su-propaganda\/\"},\"wordCount\":390,\"commentCount\":0,\"publisher\":{\"@id\":\"https:\/\/www.sonoraenequipo.com.mx\/#organization\"},\"image\":{\"@id\":\"https:\/\/www.sonoraenequipo.com.mx\/ine-ordena-a-xochitl-galvez-modificar-su-propaganda\/#primaryimage\"},\"thumbnailUrl\":\"https:\/\/www.sonoraenequipo.com.mx\/storage\/2023\/12\/INE-ordena-retirar-anuncio-de-bertha-X-min-1.jpg\",\"articleSection\":[\"Rep\u00fablica\"],\"inLanguage\":\"es\",\"potentialAction\":[{\"@type\":\"CommentAction\",\"name\":\"Comment\",\"target\":[\"https:\/\/www.sonoraenequipo.com.mx\/ine-ordena-a-xochitl-galvez-modificar-su-propaganda\/#respond\"]}]},{\"@type\":\"WebPage\",\"@id\":\"https:\/\/www.sonoraenequipo.com.mx\/ine-ordena-a-xochitl-galvez-modificar-su-propaganda\/\",\"url\":\"https:\/\/www.sonoraenequipo.com.mx\/ine-ordena-a-xochitl-galvez-modificar-su-propaganda\/\",\"name\":\"Sonora en Equipo. INE ordena a X\u00f3chitl G\u00e1lvez modificar su propaganda Rep\u00fablica\",\"isPartOf\":{\"@id\":\"https:\/\/www.sonoraenequipo.com.mx\/#website\"},\"primaryImageOfPage\":{\"@id\":\"https:\/\/www.sonoraenequipo.com.mx\/ine-ordena-a-xochitl-galvez-modificar-su-propaganda\/#primaryimage\"},\"image\":{\"@id\":\"https:\/\/www.sonoraenequipo.com.mx\/ine-ordena-a-xochitl-galvez-modificar-su-propaganda\/#primaryimage\"},\"thumbnailUrl\":\"https:\/\/www.sonoraenequipo.com.mx\/storage\/2023\/12\/INE-ordena-retirar-anuncio-de-bertha-X-min-1.jpg\",\"datePublished\":\"2023-11-30T15:38:16+00:00\",\"dateModified\":\"2023-12-01T19:07:36+00:00\",\"description\":\"CIUDAD DE M\u00c9XICO. MX. \u2014 La Comisi\u00f3n de Quejas y Denuncias del Instituto Nacional Electoral (INE) emiti\u00f3 una orden a X\u00f3chitl G\u00e1lvez, precandidata \u00fanica de En Sonora en Equipo publicamos toda la informaci\u00f3n de Sonora, M\u00e9xico y el Mundo de manera oportuna y busca que la libertad de expresi\u00f3n sea real. Visita nuestro medio informativo publicado desde Hermosillo, Sonora. %\",\"breadcrumb\":{\"@id\":\"https:\/\/www.sonoraenequipo.com.mx\/ine-ordena-a-xochitl-galvez-modificar-su-propaganda\/#breadcrumb\"},\"inLanguage\":\"es\",\"potentialAction\":[{\"@type\":\"ReadAction\",\"target\":[\"https:\/\/www.sonoraenequipo.com.mx\/ine-ordena-a-xochitl-galvez-modificar-su-propaganda\/\"]}]},{\"@type\":\"ImageObject\",\"inLanguage\":\"es\",\"@id\":\"https:\/\/www.sonoraenequipo.com.mx\/ine-ordena-a-xochitl-galvez-modificar-su-propaganda\/#primaryimage\",\"url\":\"https:\/\/www.sonoraenequipo.com.mx\/storage\/2023\/12\/INE-ordena-retirar-anuncio-de-bertha-X-min-1.jpg\",\"contentUrl\":\"https:\/\/www.sonoraenequipo.com.mx\/storage\/2023\/12\/INE-ordena-retirar-anuncio-de-bertha-X-min-1.jpg\",\"width\":900,\"height\":434},{\"@type\":\"BreadcrumbList\",\"@id\":\"https:\/\/www.sonoraenequipo.com.mx\/ine-ordena-a-xochitl-galvez-modificar-su-propaganda\/#breadcrumb\",\"itemListElement\":[{\"@type\":\"ListItem\",\"position\":1,\"name\":\"Portada\",\"item\":\"https:\/\/www.sonoraenequipo.com.mx\/\"},{\"@type\":\"ListItem\",\"position\":2,\"name\":\"INE ordena a X\u00f3chitl G\u00e1lvez modificar su propaganda\"}]},{\"@type\":\"WebSite\",\"@id\":\"https:\/\/www.sonoraenequipo.com.mx\/#website\",\"url\":\"https:\/\/www.sonoraenequipo.com.mx\/\",\"name\":\"Sonora en Equipo.\",\"description\":\"Diario en l\u00ednea con Noticias desde Hermosillo, Sonora\",\"publisher\":{\"@id\":\"https:\/\/www.sonoraenequipo.com.mx\/#organization\"},\"potentialAction\":[{\"@type\":\"SearchAction\",\"target\":{\"@type\":\"EntryPoint\",\"urlTemplate\":\"https:\/\/www.sonoraenequipo.com.mx\/?s={search_term_string}\"},\"query-input\":{\"@type\":\"PropertyValueSpecification\",\"valueRequired\":true,\"valueName\":\"search_term_string\"}}],\"inLanguage\":\"es\"},{\"@type\":\"Organization\",\"@id\":\"https:\/\/www.sonoraenequipo.com.mx\/#organization\",\"name\":\"Sonoraenequipo.com.mx\",\"url\":\"https:\/\/www.sonoraenequipo.com.mx\/\",\"logo\":{\"@type\":\"ImageObject\",\"inLanguage\":\"es\",\"@id\":\"https:\/\/www.sonoraenequipo.com.mx\/#\/schema\/logo\/image\/\",\"url\":\"https:\/\/www.sonoraenequipo.com.mx\/storage\/2019\/01\/sonoraenequipo_opt.png\",\"contentUrl\":\"https:\/\/www.sonoraenequipo.com.mx\/storage\/2019\/01\/sonoraenequipo_opt.png\",\"width\":375,\"height\":125,\"caption\":\"Sonoraenequipo.com.mx\"},\"image\":{\"@id\":\"https:\/\/www.sonoraenequipo.com.mx\/#\/schema\/logo\/image\/\"},\"sameAs\":[\"https:\/\/www.facebook.com\/SonoraEE\/\",\"https:\/\/x.com\/sonoraenequipo\",\"https:\/\/www.youtube.com\/channel\/UC338nW-lPEYmJQs4ZABQ1SQ\"]},{\"@type\":\"Person\",\"@id\":\"https:\/\/www.sonoraenequipo.com.mx\/#\/schema\/person\/50102df0fb23a8fa9e8effad8fa81386\",\"name\":\"enequipo\",\"image\":{\"@type\":\"ImageObject\",\"inLanguage\":\"es\",\"@id\":\"https:\/\/www.sonoraenequipo.com.mx\/#\/schema\/person\/image\/\",\"url\":\"https:\/\/secure.gravatar.com\/avatar\/049821681b589dabc0bc20695993ccebb09f5b5d4d790cd9251b97faac7c652b?s=96&d=blank&r=g\",\"contentUrl\":\"https:\/\/secure.gravatar.com\/avatar\/049821681b589dabc0bc20695993ccebb09f5b5d4d790cd9251b97faac7c652b?s=96&d=blank&r=g\",\"caption\":\"enequipo\"},\"sameAs\":[\"https:\/\/www.facebook.com\/SonoraEE\"]}]}<\/script>\n ","yoast_head_json":{"title":"Sonora en Equipo. INE ordena a X\u00f3chitl G\u00e1lvez modificar su propaganda Rep\u00fablica","description":"CIUDAD DE M\u00c9XICO. MX. \u2014 La Comisi\u00f3n de Quejas y Denuncias del Instituto Nacional Electoral (INE) emiti\u00f3 una orden a X\u00f3chitl G\u00e1lvez, precandidata \u00fanica de En Sonora en Equipo publicamos toda la informaci\u00f3n de Sonora, M\u00e9xico y el Mundo de manera oportuna y busca que la libertad de expresi\u00f3n sea real. Visita nuestro medio informativo publicado desde Hermosillo, Sonora. %","robots":{"index":"index","follow":"follow","max-snippet":"max-snippet:-1","max-image-preview":"max-image-preview:large","max-video-preview":"max-video-preview:-1"},"canonical":"https:\/\/www.sonoraenequipo.com.mx\/ine-ordena-a-xochitl-galvez-modificar-su-propaganda\/","og_locale":"es_ES","og_type":"article","og_title":"Sonora en Equipo. INE ordena a X\u00f3chitl G\u00e1lvez modificar su propaganda Rep\u00fablica","og_description":"CIUDAD DE M\u00c9XICO. MX. \u2014 La Comisi\u00f3n de Quejas y Denuncias del Instituto Nacional Electoral (INE) emiti\u00f3 una orden a X\u00f3chitl G\u00e1lvez, precandidata \u00fanica de En Sonora en Equipo publicamos toda la informaci\u00f3n de Sonora, M\u00e9xico y el Mundo de manera oportuna y busca que la libertad de expresi\u00f3n sea real. Visita nuestro medio informativo publicado desde Hermosillo, Sonora. %","og_url":"https:\/\/www.sonoraenequipo.com.mx\/ine-ordena-a-xochitl-galvez-modificar-su-propaganda\/","og_site_name":"Sonora en Equipo.","article_publisher":"https:\/\/www.facebook.com\/SonoraEE\/","article_author":"https:\/\/www.facebook.com\/SonoraEE","article_published_time":"2023-11-30T15:38:16+00:00","article_modified_time":"2023-12-01T19:07:36+00:00","og_image":[{"width":900,"height":434,"url":"https:\/\/www.sonoraenequipo.com.mx\/storage\/2023\/12\/INE-ordena-retirar-anuncio-de-bertha-X-min-1.jpg","type":"image\/jpeg"}],"author":"enequipo","twitter_card":"summary_large_image","twitter_creator":"@sonoraenequipo","twitter_site":"@sonoraenequipo","twitter_misc":{"Escrito por":"enequipo","Tiempo de lectura":"2 minutos"},"schema":{"@context":"https:\/\/schema.org","@graph":[{"@type":"Article","@id":"https:\/\/www.sonoraenequipo.com.mx\/ine-ordena-a-xochitl-galvez-modificar-su-propaganda\/#article","isPartOf":{"@id":"https:\/\/www.sonoraenequipo.com.mx\/ine-ordena-a-xochitl-galvez-modificar-su-propaganda\/"},"author":{"name":"enequipo","@id":"https:\/\/www.sonoraenequipo.com.mx\/#\/schema\/person\/50102df0fb23a8fa9e8effad8fa81386"},"headline":"INE ordena a X\u00f3chitl G\u00e1lvez modificar su propaganda","datePublished":"2023-11-30T15:38:16+00:00","dateModified":"2023-12-01T19:07:36+00:00","mainEntityOfPage":{"@id":"https:\/\/www.sonoraenequipo.com.mx\/ine-ordena-a-xochitl-galvez-modificar-su-propaganda\/"},"wordCount":390,"commentCount":0,"publisher":{"@id":"https:\/\/www.sonoraenequipo.com.mx\/#organization"},"image":{"@id":"https:\/\/www.sonoraenequipo.com.mx\/ine-ordena-a-xochitl-galvez-modificar-su-propaganda\/#primaryimage"},"thumbnailUrl":"https:\/\/www.sonoraenequipo.com.mx\/storage\/2023\/12\/INE-ordena-retirar-anuncio-de-bertha-X-min-1.jpg","articleSection":["Rep\u00fablica"],"inLanguage":"es","potentialAction":[{"@type":"CommentAction","name":"Comment","target":["https:\/\/www.sonoraenequipo.com.mx\/ine-ordena-a-xochitl-galvez-modificar-su-propaganda\/#respond"]}]},{"@type":"WebPage","@id":"https:\/\/www.sonoraenequipo.com.mx\/ine-ordena-a-xochitl-galvez-modificar-su-propaganda\/","url":"https:\/\/www.sonoraenequipo.com.mx\/ine-ordena-a-xochitl-galvez-modificar-su-propaganda\/","name":"Sonora en Equipo. INE ordena a X\u00f3chitl G\u00e1lvez modificar su propaganda Rep\u00fablica","isPartOf":{"@id":"https:\/\/www.sonoraenequipo.com.mx\/#website"},"primaryImageOfPage":{"@id":"https:\/\/www.sonoraenequipo.com.mx\/ine-ordena-a-xochitl-galvez-modificar-su-propaganda\/#primaryimage"},"image":{"@id":"https:\/\/www.sonoraenequipo.com.mx\/ine-ordena-a-xochitl-galvez-modificar-su-propaganda\/#primaryimage"},"thumbnailUrl":"https:\/\/www.sonoraenequipo.com.mx\/storage\/2023\/12\/INE-ordena-retirar-anuncio-de-bertha-X-min-1.jpg","datePublished":"2023-11-30T15:38:16+00:00","dateModified":"2023-12-01T19:07:36+00:00","description":"CIUDAD DE M\u00c9XICO. MX. \u2014 La Comisi\u00f3n de Quejas y Denuncias del Instituto Nacional Electoral (INE) emiti\u00f3 una orden a X\u00f3chitl G\u00e1lvez, precandidata \u00fanica de En Sonora en Equipo publicamos toda la informaci\u00f3n de Sonora, M\u00e9xico y el Mundo de manera oportuna y busca que la libertad de expresi\u00f3n sea real. Visita nuestro medio informativo publicado desde Hermosillo, Sonora. %","breadcrumb":{"@id":"https:\/\/www.sonoraenequipo.com.mx\/ine-ordena-a-xochitl-galvez-modificar-su-propaganda\/#breadcrumb"},"inLanguage":"es","potentialAction":[{"@type":"ReadAction","target":["https:\/\/www.sonoraenequipo.com.mx\/ine-ordena-a-xochitl-galvez-modificar-su-propaganda\/"]}]},{"@type":"ImageObject","inLanguage":"es","@id":"https:\/\/www.sonoraenequipo.com.mx\/ine-ordena-a-xochitl-galvez-modificar-su-propaganda\/#primaryimage","url":"https:\/\/www.sonoraenequipo.com.mx\/storage\/2023\/12\/INE-ordena-retirar-anuncio-de-bertha-X-min-1.jpg","contentUrl":"https:\/\/www.sonoraenequipo.com.mx\/storage\/2023\/12\/INE-ordena-retirar-anuncio-de-bertha-X-min-1.jpg","width":900,"height":434},{"@type":"BreadcrumbList","@id":"https:\/\/www.sonoraenequipo.com.mx\/ine-ordena-a-xochitl-galvez-modificar-su-propaganda\/#breadcrumb","itemListElement":[{"@type":"ListItem","position":1,"name":"Portada","item":"https:\/\/www.sonoraenequipo.com.mx\/"},{"@type":"ListItem","position":2,"name":"INE ordena a X\u00f3chitl G\u00e1lvez modificar su propaganda"}]},{"@type":"WebSite","@id":"https:\/\/www.sonoraenequipo.com.mx\/#website","url":"https:\/\/www.sonoraenequipo.com.mx\/","name":"Sonora en Equipo.","description":"Diario en l\u00ednea con Noticias desde Hermosillo, Sonora","publisher":{"@id":"https:\/\/www.sonoraenequipo.com.mx\/#organization"},"potentialAction":[{"@type":"SearchAction","target":{"@type":"EntryPoint","urlTemplate":"https:\/\/www.sonoraenequipo.com.mx\/?s={search_term_string}"},"query-input":{"@type":"PropertyValueSpecification","valueRequired":true,"valueName":"search_term_string"}}],"inLanguage":"es"},{"@type":"Organization","@id":"https:\/\/www.sonoraenequipo.com.mx\/#organization","name":"Sonoraenequipo.com.mx","url":"https:\/\/www.sonoraenequipo.com.mx\/","logo":{"@type":"ImageObject","inLanguage":"es","@id":"https:\/\/www.sonoraenequipo.com.mx\/#\/schema\/logo\/image\/","url":"https:\/\/www.sonoraenequipo.com.mx\/storage\/2019\/01\/sonoraenequipo_opt.png","contentUrl":"https:\/\/www.sonoraenequipo.com.mx\/storage\/2019\/01\/sonoraenequipo_opt.png","width":375,"height":125,"caption":"Sonoraenequipo.com.mx"},"image":{"@id":"https:\/\/www.sonoraenequipo.com.mx\/#\/schema\/logo\/image\/"},"sameAs":["https:\/\/www.facebook.com\/SonoraEE\/","https:\/\/x.com\/sonoraenequipo","https:\/\/www.youtube.com\/channel\/UC338nW-lPEYmJQs4ZABQ1SQ"]},{"@type":"Person","@id":"https:\/\/www.sonoraenequipo.com.mx\/#\/schema\/person\/50102df0fb23a8fa9e8effad8fa81386","name":"enequipo","image":{"@type":"ImageObject","inLanguage":"es","@id":"https:\/\/www.sonoraenequipo.com.mx\/#\/schema\/person\/image\/","url":"https:\/\/secure.gravatar.com\/avatar\/049821681b589dabc0bc20695993ccebb09f5b5d4d790cd9251b97faac7c652b?s=96&d=blank&r=g","contentUrl":"https:\/\/secure.gravatar.com\/avatar\/049821681b589dabc0bc20695993ccebb09f5b5d4d790cd9251b97faac7c652b?s=96&d=blank&r=g","caption":"enequipo"},"sameAs":["https:\/\/www.facebook.com\/SonoraEE"]}]}},"jetpack_featured_media_url":"https:\/\/www.sonoraenequipo.com.mx\/storage\/2023\/12\/INE-ordena-retirar-anuncio-de-bertha-X-min-1.jpg","_links":{"self":[{"href":"https:\/\/www.sonoraenequipo.com.mx\/api\/wp\/v2\/posts\/180236","targetHints":{"allow":["GET"]}}],"collection":[{"href":"https:\/\/www.sonoraenequipo.com.mx\/api\/wp\/v2\/posts"}],"about":[{"href":"https:\/\/www.sonoraenequipo.com.mx\/api\/wp\/v2\/types\/post"}],"author":[{"embeddable":true,"href":"https:\/\/www.sonoraenequipo.com.mx\/api\/wp\/v2\/users\/1"}],"replies":[{"embeddable":true,"href":"https:\/\/www.sonoraenequipo.com.mx\/api\/wp\/v2\/comments?post=180236"}],"version-history":[{"count":1,"href":"https:\/\/www.sonoraenequipo.com.mx\/api\/wp\/v2\/posts\/180236\/revisions"}],"predecessor-version":[{"id":180238,"href":"https:\/\/www.sonoraenequipo.com.mx\/api\/wp\/v2\/posts\/180236\/revisions\/180238"}],"wp:featuredmedia":[{"embeddable":true,"href":"https:\/\/www.sonoraenequipo.com.mx\/api\/wp\/v2\/media\/180237"}],"wp:attachment":[{"href":"https:\/\/www.sonoraenequipo.com.mx\/api\/wp\/v2\/media?parent=180236"}],"wp:term":[{"taxonomy":"category","embeddable":true,"href":"https:\/\/www.sonoraenequipo.com.mx\/api\/wp\/v2\/categories?post=180236"},{"taxonomy":"post_tag","embeddable":true,"href":"https:\/\/www.sonoraenequipo.com.mx\/api\/wp\/v2\/tags?post=180236"}],"curies":[{"name":"wp","href":"https:\/\/api.w.org\/{rel}","templated":true}]}}