{"id":180371,"date":"2023-12-04T13:11:34","date_gmt":"2023-12-04T20:11:34","guid":{"rendered":"https:\/\/www.sonoraenequipo.com.mx\/?p=180371"},"modified":"2023-12-04T13:11:34","modified_gmt":"2023-12-04T20:11:34","slug":"mujeres-pieza-clave-en-la-vida-democratica-politica-y-electoral-del-pais-guadalupe-taddei","status":"publish","type":"post","link":"https:\/\/www.sonoraenequipo.com.mx\/mujeres-pieza-clave-en-la-vida-democratica-politica-y-electoral-del-pais-guadalupe-taddei\/","title":{"rendered":"Mujeres \u00a0pieza clave en la vida democr\u00e1tica, pol\u00edtica y electoral del pa\u00eds: Guadalupe Taddei"},"content":{"rendered":"<p>Mujeres \u00a0pieza clave en la vida democr\u00e1tica, pol\u00edtica y electoral del pa\u00eds: Guadalupe Taddei<\/p>\n<p>&nbsp;<\/p>\n<p><strong>HERMOSILLO, SONORA,MX.<\/strong><strong>\u02d7\u02d7\u02d7 <\/strong>Participa en el Seminario \u201cClaves de Liderazgo pol\u00edtico y buen gobierno por Mujeres\u201d, organizado por el INE y Red de Mujeres en Plural de Sonora<\/p>\n<p>El Seminario busca el fortalecimiento en los conocimientos y desarrollo de las habilidades de las mujeres l\u00edderes del estado de Sonora<\/p>\n<p>La Consejera Presidenta del Instituto Nacional Electoral (INE), Guadalupe Taddei Zavala, ofreci\u00f3 la Conferencia Magistral \u201cParticipaci\u00f3n de las Mujeres en los Comicios 2024\u201d, en donde enfatiz\u00f3 que las mujeres son pieza clave en la vida democr\u00e1tica, pol\u00edtica y electoral del pa\u00eds.<\/p>\n<p>&nbsp;<\/p>\n<p>En el marco del Seminario \u201cClaves de Liderazgo pol\u00edtico y buen gobierno por Mujeres\u201d, organizado por el INE, en coordinaci\u00f3n con la Red de Mujeres en Plural de Sonora, Taddei Zavala reconoci\u00f3 el avance y los logros que han podido posicionar a muchas mujeres dentro de diferentes cargos.<\/p>\n<p>&nbsp;<\/p>\n<p>Alent\u00f3 a todas las asistentes para que contin\u00faen prepar\u00e1ndose acad\u00e9mica y profesionalmente, para seguir enalteciendo la participaci\u00f3n femenina dentro de cargos p\u00fablicos e institucionales.<\/p>\n<p>&nbsp;<\/p>\n<p>El principal objetivo de este seminario es preparar a mujeres l\u00edderes de Sonora ofreci\u00e9ndoles la informaci\u00f3n y herramientas para discernir, analizar, proponer y accionar pol\u00edticas p\u00fablicas con perspectiva de g\u00e9nero.<\/p>\n<p>&nbsp;<\/p>\n<p>En su mensaje de bienvenida la Vocal Ejecutiva del INE de la Junta Local, Ver\u00f3nica Sandoval Casta\u00f1eda, destac\u00f3 el apoyo de las integrantes de la Red de Mujeres en Plural de Sonora y reiter\u00f3 que los retos presentes en cada uno de los procesos electorales s\u00f3lo pueden ser sorteados gracias al apoyo y uni\u00f3n de las dependencias existentes y extendi\u00f3 su apoyo a las mujeres sonorenses.<\/p>\n<p>&nbsp;<\/p>\n<p>En su intervenci\u00f3n, el Consejero Presidente del Instituto Estatal Electoral y de Participaci\u00f3n Ciudadana de Sonora, Nery Ruiz Arvizu, habl\u00f3 sobre los Lineamientos de Paridad que los partidos pol\u00edticos deben cumplir en el Proceso Electoral de 2024 e inform\u00f3 sobre las actividades enfocadas a la paridad para los comicios del pr\u00f3ximo a\u00f1o que emprenden las autoridades electorales.<\/p>\n<p>&nbsp;<\/p>\n<p>Los lineamientos establecidos, explic\u00f3, est\u00e1n enfocados en proporcionar las mismas oportunidades de participaci\u00f3n a hombres y mujeres dentro de los diferentes partidos pol\u00edticos.<\/p>\n<p><strong>Fecha de publicaci\u00f3n\u00a0 domingo 3<\/strong><strong> de diciembre de 2023<\/strong><\/p>\n<p>&nbsp;<\/p>\n","protected":false},"excerpt":{"rendered":"<p>Mujeres \u00a0pieza clave en la vida democr\u00e1tica, pol\u00edtica y electoral del pa\u00eds: Guadalupe Taddei &nbsp;&#8230;<\/p>\n","protected":false},"author":1,"featured_media":180372,"comment_status":"open","ping_status":"open","sticky":false,"template":"","format":"standard","meta":{"_monsterinsights_skip_tracking":false,"_monsterinsights_sitenote_active":false,"_monsterinsights_sitenote_note":"","_monsterinsights_sitenote_category":0,"footnotes":""},"categories":[5],"tags":[9185,1247],"class_list":["post"],"yoast_head":" \n<title>Sonora en Equipo. Mujeres \u00a0pieza clave en la vida democr\u00e1tica, pol\u00edtica y electoral del pa\u00eds: Guadalupe Taddei Rep\u00fablica<\/title>\n<meta name=\"description\" content=\"Mujeres \u00a0pieza clave en la vida democr\u00e1tica, pol\u00edtica y electoral del pa\u00eds: Guadalupe Taddei &nbsp; HERMOSILLO, SONORA,MX.\u02d7\u02d7\u02d7 Participa en el Seminario En Sonora en Equipo publicamos toda la informaci\u00f3n de Sonora, M\u00e9xico y el Mundo de manera oportuna y busca que la libertad de expresi\u00f3n sea real. Visita nuestro medio informativo publicado desde Hermosillo, Sonora. %\" \/>\n<meta name=\"robots\" content=\"index, follow, max-snippet:-1, max-image-preview:large, max-video-preview:-1\" \/>\n<link rel=\"canonical\" href=\"https:\/\/www.sonoraenequipo.com.mx\/mujeres-pieza-clave-en-la-vida-democratica-politica-y-electoral-del-pais-guadalupe-taddei\/\" \/>\n<meta property=\"og:locale\" content=\"es_ES\" \/>\n<meta property=\"og:type\" content=\"article\" \/>\n<meta property=\"og:title\" content=\"Sonora en Equipo. Mujeres \u00a0pieza clave en la vida democr\u00e1tica, pol\u00edtica y electoral del pa\u00eds: Guadalupe Taddei Rep\u00fablica\" \/>\n<meta property=\"og:description\" content=\"Mujeres \u00a0pieza clave en la vida democr\u00e1tica, pol\u00edtica y electoral del pa\u00eds: Guadalupe Taddei &nbsp; HERMOSILLO, SONORA,MX.\u02d7\u02d7\u02d7 Participa en el Seminario En Sonora en Equipo publicamos toda la informaci\u00f3n de Sonora, M\u00e9xico y el Mundo de manera oportuna y busca que la libertad de expresi\u00f3n sea real. Visita nuestro medio informativo publicado desde Hermosillo, Sonora. %\" \/>\n<meta property=\"og:url\" content=\"https:\/\/www.sonoraenequipo.com.mx\/mujeres-pieza-clave-en-la-vida-democratica-politica-y-electoral-del-pais-guadalupe-taddei\/\" \/>\n<meta property=\"og:site_name\" content=\"Sonora en Equipo.\" \/>\n<meta property=\"article:publisher\" content=\"https:\/\/www.facebook.com\/SonoraEE\/\" \/>\n<meta property=\"article:author\" content=\"https:\/\/www.facebook.com\/SonoraEE\" \/>\n<meta property=\"article:published_time\" content=\"2023-12-04T20:11:34+00:00\" \/>\n<meta property=\"og:image\" content=\"https:\/\/www.sonoraenequipo.com.mx\/storage\/2023\/12\/ine-seminario.jpg\" \/>\n\t<meta property=\"og:image:width\" content=\"600\" \/>\n\t<meta property=\"og:image:height\" content=\"400\" \/>\n\t<meta property=\"og:image:type\" content=\"image\/jpeg\" \/>\n<meta name=\"author\" content=\"enequipo\" \/>\n<meta name=\"twitter:card\" content=\"summary_large_image\" \/>\n<meta name=\"twitter:creator\" content=\"@sonoraenequipo\" \/>\n<meta name=\"twitter:site\" content=\"@sonoraenequipo\" \/>\n<meta name=\"twitter:label1\" content=\"Escrito por\" \/>\n\t<meta name=\"twitter:data1\" content=\"enequipo\" \/>\n\t<meta name=\"twitter:label2\" content=\"Tiempo de lectura\" \/>\n\t<meta name=\"twitter:data2\" content=\"2 minutos\" \/>\n<script type=\"application\/ld+json\" class=\"yoast-schema-graph\">{\"@context\":\"https:\/\/schema.org\",\"@graph\":[{\"@type\":\"Article\",\"@id\":\"https:\/\/www.sonoraenequipo.com.mx\/mujeres-pieza-clave-en-la-vida-democratica-politica-y-electoral-del-pais-guadalupe-taddei\/#article\",\"isPartOf\":{\"@id\":\"https:\/\/www.sonoraenequipo.com.mx\/mujeres-pieza-clave-en-la-vida-democratica-politica-y-electoral-del-pais-guadalupe-taddei\/\"},\"author\":{\"name\":\"enequipo\",\"@id\":\"https:\/\/www.sonoraenequipo.com.mx\/#\/schema\/person\/50102df0fb23a8fa9e8effad8fa81386\"},\"headline\":\"Mujeres \u00a0pieza clave en la vida democr\u00e1tica, pol\u00edtica y electoral del pa\u00eds: Guadalupe Taddei\",\"datePublished\":\"2023-12-04T20:11:34+00:00\",\"mainEntityOfPage\":{\"@id\":\"https:\/\/www.sonoraenequipo.com.mx\/mujeres-pieza-clave-en-la-vida-democratica-politica-y-electoral-del-pais-guadalupe-taddei\/\"},\"wordCount\":417,\"commentCount\":0,\"publisher\":{\"@id\":\"https:\/\/www.sonoraenequipo.com.mx\/#organization\"},\"image\":{\"@id\":\"https:\/\/www.sonoraenequipo.com.mx\/mujeres-pieza-clave-en-la-vida-democratica-politica-y-electoral-del-pais-guadalupe-taddei\/#primaryimage\"},\"thumbnailUrl\":\"https:\/\/www.sonoraenequipo.com.mx\/storage\/2023\/12\/ine-seminario.jpg\",\"keywords\":[\"guadalupetaddei\",\"INE\"],\"articleSection\":[\"Rep\u00fablica\"],\"inLanguage\":\"es\",\"potentialAction\":[{\"@type\":\"CommentAction\",\"name\":\"Comment\",\"target\":[\"https:\/\/www.sonoraenequipo.com.mx\/mujeres-pieza-clave-en-la-vida-democratica-politica-y-electoral-del-pais-guadalupe-taddei\/#respond\"]}]},{\"@type\":\"WebPage\",\"@id\":\"https:\/\/www.sonoraenequipo.com.mx\/mujeres-pieza-clave-en-la-vida-democratica-politica-y-electoral-del-pais-guadalupe-taddei\/\",\"url\":\"https:\/\/www.sonoraenequipo.com.mx\/mujeres-pieza-clave-en-la-vida-democratica-politica-y-electoral-del-pais-guadalupe-taddei\/\",\"name\":\"Sonora en Equipo. Mujeres \u00a0pieza clave en la vida democr\u00e1tica, pol\u00edtica y electoral del pa\u00eds: Guadalupe Taddei Rep\u00fablica\",\"isPartOf\":{\"@id\":\"https:\/\/www.sonoraenequipo.com.mx\/#website\"},\"primaryImageOfPage\":{\"@id\":\"https:\/\/www.sonoraenequipo.com.mx\/mujeres-pieza-clave-en-la-vida-democratica-politica-y-electoral-del-pais-guadalupe-taddei\/#primaryimage\"},\"image\":{\"@id\":\"https:\/\/www.sonoraenequipo.com.mx\/mujeres-pieza-clave-en-la-vida-democratica-politica-y-electoral-del-pais-guadalupe-taddei\/#primaryimage\"},\"thumbnailUrl\":\"https:\/\/www.sonoraenequipo.com.mx\/storage\/2023\/12\/ine-seminario.jpg\",\"datePublished\":\"2023-12-04T20:11:34+00:00\",\"description\":\"Mujeres \u00a0pieza clave en la vida democr\u00e1tica, pol\u00edtica y electoral del pa\u00eds: Guadalupe Taddei &nbsp; HERMOSILLO, SONORA,MX.\u02d7\u02d7\u02d7 Participa en el Seminario En Sonora en Equipo publicamos toda la informaci\u00f3n de Sonora, M\u00e9xico y el Mundo de manera oportuna y busca que la libertad de expresi\u00f3n sea real. Visita nuestro medio informativo publicado desde Hermosillo, Sonora. %\",\"breadcrumb\":{\"@id\":\"https:\/\/www.sonoraenequipo.com.mx\/mujeres-pieza-clave-en-la-vida-democratica-politica-y-electoral-del-pais-guadalupe-taddei\/#breadcrumb\"},\"inLanguage\":\"es\",\"potentialAction\":[{\"@type\":\"ReadAction\",\"target\":[\"https:\/\/www.sonoraenequipo.com.mx\/mujeres-pieza-clave-en-la-vida-democratica-politica-y-electoral-del-pais-guadalupe-taddei\/\"]}]},{\"@type\":\"ImageObject\",\"inLanguage\":\"es\",\"@id\":\"https:\/\/www.sonoraenequipo.com.mx\/mujeres-pieza-clave-en-la-vida-democratica-politica-y-electoral-del-pais-guadalupe-taddei\/#primaryimage\",\"url\":\"https:\/\/www.sonoraenequipo.com.mx\/storage\/2023\/12\/ine-seminario.jpg\",\"contentUrl\":\"https:\/\/www.sonoraenequipo.com.mx\/storage\/2023\/12\/ine-seminario.jpg\",\"width\":600,\"height\":400},{\"@type\":\"BreadcrumbList\",\"@id\":\"https:\/\/www.sonoraenequipo.com.mx\/mujeres-pieza-clave-en-la-vida-democratica-politica-y-electoral-del-pais-guadalupe-taddei\/#breadcrumb\",\"itemListElement\":[{\"@type\":\"ListItem\",\"position\":1,\"name\":\"Portada\",\"item\":\"https:\/\/www.sonoraenequipo.com.mx\/\"},{\"@type\":\"ListItem\",\"position\":2,\"name\":\"Mujeres \u00a0pieza clave en la vida democr\u00e1tica, pol\u00edtica y electoral del pa\u00eds: Guadalupe Taddei\"}]},{\"@type\":\"WebSite\",\"@id\":\"https:\/\/www.sonoraenequipo.com.mx\/#website\",\"url\":\"https:\/\/www.sonoraenequipo.com.mx\/\",\"name\":\"Sonora en Equipo.\",\"description\":\"Diario en l\u00ednea con Noticias desde Hermosillo, Sonora\",\"publisher\":{\"@id\":\"https:\/\/www.sonoraenequipo.com.mx\/#organization\"},\"potentialAction\":[{\"@type\":\"SearchAction\",\"target\":{\"@type\":\"EntryPoint\",\"urlTemplate\":\"https:\/\/www.sonoraenequipo.com.mx\/?s={search_term_string}\"},\"query-input\":{\"@type\":\"PropertyValueSpecification\",\"valueRequired\":true,\"valueName\":\"search_term_string\"}}],\"inLanguage\":\"es\"},{\"@type\":\"Organization\",\"@id\":\"https:\/\/www.sonoraenequipo.com.mx\/#organization\",\"name\":\"Sonoraenequipo.com.mx\",\"url\":\"https:\/\/www.sonoraenequipo.com.mx\/\",\"logo\":{\"@type\":\"ImageObject\",\"inLanguage\":\"es\",\"@id\":\"https:\/\/www.sonoraenequipo.com.mx\/#\/schema\/logo\/image\/\",\"url\":\"https:\/\/www.sonoraenequipo.com.mx\/storage\/2019\/01\/sonoraenequipo_opt.png\",\"contentUrl\":\"https:\/\/www.sonoraenequipo.com.mx\/storage\/2019\/01\/sonoraenequipo_opt.png\",\"width\":375,\"height\":125,\"caption\":\"Sonoraenequipo.com.mx\"},\"image\":{\"@id\":\"https:\/\/www.sonoraenequipo.com.mx\/#\/schema\/logo\/image\/\"},\"sameAs\":[\"https:\/\/www.facebook.com\/SonoraEE\/\",\"https:\/\/x.com\/sonoraenequipo\",\"https:\/\/www.youtube.com\/channel\/UC338nW-lPEYmJQs4ZABQ1SQ\"]},{\"@type\":\"Person\",\"@id\":\"https:\/\/www.sonoraenequipo.com.mx\/#\/schema\/person\/50102df0fb23a8fa9e8effad8fa81386\",\"name\":\"enequipo\",\"image\":{\"@type\":\"ImageObject\",\"inLanguage\":\"es\",\"@id\":\"https:\/\/www.sonoraenequipo.com.mx\/#\/schema\/person\/image\/\",\"url\":\"https:\/\/secure.gravatar.com\/avatar\/049821681b589dabc0bc20695993ccebb09f5b5d4d790cd9251b97faac7c652b?s=96&d=blank&r=g\",\"contentUrl\":\"https:\/\/secure.gravatar.com\/avatar\/049821681b589dabc0bc20695993ccebb09f5b5d4d790cd9251b97faac7c652b?s=96&d=blank&r=g\",\"caption\":\"enequipo\"},\"sameAs\":[\"https:\/\/www.facebook.com\/SonoraEE\"]}]}<\/script>\n ","yoast_head_json":{"title":"Sonora en Equipo. Mujeres \u00a0pieza clave en la vida democr\u00e1tica, pol\u00edtica y electoral del pa\u00eds: Guadalupe Taddei Rep\u00fablica","description":"Mujeres \u00a0pieza clave en la vida democr\u00e1tica, pol\u00edtica y electoral del pa\u00eds: Guadalupe Taddei &nbsp; HERMOSILLO, SONORA,MX.\u02d7\u02d7\u02d7 Participa en el Seminario En Sonora en Equipo publicamos toda la informaci\u00f3n de Sonora, M\u00e9xico y el Mundo de manera oportuna y busca que la libertad de expresi\u00f3n sea real. Visita nuestro medio informativo publicado desde Hermosillo, Sonora. %","robots":{"index":"index","follow":"follow","max-snippet":"max-snippet:-1","max-image-preview":"max-image-preview:large","max-video-preview":"max-video-preview:-1"},"canonical":"https:\/\/www.sonoraenequipo.com.mx\/mujeres-pieza-clave-en-la-vida-democratica-politica-y-electoral-del-pais-guadalupe-taddei\/","og_locale":"es_ES","og_type":"article","og_title":"Sonora en Equipo. Mujeres \u00a0pieza clave en la vida democr\u00e1tica, pol\u00edtica y electoral del pa\u00eds: Guadalupe Taddei Rep\u00fablica","og_description":"Mujeres \u00a0pieza clave en la vida democr\u00e1tica, pol\u00edtica y electoral del pa\u00eds: Guadalupe Taddei &nbsp; HERMOSILLO, SONORA,MX.\u02d7\u02d7\u02d7 Participa en el Seminario En Sonora en Equipo publicamos toda la informaci\u00f3n de Sonora, M\u00e9xico y el Mundo de manera oportuna y busca que la libertad de expresi\u00f3n sea real. Visita nuestro medio informativo publicado desde Hermosillo, Sonora. %","og_url":"https:\/\/www.sonoraenequipo.com.mx\/mujeres-pieza-clave-en-la-vida-democratica-politica-y-electoral-del-pais-guadalupe-taddei\/","og_site_name":"Sonora en Equipo.","article_publisher":"https:\/\/www.facebook.com\/SonoraEE\/","article_author":"https:\/\/www.facebook.com\/SonoraEE","article_published_time":"2023-12-04T20:11:34+00:00","og_image":[{"width":600,"height":400,"url":"https:\/\/www.sonoraenequipo.com.mx\/storage\/2023\/12\/ine-seminario.jpg","type":"image\/jpeg"}],"author":"enequipo","twitter_card":"summary_large_image","twitter_creator":"@sonoraenequipo","twitter_site":"@sonoraenequipo","twitter_misc":{"Escrito por":"enequipo","Tiempo de lectura":"2 minutos"},"schema":{"@context":"https:\/\/schema.org","@graph":[{"@type":"Article","@id":"https:\/\/www.sonoraenequipo.com.mx\/mujeres-pieza-clave-en-la-vida-democratica-politica-y-electoral-del-pais-guadalupe-taddei\/#article","isPartOf":{"@id":"https:\/\/www.sonoraenequipo.com.mx\/mujeres-pieza-clave-en-la-vida-democratica-politica-y-electoral-del-pais-guadalupe-taddei\/"},"author":{"name":"enequipo","@id":"https:\/\/www.sonoraenequipo.com.mx\/#\/schema\/person\/50102df0fb23a8fa9e8effad8fa81386"},"headline":"Mujeres \u00a0pieza clave en la vida democr\u00e1tica, pol\u00edtica y electoral del pa\u00eds: Guadalupe Taddei","datePublished":"2023-12-04T20:11:34+00:00","mainEntityOfPage":{"@id":"https:\/\/www.sonoraenequipo.com.mx\/mujeres-pieza-clave-en-la-vida-democratica-politica-y-electoral-del-pais-guadalupe-taddei\/"},"wordCount":417,"commentCount":0,"publisher":{"@id":"https:\/\/www.sonoraenequipo.com.mx\/#organization"},"image":{"@id":"https:\/\/www.sonoraenequipo.com.mx\/mujeres-pieza-clave-en-la-vida-democratica-politica-y-electoral-del-pais-guadalupe-taddei\/#primaryimage"},"thumbnailUrl":"https:\/\/www.sonoraenequipo.com.mx\/storage\/2023\/12\/ine-seminario.jpg","keywords":["guadalupetaddei","INE"],"articleSection":["Rep\u00fablica"],"inLanguage":"es","potentialAction":[{"@type":"CommentAction","name":"Comment","target":["https:\/\/www.sonoraenequipo.com.mx\/mujeres-pieza-clave-en-la-vida-democratica-politica-y-electoral-del-pais-guadalupe-taddei\/#respond"]}]},{"@type":"WebPage","@id":"https:\/\/www.sonoraenequipo.com.mx\/mujeres-pieza-clave-en-la-vida-democratica-politica-y-electoral-del-pais-guadalupe-taddei\/","url":"https:\/\/www.sonoraenequipo.com.mx\/mujeres-pieza-clave-en-la-vida-democratica-politica-y-electoral-del-pais-guadalupe-taddei\/","name":"Sonora en Equipo. Mujeres \u00a0pieza clave en la vida democr\u00e1tica, pol\u00edtica y electoral del pa\u00eds: Guadalupe Taddei Rep\u00fablica","isPartOf":{"@id":"https:\/\/www.sonoraenequipo.com.mx\/#website"},"primaryImageOfPage":{"@id":"https:\/\/www.sonoraenequipo.com.mx\/mujeres-pieza-clave-en-la-vida-democratica-politica-y-electoral-del-pais-guadalupe-taddei\/#primaryimage"},"image":{"@id":"https:\/\/www.sonoraenequipo.com.mx\/mujeres-pieza-clave-en-la-vida-democratica-politica-y-electoral-del-pais-guadalupe-taddei\/#primaryimage"},"thumbnailUrl":"https:\/\/www.sonoraenequipo.com.mx\/storage\/2023\/12\/ine-seminario.jpg","datePublished":"2023-12-04T20:11:34+00:00","description":"Mujeres \u00a0pieza clave en la vida democr\u00e1tica, pol\u00edtica y electoral del pa\u00eds: Guadalupe Taddei &nbsp; HERMOSILLO, SONORA,MX.\u02d7\u02d7\u02d7 Participa en el Seminario En Sonora en Equipo publicamos toda la informaci\u00f3n de Sonora, M\u00e9xico y el Mundo de manera oportuna y busca que la libertad de expresi\u00f3n sea real. Visita nuestro medio informativo publicado desde Hermosillo, Sonora. %","breadcrumb":{"@id":"https:\/\/www.sonoraenequipo.com.mx\/mujeres-pieza-clave-en-la-vida-democratica-politica-y-electoral-del-pais-guadalupe-taddei\/#breadcrumb"},"inLanguage":"es","potentialAction":[{"@type":"ReadAction","target":["https:\/\/www.sonoraenequipo.com.mx\/mujeres-pieza-clave-en-la-vida-democratica-politica-y-electoral-del-pais-guadalupe-taddei\/"]}]},{"@type":"ImageObject","inLanguage":"es","@id":"https:\/\/www.sonoraenequipo.com.mx\/mujeres-pieza-clave-en-la-vida-democratica-politica-y-electoral-del-pais-guadalupe-taddei\/#primaryimage","url":"https:\/\/www.sonoraenequipo.com.mx\/storage\/2023\/12\/ine-seminario.jpg","contentUrl":"https:\/\/www.sonoraenequipo.com.mx\/storage\/2023\/12\/ine-seminario.jpg","width":600,"height":400},{"@type":"BreadcrumbList","@id":"https:\/\/www.sonoraenequipo.com.mx\/mujeres-pieza-clave-en-la-vida-democratica-politica-y-electoral-del-pais-guadalupe-taddei\/#breadcrumb","itemListElement":[{"@type":"ListItem","position":1,"name":"Portada","item":"https:\/\/www.sonoraenequipo.com.mx\/"},{"@type":"ListItem","position":2,"name":"Mujeres \u00a0pieza clave en la vida democr\u00e1tica, pol\u00edtica y electoral del pa\u00eds: Guadalupe Taddei"}]},{"@type":"WebSite","@id":"https:\/\/www.sonoraenequipo.com.mx\/#website","url":"https:\/\/www.sonoraenequipo.com.mx\/","name":"Sonora en Equipo.","description":"Diario en l\u00ednea con Noticias desde Hermosillo, Sonora","publisher":{"@id":"https:\/\/www.sonoraenequipo.com.mx\/#organization"},"potentialAction":[{"@type":"SearchAction","target":{"@type":"EntryPoint","urlTemplate":"https:\/\/www.sonoraenequipo.com.mx\/?s={search_term_string}"},"query-input":{"@type":"PropertyValueSpecification","valueRequired":true,"valueName":"search_term_string"}}],"inLanguage":"es"},{"@type":"Organization","@id":"https:\/\/www.sonoraenequipo.com.mx\/#organization","name":"Sonoraenequipo.com.mx","url":"https:\/\/www.sonoraenequipo.com.mx\/","logo":{"@type":"ImageObject","inLanguage":"es","@id":"https:\/\/www.sonoraenequipo.com.mx\/#\/schema\/logo\/image\/","url":"https:\/\/www.sonoraenequipo.com.mx\/storage\/2019\/01\/sonoraenequipo_opt.png","contentUrl":"https:\/\/www.sonoraenequipo.com.mx\/storage\/2019\/01\/sonoraenequipo_opt.png","width":375,"height":125,"caption":"Sonoraenequipo.com.mx"},"image":{"@id":"https:\/\/www.sonoraenequipo.com.mx\/#\/schema\/logo\/image\/"},"sameAs":["https:\/\/www.facebook.com\/SonoraEE\/","https:\/\/x.com\/sonoraenequipo","https:\/\/www.youtube.com\/channel\/UC338nW-lPEYmJQs4ZABQ1SQ"]},{"@type":"Person","@id":"https:\/\/www.sonoraenequipo.com.mx\/#\/schema\/person\/50102df0fb23a8fa9e8effad8fa81386","name":"enequipo","image":{"@type":"ImageObject","inLanguage":"es","@id":"https:\/\/www.sonoraenequipo.com.mx\/#\/schema\/person\/image\/","url":"https:\/\/secure.gravatar.com\/avatar\/049821681b589dabc0bc20695993ccebb09f5b5d4d790cd9251b97faac7c652b?s=96&d=blank&r=g","contentUrl":"https:\/\/secure.gravatar.com\/avatar\/049821681b589dabc0bc20695993ccebb09f5b5d4d790cd9251b97faac7c652b?s=96&d=blank&r=g","caption":"enequipo"},"sameAs":["https:\/\/www.facebook.com\/SonoraEE"]}]}},"jetpack_featured_media_url":"https:\/\/www.sonoraenequipo.com.mx\/storage\/2023\/12\/ine-seminario.jpg","_links":{"self":[{"href":"https:\/\/www.sonoraenequipo.com.mx\/api\/wp\/v2\/posts\/180371","targetHints":{"allow":["GET"]}}],"collection":[{"href":"https:\/\/www.sonoraenequipo.com.mx\/api\/wp\/v2\/posts"}],"about":[{"href":"https:\/\/www.sonoraenequipo.com.mx\/api\/wp\/v2\/types\/post"}],"author":[{"embeddable":true,"href":"https:\/\/www.sonoraenequipo.com.mx\/api\/wp\/v2\/users\/1"}],"replies":[{"embeddable":true,"href":"https:\/\/www.sonoraenequipo.com.mx\/api\/wp\/v2\/comments?post=180371"}],"version-history":[{"count":1,"href":"https:\/\/www.sonoraenequipo.com.mx\/api\/wp\/v2\/posts\/180371\/revisions"}],"predecessor-version":[{"id":180373,"href":"https:\/\/www.sonoraenequipo.com.mx\/api\/wp\/v2\/posts\/180371\/revisions\/180373"}],"wp:featuredmedia":[{"embeddable":true,"href":"https:\/\/www.sonoraenequipo.com.mx\/api\/wp\/v2\/media\/180372"}],"wp:attachment":[{"href":"https:\/\/www.sonoraenequipo.com.mx\/api\/wp\/v2\/media?parent=180371"}],"wp:term":[{"taxonomy":"category","embeddable":true,"href":"https:\/\/www.sonoraenequipo.com.mx\/api\/wp\/v2\/categories?post=180371"},{"taxonomy":"post_tag","embeddable":true,"href":"https:\/\/www.sonoraenequipo.com.mx\/api\/wp\/v2\/tags?post=180371"}],"curies":[{"name":"wp","href":"https:\/\/api.w.org\/{rel}","templated":true}]}}