{"id":180380,"date":"2023-12-04T14:09:15","date_gmt":"2023-12-04T21:09:15","guid":{"rendered":"https:\/\/www.sonoraenequipo.com.mx\/?p=180380"},"modified":"2023-12-04T14:09:15","modified_gmt":"2023-12-04T21:09:15","slug":"inicia-la-navidad-en-cajeme-con-encendido-de-arbol-y-desfile-navideno","status":"publish","type":"post","link":"https:\/\/www.sonoraenequipo.com.mx\/inicia-la-navidad-en-cajeme-con-encendido-de-arbol-y-desfile-navideno\/","title":{"rendered":"Inicia la Navidad en Cajeme con encendido de \u00e1rbol y desfile navide\u00f1o"},"content":{"rendered":"<p>&nbsp;<\/p>\n<p><strong>CAJEME, SONORA,MX.<\/strong><strong>\u02d7\u02d7\u02d7<\/strong> Entre m\u00fasica, risas y mucha diversi\u00f3n, miles de familias se reunieron a presenciar el gran encendido del \u00e1rbol 2023.<\/p>\n<p>&nbsp;<\/p>\n<p>El acto conmemorativo inici\u00f3 con el mensaje de la Presidenta del Voluntariado de DIF Cajeme, Martha Patricia Pati\u00f1o Fierro, quien habl\u00f3 en representaci\u00f3n del Presidente Municipal, Carlos Javier Lamarque Cano, para animar a todas y todos los cajemenses en estas bellas fechas.<\/p>\n<p>&nbsp;<\/p>\n<p>\u00abMe siento honrada de hacer uso de la voz en representaci\u00f3n de mi esposo, el Alcalde Javier Lamarque, que sepan que si \u00e9l hoy en d\u00eda puede dirigir este municipio es gracias al apoyo y respaldo de las familias de Cajeme que ponen su confianza en que juntos vamos a construir una sociedad con seguridad, desarrollo y bienestar\u00bb, afirm\u00f3 la Presidenta del Voluntariado, Patricia Pati\u00f1o.<\/p>\n<p>&nbsp;<\/p>\n<p>El evento se engalan\u00f3 con la exposici\u00f3n de unas bellas y deliciosas Casitas de Jengibre decoradas con dulces, bombones y chantill\u00ed, proporcionadas con mucho esfuerzo y dedicaci\u00f3n por parte de los alumnos de la carrera de Gastronom\u00eda de Universidad Vizcaya de las Am\u00e9ricas adem\u00e1s el tradicional desfile navide\u00f1o.<\/p>\n<p>&nbsp;<\/p>\n<p>Finalmente inici\u00f3 la cuenta regresiva para encender el \u00e1rbol navide\u00f1o, que ilumin\u00f3 toda la plaza con amor, salud, abundancia y mucha uni\u00f3n para cada hogar de Cajeme.<\/p>\n<p>&nbsp;<\/p>\n<p>Durante el protocolo estuvieron presentes funcionarios y personal de la administraci\u00f3n Municipal.<\/p>\n<p><strong>Fecha de publicaci\u00f3n\u00a0 lunes 4<\/strong><strong> de diciembre de 2023<\/strong><\/p>\n","protected":false},"excerpt":{"rendered":"<p>&nbsp; CAJEME, SONORA,MX.\u02d7\u02d7\u02d7 Entre m\u00fasica, risas y mucha diversi\u00f3n, miles de familias se reunieron a&#8230;<\/p>\n","protected":false},"author":1,"featured_media":180381,"comment_status":"open","ping_status":"open","sticky":false,"template":"","format":"standard","meta":{"_monsterinsights_skip_tracking":false,"_monsterinsights_sitenote_active":false,"_monsterinsights_sitenote_note":"","_monsterinsights_sitenote_category":0,"footnotes":""},"categories":[4],"tags":[],"class_list":["post"],"yoast_head":" \n<title>Sonora en Equipo. Inicia la Navidad en Cajeme con encendido de \u00e1rbol y desfile navide\u00f1o Municipios<\/title>\n<meta name=\"description\" content=\"&nbsp; CAJEME, SONORA,MX.\u02d7\u02d7\u02d7 Entre m\u00fasica, risas y mucha diversi\u00f3n, miles de familias se reunieron a presenciar el gran encendido del \u00e1rbol 2023. &nbsp; En Sonora en Equipo publicamos toda la informaci\u00f3n de Sonora, M\u00e9xico y el Mundo de manera oportuna y busca que la libertad de expresi\u00f3n sea real. Visita nuestro medio informativo publicado desde Hermosillo, Sonora. %\" \/>\n<meta name=\"robots\" content=\"index, follow, max-snippet:-1, max-image-preview:large, max-video-preview:-1\" \/>\n<link rel=\"canonical\" href=\"https:\/\/www.sonoraenequipo.com.mx\/inicia-la-navidad-en-cajeme-con-encendido-de-arbol-y-desfile-navideno\/\" \/>\n<meta property=\"og:locale\" content=\"es_ES\" \/>\n<meta property=\"og:type\" content=\"article\" \/>\n<meta property=\"og:title\" content=\"Sonora en Equipo. Inicia la Navidad en Cajeme con encendido de \u00e1rbol y desfile navide\u00f1o Municipios\" \/>\n<meta property=\"og:description\" content=\"&nbsp; CAJEME, SONORA,MX.\u02d7\u02d7\u02d7 Entre m\u00fasica, risas y mucha diversi\u00f3n, miles de familias se reunieron a presenciar el gran encendido del \u00e1rbol 2023. &nbsp; En Sonora en Equipo publicamos toda la informaci\u00f3n de Sonora, M\u00e9xico y el Mundo de manera oportuna y busca que la libertad de expresi\u00f3n sea real. Visita nuestro medio informativo publicado desde Hermosillo, Sonora. %\" \/>\n<meta property=\"og:url\" content=\"https:\/\/www.sonoraenequipo.com.mx\/inicia-la-navidad-en-cajeme-con-encendido-de-arbol-y-desfile-navideno\/\" \/>\n<meta property=\"og:site_name\" content=\"Sonora en Equipo.\" \/>\n<meta property=\"article:publisher\" content=\"https:\/\/www.facebook.com\/SonoraEE\/\" \/>\n<meta property=\"article:author\" content=\"https:\/\/www.facebook.com\/SonoraEE\" \/>\n<meta property=\"article:published_time\" content=\"2023-12-04T21:09:15+00:00\" \/>\n<meta property=\"og:image\" content=\"https:\/\/www.sonoraenequipo.com.mx\/storage\/2023\/12\/desfile-cob.jpg\" \/>\n\t<meta property=\"og:image:width\" content=\"900\" \/>\n\t<meta property=\"og:image:height\" content=\"505\" \/>\n\t<meta property=\"og:image:type\" content=\"image\/jpeg\" \/>\n<meta name=\"author\" content=\"enequipo\" \/>\n<meta name=\"twitter:card\" content=\"summary_large_image\" \/>\n<meta name=\"twitter:creator\" content=\"@sonoraenequipo\" \/>\n<meta name=\"twitter:site\" content=\"@sonoraenequipo\" \/>\n<meta name=\"twitter:label1\" content=\"Escrito por\" \/>\n\t<meta name=\"twitter:data1\" content=\"enequipo\" \/>\n\t<meta name=\"twitter:label2\" content=\"Tiempo de lectura\" \/>\n\t<meta name=\"twitter:data2\" content=\"1 minuto\" \/>\n<script type=\"application\/ld+json\" class=\"yoast-schema-graph\">{\"@context\":\"https:\/\/schema.org\",\"@graph\":[{\"@type\":\"Article\",\"@id\":\"https:\/\/www.sonoraenequipo.com.mx\/inicia-la-navidad-en-cajeme-con-encendido-de-arbol-y-desfile-navideno\/#article\",\"isPartOf\":{\"@id\":\"https:\/\/www.sonoraenequipo.com.mx\/inicia-la-navidad-en-cajeme-con-encendido-de-arbol-y-desfile-navideno\/\"},\"author\":{\"name\":\"enequipo\",\"@id\":\"https:\/\/www.sonoraenequipo.com.mx\/#\/schema\/person\/50102df0fb23a8fa9e8effad8fa81386\"},\"headline\":\"Inicia la Navidad en Cajeme con encendido de \u00e1rbol y desfile navide\u00f1o\",\"datePublished\":\"2023-12-04T21:09:15+00:00\",\"mainEntityOfPage\":{\"@id\":\"https:\/\/www.sonoraenequipo.com.mx\/inicia-la-navidad-en-cajeme-con-encendido-de-arbol-y-desfile-navideno\/\"},\"wordCount\":258,\"commentCount\":0,\"publisher\":{\"@id\":\"https:\/\/www.sonoraenequipo.com.mx\/#organization\"},\"image\":{\"@id\":\"https:\/\/www.sonoraenequipo.com.mx\/inicia-la-navidad-en-cajeme-con-encendido-de-arbol-y-desfile-navideno\/#primaryimage\"},\"thumbnailUrl\":\"https:\/\/www.sonoraenequipo.com.mx\/storage\/2023\/12\/desfile-cob.jpg\",\"articleSection\":[\"Municipios\"],\"inLanguage\":\"es\",\"potentialAction\":[{\"@type\":\"CommentAction\",\"name\":\"Comment\",\"target\":[\"https:\/\/www.sonoraenequipo.com.mx\/inicia-la-navidad-en-cajeme-con-encendido-de-arbol-y-desfile-navideno\/#respond\"]}]},{\"@type\":\"WebPage\",\"@id\":\"https:\/\/www.sonoraenequipo.com.mx\/inicia-la-navidad-en-cajeme-con-encendido-de-arbol-y-desfile-navideno\/\",\"url\":\"https:\/\/www.sonoraenequipo.com.mx\/inicia-la-navidad-en-cajeme-con-encendido-de-arbol-y-desfile-navideno\/\",\"name\":\"Sonora en Equipo. Inicia la Navidad en Cajeme con encendido de \u00e1rbol y desfile navide\u00f1o Municipios\",\"isPartOf\":{\"@id\":\"https:\/\/www.sonoraenequipo.com.mx\/#website\"},\"primaryImageOfPage\":{\"@id\":\"https:\/\/www.sonoraenequipo.com.mx\/inicia-la-navidad-en-cajeme-con-encendido-de-arbol-y-desfile-navideno\/#primaryimage\"},\"image\":{\"@id\":\"https:\/\/www.sonoraenequipo.com.mx\/inicia-la-navidad-en-cajeme-con-encendido-de-arbol-y-desfile-navideno\/#primaryimage\"},\"thumbnailUrl\":\"https:\/\/www.sonoraenequipo.com.mx\/storage\/2023\/12\/desfile-cob.jpg\",\"datePublished\":\"2023-12-04T21:09:15+00:00\",\"description\":\"&nbsp; CAJEME, SONORA,MX.\u02d7\u02d7\u02d7 Entre m\u00fasica, risas y mucha diversi\u00f3n, miles de familias se reunieron a presenciar el gran encendido del \u00e1rbol 2023. &nbsp; En Sonora en Equipo publicamos toda la informaci\u00f3n de Sonora, M\u00e9xico y el Mundo de manera oportuna y busca que la libertad de expresi\u00f3n sea real. Visita nuestro medio informativo publicado desde Hermosillo, Sonora. %\",\"breadcrumb\":{\"@id\":\"https:\/\/www.sonoraenequipo.com.mx\/inicia-la-navidad-en-cajeme-con-encendido-de-arbol-y-desfile-navideno\/#breadcrumb\"},\"inLanguage\":\"es\",\"potentialAction\":[{\"@type\":\"ReadAction\",\"target\":[\"https:\/\/www.sonoraenequipo.com.mx\/inicia-la-navidad-en-cajeme-con-encendido-de-arbol-y-desfile-navideno\/\"]}]},{\"@type\":\"ImageObject\",\"inLanguage\":\"es\",\"@id\":\"https:\/\/www.sonoraenequipo.com.mx\/inicia-la-navidad-en-cajeme-con-encendido-de-arbol-y-desfile-navideno\/#primaryimage\",\"url\":\"https:\/\/www.sonoraenequipo.com.mx\/storage\/2023\/12\/desfile-cob.jpg\",\"contentUrl\":\"https:\/\/www.sonoraenequipo.com.mx\/storage\/2023\/12\/desfile-cob.jpg\",\"width\":900,\"height\":505},{\"@type\":\"BreadcrumbList\",\"@id\":\"https:\/\/www.sonoraenequipo.com.mx\/inicia-la-navidad-en-cajeme-con-encendido-de-arbol-y-desfile-navideno\/#breadcrumb\",\"itemListElement\":[{\"@type\":\"ListItem\",\"position\":1,\"name\":\"Portada\",\"item\":\"https:\/\/www.sonoraenequipo.com.mx\/\"},{\"@type\":\"ListItem\",\"position\":2,\"name\":\"Inicia la Navidad en Cajeme con encendido de \u00e1rbol y desfile navide\u00f1o\"}]},{\"@type\":\"WebSite\",\"@id\":\"https:\/\/www.sonoraenequipo.com.mx\/#website\",\"url\":\"https:\/\/www.sonoraenequipo.com.mx\/\",\"name\":\"Sonora en Equipo.\",\"description\":\"Diario en l\u00ednea con Noticias desde Hermosillo, Sonora\",\"publisher\":{\"@id\":\"https:\/\/www.sonoraenequipo.com.mx\/#organization\"},\"potentialAction\":[{\"@type\":\"SearchAction\",\"target\":{\"@type\":\"EntryPoint\",\"urlTemplate\":\"https:\/\/www.sonoraenequipo.com.mx\/?s={search_term_string}\"},\"query-input\":{\"@type\":\"PropertyValueSpecification\",\"valueRequired\":true,\"valueName\":\"search_term_string\"}}],\"inLanguage\":\"es\"},{\"@type\":\"Organization\",\"@id\":\"https:\/\/www.sonoraenequipo.com.mx\/#organization\",\"name\":\"Sonoraenequipo.com.mx\",\"url\":\"https:\/\/www.sonoraenequipo.com.mx\/\",\"logo\":{\"@type\":\"ImageObject\",\"inLanguage\":\"es\",\"@id\":\"https:\/\/www.sonoraenequipo.com.mx\/#\/schema\/logo\/image\/\",\"url\":\"https:\/\/www.sonoraenequipo.com.mx\/storage\/2019\/01\/sonoraenequipo_opt.png\",\"contentUrl\":\"https:\/\/www.sonoraenequipo.com.mx\/storage\/2019\/01\/sonoraenequipo_opt.png\",\"width\":375,\"height\":125,\"caption\":\"Sonoraenequipo.com.mx\"},\"image\":{\"@id\":\"https:\/\/www.sonoraenequipo.com.mx\/#\/schema\/logo\/image\/\"},\"sameAs\":[\"https:\/\/www.facebook.com\/SonoraEE\/\",\"https:\/\/x.com\/sonoraenequipo\",\"https:\/\/www.youtube.com\/channel\/UC338nW-lPEYmJQs4ZABQ1SQ\"]},{\"@type\":\"Person\",\"@id\":\"https:\/\/www.sonoraenequipo.com.mx\/#\/schema\/person\/50102df0fb23a8fa9e8effad8fa81386\",\"name\":\"enequipo\",\"image\":{\"@type\":\"ImageObject\",\"inLanguage\":\"es\",\"@id\":\"https:\/\/www.sonoraenequipo.com.mx\/#\/schema\/person\/image\/\",\"url\":\"https:\/\/secure.gravatar.com\/avatar\/049821681b589dabc0bc20695993ccebb09f5b5d4d790cd9251b97faac7c652b?s=96&d=blank&r=g\",\"contentUrl\":\"https:\/\/secure.gravatar.com\/avatar\/049821681b589dabc0bc20695993ccebb09f5b5d4d790cd9251b97faac7c652b?s=96&d=blank&r=g\",\"caption\":\"enequipo\"},\"sameAs\":[\"https:\/\/www.facebook.com\/SonoraEE\"]}]}<\/script>\n ","yoast_head_json":{"title":"Sonora en Equipo. Inicia la Navidad en Cajeme con encendido de \u00e1rbol y desfile navide\u00f1o Municipios","description":"&nbsp; CAJEME, SONORA,MX.\u02d7\u02d7\u02d7 Entre m\u00fasica, risas y mucha diversi\u00f3n, miles de familias se reunieron a presenciar el gran encendido del \u00e1rbol 2023. &nbsp; En Sonora en Equipo publicamos toda la informaci\u00f3n de Sonora, M\u00e9xico y el Mundo de manera oportuna y busca que la libertad de expresi\u00f3n sea real. Visita nuestro medio informativo publicado desde Hermosillo, Sonora. %","robots":{"index":"index","follow":"follow","max-snippet":"max-snippet:-1","max-image-preview":"max-image-preview:large","max-video-preview":"max-video-preview:-1"},"canonical":"https:\/\/www.sonoraenequipo.com.mx\/inicia-la-navidad-en-cajeme-con-encendido-de-arbol-y-desfile-navideno\/","og_locale":"es_ES","og_type":"article","og_title":"Sonora en Equipo. Inicia la Navidad en Cajeme con encendido de \u00e1rbol y desfile navide\u00f1o Municipios","og_description":"&nbsp; CAJEME, SONORA,MX.\u02d7\u02d7\u02d7 Entre m\u00fasica, risas y mucha diversi\u00f3n, miles de familias se reunieron a presenciar el gran encendido del \u00e1rbol 2023. &nbsp; En Sonora en Equipo publicamos toda la informaci\u00f3n de Sonora, M\u00e9xico y el Mundo de manera oportuna y busca que la libertad de expresi\u00f3n sea real. Visita nuestro medio informativo publicado desde Hermosillo, Sonora. %","og_url":"https:\/\/www.sonoraenequipo.com.mx\/inicia-la-navidad-en-cajeme-con-encendido-de-arbol-y-desfile-navideno\/","og_site_name":"Sonora en Equipo.","article_publisher":"https:\/\/www.facebook.com\/SonoraEE\/","article_author":"https:\/\/www.facebook.com\/SonoraEE","article_published_time":"2023-12-04T21:09:15+00:00","og_image":[{"width":900,"height":505,"url":"https:\/\/www.sonoraenequipo.com.mx\/storage\/2023\/12\/desfile-cob.jpg","type":"image\/jpeg"}],"author":"enequipo","twitter_card":"summary_large_image","twitter_creator":"@sonoraenequipo","twitter_site":"@sonoraenequipo","twitter_misc":{"Escrito por":"enequipo","Tiempo de lectura":"1 minuto"},"schema":{"@context":"https:\/\/schema.org","@graph":[{"@type":"Article","@id":"https:\/\/www.sonoraenequipo.com.mx\/inicia-la-navidad-en-cajeme-con-encendido-de-arbol-y-desfile-navideno\/#article","isPartOf":{"@id":"https:\/\/www.sonoraenequipo.com.mx\/inicia-la-navidad-en-cajeme-con-encendido-de-arbol-y-desfile-navideno\/"},"author":{"name":"enequipo","@id":"https:\/\/www.sonoraenequipo.com.mx\/#\/schema\/person\/50102df0fb23a8fa9e8effad8fa81386"},"headline":"Inicia la Navidad en Cajeme con encendido de \u00e1rbol y desfile navide\u00f1o","datePublished":"2023-12-04T21:09:15+00:00","mainEntityOfPage":{"@id":"https:\/\/www.sonoraenequipo.com.mx\/inicia-la-navidad-en-cajeme-con-encendido-de-arbol-y-desfile-navideno\/"},"wordCount":258,"commentCount":0,"publisher":{"@id":"https:\/\/www.sonoraenequipo.com.mx\/#organization"},"image":{"@id":"https:\/\/www.sonoraenequipo.com.mx\/inicia-la-navidad-en-cajeme-con-encendido-de-arbol-y-desfile-navideno\/#primaryimage"},"thumbnailUrl":"https:\/\/www.sonoraenequipo.com.mx\/storage\/2023\/12\/desfile-cob.jpg","articleSection":["Municipios"],"inLanguage":"es","potentialAction":[{"@type":"CommentAction","name":"Comment","target":["https:\/\/www.sonoraenequipo.com.mx\/inicia-la-navidad-en-cajeme-con-encendido-de-arbol-y-desfile-navideno\/#respond"]}]},{"@type":"WebPage","@id":"https:\/\/www.sonoraenequipo.com.mx\/inicia-la-navidad-en-cajeme-con-encendido-de-arbol-y-desfile-navideno\/","url":"https:\/\/www.sonoraenequipo.com.mx\/inicia-la-navidad-en-cajeme-con-encendido-de-arbol-y-desfile-navideno\/","name":"Sonora en Equipo. Inicia la Navidad en Cajeme con encendido de \u00e1rbol y desfile navide\u00f1o Municipios","isPartOf":{"@id":"https:\/\/www.sonoraenequipo.com.mx\/#website"},"primaryImageOfPage":{"@id":"https:\/\/www.sonoraenequipo.com.mx\/inicia-la-navidad-en-cajeme-con-encendido-de-arbol-y-desfile-navideno\/#primaryimage"},"image":{"@id":"https:\/\/www.sonoraenequipo.com.mx\/inicia-la-navidad-en-cajeme-con-encendido-de-arbol-y-desfile-navideno\/#primaryimage"},"thumbnailUrl":"https:\/\/www.sonoraenequipo.com.mx\/storage\/2023\/12\/desfile-cob.jpg","datePublished":"2023-12-04T21:09:15+00:00","description":"&nbsp; CAJEME, SONORA,MX.\u02d7\u02d7\u02d7 Entre m\u00fasica, risas y mucha diversi\u00f3n, miles de familias se reunieron a presenciar el gran encendido del \u00e1rbol 2023. &nbsp; En Sonora en Equipo publicamos toda la informaci\u00f3n de Sonora, M\u00e9xico y el Mundo de manera oportuna y busca que la libertad de expresi\u00f3n sea real. Visita nuestro medio informativo publicado desde Hermosillo, Sonora. %","breadcrumb":{"@id":"https:\/\/www.sonoraenequipo.com.mx\/inicia-la-navidad-en-cajeme-con-encendido-de-arbol-y-desfile-navideno\/#breadcrumb"},"inLanguage":"es","potentialAction":[{"@type":"ReadAction","target":["https:\/\/www.sonoraenequipo.com.mx\/inicia-la-navidad-en-cajeme-con-encendido-de-arbol-y-desfile-navideno\/"]}]},{"@type":"ImageObject","inLanguage":"es","@id":"https:\/\/www.sonoraenequipo.com.mx\/inicia-la-navidad-en-cajeme-con-encendido-de-arbol-y-desfile-navideno\/#primaryimage","url":"https:\/\/www.sonoraenequipo.com.mx\/storage\/2023\/12\/desfile-cob.jpg","contentUrl":"https:\/\/www.sonoraenequipo.com.mx\/storage\/2023\/12\/desfile-cob.jpg","width":900,"height":505},{"@type":"BreadcrumbList","@id":"https:\/\/www.sonoraenequipo.com.mx\/inicia-la-navidad-en-cajeme-con-encendido-de-arbol-y-desfile-navideno\/#breadcrumb","itemListElement":[{"@type":"ListItem","position":1,"name":"Portada","item":"https:\/\/www.sonoraenequipo.com.mx\/"},{"@type":"ListItem","position":2,"name":"Inicia la Navidad en Cajeme con encendido de \u00e1rbol y desfile navide\u00f1o"}]},{"@type":"WebSite","@id":"https:\/\/www.sonoraenequipo.com.mx\/#website","url":"https:\/\/www.sonoraenequipo.com.mx\/","name":"Sonora en Equipo.","description":"Diario en l\u00ednea con Noticias desde Hermosillo, Sonora","publisher":{"@id":"https:\/\/www.sonoraenequipo.com.mx\/#organization"},"potentialAction":[{"@type":"SearchAction","target":{"@type":"EntryPoint","urlTemplate":"https:\/\/www.sonoraenequipo.com.mx\/?s={search_term_string}"},"query-input":{"@type":"PropertyValueSpecification","valueRequired":true,"valueName":"search_term_string"}}],"inLanguage":"es"},{"@type":"Organization","@id":"https:\/\/www.sonoraenequipo.com.mx\/#organization","name":"Sonoraenequipo.com.mx","url":"https:\/\/www.sonoraenequipo.com.mx\/","logo":{"@type":"ImageObject","inLanguage":"es","@id":"https:\/\/www.sonoraenequipo.com.mx\/#\/schema\/logo\/image\/","url":"https:\/\/www.sonoraenequipo.com.mx\/storage\/2019\/01\/sonoraenequipo_opt.png","contentUrl":"https:\/\/www.sonoraenequipo.com.mx\/storage\/2019\/01\/sonoraenequipo_opt.png","width":375,"height":125,"caption":"Sonoraenequipo.com.mx"},"image":{"@id":"https:\/\/www.sonoraenequipo.com.mx\/#\/schema\/logo\/image\/"},"sameAs":["https:\/\/www.facebook.com\/SonoraEE\/","https:\/\/x.com\/sonoraenequipo","https:\/\/www.youtube.com\/channel\/UC338nW-lPEYmJQs4ZABQ1SQ"]},{"@type":"Person","@id":"https:\/\/www.sonoraenequipo.com.mx\/#\/schema\/person\/50102df0fb23a8fa9e8effad8fa81386","name":"enequipo","image":{"@type":"ImageObject","inLanguage":"es","@id":"https:\/\/www.sonoraenequipo.com.mx\/#\/schema\/person\/image\/","url":"https:\/\/secure.gravatar.com\/avatar\/049821681b589dabc0bc20695993ccebb09f5b5d4d790cd9251b97faac7c652b?s=96&d=blank&r=g","contentUrl":"https:\/\/secure.gravatar.com\/avatar\/049821681b589dabc0bc20695993ccebb09f5b5d4d790cd9251b97faac7c652b?s=96&d=blank&r=g","caption":"enequipo"},"sameAs":["https:\/\/www.facebook.com\/SonoraEE"]}]}},"jetpack_featured_media_url":"https:\/\/www.sonoraenequipo.com.mx\/storage\/2023\/12\/desfile-cob.jpg","_links":{"self":[{"href":"https:\/\/www.sonoraenequipo.com.mx\/api\/wp\/v2\/posts\/180380","targetHints":{"allow":["GET"]}}],"collection":[{"href":"https:\/\/www.sonoraenequipo.com.mx\/api\/wp\/v2\/posts"}],"about":[{"href":"https:\/\/www.sonoraenequipo.com.mx\/api\/wp\/v2\/types\/post"}],"author":[{"embeddable":true,"href":"https:\/\/www.sonoraenequipo.com.mx\/api\/wp\/v2\/users\/1"}],"replies":[{"embeddable":true,"href":"https:\/\/www.sonoraenequipo.com.mx\/api\/wp\/v2\/comments?post=180380"}],"version-history":[{"count":1,"href":"https:\/\/www.sonoraenequipo.com.mx\/api\/wp\/v2\/posts\/180380\/revisions"}],"predecessor-version":[{"id":180382,"href":"https:\/\/www.sonoraenequipo.com.mx\/api\/wp\/v2\/posts\/180380\/revisions\/180382"}],"wp:featuredmedia":[{"embeddable":true,"href":"https:\/\/www.sonoraenequipo.com.mx\/api\/wp\/v2\/media\/180381"}],"wp:attachment":[{"href":"https:\/\/www.sonoraenequipo.com.mx\/api\/wp\/v2\/media?parent=180380"}],"wp:term":[{"taxonomy":"category","embeddable":true,"href":"https:\/\/www.sonoraenequipo.com.mx\/api\/wp\/v2\/categories?post=180380"},{"taxonomy":"post_tag","embeddable":true,"href":"https:\/\/www.sonoraenequipo.com.mx\/api\/wp\/v2\/tags?post=180380"}],"curies":[{"name":"wp","href":"https:\/\/api.w.org\/{rel}","templated":true}]}}