{"id":180387,"date":"2023-12-04T15:12:47","date_gmt":"2023-12-04T22:12:47","guid":{"rendered":"https:\/\/www.sonoraenequipo.com.mx\/?p=180387"},"modified":"2023-12-04T15:12:47","modified_gmt":"2023-12-04T22:12:47","slug":"nicaragua-retira-a-embajador-en-argentina-tras-declaraciones-de-milei","status":"publish","type":"post","link":"https:\/\/www.sonoraenequipo.com.mx\/nicaragua-retira-a-embajador-en-argentina-tras-declaraciones-de-milei\/","title":{"rendered":"Nicaragua retira a embajador\u00a0 en Argentina tras declaraciones de Milei"},"content":{"rendered":"<p>El gobierno de Nicaragua anunci\u00f3 el lunes el retiro de su embajador en Argentina, Carlos Midence, d\u00edas antes de la toma de posesi\u00f3n del presidente electo de ese pa\u00eds, Javier Milei.<\/p>\n<p>&nbsp;<\/p>\n<p>El comunicado firmado por el ministro de Relaciones Exteriores, Denis Moncada, expresa que la decisi\u00f3n responde a declaraciones de la entrante administraci\u00f3n argentina sobre el gobierno nicarag\u00fcense.<\/p>\n<p>&nbsp;<\/p>\n<p>\u201cAnte la instalaci\u00f3n y toma de posesi\u00f3n de un nuevo gobierno en la rep\u00fablica Argentina, inauguraci\u00f3n que se realizar\u00e1 el pr\u00f3ximo 10 de diciembre, y frente a reiteradas declaraciones y expresiones de los nuevos gobernantes, el Gobierno de Reconciliaci\u00f3n y Unidad Nacional de Nicaragua ha procedido a retirar a su embajador, Carlos Midence\u201d, reza la nota oficial.<\/p>\n<p>Medios internacionales informaron d\u00edas atr\u00e1s que el gobierno nicarag\u00fcense no fue invitado a la toma de posesi\u00f3n de Milei, sin embargo no hay un pronunciamiento oficial al respecto.<\/p>\n<p>&nbsp;<\/p>\n<p>Lo que s\u00ed se conoce es que Milei durante su campa\u00f1a electoral prometi\u00f3 suspender relaciones diplom\u00e1ticas con los \u00abreg\u00edmenes autoritarios\u00bb, incluyendo al gobierno de Daniel Ortega, se\u00f1alado de graves violaciones a los derechos humanos.<\/p>\n<p>&nbsp;<\/p>\n<p>En declaraciones a la agencia Bloomberg, Milei dijo que su gobierno \u00abno promover\u00eda las relaciones con comunistas, ni con Venezuela, con Cuba, ni con Nicaragua, ni con China\u201d.<\/p>\n<p><strong>Fecha de publicaci\u00f3n\u00a0 lunes 4<\/strong><strong> de diciembre de 2023 \/ VOA<\/strong><\/p>\n","protected":false},"excerpt":{"rendered":"<p>El gobierno de Nicaragua anunci\u00f3 el lunes el retiro de su embajador en Argentina, Carlos&#8230;<\/p>\n","protected":false},"author":1,"featured_media":180251,"comment_status":"open","ping_status":"open","sticky":false,"template":"","format":"standard","meta":{"_monsterinsights_skip_tracking":false,"_monsterinsights_sitenote_active":false,"_monsterinsights_sitenote_note":"","_monsterinsights_sitenote_category":0,"footnotes":""},"categories":[3],"tags":[807,9186],"class_list":["post"],"yoast_head":" \n<title>Sonora en Equipo. Nicaragua retira a embajador\u00a0 en Argentina tras declaraciones de Milei MUNDO<\/title>\n<meta name=\"description\" content=\"El gobierno de Nicaragua anunci\u00f3 el lunes el retiro de su embajador en Argentina, Carlos Midence, d\u00edas antes de la toma de posesi\u00f3n del presidente electo En Sonora en Equipo publicamos toda la informaci\u00f3n de Sonora, M\u00e9xico y el Mundo de manera oportuna y busca que la libertad de expresi\u00f3n sea real. Visita nuestro medio informativo publicado desde Hermosillo, Sonora. %\" \/>\n<meta name=\"robots\" content=\"index, follow, max-snippet:-1, max-image-preview:large, max-video-preview:-1\" \/>\n<link rel=\"canonical\" href=\"https:\/\/www.sonoraenequipo.com.mx\/nicaragua-retira-a-embajador-en-argentina-tras-declaraciones-de-milei\/\" \/>\n<meta property=\"og:locale\" content=\"es_ES\" \/>\n<meta property=\"og:type\" content=\"article\" \/>\n<meta property=\"og:title\" content=\"Sonora en Equipo. Nicaragua retira a embajador\u00a0 en Argentina tras declaraciones de Milei MUNDO\" \/>\n<meta property=\"og:description\" content=\"El gobierno de Nicaragua anunci\u00f3 el lunes el retiro de su embajador en Argentina, Carlos Midence, d\u00edas antes de la toma de posesi\u00f3n del presidente electo En Sonora en Equipo publicamos toda la informaci\u00f3n de Sonora, M\u00e9xico y el Mundo de manera oportuna y busca que la libertad de expresi\u00f3n sea real. Visita nuestro medio informativo publicado desde Hermosillo, Sonora. %\" \/>\n<meta property=\"og:url\" content=\"https:\/\/www.sonoraenequipo.com.mx\/nicaragua-retira-a-embajador-en-argentina-tras-declaraciones-de-milei\/\" \/>\n<meta property=\"og:site_name\" content=\"Sonora en Equipo.\" \/>\n<meta property=\"article:publisher\" content=\"https:\/\/www.facebook.com\/SonoraEE\/\" \/>\n<meta property=\"article:author\" content=\"https:\/\/www.facebook.com\/SonoraEE\" \/>\n<meta property=\"article:published_time\" content=\"2023-12-04T22:12:47+00:00\" \/>\n<meta property=\"og:image\" content=\"https:\/\/www.sonoraenequipo.com.mx\/storage\/2023\/12\/milei-argentina...-min-2.jpg\" \/>\n\t<meta property=\"og:image:width\" content=\"894\" \/>\n\t<meta property=\"og:image:height\" content=\"506\" \/>\n\t<meta property=\"og:image:type\" content=\"image\/jpeg\" \/>\n<meta name=\"author\" content=\"enequipo\" \/>\n<meta name=\"twitter:card\" content=\"summary_large_image\" \/>\n<meta name=\"twitter:creator\" content=\"@sonoraenequipo\" \/>\n<meta name=\"twitter:site\" content=\"@sonoraenequipo\" \/>\n<meta name=\"twitter:label1\" content=\"Escrito por\" \/>\n\t<meta name=\"twitter:data1\" content=\"enequipo\" \/>\n\t<meta name=\"twitter:label2\" content=\"Tiempo de lectura\" \/>\n\t<meta name=\"twitter:data2\" content=\"1 minuto\" \/>\n<script type=\"application\/ld+json\" class=\"yoast-schema-graph\">{\"@context\":\"https:\/\/schema.org\",\"@graph\":[{\"@type\":\"Article\",\"@id\":\"https:\/\/www.sonoraenequipo.com.mx\/nicaragua-retira-a-embajador-en-argentina-tras-declaraciones-de-milei\/#article\",\"isPartOf\":{\"@id\":\"https:\/\/www.sonoraenequipo.com.mx\/nicaragua-retira-a-embajador-en-argentina-tras-declaraciones-de-milei\/\"},\"author\":{\"name\":\"enequipo\",\"@id\":\"https:\/\/www.sonoraenequipo.com.mx\/#\/schema\/person\/50102df0fb23a8fa9e8effad8fa81386\"},\"headline\":\"Nicaragua retira a embajador\u00a0 en Argentina tras declaraciones de Milei\",\"datePublished\":\"2023-12-04T22:12:47+00:00\",\"mainEntityOfPage\":{\"@id\":\"https:\/\/www.sonoraenequipo.com.mx\/nicaragua-retira-a-embajador-en-argentina-tras-declaraciones-de-milei\/\"},\"wordCount\":248,\"commentCount\":0,\"publisher\":{\"@id\":\"https:\/\/www.sonoraenequipo.com.mx\/#organization\"},\"image\":{\"@id\":\"https:\/\/www.sonoraenequipo.com.mx\/nicaragua-retira-a-embajador-en-argentina-tras-declaraciones-de-milei\/#primaryimage\"},\"thumbnailUrl\":\"https:\/\/www.sonoraenequipo.com.mx\/storage\/2023\/12\/milei-argentina...-min-2.jpg\",\"keywords\":[\"Argentina\",\"milei\"],\"articleSection\":[\"MUNDO\"],\"inLanguage\":\"es\",\"potentialAction\":[{\"@type\":\"CommentAction\",\"name\":\"Comment\",\"target\":[\"https:\/\/www.sonoraenequipo.com.mx\/nicaragua-retira-a-embajador-en-argentina-tras-declaraciones-de-milei\/#respond\"]}]},{\"@type\":\"WebPage\",\"@id\":\"https:\/\/www.sonoraenequipo.com.mx\/nicaragua-retira-a-embajador-en-argentina-tras-declaraciones-de-milei\/\",\"url\":\"https:\/\/www.sonoraenequipo.com.mx\/nicaragua-retira-a-embajador-en-argentina-tras-declaraciones-de-milei\/\",\"name\":\"Sonora en Equipo. Nicaragua retira a embajador\u00a0 en Argentina tras declaraciones de Milei MUNDO\",\"isPartOf\":{\"@id\":\"https:\/\/www.sonoraenequipo.com.mx\/#website\"},\"primaryImageOfPage\":{\"@id\":\"https:\/\/www.sonoraenequipo.com.mx\/nicaragua-retira-a-embajador-en-argentina-tras-declaraciones-de-milei\/#primaryimage\"},\"image\":{\"@id\":\"https:\/\/www.sonoraenequipo.com.mx\/nicaragua-retira-a-embajador-en-argentina-tras-declaraciones-de-milei\/#primaryimage\"},\"thumbnailUrl\":\"https:\/\/www.sonoraenequipo.com.mx\/storage\/2023\/12\/milei-argentina...-min-2.jpg\",\"datePublished\":\"2023-12-04T22:12:47+00:00\",\"description\":\"El gobierno de Nicaragua anunci\u00f3 el lunes el retiro de su embajador en Argentina, Carlos Midence, d\u00edas antes de la toma de posesi\u00f3n del presidente electo En Sonora en Equipo publicamos toda la informaci\u00f3n de Sonora, M\u00e9xico y el Mundo de manera oportuna y busca que la libertad de expresi\u00f3n sea real. Visita nuestro medio informativo publicado desde Hermosillo, Sonora. %\",\"breadcrumb\":{\"@id\":\"https:\/\/www.sonoraenequipo.com.mx\/nicaragua-retira-a-embajador-en-argentina-tras-declaraciones-de-milei\/#breadcrumb\"},\"inLanguage\":\"es\",\"potentialAction\":[{\"@type\":\"ReadAction\",\"target\":[\"https:\/\/www.sonoraenequipo.com.mx\/nicaragua-retira-a-embajador-en-argentina-tras-declaraciones-de-milei\/\"]}]},{\"@type\":\"ImageObject\",\"inLanguage\":\"es\",\"@id\":\"https:\/\/www.sonoraenequipo.com.mx\/nicaragua-retira-a-embajador-en-argentina-tras-declaraciones-de-milei\/#primaryimage\",\"url\":\"https:\/\/www.sonoraenequipo.com.mx\/storage\/2023\/12\/milei-argentina...-min-2.jpg\",\"contentUrl\":\"https:\/\/www.sonoraenequipo.com.mx\/storage\/2023\/12\/milei-argentina...-min-2.jpg\",\"width\":894,\"height\":506},{\"@type\":\"BreadcrumbList\",\"@id\":\"https:\/\/www.sonoraenequipo.com.mx\/nicaragua-retira-a-embajador-en-argentina-tras-declaraciones-de-milei\/#breadcrumb\",\"itemListElement\":[{\"@type\":\"ListItem\",\"position\":1,\"name\":\"Portada\",\"item\":\"https:\/\/www.sonoraenequipo.com.mx\/\"},{\"@type\":\"ListItem\",\"position\":2,\"name\":\"Nicaragua retira a embajador\u00a0 en Argentina tras declaraciones de Milei\"}]},{\"@type\":\"WebSite\",\"@id\":\"https:\/\/www.sonoraenequipo.com.mx\/#website\",\"url\":\"https:\/\/www.sonoraenequipo.com.mx\/\",\"name\":\"Sonora en Equipo.\",\"description\":\"Diario en l\u00ednea con Noticias desde Hermosillo, Sonora\",\"publisher\":{\"@id\":\"https:\/\/www.sonoraenequipo.com.mx\/#organization\"},\"potentialAction\":[{\"@type\":\"SearchAction\",\"target\":{\"@type\":\"EntryPoint\",\"urlTemplate\":\"https:\/\/www.sonoraenequipo.com.mx\/?s={search_term_string}\"},\"query-input\":{\"@type\":\"PropertyValueSpecification\",\"valueRequired\":true,\"valueName\":\"search_term_string\"}}],\"inLanguage\":\"es\"},{\"@type\":\"Organization\",\"@id\":\"https:\/\/www.sonoraenequipo.com.mx\/#organization\",\"name\":\"Sonoraenequipo.com.mx\",\"url\":\"https:\/\/www.sonoraenequipo.com.mx\/\",\"logo\":{\"@type\":\"ImageObject\",\"inLanguage\":\"es\",\"@id\":\"https:\/\/www.sonoraenequipo.com.mx\/#\/schema\/logo\/image\/\",\"url\":\"https:\/\/www.sonoraenequipo.com.mx\/storage\/2019\/01\/sonoraenequipo_opt.png\",\"contentUrl\":\"https:\/\/www.sonoraenequipo.com.mx\/storage\/2019\/01\/sonoraenequipo_opt.png\",\"width\":375,\"height\":125,\"caption\":\"Sonoraenequipo.com.mx\"},\"image\":{\"@id\":\"https:\/\/www.sonoraenequipo.com.mx\/#\/schema\/logo\/image\/\"},\"sameAs\":[\"https:\/\/www.facebook.com\/SonoraEE\/\",\"https:\/\/x.com\/sonoraenequipo\",\"https:\/\/www.youtube.com\/channel\/UC338nW-lPEYmJQs4ZABQ1SQ\"]},{\"@type\":\"Person\",\"@id\":\"https:\/\/www.sonoraenequipo.com.mx\/#\/schema\/person\/50102df0fb23a8fa9e8effad8fa81386\",\"name\":\"enequipo\",\"image\":{\"@type\":\"ImageObject\",\"inLanguage\":\"es\",\"@id\":\"https:\/\/www.sonoraenequipo.com.mx\/#\/schema\/person\/image\/\",\"url\":\"https:\/\/secure.gravatar.com\/avatar\/049821681b589dabc0bc20695993ccebb09f5b5d4d790cd9251b97faac7c652b?s=96&d=blank&r=g\",\"contentUrl\":\"https:\/\/secure.gravatar.com\/avatar\/049821681b589dabc0bc20695993ccebb09f5b5d4d790cd9251b97faac7c652b?s=96&d=blank&r=g\",\"caption\":\"enequipo\"},\"sameAs\":[\"https:\/\/www.facebook.com\/SonoraEE\"]}]}<\/script>\n ","yoast_head_json":{"title":"Sonora en Equipo. Nicaragua retira a embajador\u00a0 en Argentina tras declaraciones de Milei MUNDO","description":"El gobierno de Nicaragua anunci\u00f3 el lunes el retiro de su embajador en Argentina, Carlos Midence, d\u00edas antes de la toma de posesi\u00f3n del presidente electo En Sonora en Equipo publicamos toda la informaci\u00f3n de Sonora, M\u00e9xico y el Mundo de manera oportuna y busca que la libertad de expresi\u00f3n sea real. Visita nuestro medio informativo publicado desde Hermosillo, Sonora. %","robots":{"index":"index","follow":"follow","max-snippet":"max-snippet:-1","max-image-preview":"max-image-preview:large","max-video-preview":"max-video-preview:-1"},"canonical":"https:\/\/www.sonoraenequipo.com.mx\/nicaragua-retira-a-embajador-en-argentina-tras-declaraciones-de-milei\/","og_locale":"es_ES","og_type":"article","og_title":"Sonora en Equipo. Nicaragua retira a embajador\u00a0 en Argentina tras declaraciones de Milei MUNDO","og_description":"El gobierno de Nicaragua anunci\u00f3 el lunes el retiro de su embajador en Argentina, Carlos Midence, d\u00edas antes de la toma de posesi\u00f3n del presidente electo En Sonora en Equipo publicamos toda la informaci\u00f3n de Sonora, M\u00e9xico y el Mundo de manera oportuna y busca que la libertad de expresi\u00f3n sea real. Visita nuestro medio informativo publicado desde Hermosillo, Sonora. %","og_url":"https:\/\/www.sonoraenequipo.com.mx\/nicaragua-retira-a-embajador-en-argentina-tras-declaraciones-de-milei\/","og_site_name":"Sonora en Equipo.","article_publisher":"https:\/\/www.facebook.com\/SonoraEE\/","article_author":"https:\/\/www.facebook.com\/SonoraEE","article_published_time":"2023-12-04T22:12:47+00:00","og_image":[{"width":894,"height":506,"url":"https:\/\/www.sonoraenequipo.com.mx\/storage\/2023\/12\/milei-argentina...-min-2.jpg","type":"image\/jpeg"}],"author":"enequipo","twitter_card":"summary_large_image","twitter_creator":"@sonoraenequipo","twitter_site":"@sonoraenequipo","twitter_misc":{"Escrito por":"enequipo","Tiempo de lectura":"1 minuto"},"schema":{"@context":"https:\/\/schema.org","@graph":[{"@type":"Article","@id":"https:\/\/www.sonoraenequipo.com.mx\/nicaragua-retira-a-embajador-en-argentina-tras-declaraciones-de-milei\/#article","isPartOf":{"@id":"https:\/\/www.sonoraenequipo.com.mx\/nicaragua-retira-a-embajador-en-argentina-tras-declaraciones-de-milei\/"},"author":{"name":"enequipo","@id":"https:\/\/www.sonoraenequipo.com.mx\/#\/schema\/person\/50102df0fb23a8fa9e8effad8fa81386"},"headline":"Nicaragua retira a embajador\u00a0 en Argentina tras declaraciones de Milei","datePublished":"2023-12-04T22:12:47+00:00","mainEntityOfPage":{"@id":"https:\/\/www.sonoraenequipo.com.mx\/nicaragua-retira-a-embajador-en-argentina-tras-declaraciones-de-milei\/"},"wordCount":248,"commentCount":0,"publisher":{"@id":"https:\/\/www.sonoraenequipo.com.mx\/#organization"},"image":{"@id":"https:\/\/www.sonoraenequipo.com.mx\/nicaragua-retira-a-embajador-en-argentina-tras-declaraciones-de-milei\/#primaryimage"},"thumbnailUrl":"https:\/\/www.sonoraenequipo.com.mx\/storage\/2023\/12\/milei-argentina...-min-2.jpg","keywords":["Argentina","milei"],"articleSection":["MUNDO"],"inLanguage":"es","potentialAction":[{"@type":"CommentAction","name":"Comment","target":["https:\/\/www.sonoraenequipo.com.mx\/nicaragua-retira-a-embajador-en-argentina-tras-declaraciones-de-milei\/#respond"]}]},{"@type":"WebPage","@id":"https:\/\/www.sonoraenequipo.com.mx\/nicaragua-retira-a-embajador-en-argentina-tras-declaraciones-de-milei\/","url":"https:\/\/www.sonoraenequipo.com.mx\/nicaragua-retira-a-embajador-en-argentina-tras-declaraciones-de-milei\/","name":"Sonora en Equipo. Nicaragua retira a embajador\u00a0 en Argentina tras declaraciones de Milei MUNDO","isPartOf":{"@id":"https:\/\/www.sonoraenequipo.com.mx\/#website"},"primaryImageOfPage":{"@id":"https:\/\/www.sonoraenequipo.com.mx\/nicaragua-retira-a-embajador-en-argentina-tras-declaraciones-de-milei\/#primaryimage"},"image":{"@id":"https:\/\/www.sonoraenequipo.com.mx\/nicaragua-retira-a-embajador-en-argentina-tras-declaraciones-de-milei\/#primaryimage"},"thumbnailUrl":"https:\/\/www.sonoraenequipo.com.mx\/storage\/2023\/12\/milei-argentina...-min-2.jpg","datePublished":"2023-12-04T22:12:47+00:00","description":"El gobierno de Nicaragua anunci\u00f3 el lunes el retiro de su embajador en Argentina, Carlos Midence, d\u00edas antes de la toma de posesi\u00f3n del presidente electo En Sonora en Equipo publicamos toda la informaci\u00f3n de Sonora, M\u00e9xico y el Mundo de manera oportuna y busca que la libertad de expresi\u00f3n sea real. Visita nuestro medio informativo publicado desde Hermosillo, Sonora. %","breadcrumb":{"@id":"https:\/\/www.sonoraenequipo.com.mx\/nicaragua-retira-a-embajador-en-argentina-tras-declaraciones-de-milei\/#breadcrumb"},"inLanguage":"es","potentialAction":[{"@type":"ReadAction","target":["https:\/\/www.sonoraenequipo.com.mx\/nicaragua-retira-a-embajador-en-argentina-tras-declaraciones-de-milei\/"]}]},{"@type":"ImageObject","inLanguage":"es","@id":"https:\/\/www.sonoraenequipo.com.mx\/nicaragua-retira-a-embajador-en-argentina-tras-declaraciones-de-milei\/#primaryimage","url":"https:\/\/www.sonoraenequipo.com.mx\/storage\/2023\/12\/milei-argentina...-min-2.jpg","contentUrl":"https:\/\/www.sonoraenequipo.com.mx\/storage\/2023\/12\/milei-argentina...-min-2.jpg","width":894,"height":506},{"@type":"BreadcrumbList","@id":"https:\/\/www.sonoraenequipo.com.mx\/nicaragua-retira-a-embajador-en-argentina-tras-declaraciones-de-milei\/#breadcrumb","itemListElement":[{"@type":"ListItem","position":1,"name":"Portada","item":"https:\/\/www.sonoraenequipo.com.mx\/"},{"@type":"ListItem","position":2,"name":"Nicaragua retira a embajador\u00a0 en Argentina tras declaraciones de Milei"}]},{"@type":"WebSite","@id":"https:\/\/www.sonoraenequipo.com.mx\/#website","url":"https:\/\/www.sonoraenequipo.com.mx\/","name":"Sonora en Equipo.","description":"Diario en l\u00ednea con Noticias desde Hermosillo, Sonora","publisher":{"@id":"https:\/\/www.sonoraenequipo.com.mx\/#organization"},"potentialAction":[{"@type":"SearchAction","target":{"@type":"EntryPoint","urlTemplate":"https:\/\/www.sonoraenequipo.com.mx\/?s={search_term_string}"},"query-input":{"@type":"PropertyValueSpecification","valueRequired":true,"valueName":"search_term_string"}}],"inLanguage":"es"},{"@type":"Organization","@id":"https:\/\/www.sonoraenequipo.com.mx\/#organization","name":"Sonoraenequipo.com.mx","url":"https:\/\/www.sonoraenequipo.com.mx\/","logo":{"@type":"ImageObject","inLanguage":"es","@id":"https:\/\/www.sonoraenequipo.com.mx\/#\/schema\/logo\/image\/","url":"https:\/\/www.sonoraenequipo.com.mx\/storage\/2019\/01\/sonoraenequipo_opt.png","contentUrl":"https:\/\/www.sonoraenequipo.com.mx\/storage\/2019\/01\/sonoraenequipo_opt.png","width":375,"height":125,"caption":"Sonoraenequipo.com.mx"},"image":{"@id":"https:\/\/www.sonoraenequipo.com.mx\/#\/schema\/logo\/image\/"},"sameAs":["https:\/\/www.facebook.com\/SonoraEE\/","https:\/\/x.com\/sonoraenequipo","https:\/\/www.youtube.com\/channel\/UC338nW-lPEYmJQs4ZABQ1SQ"]},{"@type":"Person","@id":"https:\/\/www.sonoraenequipo.com.mx\/#\/schema\/person\/50102df0fb23a8fa9e8effad8fa81386","name":"enequipo","image":{"@type":"ImageObject","inLanguage":"es","@id":"https:\/\/www.sonoraenequipo.com.mx\/#\/schema\/person\/image\/","url":"https:\/\/secure.gravatar.com\/avatar\/049821681b589dabc0bc20695993ccebb09f5b5d4d790cd9251b97faac7c652b?s=96&d=blank&r=g","contentUrl":"https:\/\/secure.gravatar.com\/avatar\/049821681b589dabc0bc20695993ccebb09f5b5d4d790cd9251b97faac7c652b?s=96&d=blank&r=g","caption":"enequipo"},"sameAs":["https:\/\/www.facebook.com\/SonoraEE"]}]}},"jetpack_featured_media_url":"https:\/\/www.sonoraenequipo.com.mx\/storage\/2023\/12\/milei-argentina...-min-2.jpg","_links":{"self":[{"href":"https:\/\/www.sonoraenequipo.com.mx\/api\/wp\/v2\/posts\/180387","targetHints":{"allow":["GET"]}}],"collection":[{"href":"https:\/\/www.sonoraenequipo.com.mx\/api\/wp\/v2\/posts"}],"about":[{"href":"https:\/\/www.sonoraenequipo.com.mx\/api\/wp\/v2\/types\/post"}],"author":[{"embeddable":true,"href":"https:\/\/www.sonoraenequipo.com.mx\/api\/wp\/v2\/users\/1"}],"replies":[{"embeddable":true,"href":"https:\/\/www.sonoraenequipo.com.mx\/api\/wp\/v2\/comments?post=180387"}],"version-history":[{"count":1,"href":"https:\/\/www.sonoraenequipo.com.mx\/api\/wp\/v2\/posts\/180387\/revisions"}],"predecessor-version":[{"id":180388,"href":"https:\/\/www.sonoraenequipo.com.mx\/api\/wp\/v2\/posts\/180387\/revisions\/180388"}],"wp:featuredmedia":[{"embeddable":true,"href":"https:\/\/www.sonoraenequipo.com.mx\/api\/wp\/v2\/media\/180251"}],"wp:attachment":[{"href":"https:\/\/www.sonoraenequipo.com.mx\/api\/wp\/v2\/media?parent=180387"}],"wp:term":[{"taxonomy":"category","embeddable":true,"href":"https:\/\/www.sonoraenequipo.com.mx\/api\/wp\/v2\/categories?post=180387"},{"taxonomy":"post_tag","embeddable":true,"href":"https:\/\/www.sonoraenequipo.com.mx\/api\/wp\/v2\/tags?post=180387"}],"curies":[{"name":"wp","href":"https:\/\/api.w.org\/{rel}","templated":true}]}}