{"id":180389,"date":"2023-12-04T15:27:18","date_gmt":"2023-12-04T22:27:18","guid":{"rendered":"https:\/\/www.sonoraenequipo.com.mx\/?p=180389"},"modified":"2023-12-04T15:27:18","modified_gmt":"2023-12-04T22:27:18","slug":"avanza-tono-astiazaran-con-reciclase","status":"publish","type":"post","link":"https:\/\/www.sonoraenequipo.com.mx\/avanza-tono-astiazaran-con-reciclase\/","title":{"rendered":"Avanza To\u00f1o Astiazar\u00e1n con \u00abReciclase\u00bb"},"content":{"rendered":"<p>&nbsp;<\/p>\n<p><strong>HERMOSILLO, SONORA,MX.<\/strong><strong>\u02d7\u02d7\u02d7 <\/strong>La comunidad escolar de la primaria Faustino Fern\u00e1ndez Aguilar recibi\u00f3 en su ceremonia de Lunes C\u00edvico al Presidente Municipal Antonio Astiazar\u00e1n y a Patricia Ruibal Zaragoza, presidenta de DIF Hermosillo, as\u00ed como a quienes dirigen las \u00e1reas de Seguridad P\u00fablica y Servicios P\u00fablicos Municipales en el Ayuntamiento.<\/p>\n<p>&nbsp;<\/p>\n<p>Fue una jornada de charlas sobre los programas RECICLASE que promueve la separaci\u00f3n y aprovechamiento de materiales de desecho reciclables, as\u00ed como pl\u00e1ticas sobre prevenci\u00f3n de adicciones y conductas delictivas, los derechos de las ni\u00f1as y los ni\u00f1os y acciones para el cuidado del agua.<\/p>\n<p>&nbsp;<\/p>\n<p>Como parte del despliegue se estacionaron en los patios del plantel dos de las 220 patrullas el\u00e9ctricas de que dispone la Polic\u00eda Preventiva y Tr\u00e1nsito Municipal; un ejemplar de la unidad especial EscuaDr\u00f3n; una Patrulla Verde y un cami\u00f3n recolector de basura, para que las ni\u00f1as y ni\u00f1os con inter\u00e9s de conocerlas por dentro tuvieran oportunidad de hacerlo.<\/p>\n<p>&nbsp;<\/p>\n<p>\u201cLo que les queremos decir es que estas patrullas no estaban cuando nosotros llegamos a la administraci\u00f3n, y hoy Hermosillo es la ciudad de todo el mundo que tiene m\u00e1s patrullas el\u00e9ctricas, estas que est\u00e1n aqu\u00ed no usan gasolina, y por lo tanto nos duran mucho y las cargamos adem\u00e1s con energ\u00eda del sol\u201d, relat\u00f3 To\u00f1o Astiazar\u00e1n.<\/p>\n<p>&nbsp;<\/p>\n<p>Lo acompa\u00f1aron en esta ocasi\u00f3n Manuel Emilio Hoyos D\u00edaz, Comisario General de la Corporaci\u00f3n, junto con mandos medios de la corporaci\u00f3n y el director de Servicios P\u00fablicos Municipales en la entrega de un contenedor de 1.3 metros c\u00fabicos de capacidad donde podr\u00e1n disponer de los desperdicios de la escuela.<\/p>\n<p>&nbsp;<\/p>\n<p>Como anfitriones fungieron Roc\u00edo Zamora Amado, directora del plantel; Luis Gonzalo Borb\u00f3n Ontiveros, supervisor de la zona escolar 095; Janeth Gonz\u00e1lez, presidenta de la sociedad de padres de familia de la escuela y Jimena \u00c1vila, presidenta de la sociedad de alumnos, mientras que las regidoras Zulma Galaz y Lupita Herrera acudieron en calidad de invitadas especiales.<\/p>\n<p>&nbsp;<\/p>\n<p>El evento enmarc\u00f3 el lucimiento de las alumnas y alumnos que conforman la Banda de Guerra de la primaria Faustino Fern\u00e1ndez Aguilar, as\u00ed como las m\u00faltiples expresiones de camarader\u00eda del alumnado, tanto con Antonio Astiazar\u00e1n como con las mascotas UMPI, de Bomberos de Hermosillo; Dar\u00edo, del programa DARE y Tina Gotina, de Agua de Hermosillo.<\/p>\n<p><strong>Fecha de publicaci\u00f3n\u00a0 lunes 4<\/strong><strong> de diciembre de 2023<\/strong><\/p>\n","protected":false},"excerpt":{"rendered":"<p>&nbsp; HERMOSILLO, SONORA,MX.\u02d7\u02d7\u02d7 La comunidad escolar de la primaria Faustino Fern\u00e1ndez Aguilar recibi\u00f3 en su&#8230;<\/p>\n","protected":false},"author":1,"featured_media":180390,"comment_status":"open","ping_status":"open","sticky":false,"template":"","format":"standard","meta":{"_monsterinsights_skip_tracking":false,"_monsterinsights_sitenote_active":false,"_monsterinsights_sitenote_note":"","_monsterinsights_sitenote_category":0,"footnotes":""},"categories":[4],"tags":[],"class_list":["post"],"yoast_head":" \n<title>Sonora en Equipo. Avanza To\u00f1o Astiazar\u00e1n con &quot;Reciclase&quot; Municipios<\/title>\n<meta name=\"description\" content=\"&nbsp; HERMOSILLO, SONORA,MX.\u02d7\u02d7\u02d7 La comunidad escolar de la primaria Faustino Fern\u00e1ndez Aguilar recibi\u00f3 en su ceremonia de Lunes C\u00edvico al Presidente En Sonora en Equipo publicamos toda la informaci\u00f3n de Sonora, M\u00e9xico y el Mundo de manera oportuna y busca que la libertad de expresi\u00f3n sea real. Visita nuestro medio informativo publicado desde Hermosillo, Sonora. %\" \/>\n<meta name=\"robots\" content=\"index, follow, max-snippet:-1, max-image-preview:large, max-video-preview:-1\" \/>\n<link rel=\"canonical\" href=\"https:\/\/www.sonoraenequipo.com.mx\/avanza-tono-astiazaran-con-reciclase\/\" \/>\n<meta property=\"og:locale\" content=\"es_ES\" \/>\n<meta property=\"og:type\" content=\"article\" \/>\n<meta property=\"og:title\" content=\"Sonora en Equipo. Avanza To\u00f1o Astiazar\u00e1n con &quot;Reciclase&quot; Municipios\" \/>\n<meta property=\"og:description\" content=\"&nbsp; HERMOSILLO, SONORA,MX.\u02d7\u02d7\u02d7 La comunidad escolar de la primaria Faustino Fern\u00e1ndez Aguilar recibi\u00f3 en su ceremonia de Lunes C\u00edvico al Presidente En Sonora en Equipo publicamos toda la informaci\u00f3n de Sonora, M\u00e9xico y el Mundo de manera oportuna y busca que la libertad de expresi\u00f3n sea real. Visita nuestro medio informativo publicado desde Hermosillo, Sonora. %\" \/>\n<meta property=\"og:url\" content=\"https:\/\/www.sonoraenequipo.com.mx\/avanza-tono-astiazaran-con-reciclase\/\" \/>\n<meta property=\"og:site_name\" content=\"Sonora en Equipo.\" \/>\n<meta property=\"article:publisher\" content=\"https:\/\/www.facebook.com\/SonoraEE\/\" \/>\n<meta property=\"article:author\" content=\"https:\/\/www.facebook.com\/SonoraEE\" \/>\n<meta property=\"article:published_time\" content=\"2023-12-04T22:27:18+00:00\" \/>\n<meta property=\"og:image\" content=\"https:\/\/www.sonoraenequipo.com.mx\/storage\/2023\/12\/tono-reciclase.jpg\" \/>\n\t<meta property=\"og:image:width\" content=\"636\" \/>\n\t<meta property=\"og:image:height\" content=\"400\" \/>\n\t<meta property=\"og:image:type\" content=\"image\/jpeg\" \/>\n<meta name=\"author\" content=\"enequipo\" \/>\n<meta name=\"twitter:card\" content=\"summary_large_image\" \/>\n<meta name=\"twitter:creator\" content=\"@sonoraenequipo\" \/>\n<meta name=\"twitter:site\" content=\"@sonoraenequipo\" \/>\n<meta name=\"twitter:label1\" content=\"Escrito por\" \/>\n\t<meta name=\"twitter:data1\" content=\"enequipo\" \/>\n\t<meta name=\"twitter:label2\" content=\"Tiempo de lectura\" \/>\n\t<meta name=\"twitter:data2\" content=\"2 minutos\" \/>\n<script type=\"application\/ld+json\" class=\"yoast-schema-graph\">{\"@context\":\"https:\/\/schema.org\",\"@graph\":[{\"@type\":\"Article\",\"@id\":\"https:\/\/www.sonoraenequipo.com.mx\/avanza-tono-astiazaran-con-reciclase\/#article\",\"isPartOf\":{\"@id\":\"https:\/\/www.sonoraenequipo.com.mx\/avanza-tono-astiazaran-con-reciclase\/\"},\"author\":{\"name\":\"enequipo\",\"@id\":\"https:\/\/www.sonoraenequipo.com.mx\/#\/schema\/person\/50102df0fb23a8fa9e8effad8fa81386\"},\"headline\":\"Avanza To\u00f1o Astiazar\u00e1n con \u00abReciclase\u00bb\",\"datePublished\":\"2023-12-04T22:27:18+00:00\",\"mainEntityOfPage\":{\"@id\":\"https:\/\/www.sonoraenequipo.com.mx\/avanza-tono-astiazaran-con-reciclase\/\"},\"wordCount\":431,\"commentCount\":0,\"publisher\":{\"@id\":\"https:\/\/www.sonoraenequipo.com.mx\/#organization\"},\"image\":{\"@id\":\"https:\/\/www.sonoraenequipo.com.mx\/avanza-tono-astiazaran-con-reciclase\/#primaryimage\"},\"thumbnailUrl\":\"https:\/\/www.sonoraenequipo.com.mx\/storage\/2023\/12\/tono-reciclase.jpg\",\"articleSection\":[\"Municipios\"],\"inLanguage\":\"es\",\"potentialAction\":[{\"@type\":\"CommentAction\",\"name\":\"Comment\",\"target\":[\"https:\/\/www.sonoraenequipo.com.mx\/avanza-tono-astiazaran-con-reciclase\/#respond\"]}]},{\"@type\":\"WebPage\",\"@id\":\"https:\/\/www.sonoraenequipo.com.mx\/avanza-tono-astiazaran-con-reciclase\/\",\"url\":\"https:\/\/www.sonoraenequipo.com.mx\/avanza-tono-astiazaran-con-reciclase\/\",\"name\":\"Sonora en Equipo. Avanza To\u00f1o Astiazar\u00e1n con \\\"Reciclase\\\" Municipios\",\"isPartOf\":{\"@id\":\"https:\/\/www.sonoraenequipo.com.mx\/#website\"},\"primaryImageOfPage\":{\"@id\":\"https:\/\/www.sonoraenequipo.com.mx\/avanza-tono-astiazaran-con-reciclase\/#primaryimage\"},\"image\":{\"@id\":\"https:\/\/www.sonoraenequipo.com.mx\/avanza-tono-astiazaran-con-reciclase\/#primaryimage\"},\"thumbnailUrl\":\"https:\/\/www.sonoraenequipo.com.mx\/storage\/2023\/12\/tono-reciclase.jpg\",\"datePublished\":\"2023-12-04T22:27:18+00:00\",\"description\":\"&nbsp; HERMOSILLO, SONORA,MX.\u02d7\u02d7\u02d7 La comunidad escolar de la primaria Faustino Fern\u00e1ndez Aguilar recibi\u00f3 en su ceremonia de Lunes C\u00edvico al Presidente En Sonora en Equipo publicamos toda la informaci\u00f3n de Sonora, M\u00e9xico y el Mundo de manera oportuna y busca que la libertad de expresi\u00f3n sea real. Visita nuestro medio informativo publicado desde Hermosillo, Sonora. %\",\"breadcrumb\":{\"@id\":\"https:\/\/www.sonoraenequipo.com.mx\/avanza-tono-astiazaran-con-reciclase\/#breadcrumb\"},\"inLanguage\":\"es\",\"potentialAction\":[{\"@type\":\"ReadAction\",\"target\":[\"https:\/\/www.sonoraenequipo.com.mx\/avanza-tono-astiazaran-con-reciclase\/\"]}]},{\"@type\":\"ImageObject\",\"inLanguage\":\"es\",\"@id\":\"https:\/\/www.sonoraenequipo.com.mx\/avanza-tono-astiazaran-con-reciclase\/#primaryimage\",\"url\":\"https:\/\/www.sonoraenequipo.com.mx\/storage\/2023\/12\/tono-reciclase.jpg\",\"contentUrl\":\"https:\/\/www.sonoraenequipo.com.mx\/storage\/2023\/12\/tono-reciclase.jpg\",\"width\":636,\"height\":400},{\"@type\":\"BreadcrumbList\",\"@id\":\"https:\/\/www.sonoraenequipo.com.mx\/avanza-tono-astiazaran-con-reciclase\/#breadcrumb\",\"itemListElement\":[{\"@type\":\"ListItem\",\"position\":1,\"name\":\"Portada\",\"item\":\"https:\/\/www.sonoraenequipo.com.mx\/\"},{\"@type\":\"ListItem\",\"position\":2,\"name\":\"Avanza To\u00f1o Astiazar\u00e1n con \u00abReciclase\u00bb\"}]},{\"@type\":\"WebSite\",\"@id\":\"https:\/\/www.sonoraenequipo.com.mx\/#website\",\"url\":\"https:\/\/www.sonoraenequipo.com.mx\/\",\"name\":\"Sonora en Equipo.\",\"description\":\"Diario en l\u00ednea con Noticias desde Hermosillo, Sonora\",\"publisher\":{\"@id\":\"https:\/\/www.sonoraenequipo.com.mx\/#organization\"},\"potentialAction\":[{\"@type\":\"SearchAction\",\"target\":{\"@type\":\"EntryPoint\",\"urlTemplate\":\"https:\/\/www.sonoraenequipo.com.mx\/?s={search_term_string}\"},\"query-input\":{\"@type\":\"PropertyValueSpecification\",\"valueRequired\":true,\"valueName\":\"search_term_string\"}}],\"inLanguage\":\"es\"},{\"@type\":\"Organization\",\"@id\":\"https:\/\/www.sonoraenequipo.com.mx\/#organization\",\"name\":\"Sonoraenequipo.com.mx\",\"url\":\"https:\/\/www.sonoraenequipo.com.mx\/\",\"logo\":{\"@type\":\"ImageObject\",\"inLanguage\":\"es\",\"@id\":\"https:\/\/www.sonoraenequipo.com.mx\/#\/schema\/logo\/image\/\",\"url\":\"https:\/\/www.sonoraenequipo.com.mx\/storage\/2019\/01\/sonoraenequipo_opt.png\",\"contentUrl\":\"https:\/\/www.sonoraenequipo.com.mx\/storage\/2019\/01\/sonoraenequipo_opt.png\",\"width\":375,\"height\":125,\"caption\":\"Sonoraenequipo.com.mx\"},\"image\":{\"@id\":\"https:\/\/www.sonoraenequipo.com.mx\/#\/schema\/logo\/image\/\"},\"sameAs\":[\"https:\/\/www.facebook.com\/SonoraEE\/\",\"https:\/\/x.com\/sonoraenequipo\",\"https:\/\/www.youtube.com\/channel\/UC338nW-lPEYmJQs4ZABQ1SQ\"]},{\"@type\":\"Person\",\"@id\":\"https:\/\/www.sonoraenequipo.com.mx\/#\/schema\/person\/50102df0fb23a8fa9e8effad8fa81386\",\"name\":\"enequipo\",\"image\":{\"@type\":\"ImageObject\",\"inLanguage\":\"es\",\"@id\":\"https:\/\/www.sonoraenequipo.com.mx\/#\/schema\/person\/image\/\",\"url\":\"https:\/\/secure.gravatar.com\/avatar\/049821681b589dabc0bc20695993ccebb09f5b5d4d790cd9251b97faac7c652b?s=96&d=blank&r=g\",\"contentUrl\":\"https:\/\/secure.gravatar.com\/avatar\/049821681b589dabc0bc20695993ccebb09f5b5d4d790cd9251b97faac7c652b?s=96&d=blank&r=g\",\"caption\":\"enequipo\"},\"sameAs\":[\"https:\/\/www.facebook.com\/SonoraEE\"]}]}<\/script>\n ","yoast_head_json":{"title":"Sonora en Equipo. Avanza To\u00f1o Astiazar\u00e1n con \"Reciclase\" Municipios","description":"&nbsp; HERMOSILLO, SONORA,MX.\u02d7\u02d7\u02d7 La comunidad escolar de la primaria Faustino Fern\u00e1ndez Aguilar recibi\u00f3 en su ceremonia de Lunes C\u00edvico al Presidente En Sonora en Equipo publicamos toda la informaci\u00f3n de Sonora, M\u00e9xico y el Mundo de manera oportuna y busca que la libertad de expresi\u00f3n sea real. Visita nuestro medio informativo publicado desde Hermosillo, Sonora. %","robots":{"index":"index","follow":"follow","max-snippet":"max-snippet:-1","max-image-preview":"max-image-preview:large","max-video-preview":"max-video-preview:-1"},"canonical":"https:\/\/www.sonoraenequipo.com.mx\/avanza-tono-astiazaran-con-reciclase\/","og_locale":"es_ES","og_type":"article","og_title":"Sonora en Equipo. Avanza To\u00f1o Astiazar\u00e1n con \"Reciclase\" Municipios","og_description":"&nbsp; HERMOSILLO, SONORA,MX.\u02d7\u02d7\u02d7 La comunidad escolar de la primaria Faustino Fern\u00e1ndez Aguilar recibi\u00f3 en su ceremonia de Lunes C\u00edvico al Presidente En Sonora en Equipo publicamos toda la informaci\u00f3n de Sonora, M\u00e9xico y el Mundo de manera oportuna y busca que la libertad de expresi\u00f3n sea real. Visita nuestro medio informativo publicado desde Hermosillo, Sonora. %","og_url":"https:\/\/www.sonoraenequipo.com.mx\/avanza-tono-astiazaran-con-reciclase\/","og_site_name":"Sonora en Equipo.","article_publisher":"https:\/\/www.facebook.com\/SonoraEE\/","article_author":"https:\/\/www.facebook.com\/SonoraEE","article_published_time":"2023-12-04T22:27:18+00:00","og_image":[{"width":636,"height":400,"url":"https:\/\/www.sonoraenequipo.com.mx\/storage\/2023\/12\/tono-reciclase.jpg","type":"image\/jpeg"}],"author":"enequipo","twitter_card":"summary_large_image","twitter_creator":"@sonoraenequipo","twitter_site":"@sonoraenequipo","twitter_misc":{"Escrito por":"enequipo","Tiempo de lectura":"2 minutos"},"schema":{"@context":"https:\/\/schema.org","@graph":[{"@type":"Article","@id":"https:\/\/www.sonoraenequipo.com.mx\/avanza-tono-astiazaran-con-reciclase\/#article","isPartOf":{"@id":"https:\/\/www.sonoraenequipo.com.mx\/avanza-tono-astiazaran-con-reciclase\/"},"author":{"name":"enequipo","@id":"https:\/\/www.sonoraenequipo.com.mx\/#\/schema\/person\/50102df0fb23a8fa9e8effad8fa81386"},"headline":"Avanza To\u00f1o Astiazar\u00e1n con \u00abReciclase\u00bb","datePublished":"2023-12-04T22:27:18+00:00","mainEntityOfPage":{"@id":"https:\/\/www.sonoraenequipo.com.mx\/avanza-tono-astiazaran-con-reciclase\/"},"wordCount":431,"commentCount":0,"publisher":{"@id":"https:\/\/www.sonoraenequipo.com.mx\/#organization"},"image":{"@id":"https:\/\/www.sonoraenequipo.com.mx\/avanza-tono-astiazaran-con-reciclase\/#primaryimage"},"thumbnailUrl":"https:\/\/www.sonoraenequipo.com.mx\/storage\/2023\/12\/tono-reciclase.jpg","articleSection":["Municipios"],"inLanguage":"es","potentialAction":[{"@type":"CommentAction","name":"Comment","target":["https:\/\/www.sonoraenequipo.com.mx\/avanza-tono-astiazaran-con-reciclase\/#respond"]}]},{"@type":"WebPage","@id":"https:\/\/www.sonoraenequipo.com.mx\/avanza-tono-astiazaran-con-reciclase\/","url":"https:\/\/www.sonoraenequipo.com.mx\/avanza-tono-astiazaran-con-reciclase\/","name":"Sonora en Equipo. Avanza To\u00f1o Astiazar\u00e1n con \"Reciclase\" Municipios","isPartOf":{"@id":"https:\/\/www.sonoraenequipo.com.mx\/#website"},"primaryImageOfPage":{"@id":"https:\/\/www.sonoraenequipo.com.mx\/avanza-tono-astiazaran-con-reciclase\/#primaryimage"},"image":{"@id":"https:\/\/www.sonoraenequipo.com.mx\/avanza-tono-astiazaran-con-reciclase\/#primaryimage"},"thumbnailUrl":"https:\/\/www.sonoraenequipo.com.mx\/storage\/2023\/12\/tono-reciclase.jpg","datePublished":"2023-12-04T22:27:18+00:00","description":"&nbsp; HERMOSILLO, SONORA,MX.\u02d7\u02d7\u02d7 La comunidad escolar de la primaria Faustino Fern\u00e1ndez Aguilar recibi\u00f3 en su ceremonia de Lunes C\u00edvico al Presidente En Sonora en Equipo publicamos toda la informaci\u00f3n de Sonora, M\u00e9xico y el Mundo de manera oportuna y busca que la libertad de expresi\u00f3n sea real. Visita nuestro medio informativo publicado desde Hermosillo, Sonora. %","breadcrumb":{"@id":"https:\/\/www.sonoraenequipo.com.mx\/avanza-tono-astiazaran-con-reciclase\/#breadcrumb"},"inLanguage":"es","potentialAction":[{"@type":"ReadAction","target":["https:\/\/www.sonoraenequipo.com.mx\/avanza-tono-astiazaran-con-reciclase\/"]}]},{"@type":"ImageObject","inLanguage":"es","@id":"https:\/\/www.sonoraenequipo.com.mx\/avanza-tono-astiazaran-con-reciclase\/#primaryimage","url":"https:\/\/www.sonoraenequipo.com.mx\/storage\/2023\/12\/tono-reciclase.jpg","contentUrl":"https:\/\/www.sonoraenequipo.com.mx\/storage\/2023\/12\/tono-reciclase.jpg","width":636,"height":400},{"@type":"BreadcrumbList","@id":"https:\/\/www.sonoraenequipo.com.mx\/avanza-tono-astiazaran-con-reciclase\/#breadcrumb","itemListElement":[{"@type":"ListItem","position":1,"name":"Portada","item":"https:\/\/www.sonoraenequipo.com.mx\/"},{"@type":"ListItem","position":2,"name":"Avanza To\u00f1o Astiazar\u00e1n con \u00abReciclase\u00bb"}]},{"@type":"WebSite","@id":"https:\/\/www.sonoraenequipo.com.mx\/#website","url":"https:\/\/www.sonoraenequipo.com.mx\/","name":"Sonora en Equipo.","description":"Diario en l\u00ednea con Noticias desde Hermosillo, Sonora","publisher":{"@id":"https:\/\/www.sonoraenequipo.com.mx\/#organization"},"potentialAction":[{"@type":"SearchAction","target":{"@type":"EntryPoint","urlTemplate":"https:\/\/www.sonoraenequipo.com.mx\/?s={search_term_string}"},"query-input":{"@type":"PropertyValueSpecification","valueRequired":true,"valueName":"search_term_string"}}],"inLanguage":"es"},{"@type":"Organization","@id":"https:\/\/www.sonoraenequipo.com.mx\/#organization","name":"Sonoraenequipo.com.mx","url":"https:\/\/www.sonoraenequipo.com.mx\/","logo":{"@type":"ImageObject","inLanguage":"es","@id":"https:\/\/www.sonoraenequipo.com.mx\/#\/schema\/logo\/image\/","url":"https:\/\/www.sonoraenequipo.com.mx\/storage\/2019\/01\/sonoraenequipo_opt.png","contentUrl":"https:\/\/www.sonoraenequipo.com.mx\/storage\/2019\/01\/sonoraenequipo_opt.png","width":375,"height":125,"caption":"Sonoraenequipo.com.mx"},"image":{"@id":"https:\/\/www.sonoraenequipo.com.mx\/#\/schema\/logo\/image\/"},"sameAs":["https:\/\/www.facebook.com\/SonoraEE\/","https:\/\/x.com\/sonoraenequipo","https:\/\/www.youtube.com\/channel\/UC338nW-lPEYmJQs4ZABQ1SQ"]},{"@type":"Person","@id":"https:\/\/www.sonoraenequipo.com.mx\/#\/schema\/person\/50102df0fb23a8fa9e8effad8fa81386","name":"enequipo","image":{"@type":"ImageObject","inLanguage":"es","@id":"https:\/\/www.sonoraenequipo.com.mx\/#\/schema\/person\/image\/","url":"https:\/\/secure.gravatar.com\/avatar\/049821681b589dabc0bc20695993ccebb09f5b5d4d790cd9251b97faac7c652b?s=96&d=blank&r=g","contentUrl":"https:\/\/secure.gravatar.com\/avatar\/049821681b589dabc0bc20695993ccebb09f5b5d4d790cd9251b97faac7c652b?s=96&d=blank&r=g","caption":"enequipo"},"sameAs":["https:\/\/www.facebook.com\/SonoraEE"]}]}},"jetpack_featured_media_url":"https:\/\/www.sonoraenequipo.com.mx\/storage\/2023\/12\/tono-reciclase.jpg","_links":{"self":[{"href":"https:\/\/www.sonoraenequipo.com.mx\/api\/wp\/v2\/posts\/180389","targetHints":{"allow":["GET"]}}],"collection":[{"href":"https:\/\/www.sonoraenequipo.com.mx\/api\/wp\/v2\/posts"}],"about":[{"href":"https:\/\/www.sonoraenequipo.com.mx\/api\/wp\/v2\/types\/post"}],"author":[{"embeddable":true,"href":"https:\/\/www.sonoraenequipo.com.mx\/api\/wp\/v2\/users\/1"}],"replies":[{"embeddable":true,"href":"https:\/\/www.sonoraenequipo.com.mx\/api\/wp\/v2\/comments?post=180389"}],"version-history":[{"count":1,"href":"https:\/\/www.sonoraenequipo.com.mx\/api\/wp\/v2\/posts\/180389\/revisions"}],"predecessor-version":[{"id":180391,"href":"https:\/\/www.sonoraenequipo.com.mx\/api\/wp\/v2\/posts\/180389\/revisions\/180391"}],"wp:featuredmedia":[{"embeddable":true,"href":"https:\/\/www.sonoraenequipo.com.mx\/api\/wp\/v2\/media\/180390"}],"wp:attachment":[{"href":"https:\/\/www.sonoraenequipo.com.mx\/api\/wp\/v2\/media?parent=180389"}],"wp:term":[{"taxonomy":"category","embeddable":true,"href":"https:\/\/www.sonoraenequipo.com.mx\/api\/wp\/v2\/categories?post=180389"},{"taxonomy":"post_tag","embeddable":true,"href":"https:\/\/www.sonoraenequipo.com.mx\/api\/wp\/v2\/tags?post=180389"}],"curies":[{"name":"wp","href":"https:\/\/api.w.org\/{rel}","templated":true}]}}