{"id":180405,"date":"2023-12-04T19:45:15","date_gmt":"2023-12-05T02:45:15","guid":{"rendered":"https:\/\/www.sonoraenequipo.com.mx\/?p=180405"},"modified":"2023-12-04T19:48:42","modified_gmt":"2023-12-05T02:48:42","slug":"luis-enrique-orozco-renuncia-a-interinato-en-nuevo-leon","status":"publish","type":"post","link":"https:\/\/www.sonoraenequipo.com.mx\/luis-enrique-orozco-renuncia-a-interinato-en-nuevo-leon\/","title":{"rendered":"Luis Enrique Orozco renuncia a interinato en Nuevo Le\u00f3n"},"content":{"rendered":"<p><strong>MONTERREY, NUEVO LE\u00d3N. MX.\u2014<\/strong> Luis Enrique Orozco, ex vice fiscal del Ministerio P\u00fablico, de la Fiscal\u00eda General de Justicia del Estado, y designado el mi\u00e9rcoles por el Congreso del Estado como gobernador interino a partir de este s\u00e1bado, renunci\u00f3 al cargo como gobernador.<\/p>\n<p>&nbsp;<\/p>\n<p> <\/p>\n<p>&nbsp;<\/p>\n<p>Mauro Guerra, presidente del Congreso, comunic\u00f3 que derivado de los acontecimientos, los titulares del Poder judicial y legislativo pidieron una reuni\u00f3n con Orozco.<\/p>\n<p>&nbsp;<\/p>\n<p>Ante esto, \u201c<strong><em>por la paz y gobernabilidad, Luis Enrique Orozco ha decidido hacerse a un lado con previa reuni\u00f3n con Samuel Garc\u00eda, en la b\u00fasqueda de que Garc\u00eda regrese a la gubernatura\u201d.<\/em><\/strong><\/p>\n<p>&nbsp;<\/p>\n<p>Orozco recapitul\u00f3 los tres d\u00edas que fue gobernador interino destacando que en ning\u00fan momento pudo hacer temas de la administraci\u00f3n p\u00fablica porque encontr\u00f3 un \u201cPalacio cerrado sin el gabinete\u201d.<\/p>\n<p>&nbsp;<\/p>\n<p><strong><em>\u201cOjal\u00e1 y lo vivido hasta hoy sirva de experiencia para que cada uno de los actores involucrados mejoremos como seres humanos. Tengamos la capacidad de rehacer la relaciones personales y pol\u00edticas. siempre cumpliendo la ley la constituci\u00f3n y los acuerdos\u00bb<\/em><\/strong>, dijo Mauro Guerra.<\/p>\n<blockquote class=\"twitter-tweet\" data-width=\"550\" data-dnt=\"true\">\n<p lang=\"es\" dir=\"ltr\">\u25b6\ufe0f<a href=\"https:\/\/twitter.com\/hashtag\/%C3%9ALTIMAHORA?src=hash&amp;ref_src=twsrc%5Etfw\">#\u00daLTIMAHORA<\/a> | Mauro Guerra, presidente del Congreso de Nuevo Le\u00f3n, da a conocer la renuncia de Luis Enrique Orozco.<br \/>Parte 1<\/p>\n<p>\ud83d\udcfa <a href=\"https:\/\/twitter.com\/hashtag\/TelediarioMediod%C3%ADa?src=hash&amp;ref_src=twsrc%5Etfw\">#TelediarioMediod\u00eda<\/a> con <a href=\"https:\/\/twitter.com\/licmariajulia?ref_src=twsrc%5Etfw\">@licmariajulia<\/a> y <a href=\"https:\/\/twitter.com\/Erik_Reportero?ref_src=twsrc%5Etfw\">@Erik_Reportero<\/a>\u2b50 <a href=\"https:\/\/t.co\/GNPjzeM9ct\">pic.twitter.com\/GNPjzeM9ct<\/a><\/p>\n<p>&mdash; @telediariomty (@telediariomty) <a href=\"https:\/\/twitter.com\/telediariomty\/status\/1731759730258026925?ref_src=twsrc%5Etfw\">December 4, 2023<\/a><\/p><\/blockquote>\n<p><script async src=\"https:\/\/platform.twitter.com\/widgets.js\" charset=\"utf-8\"><\/script><\/p>\n<p>A su vez, Luis Enrique espera que la solicitud del gobierno sea evaluada para que Samuel Garc\u00eda regrese a la gubernatura.<\/p>\n<p>&nbsp;<\/p>\n<p>&nbsp;<\/p>\n<p><em><strong>\u201cPedir\u00eda al Congreso la solicitud y el cumplimiento a la Ley, los actos que ejecute como interino estuvo respaldado por la soberan\u00eda y la Suprema Corte y el Tribunal Electoral que reconocieron el proceso de esta soberan\u00eda\u201d.<\/strong><\/em><\/p>\n<blockquote class=\"twitter-tweet\" data-width=\"550\" data-dnt=\"true\">\n<p lang=\"es\" dir=\"ltr\">\u25b6\ufe0f<a href=\"https:\/\/twitter.com\/hashtag\/%C3%9ALTIMAHORA?src=hash&amp;ref_src=twsrc%5Etfw\">#\u00daLTIMAHORA<\/a> | &quot;Me recibieron con alegr\u00eda, me sent\u00ed profundamente arropado\u201d; Luis Enrique Orozco renuncia a interinato. <br \/>Parte 2<\/p>\n<p>\ud83d\udcfa <a href=\"https:\/\/twitter.com\/hashtag\/TelediarioMediod%C3%ADa?src=hash&amp;ref_src=twsrc%5Etfw\">#TelediarioMediod\u00eda<\/a> con <a href=\"https:\/\/twitter.com\/licmariajulia?ref_src=twsrc%5Etfw\">@licmariajulia<\/a> y <a href=\"https:\/\/twitter.com\/Erik_Reportero?ref_src=twsrc%5Etfw\">@Erik_Reportero<\/a>\u2b50 <a href=\"https:\/\/t.co\/4B4n1I14cT\">pic.twitter.com\/4B4n1I14cT<\/a><\/p>\n<p>&mdash; @telediariomty (@telediariomty) <a href=\"https:\/\/twitter.com\/telediariomty\/status\/1731762008553627810?ref_src=twsrc%5Etfw\">December 4, 2023<\/a><\/p><\/blockquote>\n<p><script async src=\"https:\/\/platform.twitter.com\/widgets.js\" charset=\"utf-8\"><\/script><\/p>\n<h3>\u00bfQui\u00e9n es Luis Enrique Orozco?<\/h3>\n<p>&nbsp;<\/p>\n<p>Luis Enrique Orozco cuenta con experiencia como vicefiscal de la Fiscal\u00eda General de Justicia. El ahora gobernador interino estudi\u00f3 en la Universidad Aut\u00f3noma de Nuevo Le\u00f3n (UANL), donde se gradu\u00f3 de la carrera de Derecho y Ciencias Sociales en 2003.<\/p>\n<p>&nbsp;<\/p>\n<p>Previamente a desempe\u00f1ar su cargo en la Fiscal\u00eda de Nuevo Le\u00f3n, el 31 de octubre de 2015, el ayuntamiento de Monterrey aprob\u00f3 nombrar como contralor Municipal de Monterrey a Luis Enrique Orozco Su\u00e1rez.<\/p>\n<p>&nbsp;<\/p>\n<p>&nbsp;<\/p>\n<p>Posteriormente, el 10 de abril de ese a\u00f1o, Luis Enrique Orozco Su\u00e1rez dej\u00f3 de desempe\u00f1arse en el cargo de Contralor Municipal de Monterrey, habiendo tomado protesta el 11 de abril del a\u00f1o en curso como vicefiscal del Ministerio P\u00fablico de la Fiscal\u00eda General de Justicia del Estado de Nuevo Le\u00f3n.<\/p>\n<p>&nbsp;<\/p>\n<p>&nbsp;<\/p>\n<p>En 2021, el gobernador interino de Nuevo Le\u00f3n sufri\u00f3 la muerte de su padre, Jos\u00e9 Luis Orozco Rodr\u00edguez. Esto fue dado a conocer por la Fiscal\u00eda de Nuevo Le\u00f3n, misma que dio su p\u00e9same al entonces vicefiscal.<\/p>\n<p>&nbsp;<\/p>\n<p>&nbsp;<\/p>\n<p><strong><em>\u201cManifestamos nuestras condolencias al vicefiscal del Ministerio P\u00fablico, licenciado Luis Enrique Orozco Su\u00e1rez, por el sensible fallecimiento de su se\u00f1or padre, don Jos\u00e9 Luis Orozco Rodr\u00edguez. Descanse en paz<\/em><\/strong>\u201d, se lee.<\/p>\n<p>&nbsp;<\/p>\n<p>&nbsp;<\/p>\n<p>Durante este a\u00f1o, 2023, Luis Enrique Orozco particip\u00f3 en la recepci\u00f3n a los representantes del gobierno de los Estados Unidos, mismos que visitaron Nuevo Le\u00f3n para conversar sobre asuntos de inter\u00e9s para ambos pa\u00edses.<\/p>\n<p>&nbsp;<\/p>\n<p>&nbsp;<\/p>\n<p><em><strong>\u201cA la reuni\u00f3n asistieron Pedro Arce Jard\u00f3n, encargado de la Fiscal\u00eda General de Justicia del Estado; Luis Enrique Orozco Su\u00e1rez, vicefiscal del Ministerio P\u00fablico; y Esteban Cant\u00fa Montes, director de la Agencia Estatal de Investigaci\u00f3n. A la reuni\u00f3n tambi\u00e9n asistieron funcionarios del Departamento de Justicia de los Estados Unidos, la Oficina de Litigios Extranjeros, el Departamento de Estado de los Estados Unidos, el Servicio de Seguridad Diplom\u00e1tica y otros\u201d<\/strong><\/em>, detall\u00f3 la Fiscal\u00eda de Nuevo Le\u00f3n.<\/p>\n<p>&nbsp;<\/p>\n<p>&nbsp;<\/p>\n<p>Adicionalmente a su puesto como vicefiscal, Luis Enrique Orozco se ha desarrollado como conferencista. Ejemplo de ello es cuando se present\u00f3 en la Facultad de Derecho y Criminolog\u00eda de la Universidad Aut\u00f3noma de Nuevo Le\u00f3n, con la conferencia Desarrollo profesional y servicio de carrera en la procuraci\u00f3n de justicia.<\/p>\n<p>&nbsp;<\/p>\n<p>&nbsp;<\/p>\n<p><em><strong>\u201cEn el marco de la Feria Laboral 2023 que organiz\u00f3 la UANL, a trav\u00e9s de esta Facultad, que se realiz\u00f3 en sus mismas instalaciones, el Titular del Ministerio P\u00fablico, comparti\u00f3 con los estudiantes, quienes ser\u00e1n los futuros Abogados y Crimin\u00f3logos, su experiencia tanto laboral como estudiantil, recalcando que a\u00f1os anteriores \u00e9l tambi\u00e9n fue estudiante<\/strong><\/em>\u201d, comparti\u00f3 la Fiscal\u00eda en octubre de 2023.<\/p>\n<p>&nbsp;<\/p>\n<p>&nbsp;<\/p>\n<p>PUBLICADO EL 04 DE DICIEMBRE DE 2023\/ Con informaci\u00f3n de TELEDIARIO MTY)<\/p>\n","protected":false},"excerpt":{"rendered":"<p>MONTERREY, NUEVO LE\u00d3N. MX.\u2014 Luis Enrique Orozco, ex vice fiscal del Ministerio P\u00fablico, de la&#8230;<\/p>\n","protected":false},"author":1,"featured_media":180406,"comment_status":"open","ping_status":"open","sticky":false,"template":"","format":"standard","meta":{"_monsterinsights_skip_tracking":false,"_monsterinsights_sitenote_active":false,"_monsterinsights_sitenote_note":"","_monsterinsights_sitenote_category":0,"footnotes":""},"categories":[5],"tags":[],"class_list":["post"],"yoast_head":" \n<title>Sonora en Equipo. Luis Enrique Orozco renuncia a interinato en Nuevo Le\u00f3n Rep\u00fablica<\/title>\n<meta name=\"description\" content=\"MONTERREY, NUEVO LE\u00d3N. MX.\u2014 Luis Enrique Orozco, ex vice fiscal del Ministerio P\u00fablico, de la Fiscal\u00eda General de Justicia del Estado, y designado el En Sonora en Equipo publicamos toda la informaci\u00f3n de Sonora, M\u00e9xico y el Mundo de manera oportuna y busca que la libertad de expresi\u00f3n sea real. Visita nuestro medio informativo publicado desde Hermosillo, Sonora. %\" \/>\n<meta name=\"robots\" content=\"index, follow, max-snippet:-1, max-image-preview:large, max-video-preview:-1\" \/>\n<link rel=\"canonical\" href=\"https:\/\/www.sonoraenequipo.com.mx\/luis-enrique-orozco-renuncia-a-interinato-en-nuevo-leon\/\" \/>\n<meta property=\"og:locale\" content=\"es_ES\" \/>\n<meta property=\"og:type\" content=\"article\" \/>\n<meta property=\"og:title\" content=\"Sonora en Equipo. Luis Enrique Orozco renuncia a interinato en Nuevo Le\u00f3n Rep\u00fablica\" \/>\n<meta property=\"og:description\" content=\"MONTERREY, NUEVO LE\u00d3N. MX.\u2014 Luis Enrique Orozco, ex vice fiscal del Ministerio P\u00fablico, de la Fiscal\u00eda General de Justicia del Estado, y designado el En Sonora en Equipo publicamos toda la informaci\u00f3n de Sonora, M\u00e9xico y el Mundo de manera oportuna y busca que la libertad de expresi\u00f3n sea real. Visita nuestro medio informativo publicado desde Hermosillo, Sonora. %\" \/>\n<meta property=\"og:url\" content=\"https:\/\/www.sonoraenequipo.com.mx\/luis-enrique-orozco-renuncia-a-interinato-en-nuevo-leon\/\" \/>\n<meta property=\"og:site_name\" content=\"Sonora en Equipo.\" \/>\n<meta property=\"article:publisher\" content=\"https:\/\/www.facebook.com\/SonoraEE\/\" \/>\n<meta property=\"article:author\" content=\"https:\/\/www.facebook.com\/SonoraEE\" \/>\n<meta property=\"article:published_time\" content=\"2023-12-05T02:45:15+00:00\" \/>\n<meta property=\"article:modified_time\" content=\"2023-12-05T02:48:42+00:00\" \/>\n<meta property=\"og:image\" content=\"https:\/\/www.sonoraenequipo.com.mx\/storage\/2023\/12\/Luis-Enrique-Orozco...-min-1.jpg\" \/>\n\t<meta property=\"og:image:width\" content=\"900\" \/>\n\t<meta property=\"og:image:height\" content=\"576\" \/>\n\t<meta property=\"og:image:type\" content=\"image\/jpeg\" \/>\n<meta name=\"author\" content=\"enequipo\" \/>\n<meta name=\"twitter:card\" content=\"summary_large_image\" \/>\n<meta name=\"twitter:creator\" content=\"@sonoraenequipo\" \/>\n<meta name=\"twitter:site\" content=\"@sonoraenequipo\" \/>\n<meta name=\"twitter:label1\" content=\"Escrito por\" \/>\n\t<meta name=\"twitter:data1\" content=\"enequipo\" \/>\n\t<meta name=\"twitter:label2\" content=\"Tiempo de lectura\" \/>\n\t<meta name=\"twitter:data2\" content=\"4 minutos\" \/>\n<script type=\"application\/ld+json\" class=\"yoast-schema-graph\">{\"@context\":\"https:\/\/schema.org\",\"@graph\":[{\"@type\":\"Article\",\"@id\":\"https:\/\/www.sonoraenequipo.com.mx\/luis-enrique-orozco-renuncia-a-interinato-en-nuevo-leon\/#article\",\"isPartOf\":{\"@id\":\"https:\/\/www.sonoraenequipo.com.mx\/luis-enrique-orozco-renuncia-a-interinato-en-nuevo-leon\/\"},\"author\":{\"name\":\"enequipo\",\"@id\":\"https:\/\/www.sonoraenequipo.com.mx\/#\/schema\/person\/50102df0fb23a8fa9e8effad8fa81386\"},\"headline\":\"Luis Enrique Orozco renuncia a interinato en Nuevo Le\u00f3n\",\"datePublished\":\"2023-12-05T02:45:15+00:00\",\"dateModified\":\"2023-12-05T02:48:42+00:00\",\"mainEntityOfPage\":{\"@id\":\"https:\/\/www.sonoraenequipo.com.mx\/luis-enrique-orozco-renuncia-a-interinato-en-nuevo-leon\/\"},\"wordCount\":761,\"commentCount\":0,\"publisher\":{\"@id\":\"https:\/\/www.sonoraenequipo.com.mx\/#organization\"},\"image\":{\"@id\":\"https:\/\/www.sonoraenequipo.com.mx\/luis-enrique-orozco-renuncia-a-interinato-en-nuevo-leon\/#primaryimage\"},\"thumbnailUrl\":\"https:\/\/www.sonoraenequipo.com.mx\/storage\/2023\/12\/Luis-Enrique-Orozco...-min-1.jpg\",\"articleSection\":[\"Rep\u00fablica\"],\"inLanguage\":\"es\",\"potentialAction\":[{\"@type\":\"CommentAction\",\"name\":\"Comment\",\"target\":[\"https:\/\/www.sonoraenequipo.com.mx\/luis-enrique-orozco-renuncia-a-interinato-en-nuevo-leon\/#respond\"]}]},{\"@type\":\"WebPage\",\"@id\":\"https:\/\/www.sonoraenequipo.com.mx\/luis-enrique-orozco-renuncia-a-interinato-en-nuevo-leon\/\",\"url\":\"https:\/\/www.sonoraenequipo.com.mx\/luis-enrique-orozco-renuncia-a-interinato-en-nuevo-leon\/\",\"name\":\"Sonora en Equipo. Luis Enrique Orozco renuncia a interinato en Nuevo Le\u00f3n Rep\u00fablica\",\"isPartOf\":{\"@id\":\"https:\/\/www.sonoraenequipo.com.mx\/#website\"},\"primaryImageOfPage\":{\"@id\":\"https:\/\/www.sonoraenequipo.com.mx\/luis-enrique-orozco-renuncia-a-interinato-en-nuevo-leon\/#primaryimage\"},\"image\":{\"@id\":\"https:\/\/www.sonoraenequipo.com.mx\/luis-enrique-orozco-renuncia-a-interinato-en-nuevo-leon\/#primaryimage\"},\"thumbnailUrl\":\"https:\/\/www.sonoraenequipo.com.mx\/storage\/2023\/12\/Luis-Enrique-Orozco...-min-1.jpg\",\"datePublished\":\"2023-12-05T02:45:15+00:00\",\"dateModified\":\"2023-12-05T02:48:42+00:00\",\"description\":\"MONTERREY, NUEVO LE\u00d3N. MX.\u2014 Luis Enrique Orozco, ex vice fiscal del Ministerio P\u00fablico, de la Fiscal\u00eda General de Justicia del Estado, y designado el En Sonora en Equipo publicamos toda la informaci\u00f3n de Sonora, M\u00e9xico y el Mundo de manera oportuna y busca que la libertad de expresi\u00f3n sea real. Visita nuestro medio informativo publicado desde Hermosillo, Sonora. %\",\"breadcrumb\":{\"@id\":\"https:\/\/www.sonoraenequipo.com.mx\/luis-enrique-orozco-renuncia-a-interinato-en-nuevo-leon\/#breadcrumb\"},\"inLanguage\":\"es\",\"potentialAction\":[{\"@type\":\"ReadAction\",\"target\":[\"https:\/\/www.sonoraenequipo.com.mx\/luis-enrique-orozco-renuncia-a-interinato-en-nuevo-leon\/\"]}]},{\"@type\":\"ImageObject\",\"inLanguage\":\"es\",\"@id\":\"https:\/\/www.sonoraenequipo.com.mx\/luis-enrique-orozco-renuncia-a-interinato-en-nuevo-leon\/#primaryimage\",\"url\":\"https:\/\/www.sonoraenequipo.com.mx\/storage\/2023\/12\/Luis-Enrique-Orozco...-min-1.jpg\",\"contentUrl\":\"https:\/\/www.sonoraenequipo.com.mx\/storage\/2023\/12\/Luis-Enrique-Orozco...-min-1.jpg\",\"width\":900,\"height\":576},{\"@type\":\"BreadcrumbList\",\"@id\":\"https:\/\/www.sonoraenequipo.com.mx\/luis-enrique-orozco-renuncia-a-interinato-en-nuevo-leon\/#breadcrumb\",\"itemListElement\":[{\"@type\":\"ListItem\",\"position\":1,\"name\":\"Portada\",\"item\":\"https:\/\/www.sonoraenequipo.com.mx\/\"},{\"@type\":\"ListItem\",\"position\":2,\"name\":\"Luis Enrique Orozco renuncia a interinato en Nuevo Le\u00f3n\"}]},{\"@type\":\"WebSite\",\"@id\":\"https:\/\/www.sonoraenequipo.com.mx\/#website\",\"url\":\"https:\/\/www.sonoraenequipo.com.mx\/\",\"name\":\"Sonora en Equipo.\",\"description\":\"Diario en l\u00ednea con Noticias desde Hermosillo, Sonora\",\"publisher\":{\"@id\":\"https:\/\/www.sonoraenequipo.com.mx\/#organization\"},\"potentialAction\":[{\"@type\":\"SearchAction\",\"target\":{\"@type\":\"EntryPoint\",\"urlTemplate\":\"https:\/\/www.sonoraenequipo.com.mx\/?s={search_term_string}\"},\"query-input\":{\"@type\":\"PropertyValueSpecification\",\"valueRequired\":true,\"valueName\":\"search_term_string\"}}],\"inLanguage\":\"es\"},{\"@type\":\"Organization\",\"@id\":\"https:\/\/www.sonoraenequipo.com.mx\/#organization\",\"name\":\"Sonoraenequipo.com.mx\",\"url\":\"https:\/\/www.sonoraenequipo.com.mx\/\",\"logo\":{\"@type\":\"ImageObject\",\"inLanguage\":\"es\",\"@id\":\"https:\/\/www.sonoraenequipo.com.mx\/#\/schema\/logo\/image\/\",\"url\":\"https:\/\/www.sonoraenequipo.com.mx\/storage\/2019\/01\/sonoraenequipo_opt.png\",\"contentUrl\":\"https:\/\/www.sonoraenequipo.com.mx\/storage\/2019\/01\/sonoraenequipo_opt.png\",\"width\":375,\"height\":125,\"caption\":\"Sonoraenequipo.com.mx\"},\"image\":{\"@id\":\"https:\/\/www.sonoraenequipo.com.mx\/#\/schema\/logo\/image\/\"},\"sameAs\":[\"https:\/\/www.facebook.com\/SonoraEE\/\",\"https:\/\/x.com\/sonoraenequipo\",\"https:\/\/www.youtube.com\/channel\/UC338nW-lPEYmJQs4ZABQ1SQ\"]},{\"@type\":\"Person\",\"@id\":\"https:\/\/www.sonoraenequipo.com.mx\/#\/schema\/person\/50102df0fb23a8fa9e8effad8fa81386\",\"name\":\"enequipo\",\"image\":{\"@type\":\"ImageObject\",\"inLanguage\":\"es\",\"@id\":\"https:\/\/www.sonoraenequipo.com.mx\/#\/schema\/person\/image\/\",\"url\":\"https:\/\/secure.gravatar.com\/avatar\/049821681b589dabc0bc20695993ccebb09f5b5d4d790cd9251b97faac7c652b?s=96&d=blank&r=g\",\"contentUrl\":\"https:\/\/secure.gravatar.com\/avatar\/049821681b589dabc0bc20695993ccebb09f5b5d4d790cd9251b97faac7c652b?s=96&d=blank&r=g\",\"caption\":\"enequipo\"},\"sameAs\":[\"https:\/\/www.facebook.com\/SonoraEE\"]}]}<\/script>\n ","yoast_head_json":{"title":"Sonora en Equipo. Luis Enrique Orozco renuncia a interinato en Nuevo Le\u00f3n Rep\u00fablica","description":"MONTERREY, NUEVO LE\u00d3N. MX.\u2014 Luis Enrique Orozco, ex vice fiscal del Ministerio P\u00fablico, de la Fiscal\u00eda General de Justicia del Estado, y designado el En Sonora en Equipo publicamos toda la informaci\u00f3n de Sonora, M\u00e9xico y el Mundo de manera oportuna y busca que la libertad de expresi\u00f3n sea real. Visita nuestro medio informativo publicado desde Hermosillo, Sonora. %","robots":{"index":"index","follow":"follow","max-snippet":"max-snippet:-1","max-image-preview":"max-image-preview:large","max-video-preview":"max-video-preview:-1"},"canonical":"https:\/\/www.sonoraenequipo.com.mx\/luis-enrique-orozco-renuncia-a-interinato-en-nuevo-leon\/","og_locale":"es_ES","og_type":"article","og_title":"Sonora en Equipo. Luis Enrique Orozco renuncia a interinato en Nuevo Le\u00f3n Rep\u00fablica","og_description":"MONTERREY, NUEVO LE\u00d3N. MX.\u2014 Luis Enrique Orozco, ex vice fiscal del Ministerio P\u00fablico, de la Fiscal\u00eda General de Justicia del Estado, y designado el En Sonora en Equipo publicamos toda la informaci\u00f3n de Sonora, M\u00e9xico y el Mundo de manera oportuna y busca que la libertad de expresi\u00f3n sea real. Visita nuestro medio informativo publicado desde Hermosillo, Sonora. %","og_url":"https:\/\/www.sonoraenequipo.com.mx\/luis-enrique-orozco-renuncia-a-interinato-en-nuevo-leon\/","og_site_name":"Sonora en Equipo.","article_publisher":"https:\/\/www.facebook.com\/SonoraEE\/","article_author":"https:\/\/www.facebook.com\/SonoraEE","article_published_time":"2023-12-05T02:45:15+00:00","article_modified_time":"2023-12-05T02:48:42+00:00","og_image":[{"width":900,"height":576,"url":"https:\/\/www.sonoraenequipo.com.mx\/storage\/2023\/12\/Luis-Enrique-Orozco...-min-1.jpg","type":"image\/jpeg"}],"author":"enequipo","twitter_card":"summary_large_image","twitter_creator":"@sonoraenequipo","twitter_site":"@sonoraenequipo","twitter_misc":{"Escrito por":"enequipo","Tiempo de lectura":"4 minutos"},"schema":{"@context":"https:\/\/schema.org","@graph":[{"@type":"Article","@id":"https:\/\/www.sonoraenequipo.com.mx\/luis-enrique-orozco-renuncia-a-interinato-en-nuevo-leon\/#article","isPartOf":{"@id":"https:\/\/www.sonoraenequipo.com.mx\/luis-enrique-orozco-renuncia-a-interinato-en-nuevo-leon\/"},"author":{"name":"enequipo","@id":"https:\/\/www.sonoraenequipo.com.mx\/#\/schema\/person\/50102df0fb23a8fa9e8effad8fa81386"},"headline":"Luis Enrique Orozco renuncia a interinato en Nuevo Le\u00f3n","datePublished":"2023-12-05T02:45:15+00:00","dateModified":"2023-12-05T02:48:42+00:00","mainEntityOfPage":{"@id":"https:\/\/www.sonoraenequipo.com.mx\/luis-enrique-orozco-renuncia-a-interinato-en-nuevo-leon\/"},"wordCount":761,"commentCount":0,"publisher":{"@id":"https:\/\/www.sonoraenequipo.com.mx\/#organization"},"image":{"@id":"https:\/\/www.sonoraenequipo.com.mx\/luis-enrique-orozco-renuncia-a-interinato-en-nuevo-leon\/#primaryimage"},"thumbnailUrl":"https:\/\/www.sonoraenequipo.com.mx\/storage\/2023\/12\/Luis-Enrique-Orozco...-min-1.jpg","articleSection":["Rep\u00fablica"],"inLanguage":"es","potentialAction":[{"@type":"CommentAction","name":"Comment","target":["https:\/\/www.sonoraenequipo.com.mx\/luis-enrique-orozco-renuncia-a-interinato-en-nuevo-leon\/#respond"]}]},{"@type":"WebPage","@id":"https:\/\/www.sonoraenequipo.com.mx\/luis-enrique-orozco-renuncia-a-interinato-en-nuevo-leon\/","url":"https:\/\/www.sonoraenequipo.com.mx\/luis-enrique-orozco-renuncia-a-interinato-en-nuevo-leon\/","name":"Sonora en Equipo. Luis Enrique Orozco renuncia a interinato en Nuevo Le\u00f3n Rep\u00fablica","isPartOf":{"@id":"https:\/\/www.sonoraenequipo.com.mx\/#website"},"primaryImageOfPage":{"@id":"https:\/\/www.sonoraenequipo.com.mx\/luis-enrique-orozco-renuncia-a-interinato-en-nuevo-leon\/#primaryimage"},"image":{"@id":"https:\/\/www.sonoraenequipo.com.mx\/luis-enrique-orozco-renuncia-a-interinato-en-nuevo-leon\/#primaryimage"},"thumbnailUrl":"https:\/\/www.sonoraenequipo.com.mx\/storage\/2023\/12\/Luis-Enrique-Orozco...-min-1.jpg","datePublished":"2023-12-05T02:45:15+00:00","dateModified":"2023-12-05T02:48:42+00:00","description":"MONTERREY, NUEVO LE\u00d3N. MX.\u2014 Luis Enrique Orozco, ex vice fiscal del Ministerio P\u00fablico, de la Fiscal\u00eda General de Justicia del Estado, y designado el En Sonora en Equipo publicamos toda la informaci\u00f3n de Sonora, M\u00e9xico y el Mundo de manera oportuna y busca que la libertad de expresi\u00f3n sea real. Visita nuestro medio informativo publicado desde Hermosillo, Sonora. %","breadcrumb":{"@id":"https:\/\/www.sonoraenequipo.com.mx\/luis-enrique-orozco-renuncia-a-interinato-en-nuevo-leon\/#breadcrumb"},"inLanguage":"es","potentialAction":[{"@type":"ReadAction","target":["https:\/\/www.sonoraenequipo.com.mx\/luis-enrique-orozco-renuncia-a-interinato-en-nuevo-leon\/"]}]},{"@type":"ImageObject","inLanguage":"es","@id":"https:\/\/www.sonoraenequipo.com.mx\/luis-enrique-orozco-renuncia-a-interinato-en-nuevo-leon\/#primaryimage","url":"https:\/\/www.sonoraenequipo.com.mx\/storage\/2023\/12\/Luis-Enrique-Orozco...-min-1.jpg","contentUrl":"https:\/\/www.sonoraenequipo.com.mx\/storage\/2023\/12\/Luis-Enrique-Orozco...-min-1.jpg","width":900,"height":576},{"@type":"BreadcrumbList","@id":"https:\/\/www.sonoraenequipo.com.mx\/luis-enrique-orozco-renuncia-a-interinato-en-nuevo-leon\/#breadcrumb","itemListElement":[{"@type":"ListItem","position":1,"name":"Portada","item":"https:\/\/www.sonoraenequipo.com.mx\/"},{"@type":"ListItem","position":2,"name":"Luis Enrique Orozco renuncia a interinato en Nuevo Le\u00f3n"}]},{"@type":"WebSite","@id":"https:\/\/www.sonoraenequipo.com.mx\/#website","url":"https:\/\/www.sonoraenequipo.com.mx\/","name":"Sonora en Equipo.","description":"Diario en l\u00ednea con Noticias desde Hermosillo, Sonora","publisher":{"@id":"https:\/\/www.sonoraenequipo.com.mx\/#organization"},"potentialAction":[{"@type":"SearchAction","target":{"@type":"EntryPoint","urlTemplate":"https:\/\/www.sonoraenequipo.com.mx\/?s={search_term_string}"},"query-input":{"@type":"PropertyValueSpecification","valueRequired":true,"valueName":"search_term_string"}}],"inLanguage":"es"},{"@type":"Organization","@id":"https:\/\/www.sonoraenequipo.com.mx\/#organization","name":"Sonoraenequipo.com.mx","url":"https:\/\/www.sonoraenequipo.com.mx\/","logo":{"@type":"ImageObject","inLanguage":"es","@id":"https:\/\/www.sonoraenequipo.com.mx\/#\/schema\/logo\/image\/","url":"https:\/\/www.sonoraenequipo.com.mx\/storage\/2019\/01\/sonoraenequipo_opt.png","contentUrl":"https:\/\/www.sonoraenequipo.com.mx\/storage\/2019\/01\/sonoraenequipo_opt.png","width":375,"height":125,"caption":"Sonoraenequipo.com.mx"},"image":{"@id":"https:\/\/www.sonoraenequipo.com.mx\/#\/schema\/logo\/image\/"},"sameAs":["https:\/\/www.facebook.com\/SonoraEE\/","https:\/\/x.com\/sonoraenequipo","https:\/\/www.youtube.com\/channel\/UC338nW-lPEYmJQs4ZABQ1SQ"]},{"@type":"Person","@id":"https:\/\/www.sonoraenequipo.com.mx\/#\/schema\/person\/50102df0fb23a8fa9e8effad8fa81386","name":"enequipo","image":{"@type":"ImageObject","inLanguage":"es","@id":"https:\/\/www.sonoraenequipo.com.mx\/#\/schema\/person\/image\/","url":"https:\/\/secure.gravatar.com\/avatar\/049821681b589dabc0bc20695993ccebb09f5b5d4d790cd9251b97faac7c652b?s=96&d=blank&r=g","contentUrl":"https:\/\/secure.gravatar.com\/avatar\/049821681b589dabc0bc20695993ccebb09f5b5d4d790cd9251b97faac7c652b?s=96&d=blank&r=g","caption":"enequipo"},"sameAs":["https:\/\/www.facebook.com\/SonoraEE"]}]}},"jetpack_featured_media_url":"https:\/\/www.sonoraenequipo.com.mx\/storage\/2023\/12\/Luis-Enrique-Orozco...-min-1.jpg","_links":{"self":[{"href":"https:\/\/www.sonoraenequipo.com.mx\/api\/wp\/v2\/posts\/180405","targetHints":{"allow":["GET"]}}],"collection":[{"href":"https:\/\/www.sonoraenequipo.com.mx\/api\/wp\/v2\/posts"}],"about":[{"href":"https:\/\/www.sonoraenequipo.com.mx\/api\/wp\/v2\/types\/post"}],"author":[{"embeddable":true,"href":"https:\/\/www.sonoraenequipo.com.mx\/api\/wp\/v2\/users\/1"}],"replies":[{"embeddable":true,"href":"https:\/\/www.sonoraenequipo.com.mx\/api\/wp\/v2\/comments?post=180405"}],"version-history":[{"count":1,"href":"https:\/\/www.sonoraenequipo.com.mx\/api\/wp\/v2\/posts\/180405\/revisions"}],"predecessor-version":[{"id":180407,"href":"https:\/\/www.sonoraenequipo.com.mx\/api\/wp\/v2\/posts\/180405\/revisions\/180407"}],"wp:featuredmedia":[{"embeddable":true,"href":"https:\/\/www.sonoraenequipo.com.mx\/api\/wp\/v2\/media\/180406"}],"wp:attachment":[{"href":"https:\/\/www.sonoraenequipo.com.mx\/api\/wp\/v2\/media?parent=180405"}],"wp:term":[{"taxonomy":"category","embeddable":true,"href":"https:\/\/www.sonoraenequipo.com.mx\/api\/wp\/v2\/categories?post=180405"},{"taxonomy":"post_tag","embeddable":true,"href":"https:\/\/www.sonoraenequipo.com.mx\/api\/wp\/v2\/tags?post=180405"}],"curies":[{"name":"wp","href":"https:\/\/api.w.org\/{rel}","templated":true}]}}