{"id":180412,"date":"2023-12-05T10:29:46","date_gmt":"2023-12-05T17:29:46","guid":{"rendered":"https:\/\/www.sonoraenequipo.com.mx\/?p=180412"},"modified":"2023-12-05T16:33:40","modified_gmt":"2023-12-05T23:33:40","slug":"escasez-de-agua-dificultara-la-temporada-invernal-caades","status":"publish","type":"post","link":"https:\/\/www.sonoraenequipo.com.mx\/escasez-de-agua-dificultara-la-temporada-invernal-caades\/","title":{"rendered":"Escasez de agua dificultar\u00e1 la temporada invernal: CAADES"},"content":{"rendered":"<p><strong>GUASAVE, SINALOA. MX.<\/strong> \u2014 La escasez de agua dificultar\u00e1 enfrentar la temporada invernal debido a que no se tiene disponibilidad y no se podr\u00e1n regar los cultivos de manera anticipada a manera de prevenci\u00f3n, indic\u00f3 Marte Vega Rom\u00e1n, presidente de la Confederaci\u00f3n de Asociaciones Agr\u00edcolas del Estado de Sinaloa (CAADES).<\/p>\n<p>&nbsp;<\/p>\n<p> <\/p>\n<p>Dijo esperar que los pron\u00f3sticos no se cumplan como tal pues reconoci\u00f3 que en caso de haber alguna complicaci\u00f3n los hombres del campo estar\u00e1n imposibilitados para reactivarse o hacer otra siembra precisamente por la falta de agua.<\/p>\n<p>&nbsp;<\/p>\n<p>&nbsp;<\/p>\n<p>Por otra parte indic\u00f3 que esperan que las lluvias si se den debido al fen\u00f3meno denominado \u00abel ni\u00f1o\u00bb, que se presume viene retrasado, destac\u00f3 que en esta etapa del a\u00f1o, el descenso de temperatura es normal por los frentes fr\u00edos que se presentan, sin embargo dijo esperar que estos no sean muy intensos.<\/p>\n<p>&nbsp;<\/p>\n<p>&nbsp;<\/p>\n<p>PUBLICADO EL 05 DE DICIEMBRE DE 2023\/ Con informaci\u00f3n de Altavoz)<\/p>\n","protected":false},"excerpt":{"rendered":"<p>GUASAVE, SINALOA. MX. \u2014 La escasez de agua dificultar\u00e1 enfrentar la temporada invernal debido a&#8230;<\/p>\n","protected":false},"author":1,"featured_media":180435,"comment_status":"open","ping_status":"open","sticky":false,"template":"","format":"standard","meta":{"_monsterinsights_skip_tracking":false,"_monsterinsights_sitenote_active":false,"_monsterinsights_sitenote_note":"","_monsterinsights_sitenote_category":0,"footnotes":""},"categories":[5],"tags":[],"class_list":["post"],"yoast_head":" \n<title>Sonora en Equipo. Escasez de agua dificultar\u00e1 la temporada invernal: CAADES Rep\u00fablica<\/title>\n<meta name=\"description\" content=\"GUASAVE, SINALOA. MX. \u2014 La escasez de agua dificultar\u00e1 enfrentar la temporada invernal debido a que no se tiene disponibilidad y no se podr\u00e1n regar los En Sonora en Equipo publicamos toda la informaci\u00f3n de Sonora, M\u00e9xico y el Mundo de manera oportuna y busca que la libertad de expresi\u00f3n sea real. Visita nuestro medio informativo publicado desde Hermosillo, Sonora. %\" \/>\n<meta name=\"robots\" content=\"index, follow, max-snippet:-1, max-image-preview:large, max-video-preview:-1\" \/>\n<link rel=\"canonical\" href=\"https:\/\/www.sonoraenequipo.com.mx\/escasez-de-agua-dificultara-la-temporada-invernal-caades\/\" \/>\n<meta property=\"og:locale\" content=\"es_ES\" \/>\n<meta property=\"og:type\" content=\"article\" \/>\n<meta property=\"og:title\" content=\"Sonora en Equipo. Escasez de agua dificultar\u00e1 la temporada invernal: CAADES Rep\u00fablica\" \/>\n<meta property=\"og:description\" content=\"GUASAVE, SINALOA. MX. \u2014 La escasez de agua dificultar\u00e1 enfrentar la temporada invernal debido a que no se tiene disponibilidad y no se podr\u00e1n regar los En Sonora en Equipo publicamos toda la informaci\u00f3n de Sonora, M\u00e9xico y el Mundo de manera oportuna y busca que la libertad de expresi\u00f3n sea real. Visita nuestro medio informativo publicado desde Hermosillo, Sonora. %\" \/>\n<meta property=\"og:url\" content=\"https:\/\/www.sonoraenequipo.com.mx\/escasez-de-agua-dificultara-la-temporada-invernal-caades\/\" \/>\n<meta property=\"og:site_name\" content=\"Sonora en Equipo.\" \/>\n<meta property=\"article:publisher\" content=\"https:\/\/www.facebook.com\/SonoraEE\/\" \/>\n<meta property=\"article:author\" content=\"https:\/\/www.facebook.com\/SonoraEE\" \/>\n<meta property=\"article:published_time\" content=\"2023-12-05T17:29:46+00:00\" \/>\n<meta property=\"article:modified_time\" content=\"2023-12-05T23:33:40+00:00\" \/>\n<meta property=\"og:image\" content=\"https:\/\/www.sonoraenequipo.com.mx\/storage\/2023\/12\/siembra-maiz-min-1.jpg\" \/>\n\t<meta property=\"og:image:width\" content=\"1029\" \/>\n\t<meta property=\"og:image:height\" content=\"577\" \/>\n\t<meta property=\"og:image:type\" content=\"image\/jpeg\" \/>\n<meta name=\"author\" content=\"enequipo\" \/>\n<meta name=\"twitter:card\" content=\"summary_large_image\" \/>\n<meta name=\"twitter:creator\" content=\"@sonoraenequipo\" \/>\n<meta name=\"twitter:site\" content=\"@sonoraenequipo\" \/>\n<meta name=\"twitter:label1\" content=\"Escrito por\" \/>\n\t<meta name=\"twitter:data1\" content=\"enequipo\" \/>\n\t<meta name=\"twitter:label2\" content=\"Tiempo de lectura\" \/>\n\t<meta name=\"twitter:data2\" content=\"1 minuto\" \/>\n<script type=\"application\/ld+json\" class=\"yoast-schema-graph\">{\"@context\":\"https:\/\/schema.org\",\"@graph\":[{\"@type\":\"Article\",\"@id\":\"https:\/\/www.sonoraenequipo.com.mx\/escasez-de-agua-dificultara-la-temporada-invernal-caades\/#article\",\"isPartOf\":{\"@id\":\"https:\/\/www.sonoraenequipo.com.mx\/escasez-de-agua-dificultara-la-temporada-invernal-caades\/\"},\"author\":{\"name\":\"enequipo\",\"@id\":\"https:\/\/www.sonoraenequipo.com.mx\/#\/schema\/person\/50102df0fb23a8fa9e8effad8fa81386\"},\"headline\":\"Escasez de agua dificultar\u00e1 la temporada invernal: CAADES\",\"datePublished\":\"2023-12-05T17:29:46+00:00\",\"dateModified\":\"2023-12-05T23:33:40+00:00\",\"mainEntityOfPage\":{\"@id\":\"https:\/\/www.sonoraenequipo.com.mx\/escasez-de-agua-dificultara-la-temporada-invernal-caades\/\"},\"wordCount\":174,\"commentCount\":0,\"publisher\":{\"@id\":\"https:\/\/www.sonoraenequipo.com.mx\/#organization\"},\"image\":{\"@id\":\"https:\/\/www.sonoraenequipo.com.mx\/escasez-de-agua-dificultara-la-temporada-invernal-caades\/#primaryimage\"},\"thumbnailUrl\":\"https:\/\/www.sonoraenequipo.com.mx\/storage\/2023\/12\/siembra-maiz-min-1.jpg\",\"articleSection\":[\"Rep\u00fablica\"],\"inLanguage\":\"es\",\"potentialAction\":[{\"@type\":\"CommentAction\",\"name\":\"Comment\",\"target\":[\"https:\/\/www.sonoraenequipo.com.mx\/escasez-de-agua-dificultara-la-temporada-invernal-caades\/#respond\"]}]},{\"@type\":\"WebPage\",\"@id\":\"https:\/\/www.sonoraenequipo.com.mx\/escasez-de-agua-dificultara-la-temporada-invernal-caades\/\",\"url\":\"https:\/\/www.sonoraenequipo.com.mx\/escasez-de-agua-dificultara-la-temporada-invernal-caades\/\",\"name\":\"Sonora en Equipo. Escasez de agua dificultar\u00e1 la temporada invernal: CAADES Rep\u00fablica\",\"isPartOf\":{\"@id\":\"https:\/\/www.sonoraenequipo.com.mx\/#website\"},\"primaryImageOfPage\":{\"@id\":\"https:\/\/www.sonoraenequipo.com.mx\/escasez-de-agua-dificultara-la-temporada-invernal-caades\/#primaryimage\"},\"image\":{\"@id\":\"https:\/\/www.sonoraenequipo.com.mx\/escasez-de-agua-dificultara-la-temporada-invernal-caades\/#primaryimage\"},\"thumbnailUrl\":\"https:\/\/www.sonoraenequipo.com.mx\/storage\/2023\/12\/siembra-maiz-min-1.jpg\",\"datePublished\":\"2023-12-05T17:29:46+00:00\",\"dateModified\":\"2023-12-05T23:33:40+00:00\",\"description\":\"GUASAVE, SINALOA. MX. \u2014 La escasez de agua dificultar\u00e1 enfrentar la temporada invernal debido a que no se tiene disponibilidad y no se podr\u00e1n regar los En Sonora en Equipo publicamos toda la informaci\u00f3n de Sonora, M\u00e9xico y el Mundo de manera oportuna y busca que la libertad de expresi\u00f3n sea real. Visita nuestro medio informativo publicado desde Hermosillo, Sonora. %\",\"breadcrumb\":{\"@id\":\"https:\/\/www.sonoraenequipo.com.mx\/escasez-de-agua-dificultara-la-temporada-invernal-caades\/#breadcrumb\"},\"inLanguage\":\"es\",\"potentialAction\":[{\"@type\":\"ReadAction\",\"target\":[\"https:\/\/www.sonoraenequipo.com.mx\/escasez-de-agua-dificultara-la-temporada-invernal-caades\/\"]}]},{\"@type\":\"ImageObject\",\"inLanguage\":\"es\",\"@id\":\"https:\/\/www.sonoraenequipo.com.mx\/escasez-de-agua-dificultara-la-temporada-invernal-caades\/#primaryimage\",\"url\":\"https:\/\/www.sonoraenequipo.com.mx\/storage\/2023\/12\/siembra-maiz-min-1.jpg\",\"contentUrl\":\"https:\/\/www.sonoraenequipo.com.mx\/storage\/2023\/12\/siembra-maiz-min-1.jpg\",\"width\":1029,\"height\":577},{\"@type\":\"BreadcrumbList\",\"@id\":\"https:\/\/www.sonoraenequipo.com.mx\/escasez-de-agua-dificultara-la-temporada-invernal-caades\/#breadcrumb\",\"itemListElement\":[{\"@type\":\"ListItem\",\"position\":1,\"name\":\"Portada\",\"item\":\"https:\/\/www.sonoraenequipo.com.mx\/\"},{\"@type\":\"ListItem\",\"position\":2,\"name\":\"Escasez de agua dificultar\u00e1 la temporada invernal: CAADES\"}]},{\"@type\":\"WebSite\",\"@id\":\"https:\/\/www.sonoraenequipo.com.mx\/#website\",\"url\":\"https:\/\/www.sonoraenequipo.com.mx\/\",\"name\":\"Sonora en Equipo.\",\"description\":\"Diario en l\u00ednea con Noticias desde Hermosillo, Sonora\",\"publisher\":{\"@id\":\"https:\/\/www.sonoraenequipo.com.mx\/#organization\"},\"potentialAction\":[{\"@type\":\"SearchAction\",\"target\":{\"@type\":\"EntryPoint\",\"urlTemplate\":\"https:\/\/www.sonoraenequipo.com.mx\/?s={search_term_string}\"},\"query-input\":{\"@type\":\"PropertyValueSpecification\",\"valueRequired\":true,\"valueName\":\"search_term_string\"}}],\"inLanguage\":\"es\"},{\"@type\":\"Organization\",\"@id\":\"https:\/\/www.sonoraenequipo.com.mx\/#organization\",\"name\":\"Sonoraenequipo.com.mx\",\"url\":\"https:\/\/www.sonoraenequipo.com.mx\/\",\"logo\":{\"@type\":\"ImageObject\",\"inLanguage\":\"es\",\"@id\":\"https:\/\/www.sonoraenequipo.com.mx\/#\/schema\/logo\/image\/\",\"url\":\"https:\/\/www.sonoraenequipo.com.mx\/storage\/2019\/01\/sonoraenequipo_opt.png\",\"contentUrl\":\"https:\/\/www.sonoraenequipo.com.mx\/storage\/2019\/01\/sonoraenequipo_opt.png\",\"width\":375,\"height\":125,\"caption\":\"Sonoraenequipo.com.mx\"},\"image\":{\"@id\":\"https:\/\/www.sonoraenequipo.com.mx\/#\/schema\/logo\/image\/\"},\"sameAs\":[\"https:\/\/www.facebook.com\/SonoraEE\/\",\"https:\/\/x.com\/sonoraenequipo\",\"https:\/\/www.youtube.com\/channel\/UC338nW-lPEYmJQs4ZABQ1SQ\"]},{\"@type\":\"Person\",\"@id\":\"https:\/\/www.sonoraenequipo.com.mx\/#\/schema\/person\/50102df0fb23a8fa9e8effad8fa81386\",\"name\":\"enequipo\",\"image\":{\"@type\":\"ImageObject\",\"inLanguage\":\"es\",\"@id\":\"https:\/\/www.sonoraenequipo.com.mx\/#\/schema\/person\/image\/\",\"url\":\"https:\/\/secure.gravatar.com\/avatar\/049821681b589dabc0bc20695993ccebb09f5b5d4d790cd9251b97faac7c652b?s=96&d=blank&r=g\",\"contentUrl\":\"https:\/\/secure.gravatar.com\/avatar\/049821681b589dabc0bc20695993ccebb09f5b5d4d790cd9251b97faac7c652b?s=96&d=blank&r=g\",\"caption\":\"enequipo\"},\"sameAs\":[\"https:\/\/www.facebook.com\/SonoraEE\"]}]}<\/script>\n ","yoast_head_json":{"title":"Sonora en Equipo. Escasez de agua dificultar\u00e1 la temporada invernal: CAADES Rep\u00fablica","description":"GUASAVE, SINALOA. MX. \u2014 La escasez de agua dificultar\u00e1 enfrentar la temporada invernal debido a que no se tiene disponibilidad y no se podr\u00e1n regar los En Sonora en Equipo publicamos toda la informaci\u00f3n de Sonora, M\u00e9xico y el Mundo de manera oportuna y busca que la libertad de expresi\u00f3n sea real. Visita nuestro medio informativo publicado desde Hermosillo, Sonora. %","robots":{"index":"index","follow":"follow","max-snippet":"max-snippet:-1","max-image-preview":"max-image-preview:large","max-video-preview":"max-video-preview:-1"},"canonical":"https:\/\/www.sonoraenequipo.com.mx\/escasez-de-agua-dificultara-la-temporada-invernal-caades\/","og_locale":"es_ES","og_type":"article","og_title":"Sonora en Equipo. Escasez de agua dificultar\u00e1 la temporada invernal: CAADES Rep\u00fablica","og_description":"GUASAVE, SINALOA. MX. \u2014 La escasez de agua dificultar\u00e1 enfrentar la temporada invernal debido a que no se tiene disponibilidad y no se podr\u00e1n regar los En Sonora en Equipo publicamos toda la informaci\u00f3n de Sonora, M\u00e9xico y el Mundo de manera oportuna y busca que la libertad de expresi\u00f3n sea real. Visita nuestro medio informativo publicado desde Hermosillo, Sonora. %","og_url":"https:\/\/www.sonoraenequipo.com.mx\/escasez-de-agua-dificultara-la-temporada-invernal-caades\/","og_site_name":"Sonora en Equipo.","article_publisher":"https:\/\/www.facebook.com\/SonoraEE\/","article_author":"https:\/\/www.facebook.com\/SonoraEE","article_published_time":"2023-12-05T17:29:46+00:00","article_modified_time":"2023-12-05T23:33:40+00:00","og_image":[{"width":1029,"height":577,"url":"https:\/\/www.sonoraenequipo.com.mx\/storage\/2023\/12\/siembra-maiz-min-1.jpg","type":"image\/jpeg"}],"author":"enequipo","twitter_card":"summary_large_image","twitter_creator":"@sonoraenequipo","twitter_site":"@sonoraenequipo","twitter_misc":{"Escrito por":"enequipo","Tiempo de lectura":"1 minuto"},"schema":{"@context":"https:\/\/schema.org","@graph":[{"@type":"Article","@id":"https:\/\/www.sonoraenequipo.com.mx\/escasez-de-agua-dificultara-la-temporada-invernal-caades\/#article","isPartOf":{"@id":"https:\/\/www.sonoraenequipo.com.mx\/escasez-de-agua-dificultara-la-temporada-invernal-caades\/"},"author":{"name":"enequipo","@id":"https:\/\/www.sonoraenequipo.com.mx\/#\/schema\/person\/50102df0fb23a8fa9e8effad8fa81386"},"headline":"Escasez de agua dificultar\u00e1 la temporada invernal: CAADES","datePublished":"2023-12-05T17:29:46+00:00","dateModified":"2023-12-05T23:33:40+00:00","mainEntityOfPage":{"@id":"https:\/\/www.sonoraenequipo.com.mx\/escasez-de-agua-dificultara-la-temporada-invernal-caades\/"},"wordCount":174,"commentCount":0,"publisher":{"@id":"https:\/\/www.sonoraenequipo.com.mx\/#organization"},"image":{"@id":"https:\/\/www.sonoraenequipo.com.mx\/escasez-de-agua-dificultara-la-temporada-invernal-caades\/#primaryimage"},"thumbnailUrl":"https:\/\/www.sonoraenequipo.com.mx\/storage\/2023\/12\/siembra-maiz-min-1.jpg","articleSection":["Rep\u00fablica"],"inLanguage":"es","potentialAction":[{"@type":"CommentAction","name":"Comment","target":["https:\/\/www.sonoraenequipo.com.mx\/escasez-de-agua-dificultara-la-temporada-invernal-caades\/#respond"]}]},{"@type":"WebPage","@id":"https:\/\/www.sonoraenequipo.com.mx\/escasez-de-agua-dificultara-la-temporada-invernal-caades\/","url":"https:\/\/www.sonoraenequipo.com.mx\/escasez-de-agua-dificultara-la-temporada-invernal-caades\/","name":"Sonora en Equipo. Escasez de agua dificultar\u00e1 la temporada invernal: CAADES Rep\u00fablica","isPartOf":{"@id":"https:\/\/www.sonoraenequipo.com.mx\/#website"},"primaryImageOfPage":{"@id":"https:\/\/www.sonoraenequipo.com.mx\/escasez-de-agua-dificultara-la-temporada-invernal-caades\/#primaryimage"},"image":{"@id":"https:\/\/www.sonoraenequipo.com.mx\/escasez-de-agua-dificultara-la-temporada-invernal-caades\/#primaryimage"},"thumbnailUrl":"https:\/\/www.sonoraenequipo.com.mx\/storage\/2023\/12\/siembra-maiz-min-1.jpg","datePublished":"2023-12-05T17:29:46+00:00","dateModified":"2023-12-05T23:33:40+00:00","description":"GUASAVE, SINALOA. MX. \u2014 La escasez de agua dificultar\u00e1 enfrentar la temporada invernal debido a que no se tiene disponibilidad y no se podr\u00e1n regar los En Sonora en Equipo publicamos toda la informaci\u00f3n de Sonora, M\u00e9xico y el Mundo de manera oportuna y busca que la libertad de expresi\u00f3n sea real. Visita nuestro medio informativo publicado desde Hermosillo, Sonora. %","breadcrumb":{"@id":"https:\/\/www.sonoraenequipo.com.mx\/escasez-de-agua-dificultara-la-temporada-invernal-caades\/#breadcrumb"},"inLanguage":"es","potentialAction":[{"@type":"ReadAction","target":["https:\/\/www.sonoraenequipo.com.mx\/escasez-de-agua-dificultara-la-temporada-invernal-caades\/"]}]},{"@type":"ImageObject","inLanguage":"es","@id":"https:\/\/www.sonoraenequipo.com.mx\/escasez-de-agua-dificultara-la-temporada-invernal-caades\/#primaryimage","url":"https:\/\/www.sonoraenequipo.com.mx\/storage\/2023\/12\/siembra-maiz-min-1.jpg","contentUrl":"https:\/\/www.sonoraenequipo.com.mx\/storage\/2023\/12\/siembra-maiz-min-1.jpg","width":1029,"height":577},{"@type":"BreadcrumbList","@id":"https:\/\/www.sonoraenequipo.com.mx\/escasez-de-agua-dificultara-la-temporada-invernal-caades\/#breadcrumb","itemListElement":[{"@type":"ListItem","position":1,"name":"Portada","item":"https:\/\/www.sonoraenequipo.com.mx\/"},{"@type":"ListItem","position":2,"name":"Escasez de agua dificultar\u00e1 la temporada invernal: CAADES"}]},{"@type":"WebSite","@id":"https:\/\/www.sonoraenequipo.com.mx\/#website","url":"https:\/\/www.sonoraenequipo.com.mx\/","name":"Sonora en Equipo.","description":"Diario en l\u00ednea con Noticias desde Hermosillo, Sonora","publisher":{"@id":"https:\/\/www.sonoraenequipo.com.mx\/#organization"},"potentialAction":[{"@type":"SearchAction","target":{"@type":"EntryPoint","urlTemplate":"https:\/\/www.sonoraenequipo.com.mx\/?s={search_term_string}"},"query-input":{"@type":"PropertyValueSpecification","valueRequired":true,"valueName":"search_term_string"}}],"inLanguage":"es"},{"@type":"Organization","@id":"https:\/\/www.sonoraenequipo.com.mx\/#organization","name":"Sonoraenequipo.com.mx","url":"https:\/\/www.sonoraenequipo.com.mx\/","logo":{"@type":"ImageObject","inLanguage":"es","@id":"https:\/\/www.sonoraenequipo.com.mx\/#\/schema\/logo\/image\/","url":"https:\/\/www.sonoraenequipo.com.mx\/storage\/2019\/01\/sonoraenequipo_opt.png","contentUrl":"https:\/\/www.sonoraenequipo.com.mx\/storage\/2019\/01\/sonoraenequipo_opt.png","width":375,"height":125,"caption":"Sonoraenequipo.com.mx"},"image":{"@id":"https:\/\/www.sonoraenequipo.com.mx\/#\/schema\/logo\/image\/"},"sameAs":["https:\/\/www.facebook.com\/SonoraEE\/","https:\/\/x.com\/sonoraenequipo","https:\/\/www.youtube.com\/channel\/UC338nW-lPEYmJQs4ZABQ1SQ"]},{"@type":"Person","@id":"https:\/\/www.sonoraenequipo.com.mx\/#\/schema\/person\/50102df0fb23a8fa9e8effad8fa81386","name":"enequipo","image":{"@type":"ImageObject","inLanguage":"es","@id":"https:\/\/www.sonoraenequipo.com.mx\/#\/schema\/person\/image\/","url":"https:\/\/secure.gravatar.com\/avatar\/049821681b589dabc0bc20695993ccebb09f5b5d4d790cd9251b97faac7c652b?s=96&d=blank&r=g","contentUrl":"https:\/\/secure.gravatar.com\/avatar\/049821681b589dabc0bc20695993ccebb09f5b5d4d790cd9251b97faac7c652b?s=96&d=blank&r=g","caption":"enequipo"},"sameAs":["https:\/\/www.facebook.com\/SonoraEE"]}]}},"jetpack_featured_media_url":"https:\/\/www.sonoraenequipo.com.mx\/storage\/2023\/12\/siembra-maiz-min-1.jpg","_links":{"self":[{"href":"https:\/\/www.sonoraenequipo.com.mx\/api\/wp\/v2\/posts\/180412","targetHints":{"allow":["GET"]}}],"collection":[{"href":"https:\/\/www.sonoraenequipo.com.mx\/api\/wp\/v2\/posts"}],"about":[{"href":"https:\/\/www.sonoraenequipo.com.mx\/api\/wp\/v2\/types\/post"}],"author":[{"embeddable":true,"href":"https:\/\/www.sonoraenequipo.com.mx\/api\/wp\/v2\/users\/1"}],"replies":[{"embeddable":true,"href":"https:\/\/www.sonoraenequipo.com.mx\/api\/wp\/v2\/comments?post=180412"}],"version-history":[{"count":3,"href":"https:\/\/www.sonoraenequipo.com.mx\/api\/wp\/v2\/posts\/180412\/revisions"}],"predecessor-version":[{"id":180438,"href":"https:\/\/www.sonoraenequipo.com.mx\/api\/wp\/v2\/posts\/180412\/revisions\/180438"}],"wp:featuredmedia":[{"embeddable":true,"href":"https:\/\/www.sonoraenequipo.com.mx\/api\/wp\/v2\/media\/180435"}],"wp:attachment":[{"href":"https:\/\/www.sonoraenequipo.com.mx\/api\/wp\/v2\/media?parent=180412"}],"wp:term":[{"taxonomy":"category","embeddable":true,"href":"https:\/\/www.sonoraenequipo.com.mx\/api\/wp\/v2\/categories?post=180412"},{"taxonomy":"post_tag","embeddable":true,"href":"https:\/\/www.sonoraenequipo.com.mx\/api\/wp\/v2\/tags?post=180412"}],"curies":[{"name":"wp","href":"https:\/\/api.w.org\/{rel}","templated":true}]}}