{"id":180413,"date":"2023-12-05T11:29:57","date_gmt":"2023-12-05T18:29:57","guid":{"rendered":"https:\/\/www.sonoraenequipo.com.mx\/?p=180413"},"modified":"2023-12-05T12:00:21","modified_gmt":"2023-12-05T19:00:21","slug":"puede-promover-ine-la-alfabetizacion-digital-y-la-verificacion-de-noticias-de-las-redes-sociales","status":"publish","type":"post","link":"https:\/\/www.sonoraenequipo.com.mx\/puede-promover-ine-la-alfabetizacion-digital-y-la-verificacion-de-noticias-de-las-redes-sociales\/","title":{"rendered":"Puede promover INE la alfabetizaci\u00f3n digital y\u00a0 la verificaci\u00f3n de noticias de las redes sociales"},"content":{"rendered":"<p><strong>HERMOSILLO, SONORA,MX.\u02d7\u02d7\u02d7\u00a0 P<\/strong>or medio de una gran campa\u00f1a pedag\u00f3gica de promoci\u00f3n de la alfabetizaci\u00f3n digital y fomento a la verificaci\u00f3n de noticias y contenidos de dudosa veracidad en las redes sociales, el Instituto Nacional Electoral (INE) puede brindar mayor certidumbre y confianza sobre su actuar en la organizaci\u00f3n de elecciones y afianzar su aceptaci\u00f3n social.<\/p>\n<p>&nbsp;<\/p>\n<p>Lo anterior forma parte de los planteamientos hechos durante el primer d\u00eda de actividades de la II Cumbre de la Democracia Electoral \u201cLas Autoridades Electorales ante la Desinformaci\u00f3n\u201d, que se desarrollar\u00e1 del 4 al 6 de diciembre, con la participaci\u00f3n de organismos y especialistas en materia de Inteligencia Artificial.<\/p>\n<p>&nbsp;<\/p>\n<p>Del mismo modo, los panelistas participantes, consideraron fundamental que M\u00e9xico se una a los esfuerzos trasnacionales para regular la Inteligencia Artificial; que desarrolle modelos p\u00fablicos que sirvan como contrapeso del control corporativo de \u00e9sta; construir una ciudadan\u00eda digital empoderada, y fomentar h\u00e1bitos adecuados para el consumo y difusi\u00f3n de la informaci\u00f3n de las redes sociales.<\/p>\n<p>&nbsp;<\/p>\n<p>En el Auditorio del INE se llev\u00f3 a cabo como primera actividad la Conferencia \u201cLas redes sociales en las elecciones\u201d, a cargo de Nathan Sanders, del Centro Berkman Klein de la Universidad de Harvard, y de Frederico Franco Alvim, experto internacional, quienes contaron con la moderaci\u00f3n de Delphine Freyman. Subsecretaria de la Comisi\u00f3n de Venecia del Consejo de Europa.<\/p>\n<p>&nbsp;<\/p>\n<p><strong>Primordiales, comunidades con reglas y un discurso de comunicaci\u00f3n<\/strong><\/p>\n<p>&nbsp;<\/p>\n<p>Los conferencistas establecieron algunos de los retos que afrontan actualmente los organismos electorales, como promover el voto libre y consciente, la igualdad de oportunidades en las campa\u00f1as comiciales, el reconteo honesto de los sufragios y la normalidad de la jornada electoral.<\/p>\n<p>&nbsp;<\/p>\n<p>Para ello, se\u00f1alaron como primordial la creaci\u00f3n de comunidades con reglas preestablecidas para generar un discurso civil de comunicaci\u00f3n; trabajar en la contenci\u00f3n de abusos de poder de determinados actores pol\u00edticos relevantes, y generar cambios normativos de regulaci\u00f3n, con penas y consecuencias por comportamientos no deseados.<\/p>\n<p>&nbsp;<\/p>\n<p><strong>Indispensable, la apuesta por un empoderamiento digital participativo<\/strong><\/p>\n<p>&nbsp;<\/p>\n<p>En segunda instancia se desarroll\u00f3 el panel \u201cComunicaci\u00f3n digital e inteligencia artificial: nuevos retos de las autoridades electorales\u201d, integrado por Jacques Coste, de la Universidad de Stony Brook de Estados Unidos; Ang\u00e9lica Contreras, Directora de Cultivando G\u00e9nero Asociaci\u00f3n Civil, y Rafael Rubio, experto de la Comisi\u00f3n de Venecia del Consejo de Europa. La moderaci\u00f3n fue de Alberto Guevara, especialista electoral mexicano.<\/p>\n<p>&nbsp;<\/p>\n<p>Entre otras consideraciones, los panelistas indicaron que algunas labores que pueden emprender las autoridades electorales para afrontar los retos de la Inteligencia Artificial son la firma de convenios de colaboraci\u00f3n con plataformas de verificaci\u00f3n para revisar la informaci\u00f3n que se difunde, as\u00ed como el material propagand\u00edstico y las declaraciones de los pol\u00edticos en campa\u00f1a.<\/p>\n<p>&nbsp;<\/p>\n<p>Asimismo, buscar que los usuarios s\u00f3lo difundan informaci\u00f3n de medios de comunicaci\u00f3n y de periodistas serios y reconocidos; y que verifiquen, en dos o tres fuentes, la informaci\u00f3n que van a compartir. De tal forma que la apuesta sea por un empoderamiento digital participativo, como reconocimiento de otro de los derechos pol\u00edtico-electorales.<\/p>\n<p>&nbsp;<\/p>\n<p>Necesario tambi\u00e9n, echar luz sobre la informaci\u00f3n veraz<\/p>\n<p>&nbsp;<\/p>\n<p>Finalmente, en el panel \u201cNoticias falsas en las elecciones\u201d disertaron Diana Atamaint, Presidenta del Consejo Nacional Electoral de Ecuador; Jos\u00e9 del Tronco, de la Facultad Latinoamericana de Ciencias Sociales, e Ingrid Bicu, del Instituto de Estudios Europeos y Derechos Humanos de la Universidad Pontificia de Salamanca<\/p>\n<p>&nbsp;<\/p>\n<p>Los panelistas coincidieron en manifestar que, contra las acciones de violencia electoral, intimidaci\u00f3n, agresi\u00f3n y otro tipo de comportamientos da\u00f1inos, que por regular suelen generar desconfianza y rechazo de resultados comiciales, es necesario buscar aliados para combatir la desinformaci\u00f3n, tales como grupos de acad\u00e9micos, de periodistas y de la sociedad civil organizada, as\u00ed como tomar en cuenta la cultura de cada naci\u00f3n, la legislaci\u00f3n, el trabajo en territorio y la voluntad pol\u00edtica de los actores electorales locales.<\/p>\n<p>&nbsp;<\/p>\n<p>Resaltaron que el combate a la desinformaci\u00f3n implica m\u00faltiples desaf\u00edos, pero aclararon que no debe importar s\u00f3lo identificar, prevenir y castigar la informaci\u00f3n falsa, sino tambi\u00e9n poder echar luz sobre la informaci\u00f3n veraz, que es una manera diferente, pero complementaria, de evitar la distorsi\u00f3n de la informaci\u00f3n.<\/p>\n<p><strong>Fecha de publicaci\u00f3n martes 5 <\/strong><strong>de diciembre de 2023<\/strong><\/p>\n<p>&nbsp;<\/p>\n","protected":false},"excerpt":{"rendered":"<p>HERMOSILLO, SONORA,MX.\u02d7\u02d7\u02d7\u00a0 Por medio de una gran campa\u00f1a pedag\u00f3gica de promoci\u00f3n de la alfabetizaci\u00f3n digital&#8230;<\/p>\n","protected":false},"author":1,"featured_media":177793,"comment_status":"open","ping_status":"open","sticky":false,"template":"","format":"standard","meta":{"_monsterinsights_skip_tracking":false,"_monsterinsights_sitenote_active":false,"_monsterinsights_sitenote_note":"","_monsterinsights_sitenote_category":0,"footnotes":""},"categories":[5],"tags":[47,3938,1247,483,15],"class_list":["post"],"yoast_head":" \n<title>Sonora en Equipo. Puede promover INE la alfabetizaci\u00f3n digital y\u00a0 la verificaci\u00f3n de noticias de las redes sociales Rep\u00fablica<\/title>\n<meta name=\"description\" content=\"HERMOSILLO, SONORA,MX.\u02d7\u02d7\u02d7\u00a0 Por medio de una gran campa\u00f1a pedag\u00f3gica de promoci\u00f3n de la alfabetizaci\u00f3n digital y fomento a la verificaci\u00f3n de noticias y En Sonora en Equipo publicamos toda la informaci\u00f3n de Sonora, M\u00e9xico y el Mundo de manera oportuna y busca que la libertad de expresi\u00f3n sea real. Visita nuestro medio informativo publicado desde Hermosillo, Sonora. %\" \/>\n<meta name=\"robots\" content=\"index, follow, max-snippet:-1, max-image-preview:large, max-video-preview:-1\" \/>\n<link rel=\"canonical\" href=\"https:\/\/www.sonoraenequipo.com.mx\/puede-promover-ine-la-alfabetizacion-digital-y-la-verificacion-de-noticias-de-las-redes-sociales\/\" \/>\n<meta property=\"og:locale\" content=\"es_ES\" \/>\n<meta property=\"og:type\" content=\"article\" \/>\n<meta property=\"og:title\" content=\"Sonora en Equipo. Puede promover INE la alfabetizaci\u00f3n digital y\u00a0 la verificaci\u00f3n de noticias de las redes sociales Rep\u00fablica\" \/>\n<meta property=\"og:description\" content=\"HERMOSILLO, SONORA,MX.\u02d7\u02d7\u02d7\u00a0 Por medio de una gran campa\u00f1a pedag\u00f3gica de promoci\u00f3n de la alfabetizaci\u00f3n digital y fomento a la verificaci\u00f3n de noticias y En Sonora en Equipo publicamos toda la informaci\u00f3n de Sonora, M\u00e9xico y el Mundo de manera oportuna y busca que la libertad de expresi\u00f3n sea real. Visita nuestro medio informativo publicado desde Hermosillo, Sonora. %\" \/>\n<meta property=\"og:url\" content=\"https:\/\/www.sonoraenequipo.com.mx\/puede-promover-ine-la-alfabetizacion-digital-y-la-verificacion-de-noticias-de-las-redes-sociales\/\" \/>\n<meta property=\"og:site_name\" content=\"Sonora en Equipo.\" \/>\n<meta property=\"article:publisher\" content=\"https:\/\/www.facebook.com\/SonoraEE\/\" \/>\n<meta property=\"article:author\" content=\"https:\/\/www.facebook.com\/SonoraEE\" \/>\n<meta property=\"article:published_time\" content=\"2023-12-05T18:29:57+00:00\" \/>\n<meta property=\"article:modified_time\" content=\"2023-12-05T19:00:21+00:00\" \/>\n<meta property=\"og:image\" content=\"https:\/\/www.sonoraenequipo.com.mx\/storage\/2023\/10\/ine.jpg\" \/>\n\t<meta property=\"og:image:width\" content=\"600\" \/>\n\t<meta property=\"og:image:height\" content=\"369\" \/>\n\t<meta property=\"og:image:type\" content=\"image\/jpeg\" \/>\n<meta name=\"author\" content=\"enequipo\" \/>\n<meta name=\"twitter:card\" content=\"summary_large_image\" \/>\n<meta name=\"twitter:creator\" content=\"@sonoraenequipo\" \/>\n<meta name=\"twitter:site\" content=\"@sonoraenequipo\" \/>\n<meta name=\"twitter:label1\" content=\"Escrito por\" \/>\n\t<meta name=\"twitter:data1\" content=\"enequipo\" \/>\n\t<meta name=\"twitter:label2\" content=\"Tiempo de lectura\" \/>\n\t<meta name=\"twitter:data2\" content=\"4 minutos\" \/>\n<script type=\"application\/ld+json\" class=\"yoast-schema-graph\">{\"@context\":\"https:\/\/schema.org\",\"@graph\":[{\"@type\":\"Article\",\"@id\":\"https:\/\/www.sonoraenequipo.com.mx\/puede-promover-ine-la-alfabetizacion-digital-y-la-verificacion-de-noticias-de-las-redes-sociales\/#article\",\"isPartOf\":{\"@id\":\"https:\/\/www.sonoraenequipo.com.mx\/puede-promover-ine-la-alfabetizacion-digital-y-la-verificacion-de-noticias-de-las-redes-sociales\/\"},\"author\":{\"name\":\"enequipo\",\"@id\":\"https:\/\/www.sonoraenequipo.com.mx\/#\/schema\/person\/50102df0fb23a8fa9e8effad8fa81386\"},\"headline\":\"Puede promover INE la alfabetizaci\u00f3n digital y\u00a0 la verificaci\u00f3n de noticias de las redes sociales\",\"datePublished\":\"2023-12-05T18:29:57+00:00\",\"dateModified\":\"2023-12-05T19:00:21+00:00\",\"mainEntityOfPage\":{\"@id\":\"https:\/\/www.sonoraenequipo.com.mx\/puede-promover-ine-la-alfabetizacion-digital-y-la-verificacion-de-noticias-de-las-redes-sociales\/\"},\"wordCount\":768,\"commentCount\":0,\"publisher\":{\"@id\":\"https:\/\/www.sonoraenequipo.com.mx\/#organization\"},\"image\":{\"@id\":\"https:\/\/www.sonoraenequipo.com.mx\/puede-promover-ine-la-alfabetizacion-digital-y-la-verificacion-de-noticias-de-las-redes-sociales\/#primaryimage\"},\"thumbnailUrl\":\"https:\/\/www.sonoraenequipo.com.mx\/storage\/2023\/10\/ine.jpg\",\"keywords\":[\"educaci\u00f3n\",\"fake news\",\"INE\",\"SEC\",\"Sonora\"],\"articleSection\":[\"Rep\u00fablica\"],\"inLanguage\":\"es\",\"potentialAction\":[{\"@type\":\"CommentAction\",\"name\":\"Comment\",\"target\":[\"https:\/\/www.sonoraenequipo.com.mx\/puede-promover-ine-la-alfabetizacion-digital-y-la-verificacion-de-noticias-de-las-redes-sociales\/#respond\"]}]},{\"@type\":\"WebPage\",\"@id\":\"https:\/\/www.sonoraenequipo.com.mx\/puede-promover-ine-la-alfabetizacion-digital-y-la-verificacion-de-noticias-de-las-redes-sociales\/\",\"url\":\"https:\/\/www.sonoraenequipo.com.mx\/puede-promover-ine-la-alfabetizacion-digital-y-la-verificacion-de-noticias-de-las-redes-sociales\/\",\"name\":\"Sonora en Equipo. Puede promover INE la alfabetizaci\u00f3n digital y\u00a0 la verificaci\u00f3n de noticias de las redes sociales Rep\u00fablica\",\"isPartOf\":{\"@id\":\"https:\/\/www.sonoraenequipo.com.mx\/#website\"},\"primaryImageOfPage\":{\"@id\":\"https:\/\/www.sonoraenequipo.com.mx\/puede-promover-ine-la-alfabetizacion-digital-y-la-verificacion-de-noticias-de-las-redes-sociales\/#primaryimage\"},\"image\":{\"@id\":\"https:\/\/www.sonoraenequipo.com.mx\/puede-promover-ine-la-alfabetizacion-digital-y-la-verificacion-de-noticias-de-las-redes-sociales\/#primaryimage\"},\"thumbnailUrl\":\"https:\/\/www.sonoraenequipo.com.mx\/storage\/2023\/10\/ine.jpg\",\"datePublished\":\"2023-12-05T18:29:57+00:00\",\"dateModified\":\"2023-12-05T19:00:21+00:00\",\"description\":\"HERMOSILLO, SONORA,MX.\u02d7\u02d7\u02d7\u00a0 Por medio de una gran campa\u00f1a pedag\u00f3gica de promoci\u00f3n de la alfabetizaci\u00f3n digital y fomento a la verificaci\u00f3n de noticias y En Sonora en Equipo publicamos toda la informaci\u00f3n de Sonora, M\u00e9xico y el Mundo de manera oportuna y busca que la libertad de expresi\u00f3n sea real. Visita nuestro medio informativo publicado desde Hermosillo, Sonora. %\",\"breadcrumb\":{\"@id\":\"https:\/\/www.sonoraenequipo.com.mx\/puede-promover-ine-la-alfabetizacion-digital-y-la-verificacion-de-noticias-de-las-redes-sociales\/#breadcrumb\"},\"inLanguage\":\"es\",\"potentialAction\":[{\"@type\":\"ReadAction\",\"target\":[\"https:\/\/www.sonoraenequipo.com.mx\/puede-promover-ine-la-alfabetizacion-digital-y-la-verificacion-de-noticias-de-las-redes-sociales\/\"]}]},{\"@type\":\"ImageObject\",\"inLanguage\":\"es\",\"@id\":\"https:\/\/www.sonoraenequipo.com.mx\/puede-promover-ine-la-alfabetizacion-digital-y-la-verificacion-de-noticias-de-las-redes-sociales\/#primaryimage\",\"url\":\"https:\/\/www.sonoraenequipo.com.mx\/storage\/2023\/10\/ine.jpg\",\"contentUrl\":\"https:\/\/www.sonoraenequipo.com.mx\/storage\/2023\/10\/ine.jpg\",\"width\":600,\"height\":369},{\"@type\":\"BreadcrumbList\",\"@id\":\"https:\/\/www.sonoraenequipo.com.mx\/puede-promover-ine-la-alfabetizacion-digital-y-la-verificacion-de-noticias-de-las-redes-sociales\/#breadcrumb\",\"itemListElement\":[{\"@type\":\"ListItem\",\"position\":1,\"name\":\"Portada\",\"item\":\"https:\/\/www.sonoraenequipo.com.mx\/\"},{\"@type\":\"ListItem\",\"position\":2,\"name\":\"Puede promover INE la alfabetizaci\u00f3n digital y\u00a0 la verificaci\u00f3n de noticias de las redes sociales\"}]},{\"@type\":\"WebSite\",\"@id\":\"https:\/\/www.sonoraenequipo.com.mx\/#website\",\"url\":\"https:\/\/www.sonoraenequipo.com.mx\/\",\"name\":\"Sonora en Equipo.\",\"description\":\"Diario en l\u00ednea con Noticias desde Hermosillo, Sonora\",\"publisher\":{\"@id\":\"https:\/\/www.sonoraenequipo.com.mx\/#organization\"},\"potentialAction\":[{\"@type\":\"SearchAction\",\"target\":{\"@type\":\"EntryPoint\",\"urlTemplate\":\"https:\/\/www.sonoraenequipo.com.mx\/?s={search_term_string}\"},\"query-input\":{\"@type\":\"PropertyValueSpecification\",\"valueRequired\":true,\"valueName\":\"search_term_string\"}}],\"inLanguage\":\"es\"},{\"@type\":\"Organization\",\"@id\":\"https:\/\/www.sonoraenequipo.com.mx\/#organization\",\"name\":\"Sonoraenequipo.com.mx\",\"url\":\"https:\/\/www.sonoraenequipo.com.mx\/\",\"logo\":{\"@type\":\"ImageObject\",\"inLanguage\":\"es\",\"@id\":\"https:\/\/www.sonoraenequipo.com.mx\/#\/schema\/logo\/image\/\",\"url\":\"https:\/\/www.sonoraenequipo.com.mx\/storage\/2019\/01\/sonoraenequipo_opt.png\",\"contentUrl\":\"https:\/\/www.sonoraenequipo.com.mx\/storage\/2019\/01\/sonoraenequipo_opt.png\",\"width\":375,\"height\":125,\"caption\":\"Sonoraenequipo.com.mx\"},\"image\":{\"@id\":\"https:\/\/www.sonoraenequipo.com.mx\/#\/schema\/logo\/image\/\"},\"sameAs\":[\"https:\/\/www.facebook.com\/SonoraEE\/\",\"https:\/\/x.com\/sonoraenequipo\",\"https:\/\/www.youtube.com\/channel\/UC338nW-lPEYmJQs4ZABQ1SQ\"]},{\"@type\":\"Person\",\"@id\":\"https:\/\/www.sonoraenequipo.com.mx\/#\/schema\/person\/50102df0fb23a8fa9e8effad8fa81386\",\"name\":\"enequipo\",\"image\":{\"@type\":\"ImageObject\",\"inLanguage\":\"es\",\"@id\":\"https:\/\/www.sonoraenequipo.com.mx\/#\/schema\/person\/image\/\",\"url\":\"https:\/\/secure.gravatar.com\/avatar\/049821681b589dabc0bc20695993ccebb09f5b5d4d790cd9251b97faac7c652b?s=96&d=blank&r=g\",\"contentUrl\":\"https:\/\/secure.gravatar.com\/avatar\/049821681b589dabc0bc20695993ccebb09f5b5d4d790cd9251b97faac7c652b?s=96&d=blank&r=g\",\"caption\":\"enequipo\"},\"sameAs\":[\"https:\/\/www.facebook.com\/SonoraEE\"]}]}<\/script>\n ","yoast_head_json":{"title":"Sonora en Equipo. Puede promover INE la alfabetizaci\u00f3n digital y\u00a0 la verificaci\u00f3n de noticias de las redes sociales Rep\u00fablica","description":"HERMOSILLO, SONORA,MX.\u02d7\u02d7\u02d7\u00a0 Por medio de una gran campa\u00f1a pedag\u00f3gica de promoci\u00f3n de la alfabetizaci\u00f3n digital y fomento a la verificaci\u00f3n de noticias y En Sonora en Equipo publicamos toda la informaci\u00f3n de Sonora, M\u00e9xico y el Mundo de manera oportuna y busca que la libertad de expresi\u00f3n sea real. Visita nuestro medio informativo publicado desde Hermosillo, Sonora. %","robots":{"index":"index","follow":"follow","max-snippet":"max-snippet:-1","max-image-preview":"max-image-preview:large","max-video-preview":"max-video-preview:-1"},"canonical":"https:\/\/www.sonoraenequipo.com.mx\/puede-promover-ine-la-alfabetizacion-digital-y-la-verificacion-de-noticias-de-las-redes-sociales\/","og_locale":"es_ES","og_type":"article","og_title":"Sonora en Equipo. Puede promover INE la alfabetizaci\u00f3n digital y\u00a0 la verificaci\u00f3n de noticias de las redes sociales Rep\u00fablica","og_description":"HERMOSILLO, SONORA,MX.\u02d7\u02d7\u02d7\u00a0 Por medio de una gran campa\u00f1a pedag\u00f3gica de promoci\u00f3n de la alfabetizaci\u00f3n digital y fomento a la verificaci\u00f3n de noticias y En Sonora en Equipo publicamos toda la informaci\u00f3n de Sonora, M\u00e9xico y el Mundo de manera oportuna y busca que la libertad de expresi\u00f3n sea real. Visita nuestro medio informativo publicado desde Hermosillo, Sonora. %","og_url":"https:\/\/www.sonoraenequipo.com.mx\/puede-promover-ine-la-alfabetizacion-digital-y-la-verificacion-de-noticias-de-las-redes-sociales\/","og_site_name":"Sonora en Equipo.","article_publisher":"https:\/\/www.facebook.com\/SonoraEE\/","article_author":"https:\/\/www.facebook.com\/SonoraEE","article_published_time":"2023-12-05T18:29:57+00:00","article_modified_time":"2023-12-05T19:00:21+00:00","og_image":[{"width":600,"height":369,"url":"https:\/\/www.sonoraenequipo.com.mx\/storage\/2023\/10\/ine.jpg","type":"image\/jpeg"}],"author":"enequipo","twitter_card":"summary_large_image","twitter_creator":"@sonoraenequipo","twitter_site":"@sonoraenequipo","twitter_misc":{"Escrito por":"enequipo","Tiempo de lectura":"4 minutos"},"schema":{"@context":"https:\/\/schema.org","@graph":[{"@type":"Article","@id":"https:\/\/www.sonoraenequipo.com.mx\/puede-promover-ine-la-alfabetizacion-digital-y-la-verificacion-de-noticias-de-las-redes-sociales\/#article","isPartOf":{"@id":"https:\/\/www.sonoraenequipo.com.mx\/puede-promover-ine-la-alfabetizacion-digital-y-la-verificacion-de-noticias-de-las-redes-sociales\/"},"author":{"name":"enequipo","@id":"https:\/\/www.sonoraenequipo.com.mx\/#\/schema\/person\/50102df0fb23a8fa9e8effad8fa81386"},"headline":"Puede promover INE la alfabetizaci\u00f3n digital y\u00a0 la verificaci\u00f3n de noticias de las redes sociales","datePublished":"2023-12-05T18:29:57+00:00","dateModified":"2023-12-05T19:00:21+00:00","mainEntityOfPage":{"@id":"https:\/\/www.sonoraenequipo.com.mx\/puede-promover-ine-la-alfabetizacion-digital-y-la-verificacion-de-noticias-de-las-redes-sociales\/"},"wordCount":768,"commentCount":0,"publisher":{"@id":"https:\/\/www.sonoraenequipo.com.mx\/#organization"},"image":{"@id":"https:\/\/www.sonoraenequipo.com.mx\/puede-promover-ine-la-alfabetizacion-digital-y-la-verificacion-de-noticias-de-las-redes-sociales\/#primaryimage"},"thumbnailUrl":"https:\/\/www.sonoraenequipo.com.mx\/storage\/2023\/10\/ine.jpg","keywords":["educaci\u00f3n","fake news","INE","SEC","Sonora"],"articleSection":["Rep\u00fablica"],"inLanguage":"es","potentialAction":[{"@type":"CommentAction","name":"Comment","target":["https:\/\/www.sonoraenequipo.com.mx\/puede-promover-ine-la-alfabetizacion-digital-y-la-verificacion-de-noticias-de-las-redes-sociales\/#respond"]}]},{"@type":"WebPage","@id":"https:\/\/www.sonoraenequipo.com.mx\/puede-promover-ine-la-alfabetizacion-digital-y-la-verificacion-de-noticias-de-las-redes-sociales\/","url":"https:\/\/www.sonoraenequipo.com.mx\/puede-promover-ine-la-alfabetizacion-digital-y-la-verificacion-de-noticias-de-las-redes-sociales\/","name":"Sonora en Equipo. Puede promover INE la alfabetizaci\u00f3n digital y\u00a0 la verificaci\u00f3n de noticias de las redes sociales Rep\u00fablica","isPartOf":{"@id":"https:\/\/www.sonoraenequipo.com.mx\/#website"},"primaryImageOfPage":{"@id":"https:\/\/www.sonoraenequipo.com.mx\/puede-promover-ine-la-alfabetizacion-digital-y-la-verificacion-de-noticias-de-las-redes-sociales\/#primaryimage"},"image":{"@id":"https:\/\/www.sonoraenequipo.com.mx\/puede-promover-ine-la-alfabetizacion-digital-y-la-verificacion-de-noticias-de-las-redes-sociales\/#primaryimage"},"thumbnailUrl":"https:\/\/www.sonoraenequipo.com.mx\/storage\/2023\/10\/ine.jpg","datePublished":"2023-12-05T18:29:57+00:00","dateModified":"2023-12-05T19:00:21+00:00","description":"HERMOSILLO, SONORA,MX.\u02d7\u02d7\u02d7\u00a0 Por medio de una gran campa\u00f1a pedag\u00f3gica de promoci\u00f3n de la alfabetizaci\u00f3n digital y fomento a la verificaci\u00f3n de noticias y En Sonora en Equipo publicamos toda la informaci\u00f3n de Sonora, M\u00e9xico y el Mundo de manera oportuna y busca que la libertad de expresi\u00f3n sea real. Visita nuestro medio informativo publicado desde Hermosillo, Sonora. %","breadcrumb":{"@id":"https:\/\/www.sonoraenequipo.com.mx\/puede-promover-ine-la-alfabetizacion-digital-y-la-verificacion-de-noticias-de-las-redes-sociales\/#breadcrumb"},"inLanguage":"es","potentialAction":[{"@type":"ReadAction","target":["https:\/\/www.sonoraenequipo.com.mx\/puede-promover-ine-la-alfabetizacion-digital-y-la-verificacion-de-noticias-de-las-redes-sociales\/"]}]},{"@type":"ImageObject","inLanguage":"es","@id":"https:\/\/www.sonoraenequipo.com.mx\/puede-promover-ine-la-alfabetizacion-digital-y-la-verificacion-de-noticias-de-las-redes-sociales\/#primaryimage","url":"https:\/\/www.sonoraenequipo.com.mx\/storage\/2023\/10\/ine.jpg","contentUrl":"https:\/\/www.sonoraenequipo.com.mx\/storage\/2023\/10\/ine.jpg","width":600,"height":369},{"@type":"BreadcrumbList","@id":"https:\/\/www.sonoraenequipo.com.mx\/puede-promover-ine-la-alfabetizacion-digital-y-la-verificacion-de-noticias-de-las-redes-sociales\/#breadcrumb","itemListElement":[{"@type":"ListItem","position":1,"name":"Portada","item":"https:\/\/www.sonoraenequipo.com.mx\/"},{"@type":"ListItem","position":2,"name":"Puede promover INE la alfabetizaci\u00f3n digital y\u00a0 la verificaci\u00f3n de noticias de las redes sociales"}]},{"@type":"WebSite","@id":"https:\/\/www.sonoraenequipo.com.mx\/#website","url":"https:\/\/www.sonoraenequipo.com.mx\/","name":"Sonora en Equipo.","description":"Diario en l\u00ednea con Noticias desde Hermosillo, Sonora","publisher":{"@id":"https:\/\/www.sonoraenequipo.com.mx\/#organization"},"potentialAction":[{"@type":"SearchAction","target":{"@type":"EntryPoint","urlTemplate":"https:\/\/www.sonoraenequipo.com.mx\/?s={search_term_string}"},"query-input":{"@type":"PropertyValueSpecification","valueRequired":true,"valueName":"search_term_string"}}],"inLanguage":"es"},{"@type":"Organization","@id":"https:\/\/www.sonoraenequipo.com.mx\/#organization","name":"Sonoraenequipo.com.mx","url":"https:\/\/www.sonoraenequipo.com.mx\/","logo":{"@type":"ImageObject","inLanguage":"es","@id":"https:\/\/www.sonoraenequipo.com.mx\/#\/schema\/logo\/image\/","url":"https:\/\/www.sonoraenequipo.com.mx\/storage\/2019\/01\/sonoraenequipo_opt.png","contentUrl":"https:\/\/www.sonoraenequipo.com.mx\/storage\/2019\/01\/sonoraenequipo_opt.png","width":375,"height":125,"caption":"Sonoraenequipo.com.mx"},"image":{"@id":"https:\/\/www.sonoraenequipo.com.mx\/#\/schema\/logo\/image\/"},"sameAs":["https:\/\/www.facebook.com\/SonoraEE\/","https:\/\/x.com\/sonoraenequipo","https:\/\/www.youtube.com\/channel\/UC338nW-lPEYmJQs4ZABQ1SQ"]},{"@type":"Person","@id":"https:\/\/www.sonoraenequipo.com.mx\/#\/schema\/person\/50102df0fb23a8fa9e8effad8fa81386","name":"enequipo","image":{"@type":"ImageObject","inLanguage":"es","@id":"https:\/\/www.sonoraenequipo.com.mx\/#\/schema\/person\/image\/","url":"https:\/\/secure.gravatar.com\/avatar\/049821681b589dabc0bc20695993ccebb09f5b5d4d790cd9251b97faac7c652b?s=96&d=blank&r=g","contentUrl":"https:\/\/secure.gravatar.com\/avatar\/049821681b589dabc0bc20695993ccebb09f5b5d4d790cd9251b97faac7c652b?s=96&d=blank&r=g","caption":"enequipo"},"sameAs":["https:\/\/www.facebook.com\/SonoraEE"]}]}},"jetpack_featured_media_url":"https:\/\/www.sonoraenequipo.com.mx\/storage\/2023\/10\/ine.jpg","_links":{"self":[{"href":"https:\/\/www.sonoraenequipo.com.mx\/api\/wp\/v2\/posts\/180413","targetHints":{"allow":["GET"]}}],"collection":[{"href":"https:\/\/www.sonoraenequipo.com.mx\/api\/wp\/v2\/posts"}],"about":[{"href":"https:\/\/www.sonoraenequipo.com.mx\/api\/wp\/v2\/types\/post"}],"author":[{"embeddable":true,"href":"https:\/\/www.sonoraenequipo.com.mx\/api\/wp\/v2\/users\/1"}],"replies":[{"embeddable":true,"href":"https:\/\/www.sonoraenequipo.com.mx\/api\/wp\/v2\/comments?post=180413"}],"version-history":[{"count":4,"href":"https:\/\/www.sonoraenequipo.com.mx\/api\/wp\/v2\/posts\/180413\/revisions"}],"predecessor-version":[{"id":180417,"href":"https:\/\/www.sonoraenequipo.com.mx\/api\/wp\/v2\/posts\/180413\/revisions\/180417"}],"wp:featuredmedia":[{"embeddable":true,"href":"https:\/\/www.sonoraenequipo.com.mx\/api\/wp\/v2\/media\/177793"}],"wp:attachment":[{"href":"https:\/\/www.sonoraenequipo.com.mx\/api\/wp\/v2\/media?parent=180413"}],"wp:term":[{"taxonomy":"category","embeddable":true,"href":"https:\/\/www.sonoraenequipo.com.mx\/api\/wp\/v2\/categories?post=180413"},{"taxonomy":"post_tag","embeddable":true,"href":"https:\/\/www.sonoraenequipo.com.mx\/api\/wp\/v2\/tags?post=180413"}],"curies":[{"name":"wp","href":"https:\/\/api.w.org\/{rel}","templated":true}]}}