{"id":180421,"date":"2023-12-05T12:22:42","date_gmt":"2023-12-05T19:22:42","guid":{"rendered":"https:\/\/www.sonoraenequipo.com.mx\/?p=180421"},"modified":"2023-12-05T12:22:42","modified_gmt":"2023-12-05T19:22:42","slug":"cae-aprobacion-de-amlo-en-su-quinto-ano-de-gobierno-6-puntos-polls-mx","status":"publish","type":"post","link":"https:\/\/www.sonoraenequipo.com.mx\/cae-aprobacion-de-amlo-en-su-quinto-ano-de-gobierno-6-puntos-polls-mx\/","title":{"rendered":"Cae aprobaci\u00f3n de Amlo en su quinto a\u00f1o de gobierno 6 puntos: Polls Mx"},"content":{"rendered":"<p><img loading=\"lazy\" decoding=\"async\" class=\"x-none  size-full\" src=\"https:\/\/www.sonoraenequipo.com.mx\/storage\/2023\/12\/presidentes.jpg\" alt=\"\" width=\"819\" height=\"1024\" \/>El presidente Andr\u00e9s Manuel L\u00f3pez Obrador termina su quinto a\u00f1o de gobierno con una aprobaci\u00f3n de 64.0%, seis puntos menos que el a\u00f1o anterior. El quinto a\u00f1o llega a su fin con una serie de sucesos que pudieron dejar mal parado al Jefe de Estado, como la controversia de los j\u00f3venes de Lago Moreno, sus intromisi\u00f3n con los procesos internos electorales de Morena y otros partidos y el manejo de la crisis tras el Hurac\u00e1n Otis. Aunque celebr\u00f3 la inauguraci\u00f3n del Tren Maya, el nuevo aeropuerto de Tulum, y reformas laborales, como el aument\u00f3 al salario o el decreto Vacaciones dignas, que aument\u00f3 a 12 d\u00edas el periodo m\u00ednimo para los trabajadores.<\/p>\n<p>&nbsp;<\/p>\n<p>&nbsp;<\/p>\n<p>Pese a tener una disminuci\u00f3n, es el segundo presidente con mayor aprobaci\u00f3n en su pen\u00faltimo a\u00f1o, en comparaci\u00f3n a otro presidentes previos. Ernesto Zedillo iniciaba el sexto a\u00f1o con una aprobaci\u00f3n de 66.0%. Por otro lado, Felipe Calder\u00f3n daba su quinto informe con 53.0% de la aprobaci\u00f3n, con varias mejoras en la infraestructura, en la educaci\u00f3n y otros sectores como la salud; pero tambi\u00e9n con una guerra contra el narcotr\u00e1fico que hab\u00eda arrebatado miles de vidas.<\/p>\n<p><strong>Fecha de publicaci\u00f3n\u00a0 martes 5<\/strong><strong> de diciembre de 2023 \/ Polls. mx<\/strong><\/p>\n","protected":false},"excerpt":{"rendered":"<p>El presidente Andr\u00e9s Manuel L\u00f3pez Obrador termina su quinto a\u00f1o de gobierno con una aprobaci\u00f3n&#8230;<\/p>\n","protected":false},"author":1,"featured_media":179511,"comment_status":"open","ping_status":"open","sticky":false,"template":"","format":"standard","meta":{"_monsterinsights_skip_tracking":false,"_monsterinsights_sitenote_active":false,"_monsterinsights_sitenote_note":"","_monsterinsights_sitenote_category":0,"footnotes":""},"categories":[5],"tags":[],"class_list":["post"],"yoast_head":" \n<title>Sonora en Equipo. Cae aprobaci\u00f3n de Amlo en su quinto a\u00f1o de gobierno 6 puntos: Polls Mx Rep\u00fablica<\/title>\n<meta name=\"description\" content=\"El presidente Andr\u00e9s Manuel L\u00f3pez Obrador termina su quinto a\u00f1o de gobierno con una aprobaci\u00f3n de 64.0%, seis puntos menos que el a\u00f1o anterior. El quinto En Sonora en Equipo publicamos toda la informaci\u00f3n de Sonora, M\u00e9xico y el Mundo de manera oportuna y busca que la libertad de expresi\u00f3n sea real. Visita nuestro medio informativo publicado desde Hermosillo, Sonora. %\" \/>\n<meta name=\"robots\" content=\"index, follow, max-snippet:-1, max-image-preview:large, max-video-preview:-1\" \/>\n<link rel=\"canonical\" href=\"https:\/\/www.sonoraenequipo.com.mx\/cae-aprobacion-de-amlo-en-su-quinto-ano-de-gobierno-6-puntos-polls-mx\/\" \/>\n<meta property=\"og:locale\" content=\"es_ES\" \/>\n<meta property=\"og:type\" content=\"article\" \/>\n<meta property=\"og:title\" content=\"Sonora en Equipo. Cae aprobaci\u00f3n de Amlo en su quinto a\u00f1o de gobierno 6 puntos: Polls Mx Rep\u00fablica\" \/>\n<meta property=\"og:description\" content=\"El presidente Andr\u00e9s Manuel L\u00f3pez Obrador termina su quinto a\u00f1o de gobierno con una aprobaci\u00f3n de 64.0%, seis puntos menos que el a\u00f1o anterior. El quinto En Sonora en Equipo publicamos toda la informaci\u00f3n de Sonora, M\u00e9xico y el Mundo de manera oportuna y busca que la libertad de expresi\u00f3n sea real. Visita nuestro medio informativo publicado desde Hermosillo, Sonora. %\" \/>\n<meta property=\"og:url\" content=\"https:\/\/www.sonoraenequipo.com.mx\/cae-aprobacion-de-amlo-en-su-quinto-ano-de-gobierno-6-puntos-polls-mx\/\" \/>\n<meta property=\"og:site_name\" content=\"Sonora en Equipo.\" \/>\n<meta property=\"article:publisher\" content=\"https:\/\/www.facebook.com\/SonoraEE\/\" \/>\n<meta property=\"article:author\" content=\"https:\/\/www.facebook.com\/SonoraEE\" \/>\n<meta property=\"article:published_time\" content=\"2023-12-05T19:22:42+00:00\" \/>\n<meta property=\"og:image\" content=\"https:\/\/www.sonoraenequipo.com.mx\/storage\/2023\/11\/amlo-megafarmacia-sistema-salud-2024...-min.jpg\" \/>\n\t<meta property=\"og:image:width\" content=\"900\" \/>\n\t<meta property=\"og:image:height\" content=\"506\" \/>\n\t<meta property=\"og:image:type\" content=\"image\/jpeg\" \/>\n<meta name=\"author\" content=\"enequipo\" \/>\n<meta name=\"twitter:card\" content=\"summary_large_image\" \/>\n<meta name=\"twitter:creator\" content=\"@sonoraenequipo\" \/>\n<meta name=\"twitter:site\" content=\"@sonoraenequipo\" \/>\n<meta name=\"twitter:label1\" content=\"Escrito por\" \/>\n\t<meta name=\"twitter:data1\" content=\"enequipo\" \/>\n\t<meta name=\"twitter:label2\" content=\"Tiempo de lectura\" \/>\n\t<meta name=\"twitter:data2\" content=\"1 minuto\" \/>\n<script type=\"application\/ld+json\" class=\"yoast-schema-graph\">{\"@context\":\"https:\/\/schema.org\",\"@graph\":[{\"@type\":\"Article\",\"@id\":\"https:\/\/www.sonoraenequipo.com.mx\/cae-aprobacion-de-amlo-en-su-quinto-ano-de-gobierno-6-puntos-polls-mx\/#article\",\"isPartOf\":{\"@id\":\"https:\/\/www.sonoraenequipo.com.mx\/cae-aprobacion-de-amlo-en-su-quinto-ano-de-gobierno-6-puntos-polls-mx\/\"},\"author\":{\"name\":\"enequipo\",\"@id\":\"https:\/\/www.sonoraenequipo.com.mx\/#\/schema\/person\/50102df0fb23a8fa9e8effad8fa81386\"},\"headline\":\"Cae aprobaci\u00f3n de Amlo en su quinto a\u00f1o de gobierno 6 puntos: Polls Mx\",\"datePublished\":\"2023-12-05T19:22:42+00:00\",\"mainEntityOfPage\":{\"@id\":\"https:\/\/www.sonoraenequipo.com.mx\/cae-aprobacion-de-amlo-en-su-quinto-ano-de-gobierno-6-puntos-polls-mx\/\"},\"wordCount\":236,\"commentCount\":0,\"publisher\":{\"@id\":\"https:\/\/www.sonoraenequipo.com.mx\/#organization\"},\"image\":{\"@id\":\"https:\/\/www.sonoraenequipo.com.mx\/cae-aprobacion-de-amlo-en-su-quinto-ano-de-gobierno-6-puntos-polls-mx\/#primaryimage\"},\"thumbnailUrl\":\"https:\/\/www.sonoraenequipo.com.mx\/storage\/2023\/11\/amlo-megafarmacia-sistema-salud-2024...-min.jpg\",\"articleSection\":[\"Rep\u00fablica\"],\"inLanguage\":\"es\",\"potentialAction\":[{\"@type\":\"CommentAction\",\"name\":\"Comment\",\"target\":[\"https:\/\/www.sonoraenequipo.com.mx\/cae-aprobacion-de-amlo-en-su-quinto-ano-de-gobierno-6-puntos-polls-mx\/#respond\"]}]},{\"@type\":\"WebPage\",\"@id\":\"https:\/\/www.sonoraenequipo.com.mx\/cae-aprobacion-de-amlo-en-su-quinto-ano-de-gobierno-6-puntos-polls-mx\/\",\"url\":\"https:\/\/www.sonoraenequipo.com.mx\/cae-aprobacion-de-amlo-en-su-quinto-ano-de-gobierno-6-puntos-polls-mx\/\",\"name\":\"Sonora en Equipo. Cae aprobaci\u00f3n de Amlo en su quinto a\u00f1o de gobierno 6 puntos: Polls Mx Rep\u00fablica\",\"isPartOf\":{\"@id\":\"https:\/\/www.sonoraenequipo.com.mx\/#website\"},\"primaryImageOfPage\":{\"@id\":\"https:\/\/www.sonoraenequipo.com.mx\/cae-aprobacion-de-amlo-en-su-quinto-ano-de-gobierno-6-puntos-polls-mx\/#primaryimage\"},\"image\":{\"@id\":\"https:\/\/www.sonoraenequipo.com.mx\/cae-aprobacion-de-amlo-en-su-quinto-ano-de-gobierno-6-puntos-polls-mx\/#primaryimage\"},\"thumbnailUrl\":\"https:\/\/www.sonoraenequipo.com.mx\/storage\/2023\/11\/amlo-megafarmacia-sistema-salud-2024...-min.jpg\",\"datePublished\":\"2023-12-05T19:22:42+00:00\",\"description\":\"El presidente Andr\u00e9s Manuel L\u00f3pez Obrador termina su quinto a\u00f1o de gobierno con una aprobaci\u00f3n de 64.0%, seis puntos menos que el a\u00f1o anterior. El quinto En Sonora en Equipo publicamos toda la informaci\u00f3n de Sonora, M\u00e9xico y el Mundo de manera oportuna y busca que la libertad de expresi\u00f3n sea real. Visita nuestro medio informativo publicado desde Hermosillo, Sonora. %\",\"breadcrumb\":{\"@id\":\"https:\/\/www.sonoraenequipo.com.mx\/cae-aprobacion-de-amlo-en-su-quinto-ano-de-gobierno-6-puntos-polls-mx\/#breadcrumb\"},\"inLanguage\":\"es\",\"potentialAction\":[{\"@type\":\"ReadAction\",\"target\":[\"https:\/\/www.sonoraenequipo.com.mx\/cae-aprobacion-de-amlo-en-su-quinto-ano-de-gobierno-6-puntos-polls-mx\/\"]}]},{\"@type\":\"ImageObject\",\"inLanguage\":\"es\",\"@id\":\"https:\/\/www.sonoraenequipo.com.mx\/cae-aprobacion-de-amlo-en-su-quinto-ano-de-gobierno-6-puntos-polls-mx\/#primaryimage\",\"url\":\"https:\/\/www.sonoraenequipo.com.mx\/storage\/2023\/11\/amlo-megafarmacia-sistema-salud-2024...-min.jpg\",\"contentUrl\":\"https:\/\/www.sonoraenequipo.com.mx\/storage\/2023\/11\/amlo-megafarmacia-sistema-salud-2024...-min.jpg\",\"width\":900,\"height\":506},{\"@type\":\"BreadcrumbList\",\"@id\":\"https:\/\/www.sonoraenequipo.com.mx\/cae-aprobacion-de-amlo-en-su-quinto-ano-de-gobierno-6-puntos-polls-mx\/#breadcrumb\",\"itemListElement\":[{\"@type\":\"ListItem\",\"position\":1,\"name\":\"Portada\",\"item\":\"https:\/\/www.sonoraenequipo.com.mx\/\"},{\"@type\":\"ListItem\",\"position\":2,\"name\":\"Cae aprobaci\u00f3n de Amlo en su quinto a\u00f1o de gobierno 6 puntos: Polls Mx\"}]},{\"@type\":\"WebSite\",\"@id\":\"https:\/\/www.sonoraenequipo.com.mx\/#website\",\"url\":\"https:\/\/www.sonoraenequipo.com.mx\/\",\"name\":\"Sonora en Equipo.\",\"description\":\"Diario en l\u00ednea con Noticias desde Hermosillo, Sonora\",\"publisher\":{\"@id\":\"https:\/\/www.sonoraenequipo.com.mx\/#organization\"},\"potentialAction\":[{\"@type\":\"SearchAction\",\"target\":{\"@type\":\"EntryPoint\",\"urlTemplate\":\"https:\/\/www.sonoraenequipo.com.mx\/?s={search_term_string}\"},\"query-input\":{\"@type\":\"PropertyValueSpecification\",\"valueRequired\":true,\"valueName\":\"search_term_string\"}}],\"inLanguage\":\"es\"},{\"@type\":\"Organization\",\"@id\":\"https:\/\/www.sonoraenequipo.com.mx\/#organization\",\"name\":\"Sonoraenequipo.com.mx\",\"url\":\"https:\/\/www.sonoraenequipo.com.mx\/\",\"logo\":{\"@type\":\"ImageObject\",\"inLanguage\":\"es\",\"@id\":\"https:\/\/www.sonoraenequipo.com.mx\/#\/schema\/logo\/image\/\",\"url\":\"https:\/\/www.sonoraenequipo.com.mx\/storage\/2019\/01\/sonoraenequipo_opt.png\",\"contentUrl\":\"https:\/\/www.sonoraenequipo.com.mx\/storage\/2019\/01\/sonoraenequipo_opt.png\",\"width\":375,\"height\":125,\"caption\":\"Sonoraenequipo.com.mx\"},\"image\":{\"@id\":\"https:\/\/www.sonoraenequipo.com.mx\/#\/schema\/logo\/image\/\"},\"sameAs\":[\"https:\/\/www.facebook.com\/SonoraEE\/\",\"https:\/\/x.com\/sonoraenequipo\",\"https:\/\/www.youtube.com\/channel\/UC338nW-lPEYmJQs4ZABQ1SQ\"]},{\"@type\":\"Person\",\"@id\":\"https:\/\/www.sonoraenequipo.com.mx\/#\/schema\/person\/50102df0fb23a8fa9e8effad8fa81386\",\"name\":\"enequipo\",\"image\":{\"@type\":\"ImageObject\",\"inLanguage\":\"es\",\"@id\":\"https:\/\/www.sonoraenequipo.com.mx\/#\/schema\/person\/image\/\",\"url\":\"https:\/\/secure.gravatar.com\/avatar\/049821681b589dabc0bc20695993ccebb09f5b5d4d790cd9251b97faac7c652b?s=96&d=blank&r=g\",\"contentUrl\":\"https:\/\/secure.gravatar.com\/avatar\/049821681b589dabc0bc20695993ccebb09f5b5d4d790cd9251b97faac7c652b?s=96&d=blank&r=g\",\"caption\":\"enequipo\"},\"sameAs\":[\"https:\/\/www.facebook.com\/SonoraEE\"]}]}<\/script>\n ","yoast_head_json":{"title":"Sonora en Equipo. Cae aprobaci\u00f3n de Amlo en su quinto a\u00f1o de gobierno 6 puntos: Polls Mx Rep\u00fablica","description":"El presidente Andr\u00e9s Manuel L\u00f3pez Obrador termina su quinto a\u00f1o de gobierno con una aprobaci\u00f3n de 64.0%, seis puntos menos que el a\u00f1o anterior. El quinto En Sonora en Equipo publicamos toda la informaci\u00f3n de Sonora, M\u00e9xico y el Mundo de manera oportuna y busca que la libertad de expresi\u00f3n sea real. Visita nuestro medio informativo publicado desde Hermosillo, Sonora. %","robots":{"index":"index","follow":"follow","max-snippet":"max-snippet:-1","max-image-preview":"max-image-preview:large","max-video-preview":"max-video-preview:-1"},"canonical":"https:\/\/www.sonoraenequipo.com.mx\/cae-aprobacion-de-amlo-en-su-quinto-ano-de-gobierno-6-puntos-polls-mx\/","og_locale":"es_ES","og_type":"article","og_title":"Sonora en Equipo. Cae aprobaci\u00f3n de Amlo en su quinto a\u00f1o de gobierno 6 puntos: Polls Mx Rep\u00fablica","og_description":"El presidente Andr\u00e9s Manuel L\u00f3pez Obrador termina su quinto a\u00f1o de gobierno con una aprobaci\u00f3n de 64.0%, seis puntos menos que el a\u00f1o anterior. El quinto En Sonora en Equipo publicamos toda la informaci\u00f3n de Sonora, M\u00e9xico y el Mundo de manera oportuna y busca que la libertad de expresi\u00f3n sea real. Visita nuestro medio informativo publicado desde Hermosillo, Sonora. %","og_url":"https:\/\/www.sonoraenequipo.com.mx\/cae-aprobacion-de-amlo-en-su-quinto-ano-de-gobierno-6-puntos-polls-mx\/","og_site_name":"Sonora en Equipo.","article_publisher":"https:\/\/www.facebook.com\/SonoraEE\/","article_author":"https:\/\/www.facebook.com\/SonoraEE","article_published_time":"2023-12-05T19:22:42+00:00","og_image":[{"width":900,"height":506,"url":"https:\/\/www.sonoraenequipo.com.mx\/storage\/2023\/11\/amlo-megafarmacia-sistema-salud-2024...-min.jpg","type":"image\/jpeg"}],"author":"enequipo","twitter_card":"summary_large_image","twitter_creator":"@sonoraenequipo","twitter_site":"@sonoraenequipo","twitter_misc":{"Escrito por":"enequipo","Tiempo de lectura":"1 minuto"},"schema":{"@context":"https:\/\/schema.org","@graph":[{"@type":"Article","@id":"https:\/\/www.sonoraenequipo.com.mx\/cae-aprobacion-de-amlo-en-su-quinto-ano-de-gobierno-6-puntos-polls-mx\/#article","isPartOf":{"@id":"https:\/\/www.sonoraenequipo.com.mx\/cae-aprobacion-de-amlo-en-su-quinto-ano-de-gobierno-6-puntos-polls-mx\/"},"author":{"name":"enequipo","@id":"https:\/\/www.sonoraenequipo.com.mx\/#\/schema\/person\/50102df0fb23a8fa9e8effad8fa81386"},"headline":"Cae aprobaci\u00f3n de Amlo en su quinto a\u00f1o de gobierno 6 puntos: Polls Mx","datePublished":"2023-12-05T19:22:42+00:00","mainEntityOfPage":{"@id":"https:\/\/www.sonoraenequipo.com.mx\/cae-aprobacion-de-amlo-en-su-quinto-ano-de-gobierno-6-puntos-polls-mx\/"},"wordCount":236,"commentCount":0,"publisher":{"@id":"https:\/\/www.sonoraenequipo.com.mx\/#organization"},"image":{"@id":"https:\/\/www.sonoraenequipo.com.mx\/cae-aprobacion-de-amlo-en-su-quinto-ano-de-gobierno-6-puntos-polls-mx\/#primaryimage"},"thumbnailUrl":"https:\/\/www.sonoraenequipo.com.mx\/storage\/2023\/11\/amlo-megafarmacia-sistema-salud-2024...-min.jpg","articleSection":["Rep\u00fablica"],"inLanguage":"es","potentialAction":[{"@type":"CommentAction","name":"Comment","target":["https:\/\/www.sonoraenequipo.com.mx\/cae-aprobacion-de-amlo-en-su-quinto-ano-de-gobierno-6-puntos-polls-mx\/#respond"]}]},{"@type":"WebPage","@id":"https:\/\/www.sonoraenequipo.com.mx\/cae-aprobacion-de-amlo-en-su-quinto-ano-de-gobierno-6-puntos-polls-mx\/","url":"https:\/\/www.sonoraenequipo.com.mx\/cae-aprobacion-de-amlo-en-su-quinto-ano-de-gobierno-6-puntos-polls-mx\/","name":"Sonora en Equipo. Cae aprobaci\u00f3n de Amlo en su quinto a\u00f1o de gobierno 6 puntos: Polls Mx Rep\u00fablica","isPartOf":{"@id":"https:\/\/www.sonoraenequipo.com.mx\/#website"},"primaryImageOfPage":{"@id":"https:\/\/www.sonoraenequipo.com.mx\/cae-aprobacion-de-amlo-en-su-quinto-ano-de-gobierno-6-puntos-polls-mx\/#primaryimage"},"image":{"@id":"https:\/\/www.sonoraenequipo.com.mx\/cae-aprobacion-de-amlo-en-su-quinto-ano-de-gobierno-6-puntos-polls-mx\/#primaryimage"},"thumbnailUrl":"https:\/\/www.sonoraenequipo.com.mx\/storage\/2023\/11\/amlo-megafarmacia-sistema-salud-2024...-min.jpg","datePublished":"2023-12-05T19:22:42+00:00","description":"El presidente Andr\u00e9s Manuel L\u00f3pez Obrador termina su quinto a\u00f1o de gobierno con una aprobaci\u00f3n de 64.0%, seis puntos menos que el a\u00f1o anterior. El quinto En Sonora en Equipo publicamos toda la informaci\u00f3n de Sonora, M\u00e9xico y el Mundo de manera oportuna y busca que la libertad de expresi\u00f3n sea real. Visita nuestro medio informativo publicado desde Hermosillo, Sonora. %","breadcrumb":{"@id":"https:\/\/www.sonoraenequipo.com.mx\/cae-aprobacion-de-amlo-en-su-quinto-ano-de-gobierno-6-puntos-polls-mx\/#breadcrumb"},"inLanguage":"es","potentialAction":[{"@type":"ReadAction","target":["https:\/\/www.sonoraenequipo.com.mx\/cae-aprobacion-de-amlo-en-su-quinto-ano-de-gobierno-6-puntos-polls-mx\/"]}]},{"@type":"ImageObject","inLanguage":"es","@id":"https:\/\/www.sonoraenequipo.com.mx\/cae-aprobacion-de-amlo-en-su-quinto-ano-de-gobierno-6-puntos-polls-mx\/#primaryimage","url":"https:\/\/www.sonoraenequipo.com.mx\/storage\/2023\/11\/amlo-megafarmacia-sistema-salud-2024...-min.jpg","contentUrl":"https:\/\/www.sonoraenequipo.com.mx\/storage\/2023\/11\/amlo-megafarmacia-sistema-salud-2024...-min.jpg","width":900,"height":506},{"@type":"BreadcrumbList","@id":"https:\/\/www.sonoraenequipo.com.mx\/cae-aprobacion-de-amlo-en-su-quinto-ano-de-gobierno-6-puntos-polls-mx\/#breadcrumb","itemListElement":[{"@type":"ListItem","position":1,"name":"Portada","item":"https:\/\/www.sonoraenequipo.com.mx\/"},{"@type":"ListItem","position":2,"name":"Cae aprobaci\u00f3n de Amlo en su quinto a\u00f1o de gobierno 6 puntos: Polls Mx"}]},{"@type":"WebSite","@id":"https:\/\/www.sonoraenequipo.com.mx\/#website","url":"https:\/\/www.sonoraenequipo.com.mx\/","name":"Sonora en Equipo.","description":"Diario en l\u00ednea con Noticias desde Hermosillo, Sonora","publisher":{"@id":"https:\/\/www.sonoraenequipo.com.mx\/#organization"},"potentialAction":[{"@type":"SearchAction","target":{"@type":"EntryPoint","urlTemplate":"https:\/\/www.sonoraenequipo.com.mx\/?s={search_term_string}"},"query-input":{"@type":"PropertyValueSpecification","valueRequired":true,"valueName":"search_term_string"}}],"inLanguage":"es"},{"@type":"Organization","@id":"https:\/\/www.sonoraenequipo.com.mx\/#organization","name":"Sonoraenequipo.com.mx","url":"https:\/\/www.sonoraenequipo.com.mx\/","logo":{"@type":"ImageObject","inLanguage":"es","@id":"https:\/\/www.sonoraenequipo.com.mx\/#\/schema\/logo\/image\/","url":"https:\/\/www.sonoraenequipo.com.mx\/storage\/2019\/01\/sonoraenequipo_opt.png","contentUrl":"https:\/\/www.sonoraenequipo.com.mx\/storage\/2019\/01\/sonoraenequipo_opt.png","width":375,"height":125,"caption":"Sonoraenequipo.com.mx"},"image":{"@id":"https:\/\/www.sonoraenequipo.com.mx\/#\/schema\/logo\/image\/"},"sameAs":["https:\/\/www.facebook.com\/SonoraEE\/","https:\/\/x.com\/sonoraenequipo","https:\/\/www.youtube.com\/channel\/UC338nW-lPEYmJQs4ZABQ1SQ"]},{"@type":"Person","@id":"https:\/\/www.sonoraenequipo.com.mx\/#\/schema\/person\/50102df0fb23a8fa9e8effad8fa81386","name":"enequipo","image":{"@type":"ImageObject","inLanguage":"es","@id":"https:\/\/www.sonoraenequipo.com.mx\/#\/schema\/person\/image\/","url":"https:\/\/secure.gravatar.com\/avatar\/049821681b589dabc0bc20695993ccebb09f5b5d4d790cd9251b97faac7c652b?s=96&d=blank&r=g","contentUrl":"https:\/\/secure.gravatar.com\/avatar\/049821681b589dabc0bc20695993ccebb09f5b5d4d790cd9251b97faac7c652b?s=96&d=blank&r=g","caption":"enequipo"},"sameAs":["https:\/\/www.facebook.com\/SonoraEE"]}]}},"jetpack_featured_media_url":"https:\/\/www.sonoraenequipo.com.mx\/storage\/2023\/11\/amlo-megafarmacia-sistema-salud-2024...-min.jpg","_links":{"self":[{"href":"https:\/\/www.sonoraenequipo.com.mx\/api\/wp\/v2\/posts\/180421","targetHints":{"allow":["GET"]}}],"collection":[{"href":"https:\/\/www.sonoraenequipo.com.mx\/api\/wp\/v2\/posts"}],"about":[{"href":"https:\/\/www.sonoraenequipo.com.mx\/api\/wp\/v2\/types\/post"}],"author":[{"embeddable":true,"href":"https:\/\/www.sonoraenequipo.com.mx\/api\/wp\/v2\/users\/1"}],"replies":[{"embeddable":true,"href":"https:\/\/www.sonoraenequipo.com.mx\/api\/wp\/v2\/comments?post=180421"}],"version-history":[{"count":1,"href":"https:\/\/www.sonoraenequipo.com.mx\/api\/wp\/v2\/posts\/180421\/revisions"}],"predecessor-version":[{"id":180423,"href":"https:\/\/www.sonoraenequipo.com.mx\/api\/wp\/v2\/posts\/180421\/revisions\/180423"}],"wp:featuredmedia":[{"embeddable":true,"href":"https:\/\/www.sonoraenequipo.com.mx\/api\/wp\/v2\/media\/179511"}],"wp:attachment":[{"href":"https:\/\/www.sonoraenequipo.com.mx\/api\/wp\/v2\/media?parent=180421"}],"wp:term":[{"taxonomy":"category","embeddable":true,"href":"https:\/\/www.sonoraenequipo.com.mx\/api\/wp\/v2\/categories?post=180421"},{"taxonomy":"post_tag","embeddable":true,"href":"https:\/\/www.sonoraenequipo.com.mx\/api\/wp\/v2\/tags?post=180421"}],"curies":[{"name":"wp","href":"https:\/\/api.w.org\/{rel}","templated":true}]}}