{"id":180439,"date":"2023-12-05T12:38:54","date_gmt":"2023-12-05T19:38:54","guid":{"rendered":"https:\/\/www.sonoraenequipo.com.mx\/?p=180439"},"modified":"2023-12-05T16:57:26","modified_gmt":"2023-12-05T23:57:26","slug":"expide-congreso-de-sinaloa-convocatoria-para-elecciones-locales-de-2024","status":"publish","type":"post","link":"https:\/\/www.sonoraenequipo.com.mx\/expide-congreso-de-sinaloa-convocatoria-para-elecciones-locales-de-2024\/","title":{"rendered":"Expide Congreso de Sinaloa Convocatoria para elecciones locales de 2024"},"content":{"rendered":"\r\n<p><strong>CULIAC\u00c1N, SINALOA. MX.\u2014<\/strong> El Poder Legislativo expidi\u00f3 por unanimidad este martes la Convocatoria a Elecciones Ordinarias de Diputadas y Diputados al Congreso del Estado, Presidentas y Presidentes Municipales, S\u00edndicas Procuradoras y S\u00edndicos Procuradores, y Regidoras y Regidores, Propietarios y Suplentes de los Ayuntamientos, a efectuarse el primer domingo de junio de 2024.<\/p>\r\n\r\n\r\n\r\n<p>\u00a0  <\/p>\r\n\r\n\r\n\r\n<p>La Convocatoria fue presentada ante el Pleno por la Junta de Coordinaci\u00f3n Pol\u00edtica del Congreso que preside el diputado Feliciano Castro Mel\u00e9ndrez.<\/p>\r\n\r\n\r\n\r\n<p>&nbsp;<\/p>\r\n\r\n\r\n\r\n<p>En la Convocatoria aprobada por unanimidad se precisa que el proceso electoral iniciar\u00e1 en la misma fecha que entre en vigor este Decreto, y cuya jornada electoral se desarrollar\u00e1 el primer domingo de junio del a\u00f1o 2024.<\/p>\r\n\r\n\r\n\r\n<p>&nbsp;<\/p>\r\n\r\n\r\n\r\n<p>La Convocatoria va dirigida \u201ca las ciudadanas y los ciudadanos del Estado de Sinaloa, as\u00ed como a los partidos pol\u00edticos nacionales y locales, a participar en las elecciones ordinarias de diputadas y diputados propietarios y suplentes al Congreso del Estado por el Sistema de Mayor\u00eda Relativa en los veinticuatro distritos electorales, y por el Principio de Representaci\u00f3n Proporcional en la \u00fanica circunscripci\u00f3n plurinominal de la entidad; y de presidentas y presidentes municipales, s\u00edndicas procuradoras y s\u00edndicos procuradores propietarios y suplentes, y regidoras y regidores propietarios y suplentes por ambos principios, que integran los ayuntamientos de cada uno de los veinte municipios de la entidad\u201d.Todo lo anterior, con apego a las disposiciones de la Constituci\u00f3n Pol\u00edtica de los Estados Unidos Mexicanos, la Ley General de Instituciones y Procedimientos Electorales, la Constituci\u00f3n Pol\u00edtica del Estado de Sinaloa, la Ley de Instituciones y Procedimientos Electorales del Estado de Sinaloa, y dem\u00e1s normativa aplicable.<\/p>\r\n\r\n\r\n\r\n<p>&nbsp;<\/p>\r\n\r\n\r\n\r\n<p>probada la Convocatoria, el presidente de la Mesa Directiva, Ricardo Madrid P\u00e9rez, instruy\u00f3 para que el Decreto aprobado se publique en el Peri\u00f3dico Oficial \u201cEl Estado de Sinaloa.<\/p>\r\n\r\n\r\n\r\n<p>&nbsp;<\/p>\r\n\r\n\r\n\r\n<p>PUBLICADO EL 05 DE DICIEMBRE DE 2023\/ Con informaci\u00f3n de AltaVoz)<\/p>\r\n","protected":false},"excerpt":{"rendered":"<p>CULIAC\u00c1N, SINALOA. MX.\u2014 El Poder Legislativo expidi\u00f3 por unanimidad este martes la Convocatoria a Elecciones&#8230;<\/p>\n","protected":false},"author":1,"featured_media":180447,"comment_status":"open","ping_status":"open","sticky":false,"template":"","format":"standard","meta":{"_monsterinsights_skip_tracking":false,"_monsterinsights_sitenote_active":false,"_monsterinsights_sitenote_note":"","_monsterinsights_sitenote_category":0,"footnotes":""},"categories":[5],"tags":[],"class_list":["post"],"yoast_head":" \n<title>Sonora en Equipo. Expide Congreso de Sinaloa Convocatoria para elecciones locales de 2024 Rep\u00fablica<\/title>\n<meta name=\"description\" content=\"CULIAC\u00c1N, SINALOA. MX.\u2014 El Poder Legislativo expidi\u00f3 por unanimidad este martes la Convocatoria a Elecciones Ordinarias de Diputadas y Diputados al En Sonora en Equipo publicamos toda la informaci\u00f3n de Sonora, M\u00e9xico y el Mundo de manera oportuna y busca que la libertad de expresi\u00f3n sea real. Visita nuestro medio informativo publicado desde Hermosillo, Sonora. %\" \/>\n<meta name=\"robots\" content=\"index, follow, max-snippet:-1, max-image-preview:large, max-video-preview:-1\" \/>\n<link rel=\"canonical\" href=\"https:\/\/www.sonoraenequipo.com.mx\/expide-congreso-de-sinaloa-convocatoria-para-elecciones-locales-de-2024\/\" \/>\n<meta property=\"og:locale\" content=\"es_ES\" \/>\n<meta property=\"og:type\" content=\"article\" \/>\n<meta property=\"og:title\" content=\"Sonora en Equipo. Expide Congreso de Sinaloa Convocatoria para elecciones locales de 2024 Rep\u00fablica\" \/>\n<meta property=\"og:description\" content=\"CULIAC\u00c1N, SINALOA. MX.\u2014 El Poder Legislativo expidi\u00f3 por unanimidad este martes la Convocatoria a Elecciones Ordinarias de Diputadas y Diputados al En Sonora en Equipo publicamos toda la informaci\u00f3n de Sonora, M\u00e9xico y el Mundo de manera oportuna y busca que la libertad de expresi\u00f3n sea real. Visita nuestro medio informativo publicado desde Hermosillo, Sonora. %\" \/>\n<meta property=\"og:url\" content=\"https:\/\/www.sonoraenequipo.com.mx\/expide-congreso-de-sinaloa-convocatoria-para-elecciones-locales-de-2024\/\" \/>\n<meta property=\"og:site_name\" content=\"Sonora en Equipo.\" \/>\n<meta property=\"article:publisher\" content=\"https:\/\/www.facebook.com\/SonoraEE\/\" \/>\n<meta property=\"article:author\" content=\"https:\/\/www.facebook.com\/SonoraEE\" \/>\n<meta property=\"article:published_time\" content=\"2023-12-05T19:38:54+00:00\" \/>\n<meta property=\"article:modified_time\" content=\"2023-12-05T23:57:26+00:00\" \/>\n<meta property=\"og:image\" content=\"https:\/\/www.sonoraenequipo.com.mx\/storage\/2023\/12\/congreso-de-sinaloa-min.jpg\" \/>\n\t<meta property=\"og:image:width\" content=\"1024\" \/>\n\t<meta property=\"og:image:height\" content=\"684\" \/>\n\t<meta property=\"og:image:type\" content=\"image\/jpeg\" \/>\n<meta name=\"author\" content=\"enequipo\" \/>\n<meta name=\"twitter:card\" content=\"summary_large_image\" \/>\n<meta name=\"twitter:creator\" content=\"@sonoraenequipo\" \/>\n<meta name=\"twitter:site\" content=\"@sonoraenequipo\" \/>\n<meta name=\"twitter:label1\" content=\"Escrito por\" \/>\n\t<meta name=\"twitter:data1\" content=\"enequipo\" \/>\n\t<meta name=\"twitter:label2\" content=\"Tiempo de lectura\" \/>\n\t<meta name=\"twitter:data2\" content=\"2 minutos\" \/>\n<script type=\"application\/ld+json\" class=\"yoast-schema-graph\">{\"@context\":\"https:\/\/schema.org\",\"@graph\":[{\"@type\":\"Article\",\"@id\":\"https:\/\/www.sonoraenequipo.com.mx\/expide-congreso-de-sinaloa-convocatoria-para-elecciones-locales-de-2024\/#article\",\"isPartOf\":{\"@id\":\"https:\/\/www.sonoraenequipo.com.mx\/expide-congreso-de-sinaloa-convocatoria-para-elecciones-locales-de-2024\/\"},\"author\":{\"name\":\"enequipo\",\"@id\":\"https:\/\/www.sonoraenequipo.com.mx\/#\/schema\/person\/50102df0fb23a8fa9e8effad8fa81386\"},\"headline\":\"Expide Congreso de Sinaloa Convocatoria para elecciones locales de 2024\",\"datePublished\":\"2023-12-05T19:38:54+00:00\",\"dateModified\":\"2023-12-05T23:57:26+00:00\",\"mainEntityOfPage\":{\"@id\":\"https:\/\/www.sonoraenequipo.com.mx\/expide-congreso-de-sinaloa-convocatoria-para-elecciones-locales-de-2024\/\"},\"wordCount\":331,\"commentCount\":0,\"publisher\":{\"@id\":\"https:\/\/www.sonoraenequipo.com.mx\/#organization\"},\"image\":{\"@id\":\"https:\/\/www.sonoraenequipo.com.mx\/expide-congreso-de-sinaloa-convocatoria-para-elecciones-locales-de-2024\/#primaryimage\"},\"thumbnailUrl\":\"https:\/\/www.sonoraenequipo.com.mx\/storage\/2023\/12\/congreso-de-sinaloa-min.jpg\",\"articleSection\":[\"Rep\u00fablica\"],\"inLanguage\":\"es\",\"potentialAction\":[{\"@type\":\"CommentAction\",\"name\":\"Comment\",\"target\":[\"https:\/\/www.sonoraenequipo.com.mx\/expide-congreso-de-sinaloa-convocatoria-para-elecciones-locales-de-2024\/#respond\"]}]},{\"@type\":\"WebPage\",\"@id\":\"https:\/\/www.sonoraenequipo.com.mx\/expide-congreso-de-sinaloa-convocatoria-para-elecciones-locales-de-2024\/\",\"url\":\"https:\/\/www.sonoraenequipo.com.mx\/expide-congreso-de-sinaloa-convocatoria-para-elecciones-locales-de-2024\/\",\"name\":\"Sonora en Equipo. Expide Congreso de Sinaloa Convocatoria para elecciones locales de 2024 Rep\u00fablica\",\"isPartOf\":{\"@id\":\"https:\/\/www.sonoraenequipo.com.mx\/#website\"},\"primaryImageOfPage\":{\"@id\":\"https:\/\/www.sonoraenequipo.com.mx\/expide-congreso-de-sinaloa-convocatoria-para-elecciones-locales-de-2024\/#primaryimage\"},\"image\":{\"@id\":\"https:\/\/www.sonoraenequipo.com.mx\/expide-congreso-de-sinaloa-convocatoria-para-elecciones-locales-de-2024\/#primaryimage\"},\"thumbnailUrl\":\"https:\/\/www.sonoraenequipo.com.mx\/storage\/2023\/12\/congreso-de-sinaloa-min.jpg\",\"datePublished\":\"2023-12-05T19:38:54+00:00\",\"dateModified\":\"2023-12-05T23:57:26+00:00\",\"description\":\"CULIAC\u00c1N, SINALOA. MX.\u2014 El Poder Legislativo expidi\u00f3 por unanimidad este martes la Convocatoria a Elecciones Ordinarias de Diputadas y Diputados al En Sonora en Equipo publicamos toda la informaci\u00f3n de Sonora, M\u00e9xico y el Mundo de manera oportuna y busca que la libertad de expresi\u00f3n sea real. Visita nuestro medio informativo publicado desde Hermosillo, Sonora. %\",\"breadcrumb\":{\"@id\":\"https:\/\/www.sonoraenequipo.com.mx\/expide-congreso-de-sinaloa-convocatoria-para-elecciones-locales-de-2024\/#breadcrumb\"},\"inLanguage\":\"es\",\"potentialAction\":[{\"@type\":\"ReadAction\",\"target\":[\"https:\/\/www.sonoraenequipo.com.mx\/expide-congreso-de-sinaloa-convocatoria-para-elecciones-locales-de-2024\/\"]}]},{\"@type\":\"ImageObject\",\"inLanguage\":\"es\",\"@id\":\"https:\/\/www.sonoraenequipo.com.mx\/expide-congreso-de-sinaloa-convocatoria-para-elecciones-locales-de-2024\/#primaryimage\",\"url\":\"https:\/\/www.sonoraenequipo.com.mx\/storage\/2023\/12\/congreso-de-sinaloa-min.jpg\",\"contentUrl\":\"https:\/\/www.sonoraenequipo.com.mx\/storage\/2023\/12\/congreso-de-sinaloa-min.jpg\",\"width\":1024,\"height\":684},{\"@type\":\"BreadcrumbList\",\"@id\":\"https:\/\/www.sonoraenequipo.com.mx\/expide-congreso-de-sinaloa-convocatoria-para-elecciones-locales-de-2024\/#breadcrumb\",\"itemListElement\":[{\"@type\":\"ListItem\",\"position\":1,\"name\":\"Portada\",\"item\":\"https:\/\/www.sonoraenequipo.com.mx\/\"},{\"@type\":\"ListItem\",\"position\":2,\"name\":\"Expide Congreso de Sinaloa Convocatoria para elecciones locales de 2024\"}]},{\"@type\":\"WebSite\",\"@id\":\"https:\/\/www.sonoraenequipo.com.mx\/#website\",\"url\":\"https:\/\/www.sonoraenequipo.com.mx\/\",\"name\":\"Sonora en Equipo.\",\"description\":\"Diario en l\u00ednea con Noticias desde Hermosillo, Sonora\",\"publisher\":{\"@id\":\"https:\/\/www.sonoraenequipo.com.mx\/#organization\"},\"potentialAction\":[{\"@type\":\"SearchAction\",\"target\":{\"@type\":\"EntryPoint\",\"urlTemplate\":\"https:\/\/www.sonoraenequipo.com.mx\/?s={search_term_string}\"},\"query-input\":{\"@type\":\"PropertyValueSpecification\",\"valueRequired\":true,\"valueName\":\"search_term_string\"}}],\"inLanguage\":\"es\"},{\"@type\":\"Organization\",\"@id\":\"https:\/\/www.sonoraenequipo.com.mx\/#organization\",\"name\":\"Sonoraenequipo.com.mx\",\"url\":\"https:\/\/www.sonoraenequipo.com.mx\/\",\"logo\":{\"@type\":\"ImageObject\",\"inLanguage\":\"es\",\"@id\":\"https:\/\/www.sonoraenequipo.com.mx\/#\/schema\/logo\/image\/\",\"url\":\"https:\/\/www.sonoraenequipo.com.mx\/storage\/2019\/01\/sonoraenequipo_opt.png\",\"contentUrl\":\"https:\/\/www.sonoraenequipo.com.mx\/storage\/2019\/01\/sonoraenequipo_opt.png\",\"width\":375,\"height\":125,\"caption\":\"Sonoraenequipo.com.mx\"},\"image\":{\"@id\":\"https:\/\/www.sonoraenequipo.com.mx\/#\/schema\/logo\/image\/\"},\"sameAs\":[\"https:\/\/www.facebook.com\/SonoraEE\/\",\"https:\/\/x.com\/sonoraenequipo\",\"https:\/\/www.youtube.com\/channel\/UC338nW-lPEYmJQs4ZABQ1SQ\"]},{\"@type\":\"Person\",\"@id\":\"https:\/\/www.sonoraenequipo.com.mx\/#\/schema\/person\/50102df0fb23a8fa9e8effad8fa81386\",\"name\":\"enequipo\",\"image\":{\"@type\":\"ImageObject\",\"inLanguage\":\"es\",\"@id\":\"https:\/\/www.sonoraenequipo.com.mx\/#\/schema\/person\/image\/\",\"url\":\"https:\/\/secure.gravatar.com\/avatar\/049821681b589dabc0bc20695993ccebb09f5b5d4d790cd9251b97faac7c652b?s=96&d=blank&r=g\",\"contentUrl\":\"https:\/\/secure.gravatar.com\/avatar\/049821681b589dabc0bc20695993ccebb09f5b5d4d790cd9251b97faac7c652b?s=96&d=blank&r=g\",\"caption\":\"enequipo\"},\"sameAs\":[\"https:\/\/www.facebook.com\/SonoraEE\"]}]}<\/script>\n ","yoast_head_json":{"title":"Sonora en Equipo. Expide Congreso de Sinaloa Convocatoria para elecciones locales de 2024 Rep\u00fablica","description":"CULIAC\u00c1N, SINALOA. MX.\u2014 El Poder Legislativo expidi\u00f3 por unanimidad este martes la Convocatoria a Elecciones Ordinarias de Diputadas y Diputados al En Sonora en Equipo publicamos toda la informaci\u00f3n de Sonora, M\u00e9xico y el Mundo de manera oportuna y busca que la libertad de expresi\u00f3n sea real. Visita nuestro medio informativo publicado desde Hermosillo, Sonora. %","robots":{"index":"index","follow":"follow","max-snippet":"max-snippet:-1","max-image-preview":"max-image-preview:large","max-video-preview":"max-video-preview:-1"},"canonical":"https:\/\/www.sonoraenequipo.com.mx\/expide-congreso-de-sinaloa-convocatoria-para-elecciones-locales-de-2024\/","og_locale":"es_ES","og_type":"article","og_title":"Sonora en Equipo. Expide Congreso de Sinaloa Convocatoria para elecciones locales de 2024 Rep\u00fablica","og_description":"CULIAC\u00c1N, SINALOA. MX.\u2014 El Poder Legislativo expidi\u00f3 por unanimidad este martes la Convocatoria a Elecciones Ordinarias de Diputadas y Diputados al En Sonora en Equipo publicamos toda la informaci\u00f3n de Sonora, M\u00e9xico y el Mundo de manera oportuna y busca que la libertad de expresi\u00f3n sea real. Visita nuestro medio informativo publicado desde Hermosillo, Sonora. %","og_url":"https:\/\/www.sonoraenequipo.com.mx\/expide-congreso-de-sinaloa-convocatoria-para-elecciones-locales-de-2024\/","og_site_name":"Sonora en Equipo.","article_publisher":"https:\/\/www.facebook.com\/SonoraEE\/","article_author":"https:\/\/www.facebook.com\/SonoraEE","article_published_time":"2023-12-05T19:38:54+00:00","article_modified_time":"2023-12-05T23:57:26+00:00","og_image":[{"width":1024,"height":684,"url":"https:\/\/www.sonoraenequipo.com.mx\/storage\/2023\/12\/congreso-de-sinaloa-min.jpg","type":"image\/jpeg"}],"author":"enequipo","twitter_card":"summary_large_image","twitter_creator":"@sonoraenequipo","twitter_site":"@sonoraenequipo","twitter_misc":{"Escrito por":"enequipo","Tiempo de lectura":"2 minutos"},"schema":{"@context":"https:\/\/schema.org","@graph":[{"@type":"Article","@id":"https:\/\/www.sonoraenequipo.com.mx\/expide-congreso-de-sinaloa-convocatoria-para-elecciones-locales-de-2024\/#article","isPartOf":{"@id":"https:\/\/www.sonoraenequipo.com.mx\/expide-congreso-de-sinaloa-convocatoria-para-elecciones-locales-de-2024\/"},"author":{"name":"enequipo","@id":"https:\/\/www.sonoraenequipo.com.mx\/#\/schema\/person\/50102df0fb23a8fa9e8effad8fa81386"},"headline":"Expide Congreso de Sinaloa Convocatoria para elecciones locales de 2024","datePublished":"2023-12-05T19:38:54+00:00","dateModified":"2023-12-05T23:57:26+00:00","mainEntityOfPage":{"@id":"https:\/\/www.sonoraenequipo.com.mx\/expide-congreso-de-sinaloa-convocatoria-para-elecciones-locales-de-2024\/"},"wordCount":331,"commentCount":0,"publisher":{"@id":"https:\/\/www.sonoraenequipo.com.mx\/#organization"},"image":{"@id":"https:\/\/www.sonoraenequipo.com.mx\/expide-congreso-de-sinaloa-convocatoria-para-elecciones-locales-de-2024\/#primaryimage"},"thumbnailUrl":"https:\/\/www.sonoraenequipo.com.mx\/storage\/2023\/12\/congreso-de-sinaloa-min.jpg","articleSection":["Rep\u00fablica"],"inLanguage":"es","potentialAction":[{"@type":"CommentAction","name":"Comment","target":["https:\/\/www.sonoraenequipo.com.mx\/expide-congreso-de-sinaloa-convocatoria-para-elecciones-locales-de-2024\/#respond"]}]},{"@type":"WebPage","@id":"https:\/\/www.sonoraenequipo.com.mx\/expide-congreso-de-sinaloa-convocatoria-para-elecciones-locales-de-2024\/","url":"https:\/\/www.sonoraenequipo.com.mx\/expide-congreso-de-sinaloa-convocatoria-para-elecciones-locales-de-2024\/","name":"Sonora en Equipo. Expide Congreso de Sinaloa Convocatoria para elecciones locales de 2024 Rep\u00fablica","isPartOf":{"@id":"https:\/\/www.sonoraenequipo.com.mx\/#website"},"primaryImageOfPage":{"@id":"https:\/\/www.sonoraenequipo.com.mx\/expide-congreso-de-sinaloa-convocatoria-para-elecciones-locales-de-2024\/#primaryimage"},"image":{"@id":"https:\/\/www.sonoraenequipo.com.mx\/expide-congreso-de-sinaloa-convocatoria-para-elecciones-locales-de-2024\/#primaryimage"},"thumbnailUrl":"https:\/\/www.sonoraenequipo.com.mx\/storage\/2023\/12\/congreso-de-sinaloa-min.jpg","datePublished":"2023-12-05T19:38:54+00:00","dateModified":"2023-12-05T23:57:26+00:00","description":"CULIAC\u00c1N, SINALOA. MX.\u2014 El Poder Legislativo expidi\u00f3 por unanimidad este martes la Convocatoria a Elecciones Ordinarias de Diputadas y Diputados al En Sonora en Equipo publicamos toda la informaci\u00f3n de Sonora, M\u00e9xico y el Mundo de manera oportuna y busca que la libertad de expresi\u00f3n sea real. Visita nuestro medio informativo publicado desde Hermosillo, Sonora. %","breadcrumb":{"@id":"https:\/\/www.sonoraenequipo.com.mx\/expide-congreso-de-sinaloa-convocatoria-para-elecciones-locales-de-2024\/#breadcrumb"},"inLanguage":"es","potentialAction":[{"@type":"ReadAction","target":["https:\/\/www.sonoraenequipo.com.mx\/expide-congreso-de-sinaloa-convocatoria-para-elecciones-locales-de-2024\/"]}]},{"@type":"ImageObject","inLanguage":"es","@id":"https:\/\/www.sonoraenequipo.com.mx\/expide-congreso-de-sinaloa-convocatoria-para-elecciones-locales-de-2024\/#primaryimage","url":"https:\/\/www.sonoraenequipo.com.mx\/storage\/2023\/12\/congreso-de-sinaloa-min.jpg","contentUrl":"https:\/\/www.sonoraenequipo.com.mx\/storage\/2023\/12\/congreso-de-sinaloa-min.jpg","width":1024,"height":684},{"@type":"BreadcrumbList","@id":"https:\/\/www.sonoraenequipo.com.mx\/expide-congreso-de-sinaloa-convocatoria-para-elecciones-locales-de-2024\/#breadcrumb","itemListElement":[{"@type":"ListItem","position":1,"name":"Portada","item":"https:\/\/www.sonoraenequipo.com.mx\/"},{"@type":"ListItem","position":2,"name":"Expide Congreso de Sinaloa Convocatoria para elecciones locales de 2024"}]},{"@type":"WebSite","@id":"https:\/\/www.sonoraenequipo.com.mx\/#website","url":"https:\/\/www.sonoraenequipo.com.mx\/","name":"Sonora en Equipo.","description":"Diario en l\u00ednea con Noticias desde Hermosillo, Sonora","publisher":{"@id":"https:\/\/www.sonoraenequipo.com.mx\/#organization"},"potentialAction":[{"@type":"SearchAction","target":{"@type":"EntryPoint","urlTemplate":"https:\/\/www.sonoraenequipo.com.mx\/?s={search_term_string}"},"query-input":{"@type":"PropertyValueSpecification","valueRequired":true,"valueName":"search_term_string"}}],"inLanguage":"es"},{"@type":"Organization","@id":"https:\/\/www.sonoraenequipo.com.mx\/#organization","name":"Sonoraenequipo.com.mx","url":"https:\/\/www.sonoraenequipo.com.mx\/","logo":{"@type":"ImageObject","inLanguage":"es","@id":"https:\/\/www.sonoraenequipo.com.mx\/#\/schema\/logo\/image\/","url":"https:\/\/www.sonoraenequipo.com.mx\/storage\/2019\/01\/sonoraenequipo_opt.png","contentUrl":"https:\/\/www.sonoraenequipo.com.mx\/storage\/2019\/01\/sonoraenequipo_opt.png","width":375,"height":125,"caption":"Sonoraenequipo.com.mx"},"image":{"@id":"https:\/\/www.sonoraenequipo.com.mx\/#\/schema\/logo\/image\/"},"sameAs":["https:\/\/www.facebook.com\/SonoraEE\/","https:\/\/x.com\/sonoraenequipo","https:\/\/www.youtube.com\/channel\/UC338nW-lPEYmJQs4ZABQ1SQ"]},{"@type":"Person","@id":"https:\/\/www.sonoraenequipo.com.mx\/#\/schema\/person\/50102df0fb23a8fa9e8effad8fa81386","name":"enequipo","image":{"@type":"ImageObject","inLanguage":"es","@id":"https:\/\/www.sonoraenequipo.com.mx\/#\/schema\/person\/image\/","url":"https:\/\/secure.gravatar.com\/avatar\/049821681b589dabc0bc20695993ccebb09f5b5d4d790cd9251b97faac7c652b?s=96&d=blank&r=g","contentUrl":"https:\/\/secure.gravatar.com\/avatar\/049821681b589dabc0bc20695993ccebb09f5b5d4d790cd9251b97faac7c652b?s=96&d=blank&r=g","caption":"enequipo"},"sameAs":["https:\/\/www.facebook.com\/SonoraEE"]}]}},"jetpack_featured_media_url":"https:\/\/www.sonoraenequipo.com.mx\/storage\/2023\/12\/congreso-de-sinaloa-min.jpg","_links":{"self":[{"href":"https:\/\/www.sonoraenequipo.com.mx\/api\/wp\/v2\/posts\/180439","targetHints":{"allow":["GET"]}}],"collection":[{"href":"https:\/\/www.sonoraenequipo.com.mx\/api\/wp\/v2\/posts"}],"about":[{"href":"https:\/\/www.sonoraenequipo.com.mx\/api\/wp\/v2\/types\/post"}],"author":[{"embeddable":true,"href":"https:\/\/www.sonoraenequipo.com.mx\/api\/wp\/v2\/users\/1"}],"replies":[{"embeddable":true,"href":"https:\/\/www.sonoraenequipo.com.mx\/api\/wp\/v2\/comments?post=180439"}],"version-history":[{"count":2,"href":"https:\/\/www.sonoraenequipo.com.mx\/api\/wp\/v2\/posts\/180439\/revisions"}],"predecessor-version":[{"id":180445,"href":"https:\/\/www.sonoraenequipo.com.mx\/api\/wp\/v2\/posts\/180439\/revisions\/180445"}],"wp:featuredmedia":[{"embeddable":true,"href":"https:\/\/www.sonoraenequipo.com.mx\/api\/wp\/v2\/media\/180447"}],"wp:attachment":[{"href":"https:\/\/www.sonoraenequipo.com.mx\/api\/wp\/v2\/media?parent=180439"}],"wp:term":[{"taxonomy":"category","embeddable":true,"href":"https:\/\/www.sonoraenequipo.com.mx\/api\/wp\/v2\/categories?post=180439"},{"taxonomy":"post_tag","embeddable":true,"href":"https:\/\/www.sonoraenequipo.com.mx\/api\/wp\/v2\/tags?post=180439"}],"curies":[{"name":"wp","href":"https:\/\/api.w.org\/{rel}","templated":true}]}}