{"id":180485,"date":"2023-12-05T11:32:24","date_gmt":"2023-12-05T18:32:24","guid":{"rendered":"https:\/\/www.sonoraenequipo.com.mx\/?p=180485"},"modified":"2023-12-06T17:34:17","modified_gmt":"2023-12-07T00:34:17","slug":"proponen-a-roberto-carlos-felix-como-secretario-ejecutivo-del-ine","status":"publish","type":"post","link":"https:\/\/www.sonoraenequipo.com.mx\/proponen-a-roberto-carlos-felix-como-secretario-ejecutivo-del-ine\/","title":{"rendered":"Proponen a Roberto Carlos F\u00e9lix como secretario ejecutivo del INE"},"content":{"rendered":"<p><strong>CIUDAD DE M\u00c9XICO. MX.<\/strong> \u2014 Guadalupe Taddei, consejera presidenta del Instituto Nacional Electoral (INE), propuso a Roberto Carlos F\u00e9lix L\u00f3pez como el candidato para ocupar el puesto de secretario ejecutivo.<\/p>\n<p>&nbsp;<\/p>\n<p> <\/p>\n<p>La posici\u00f3n de secretario ejecutivo ha estado vacante desde abril, cuando Edmundo Jacobo renunci\u00f3 al cargo tras la salida de Lorenzo C\u00f3rdova.<\/p>\n<p>&nbsp;<\/p>\n<p>La propuesta fue presentada durante una reuni\u00f3n privada este martes con los consejeros electorales. La decisi\u00f3n final recae en una sesi\u00f3n del Consejo General, donde se requerir\u00e1n al menos ocho votos a favor para la aprobaci\u00f3n de F\u00e9lix L\u00f3pez como secretario ejecutivo.<\/p>\n<p>&nbsp;<\/p>\n<p>&nbsp;<\/p>\n<p>La Secretar\u00eda Ejecutiva del INE es considerada el segundo cargo m\u00e1s importante dentro del Consejo General, ya que el titular de este puesto se convierte en el representante legal del organismo y desempe\u00f1a un papel fundamental en el dise\u00f1o del presupuesto.<\/p>\n<p>&nbsp;<\/p>\n<p>Actualmente, la Secretar\u00eda Ejecutiva est\u00e1 bajo la direcci\u00f3n interina de Mar\u00eda Elena Cornejo, quien ha ocupado el cargo desde la renuncia de Jacobo.<\/p>\n<p>&nbsp;<\/p>\n<p>Cabe destacar que esta no es la primera vez que Taddei presenta una propuesta para ocupar el cargo de secretario ejecutivo. En dos ocasiones anteriores, sus propuestas fueron descartadas. En junio pasado, la exconsejera Adriana Favela tambi\u00e9n declin\u00f3 participar en la dupla propuesta por Taddei.<\/p>\n<p>&nbsp;<\/p>\n<p>PUBLICADO EL 05 DE DICIEMBRE DE 2023\/ Con informaci\u00f3n de INE)<\/p>\n","protected":false},"excerpt":{"rendered":"<p>CIUDAD DE M\u00c9XICO. MX. \u2014 Guadalupe Taddei, consejera presidenta del Instituto Nacional Electoral (INE), propuso&#8230;<\/p>\n","protected":false},"author":1,"featured_media":180477,"comment_status":"open","ping_status":"open","sticky":false,"template":"","format":"standard","meta":{"_monsterinsights_skip_tracking":false,"_monsterinsights_sitenote_active":false,"_monsterinsights_sitenote_note":"","_monsterinsights_sitenote_category":0,"footnotes":""},"categories":[5],"tags":[],"class_list":["post"],"yoast_head":" \n<title>Sonora en Equipo. Proponen a Roberto Carlos F\u00e9lix como secretario ejecutivo del INE Rep\u00fablica<\/title>\n<meta name=\"description\" content=\"CIUDAD DE M\u00c9XICO. MX. \u2014 Guadalupe Taddei, consejera presidenta del Instituto Nacional Electoral (INE), propuso a Roberto Carlos F\u00e9lix L\u00f3pez como el En Sonora en Equipo publicamos toda la informaci\u00f3n de Sonora, M\u00e9xico y el Mundo de manera oportuna y busca que la libertad de expresi\u00f3n sea real. Visita nuestro medio informativo publicado desde Hermosillo, Sonora. %\" \/>\n<meta name=\"robots\" content=\"index, follow, max-snippet:-1, max-image-preview:large, max-video-preview:-1\" \/>\n<link rel=\"canonical\" href=\"https:\/\/www.sonoraenequipo.com.mx\/proponen-a-roberto-carlos-felix-como-secretario-ejecutivo-del-ine\/\" \/>\n<meta property=\"og:locale\" content=\"es_ES\" \/>\n<meta property=\"og:type\" content=\"article\" \/>\n<meta property=\"og:title\" content=\"Sonora en Equipo. Proponen a Roberto Carlos F\u00e9lix como secretario ejecutivo del INE Rep\u00fablica\" \/>\n<meta property=\"og:description\" content=\"CIUDAD DE M\u00c9XICO. MX. \u2014 Guadalupe Taddei, consejera presidenta del Instituto Nacional Electoral (INE), propuso a Roberto Carlos F\u00e9lix L\u00f3pez como el En Sonora en Equipo publicamos toda la informaci\u00f3n de Sonora, M\u00e9xico y el Mundo de manera oportuna y busca que la libertad de expresi\u00f3n sea real. Visita nuestro medio informativo publicado desde Hermosillo, Sonora. %\" \/>\n<meta property=\"og:url\" content=\"https:\/\/www.sonoraenequipo.com.mx\/proponen-a-roberto-carlos-felix-como-secretario-ejecutivo-del-ine\/\" \/>\n<meta property=\"og:site_name\" content=\"Sonora en Equipo.\" \/>\n<meta property=\"article:publisher\" content=\"https:\/\/www.facebook.com\/SonoraEE\/\" \/>\n<meta property=\"article:author\" content=\"https:\/\/www.facebook.com\/SonoraEE\" \/>\n<meta property=\"article:published_time\" content=\"2023-12-05T18:32:24+00:00\" \/>\n<meta property=\"article:modified_time\" content=\"2023-12-07T00:34:17+00:00\" \/>\n<meta property=\"og:image\" content=\"https:\/\/www.sonoraenequipo.com.mx\/storage\/2023\/12\/INE0512...-min-1.jpg\" \/>\n\t<meta property=\"og:image:width\" content=\"900\" \/>\n\t<meta property=\"og:image:height\" content=\"600\" \/>\n\t<meta property=\"og:image:type\" content=\"image\/jpeg\" \/>\n<meta name=\"author\" content=\"enequipo\" \/>\n<meta name=\"twitter:card\" content=\"summary_large_image\" \/>\n<meta name=\"twitter:creator\" content=\"@sonoraenequipo\" \/>\n<meta name=\"twitter:site\" content=\"@sonoraenequipo\" \/>\n<meta name=\"twitter:label1\" content=\"Escrito por\" \/>\n\t<meta name=\"twitter:data1\" content=\"enequipo\" \/>\n\t<meta name=\"twitter:label2\" content=\"Tiempo de lectura\" \/>\n\t<meta name=\"twitter:data2\" content=\"1 minuto\" \/>\n<script type=\"application\/ld+json\" class=\"yoast-schema-graph\">{\"@context\":\"https:\/\/schema.org\",\"@graph\":[{\"@type\":\"Article\",\"@id\":\"https:\/\/www.sonoraenequipo.com.mx\/proponen-a-roberto-carlos-felix-como-secretario-ejecutivo-del-ine\/#article\",\"isPartOf\":{\"@id\":\"https:\/\/www.sonoraenequipo.com.mx\/proponen-a-roberto-carlos-felix-como-secretario-ejecutivo-del-ine\/\"},\"author\":{\"name\":\"enequipo\",\"@id\":\"https:\/\/www.sonoraenequipo.com.mx\/#\/schema\/person\/50102df0fb23a8fa9e8effad8fa81386\"},\"headline\":\"Proponen a Roberto Carlos F\u00e9lix como secretario ejecutivo del INE\",\"datePublished\":\"2023-12-05T18:32:24+00:00\",\"dateModified\":\"2023-12-07T00:34:17+00:00\",\"mainEntityOfPage\":{\"@id\":\"https:\/\/www.sonoraenequipo.com.mx\/proponen-a-roberto-carlos-felix-como-secretario-ejecutivo-del-ine\/\"},\"wordCount\":250,\"commentCount\":0,\"publisher\":{\"@id\":\"https:\/\/www.sonoraenequipo.com.mx\/#organization\"},\"image\":{\"@id\":\"https:\/\/www.sonoraenequipo.com.mx\/proponen-a-roberto-carlos-felix-como-secretario-ejecutivo-del-ine\/#primaryimage\"},\"thumbnailUrl\":\"https:\/\/www.sonoraenequipo.com.mx\/storage\/2023\/12\/INE0512...-min-1.jpg\",\"articleSection\":[\"Rep\u00fablica\"],\"inLanguage\":\"es\",\"potentialAction\":[{\"@type\":\"CommentAction\",\"name\":\"Comment\",\"target\":[\"https:\/\/www.sonoraenequipo.com.mx\/proponen-a-roberto-carlos-felix-como-secretario-ejecutivo-del-ine\/#respond\"]}]},{\"@type\":\"WebPage\",\"@id\":\"https:\/\/www.sonoraenequipo.com.mx\/proponen-a-roberto-carlos-felix-como-secretario-ejecutivo-del-ine\/\",\"url\":\"https:\/\/www.sonoraenequipo.com.mx\/proponen-a-roberto-carlos-felix-como-secretario-ejecutivo-del-ine\/\",\"name\":\"Sonora en Equipo. Proponen a Roberto Carlos F\u00e9lix como secretario ejecutivo del INE Rep\u00fablica\",\"isPartOf\":{\"@id\":\"https:\/\/www.sonoraenequipo.com.mx\/#website\"},\"primaryImageOfPage\":{\"@id\":\"https:\/\/www.sonoraenequipo.com.mx\/proponen-a-roberto-carlos-felix-como-secretario-ejecutivo-del-ine\/#primaryimage\"},\"image\":{\"@id\":\"https:\/\/www.sonoraenequipo.com.mx\/proponen-a-roberto-carlos-felix-como-secretario-ejecutivo-del-ine\/#primaryimage\"},\"thumbnailUrl\":\"https:\/\/www.sonoraenequipo.com.mx\/storage\/2023\/12\/INE0512...-min-1.jpg\",\"datePublished\":\"2023-12-05T18:32:24+00:00\",\"dateModified\":\"2023-12-07T00:34:17+00:00\",\"description\":\"CIUDAD DE M\u00c9XICO. MX. \u2014 Guadalupe Taddei, consejera presidenta del Instituto Nacional Electoral (INE), propuso a Roberto Carlos F\u00e9lix L\u00f3pez como el En Sonora en Equipo publicamos toda la informaci\u00f3n de Sonora, M\u00e9xico y el Mundo de manera oportuna y busca que la libertad de expresi\u00f3n sea real. Visita nuestro medio informativo publicado desde Hermosillo, Sonora. %\",\"breadcrumb\":{\"@id\":\"https:\/\/www.sonoraenequipo.com.mx\/proponen-a-roberto-carlos-felix-como-secretario-ejecutivo-del-ine\/#breadcrumb\"},\"inLanguage\":\"es\",\"potentialAction\":[{\"@type\":\"ReadAction\",\"target\":[\"https:\/\/www.sonoraenequipo.com.mx\/proponen-a-roberto-carlos-felix-como-secretario-ejecutivo-del-ine\/\"]}]},{\"@type\":\"ImageObject\",\"inLanguage\":\"es\",\"@id\":\"https:\/\/www.sonoraenequipo.com.mx\/proponen-a-roberto-carlos-felix-como-secretario-ejecutivo-del-ine\/#primaryimage\",\"url\":\"https:\/\/www.sonoraenequipo.com.mx\/storage\/2023\/12\/INE0512...-min-1.jpg\",\"contentUrl\":\"https:\/\/www.sonoraenequipo.com.mx\/storage\/2023\/12\/INE0512...-min-1.jpg\",\"width\":900,\"height\":600},{\"@type\":\"BreadcrumbList\",\"@id\":\"https:\/\/www.sonoraenequipo.com.mx\/proponen-a-roberto-carlos-felix-como-secretario-ejecutivo-del-ine\/#breadcrumb\",\"itemListElement\":[{\"@type\":\"ListItem\",\"position\":1,\"name\":\"Portada\",\"item\":\"https:\/\/www.sonoraenequipo.com.mx\/\"},{\"@type\":\"ListItem\",\"position\":2,\"name\":\"Proponen a Roberto Carlos F\u00e9lix como secretario ejecutivo del INE\"}]},{\"@type\":\"WebSite\",\"@id\":\"https:\/\/www.sonoraenequipo.com.mx\/#website\",\"url\":\"https:\/\/www.sonoraenequipo.com.mx\/\",\"name\":\"Sonora en Equipo.\",\"description\":\"Diario en l\u00ednea con Noticias desde Hermosillo, Sonora\",\"publisher\":{\"@id\":\"https:\/\/www.sonoraenequipo.com.mx\/#organization\"},\"potentialAction\":[{\"@type\":\"SearchAction\",\"target\":{\"@type\":\"EntryPoint\",\"urlTemplate\":\"https:\/\/www.sonoraenequipo.com.mx\/?s={search_term_string}\"},\"query-input\":{\"@type\":\"PropertyValueSpecification\",\"valueRequired\":true,\"valueName\":\"search_term_string\"}}],\"inLanguage\":\"es\"},{\"@type\":\"Organization\",\"@id\":\"https:\/\/www.sonoraenequipo.com.mx\/#organization\",\"name\":\"Sonoraenequipo.com.mx\",\"url\":\"https:\/\/www.sonoraenequipo.com.mx\/\",\"logo\":{\"@type\":\"ImageObject\",\"inLanguage\":\"es\",\"@id\":\"https:\/\/www.sonoraenequipo.com.mx\/#\/schema\/logo\/image\/\",\"url\":\"https:\/\/www.sonoraenequipo.com.mx\/storage\/2019\/01\/sonoraenequipo_opt.png\",\"contentUrl\":\"https:\/\/www.sonoraenequipo.com.mx\/storage\/2019\/01\/sonoraenequipo_opt.png\",\"width\":375,\"height\":125,\"caption\":\"Sonoraenequipo.com.mx\"},\"image\":{\"@id\":\"https:\/\/www.sonoraenequipo.com.mx\/#\/schema\/logo\/image\/\"},\"sameAs\":[\"https:\/\/www.facebook.com\/SonoraEE\/\",\"https:\/\/x.com\/sonoraenequipo\",\"https:\/\/www.youtube.com\/channel\/UC338nW-lPEYmJQs4ZABQ1SQ\"]},{\"@type\":\"Person\",\"@id\":\"https:\/\/www.sonoraenequipo.com.mx\/#\/schema\/person\/50102df0fb23a8fa9e8effad8fa81386\",\"name\":\"enequipo\",\"image\":{\"@type\":\"ImageObject\",\"inLanguage\":\"es\",\"@id\":\"https:\/\/www.sonoraenequipo.com.mx\/#\/schema\/person\/image\/\",\"url\":\"https:\/\/secure.gravatar.com\/avatar\/049821681b589dabc0bc20695993ccebb09f5b5d4d790cd9251b97faac7c652b?s=96&d=blank&r=g\",\"contentUrl\":\"https:\/\/secure.gravatar.com\/avatar\/049821681b589dabc0bc20695993ccebb09f5b5d4d790cd9251b97faac7c652b?s=96&d=blank&r=g\",\"caption\":\"enequipo\"},\"sameAs\":[\"https:\/\/www.facebook.com\/SonoraEE\"]}]}<\/script>\n ","yoast_head_json":{"title":"Sonora en Equipo. Proponen a Roberto Carlos F\u00e9lix como secretario ejecutivo del INE Rep\u00fablica","description":"CIUDAD DE M\u00c9XICO. MX. \u2014 Guadalupe Taddei, consejera presidenta del Instituto Nacional Electoral (INE), propuso a Roberto Carlos F\u00e9lix L\u00f3pez como el En Sonora en Equipo publicamos toda la informaci\u00f3n de Sonora, M\u00e9xico y el Mundo de manera oportuna y busca que la libertad de expresi\u00f3n sea real. Visita nuestro medio informativo publicado desde Hermosillo, Sonora. %","robots":{"index":"index","follow":"follow","max-snippet":"max-snippet:-1","max-image-preview":"max-image-preview:large","max-video-preview":"max-video-preview:-1"},"canonical":"https:\/\/www.sonoraenequipo.com.mx\/proponen-a-roberto-carlos-felix-como-secretario-ejecutivo-del-ine\/","og_locale":"es_ES","og_type":"article","og_title":"Sonora en Equipo. Proponen a Roberto Carlos F\u00e9lix como secretario ejecutivo del INE Rep\u00fablica","og_description":"CIUDAD DE M\u00c9XICO. MX. \u2014 Guadalupe Taddei, consejera presidenta del Instituto Nacional Electoral (INE), propuso a Roberto Carlos F\u00e9lix L\u00f3pez como el En Sonora en Equipo publicamos toda la informaci\u00f3n de Sonora, M\u00e9xico y el Mundo de manera oportuna y busca que la libertad de expresi\u00f3n sea real. Visita nuestro medio informativo publicado desde Hermosillo, Sonora. %","og_url":"https:\/\/www.sonoraenequipo.com.mx\/proponen-a-roberto-carlos-felix-como-secretario-ejecutivo-del-ine\/","og_site_name":"Sonora en Equipo.","article_publisher":"https:\/\/www.facebook.com\/SonoraEE\/","article_author":"https:\/\/www.facebook.com\/SonoraEE","article_published_time":"2023-12-05T18:32:24+00:00","article_modified_time":"2023-12-07T00:34:17+00:00","og_image":[{"width":900,"height":600,"url":"https:\/\/www.sonoraenequipo.com.mx\/storage\/2023\/12\/INE0512...-min-1.jpg","type":"image\/jpeg"}],"author":"enequipo","twitter_card":"summary_large_image","twitter_creator":"@sonoraenequipo","twitter_site":"@sonoraenequipo","twitter_misc":{"Escrito por":"enequipo","Tiempo de lectura":"1 minuto"},"schema":{"@context":"https:\/\/schema.org","@graph":[{"@type":"Article","@id":"https:\/\/www.sonoraenequipo.com.mx\/proponen-a-roberto-carlos-felix-como-secretario-ejecutivo-del-ine\/#article","isPartOf":{"@id":"https:\/\/www.sonoraenequipo.com.mx\/proponen-a-roberto-carlos-felix-como-secretario-ejecutivo-del-ine\/"},"author":{"name":"enequipo","@id":"https:\/\/www.sonoraenequipo.com.mx\/#\/schema\/person\/50102df0fb23a8fa9e8effad8fa81386"},"headline":"Proponen a Roberto Carlos F\u00e9lix como secretario ejecutivo del INE","datePublished":"2023-12-05T18:32:24+00:00","dateModified":"2023-12-07T00:34:17+00:00","mainEntityOfPage":{"@id":"https:\/\/www.sonoraenequipo.com.mx\/proponen-a-roberto-carlos-felix-como-secretario-ejecutivo-del-ine\/"},"wordCount":250,"commentCount":0,"publisher":{"@id":"https:\/\/www.sonoraenequipo.com.mx\/#organization"},"image":{"@id":"https:\/\/www.sonoraenequipo.com.mx\/proponen-a-roberto-carlos-felix-como-secretario-ejecutivo-del-ine\/#primaryimage"},"thumbnailUrl":"https:\/\/www.sonoraenequipo.com.mx\/storage\/2023\/12\/INE0512...-min-1.jpg","articleSection":["Rep\u00fablica"],"inLanguage":"es","potentialAction":[{"@type":"CommentAction","name":"Comment","target":["https:\/\/www.sonoraenequipo.com.mx\/proponen-a-roberto-carlos-felix-como-secretario-ejecutivo-del-ine\/#respond"]}]},{"@type":"WebPage","@id":"https:\/\/www.sonoraenequipo.com.mx\/proponen-a-roberto-carlos-felix-como-secretario-ejecutivo-del-ine\/","url":"https:\/\/www.sonoraenequipo.com.mx\/proponen-a-roberto-carlos-felix-como-secretario-ejecutivo-del-ine\/","name":"Sonora en Equipo. Proponen a Roberto Carlos F\u00e9lix como secretario ejecutivo del INE Rep\u00fablica","isPartOf":{"@id":"https:\/\/www.sonoraenequipo.com.mx\/#website"},"primaryImageOfPage":{"@id":"https:\/\/www.sonoraenequipo.com.mx\/proponen-a-roberto-carlos-felix-como-secretario-ejecutivo-del-ine\/#primaryimage"},"image":{"@id":"https:\/\/www.sonoraenequipo.com.mx\/proponen-a-roberto-carlos-felix-como-secretario-ejecutivo-del-ine\/#primaryimage"},"thumbnailUrl":"https:\/\/www.sonoraenequipo.com.mx\/storage\/2023\/12\/INE0512...-min-1.jpg","datePublished":"2023-12-05T18:32:24+00:00","dateModified":"2023-12-07T00:34:17+00:00","description":"CIUDAD DE M\u00c9XICO. MX. \u2014 Guadalupe Taddei, consejera presidenta del Instituto Nacional Electoral (INE), propuso a Roberto Carlos F\u00e9lix L\u00f3pez como el En Sonora en Equipo publicamos toda la informaci\u00f3n de Sonora, M\u00e9xico y el Mundo de manera oportuna y busca que la libertad de expresi\u00f3n sea real. Visita nuestro medio informativo publicado desde Hermosillo, Sonora. %","breadcrumb":{"@id":"https:\/\/www.sonoraenequipo.com.mx\/proponen-a-roberto-carlos-felix-como-secretario-ejecutivo-del-ine\/#breadcrumb"},"inLanguage":"es","potentialAction":[{"@type":"ReadAction","target":["https:\/\/www.sonoraenequipo.com.mx\/proponen-a-roberto-carlos-felix-como-secretario-ejecutivo-del-ine\/"]}]},{"@type":"ImageObject","inLanguage":"es","@id":"https:\/\/www.sonoraenequipo.com.mx\/proponen-a-roberto-carlos-felix-como-secretario-ejecutivo-del-ine\/#primaryimage","url":"https:\/\/www.sonoraenequipo.com.mx\/storage\/2023\/12\/INE0512...-min-1.jpg","contentUrl":"https:\/\/www.sonoraenequipo.com.mx\/storage\/2023\/12\/INE0512...-min-1.jpg","width":900,"height":600},{"@type":"BreadcrumbList","@id":"https:\/\/www.sonoraenequipo.com.mx\/proponen-a-roberto-carlos-felix-como-secretario-ejecutivo-del-ine\/#breadcrumb","itemListElement":[{"@type":"ListItem","position":1,"name":"Portada","item":"https:\/\/www.sonoraenequipo.com.mx\/"},{"@type":"ListItem","position":2,"name":"Proponen a Roberto Carlos F\u00e9lix como secretario ejecutivo del INE"}]},{"@type":"WebSite","@id":"https:\/\/www.sonoraenequipo.com.mx\/#website","url":"https:\/\/www.sonoraenequipo.com.mx\/","name":"Sonora en Equipo.","description":"Diario en l\u00ednea con Noticias desde Hermosillo, Sonora","publisher":{"@id":"https:\/\/www.sonoraenequipo.com.mx\/#organization"},"potentialAction":[{"@type":"SearchAction","target":{"@type":"EntryPoint","urlTemplate":"https:\/\/www.sonoraenequipo.com.mx\/?s={search_term_string}"},"query-input":{"@type":"PropertyValueSpecification","valueRequired":true,"valueName":"search_term_string"}}],"inLanguage":"es"},{"@type":"Organization","@id":"https:\/\/www.sonoraenequipo.com.mx\/#organization","name":"Sonoraenequipo.com.mx","url":"https:\/\/www.sonoraenequipo.com.mx\/","logo":{"@type":"ImageObject","inLanguage":"es","@id":"https:\/\/www.sonoraenequipo.com.mx\/#\/schema\/logo\/image\/","url":"https:\/\/www.sonoraenequipo.com.mx\/storage\/2019\/01\/sonoraenequipo_opt.png","contentUrl":"https:\/\/www.sonoraenequipo.com.mx\/storage\/2019\/01\/sonoraenequipo_opt.png","width":375,"height":125,"caption":"Sonoraenequipo.com.mx"},"image":{"@id":"https:\/\/www.sonoraenequipo.com.mx\/#\/schema\/logo\/image\/"},"sameAs":["https:\/\/www.facebook.com\/SonoraEE\/","https:\/\/x.com\/sonoraenequipo","https:\/\/www.youtube.com\/channel\/UC338nW-lPEYmJQs4ZABQ1SQ"]},{"@type":"Person","@id":"https:\/\/www.sonoraenequipo.com.mx\/#\/schema\/person\/50102df0fb23a8fa9e8effad8fa81386","name":"enequipo","image":{"@type":"ImageObject","inLanguage":"es","@id":"https:\/\/www.sonoraenequipo.com.mx\/#\/schema\/person\/image\/","url":"https:\/\/secure.gravatar.com\/avatar\/049821681b589dabc0bc20695993ccebb09f5b5d4d790cd9251b97faac7c652b?s=96&d=blank&r=g","contentUrl":"https:\/\/secure.gravatar.com\/avatar\/049821681b589dabc0bc20695993ccebb09f5b5d4d790cd9251b97faac7c652b?s=96&d=blank&r=g","caption":"enequipo"},"sameAs":["https:\/\/www.facebook.com\/SonoraEE"]}]}},"jetpack_featured_media_url":"https:\/\/www.sonoraenequipo.com.mx\/storage\/2023\/12\/INE0512...-min-1.jpg","_links":{"self":[{"href":"https:\/\/www.sonoraenequipo.com.mx\/api\/wp\/v2\/posts\/180485","targetHints":{"allow":["GET"]}}],"collection":[{"href":"https:\/\/www.sonoraenequipo.com.mx\/api\/wp\/v2\/posts"}],"about":[{"href":"https:\/\/www.sonoraenequipo.com.mx\/api\/wp\/v2\/types\/post"}],"author":[{"embeddable":true,"href":"https:\/\/www.sonoraenequipo.com.mx\/api\/wp\/v2\/users\/1"}],"replies":[{"embeddable":true,"href":"https:\/\/www.sonoraenequipo.com.mx\/api\/wp\/v2\/comments?post=180485"}],"version-history":[{"count":1,"href":"https:\/\/www.sonoraenequipo.com.mx\/api\/wp\/v2\/posts\/180485\/revisions"}],"predecessor-version":[{"id":180489,"href":"https:\/\/www.sonoraenequipo.com.mx\/api\/wp\/v2\/posts\/180485\/revisions\/180489"}],"wp:featuredmedia":[{"embeddable":true,"href":"https:\/\/www.sonoraenequipo.com.mx\/api\/wp\/v2\/media\/180477"}],"wp:attachment":[{"href":"https:\/\/www.sonoraenequipo.com.mx\/api\/wp\/v2\/media?parent=180485"}],"wp:term":[{"taxonomy":"category","embeddable":true,"href":"https:\/\/www.sonoraenequipo.com.mx\/api\/wp\/v2\/categories?post=180485"},{"taxonomy":"post_tag","embeddable":true,"href":"https:\/\/www.sonoraenequipo.com.mx\/api\/wp\/v2\/tags?post=180485"}],"curies":[{"name":"wp","href":"https:\/\/api.w.org\/{rel}","templated":true}]}}