{"id":180599,"date":"2023-12-07T22:38:00","date_gmt":"2023-12-08T05:38:00","guid":{"rendered":"https:\/\/www.sonoraenequipo.com.mx\/?p=180599"},"modified":"2023-12-07T20:19:13","modified_gmt":"2023-12-08T03:19:13","slug":"aprueba-congreso-valores-unitarios-del-suelo","status":"publish","type":"post","link":"https:\/\/www.sonoraenequipo.com.mx\/aprueba-congreso-valores-unitarios-del-suelo\/","title":{"rendered":"Aprueba Congreso Valores Unitarios del Suelo"},"content":{"rendered":"<p><b>CULIAC\u00c1N, SINALOA. MX. \u2014 <\/b>En Sesi\u00f3n P\u00fablica Ordinaria, diputadas y diputados aprobaron los Valores Unitarios del Suelo y de las Construcciones de 16 municipios (a excepci\u00f3n de Cosal\u00e1 y Sinaloa que no presentaron propuestas).<\/p>\n<p>&nbsp;<\/p>\n<p> <\/p>\n<p>&nbsp;<\/p>\n<p>Estos Valores, que se les denomina usualmente<em><strong> \u201cTablas Catastrales\u201d<\/strong> <\/em>y que sirven como referencia para fijar el Impuesto Predial a aplicar en el a\u00f1o fiscal 2024, corresponden a los municipios de: Choix, El Rosario, Angostura, Salvador Alvarado, Mocorito, Mazatl\u00e1n, Badiraguato, Navolato, Escuinapa, Elota, San Ignacio, Ahome, Guasave, Culiac\u00e1n, Concordia y El Fuerte.<\/p>\n<p>&nbsp;<\/p>\n<p>&nbsp;<\/p>\n<p>Los municipios que no enviaron sus propuestas de Valores Unitarios del Suelo y Construcciones son Sinaloa y Cosal\u00e1, y en sus casos para el 2024 se aplicar\u00e1n las tablas catastrales del presente a\u00f1o.<\/p>\n<p>&nbsp;<\/p>\n<p>&nbsp;<\/p>\n<p>En los correspondientes Decretos aprobados de los municipios se establece en los art\u00edculos transitorios que durante el a\u00f1o 2024, el importe del Impuesto Predial en los predios urbanos con o sin construcci\u00f3n, ser\u00e1 mayor respecto del monto que correspondi\u00f3 pagar en el a\u00f1o 2023, atendiendo los incrementos porcentuales establecidos en una tabla que se incluye.<\/p>\n<p>&nbsp;<\/p>\n<p>&nbsp;<\/p>\n<p>Esta tabla establece que las tasas del Impuesto Predial que se aplicar\u00e1n para el a\u00f1o fiscal 2024 y que ser\u00e1 progresiva, son de un 2.5, 3.0 y 4.0 por ciento de acuerdo al valor de los bienes inmuebles.<\/p>\n<p>&nbsp;<\/p>\n<p>&nbsp;<\/p>\n<p>En los considerandos de los Decretos aprobados se establece que tomando en cuenta el par\u00e1metro derivado del \u00cdndice Nacional de Precios al Consumidor para el mes de octubre de 2023, se observa que este Congreso no toma una medida que afecte directamente la econom\u00eda de los contribuyentes, pues los porcentajes se\u00f1alados son menores a dicho \u00edndice inflacionario.<\/p>\n<p>&nbsp;<\/p>\n<p>&nbsp;<\/p>\n<p>Acorde a esta tabla, la tasa del 2.5 por ciento se aplicar\u00e1 a los bienes inmuebles cuyo valor catastral sea de hasta un mill\u00f3n de pesos, la del 3.0 por ciento para los casos en que el valor oscile entre un mill\u00f3n y tres millones de pesos.<\/p>\n<p>&nbsp;<\/p>\n<p>&nbsp;<\/p>\n<p>La tasa del 4.0 por ciento se aplicar\u00e1 para los bienes inmuebles cuyo valor catastral sea de tres millones de pesos o superior.<\/p>\n<p>&nbsp;<\/p>\n<p>&nbsp;<\/p>\n<p>Previamente a la aprobaci\u00f3n de estos Decretos, tanto la Comisi\u00f3n de Hacienda P\u00fablica y Administraci\u00f3n (que elabor\u00f3 los correspondientes dict\u00e1menes aprobados) como la Junta de Coordinaci\u00f3n Pol\u00edtica que preside el diputado Feliciano Castro Mel\u00e9ndrez, tuvieron diversas reuniones con cada uno de los municipios y se trabaj\u00f3 tambi\u00e9n con los Institutos Municipales de Planeaci\u00f3n, as\u00ed como con el Instituto Catastral del Estado de Sinaloa y la Secretar\u00eda de Administraci\u00f3n y Finanzas.<\/p>\n<p>&nbsp;<\/p>\n<p>PUBLICADO EL 07 DE DICIEMBRE DE 2023\/ Con informaci\u00f3n de Congreso de Sinaloa\/COMSOCIAL)<\/p>\n","protected":false},"excerpt":{"rendered":"<p>CULIAC\u00c1N, SINALOA. MX. \u2014 En Sesi\u00f3n P\u00fablica Ordinaria, diputadas y diputados aprobaron los Valores Unitarios&#8230;<\/p>\n","protected":false},"author":1,"featured_media":180600,"comment_status":"open","ping_status":"open","sticky":false,"template":"","format":"standard","meta":{"_monsterinsights_skip_tracking":false,"_monsterinsights_sitenote_active":false,"_monsterinsights_sitenote_note":"","_monsterinsights_sitenote_category":0,"footnotes":""},"categories":[5],"tags":[],"class_list":["post"],"yoast_head":" \n<title>Sonora en Equipo. Aprueba Congreso Valores Unitarios del Suelo Rep\u00fablica<\/title>\n<meta name=\"description\" content=\"CULIAC\u00c1N, SINALOA. MX. \u2014 En Sesi\u00f3n P\u00fablica Ordinaria, diputadas y diputados aprobaron los Valores Unitarios del Suelo y de las Construcciones de 16 En Sonora en Equipo publicamos toda la informaci\u00f3n de Sonora, M\u00e9xico y el Mundo de manera oportuna y busca que la libertad de expresi\u00f3n sea real. Visita nuestro medio informativo publicado desde Hermosillo, Sonora. %\" \/>\n<meta name=\"robots\" content=\"index, follow, max-snippet:-1, max-image-preview:large, max-video-preview:-1\" \/>\n<link rel=\"canonical\" href=\"https:\/\/www.sonoraenequipo.com.mx\/aprueba-congreso-valores-unitarios-del-suelo\/\" \/>\n<meta property=\"og:locale\" content=\"es_ES\" \/>\n<meta property=\"og:type\" content=\"article\" \/>\n<meta property=\"og:title\" content=\"Sonora en Equipo. Aprueba Congreso Valores Unitarios del Suelo Rep\u00fablica\" \/>\n<meta property=\"og:description\" content=\"CULIAC\u00c1N, SINALOA. MX. \u2014 En Sesi\u00f3n P\u00fablica Ordinaria, diputadas y diputados aprobaron los Valores Unitarios del Suelo y de las Construcciones de 16 En Sonora en Equipo publicamos toda la informaci\u00f3n de Sonora, M\u00e9xico y el Mundo de manera oportuna y busca que la libertad de expresi\u00f3n sea real. Visita nuestro medio informativo publicado desde Hermosillo, Sonora. %\" \/>\n<meta property=\"og:url\" content=\"https:\/\/www.sonoraenequipo.com.mx\/aprueba-congreso-valores-unitarios-del-suelo\/\" \/>\n<meta property=\"og:site_name\" content=\"Sonora en Equipo.\" \/>\n<meta property=\"article:publisher\" content=\"https:\/\/www.facebook.com\/SonoraEE\/\" \/>\n<meta property=\"article:author\" content=\"https:\/\/www.facebook.com\/SonoraEE\" \/>\n<meta property=\"article:published_time\" content=\"2023-12-08T05:38:00+00:00\" \/>\n<meta property=\"og:image\" content=\"https:\/\/www.sonoraenequipo.com.mx\/storage\/2023\/12\/congreso-de-sinaloa-0723...-min.jpg\" \/>\n\t<meta property=\"og:image:width\" content=\"883\" \/>\n\t<meta property=\"og:image:height\" content=\"534\" \/>\n\t<meta property=\"og:image:type\" content=\"image\/jpeg\" \/>\n<meta name=\"author\" content=\"enequipo\" \/>\n<meta name=\"twitter:card\" content=\"summary_large_image\" \/>\n<meta name=\"twitter:creator\" content=\"@sonoraenequipo\" \/>\n<meta name=\"twitter:site\" content=\"@sonoraenequipo\" \/>\n<meta name=\"twitter:label1\" content=\"Escrito por\" \/>\n\t<meta name=\"twitter:data1\" content=\"enequipo\" \/>\n\t<meta name=\"twitter:label2\" content=\"Tiempo de lectura\" \/>\n\t<meta name=\"twitter:data2\" content=\"2 minutos\" \/>\n<script type=\"application\/ld+json\" class=\"yoast-schema-graph\">{\"@context\":\"https:\/\/schema.org\",\"@graph\":[{\"@type\":\"Article\",\"@id\":\"https:\/\/www.sonoraenequipo.com.mx\/aprueba-congreso-valores-unitarios-del-suelo\/#article\",\"isPartOf\":{\"@id\":\"https:\/\/www.sonoraenequipo.com.mx\/aprueba-congreso-valores-unitarios-del-suelo\/\"},\"author\":{\"name\":\"enequipo\",\"@id\":\"https:\/\/www.sonoraenequipo.com.mx\/#\/schema\/person\/50102df0fb23a8fa9e8effad8fa81386\"},\"headline\":\"Aprueba Congreso Valores Unitarios del Suelo\",\"datePublished\":\"2023-12-08T05:38:00+00:00\",\"mainEntityOfPage\":{\"@id\":\"https:\/\/www.sonoraenequipo.com.mx\/aprueba-congreso-valores-unitarios-del-suelo\/\"},\"wordCount\":463,\"commentCount\":0,\"publisher\":{\"@id\":\"https:\/\/www.sonoraenequipo.com.mx\/#organization\"},\"image\":{\"@id\":\"https:\/\/www.sonoraenequipo.com.mx\/aprueba-congreso-valores-unitarios-del-suelo\/#primaryimage\"},\"thumbnailUrl\":\"https:\/\/www.sonoraenequipo.com.mx\/storage\/2023\/12\/congreso-de-sinaloa-0723...-min.jpg\",\"articleSection\":[\"Rep\u00fablica\"],\"inLanguage\":\"es\",\"potentialAction\":[{\"@type\":\"CommentAction\",\"name\":\"Comment\",\"target\":[\"https:\/\/www.sonoraenequipo.com.mx\/aprueba-congreso-valores-unitarios-del-suelo\/#respond\"]}]},{\"@type\":\"WebPage\",\"@id\":\"https:\/\/www.sonoraenequipo.com.mx\/aprueba-congreso-valores-unitarios-del-suelo\/\",\"url\":\"https:\/\/www.sonoraenequipo.com.mx\/aprueba-congreso-valores-unitarios-del-suelo\/\",\"name\":\"Sonora en Equipo. Aprueba Congreso Valores Unitarios del Suelo Rep\u00fablica\",\"isPartOf\":{\"@id\":\"https:\/\/www.sonoraenequipo.com.mx\/#website\"},\"primaryImageOfPage\":{\"@id\":\"https:\/\/www.sonoraenequipo.com.mx\/aprueba-congreso-valores-unitarios-del-suelo\/#primaryimage\"},\"image\":{\"@id\":\"https:\/\/www.sonoraenequipo.com.mx\/aprueba-congreso-valores-unitarios-del-suelo\/#primaryimage\"},\"thumbnailUrl\":\"https:\/\/www.sonoraenequipo.com.mx\/storage\/2023\/12\/congreso-de-sinaloa-0723...-min.jpg\",\"datePublished\":\"2023-12-08T05:38:00+00:00\",\"description\":\"CULIAC\u00c1N, SINALOA. MX. \u2014 En Sesi\u00f3n P\u00fablica Ordinaria, diputadas y diputados aprobaron los Valores Unitarios del Suelo y de las Construcciones de 16 En Sonora en Equipo publicamos toda la informaci\u00f3n de Sonora, M\u00e9xico y el Mundo de manera oportuna y busca que la libertad de expresi\u00f3n sea real. Visita nuestro medio informativo publicado desde Hermosillo, Sonora. %\",\"breadcrumb\":{\"@id\":\"https:\/\/www.sonoraenequipo.com.mx\/aprueba-congreso-valores-unitarios-del-suelo\/#breadcrumb\"},\"inLanguage\":\"es\",\"potentialAction\":[{\"@type\":\"ReadAction\",\"target\":[\"https:\/\/www.sonoraenequipo.com.mx\/aprueba-congreso-valores-unitarios-del-suelo\/\"]}]},{\"@type\":\"ImageObject\",\"inLanguage\":\"es\",\"@id\":\"https:\/\/www.sonoraenequipo.com.mx\/aprueba-congreso-valores-unitarios-del-suelo\/#primaryimage\",\"url\":\"https:\/\/www.sonoraenequipo.com.mx\/storage\/2023\/12\/congreso-de-sinaloa-0723...-min.jpg\",\"contentUrl\":\"https:\/\/www.sonoraenequipo.com.mx\/storage\/2023\/12\/congreso-de-sinaloa-0723...-min.jpg\",\"width\":883,\"height\":534},{\"@type\":\"BreadcrumbList\",\"@id\":\"https:\/\/www.sonoraenequipo.com.mx\/aprueba-congreso-valores-unitarios-del-suelo\/#breadcrumb\",\"itemListElement\":[{\"@type\":\"ListItem\",\"position\":1,\"name\":\"Portada\",\"item\":\"https:\/\/www.sonoraenequipo.com.mx\/\"},{\"@type\":\"ListItem\",\"position\":2,\"name\":\"Aprueba Congreso Valores Unitarios del Suelo\"}]},{\"@type\":\"WebSite\",\"@id\":\"https:\/\/www.sonoraenequipo.com.mx\/#website\",\"url\":\"https:\/\/www.sonoraenequipo.com.mx\/\",\"name\":\"Sonora en Equipo.\",\"description\":\"Diario en l\u00ednea con Noticias desde Hermosillo, Sonora\",\"publisher\":{\"@id\":\"https:\/\/www.sonoraenequipo.com.mx\/#organization\"},\"potentialAction\":[{\"@type\":\"SearchAction\",\"target\":{\"@type\":\"EntryPoint\",\"urlTemplate\":\"https:\/\/www.sonoraenequipo.com.mx\/?s={search_term_string}\"},\"query-input\":{\"@type\":\"PropertyValueSpecification\",\"valueRequired\":true,\"valueName\":\"search_term_string\"}}],\"inLanguage\":\"es\"},{\"@type\":\"Organization\",\"@id\":\"https:\/\/www.sonoraenequipo.com.mx\/#organization\",\"name\":\"Sonoraenequipo.com.mx\",\"url\":\"https:\/\/www.sonoraenequipo.com.mx\/\",\"logo\":{\"@type\":\"ImageObject\",\"inLanguage\":\"es\",\"@id\":\"https:\/\/www.sonoraenequipo.com.mx\/#\/schema\/logo\/image\/\",\"url\":\"https:\/\/www.sonoraenequipo.com.mx\/storage\/2019\/01\/sonoraenequipo_opt.png\",\"contentUrl\":\"https:\/\/www.sonoraenequipo.com.mx\/storage\/2019\/01\/sonoraenequipo_opt.png\",\"width\":375,\"height\":125,\"caption\":\"Sonoraenequipo.com.mx\"},\"image\":{\"@id\":\"https:\/\/www.sonoraenequipo.com.mx\/#\/schema\/logo\/image\/\"},\"sameAs\":[\"https:\/\/www.facebook.com\/SonoraEE\/\",\"https:\/\/x.com\/sonoraenequipo\",\"https:\/\/www.youtube.com\/channel\/UC338nW-lPEYmJQs4ZABQ1SQ\"]},{\"@type\":\"Person\",\"@id\":\"https:\/\/www.sonoraenequipo.com.mx\/#\/schema\/person\/50102df0fb23a8fa9e8effad8fa81386\",\"name\":\"enequipo\",\"image\":{\"@type\":\"ImageObject\",\"inLanguage\":\"es\",\"@id\":\"https:\/\/www.sonoraenequipo.com.mx\/#\/schema\/person\/image\/\",\"url\":\"https:\/\/secure.gravatar.com\/avatar\/049821681b589dabc0bc20695993ccebb09f5b5d4d790cd9251b97faac7c652b?s=96&d=blank&r=g\",\"contentUrl\":\"https:\/\/secure.gravatar.com\/avatar\/049821681b589dabc0bc20695993ccebb09f5b5d4d790cd9251b97faac7c652b?s=96&d=blank&r=g\",\"caption\":\"enequipo\"},\"sameAs\":[\"https:\/\/www.facebook.com\/SonoraEE\"]}]}<\/script>\n ","yoast_head_json":{"title":"Sonora en Equipo. Aprueba Congreso Valores Unitarios del Suelo Rep\u00fablica","description":"CULIAC\u00c1N, SINALOA. MX. \u2014 En Sesi\u00f3n P\u00fablica Ordinaria, diputadas y diputados aprobaron los Valores Unitarios del Suelo y de las Construcciones de 16 En Sonora en Equipo publicamos toda la informaci\u00f3n de Sonora, M\u00e9xico y el Mundo de manera oportuna y busca que la libertad de expresi\u00f3n sea real. Visita nuestro medio informativo publicado desde Hermosillo, Sonora. %","robots":{"index":"index","follow":"follow","max-snippet":"max-snippet:-1","max-image-preview":"max-image-preview:large","max-video-preview":"max-video-preview:-1"},"canonical":"https:\/\/www.sonoraenequipo.com.mx\/aprueba-congreso-valores-unitarios-del-suelo\/","og_locale":"es_ES","og_type":"article","og_title":"Sonora en Equipo. Aprueba Congreso Valores Unitarios del Suelo Rep\u00fablica","og_description":"CULIAC\u00c1N, SINALOA. MX. \u2014 En Sesi\u00f3n P\u00fablica Ordinaria, diputadas y diputados aprobaron los Valores Unitarios del Suelo y de las Construcciones de 16 En Sonora en Equipo publicamos toda la informaci\u00f3n de Sonora, M\u00e9xico y el Mundo de manera oportuna y busca que la libertad de expresi\u00f3n sea real. Visita nuestro medio informativo publicado desde Hermosillo, Sonora. %","og_url":"https:\/\/www.sonoraenequipo.com.mx\/aprueba-congreso-valores-unitarios-del-suelo\/","og_site_name":"Sonora en Equipo.","article_publisher":"https:\/\/www.facebook.com\/SonoraEE\/","article_author":"https:\/\/www.facebook.com\/SonoraEE","article_published_time":"2023-12-08T05:38:00+00:00","og_image":[{"width":883,"height":534,"url":"https:\/\/www.sonoraenequipo.com.mx\/storage\/2023\/12\/congreso-de-sinaloa-0723...-min.jpg","type":"image\/jpeg"}],"author":"enequipo","twitter_card":"summary_large_image","twitter_creator":"@sonoraenequipo","twitter_site":"@sonoraenequipo","twitter_misc":{"Escrito por":"enequipo","Tiempo de lectura":"2 minutos"},"schema":{"@context":"https:\/\/schema.org","@graph":[{"@type":"Article","@id":"https:\/\/www.sonoraenequipo.com.mx\/aprueba-congreso-valores-unitarios-del-suelo\/#article","isPartOf":{"@id":"https:\/\/www.sonoraenequipo.com.mx\/aprueba-congreso-valores-unitarios-del-suelo\/"},"author":{"name":"enequipo","@id":"https:\/\/www.sonoraenequipo.com.mx\/#\/schema\/person\/50102df0fb23a8fa9e8effad8fa81386"},"headline":"Aprueba Congreso Valores Unitarios del Suelo","datePublished":"2023-12-08T05:38:00+00:00","mainEntityOfPage":{"@id":"https:\/\/www.sonoraenequipo.com.mx\/aprueba-congreso-valores-unitarios-del-suelo\/"},"wordCount":463,"commentCount":0,"publisher":{"@id":"https:\/\/www.sonoraenequipo.com.mx\/#organization"},"image":{"@id":"https:\/\/www.sonoraenequipo.com.mx\/aprueba-congreso-valores-unitarios-del-suelo\/#primaryimage"},"thumbnailUrl":"https:\/\/www.sonoraenequipo.com.mx\/storage\/2023\/12\/congreso-de-sinaloa-0723...-min.jpg","articleSection":["Rep\u00fablica"],"inLanguage":"es","potentialAction":[{"@type":"CommentAction","name":"Comment","target":["https:\/\/www.sonoraenequipo.com.mx\/aprueba-congreso-valores-unitarios-del-suelo\/#respond"]}]},{"@type":"WebPage","@id":"https:\/\/www.sonoraenequipo.com.mx\/aprueba-congreso-valores-unitarios-del-suelo\/","url":"https:\/\/www.sonoraenequipo.com.mx\/aprueba-congreso-valores-unitarios-del-suelo\/","name":"Sonora en Equipo. Aprueba Congreso Valores Unitarios del Suelo Rep\u00fablica","isPartOf":{"@id":"https:\/\/www.sonoraenequipo.com.mx\/#website"},"primaryImageOfPage":{"@id":"https:\/\/www.sonoraenequipo.com.mx\/aprueba-congreso-valores-unitarios-del-suelo\/#primaryimage"},"image":{"@id":"https:\/\/www.sonoraenequipo.com.mx\/aprueba-congreso-valores-unitarios-del-suelo\/#primaryimage"},"thumbnailUrl":"https:\/\/www.sonoraenequipo.com.mx\/storage\/2023\/12\/congreso-de-sinaloa-0723...-min.jpg","datePublished":"2023-12-08T05:38:00+00:00","description":"CULIAC\u00c1N, SINALOA. MX. \u2014 En Sesi\u00f3n P\u00fablica Ordinaria, diputadas y diputados aprobaron los Valores Unitarios del Suelo y de las Construcciones de 16 En Sonora en Equipo publicamos toda la informaci\u00f3n de Sonora, M\u00e9xico y el Mundo de manera oportuna y busca que la libertad de expresi\u00f3n sea real. Visita nuestro medio informativo publicado desde Hermosillo, Sonora. %","breadcrumb":{"@id":"https:\/\/www.sonoraenequipo.com.mx\/aprueba-congreso-valores-unitarios-del-suelo\/#breadcrumb"},"inLanguage":"es","potentialAction":[{"@type":"ReadAction","target":["https:\/\/www.sonoraenequipo.com.mx\/aprueba-congreso-valores-unitarios-del-suelo\/"]}]},{"@type":"ImageObject","inLanguage":"es","@id":"https:\/\/www.sonoraenequipo.com.mx\/aprueba-congreso-valores-unitarios-del-suelo\/#primaryimage","url":"https:\/\/www.sonoraenequipo.com.mx\/storage\/2023\/12\/congreso-de-sinaloa-0723...-min.jpg","contentUrl":"https:\/\/www.sonoraenequipo.com.mx\/storage\/2023\/12\/congreso-de-sinaloa-0723...-min.jpg","width":883,"height":534},{"@type":"BreadcrumbList","@id":"https:\/\/www.sonoraenequipo.com.mx\/aprueba-congreso-valores-unitarios-del-suelo\/#breadcrumb","itemListElement":[{"@type":"ListItem","position":1,"name":"Portada","item":"https:\/\/www.sonoraenequipo.com.mx\/"},{"@type":"ListItem","position":2,"name":"Aprueba Congreso Valores Unitarios del Suelo"}]},{"@type":"WebSite","@id":"https:\/\/www.sonoraenequipo.com.mx\/#website","url":"https:\/\/www.sonoraenequipo.com.mx\/","name":"Sonora en Equipo.","description":"Diario en l\u00ednea con Noticias desde Hermosillo, Sonora","publisher":{"@id":"https:\/\/www.sonoraenequipo.com.mx\/#organization"},"potentialAction":[{"@type":"SearchAction","target":{"@type":"EntryPoint","urlTemplate":"https:\/\/www.sonoraenequipo.com.mx\/?s={search_term_string}"},"query-input":{"@type":"PropertyValueSpecification","valueRequired":true,"valueName":"search_term_string"}}],"inLanguage":"es"},{"@type":"Organization","@id":"https:\/\/www.sonoraenequipo.com.mx\/#organization","name":"Sonoraenequipo.com.mx","url":"https:\/\/www.sonoraenequipo.com.mx\/","logo":{"@type":"ImageObject","inLanguage":"es","@id":"https:\/\/www.sonoraenequipo.com.mx\/#\/schema\/logo\/image\/","url":"https:\/\/www.sonoraenequipo.com.mx\/storage\/2019\/01\/sonoraenequipo_opt.png","contentUrl":"https:\/\/www.sonoraenequipo.com.mx\/storage\/2019\/01\/sonoraenequipo_opt.png","width":375,"height":125,"caption":"Sonoraenequipo.com.mx"},"image":{"@id":"https:\/\/www.sonoraenequipo.com.mx\/#\/schema\/logo\/image\/"},"sameAs":["https:\/\/www.facebook.com\/SonoraEE\/","https:\/\/x.com\/sonoraenequipo","https:\/\/www.youtube.com\/channel\/UC338nW-lPEYmJQs4ZABQ1SQ"]},{"@type":"Person","@id":"https:\/\/www.sonoraenequipo.com.mx\/#\/schema\/person\/50102df0fb23a8fa9e8effad8fa81386","name":"enequipo","image":{"@type":"ImageObject","inLanguage":"es","@id":"https:\/\/www.sonoraenequipo.com.mx\/#\/schema\/person\/image\/","url":"https:\/\/secure.gravatar.com\/avatar\/049821681b589dabc0bc20695993ccebb09f5b5d4d790cd9251b97faac7c652b?s=96&d=blank&r=g","contentUrl":"https:\/\/secure.gravatar.com\/avatar\/049821681b589dabc0bc20695993ccebb09f5b5d4d790cd9251b97faac7c652b?s=96&d=blank&r=g","caption":"enequipo"},"sameAs":["https:\/\/www.facebook.com\/SonoraEE"]}]}},"jetpack_featured_media_url":"https:\/\/www.sonoraenequipo.com.mx\/storage\/2023\/12\/congreso-de-sinaloa-0723...-min.jpg","_links":{"self":[{"href":"https:\/\/www.sonoraenequipo.com.mx\/api\/wp\/v2\/posts\/180599","targetHints":{"allow":["GET"]}}],"collection":[{"href":"https:\/\/www.sonoraenequipo.com.mx\/api\/wp\/v2\/posts"}],"about":[{"href":"https:\/\/www.sonoraenequipo.com.mx\/api\/wp\/v2\/types\/post"}],"author":[{"embeddable":true,"href":"https:\/\/www.sonoraenequipo.com.mx\/api\/wp\/v2\/users\/1"}],"replies":[{"embeddable":true,"href":"https:\/\/www.sonoraenequipo.com.mx\/api\/wp\/v2\/comments?post=180599"}],"version-history":[{"count":1,"href":"https:\/\/www.sonoraenequipo.com.mx\/api\/wp\/v2\/posts\/180599\/revisions"}],"predecessor-version":[{"id":180601,"href":"https:\/\/www.sonoraenequipo.com.mx\/api\/wp\/v2\/posts\/180599\/revisions\/180601"}],"wp:featuredmedia":[{"embeddable":true,"href":"https:\/\/www.sonoraenequipo.com.mx\/api\/wp\/v2\/media\/180600"}],"wp:attachment":[{"href":"https:\/\/www.sonoraenequipo.com.mx\/api\/wp\/v2\/media?parent=180599"}],"wp:term":[{"taxonomy":"category","embeddable":true,"href":"https:\/\/www.sonoraenequipo.com.mx\/api\/wp\/v2\/categories?post=180599"},{"taxonomy":"post_tag","embeddable":true,"href":"https:\/\/www.sonoraenequipo.com.mx\/api\/wp\/v2\/tags?post=180599"}],"curies":[{"name":"wp","href":"https:\/\/api.w.org\/{rel}","templated":true}]}}