{"id":180617,"date":"2023-12-08T12:00:22","date_gmt":"2023-12-08T19:00:22","guid":{"rendered":"https:\/\/www.sonoraenequipo.com.mx\/?p=180617"},"modified":"2023-12-08T14:29:59","modified_gmt":"2023-12-08T21:29:59","slug":"vladimir-putin-se-apunta-por-quinta-ocasion-por-la-presidencia-de-rusia","status":"publish","type":"post","link":"https:\/\/www.sonoraenequipo.com.mx\/vladimir-putin-se-apunta-por-quinta-ocasion-por-la-presidencia-de-rusia\/","title":{"rendered":"Vladimir Putin se apunta por quinta ocasi\u00f3n por la presidencia de Rusia"},"content":{"rendered":"<p><strong>MOSC\u00da, RUSIA. \u2014<\/strong> Vlad\u00edmir Putin mostr\u00f3 el viernes su intenci\u00f3n de prolongar su mandato por al menos seis a\u00f1os m\u00e1s al anunciar su candidatura a las elecciones presidenciales de marzo de 2024, en las que su victoria est\u00e1 pr\u00e1cticamente asegurada, seg\u00fan report\u00f3 la prensa estatal.<\/p>\n<p>&nbsp;<\/p>\n<p>Tras casi un cuarto de siglo en el poder, Putin sigue contando con un amplio respaldo, a pesar de haber iniciado una guerra inmensamente costosa en Ucrania que se ha cobrado la vida de miles de sus compatriotas, provoc\u00f3 repetidos ataques dentro del pa\u00eds pa\u00eds \u2014 incluyendo uno en el propio Kremlin \u2014 y ha corro\u00eddo su aura de invencibilidad.<\/p>\n<p>&nbsp;<\/p>\n<p>&nbsp;<\/p>\n<p>La ef\u00edmera rebeli\u00f3n comandada en junio por el l\u00edder mercenario Yevgeny Prigozhin suscit\u00f3 dudas generalizadas acerca de una posible p\u00e9rdida de control, pero Putin super\u00f3 la crisis sin consecuencias y la muerte de su rival en un misterioso accidente de avi\u00f3n dos meses despu\u00e9s afianz\u00f3 la idea de que su poder es absoluto.<\/p>\n<p>&nbsp;<\/p>\n<p>&nbsp;<\/p>\n<p>Putin anunci\u00f3 su decisi\u00f3n se presentarse a los comicios del 17 de marzo durante una ceremonia de entrega de galardones en el Kremlin, de acuerdo con las agencias noticiosas Tass y RIA Novosti.<\/p>\n<p>&nbsp;<\/p>\n<p>&nbsp;<\/p>\n<p>Alrededor del 80% de la poblaci\u00f3n aprueba su gesti\u00f3n, seg\u00fan la encuestadora independiente Levada Center.<\/p>\n<p>&nbsp;<\/p>\n<p>Ya sea por un apoyo real o forzado, no se espera que Putin no enfrente m\u00e1s que una oposici\u00f3n simb\u00f3lica en la boleta.<\/p>\n<p>&nbsp;<\/p>\n<p>Putin, de 71 a\u00f1os, emple\u00f3 su influencia en dos ocasiones para modificar la Constituci\u00f3n con enmiendas que le permitir\u00edan, en teor\u00eda, mantenerse en el poder hasta que bien entrados los 80 a\u00f1os. Ya es el mandatario que m\u00e1s a\u00f1os ha ocupado el Kremlin desde el dictador sovi\u00e9tico Josef Stalin.<\/p>\n<p>&nbsp;<\/p>\n<p>En 2008, dej\u00f3 la presidencia para ocupar el puesto de primer ministro debido a la limitaci\u00f3n de mandatos, pero sigui\u00f3 siendo la fuerza dominante en el pa\u00eds. Los mandatos presidenciales se ampliaron entonces de cuatro a seis a\u00f1os y, en otra reforma que impuls\u00f3 hace tres a\u00f1os, se reajust\u00f3 el c\u00f3mputo de dos mandatos consecutivos a partir de 2024.<\/p>\n<p>&nbsp;<\/p>\n<p>&nbsp;<\/p>\n<p>PUBLICADO EL 08 DE DICIEMBRE DE 2023\/<\/p>\n","protected":false},"excerpt":{"rendered":"<p>MOSC\u00da, RUSIA. \u2014 Vlad\u00edmir Putin mostr\u00f3 el viernes su intenci\u00f3n de prolongar su mandato por&#8230;<\/p>\n","protected":false},"author":1,"featured_media":180629,"comment_status":"open","ping_status":"open","sticky":false,"template":"","format":"standard","meta":{"_monsterinsights_skip_tracking":false,"_monsterinsights_sitenote_active":false,"_monsterinsights_sitenote_note":"","_monsterinsights_sitenote_category":0,"footnotes":""},"categories":[3],"tags":[],"class_list":["post"],"yoast_head":" \n<title>Sonora en Equipo. Vladimir Putin se apunta por quinta ocasi\u00f3n por la presidencia de Rusia MUNDO<\/title>\n<meta name=\"description\" content=\"MOSC\u00da, RUSIA. \u2014 Vlad\u00edmir Putin mostr\u00f3 el viernes su intenci\u00f3n de prolongar su mandato por al menos seis a\u00f1os m\u00e1s al anunciar su candidatura a las En Sonora en Equipo publicamos toda la informaci\u00f3n de Sonora, M\u00e9xico y el Mundo de manera oportuna y busca que la libertad de expresi\u00f3n sea real. Visita nuestro medio informativo publicado desde Hermosillo, Sonora. %\" \/>\n<meta name=\"robots\" content=\"index, follow, max-snippet:-1, max-image-preview:large, max-video-preview:-1\" \/>\n<link rel=\"canonical\" href=\"https:\/\/www.sonoraenequipo.com.mx\/vladimir-putin-se-apunta-por-quinta-ocasion-por-la-presidencia-de-rusia\/\" \/>\n<meta property=\"og:locale\" content=\"es_ES\" \/>\n<meta property=\"og:type\" content=\"article\" \/>\n<meta property=\"og:title\" content=\"Sonora en Equipo. Vladimir Putin se apunta por quinta ocasi\u00f3n por la presidencia de Rusia MUNDO\" \/>\n<meta property=\"og:description\" content=\"MOSC\u00da, RUSIA. \u2014 Vlad\u00edmir Putin mostr\u00f3 el viernes su intenci\u00f3n de prolongar su mandato por al menos seis a\u00f1os m\u00e1s al anunciar su candidatura a las En Sonora en Equipo publicamos toda la informaci\u00f3n de Sonora, M\u00e9xico y el Mundo de manera oportuna y busca que la libertad de expresi\u00f3n sea real. Visita nuestro medio informativo publicado desde Hermosillo, Sonora. %\" \/>\n<meta property=\"og:url\" content=\"https:\/\/www.sonoraenequipo.com.mx\/vladimir-putin-se-apunta-por-quinta-ocasion-por-la-presidencia-de-rusia\/\" \/>\n<meta property=\"og:site_name\" content=\"Sonora en Equipo.\" \/>\n<meta property=\"article:publisher\" content=\"https:\/\/www.facebook.com\/SonoraEE\/\" \/>\n<meta property=\"article:author\" content=\"https:\/\/www.facebook.com\/SonoraEE\" \/>\n<meta property=\"article:published_time\" content=\"2023-12-08T19:00:22+00:00\" \/>\n<meta property=\"article:modified_time\" content=\"2023-12-08T21:29:59+00:00\" \/>\n<meta property=\"og:image\" content=\"https:\/\/www.sonoraenequipo.com.mx\/storage\/2023\/12\/Putin-quiere-repetir...-min-1.jpg\" \/>\n\t<meta property=\"og:image:width\" content=\"826\" \/>\n\t<meta property=\"og:image:height\" content=\"527\" \/>\n\t<meta property=\"og:image:type\" content=\"image\/jpeg\" \/>\n<meta name=\"author\" content=\"enequipo\" \/>\n<meta name=\"twitter:card\" content=\"summary_large_image\" \/>\n<meta name=\"twitter:creator\" content=\"@sonoraenequipo\" \/>\n<meta name=\"twitter:site\" content=\"@sonoraenequipo\" \/>\n<meta name=\"twitter:label1\" content=\"Escrito por\" \/>\n\t<meta name=\"twitter:data1\" content=\"enequipo\" \/>\n\t<meta name=\"twitter:label2\" content=\"Tiempo de lectura\" \/>\n\t<meta name=\"twitter:data2\" content=\"2 minutos\" \/>\n<script type=\"application\/ld+json\" class=\"yoast-schema-graph\">{\"@context\":\"https:\/\/schema.org\",\"@graph\":[{\"@type\":\"Article\",\"@id\":\"https:\/\/www.sonoraenequipo.com.mx\/vladimir-putin-se-apunta-por-quinta-ocasion-por-la-presidencia-de-rusia\/#article\",\"isPartOf\":{\"@id\":\"https:\/\/www.sonoraenequipo.com.mx\/vladimir-putin-se-apunta-por-quinta-ocasion-por-la-presidencia-de-rusia\/\"},\"author\":{\"name\":\"enequipo\",\"@id\":\"https:\/\/www.sonoraenequipo.com.mx\/#\/schema\/person\/50102df0fb23a8fa9e8effad8fa81386\"},\"headline\":\"Vladimir Putin se apunta por quinta ocasi\u00f3n por la presidencia de Rusia\",\"datePublished\":\"2023-12-08T19:00:22+00:00\",\"dateModified\":\"2023-12-08T21:29:59+00:00\",\"mainEntityOfPage\":{\"@id\":\"https:\/\/www.sonoraenequipo.com.mx\/vladimir-putin-se-apunta-por-quinta-ocasion-por-la-presidencia-de-rusia\/\"},\"wordCount\":392,\"commentCount\":0,\"publisher\":{\"@id\":\"https:\/\/www.sonoraenequipo.com.mx\/#organization\"},\"image\":{\"@id\":\"https:\/\/www.sonoraenequipo.com.mx\/vladimir-putin-se-apunta-por-quinta-ocasion-por-la-presidencia-de-rusia\/#primaryimage\"},\"thumbnailUrl\":\"https:\/\/www.sonoraenequipo.com.mx\/storage\/2023\/12\/Putin-quiere-repetir...-min-1.jpg\",\"articleSection\":[\"MUNDO\"],\"inLanguage\":\"es\",\"potentialAction\":[{\"@type\":\"CommentAction\",\"name\":\"Comment\",\"target\":[\"https:\/\/www.sonoraenequipo.com.mx\/vladimir-putin-se-apunta-por-quinta-ocasion-por-la-presidencia-de-rusia\/#respond\"]}]},{\"@type\":\"WebPage\",\"@id\":\"https:\/\/www.sonoraenequipo.com.mx\/vladimir-putin-se-apunta-por-quinta-ocasion-por-la-presidencia-de-rusia\/\",\"url\":\"https:\/\/www.sonoraenequipo.com.mx\/vladimir-putin-se-apunta-por-quinta-ocasion-por-la-presidencia-de-rusia\/\",\"name\":\"Sonora en Equipo. Vladimir Putin se apunta por quinta ocasi\u00f3n por la presidencia de Rusia MUNDO\",\"isPartOf\":{\"@id\":\"https:\/\/www.sonoraenequipo.com.mx\/#website\"},\"primaryImageOfPage\":{\"@id\":\"https:\/\/www.sonoraenequipo.com.mx\/vladimir-putin-se-apunta-por-quinta-ocasion-por-la-presidencia-de-rusia\/#primaryimage\"},\"image\":{\"@id\":\"https:\/\/www.sonoraenequipo.com.mx\/vladimir-putin-se-apunta-por-quinta-ocasion-por-la-presidencia-de-rusia\/#primaryimage\"},\"thumbnailUrl\":\"https:\/\/www.sonoraenequipo.com.mx\/storage\/2023\/12\/Putin-quiere-repetir...-min-1.jpg\",\"datePublished\":\"2023-12-08T19:00:22+00:00\",\"dateModified\":\"2023-12-08T21:29:59+00:00\",\"description\":\"MOSC\u00da, RUSIA. \u2014 Vlad\u00edmir Putin mostr\u00f3 el viernes su intenci\u00f3n de prolongar su mandato por al menos seis a\u00f1os m\u00e1s al anunciar su candidatura a las En Sonora en Equipo publicamos toda la informaci\u00f3n de Sonora, M\u00e9xico y el Mundo de manera oportuna y busca que la libertad de expresi\u00f3n sea real. Visita nuestro medio informativo publicado desde Hermosillo, Sonora. %\",\"breadcrumb\":{\"@id\":\"https:\/\/www.sonoraenequipo.com.mx\/vladimir-putin-se-apunta-por-quinta-ocasion-por-la-presidencia-de-rusia\/#breadcrumb\"},\"inLanguage\":\"es\",\"potentialAction\":[{\"@type\":\"ReadAction\",\"target\":[\"https:\/\/www.sonoraenequipo.com.mx\/vladimir-putin-se-apunta-por-quinta-ocasion-por-la-presidencia-de-rusia\/\"]}]},{\"@type\":\"ImageObject\",\"inLanguage\":\"es\",\"@id\":\"https:\/\/www.sonoraenequipo.com.mx\/vladimir-putin-se-apunta-por-quinta-ocasion-por-la-presidencia-de-rusia\/#primaryimage\",\"url\":\"https:\/\/www.sonoraenequipo.com.mx\/storage\/2023\/12\/Putin-quiere-repetir...-min-1.jpg\",\"contentUrl\":\"https:\/\/www.sonoraenequipo.com.mx\/storage\/2023\/12\/Putin-quiere-repetir...-min-1.jpg\",\"width\":826,\"height\":527},{\"@type\":\"BreadcrumbList\",\"@id\":\"https:\/\/www.sonoraenequipo.com.mx\/vladimir-putin-se-apunta-por-quinta-ocasion-por-la-presidencia-de-rusia\/#breadcrumb\",\"itemListElement\":[{\"@type\":\"ListItem\",\"position\":1,\"name\":\"Portada\",\"item\":\"https:\/\/www.sonoraenequipo.com.mx\/\"},{\"@type\":\"ListItem\",\"position\":2,\"name\":\"Vladimir Putin se apunta por quinta ocasi\u00f3n por la presidencia de Rusia\"}]},{\"@type\":\"WebSite\",\"@id\":\"https:\/\/www.sonoraenequipo.com.mx\/#website\",\"url\":\"https:\/\/www.sonoraenequipo.com.mx\/\",\"name\":\"Sonora en Equipo.\",\"description\":\"Diario en l\u00ednea con Noticias desde Hermosillo, Sonora\",\"publisher\":{\"@id\":\"https:\/\/www.sonoraenequipo.com.mx\/#organization\"},\"potentialAction\":[{\"@type\":\"SearchAction\",\"target\":{\"@type\":\"EntryPoint\",\"urlTemplate\":\"https:\/\/www.sonoraenequipo.com.mx\/?s={search_term_string}\"},\"query-input\":{\"@type\":\"PropertyValueSpecification\",\"valueRequired\":true,\"valueName\":\"search_term_string\"}}],\"inLanguage\":\"es\"},{\"@type\":\"Organization\",\"@id\":\"https:\/\/www.sonoraenequipo.com.mx\/#organization\",\"name\":\"Sonoraenequipo.com.mx\",\"url\":\"https:\/\/www.sonoraenequipo.com.mx\/\",\"logo\":{\"@type\":\"ImageObject\",\"inLanguage\":\"es\",\"@id\":\"https:\/\/www.sonoraenequipo.com.mx\/#\/schema\/logo\/image\/\",\"url\":\"https:\/\/www.sonoraenequipo.com.mx\/storage\/2019\/01\/sonoraenequipo_opt.png\",\"contentUrl\":\"https:\/\/www.sonoraenequipo.com.mx\/storage\/2019\/01\/sonoraenequipo_opt.png\",\"width\":375,\"height\":125,\"caption\":\"Sonoraenequipo.com.mx\"},\"image\":{\"@id\":\"https:\/\/www.sonoraenequipo.com.mx\/#\/schema\/logo\/image\/\"},\"sameAs\":[\"https:\/\/www.facebook.com\/SonoraEE\/\",\"https:\/\/x.com\/sonoraenequipo\",\"https:\/\/www.youtube.com\/channel\/UC338nW-lPEYmJQs4ZABQ1SQ\"]},{\"@type\":\"Person\",\"@id\":\"https:\/\/www.sonoraenequipo.com.mx\/#\/schema\/person\/50102df0fb23a8fa9e8effad8fa81386\",\"name\":\"enequipo\",\"image\":{\"@type\":\"ImageObject\",\"inLanguage\":\"es\",\"@id\":\"https:\/\/www.sonoraenequipo.com.mx\/#\/schema\/person\/image\/\",\"url\":\"https:\/\/secure.gravatar.com\/avatar\/049821681b589dabc0bc20695993ccebb09f5b5d4d790cd9251b97faac7c652b?s=96&d=blank&r=g\",\"contentUrl\":\"https:\/\/secure.gravatar.com\/avatar\/049821681b589dabc0bc20695993ccebb09f5b5d4d790cd9251b97faac7c652b?s=96&d=blank&r=g\",\"caption\":\"enequipo\"},\"sameAs\":[\"https:\/\/www.facebook.com\/SonoraEE\"]}]}<\/script>\n ","yoast_head_json":{"title":"Sonora en Equipo. Vladimir Putin se apunta por quinta ocasi\u00f3n por la presidencia de Rusia MUNDO","description":"MOSC\u00da, RUSIA. \u2014 Vlad\u00edmir Putin mostr\u00f3 el viernes su intenci\u00f3n de prolongar su mandato por al menos seis a\u00f1os m\u00e1s al anunciar su candidatura a las En Sonora en Equipo publicamos toda la informaci\u00f3n de Sonora, M\u00e9xico y el Mundo de manera oportuna y busca que la libertad de expresi\u00f3n sea real. Visita nuestro medio informativo publicado desde Hermosillo, Sonora. %","robots":{"index":"index","follow":"follow","max-snippet":"max-snippet:-1","max-image-preview":"max-image-preview:large","max-video-preview":"max-video-preview:-1"},"canonical":"https:\/\/www.sonoraenequipo.com.mx\/vladimir-putin-se-apunta-por-quinta-ocasion-por-la-presidencia-de-rusia\/","og_locale":"es_ES","og_type":"article","og_title":"Sonora en Equipo. Vladimir Putin se apunta por quinta ocasi\u00f3n por la presidencia de Rusia MUNDO","og_description":"MOSC\u00da, RUSIA. \u2014 Vlad\u00edmir Putin mostr\u00f3 el viernes su intenci\u00f3n de prolongar su mandato por al menos seis a\u00f1os m\u00e1s al anunciar su candidatura a las En Sonora en Equipo publicamos toda la informaci\u00f3n de Sonora, M\u00e9xico y el Mundo de manera oportuna y busca que la libertad de expresi\u00f3n sea real. Visita nuestro medio informativo publicado desde Hermosillo, Sonora. %","og_url":"https:\/\/www.sonoraenequipo.com.mx\/vladimir-putin-se-apunta-por-quinta-ocasion-por-la-presidencia-de-rusia\/","og_site_name":"Sonora en Equipo.","article_publisher":"https:\/\/www.facebook.com\/SonoraEE\/","article_author":"https:\/\/www.facebook.com\/SonoraEE","article_published_time":"2023-12-08T19:00:22+00:00","article_modified_time":"2023-12-08T21:29:59+00:00","og_image":[{"width":826,"height":527,"url":"https:\/\/www.sonoraenequipo.com.mx\/storage\/2023\/12\/Putin-quiere-repetir...-min-1.jpg","type":"image\/jpeg"}],"author":"enequipo","twitter_card":"summary_large_image","twitter_creator":"@sonoraenequipo","twitter_site":"@sonoraenequipo","twitter_misc":{"Escrito por":"enequipo","Tiempo de lectura":"2 minutos"},"schema":{"@context":"https:\/\/schema.org","@graph":[{"@type":"Article","@id":"https:\/\/www.sonoraenequipo.com.mx\/vladimir-putin-se-apunta-por-quinta-ocasion-por-la-presidencia-de-rusia\/#article","isPartOf":{"@id":"https:\/\/www.sonoraenequipo.com.mx\/vladimir-putin-se-apunta-por-quinta-ocasion-por-la-presidencia-de-rusia\/"},"author":{"name":"enequipo","@id":"https:\/\/www.sonoraenequipo.com.mx\/#\/schema\/person\/50102df0fb23a8fa9e8effad8fa81386"},"headline":"Vladimir Putin se apunta por quinta ocasi\u00f3n por la presidencia de Rusia","datePublished":"2023-12-08T19:00:22+00:00","dateModified":"2023-12-08T21:29:59+00:00","mainEntityOfPage":{"@id":"https:\/\/www.sonoraenequipo.com.mx\/vladimir-putin-se-apunta-por-quinta-ocasion-por-la-presidencia-de-rusia\/"},"wordCount":392,"commentCount":0,"publisher":{"@id":"https:\/\/www.sonoraenequipo.com.mx\/#organization"},"image":{"@id":"https:\/\/www.sonoraenequipo.com.mx\/vladimir-putin-se-apunta-por-quinta-ocasion-por-la-presidencia-de-rusia\/#primaryimage"},"thumbnailUrl":"https:\/\/www.sonoraenequipo.com.mx\/storage\/2023\/12\/Putin-quiere-repetir...-min-1.jpg","articleSection":["MUNDO"],"inLanguage":"es","potentialAction":[{"@type":"CommentAction","name":"Comment","target":["https:\/\/www.sonoraenequipo.com.mx\/vladimir-putin-se-apunta-por-quinta-ocasion-por-la-presidencia-de-rusia\/#respond"]}]},{"@type":"WebPage","@id":"https:\/\/www.sonoraenequipo.com.mx\/vladimir-putin-se-apunta-por-quinta-ocasion-por-la-presidencia-de-rusia\/","url":"https:\/\/www.sonoraenequipo.com.mx\/vladimir-putin-se-apunta-por-quinta-ocasion-por-la-presidencia-de-rusia\/","name":"Sonora en Equipo. Vladimir Putin se apunta por quinta ocasi\u00f3n por la presidencia de Rusia MUNDO","isPartOf":{"@id":"https:\/\/www.sonoraenequipo.com.mx\/#website"},"primaryImageOfPage":{"@id":"https:\/\/www.sonoraenequipo.com.mx\/vladimir-putin-se-apunta-por-quinta-ocasion-por-la-presidencia-de-rusia\/#primaryimage"},"image":{"@id":"https:\/\/www.sonoraenequipo.com.mx\/vladimir-putin-se-apunta-por-quinta-ocasion-por-la-presidencia-de-rusia\/#primaryimage"},"thumbnailUrl":"https:\/\/www.sonoraenequipo.com.mx\/storage\/2023\/12\/Putin-quiere-repetir...-min-1.jpg","datePublished":"2023-12-08T19:00:22+00:00","dateModified":"2023-12-08T21:29:59+00:00","description":"MOSC\u00da, RUSIA. \u2014 Vlad\u00edmir Putin mostr\u00f3 el viernes su intenci\u00f3n de prolongar su mandato por al menos seis a\u00f1os m\u00e1s al anunciar su candidatura a las En Sonora en Equipo publicamos toda la informaci\u00f3n de Sonora, M\u00e9xico y el Mundo de manera oportuna y busca que la libertad de expresi\u00f3n sea real. Visita nuestro medio informativo publicado desde Hermosillo, Sonora. %","breadcrumb":{"@id":"https:\/\/www.sonoraenequipo.com.mx\/vladimir-putin-se-apunta-por-quinta-ocasion-por-la-presidencia-de-rusia\/#breadcrumb"},"inLanguage":"es","potentialAction":[{"@type":"ReadAction","target":["https:\/\/www.sonoraenequipo.com.mx\/vladimir-putin-se-apunta-por-quinta-ocasion-por-la-presidencia-de-rusia\/"]}]},{"@type":"ImageObject","inLanguage":"es","@id":"https:\/\/www.sonoraenequipo.com.mx\/vladimir-putin-se-apunta-por-quinta-ocasion-por-la-presidencia-de-rusia\/#primaryimage","url":"https:\/\/www.sonoraenequipo.com.mx\/storage\/2023\/12\/Putin-quiere-repetir...-min-1.jpg","contentUrl":"https:\/\/www.sonoraenequipo.com.mx\/storage\/2023\/12\/Putin-quiere-repetir...-min-1.jpg","width":826,"height":527},{"@type":"BreadcrumbList","@id":"https:\/\/www.sonoraenequipo.com.mx\/vladimir-putin-se-apunta-por-quinta-ocasion-por-la-presidencia-de-rusia\/#breadcrumb","itemListElement":[{"@type":"ListItem","position":1,"name":"Portada","item":"https:\/\/www.sonoraenequipo.com.mx\/"},{"@type":"ListItem","position":2,"name":"Vladimir Putin se apunta por quinta ocasi\u00f3n por la presidencia de Rusia"}]},{"@type":"WebSite","@id":"https:\/\/www.sonoraenequipo.com.mx\/#website","url":"https:\/\/www.sonoraenequipo.com.mx\/","name":"Sonora en Equipo.","description":"Diario en l\u00ednea con Noticias desde Hermosillo, Sonora","publisher":{"@id":"https:\/\/www.sonoraenequipo.com.mx\/#organization"},"potentialAction":[{"@type":"SearchAction","target":{"@type":"EntryPoint","urlTemplate":"https:\/\/www.sonoraenequipo.com.mx\/?s={search_term_string}"},"query-input":{"@type":"PropertyValueSpecification","valueRequired":true,"valueName":"search_term_string"}}],"inLanguage":"es"},{"@type":"Organization","@id":"https:\/\/www.sonoraenequipo.com.mx\/#organization","name":"Sonoraenequipo.com.mx","url":"https:\/\/www.sonoraenequipo.com.mx\/","logo":{"@type":"ImageObject","inLanguage":"es","@id":"https:\/\/www.sonoraenequipo.com.mx\/#\/schema\/logo\/image\/","url":"https:\/\/www.sonoraenequipo.com.mx\/storage\/2019\/01\/sonoraenequipo_opt.png","contentUrl":"https:\/\/www.sonoraenequipo.com.mx\/storage\/2019\/01\/sonoraenequipo_opt.png","width":375,"height":125,"caption":"Sonoraenequipo.com.mx"},"image":{"@id":"https:\/\/www.sonoraenequipo.com.mx\/#\/schema\/logo\/image\/"},"sameAs":["https:\/\/www.facebook.com\/SonoraEE\/","https:\/\/x.com\/sonoraenequipo","https:\/\/www.youtube.com\/channel\/UC338nW-lPEYmJQs4ZABQ1SQ"]},{"@type":"Person","@id":"https:\/\/www.sonoraenequipo.com.mx\/#\/schema\/person\/50102df0fb23a8fa9e8effad8fa81386","name":"enequipo","image":{"@type":"ImageObject","inLanguage":"es","@id":"https:\/\/www.sonoraenequipo.com.mx\/#\/schema\/person\/image\/","url":"https:\/\/secure.gravatar.com\/avatar\/049821681b589dabc0bc20695993ccebb09f5b5d4d790cd9251b97faac7c652b?s=96&d=blank&r=g","contentUrl":"https:\/\/secure.gravatar.com\/avatar\/049821681b589dabc0bc20695993ccebb09f5b5d4d790cd9251b97faac7c652b?s=96&d=blank&r=g","caption":"enequipo"},"sameAs":["https:\/\/www.facebook.com\/SonoraEE"]}]}},"jetpack_featured_media_url":"https:\/\/www.sonoraenequipo.com.mx\/storage\/2023\/12\/Putin-quiere-repetir...-min-1.jpg","_links":{"self":[{"href":"https:\/\/www.sonoraenequipo.com.mx\/api\/wp\/v2\/posts\/180617","targetHints":{"allow":["GET"]}}],"collection":[{"href":"https:\/\/www.sonoraenequipo.com.mx\/api\/wp\/v2\/posts"}],"about":[{"href":"https:\/\/www.sonoraenequipo.com.mx\/api\/wp\/v2\/types\/post"}],"author":[{"embeddable":true,"href":"https:\/\/www.sonoraenequipo.com.mx\/api\/wp\/v2\/users\/1"}],"replies":[{"embeddable":true,"href":"https:\/\/www.sonoraenequipo.com.mx\/api\/wp\/v2\/comments?post=180617"}],"version-history":[{"count":1,"href":"https:\/\/www.sonoraenequipo.com.mx\/api\/wp\/v2\/posts\/180617\/revisions"}],"predecessor-version":[{"id":180630,"href":"https:\/\/www.sonoraenequipo.com.mx\/api\/wp\/v2\/posts\/180617\/revisions\/180630"}],"wp:featuredmedia":[{"embeddable":true,"href":"https:\/\/www.sonoraenequipo.com.mx\/api\/wp\/v2\/media\/180629"}],"wp:attachment":[{"href":"https:\/\/www.sonoraenequipo.com.mx\/api\/wp\/v2\/media?parent=180617"}],"wp:term":[{"taxonomy":"category","embeddable":true,"href":"https:\/\/www.sonoraenequipo.com.mx\/api\/wp\/v2\/categories?post=180617"},{"taxonomy":"post_tag","embeddable":true,"href":"https:\/\/www.sonoraenequipo.com.mx\/api\/wp\/v2\/tags?post=180617"}],"curies":[{"name":"wp","href":"https:\/\/api.w.org\/{rel}","templated":true}]}}