{"id":180654,"date":"2023-12-08T08:52:27","date_gmt":"2023-12-08T15:52:27","guid":{"rendered":"https:\/\/www.sonoraenequipo.com.mx\/?p=180654"},"modified":"2023-12-08T16:33:24","modified_gmt":"2023-12-08T23:33:24","slug":"comision-de-justicia-del-senado-aprueba-la-segunda-terna-para-ministra-de-la-scjn","status":"publish","type":"post","link":"https:\/\/www.sonoraenequipo.com.mx\/comision-de-justicia-del-senado-aprueba-la-segunda-terna-para-ministra-de-la-scjn\/","title":{"rendered":"Comisi\u00f3n de Justicia del Senado aprueba la segunda terna para ministra de la SCJN"},"content":{"rendered":"<p><strong>CIUDAD DE M\u00c9XICO.MX. \u2014\u00a0<\/strong> La Comisi\u00f3n de Justicia del Senado dio luz verde al dictamen que respalda la idoneidad de Lenia Batres Guadarrama, Bertha Mar\u00eda Alcalde Luj\u00e1n y Mar\u00eda Er\u00e9ndira Cruz Villegas para ocupar el cargo de Ministra en la Suprema Corte de Justicia de la Naci\u00f3n (SCJN).<\/p>\n<p>&nbsp;<\/p>\n<p> <\/p>\n<p>&nbsp;<\/p>\n<p>Con 13 votos a favor, un voto en contra y un voto particular, se considera que cumplen con los requisitos constitucionales.<\/p>\n<p>&nbsp;<\/p>\n<p>&nbsp;<\/p>\n<p>El coordinador del Grupo Plural, Germ\u00e1n Mart\u00ednez, solicit\u00f3 que se especifique en el dictamen que el nombramiento ser\u00e1 por el periodo de 15 a\u00f1os. Mientras, Olga S\u00e1nchez Cordero se\u00f1al\u00f3 que estas inquietudes se expresar\u00e1n en el pleno.<\/p>\n<p>&nbsp;<\/p>\n<p>&nbsp;<\/p>\n<p>El dictamen ser\u00e1 discutido y votado en la sesi\u00f3n del pr\u00f3ximo mi\u00e9rcoles 13 de diciembre.<\/p>\n<p>&nbsp;<\/p>\n<p>&nbsp;<\/p>\n<p>PUBLICADO EL 08 DE DICIEMBRE DE 2023\/<\/p>\n","protected":false},"excerpt":{"rendered":"<p>CIUDAD DE M\u00c9XICO.MX. \u2014\u00a0 La Comisi\u00f3n de Justicia del Senado dio luz verde al dictamen&#8230;<\/p>\n","protected":false},"author":1,"featured_media":180625,"comment_status":"open","ping_status":"open","sticky":false,"template":"","format":"standard","meta":{"_monsterinsights_skip_tracking":false,"_monsterinsights_sitenote_active":false,"_monsterinsights_sitenote_note":"","_monsterinsights_sitenote_category":0,"footnotes":""},"categories":[5],"tags":[],"class_list":["post"],"yoast_head":" \n<title>Sonora en Equipo. Comisi\u00f3n de Justicia del Senado aprueba la segunda terna para ministra de la SCJN Rep\u00fablica<\/title>\n<meta name=\"description\" content=\"CIUDAD DE M\u00c9XICO.MX. \u2014\u00a0 La Comisi\u00f3n de Justicia del Senado dio luz verde al dictamen que respalda la idoneidad de Lenia Batres Guadarrama, Bertha Mar\u00eda En Sonora en Equipo publicamos toda la informaci\u00f3n de Sonora, M\u00e9xico y el Mundo de manera oportuna y busca que la libertad de expresi\u00f3n sea real. Visita nuestro medio informativo publicado desde Hermosillo, Sonora. %\" \/>\n<meta name=\"robots\" content=\"index, follow, max-snippet:-1, max-image-preview:large, max-video-preview:-1\" \/>\n<link rel=\"canonical\" href=\"https:\/\/www.sonoraenequipo.com.mx\/comision-de-justicia-del-senado-aprueba-la-segunda-terna-para-ministra-de-la-scjn\/\" \/>\n<meta property=\"og:locale\" content=\"es_ES\" \/>\n<meta property=\"og:type\" content=\"article\" \/>\n<meta property=\"og:title\" content=\"Sonora en Equipo. Comisi\u00f3n de Justicia del Senado aprueba la segunda terna para ministra de la SCJN Rep\u00fablica\" \/>\n<meta property=\"og:description\" content=\"CIUDAD DE M\u00c9XICO.MX. \u2014\u00a0 La Comisi\u00f3n de Justicia del Senado dio luz verde al dictamen que respalda la idoneidad de Lenia Batres Guadarrama, Bertha Mar\u00eda En Sonora en Equipo publicamos toda la informaci\u00f3n de Sonora, M\u00e9xico y el Mundo de manera oportuna y busca que la libertad de expresi\u00f3n sea real. Visita nuestro medio informativo publicado desde Hermosillo, Sonora. %\" \/>\n<meta property=\"og:url\" content=\"https:\/\/www.sonoraenequipo.com.mx\/comision-de-justicia-del-senado-aprueba-la-segunda-terna-para-ministra-de-la-scjn\/\" \/>\n<meta property=\"og:site_name\" content=\"Sonora en Equipo.\" \/>\n<meta property=\"article:publisher\" content=\"https:\/\/www.facebook.com\/SonoraEE\/\" \/>\n<meta property=\"article:author\" content=\"https:\/\/www.facebook.com\/SonoraEE\" \/>\n<meta property=\"article:published_time\" content=\"2023-12-08T15:52:27+00:00\" \/>\n<meta property=\"article:modified_time\" content=\"2023-12-08T23:33:24+00:00\" \/>\n<meta property=\"og:image\" content=\"https:\/\/www.sonoraenequipo.com.mx\/storage\/2023\/12\/terna-aprobada-por-senado....-min.jpg\" \/>\n\t<meta property=\"og:image:width\" content=\"872\" \/>\n\t<meta property=\"og:image:height\" content=\"562\" \/>\n\t<meta property=\"og:image:type\" content=\"image\/jpeg\" \/>\n<meta name=\"author\" content=\"enequipo\" \/>\n<meta name=\"twitter:card\" content=\"summary_large_image\" \/>\n<meta name=\"twitter:creator\" content=\"@sonoraenequipo\" \/>\n<meta name=\"twitter:site\" content=\"@sonoraenequipo\" \/>\n<meta name=\"twitter:label1\" content=\"Escrito por\" \/>\n\t<meta name=\"twitter:data1\" content=\"enequipo\" \/>\n\t<meta name=\"twitter:label2\" content=\"Tiempo de lectura\" \/>\n\t<meta name=\"twitter:data2\" content=\"1 minuto\" \/>\n<script type=\"application\/ld+json\" class=\"yoast-schema-graph\">{\"@context\":\"https:\/\/schema.org\",\"@graph\":[{\"@type\":\"Article\",\"@id\":\"https:\/\/www.sonoraenequipo.com.mx\/comision-de-justicia-del-senado-aprueba-la-segunda-terna-para-ministra-de-la-scjn\/#article\",\"isPartOf\":{\"@id\":\"https:\/\/www.sonoraenequipo.com.mx\/comision-de-justicia-del-senado-aprueba-la-segunda-terna-para-ministra-de-la-scjn\/\"},\"author\":{\"name\":\"enequipo\",\"@id\":\"https:\/\/www.sonoraenequipo.com.mx\/#\/schema\/person\/50102df0fb23a8fa9e8effad8fa81386\"},\"headline\":\"Comisi\u00f3n de Justicia del Senado aprueba la segunda terna para ministra de la SCJN\",\"datePublished\":\"2023-12-08T15:52:27+00:00\",\"dateModified\":\"2023-12-08T23:33:24+00:00\",\"mainEntityOfPage\":{\"@id\":\"https:\/\/www.sonoraenequipo.com.mx\/comision-de-justicia-del-senado-aprueba-la-segunda-terna-para-ministra-de-la-scjn\/\"},\"wordCount\":162,\"commentCount\":0,\"publisher\":{\"@id\":\"https:\/\/www.sonoraenequipo.com.mx\/#organization\"},\"image\":{\"@id\":\"https:\/\/www.sonoraenequipo.com.mx\/comision-de-justicia-del-senado-aprueba-la-segunda-terna-para-ministra-de-la-scjn\/#primaryimage\"},\"thumbnailUrl\":\"https:\/\/www.sonoraenequipo.com.mx\/storage\/2023\/12\/terna-aprobada-por-senado....-min.jpg\",\"articleSection\":[\"Rep\u00fablica\"],\"inLanguage\":\"es\",\"potentialAction\":[{\"@type\":\"CommentAction\",\"name\":\"Comment\",\"target\":[\"https:\/\/www.sonoraenequipo.com.mx\/comision-de-justicia-del-senado-aprueba-la-segunda-terna-para-ministra-de-la-scjn\/#respond\"]}]},{\"@type\":\"WebPage\",\"@id\":\"https:\/\/www.sonoraenequipo.com.mx\/comision-de-justicia-del-senado-aprueba-la-segunda-terna-para-ministra-de-la-scjn\/\",\"url\":\"https:\/\/www.sonoraenequipo.com.mx\/comision-de-justicia-del-senado-aprueba-la-segunda-terna-para-ministra-de-la-scjn\/\",\"name\":\"Sonora en Equipo. Comisi\u00f3n de Justicia del Senado aprueba la segunda terna para ministra de la SCJN Rep\u00fablica\",\"isPartOf\":{\"@id\":\"https:\/\/www.sonoraenequipo.com.mx\/#website\"},\"primaryImageOfPage\":{\"@id\":\"https:\/\/www.sonoraenequipo.com.mx\/comision-de-justicia-del-senado-aprueba-la-segunda-terna-para-ministra-de-la-scjn\/#primaryimage\"},\"image\":{\"@id\":\"https:\/\/www.sonoraenequipo.com.mx\/comision-de-justicia-del-senado-aprueba-la-segunda-terna-para-ministra-de-la-scjn\/#primaryimage\"},\"thumbnailUrl\":\"https:\/\/www.sonoraenequipo.com.mx\/storage\/2023\/12\/terna-aprobada-por-senado....-min.jpg\",\"datePublished\":\"2023-12-08T15:52:27+00:00\",\"dateModified\":\"2023-12-08T23:33:24+00:00\",\"description\":\"CIUDAD DE M\u00c9XICO.MX. \u2014\u00a0 La Comisi\u00f3n de Justicia del Senado dio luz verde al dictamen que respalda la idoneidad de Lenia Batres Guadarrama, Bertha Mar\u00eda En Sonora en Equipo publicamos toda la informaci\u00f3n de Sonora, M\u00e9xico y el Mundo de manera oportuna y busca que la libertad de expresi\u00f3n sea real. Visita nuestro medio informativo publicado desde Hermosillo, Sonora. %\",\"breadcrumb\":{\"@id\":\"https:\/\/www.sonoraenequipo.com.mx\/comision-de-justicia-del-senado-aprueba-la-segunda-terna-para-ministra-de-la-scjn\/#breadcrumb\"},\"inLanguage\":\"es\",\"potentialAction\":[{\"@type\":\"ReadAction\",\"target\":[\"https:\/\/www.sonoraenequipo.com.mx\/comision-de-justicia-del-senado-aprueba-la-segunda-terna-para-ministra-de-la-scjn\/\"]}]},{\"@type\":\"ImageObject\",\"inLanguage\":\"es\",\"@id\":\"https:\/\/www.sonoraenequipo.com.mx\/comision-de-justicia-del-senado-aprueba-la-segunda-terna-para-ministra-de-la-scjn\/#primaryimage\",\"url\":\"https:\/\/www.sonoraenequipo.com.mx\/storage\/2023\/12\/terna-aprobada-por-senado....-min.jpg\",\"contentUrl\":\"https:\/\/www.sonoraenequipo.com.mx\/storage\/2023\/12\/terna-aprobada-por-senado....-min.jpg\",\"width\":872,\"height\":562},{\"@type\":\"BreadcrumbList\",\"@id\":\"https:\/\/www.sonoraenequipo.com.mx\/comision-de-justicia-del-senado-aprueba-la-segunda-terna-para-ministra-de-la-scjn\/#breadcrumb\",\"itemListElement\":[{\"@type\":\"ListItem\",\"position\":1,\"name\":\"Portada\",\"item\":\"https:\/\/www.sonoraenequipo.com.mx\/\"},{\"@type\":\"ListItem\",\"position\":2,\"name\":\"Comisi\u00f3n de Justicia del Senado aprueba la segunda terna para ministra de la SCJN\"}]},{\"@type\":\"WebSite\",\"@id\":\"https:\/\/www.sonoraenequipo.com.mx\/#website\",\"url\":\"https:\/\/www.sonoraenequipo.com.mx\/\",\"name\":\"Sonora en Equipo.\",\"description\":\"Diario en l\u00ednea con Noticias desde Hermosillo, Sonora\",\"publisher\":{\"@id\":\"https:\/\/www.sonoraenequipo.com.mx\/#organization\"},\"potentialAction\":[{\"@type\":\"SearchAction\",\"target\":{\"@type\":\"EntryPoint\",\"urlTemplate\":\"https:\/\/www.sonoraenequipo.com.mx\/?s={search_term_string}\"},\"query-input\":{\"@type\":\"PropertyValueSpecification\",\"valueRequired\":true,\"valueName\":\"search_term_string\"}}],\"inLanguage\":\"es\"},{\"@type\":\"Organization\",\"@id\":\"https:\/\/www.sonoraenequipo.com.mx\/#organization\",\"name\":\"Sonoraenequipo.com.mx\",\"url\":\"https:\/\/www.sonoraenequipo.com.mx\/\",\"logo\":{\"@type\":\"ImageObject\",\"inLanguage\":\"es\",\"@id\":\"https:\/\/www.sonoraenequipo.com.mx\/#\/schema\/logo\/image\/\",\"url\":\"https:\/\/www.sonoraenequipo.com.mx\/storage\/2019\/01\/sonoraenequipo_opt.png\",\"contentUrl\":\"https:\/\/www.sonoraenequipo.com.mx\/storage\/2019\/01\/sonoraenequipo_opt.png\",\"width\":375,\"height\":125,\"caption\":\"Sonoraenequipo.com.mx\"},\"image\":{\"@id\":\"https:\/\/www.sonoraenequipo.com.mx\/#\/schema\/logo\/image\/\"},\"sameAs\":[\"https:\/\/www.facebook.com\/SonoraEE\/\",\"https:\/\/x.com\/sonoraenequipo\",\"https:\/\/www.youtube.com\/channel\/UC338nW-lPEYmJQs4ZABQ1SQ\"]},{\"@type\":\"Person\",\"@id\":\"https:\/\/www.sonoraenequipo.com.mx\/#\/schema\/person\/50102df0fb23a8fa9e8effad8fa81386\",\"name\":\"enequipo\",\"image\":{\"@type\":\"ImageObject\",\"inLanguage\":\"es\",\"@id\":\"https:\/\/www.sonoraenequipo.com.mx\/#\/schema\/person\/image\/\",\"url\":\"https:\/\/secure.gravatar.com\/avatar\/049821681b589dabc0bc20695993ccebb09f5b5d4d790cd9251b97faac7c652b?s=96&d=blank&r=g\",\"contentUrl\":\"https:\/\/secure.gravatar.com\/avatar\/049821681b589dabc0bc20695993ccebb09f5b5d4d790cd9251b97faac7c652b?s=96&d=blank&r=g\",\"caption\":\"enequipo\"},\"sameAs\":[\"https:\/\/www.facebook.com\/SonoraEE\"]}]}<\/script>\n ","yoast_head_json":{"title":"Sonora en Equipo. Comisi\u00f3n de Justicia del Senado aprueba la segunda terna para ministra de la SCJN Rep\u00fablica","description":"CIUDAD DE M\u00c9XICO.MX. \u2014\u00a0 La Comisi\u00f3n de Justicia del Senado dio luz verde al dictamen que respalda la idoneidad de Lenia Batres Guadarrama, Bertha Mar\u00eda En Sonora en Equipo publicamos toda la informaci\u00f3n de Sonora, M\u00e9xico y el Mundo de manera oportuna y busca que la libertad de expresi\u00f3n sea real. Visita nuestro medio informativo publicado desde Hermosillo, Sonora. %","robots":{"index":"index","follow":"follow","max-snippet":"max-snippet:-1","max-image-preview":"max-image-preview:large","max-video-preview":"max-video-preview:-1"},"canonical":"https:\/\/www.sonoraenequipo.com.mx\/comision-de-justicia-del-senado-aprueba-la-segunda-terna-para-ministra-de-la-scjn\/","og_locale":"es_ES","og_type":"article","og_title":"Sonora en Equipo. Comisi\u00f3n de Justicia del Senado aprueba la segunda terna para ministra de la SCJN Rep\u00fablica","og_description":"CIUDAD DE M\u00c9XICO.MX. \u2014\u00a0 La Comisi\u00f3n de Justicia del Senado dio luz verde al dictamen que respalda la idoneidad de Lenia Batres Guadarrama, Bertha Mar\u00eda En Sonora en Equipo publicamos toda la informaci\u00f3n de Sonora, M\u00e9xico y el Mundo de manera oportuna y busca que la libertad de expresi\u00f3n sea real. Visita nuestro medio informativo publicado desde Hermosillo, Sonora. %","og_url":"https:\/\/www.sonoraenequipo.com.mx\/comision-de-justicia-del-senado-aprueba-la-segunda-terna-para-ministra-de-la-scjn\/","og_site_name":"Sonora en Equipo.","article_publisher":"https:\/\/www.facebook.com\/SonoraEE\/","article_author":"https:\/\/www.facebook.com\/SonoraEE","article_published_time":"2023-12-08T15:52:27+00:00","article_modified_time":"2023-12-08T23:33:24+00:00","og_image":[{"width":872,"height":562,"url":"https:\/\/www.sonoraenequipo.com.mx\/storage\/2023\/12\/terna-aprobada-por-senado....-min.jpg","type":"image\/jpeg"}],"author":"enequipo","twitter_card":"summary_large_image","twitter_creator":"@sonoraenequipo","twitter_site":"@sonoraenequipo","twitter_misc":{"Escrito por":"enequipo","Tiempo de lectura":"1 minuto"},"schema":{"@context":"https:\/\/schema.org","@graph":[{"@type":"Article","@id":"https:\/\/www.sonoraenequipo.com.mx\/comision-de-justicia-del-senado-aprueba-la-segunda-terna-para-ministra-de-la-scjn\/#article","isPartOf":{"@id":"https:\/\/www.sonoraenequipo.com.mx\/comision-de-justicia-del-senado-aprueba-la-segunda-terna-para-ministra-de-la-scjn\/"},"author":{"name":"enequipo","@id":"https:\/\/www.sonoraenequipo.com.mx\/#\/schema\/person\/50102df0fb23a8fa9e8effad8fa81386"},"headline":"Comisi\u00f3n de Justicia del Senado aprueba la segunda terna para ministra de la SCJN","datePublished":"2023-12-08T15:52:27+00:00","dateModified":"2023-12-08T23:33:24+00:00","mainEntityOfPage":{"@id":"https:\/\/www.sonoraenequipo.com.mx\/comision-de-justicia-del-senado-aprueba-la-segunda-terna-para-ministra-de-la-scjn\/"},"wordCount":162,"commentCount":0,"publisher":{"@id":"https:\/\/www.sonoraenequipo.com.mx\/#organization"},"image":{"@id":"https:\/\/www.sonoraenequipo.com.mx\/comision-de-justicia-del-senado-aprueba-la-segunda-terna-para-ministra-de-la-scjn\/#primaryimage"},"thumbnailUrl":"https:\/\/www.sonoraenequipo.com.mx\/storage\/2023\/12\/terna-aprobada-por-senado....-min.jpg","articleSection":["Rep\u00fablica"],"inLanguage":"es","potentialAction":[{"@type":"CommentAction","name":"Comment","target":["https:\/\/www.sonoraenequipo.com.mx\/comision-de-justicia-del-senado-aprueba-la-segunda-terna-para-ministra-de-la-scjn\/#respond"]}]},{"@type":"WebPage","@id":"https:\/\/www.sonoraenequipo.com.mx\/comision-de-justicia-del-senado-aprueba-la-segunda-terna-para-ministra-de-la-scjn\/","url":"https:\/\/www.sonoraenequipo.com.mx\/comision-de-justicia-del-senado-aprueba-la-segunda-terna-para-ministra-de-la-scjn\/","name":"Sonora en Equipo. Comisi\u00f3n de Justicia del Senado aprueba la segunda terna para ministra de la SCJN Rep\u00fablica","isPartOf":{"@id":"https:\/\/www.sonoraenequipo.com.mx\/#website"},"primaryImageOfPage":{"@id":"https:\/\/www.sonoraenequipo.com.mx\/comision-de-justicia-del-senado-aprueba-la-segunda-terna-para-ministra-de-la-scjn\/#primaryimage"},"image":{"@id":"https:\/\/www.sonoraenequipo.com.mx\/comision-de-justicia-del-senado-aprueba-la-segunda-terna-para-ministra-de-la-scjn\/#primaryimage"},"thumbnailUrl":"https:\/\/www.sonoraenequipo.com.mx\/storage\/2023\/12\/terna-aprobada-por-senado....-min.jpg","datePublished":"2023-12-08T15:52:27+00:00","dateModified":"2023-12-08T23:33:24+00:00","description":"CIUDAD DE M\u00c9XICO.MX. \u2014\u00a0 La Comisi\u00f3n de Justicia del Senado dio luz verde al dictamen que respalda la idoneidad de Lenia Batres Guadarrama, Bertha Mar\u00eda En Sonora en Equipo publicamos toda la informaci\u00f3n de Sonora, M\u00e9xico y el Mundo de manera oportuna y busca que la libertad de expresi\u00f3n sea real. Visita nuestro medio informativo publicado desde Hermosillo, Sonora. %","breadcrumb":{"@id":"https:\/\/www.sonoraenequipo.com.mx\/comision-de-justicia-del-senado-aprueba-la-segunda-terna-para-ministra-de-la-scjn\/#breadcrumb"},"inLanguage":"es","potentialAction":[{"@type":"ReadAction","target":["https:\/\/www.sonoraenequipo.com.mx\/comision-de-justicia-del-senado-aprueba-la-segunda-terna-para-ministra-de-la-scjn\/"]}]},{"@type":"ImageObject","inLanguage":"es","@id":"https:\/\/www.sonoraenequipo.com.mx\/comision-de-justicia-del-senado-aprueba-la-segunda-terna-para-ministra-de-la-scjn\/#primaryimage","url":"https:\/\/www.sonoraenequipo.com.mx\/storage\/2023\/12\/terna-aprobada-por-senado....-min.jpg","contentUrl":"https:\/\/www.sonoraenequipo.com.mx\/storage\/2023\/12\/terna-aprobada-por-senado....-min.jpg","width":872,"height":562},{"@type":"BreadcrumbList","@id":"https:\/\/www.sonoraenequipo.com.mx\/comision-de-justicia-del-senado-aprueba-la-segunda-terna-para-ministra-de-la-scjn\/#breadcrumb","itemListElement":[{"@type":"ListItem","position":1,"name":"Portada","item":"https:\/\/www.sonoraenequipo.com.mx\/"},{"@type":"ListItem","position":2,"name":"Comisi\u00f3n de Justicia del Senado aprueba la segunda terna para ministra de la SCJN"}]},{"@type":"WebSite","@id":"https:\/\/www.sonoraenequipo.com.mx\/#website","url":"https:\/\/www.sonoraenequipo.com.mx\/","name":"Sonora en Equipo.","description":"Diario en l\u00ednea con Noticias desde Hermosillo, Sonora","publisher":{"@id":"https:\/\/www.sonoraenequipo.com.mx\/#organization"},"potentialAction":[{"@type":"SearchAction","target":{"@type":"EntryPoint","urlTemplate":"https:\/\/www.sonoraenequipo.com.mx\/?s={search_term_string}"},"query-input":{"@type":"PropertyValueSpecification","valueRequired":true,"valueName":"search_term_string"}}],"inLanguage":"es"},{"@type":"Organization","@id":"https:\/\/www.sonoraenequipo.com.mx\/#organization","name":"Sonoraenequipo.com.mx","url":"https:\/\/www.sonoraenequipo.com.mx\/","logo":{"@type":"ImageObject","inLanguage":"es","@id":"https:\/\/www.sonoraenequipo.com.mx\/#\/schema\/logo\/image\/","url":"https:\/\/www.sonoraenequipo.com.mx\/storage\/2019\/01\/sonoraenequipo_opt.png","contentUrl":"https:\/\/www.sonoraenequipo.com.mx\/storage\/2019\/01\/sonoraenequipo_opt.png","width":375,"height":125,"caption":"Sonoraenequipo.com.mx"},"image":{"@id":"https:\/\/www.sonoraenequipo.com.mx\/#\/schema\/logo\/image\/"},"sameAs":["https:\/\/www.facebook.com\/SonoraEE\/","https:\/\/x.com\/sonoraenequipo","https:\/\/www.youtube.com\/channel\/UC338nW-lPEYmJQs4ZABQ1SQ"]},{"@type":"Person","@id":"https:\/\/www.sonoraenequipo.com.mx\/#\/schema\/person\/50102df0fb23a8fa9e8effad8fa81386","name":"enequipo","image":{"@type":"ImageObject","inLanguage":"es","@id":"https:\/\/www.sonoraenequipo.com.mx\/#\/schema\/person\/image\/","url":"https:\/\/secure.gravatar.com\/avatar\/049821681b589dabc0bc20695993ccebb09f5b5d4d790cd9251b97faac7c652b?s=96&d=blank&r=g","contentUrl":"https:\/\/secure.gravatar.com\/avatar\/049821681b589dabc0bc20695993ccebb09f5b5d4d790cd9251b97faac7c652b?s=96&d=blank&r=g","caption":"enequipo"},"sameAs":["https:\/\/www.facebook.com\/SonoraEE"]}]}},"jetpack_featured_media_url":"https:\/\/www.sonoraenequipo.com.mx\/storage\/2023\/12\/terna-aprobada-por-senado....-min.jpg","_links":{"self":[{"href":"https:\/\/www.sonoraenequipo.com.mx\/api\/wp\/v2\/posts\/180654","targetHints":{"allow":["GET"]}}],"collection":[{"href":"https:\/\/www.sonoraenequipo.com.mx\/api\/wp\/v2\/posts"}],"about":[{"href":"https:\/\/www.sonoraenequipo.com.mx\/api\/wp\/v2\/types\/post"}],"author":[{"embeddable":true,"href":"https:\/\/www.sonoraenequipo.com.mx\/api\/wp\/v2\/users\/1"}],"replies":[{"embeddable":true,"href":"https:\/\/www.sonoraenequipo.com.mx\/api\/wp\/v2\/comments?post=180654"}],"version-history":[{"count":1,"href":"https:\/\/www.sonoraenequipo.com.mx\/api\/wp\/v2\/posts\/180654\/revisions"}],"predecessor-version":[{"id":180660,"href":"https:\/\/www.sonoraenequipo.com.mx\/api\/wp\/v2\/posts\/180654\/revisions\/180660"}],"wp:featuredmedia":[{"embeddable":true,"href":"https:\/\/www.sonoraenequipo.com.mx\/api\/wp\/v2\/media\/180625"}],"wp:attachment":[{"href":"https:\/\/www.sonoraenequipo.com.mx\/api\/wp\/v2\/media?parent=180654"}],"wp:term":[{"taxonomy":"category","embeddable":true,"href":"https:\/\/www.sonoraenequipo.com.mx\/api\/wp\/v2\/categories?post=180654"},{"taxonomy":"post_tag","embeddable":true,"href":"https:\/\/www.sonoraenequipo.com.mx\/api\/wp\/v2\/tags?post=180654"}],"curies":[{"name":"wp","href":"https:\/\/api.w.org\/{rel}","templated":true}]}}