{"id":181382,"date":"2024-01-02T18:00:55","date_gmt":"2024-01-03T01:00:55","guid":{"rendered":"https:\/\/www.sonoraenequipo.com.mx\/?p=181382"},"modified":"2024-01-02T18:00:55","modified_gmt":"2024-01-03T01:00:55","slug":"capturan-en-slrc-a-presuntos-homicidas-profugos-de-baja-california","status":"publish","type":"post","link":"https:\/\/www.sonoraenequipo.com.mx\/capturan-en-slrc-a-presuntos-homicidas-profugos-de-baja-california\/","title":{"rendered":"Capturan en SLRC \u00a0a presuntos homicidas pr\u00f3fugos de Baja California"},"content":{"rendered":"<p><strong>SAN LUIS R\u00cdO COLORADO, SONORA,MX.<\/strong><strong>\u02d7\u02d7\u02d7<\/strong> \u00a0\u00a0Elementos de la Agencia Ministerial de Investigaci\u00f3n Criminal (AMIC) en auxilio de la Fiscal\u00eda General de Justicia de Baja California (BC) (FGEBC), lograron la captura de dos hombres por su probable responsabilidad por un homicidio ocurrido en el a\u00f1o 2022 en el mencionado estado vecino.<\/p>\n<p>&nbsp;<\/p>\n<p>Dicha captura se realiz\u00f3 en auxilio de la FGEBC para dar cumplimiento al mandato judicial emitido por un juez de Baja California en el que se ordenaba la detenci\u00f3n de quienes responden a los nombres de Jahir Omar \u201cN\u201d y Juan Francisco \u201cN\u201d, de 21 y 39 a\u00f1os, respectivamente.<\/p>\n<p>&nbsp;<\/p>\n<p>Tras una serie de investigaciones y colaboraci\u00f3n entre ambas agencias, se logr\u00f3 determinar que ambos sujetos se ocultaban en el municipio de San Luis R\u00edo Colorado, Sonora (SLRC), por lo que se efectuaron las labores respectivas para su detenci\u00f3n.<\/p>\n<p>&nbsp;<\/p>\n<p>De esta forma, el pasado 28 de diciembre la orden de aprehensi\u00f3n contra Juan Francisco \u201cN\u201d se ejecut\u00f3 a las 11:30 horas en un camino de terracer\u00eda en las inmediaciones de El Ejido Lagunitas, mientras que Jahir Omar \u201cN\u201d qued\u00f3 detenido a las 11:55 horas, siendo capturado en las calles 8 y Obreg\u00f3n de El Ejido ya mencionado, correspondiente a San Luis R\u00edo Colorado, Sonora.<\/p>\n<p>&nbsp;<\/p>\n<p>Tras su captura, ambos sujetos fueron entregados para su traslado y custodia a agentes ministeriales de Baja California, quienes los turnar\u00e1n ante la autoridad judicial que los requiere en ese estado.<\/p>\n<p>&nbsp;<\/p>\n<p>La Fiscal\u00eda General de Justicia del Estado de Sonora (FGJES) reitera de esta forma su compromiso con la colaboraci\u00f3n interinstitucional, para futuras acciones de investigaci\u00f3n y captura, pues Sonora no es ni ser\u00e1 refugio de criminales.<\/p>\n<p><strong>Fecha de publicaci\u00f3n martes 2 de enero de 2024<\/strong><\/p>\n","protected":false},"excerpt":{"rendered":"<p>SAN LUIS R\u00cdO COLORADO, SONORA,MX.\u02d7\u02d7\u02d7 \u00a0\u00a0Elementos de la Agencia Ministerial de Investigaci\u00f3n Criminal (AMIC) en&#8230;<\/p>\n","protected":false},"author":1,"featured_media":178327,"comment_status":"open","ping_status":"open","sticky":false,"template":"","format":"standard","meta":{"_monsterinsights_skip_tracking":false,"_monsterinsights_sitenote_active":false,"_monsterinsights_sitenote_note":"","_monsterinsights_sitenote_category":0,"footnotes":""},"categories":[3144],"tags":[3693,299,7406],"class_list":["post"],"yoast_head":" \n<title>Sonora en Equipo. Capturan en SLRC \u00a0a presuntos homicidas pr\u00f3fugos de Baja California Polic\u00edaca<\/title>\n<meta name=\"description\" content=\"SAN LUIS R\u00cdO COLORADO, SONORA,MX.\u02d7\u02d7\u02d7 \u00a0\u00a0Elementos de la Agencia Ministerial de Investigaci\u00f3n Criminal (AMIC) en auxilio de la Fiscal\u00eda General de Justicia En Sonora en Equipo publicamos toda la informaci\u00f3n de Sonora, M\u00e9xico y el Mundo de manera oportuna y busca que la libertad de expresi\u00f3n sea real. Visita nuestro medio informativo publicado desde Hermosillo, Sonora. %\" \/>\n<meta name=\"robots\" content=\"index, follow, max-snippet:-1, max-image-preview:large, max-video-preview:-1\" \/>\n<link rel=\"canonical\" href=\"https:\/\/www.sonoraenequipo.com.mx\/capturan-en-slrc-a-presuntos-homicidas-profugos-de-baja-california\/\" \/>\n<meta property=\"og:locale\" content=\"es_ES\" \/>\n<meta property=\"og:type\" content=\"article\" \/>\n<meta property=\"og:title\" content=\"Sonora en Equipo. Capturan en SLRC \u00a0a presuntos homicidas pr\u00f3fugos de Baja California Polic\u00edaca\" \/>\n<meta property=\"og:description\" content=\"SAN LUIS R\u00cdO COLORADO, SONORA,MX.\u02d7\u02d7\u02d7 \u00a0\u00a0Elementos de la Agencia Ministerial de Investigaci\u00f3n Criminal (AMIC) en auxilio de la Fiscal\u00eda General de Justicia En Sonora en Equipo publicamos toda la informaci\u00f3n de Sonora, M\u00e9xico y el Mundo de manera oportuna y busca que la libertad de expresi\u00f3n sea real. Visita nuestro medio informativo publicado desde Hermosillo, Sonora. %\" \/>\n<meta property=\"og:url\" content=\"https:\/\/www.sonoraenequipo.com.mx\/capturan-en-slrc-a-presuntos-homicidas-profugos-de-baja-california\/\" \/>\n<meta property=\"og:site_name\" content=\"Sonora en Equipo.\" \/>\n<meta property=\"article:publisher\" content=\"https:\/\/www.facebook.com\/SonoraEE\/\" \/>\n<meta property=\"article:author\" content=\"https:\/\/www.facebook.com\/SonoraEE\" \/>\n<meta property=\"article:published_time\" content=\"2024-01-03T01:00:55+00:00\" \/>\n<meta property=\"og:image\" content=\"https:\/\/www.sonoraenequipo.com.mx\/storage\/2023\/11\/logo-fgjes.jpg\" \/>\n\t<meta property=\"og:image:width\" content=\"900\" \/>\n\t<meta property=\"og:image:height\" content=\"600\" \/>\n\t<meta property=\"og:image:type\" content=\"image\/jpeg\" \/>\n<meta name=\"author\" content=\"enequipo\" \/>\n<meta name=\"twitter:card\" content=\"summary_large_image\" \/>\n<meta name=\"twitter:creator\" content=\"@sonoraenequipo\" \/>\n<meta name=\"twitter:site\" content=\"@sonoraenequipo\" \/>\n<meta name=\"twitter:label1\" content=\"Escrito por\" \/>\n\t<meta name=\"twitter:data1\" content=\"enequipo\" \/>\n\t<meta name=\"twitter:label2\" content=\"Tiempo de lectura\" \/>\n\t<meta name=\"twitter:data2\" content=\"1 minuto\" \/>\n<script type=\"application\/ld+json\" class=\"yoast-schema-graph\">{\"@context\":\"https:\/\/schema.org\",\"@graph\":[{\"@type\":\"Article\",\"@id\":\"https:\/\/www.sonoraenequipo.com.mx\/capturan-en-slrc-a-presuntos-homicidas-profugos-de-baja-california\/#article\",\"isPartOf\":{\"@id\":\"https:\/\/www.sonoraenequipo.com.mx\/capturan-en-slrc-a-presuntos-homicidas-profugos-de-baja-california\/\"},\"author\":{\"name\":\"enequipo\",\"@id\":\"https:\/\/www.sonoraenequipo.com.mx\/#\/schema\/person\/50102df0fb23a8fa9e8effad8fa81386\"},\"headline\":\"Capturan en SLRC \u00a0a presuntos homicidas pr\u00f3fugos de Baja California\",\"datePublished\":\"2024-01-03T01:00:55+00:00\",\"mainEntityOfPage\":{\"@id\":\"https:\/\/www.sonoraenequipo.com.mx\/capturan-en-slrc-a-presuntos-homicidas-profugos-de-baja-california\/\"},\"wordCount\":305,\"commentCount\":0,\"publisher\":{\"@id\":\"https:\/\/www.sonoraenequipo.com.mx\/#organization\"},\"image\":{\"@id\":\"https:\/\/www.sonoraenequipo.com.mx\/capturan-en-slrc-a-presuntos-homicidas-profugos-de-baja-california\/#primaryimage\"},\"thumbnailUrl\":\"https:\/\/www.sonoraenequipo.com.mx\/storage\/2023\/11\/logo-fgjes.jpg\",\"keywords\":[\"BC\",\"inseguridad\",\"slrc\"],\"articleSection\":[\"Polic\u00edaca\"],\"inLanguage\":\"es\",\"potentialAction\":[{\"@type\":\"CommentAction\",\"name\":\"Comment\",\"target\":[\"https:\/\/www.sonoraenequipo.com.mx\/capturan-en-slrc-a-presuntos-homicidas-profugos-de-baja-california\/#respond\"]}]},{\"@type\":\"WebPage\",\"@id\":\"https:\/\/www.sonoraenequipo.com.mx\/capturan-en-slrc-a-presuntos-homicidas-profugos-de-baja-california\/\",\"url\":\"https:\/\/www.sonoraenequipo.com.mx\/capturan-en-slrc-a-presuntos-homicidas-profugos-de-baja-california\/\",\"name\":\"Sonora en Equipo. Capturan en SLRC \u00a0a presuntos homicidas pr\u00f3fugos de Baja California Polic\u00edaca\",\"isPartOf\":{\"@id\":\"https:\/\/www.sonoraenequipo.com.mx\/#website\"},\"primaryImageOfPage\":{\"@id\":\"https:\/\/www.sonoraenequipo.com.mx\/capturan-en-slrc-a-presuntos-homicidas-profugos-de-baja-california\/#primaryimage\"},\"image\":{\"@id\":\"https:\/\/www.sonoraenequipo.com.mx\/capturan-en-slrc-a-presuntos-homicidas-profugos-de-baja-california\/#primaryimage\"},\"thumbnailUrl\":\"https:\/\/www.sonoraenequipo.com.mx\/storage\/2023\/11\/logo-fgjes.jpg\",\"datePublished\":\"2024-01-03T01:00:55+00:00\",\"description\":\"SAN LUIS R\u00cdO COLORADO, SONORA,MX.\u02d7\u02d7\u02d7 \u00a0\u00a0Elementos de la Agencia Ministerial de Investigaci\u00f3n Criminal (AMIC) en auxilio de la Fiscal\u00eda General de Justicia En Sonora en Equipo publicamos toda la informaci\u00f3n de Sonora, M\u00e9xico y el Mundo de manera oportuna y busca que la libertad de expresi\u00f3n sea real. Visita nuestro medio informativo publicado desde Hermosillo, Sonora. %\",\"breadcrumb\":{\"@id\":\"https:\/\/www.sonoraenequipo.com.mx\/capturan-en-slrc-a-presuntos-homicidas-profugos-de-baja-california\/#breadcrumb\"},\"inLanguage\":\"es\",\"potentialAction\":[{\"@type\":\"ReadAction\",\"target\":[\"https:\/\/www.sonoraenequipo.com.mx\/capturan-en-slrc-a-presuntos-homicidas-profugos-de-baja-california\/\"]}]},{\"@type\":\"ImageObject\",\"inLanguage\":\"es\",\"@id\":\"https:\/\/www.sonoraenequipo.com.mx\/capturan-en-slrc-a-presuntos-homicidas-profugos-de-baja-california\/#primaryimage\",\"url\":\"https:\/\/www.sonoraenequipo.com.mx\/storage\/2023\/11\/logo-fgjes.jpg\",\"contentUrl\":\"https:\/\/www.sonoraenequipo.com.mx\/storage\/2023\/11\/logo-fgjes.jpg\",\"width\":900,\"height\":600},{\"@type\":\"BreadcrumbList\",\"@id\":\"https:\/\/www.sonoraenequipo.com.mx\/capturan-en-slrc-a-presuntos-homicidas-profugos-de-baja-california\/#breadcrumb\",\"itemListElement\":[{\"@type\":\"ListItem\",\"position\":1,\"name\":\"Portada\",\"item\":\"https:\/\/www.sonoraenequipo.com.mx\/\"},{\"@type\":\"ListItem\",\"position\":2,\"name\":\"Capturan en SLRC \u00a0a presuntos homicidas pr\u00f3fugos de Baja California\"}]},{\"@type\":\"WebSite\",\"@id\":\"https:\/\/www.sonoraenequipo.com.mx\/#website\",\"url\":\"https:\/\/www.sonoraenequipo.com.mx\/\",\"name\":\"Sonora en Equipo.\",\"description\":\"Diario en l\u00ednea con Noticias desde Hermosillo, Sonora\",\"publisher\":{\"@id\":\"https:\/\/www.sonoraenequipo.com.mx\/#organization\"},\"potentialAction\":[{\"@type\":\"SearchAction\",\"target\":{\"@type\":\"EntryPoint\",\"urlTemplate\":\"https:\/\/www.sonoraenequipo.com.mx\/?s={search_term_string}\"},\"query-input\":{\"@type\":\"PropertyValueSpecification\",\"valueRequired\":true,\"valueName\":\"search_term_string\"}}],\"inLanguage\":\"es\"},{\"@type\":\"Organization\",\"@id\":\"https:\/\/www.sonoraenequipo.com.mx\/#organization\",\"name\":\"Sonoraenequipo.com.mx\",\"url\":\"https:\/\/www.sonoraenequipo.com.mx\/\",\"logo\":{\"@type\":\"ImageObject\",\"inLanguage\":\"es\",\"@id\":\"https:\/\/www.sonoraenequipo.com.mx\/#\/schema\/logo\/image\/\",\"url\":\"https:\/\/www.sonoraenequipo.com.mx\/storage\/2019\/01\/sonoraenequipo_opt.png\",\"contentUrl\":\"https:\/\/www.sonoraenequipo.com.mx\/storage\/2019\/01\/sonoraenequipo_opt.png\",\"width\":375,\"height\":125,\"caption\":\"Sonoraenequipo.com.mx\"},\"image\":{\"@id\":\"https:\/\/www.sonoraenequipo.com.mx\/#\/schema\/logo\/image\/\"},\"sameAs\":[\"https:\/\/www.facebook.com\/SonoraEE\/\",\"https:\/\/x.com\/sonoraenequipo\",\"https:\/\/www.youtube.com\/channel\/UC338nW-lPEYmJQs4ZABQ1SQ\"]},{\"@type\":\"Person\",\"@id\":\"https:\/\/www.sonoraenequipo.com.mx\/#\/schema\/person\/50102df0fb23a8fa9e8effad8fa81386\",\"name\":\"enequipo\",\"image\":{\"@type\":\"ImageObject\",\"inLanguage\":\"es\",\"@id\":\"https:\/\/www.sonoraenequipo.com.mx\/#\/schema\/person\/image\/\",\"url\":\"https:\/\/secure.gravatar.com\/avatar\/049821681b589dabc0bc20695993ccebb09f5b5d4d790cd9251b97faac7c652b?s=96&d=blank&r=g\",\"contentUrl\":\"https:\/\/secure.gravatar.com\/avatar\/049821681b589dabc0bc20695993ccebb09f5b5d4d790cd9251b97faac7c652b?s=96&d=blank&r=g\",\"caption\":\"enequipo\"},\"sameAs\":[\"https:\/\/www.facebook.com\/SonoraEE\"]}]}<\/script>\n ","yoast_head_json":{"title":"Sonora en Equipo. Capturan en SLRC \u00a0a presuntos homicidas pr\u00f3fugos de Baja California Polic\u00edaca","description":"SAN LUIS R\u00cdO COLORADO, SONORA,MX.\u02d7\u02d7\u02d7 \u00a0\u00a0Elementos de la Agencia Ministerial de Investigaci\u00f3n Criminal (AMIC) en auxilio de la Fiscal\u00eda General de Justicia En Sonora en Equipo publicamos toda la informaci\u00f3n de Sonora, M\u00e9xico y el Mundo de manera oportuna y busca que la libertad de expresi\u00f3n sea real. Visita nuestro medio informativo publicado desde Hermosillo, Sonora. %","robots":{"index":"index","follow":"follow","max-snippet":"max-snippet:-1","max-image-preview":"max-image-preview:large","max-video-preview":"max-video-preview:-1"},"canonical":"https:\/\/www.sonoraenequipo.com.mx\/capturan-en-slrc-a-presuntos-homicidas-profugos-de-baja-california\/","og_locale":"es_ES","og_type":"article","og_title":"Sonora en Equipo. Capturan en SLRC \u00a0a presuntos homicidas pr\u00f3fugos de Baja California Polic\u00edaca","og_description":"SAN LUIS R\u00cdO COLORADO, SONORA,MX.\u02d7\u02d7\u02d7 \u00a0\u00a0Elementos de la Agencia Ministerial de Investigaci\u00f3n Criminal (AMIC) en auxilio de la Fiscal\u00eda General de Justicia En Sonora en Equipo publicamos toda la informaci\u00f3n de Sonora, M\u00e9xico y el Mundo de manera oportuna y busca que la libertad de expresi\u00f3n sea real. Visita nuestro medio informativo publicado desde Hermosillo, Sonora. %","og_url":"https:\/\/www.sonoraenequipo.com.mx\/capturan-en-slrc-a-presuntos-homicidas-profugos-de-baja-california\/","og_site_name":"Sonora en Equipo.","article_publisher":"https:\/\/www.facebook.com\/SonoraEE\/","article_author":"https:\/\/www.facebook.com\/SonoraEE","article_published_time":"2024-01-03T01:00:55+00:00","og_image":[{"width":900,"height":600,"url":"https:\/\/www.sonoraenequipo.com.mx\/storage\/2023\/11\/logo-fgjes.jpg","type":"image\/jpeg"}],"author":"enequipo","twitter_card":"summary_large_image","twitter_creator":"@sonoraenequipo","twitter_site":"@sonoraenequipo","twitter_misc":{"Escrito por":"enequipo","Tiempo de lectura":"1 minuto"},"schema":{"@context":"https:\/\/schema.org","@graph":[{"@type":"Article","@id":"https:\/\/www.sonoraenequipo.com.mx\/capturan-en-slrc-a-presuntos-homicidas-profugos-de-baja-california\/#article","isPartOf":{"@id":"https:\/\/www.sonoraenequipo.com.mx\/capturan-en-slrc-a-presuntos-homicidas-profugos-de-baja-california\/"},"author":{"name":"enequipo","@id":"https:\/\/www.sonoraenequipo.com.mx\/#\/schema\/person\/50102df0fb23a8fa9e8effad8fa81386"},"headline":"Capturan en SLRC \u00a0a presuntos homicidas pr\u00f3fugos de Baja California","datePublished":"2024-01-03T01:00:55+00:00","mainEntityOfPage":{"@id":"https:\/\/www.sonoraenequipo.com.mx\/capturan-en-slrc-a-presuntos-homicidas-profugos-de-baja-california\/"},"wordCount":305,"commentCount":0,"publisher":{"@id":"https:\/\/www.sonoraenequipo.com.mx\/#organization"},"image":{"@id":"https:\/\/www.sonoraenequipo.com.mx\/capturan-en-slrc-a-presuntos-homicidas-profugos-de-baja-california\/#primaryimage"},"thumbnailUrl":"https:\/\/www.sonoraenequipo.com.mx\/storage\/2023\/11\/logo-fgjes.jpg","keywords":["BC","inseguridad","slrc"],"articleSection":["Polic\u00edaca"],"inLanguage":"es","potentialAction":[{"@type":"CommentAction","name":"Comment","target":["https:\/\/www.sonoraenequipo.com.mx\/capturan-en-slrc-a-presuntos-homicidas-profugos-de-baja-california\/#respond"]}]},{"@type":"WebPage","@id":"https:\/\/www.sonoraenequipo.com.mx\/capturan-en-slrc-a-presuntos-homicidas-profugos-de-baja-california\/","url":"https:\/\/www.sonoraenequipo.com.mx\/capturan-en-slrc-a-presuntos-homicidas-profugos-de-baja-california\/","name":"Sonora en Equipo. Capturan en SLRC \u00a0a presuntos homicidas pr\u00f3fugos de Baja California Polic\u00edaca","isPartOf":{"@id":"https:\/\/www.sonoraenequipo.com.mx\/#website"},"primaryImageOfPage":{"@id":"https:\/\/www.sonoraenequipo.com.mx\/capturan-en-slrc-a-presuntos-homicidas-profugos-de-baja-california\/#primaryimage"},"image":{"@id":"https:\/\/www.sonoraenequipo.com.mx\/capturan-en-slrc-a-presuntos-homicidas-profugos-de-baja-california\/#primaryimage"},"thumbnailUrl":"https:\/\/www.sonoraenequipo.com.mx\/storage\/2023\/11\/logo-fgjes.jpg","datePublished":"2024-01-03T01:00:55+00:00","description":"SAN LUIS R\u00cdO COLORADO, SONORA,MX.\u02d7\u02d7\u02d7 \u00a0\u00a0Elementos de la Agencia Ministerial de Investigaci\u00f3n Criminal (AMIC) en auxilio de la Fiscal\u00eda General de Justicia En Sonora en Equipo publicamos toda la informaci\u00f3n de Sonora, M\u00e9xico y el Mundo de manera oportuna y busca que la libertad de expresi\u00f3n sea real. Visita nuestro medio informativo publicado desde Hermosillo, Sonora. %","breadcrumb":{"@id":"https:\/\/www.sonoraenequipo.com.mx\/capturan-en-slrc-a-presuntos-homicidas-profugos-de-baja-california\/#breadcrumb"},"inLanguage":"es","potentialAction":[{"@type":"ReadAction","target":["https:\/\/www.sonoraenequipo.com.mx\/capturan-en-slrc-a-presuntos-homicidas-profugos-de-baja-california\/"]}]},{"@type":"ImageObject","inLanguage":"es","@id":"https:\/\/www.sonoraenequipo.com.mx\/capturan-en-slrc-a-presuntos-homicidas-profugos-de-baja-california\/#primaryimage","url":"https:\/\/www.sonoraenequipo.com.mx\/storage\/2023\/11\/logo-fgjes.jpg","contentUrl":"https:\/\/www.sonoraenequipo.com.mx\/storage\/2023\/11\/logo-fgjes.jpg","width":900,"height":600},{"@type":"BreadcrumbList","@id":"https:\/\/www.sonoraenequipo.com.mx\/capturan-en-slrc-a-presuntos-homicidas-profugos-de-baja-california\/#breadcrumb","itemListElement":[{"@type":"ListItem","position":1,"name":"Portada","item":"https:\/\/www.sonoraenequipo.com.mx\/"},{"@type":"ListItem","position":2,"name":"Capturan en SLRC \u00a0a presuntos homicidas pr\u00f3fugos de Baja California"}]},{"@type":"WebSite","@id":"https:\/\/www.sonoraenequipo.com.mx\/#website","url":"https:\/\/www.sonoraenequipo.com.mx\/","name":"Sonora en Equipo.","description":"Diario en l\u00ednea con Noticias desde Hermosillo, Sonora","publisher":{"@id":"https:\/\/www.sonoraenequipo.com.mx\/#organization"},"potentialAction":[{"@type":"SearchAction","target":{"@type":"EntryPoint","urlTemplate":"https:\/\/www.sonoraenequipo.com.mx\/?s={search_term_string}"},"query-input":{"@type":"PropertyValueSpecification","valueRequired":true,"valueName":"search_term_string"}}],"inLanguage":"es"},{"@type":"Organization","@id":"https:\/\/www.sonoraenequipo.com.mx\/#organization","name":"Sonoraenequipo.com.mx","url":"https:\/\/www.sonoraenequipo.com.mx\/","logo":{"@type":"ImageObject","inLanguage":"es","@id":"https:\/\/www.sonoraenequipo.com.mx\/#\/schema\/logo\/image\/","url":"https:\/\/www.sonoraenequipo.com.mx\/storage\/2019\/01\/sonoraenequipo_opt.png","contentUrl":"https:\/\/www.sonoraenequipo.com.mx\/storage\/2019\/01\/sonoraenequipo_opt.png","width":375,"height":125,"caption":"Sonoraenequipo.com.mx"},"image":{"@id":"https:\/\/www.sonoraenequipo.com.mx\/#\/schema\/logo\/image\/"},"sameAs":["https:\/\/www.facebook.com\/SonoraEE\/","https:\/\/x.com\/sonoraenequipo","https:\/\/www.youtube.com\/channel\/UC338nW-lPEYmJQs4ZABQ1SQ"]},{"@type":"Person","@id":"https:\/\/www.sonoraenequipo.com.mx\/#\/schema\/person\/50102df0fb23a8fa9e8effad8fa81386","name":"enequipo","image":{"@type":"ImageObject","inLanguage":"es","@id":"https:\/\/www.sonoraenequipo.com.mx\/#\/schema\/person\/image\/","url":"https:\/\/secure.gravatar.com\/avatar\/049821681b589dabc0bc20695993ccebb09f5b5d4d790cd9251b97faac7c652b?s=96&d=blank&r=g","contentUrl":"https:\/\/secure.gravatar.com\/avatar\/049821681b589dabc0bc20695993ccebb09f5b5d4d790cd9251b97faac7c652b?s=96&d=blank&r=g","caption":"enequipo"},"sameAs":["https:\/\/www.facebook.com\/SonoraEE"]}]}},"jetpack_featured_media_url":"https:\/\/www.sonoraenequipo.com.mx\/storage\/2023\/11\/logo-fgjes.jpg","_links":{"self":[{"href":"https:\/\/www.sonoraenequipo.com.mx\/api\/wp\/v2\/posts\/181382","targetHints":{"allow":["GET"]}}],"collection":[{"href":"https:\/\/www.sonoraenequipo.com.mx\/api\/wp\/v2\/posts"}],"about":[{"href":"https:\/\/www.sonoraenequipo.com.mx\/api\/wp\/v2\/types\/post"}],"author":[{"embeddable":true,"href":"https:\/\/www.sonoraenequipo.com.mx\/api\/wp\/v2\/users\/1"}],"replies":[{"embeddable":true,"href":"https:\/\/www.sonoraenequipo.com.mx\/api\/wp\/v2\/comments?post=181382"}],"version-history":[{"count":1,"href":"https:\/\/www.sonoraenequipo.com.mx\/api\/wp\/v2\/posts\/181382\/revisions"}],"predecessor-version":[{"id":181387,"href":"https:\/\/www.sonoraenequipo.com.mx\/api\/wp\/v2\/posts\/181382\/revisions\/181387"}],"wp:featuredmedia":[{"embeddable":true,"href":"https:\/\/www.sonoraenequipo.com.mx\/api\/wp\/v2\/media\/178327"}],"wp:attachment":[{"href":"https:\/\/www.sonoraenequipo.com.mx\/api\/wp\/v2\/media?parent=181382"}],"wp:term":[{"taxonomy":"category","embeddable":true,"href":"https:\/\/www.sonoraenequipo.com.mx\/api\/wp\/v2\/categories?post=181382"},{"taxonomy":"post_tag","embeddable":true,"href":"https:\/\/www.sonoraenequipo.com.mx\/api\/wp\/v2\/tags?post=181382"}],"curies":[{"name":"wp","href":"https:\/\/api.w.org\/{rel}","templated":true}]}}