{"id":181388,"date":"2024-01-02T18:10:50","date_gmt":"2024-01-03T01:10:50","guid":{"rendered":"https:\/\/www.sonoraenequipo.com.mx\/?p=181388"},"modified":"2024-01-02T18:10:50","modified_gmt":"2024-01-03T01:10:50","slug":"destaca-plan-sonora-en-cop28-al-encabezar-transicion-energetica-en-mexico","status":"publish","type":"post","link":"https:\/\/www.sonoraenequipo.com.mx\/destaca-plan-sonora-en-cop28-al-encabezar-transicion-energetica-en-mexico\/","title":{"rendered":"Destaca Plan Sonora en COP28 al encabezar transici\u00f3n energ\u00e9tica en M\u00e9xico"},"content":{"rendered":"<p>Destaca Plan Sonora en COP28 al encabezar transici\u00f3n energ\u00e9tica en M\u00e9xico<\/p>\n<p>&nbsp;<\/p>\n<p><strong>HERMOSILLO, SONORA,MX.<\/strong><strong>\u02d7\u02d7\u02d7 \u00a0<\/strong>Sonora es el estado por excelencia de la Rep\u00fablica Mexicana para la generaci\u00f3n de energ\u00eda sostenible, destac\u00f3 el Gobernador Alfonso Durazo, al reconocer la participaci\u00f3n del Plan Sonora de Energ\u00eda Sostenible en las Conferencias de las Naciones Unidas sobre el Cambio Clim\u00e1tico de 2023, COP28 en Dubai.<\/p>\n<p>&nbsp;<\/p>\n<p>El titular del Ejecutivo estatal indic\u00f3 que, con la generaci\u00f3n de energ\u00edas limpias, la entidad sonorense se convirti\u00f3 en punta de lanza para la atracci\u00f3n de inversi\u00f3n extranjera a trav\u00e9s de Plan Sonora de Energ\u00edas Sostenibles, iniciativa que promueve la transici\u00f3n energ\u00e9tica en M\u00e9xico.<\/p>\n<p>&nbsp;<\/p>\n<p>\u201cEl inter\u00e9s del propio gobierno federal, en este caso del presidente Andr\u00e9s Manuel L\u00f3pez Obrador, de haber definido a Sonora como el estado para probar su plan modelo para impulsar la transici\u00f3n energ\u00e9tica; porque no solo es la energ\u00eda fotovoltaica, es principalmente la energ\u00eda fotovoltaica, pero tambi\u00e9n recuerden que tenemos en proyecto el aprovechamiento del litio\u201d, expres\u00f3.<\/p>\n<p>&nbsp;<\/p>\n<p>Actualmente Sonora se encuentra a la vanguardia en el impulso de energ\u00edas limpias, enfatiz\u00f3, adem\u00e1s de jugar un papel muy importante a nivel internacional por el arduo trabajo de promoci\u00f3n del Plan Sonora que se ha llevado a cabo en pa\u00edses de Asia y de la Uni\u00f3n Europea, como B\u00e9lgica, Taiw\u00e1n, Dubai y pr\u00f3ximamente en Suiza, a fin de vincular a las grandes industrias bajo un esquema de desarrollo sostenible.<\/p>\n<p>&nbsp;<\/p>\n<p>Parte de los beneficios que est\u00e1 consolidando el Plan Sonora, es la generaci\u00f3n de empleos bien remunerados con la llegada de nuevas empresas, la profesionalizaci\u00f3n de estudiantes\u00a0 sonorenses en la industria de semiconductores en universidades de Estados Unidos y Taiw\u00e1n, para contar con capital humano calificado y acceso a nuevas formas de producir y consumir energ\u00eda bajo el compromiso del cuidado ambiental.<\/p>\n<p><strong>Fecha de publicaci\u00f3n martes 2 de enero de 2024<\/strong><\/p>\n","protected":false},"excerpt":{"rendered":"<p>Destaca Plan Sonora en COP28 al encabezar transici\u00f3n energ\u00e9tica en M\u00e9xico &nbsp; HERMOSILLO, SONORA,MX.\u02d7\u02d7\u02d7 \u00a0Sonora&#8230;<\/p>\n","protected":false},"author":1,"featured_media":181389,"comment_status":"open","ping_status":"open","sticky":false,"template":"","format":"standard","meta":{"_monsterinsights_skip_tracking":false,"_monsterinsights_sitenote_active":false,"_monsterinsights_sitenote_note":"","_monsterinsights_sitenote_category":0,"footnotes":""},"categories":[22],"tags":[6553,9249],"class_list":["post"],"yoast_head":" \n<title>Sonora en Equipo. Destaca Plan Sonora en COP28 al encabezar transici\u00f3n energ\u00e9tica en M\u00e9xico Sonora<\/title>\n<meta name=\"description\" content=\"Destaca Plan Sonora en COP28 al encabezar transici\u00f3n energ\u00e9tica en M\u00e9xico &nbsp; HERMOSILLO, SONORA,MX.\u02d7\u02d7\u02d7 \u00a0Sonora es el estado por excelencia de la En Sonora en Equipo publicamos toda la informaci\u00f3n de Sonora, M\u00e9xico y el Mundo de manera oportuna y busca que la libertad de expresi\u00f3n sea real. Visita nuestro medio informativo publicado desde Hermosillo, Sonora. %\" \/>\n<meta name=\"robots\" content=\"index, follow, max-snippet:-1, max-image-preview:large, max-video-preview:-1\" \/>\n<link rel=\"canonical\" href=\"https:\/\/www.sonoraenequipo.com.mx\/destaca-plan-sonora-en-cop28-al-encabezar-transicion-energetica-en-mexico\/\" \/>\n<meta property=\"og:locale\" content=\"es_ES\" \/>\n<meta property=\"og:type\" content=\"article\" \/>\n<meta property=\"og:title\" content=\"Sonora en Equipo. Destaca Plan Sonora en COP28 al encabezar transici\u00f3n energ\u00e9tica en M\u00e9xico Sonora\" \/>\n<meta property=\"og:description\" content=\"Destaca Plan Sonora en COP28 al encabezar transici\u00f3n energ\u00e9tica en M\u00e9xico &nbsp; HERMOSILLO, SONORA,MX.\u02d7\u02d7\u02d7 \u00a0Sonora es el estado por excelencia de la En Sonora en Equipo publicamos toda la informaci\u00f3n de Sonora, M\u00e9xico y el Mundo de manera oportuna y busca que la libertad de expresi\u00f3n sea real. Visita nuestro medio informativo publicado desde Hermosillo, Sonora. %\" \/>\n<meta property=\"og:url\" content=\"https:\/\/www.sonoraenequipo.com.mx\/destaca-plan-sonora-en-cop28-al-encabezar-transicion-energetica-en-mexico\/\" \/>\n<meta property=\"og:site_name\" content=\"Sonora en Equipo.\" \/>\n<meta property=\"article:publisher\" content=\"https:\/\/www.facebook.com\/SonoraEE\/\" \/>\n<meta property=\"article:author\" content=\"https:\/\/www.facebook.com\/SonoraEE\" \/>\n<meta property=\"article:published_time\" content=\"2024-01-03T01:10:50+00:00\" \/>\n<meta property=\"og:image\" content=\"https:\/\/www.sonoraenequipo.com.mx\/storage\/2024\/01\/ADM.jpg\" \/>\n\t<meta property=\"og:image:width\" content=\"600\" \/>\n\t<meta property=\"og:image:height\" content=\"400\" \/>\n\t<meta property=\"og:image:type\" content=\"image\/jpeg\" \/>\n<meta name=\"author\" content=\"enequipo\" \/>\n<meta name=\"twitter:card\" content=\"summary_large_image\" \/>\n<meta name=\"twitter:creator\" content=\"@sonoraenequipo\" \/>\n<meta name=\"twitter:site\" content=\"@sonoraenequipo\" \/>\n<meta name=\"twitter:label1\" content=\"Escrito por\" \/>\n\t<meta name=\"twitter:data1\" content=\"enequipo\" \/>\n\t<meta name=\"twitter:label2\" content=\"Tiempo de lectura\" \/>\n\t<meta name=\"twitter:data2\" content=\"2 minutos\" \/>\n<script type=\"application\/ld+json\" class=\"yoast-schema-graph\">{\"@context\":\"https:\/\/schema.org\",\"@graph\":[{\"@type\":\"Article\",\"@id\":\"https:\/\/www.sonoraenequipo.com.mx\/destaca-plan-sonora-en-cop28-al-encabezar-transicion-energetica-en-mexico\/#article\",\"isPartOf\":{\"@id\":\"https:\/\/www.sonoraenequipo.com.mx\/destaca-plan-sonora-en-cop28-al-encabezar-transicion-energetica-en-mexico\/\"},\"author\":{\"name\":\"enequipo\",\"@id\":\"https:\/\/www.sonoraenequipo.com.mx\/#\/schema\/person\/50102df0fb23a8fa9e8effad8fa81386\"},\"headline\":\"Destaca Plan Sonora en COP28 al encabezar transici\u00f3n energ\u00e9tica en M\u00e9xico\",\"datePublished\":\"2024-01-03T01:10:50+00:00\",\"mainEntityOfPage\":{\"@id\":\"https:\/\/www.sonoraenequipo.com.mx\/destaca-plan-sonora-en-cop28-al-encabezar-transicion-energetica-en-mexico\/\"},\"wordCount\":358,\"commentCount\":0,\"publisher\":{\"@id\":\"https:\/\/www.sonoraenequipo.com.mx\/#organization\"},\"image\":{\"@id\":\"https:\/\/www.sonoraenequipo.com.mx\/destaca-plan-sonora-en-cop28-al-encabezar-transicion-energetica-en-mexico\/#primaryimage\"},\"thumbnailUrl\":\"https:\/\/www.sonoraenequipo.com.mx\/storage\/2024\/01\/ADM.jpg\",\"keywords\":[\"energia solar\",\"planSonpora\"],\"articleSection\":[\"Sonora\"],\"inLanguage\":\"es\",\"potentialAction\":[{\"@type\":\"CommentAction\",\"name\":\"Comment\",\"target\":[\"https:\/\/www.sonoraenequipo.com.mx\/destaca-plan-sonora-en-cop28-al-encabezar-transicion-energetica-en-mexico\/#respond\"]}]},{\"@type\":\"WebPage\",\"@id\":\"https:\/\/www.sonoraenequipo.com.mx\/destaca-plan-sonora-en-cop28-al-encabezar-transicion-energetica-en-mexico\/\",\"url\":\"https:\/\/www.sonoraenequipo.com.mx\/destaca-plan-sonora-en-cop28-al-encabezar-transicion-energetica-en-mexico\/\",\"name\":\"Sonora en Equipo. Destaca Plan Sonora en COP28 al encabezar transici\u00f3n energ\u00e9tica en M\u00e9xico Sonora\",\"isPartOf\":{\"@id\":\"https:\/\/www.sonoraenequipo.com.mx\/#website\"},\"primaryImageOfPage\":{\"@id\":\"https:\/\/www.sonoraenequipo.com.mx\/destaca-plan-sonora-en-cop28-al-encabezar-transicion-energetica-en-mexico\/#primaryimage\"},\"image\":{\"@id\":\"https:\/\/www.sonoraenequipo.com.mx\/destaca-plan-sonora-en-cop28-al-encabezar-transicion-energetica-en-mexico\/#primaryimage\"},\"thumbnailUrl\":\"https:\/\/www.sonoraenequipo.com.mx\/storage\/2024\/01\/ADM.jpg\",\"datePublished\":\"2024-01-03T01:10:50+00:00\",\"description\":\"Destaca Plan Sonora en COP28 al encabezar transici\u00f3n energ\u00e9tica en M\u00e9xico &nbsp; HERMOSILLO, SONORA,MX.\u02d7\u02d7\u02d7 \u00a0Sonora es el estado por excelencia de la En Sonora en Equipo publicamos toda la informaci\u00f3n de Sonora, M\u00e9xico y el Mundo de manera oportuna y busca que la libertad de expresi\u00f3n sea real. Visita nuestro medio informativo publicado desde Hermosillo, Sonora. %\",\"breadcrumb\":{\"@id\":\"https:\/\/www.sonoraenequipo.com.mx\/destaca-plan-sonora-en-cop28-al-encabezar-transicion-energetica-en-mexico\/#breadcrumb\"},\"inLanguage\":\"es\",\"potentialAction\":[{\"@type\":\"ReadAction\",\"target\":[\"https:\/\/www.sonoraenequipo.com.mx\/destaca-plan-sonora-en-cop28-al-encabezar-transicion-energetica-en-mexico\/\"]}]},{\"@type\":\"ImageObject\",\"inLanguage\":\"es\",\"@id\":\"https:\/\/www.sonoraenequipo.com.mx\/destaca-plan-sonora-en-cop28-al-encabezar-transicion-energetica-en-mexico\/#primaryimage\",\"url\":\"https:\/\/www.sonoraenequipo.com.mx\/storage\/2024\/01\/ADM.jpg\",\"contentUrl\":\"https:\/\/www.sonoraenequipo.com.mx\/storage\/2024\/01\/ADM.jpg\",\"width\":600,\"height\":400},{\"@type\":\"BreadcrumbList\",\"@id\":\"https:\/\/www.sonoraenequipo.com.mx\/destaca-plan-sonora-en-cop28-al-encabezar-transicion-energetica-en-mexico\/#breadcrumb\",\"itemListElement\":[{\"@type\":\"ListItem\",\"position\":1,\"name\":\"Portada\",\"item\":\"https:\/\/www.sonoraenequipo.com.mx\/\"},{\"@type\":\"ListItem\",\"position\":2,\"name\":\"Destaca Plan Sonora en COP28 al encabezar transici\u00f3n energ\u00e9tica en M\u00e9xico\"}]},{\"@type\":\"WebSite\",\"@id\":\"https:\/\/www.sonoraenequipo.com.mx\/#website\",\"url\":\"https:\/\/www.sonoraenequipo.com.mx\/\",\"name\":\"Sonora en Equipo.\",\"description\":\"Diario en l\u00ednea con Noticias desde Hermosillo, Sonora\",\"publisher\":{\"@id\":\"https:\/\/www.sonoraenequipo.com.mx\/#organization\"},\"potentialAction\":[{\"@type\":\"SearchAction\",\"target\":{\"@type\":\"EntryPoint\",\"urlTemplate\":\"https:\/\/www.sonoraenequipo.com.mx\/?s={search_term_string}\"},\"query-input\":{\"@type\":\"PropertyValueSpecification\",\"valueRequired\":true,\"valueName\":\"search_term_string\"}}],\"inLanguage\":\"es\"},{\"@type\":\"Organization\",\"@id\":\"https:\/\/www.sonoraenequipo.com.mx\/#organization\",\"name\":\"Sonoraenequipo.com.mx\",\"url\":\"https:\/\/www.sonoraenequipo.com.mx\/\",\"logo\":{\"@type\":\"ImageObject\",\"inLanguage\":\"es\",\"@id\":\"https:\/\/www.sonoraenequipo.com.mx\/#\/schema\/logo\/image\/\",\"url\":\"https:\/\/www.sonoraenequipo.com.mx\/storage\/2019\/01\/sonoraenequipo_opt.png\",\"contentUrl\":\"https:\/\/www.sonoraenequipo.com.mx\/storage\/2019\/01\/sonoraenequipo_opt.png\",\"width\":375,\"height\":125,\"caption\":\"Sonoraenequipo.com.mx\"},\"image\":{\"@id\":\"https:\/\/www.sonoraenequipo.com.mx\/#\/schema\/logo\/image\/\"},\"sameAs\":[\"https:\/\/www.facebook.com\/SonoraEE\/\",\"https:\/\/x.com\/sonoraenequipo\",\"https:\/\/www.youtube.com\/channel\/UC338nW-lPEYmJQs4ZABQ1SQ\"]},{\"@type\":\"Person\",\"@id\":\"https:\/\/www.sonoraenequipo.com.mx\/#\/schema\/person\/50102df0fb23a8fa9e8effad8fa81386\",\"name\":\"enequipo\",\"image\":{\"@type\":\"ImageObject\",\"inLanguage\":\"es\",\"@id\":\"https:\/\/www.sonoraenequipo.com.mx\/#\/schema\/person\/image\/\",\"url\":\"https:\/\/secure.gravatar.com\/avatar\/049821681b589dabc0bc20695993ccebb09f5b5d4d790cd9251b97faac7c652b?s=96&d=blank&r=g\",\"contentUrl\":\"https:\/\/secure.gravatar.com\/avatar\/049821681b589dabc0bc20695993ccebb09f5b5d4d790cd9251b97faac7c652b?s=96&d=blank&r=g\",\"caption\":\"enequipo\"},\"sameAs\":[\"https:\/\/www.facebook.com\/SonoraEE\"]}]}<\/script>\n ","yoast_head_json":{"title":"Sonora en Equipo. Destaca Plan Sonora en COP28 al encabezar transici\u00f3n energ\u00e9tica en M\u00e9xico Sonora","description":"Destaca Plan Sonora en COP28 al encabezar transici\u00f3n energ\u00e9tica en M\u00e9xico &nbsp; HERMOSILLO, SONORA,MX.\u02d7\u02d7\u02d7 \u00a0Sonora es el estado por excelencia de la En Sonora en Equipo publicamos toda la informaci\u00f3n de Sonora, M\u00e9xico y el Mundo de manera oportuna y busca que la libertad de expresi\u00f3n sea real. Visita nuestro medio informativo publicado desde Hermosillo, Sonora. %","robots":{"index":"index","follow":"follow","max-snippet":"max-snippet:-1","max-image-preview":"max-image-preview:large","max-video-preview":"max-video-preview:-1"},"canonical":"https:\/\/www.sonoraenequipo.com.mx\/destaca-plan-sonora-en-cop28-al-encabezar-transicion-energetica-en-mexico\/","og_locale":"es_ES","og_type":"article","og_title":"Sonora en Equipo. Destaca Plan Sonora en COP28 al encabezar transici\u00f3n energ\u00e9tica en M\u00e9xico Sonora","og_description":"Destaca Plan Sonora en COP28 al encabezar transici\u00f3n energ\u00e9tica en M\u00e9xico &nbsp; HERMOSILLO, SONORA,MX.\u02d7\u02d7\u02d7 \u00a0Sonora es el estado por excelencia de la En Sonora en Equipo publicamos toda la informaci\u00f3n de Sonora, M\u00e9xico y el Mundo de manera oportuna y busca que la libertad de expresi\u00f3n sea real. Visita nuestro medio informativo publicado desde Hermosillo, Sonora. %","og_url":"https:\/\/www.sonoraenequipo.com.mx\/destaca-plan-sonora-en-cop28-al-encabezar-transicion-energetica-en-mexico\/","og_site_name":"Sonora en Equipo.","article_publisher":"https:\/\/www.facebook.com\/SonoraEE\/","article_author":"https:\/\/www.facebook.com\/SonoraEE","article_published_time":"2024-01-03T01:10:50+00:00","og_image":[{"width":600,"height":400,"url":"https:\/\/www.sonoraenequipo.com.mx\/storage\/2024\/01\/ADM.jpg","type":"image\/jpeg"}],"author":"enequipo","twitter_card":"summary_large_image","twitter_creator":"@sonoraenequipo","twitter_site":"@sonoraenequipo","twitter_misc":{"Escrito por":"enequipo","Tiempo de lectura":"2 minutos"},"schema":{"@context":"https:\/\/schema.org","@graph":[{"@type":"Article","@id":"https:\/\/www.sonoraenequipo.com.mx\/destaca-plan-sonora-en-cop28-al-encabezar-transicion-energetica-en-mexico\/#article","isPartOf":{"@id":"https:\/\/www.sonoraenequipo.com.mx\/destaca-plan-sonora-en-cop28-al-encabezar-transicion-energetica-en-mexico\/"},"author":{"name":"enequipo","@id":"https:\/\/www.sonoraenequipo.com.mx\/#\/schema\/person\/50102df0fb23a8fa9e8effad8fa81386"},"headline":"Destaca Plan Sonora en COP28 al encabezar transici\u00f3n energ\u00e9tica en M\u00e9xico","datePublished":"2024-01-03T01:10:50+00:00","mainEntityOfPage":{"@id":"https:\/\/www.sonoraenequipo.com.mx\/destaca-plan-sonora-en-cop28-al-encabezar-transicion-energetica-en-mexico\/"},"wordCount":358,"commentCount":0,"publisher":{"@id":"https:\/\/www.sonoraenequipo.com.mx\/#organization"},"image":{"@id":"https:\/\/www.sonoraenequipo.com.mx\/destaca-plan-sonora-en-cop28-al-encabezar-transicion-energetica-en-mexico\/#primaryimage"},"thumbnailUrl":"https:\/\/www.sonoraenequipo.com.mx\/storage\/2024\/01\/ADM.jpg","keywords":["energia solar","planSonpora"],"articleSection":["Sonora"],"inLanguage":"es","potentialAction":[{"@type":"CommentAction","name":"Comment","target":["https:\/\/www.sonoraenequipo.com.mx\/destaca-plan-sonora-en-cop28-al-encabezar-transicion-energetica-en-mexico\/#respond"]}]},{"@type":"WebPage","@id":"https:\/\/www.sonoraenequipo.com.mx\/destaca-plan-sonora-en-cop28-al-encabezar-transicion-energetica-en-mexico\/","url":"https:\/\/www.sonoraenequipo.com.mx\/destaca-plan-sonora-en-cop28-al-encabezar-transicion-energetica-en-mexico\/","name":"Sonora en Equipo. Destaca Plan Sonora en COP28 al encabezar transici\u00f3n energ\u00e9tica en M\u00e9xico Sonora","isPartOf":{"@id":"https:\/\/www.sonoraenequipo.com.mx\/#website"},"primaryImageOfPage":{"@id":"https:\/\/www.sonoraenequipo.com.mx\/destaca-plan-sonora-en-cop28-al-encabezar-transicion-energetica-en-mexico\/#primaryimage"},"image":{"@id":"https:\/\/www.sonoraenequipo.com.mx\/destaca-plan-sonora-en-cop28-al-encabezar-transicion-energetica-en-mexico\/#primaryimage"},"thumbnailUrl":"https:\/\/www.sonoraenequipo.com.mx\/storage\/2024\/01\/ADM.jpg","datePublished":"2024-01-03T01:10:50+00:00","description":"Destaca Plan Sonora en COP28 al encabezar transici\u00f3n energ\u00e9tica en M\u00e9xico &nbsp; HERMOSILLO, SONORA,MX.\u02d7\u02d7\u02d7 \u00a0Sonora es el estado por excelencia de la En Sonora en Equipo publicamos toda la informaci\u00f3n de Sonora, M\u00e9xico y el Mundo de manera oportuna y busca que la libertad de expresi\u00f3n sea real. Visita nuestro medio informativo publicado desde Hermosillo, Sonora. %","breadcrumb":{"@id":"https:\/\/www.sonoraenequipo.com.mx\/destaca-plan-sonora-en-cop28-al-encabezar-transicion-energetica-en-mexico\/#breadcrumb"},"inLanguage":"es","potentialAction":[{"@type":"ReadAction","target":["https:\/\/www.sonoraenequipo.com.mx\/destaca-plan-sonora-en-cop28-al-encabezar-transicion-energetica-en-mexico\/"]}]},{"@type":"ImageObject","inLanguage":"es","@id":"https:\/\/www.sonoraenequipo.com.mx\/destaca-plan-sonora-en-cop28-al-encabezar-transicion-energetica-en-mexico\/#primaryimage","url":"https:\/\/www.sonoraenequipo.com.mx\/storage\/2024\/01\/ADM.jpg","contentUrl":"https:\/\/www.sonoraenequipo.com.mx\/storage\/2024\/01\/ADM.jpg","width":600,"height":400},{"@type":"BreadcrumbList","@id":"https:\/\/www.sonoraenequipo.com.mx\/destaca-plan-sonora-en-cop28-al-encabezar-transicion-energetica-en-mexico\/#breadcrumb","itemListElement":[{"@type":"ListItem","position":1,"name":"Portada","item":"https:\/\/www.sonoraenequipo.com.mx\/"},{"@type":"ListItem","position":2,"name":"Destaca Plan Sonora en COP28 al encabezar transici\u00f3n energ\u00e9tica en M\u00e9xico"}]},{"@type":"WebSite","@id":"https:\/\/www.sonoraenequipo.com.mx\/#website","url":"https:\/\/www.sonoraenequipo.com.mx\/","name":"Sonora en Equipo.","description":"Diario en l\u00ednea con Noticias desde Hermosillo, Sonora","publisher":{"@id":"https:\/\/www.sonoraenequipo.com.mx\/#organization"},"potentialAction":[{"@type":"SearchAction","target":{"@type":"EntryPoint","urlTemplate":"https:\/\/www.sonoraenequipo.com.mx\/?s={search_term_string}"},"query-input":{"@type":"PropertyValueSpecification","valueRequired":true,"valueName":"search_term_string"}}],"inLanguage":"es"},{"@type":"Organization","@id":"https:\/\/www.sonoraenequipo.com.mx\/#organization","name":"Sonoraenequipo.com.mx","url":"https:\/\/www.sonoraenequipo.com.mx\/","logo":{"@type":"ImageObject","inLanguage":"es","@id":"https:\/\/www.sonoraenequipo.com.mx\/#\/schema\/logo\/image\/","url":"https:\/\/www.sonoraenequipo.com.mx\/storage\/2019\/01\/sonoraenequipo_opt.png","contentUrl":"https:\/\/www.sonoraenequipo.com.mx\/storage\/2019\/01\/sonoraenequipo_opt.png","width":375,"height":125,"caption":"Sonoraenequipo.com.mx"},"image":{"@id":"https:\/\/www.sonoraenequipo.com.mx\/#\/schema\/logo\/image\/"},"sameAs":["https:\/\/www.facebook.com\/SonoraEE\/","https:\/\/x.com\/sonoraenequipo","https:\/\/www.youtube.com\/channel\/UC338nW-lPEYmJQs4ZABQ1SQ"]},{"@type":"Person","@id":"https:\/\/www.sonoraenequipo.com.mx\/#\/schema\/person\/50102df0fb23a8fa9e8effad8fa81386","name":"enequipo","image":{"@type":"ImageObject","inLanguage":"es","@id":"https:\/\/www.sonoraenequipo.com.mx\/#\/schema\/person\/image\/","url":"https:\/\/secure.gravatar.com\/avatar\/049821681b589dabc0bc20695993ccebb09f5b5d4d790cd9251b97faac7c652b?s=96&d=blank&r=g","contentUrl":"https:\/\/secure.gravatar.com\/avatar\/049821681b589dabc0bc20695993ccebb09f5b5d4d790cd9251b97faac7c652b?s=96&d=blank&r=g","caption":"enequipo"},"sameAs":["https:\/\/www.facebook.com\/SonoraEE"]}]}},"jetpack_featured_media_url":"https:\/\/www.sonoraenequipo.com.mx\/storage\/2024\/01\/ADM.jpg","_links":{"self":[{"href":"https:\/\/www.sonoraenequipo.com.mx\/api\/wp\/v2\/posts\/181388","targetHints":{"allow":["GET"]}}],"collection":[{"href":"https:\/\/www.sonoraenequipo.com.mx\/api\/wp\/v2\/posts"}],"about":[{"href":"https:\/\/www.sonoraenequipo.com.mx\/api\/wp\/v2\/types\/post"}],"author":[{"embeddable":true,"href":"https:\/\/www.sonoraenequipo.com.mx\/api\/wp\/v2\/users\/1"}],"replies":[{"embeddable":true,"href":"https:\/\/www.sonoraenequipo.com.mx\/api\/wp\/v2\/comments?post=181388"}],"version-history":[{"count":1,"href":"https:\/\/www.sonoraenequipo.com.mx\/api\/wp\/v2\/posts\/181388\/revisions"}],"predecessor-version":[{"id":181390,"href":"https:\/\/www.sonoraenequipo.com.mx\/api\/wp\/v2\/posts\/181388\/revisions\/181390"}],"wp:featuredmedia":[{"embeddable":true,"href":"https:\/\/www.sonoraenequipo.com.mx\/api\/wp\/v2\/media\/181389"}],"wp:attachment":[{"href":"https:\/\/www.sonoraenequipo.com.mx\/api\/wp\/v2\/media?parent=181388"}],"wp:term":[{"taxonomy":"category","embeddable":true,"href":"https:\/\/www.sonoraenequipo.com.mx\/api\/wp\/v2\/categories?post=181388"},{"taxonomy":"post_tag","embeddable":true,"href":"https:\/\/www.sonoraenequipo.com.mx\/api\/wp\/v2\/tags?post=181388"}],"curies":[{"name":"wp","href":"https:\/\/api.w.org\/{rel}","templated":true}]}}