{"id":181407,"date":"2024-01-03T07:18:29","date_gmt":"2024-01-03T14:18:29","guid":{"rendered":"https:\/\/www.sonoraenequipo.com.mx\/?p=181407"},"modified":"2024-01-03T11:34:08","modified_gmt":"2024-01-03T18:34:08","slug":"hay-4-colombianos-entre-los-31-migrantes-secuestrados-en-tamaulipas-gustavo-petro","status":"publish","type":"post","link":"https:\/\/www.sonoraenequipo.com.mx\/hay-4-colombianos-entre-los-31-migrantes-secuestrados-en-tamaulipas-gustavo-petro\/","title":{"rendered":"Hay 4 colombianos entre los 31 migrantes secuestrados en Tamaulipas: Gustavo Petro"},"content":{"rendered":"<p><strong>BOGOTA, COLOMBIA. \u2014<\/strong> El presidente de Colombia, Gustavo Petro, confirm\u00f3 que al menos cuatro de los 31 migrantes secuestrados en Tamaulipas, M\u00e9xico, el pasado s\u00e1bado 30 de diciembre, son originarios de Colombia. Tambi\u00e9n inform\u00f3 que la Canciller\u00eda colombiana ya se ha puesto en contacto con el gobierno mexicano para coordinar acciones en busca del rescate de los afectados.<\/p>\n<p> <\/p>\n<p>Las autoridades de Tamaulipas proporcionaron detalles sobre el secuestro, indicando que los migrantes fueron raptados por un grupo armado que intercept\u00f3 el autob\u00fas en el que viajaban, utilizando cinco camionetas para perpetrar el acto delictivo. Hasta el momento, se encuentran en curso operativos de b\u00fasqueda y rescate para localizar a las personas secuestradas.<\/p>\n<p>\u00abEn este secuestro m\u00faltiple en M\u00e9xico hay cuatro colombianos. La embajada colombiana en M\u00e9xico coordina con el estado mexicano el rescate sanos y salvos\u00bb, expres\u00f3 el mandatario colombiano a trav\u00e9s de sus redes sociales.<\/p>\n<p>Seg\u00fan la informaci\u00f3n recopilada en medios, el conductor del autob\u00fas afirm\u00f3 que originalmente hab\u00eda 36 tripulantes que fueron v\u00edctimas del secuestro. Sin embargo, cinco de ellos fueron rescatados y escoltados por elementos de la Guardia Nacional y Estatal hacia la ciudad de Matamoros.<\/p>\n<p>El secuestro tuvo lugar en un tramo de la carretera a Reynosa, de acuerdo con el vocero de Seguridad de Tamaulipas, Jorge Cu\u00e9llar Montoya.<\/p>\n<blockquote class=\"twitter-tweet\" data-width=\"550\" data-dnt=\"true\">\n<p lang=\"es\" dir=\"ltr\">El presidente L\u00f3pez Obrador confirm\u00f3 que 31 migrantes fueron secuestrados en Tamaulipas el pasado s\u00e1bado. <a href=\"https:\/\/t.co\/PrpNJwRr95\">https:\/\/t.co\/PrpNJwRr95<\/a><\/p>\n<p>&mdash; El Diario NTR Guadalajara (@NTRGuadalajara) <a href=\"https:\/\/twitter.com\/NTRGuadalajara\/status\/1742254429561332180?ref_src=twsrc%5Etfw\">January 2, 2024<\/a><\/p><\/blockquote>\n<p><script async src=\"https:\/\/platform.twitter.com\/widgets.js\" charset=\"utf-8\"><\/script><\/p>\n<p>En este secuestro m\u00faltiple en Mexico hay 4 colombianos. La embajada colombiana en M\u00e9xico coordina con el estado mexicano el rescate sanos y salvos. https:\/\/t.co\/BzlO3FpuO5<\/p>\n<p>\u2014 Gustavo Petro (@petrogustavo) January 3, 2024<\/p>\n<p>PUBLICADO EL 03 DE ENERO DE 2024 Con informaci\u00f3n de<\/p>\n","protected":false},"excerpt":{"rendered":"<p>BOGOTA, COLOMBIA. \u2014 El presidente de Colombia, Gustavo Petro, confirm\u00f3 que al menos cuatro de&#8230;<\/p>\n","protected":false},"author":1,"featured_media":181404,"comment_status":"open","ping_status":"open","sticky":false,"template":"","format":"standard","meta":{"_monsterinsights_skip_tracking":false,"_monsterinsights_sitenote_active":false,"_monsterinsights_sitenote_note":"","_monsterinsights_sitenote_category":0,"footnotes":""},"categories":[3],"tags":[],"class_list":["post"],"yoast_head":" \n<title>Sonora en Equipo. Hay 4 colombianos entre los 31 migrantes secuestrados en Tamaulipas: Gustavo Petro MUNDO<\/title>\n<meta name=\"description\" content=\"BOGOTA, COLOMBIA. \u2014 El presidente de Colombia, Gustavo Petro, confirm\u00f3 que al menos cuatro de los 31 migrantes secuestrados en Tamaulipas, M\u00e9xico, el En Sonora en Equipo publicamos toda la informaci\u00f3n de Sonora, M\u00e9xico y el Mundo de manera oportuna y busca que la libertad de expresi\u00f3n sea real. Visita nuestro medio informativo publicado desde Hermosillo, Sonora. %\" \/>\n<meta name=\"robots\" content=\"index, follow, max-snippet:-1, max-image-preview:large, max-video-preview:-1\" \/>\n<link rel=\"canonical\" href=\"https:\/\/www.sonoraenequipo.com.mx\/hay-4-colombianos-entre-los-31-migrantes-secuestrados-en-tamaulipas-gustavo-petro\/\" \/>\n<meta property=\"og:locale\" content=\"es_ES\" \/>\n<meta property=\"og:type\" content=\"article\" \/>\n<meta property=\"og:title\" content=\"Sonora en Equipo. Hay 4 colombianos entre los 31 migrantes secuestrados en Tamaulipas: Gustavo Petro MUNDO\" \/>\n<meta property=\"og:description\" content=\"BOGOTA, COLOMBIA. \u2014 El presidente de Colombia, Gustavo Petro, confirm\u00f3 que al menos cuatro de los 31 migrantes secuestrados en Tamaulipas, M\u00e9xico, el En Sonora en Equipo publicamos toda la informaci\u00f3n de Sonora, M\u00e9xico y el Mundo de manera oportuna y busca que la libertad de expresi\u00f3n sea real. Visita nuestro medio informativo publicado desde Hermosillo, Sonora. %\" \/>\n<meta property=\"og:url\" content=\"https:\/\/www.sonoraenequipo.com.mx\/hay-4-colombianos-entre-los-31-migrantes-secuestrados-en-tamaulipas-gustavo-petro\/\" \/>\n<meta property=\"og:site_name\" content=\"Sonora en Equipo.\" \/>\n<meta property=\"article:publisher\" content=\"https:\/\/www.facebook.com\/SonoraEE\/\" \/>\n<meta property=\"article:author\" content=\"https:\/\/www.facebook.com\/SonoraEE\" \/>\n<meta property=\"article:published_time\" content=\"2024-01-03T14:18:29+00:00\" \/>\n<meta property=\"article:modified_time\" content=\"2024-01-03T18:34:08+00:00\" \/>\n<meta property=\"og:image\" content=\"https:\/\/www.sonoraenequipo.com.mx\/storage\/2024\/01\/petro-min.jpg\" \/>\n\t<meta property=\"og:image:width\" content=\"1087\" \/>\n\t<meta property=\"og:image:height\" content=\"581\" \/>\n\t<meta property=\"og:image:type\" content=\"image\/jpeg\" \/>\n<meta name=\"author\" content=\"enequipo\" \/>\n<meta name=\"twitter:card\" content=\"summary_large_image\" \/>\n<meta name=\"twitter:creator\" content=\"@sonoraenequipo\" \/>\n<meta name=\"twitter:site\" content=\"@sonoraenequipo\" \/>\n<meta name=\"twitter:label1\" content=\"Escrito por\" \/>\n\t<meta name=\"twitter:data1\" content=\"enequipo\" \/>\n\t<meta name=\"twitter:label2\" content=\"Tiempo de lectura\" \/>\n\t<meta name=\"twitter:data2\" content=\"1 minuto\" \/>\n<script type=\"application\/ld+json\" class=\"yoast-schema-graph\">{\"@context\":\"https:\/\/schema.org\",\"@graph\":[{\"@type\":\"Article\",\"@id\":\"https:\/\/www.sonoraenequipo.com.mx\/hay-4-colombianos-entre-los-31-migrantes-secuestrados-en-tamaulipas-gustavo-petro\/#article\",\"isPartOf\":{\"@id\":\"https:\/\/www.sonoraenequipo.com.mx\/hay-4-colombianos-entre-los-31-migrantes-secuestrados-en-tamaulipas-gustavo-petro\/\"},\"author\":{\"name\":\"enequipo\",\"@id\":\"https:\/\/www.sonoraenequipo.com.mx\/#\/schema\/person\/50102df0fb23a8fa9e8effad8fa81386\"},\"headline\":\"Hay 4 colombianos entre los 31 migrantes secuestrados en Tamaulipas: Gustavo Petro\",\"datePublished\":\"2024-01-03T14:18:29+00:00\",\"dateModified\":\"2024-01-03T18:34:08+00:00\",\"mainEntityOfPage\":{\"@id\":\"https:\/\/www.sonoraenequipo.com.mx\/hay-4-colombianos-entre-los-31-migrantes-secuestrados-en-tamaulipas-gustavo-petro\/\"},\"wordCount\":282,\"commentCount\":0,\"publisher\":{\"@id\":\"https:\/\/www.sonoraenequipo.com.mx\/#organization\"},\"image\":{\"@id\":\"https:\/\/www.sonoraenequipo.com.mx\/hay-4-colombianos-entre-los-31-migrantes-secuestrados-en-tamaulipas-gustavo-petro\/#primaryimage\"},\"thumbnailUrl\":\"https:\/\/www.sonoraenequipo.com.mx\/storage\/2024\/01\/petro-min.jpg\",\"articleSection\":[\"MUNDO\"],\"inLanguage\":\"es\",\"potentialAction\":[{\"@type\":\"CommentAction\",\"name\":\"Comment\",\"target\":[\"https:\/\/www.sonoraenequipo.com.mx\/hay-4-colombianos-entre-los-31-migrantes-secuestrados-en-tamaulipas-gustavo-petro\/#respond\"]}]},{\"@type\":\"WebPage\",\"@id\":\"https:\/\/www.sonoraenequipo.com.mx\/hay-4-colombianos-entre-los-31-migrantes-secuestrados-en-tamaulipas-gustavo-petro\/\",\"url\":\"https:\/\/www.sonoraenequipo.com.mx\/hay-4-colombianos-entre-los-31-migrantes-secuestrados-en-tamaulipas-gustavo-petro\/\",\"name\":\"Sonora en Equipo. Hay 4 colombianos entre los 31 migrantes secuestrados en Tamaulipas: Gustavo Petro MUNDO\",\"isPartOf\":{\"@id\":\"https:\/\/www.sonoraenequipo.com.mx\/#website\"},\"primaryImageOfPage\":{\"@id\":\"https:\/\/www.sonoraenequipo.com.mx\/hay-4-colombianos-entre-los-31-migrantes-secuestrados-en-tamaulipas-gustavo-petro\/#primaryimage\"},\"image\":{\"@id\":\"https:\/\/www.sonoraenequipo.com.mx\/hay-4-colombianos-entre-los-31-migrantes-secuestrados-en-tamaulipas-gustavo-petro\/#primaryimage\"},\"thumbnailUrl\":\"https:\/\/www.sonoraenequipo.com.mx\/storage\/2024\/01\/petro-min.jpg\",\"datePublished\":\"2024-01-03T14:18:29+00:00\",\"dateModified\":\"2024-01-03T18:34:08+00:00\",\"description\":\"BOGOTA, COLOMBIA. \u2014 El presidente de Colombia, Gustavo Petro, confirm\u00f3 que al menos cuatro de los 31 migrantes secuestrados en Tamaulipas, M\u00e9xico, el En Sonora en Equipo publicamos toda la informaci\u00f3n de Sonora, M\u00e9xico y el Mundo de manera oportuna y busca que la libertad de expresi\u00f3n sea real. Visita nuestro medio informativo publicado desde Hermosillo, Sonora. %\",\"breadcrumb\":{\"@id\":\"https:\/\/www.sonoraenequipo.com.mx\/hay-4-colombianos-entre-los-31-migrantes-secuestrados-en-tamaulipas-gustavo-petro\/#breadcrumb\"},\"inLanguage\":\"es\",\"potentialAction\":[{\"@type\":\"ReadAction\",\"target\":[\"https:\/\/www.sonoraenequipo.com.mx\/hay-4-colombianos-entre-los-31-migrantes-secuestrados-en-tamaulipas-gustavo-petro\/\"]}]},{\"@type\":\"ImageObject\",\"inLanguage\":\"es\",\"@id\":\"https:\/\/www.sonoraenequipo.com.mx\/hay-4-colombianos-entre-los-31-migrantes-secuestrados-en-tamaulipas-gustavo-petro\/#primaryimage\",\"url\":\"https:\/\/www.sonoraenequipo.com.mx\/storage\/2024\/01\/petro-min.jpg\",\"contentUrl\":\"https:\/\/www.sonoraenequipo.com.mx\/storage\/2024\/01\/petro-min.jpg\",\"width\":1087,\"height\":581},{\"@type\":\"BreadcrumbList\",\"@id\":\"https:\/\/www.sonoraenequipo.com.mx\/hay-4-colombianos-entre-los-31-migrantes-secuestrados-en-tamaulipas-gustavo-petro\/#breadcrumb\",\"itemListElement\":[{\"@type\":\"ListItem\",\"position\":1,\"name\":\"Portada\",\"item\":\"https:\/\/www.sonoraenequipo.com.mx\/\"},{\"@type\":\"ListItem\",\"position\":2,\"name\":\"Hay 4 colombianos entre los 31 migrantes secuestrados en Tamaulipas: Gustavo Petro\"}]},{\"@type\":\"WebSite\",\"@id\":\"https:\/\/www.sonoraenequipo.com.mx\/#website\",\"url\":\"https:\/\/www.sonoraenequipo.com.mx\/\",\"name\":\"Sonora en Equipo.\",\"description\":\"Diario en l\u00ednea con Noticias desde Hermosillo, Sonora\",\"publisher\":{\"@id\":\"https:\/\/www.sonoraenequipo.com.mx\/#organization\"},\"potentialAction\":[{\"@type\":\"SearchAction\",\"target\":{\"@type\":\"EntryPoint\",\"urlTemplate\":\"https:\/\/www.sonoraenequipo.com.mx\/?s={search_term_string}\"},\"query-input\":{\"@type\":\"PropertyValueSpecification\",\"valueRequired\":true,\"valueName\":\"search_term_string\"}}],\"inLanguage\":\"es\"},{\"@type\":\"Organization\",\"@id\":\"https:\/\/www.sonoraenequipo.com.mx\/#organization\",\"name\":\"Sonoraenequipo.com.mx\",\"url\":\"https:\/\/www.sonoraenequipo.com.mx\/\",\"logo\":{\"@type\":\"ImageObject\",\"inLanguage\":\"es\",\"@id\":\"https:\/\/www.sonoraenequipo.com.mx\/#\/schema\/logo\/image\/\",\"url\":\"https:\/\/www.sonoraenequipo.com.mx\/storage\/2019\/01\/sonoraenequipo_opt.png\",\"contentUrl\":\"https:\/\/www.sonoraenequipo.com.mx\/storage\/2019\/01\/sonoraenequipo_opt.png\",\"width\":375,\"height\":125,\"caption\":\"Sonoraenequipo.com.mx\"},\"image\":{\"@id\":\"https:\/\/www.sonoraenequipo.com.mx\/#\/schema\/logo\/image\/\"},\"sameAs\":[\"https:\/\/www.facebook.com\/SonoraEE\/\",\"https:\/\/x.com\/sonoraenequipo\",\"https:\/\/www.youtube.com\/channel\/UC338nW-lPEYmJQs4ZABQ1SQ\"]},{\"@type\":\"Person\",\"@id\":\"https:\/\/www.sonoraenequipo.com.mx\/#\/schema\/person\/50102df0fb23a8fa9e8effad8fa81386\",\"name\":\"enequipo\",\"image\":{\"@type\":\"ImageObject\",\"inLanguage\":\"es\",\"@id\":\"https:\/\/www.sonoraenequipo.com.mx\/#\/schema\/person\/image\/\",\"url\":\"https:\/\/secure.gravatar.com\/avatar\/049821681b589dabc0bc20695993ccebb09f5b5d4d790cd9251b97faac7c652b?s=96&d=blank&r=g\",\"contentUrl\":\"https:\/\/secure.gravatar.com\/avatar\/049821681b589dabc0bc20695993ccebb09f5b5d4d790cd9251b97faac7c652b?s=96&d=blank&r=g\",\"caption\":\"enequipo\"},\"sameAs\":[\"https:\/\/www.facebook.com\/SonoraEE\"]}]}<\/script>\n ","yoast_head_json":{"title":"Sonora en Equipo. Hay 4 colombianos entre los 31 migrantes secuestrados en Tamaulipas: Gustavo Petro MUNDO","description":"BOGOTA, COLOMBIA. \u2014 El presidente de Colombia, Gustavo Petro, confirm\u00f3 que al menos cuatro de los 31 migrantes secuestrados en Tamaulipas, M\u00e9xico, el En Sonora en Equipo publicamos toda la informaci\u00f3n de Sonora, M\u00e9xico y el Mundo de manera oportuna y busca que la libertad de expresi\u00f3n sea real. Visita nuestro medio informativo publicado desde Hermosillo, Sonora. %","robots":{"index":"index","follow":"follow","max-snippet":"max-snippet:-1","max-image-preview":"max-image-preview:large","max-video-preview":"max-video-preview:-1"},"canonical":"https:\/\/www.sonoraenequipo.com.mx\/hay-4-colombianos-entre-los-31-migrantes-secuestrados-en-tamaulipas-gustavo-petro\/","og_locale":"es_ES","og_type":"article","og_title":"Sonora en Equipo. Hay 4 colombianos entre los 31 migrantes secuestrados en Tamaulipas: Gustavo Petro MUNDO","og_description":"BOGOTA, COLOMBIA. \u2014 El presidente de Colombia, Gustavo Petro, confirm\u00f3 que al menos cuatro de los 31 migrantes secuestrados en Tamaulipas, M\u00e9xico, el En Sonora en Equipo publicamos toda la informaci\u00f3n de Sonora, M\u00e9xico y el Mundo de manera oportuna y busca que la libertad de expresi\u00f3n sea real. Visita nuestro medio informativo publicado desde Hermosillo, Sonora. %","og_url":"https:\/\/www.sonoraenequipo.com.mx\/hay-4-colombianos-entre-los-31-migrantes-secuestrados-en-tamaulipas-gustavo-petro\/","og_site_name":"Sonora en Equipo.","article_publisher":"https:\/\/www.facebook.com\/SonoraEE\/","article_author":"https:\/\/www.facebook.com\/SonoraEE","article_published_time":"2024-01-03T14:18:29+00:00","article_modified_time":"2024-01-03T18:34:08+00:00","og_image":[{"width":1087,"height":581,"url":"https:\/\/www.sonoraenequipo.com.mx\/storage\/2024\/01\/petro-min.jpg","type":"image\/jpeg"}],"author":"enequipo","twitter_card":"summary_large_image","twitter_creator":"@sonoraenequipo","twitter_site":"@sonoraenequipo","twitter_misc":{"Escrito por":"enequipo","Tiempo de lectura":"1 minuto"},"schema":{"@context":"https:\/\/schema.org","@graph":[{"@type":"Article","@id":"https:\/\/www.sonoraenequipo.com.mx\/hay-4-colombianos-entre-los-31-migrantes-secuestrados-en-tamaulipas-gustavo-petro\/#article","isPartOf":{"@id":"https:\/\/www.sonoraenequipo.com.mx\/hay-4-colombianos-entre-los-31-migrantes-secuestrados-en-tamaulipas-gustavo-petro\/"},"author":{"name":"enequipo","@id":"https:\/\/www.sonoraenequipo.com.mx\/#\/schema\/person\/50102df0fb23a8fa9e8effad8fa81386"},"headline":"Hay 4 colombianos entre los 31 migrantes secuestrados en Tamaulipas: Gustavo Petro","datePublished":"2024-01-03T14:18:29+00:00","dateModified":"2024-01-03T18:34:08+00:00","mainEntityOfPage":{"@id":"https:\/\/www.sonoraenequipo.com.mx\/hay-4-colombianos-entre-los-31-migrantes-secuestrados-en-tamaulipas-gustavo-petro\/"},"wordCount":282,"commentCount":0,"publisher":{"@id":"https:\/\/www.sonoraenequipo.com.mx\/#organization"},"image":{"@id":"https:\/\/www.sonoraenequipo.com.mx\/hay-4-colombianos-entre-los-31-migrantes-secuestrados-en-tamaulipas-gustavo-petro\/#primaryimage"},"thumbnailUrl":"https:\/\/www.sonoraenequipo.com.mx\/storage\/2024\/01\/petro-min.jpg","articleSection":["MUNDO"],"inLanguage":"es","potentialAction":[{"@type":"CommentAction","name":"Comment","target":["https:\/\/www.sonoraenequipo.com.mx\/hay-4-colombianos-entre-los-31-migrantes-secuestrados-en-tamaulipas-gustavo-petro\/#respond"]}]},{"@type":"WebPage","@id":"https:\/\/www.sonoraenequipo.com.mx\/hay-4-colombianos-entre-los-31-migrantes-secuestrados-en-tamaulipas-gustavo-petro\/","url":"https:\/\/www.sonoraenequipo.com.mx\/hay-4-colombianos-entre-los-31-migrantes-secuestrados-en-tamaulipas-gustavo-petro\/","name":"Sonora en Equipo. Hay 4 colombianos entre los 31 migrantes secuestrados en Tamaulipas: Gustavo Petro MUNDO","isPartOf":{"@id":"https:\/\/www.sonoraenequipo.com.mx\/#website"},"primaryImageOfPage":{"@id":"https:\/\/www.sonoraenequipo.com.mx\/hay-4-colombianos-entre-los-31-migrantes-secuestrados-en-tamaulipas-gustavo-petro\/#primaryimage"},"image":{"@id":"https:\/\/www.sonoraenequipo.com.mx\/hay-4-colombianos-entre-los-31-migrantes-secuestrados-en-tamaulipas-gustavo-petro\/#primaryimage"},"thumbnailUrl":"https:\/\/www.sonoraenequipo.com.mx\/storage\/2024\/01\/petro-min.jpg","datePublished":"2024-01-03T14:18:29+00:00","dateModified":"2024-01-03T18:34:08+00:00","description":"BOGOTA, COLOMBIA. \u2014 El presidente de Colombia, Gustavo Petro, confirm\u00f3 que al menos cuatro de los 31 migrantes secuestrados en Tamaulipas, M\u00e9xico, el En Sonora en Equipo publicamos toda la informaci\u00f3n de Sonora, M\u00e9xico y el Mundo de manera oportuna y busca que la libertad de expresi\u00f3n sea real. Visita nuestro medio informativo publicado desde Hermosillo, Sonora. %","breadcrumb":{"@id":"https:\/\/www.sonoraenequipo.com.mx\/hay-4-colombianos-entre-los-31-migrantes-secuestrados-en-tamaulipas-gustavo-petro\/#breadcrumb"},"inLanguage":"es","potentialAction":[{"@type":"ReadAction","target":["https:\/\/www.sonoraenequipo.com.mx\/hay-4-colombianos-entre-los-31-migrantes-secuestrados-en-tamaulipas-gustavo-petro\/"]}]},{"@type":"ImageObject","inLanguage":"es","@id":"https:\/\/www.sonoraenequipo.com.mx\/hay-4-colombianos-entre-los-31-migrantes-secuestrados-en-tamaulipas-gustavo-petro\/#primaryimage","url":"https:\/\/www.sonoraenequipo.com.mx\/storage\/2024\/01\/petro-min.jpg","contentUrl":"https:\/\/www.sonoraenequipo.com.mx\/storage\/2024\/01\/petro-min.jpg","width":1087,"height":581},{"@type":"BreadcrumbList","@id":"https:\/\/www.sonoraenequipo.com.mx\/hay-4-colombianos-entre-los-31-migrantes-secuestrados-en-tamaulipas-gustavo-petro\/#breadcrumb","itemListElement":[{"@type":"ListItem","position":1,"name":"Portada","item":"https:\/\/www.sonoraenequipo.com.mx\/"},{"@type":"ListItem","position":2,"name":"Hay 4 colombianos entre los 31 migrantes secuestrados en Tamaulipas: Gustavo Petro"}]},{"@type":"WebSite","@id":"https:\/\/www.sonoraenequipo.com.mx\/#website","url":"https:\/\/www.sonoraenequipo.com.mx\/","name":"Sonora en Equipo.","description":"Diario en l\u00ednea con Noticias desde Hermosillo, Sonora","publisher":{"@id":"https:\/\/www.sonoraenequipo.com.mx\/#organization"},"potentialAction":[{"@type":"SearchAction","target":{"@type":"EntryPoint","urlTemplate":"https:\/\/www.sonoraenequipo.com.mx\/?s={search_term_string}"},"query-input":{"@type":"PropertyValueSpecification","valueRequired":true,"valueName":"search_term_string"}}],"inLanguage":"es"},{"@type":"Organization","@id":"https:\/\/www.sonoraenequipo.com.mx\/#organization","name":"Sonoraenequipo.com.mx","url":"https:\/\/www.sonoraenequipo.com.mx\/","logo":{"@type":"ImageObject","inLanguage":"es","@id":"https:\/\/www.sonoraenequipo.com.mx\/#\/schema\/logo\/image\/","url":"https:\/\/www.sonoraenequipo.com.mx\/storage\/2019\/01\/sonoraenequipo_opt.png","contentUrl":"https:\/\/www.sonoraenequipo.com.mx\/storage\/2019\/01\/sonoraenequipo_opt.png","width":375,"height":125,"caption":"Sonoraenequipo.com.mx"},"image":{"@id":"https:\/\/www.sonoraenequipo.com.mx\/#\/schema\/logo\/image\/"},"sameAs":["https:\/\/www.facebook.com\/SonoraEE\/","https:\/\/x.com\/sonoraenequipo","https:\/\/www.youtube.com\/channel\/UC338nW-lPEYmJQs4ZABQ1SQ"]},{"@type":"Person","@id":"https:\/\/www.sonoraenequipo.com.mx\/#\/schema\/person\/50102df0fb23a8fa9e8effad8fa81386","name":"enequipo","image":{"@type":"ImageObject","inLanguage":"es","@id":"https:\/\/www.sonoraenequipo.com.mx\/#\/schema\/person\/image\/","url":"https:\/\/secure.gravatar.com\/avatar\/049821681b589dabc0bc20695993ccebb09f5b5d4d790cd9251b97faac7c652b?s=96&d=blank&r=g","contentUrl":"https:\/\/secure.gravatar.com\/avatar\/049821681b589dabc0bc20695993ccebb09f5b5d4d790cd9251b97faac7c652b?s=96&d=blank&r=g","caption":"enequipo"},"sameAs":["https:\/\/www.facebook.com\/SonoraEE"]}]}},"jetpack_featured_media_url":"https:\/\/www.sonoraenequipo.com.mx\/storage\/2024\/01\/petro-min.jpg","_links":{"self":[{"href":"https:\/\/www.sonoraenequipo.com.mx\/api\/wp\/v2\/posts\/181407","targetHints":{"allow":["GET"]}}],"collection":[{"href":"https:\/\/www.sonoraenequipo.com.mx\/api\/wp\/v2\/posts"}],"about":[{"href":"https:\/\/www.sonoraenequipo.com.mx\/api\/wp\/v2\/types\/post"}],"author":[{"embeddable":true,"href":"https:\/\/www.sonoraenequipo.com.mx\/api\/wp\/v2\/users\/1"}],"replies":[{"embeddable":true,"href":"https:\/\/www.sonoraenequipo.com.mx\/api\/wp\/v2\/comments?post=181407"}],"version-history":[{"count":2,"href":"https:\/\/www.sonoraenequipo.com.mx\/api\/wp\/v2\/posts\/181407\/revisions"}],"predecessor-version":[{"id":181410,"href":"https:\/\/www.sonoraenequipo.com.mx\/api\/wp\/v2\/posts\/181407\/revisions\/181410"}],"wp:featuredmedia":[{"embeddable":true,"href":"https:\/\/www.sonoraenequipo.com.mx\/api\/wp\/v2\/media\/181404"}],"wp:attachment":[{"href":"https:\/\/www.sonoraenequipo.com.mx\/api\/wp\/v2\/media?parent=181407"}],"wp:term":[{"taxonomy":"category","embeddable":true,"href":"https:\/\/www.sonoraenequipo.com.mx\/api\/wp\/v2\/categories?post=181407"},{"taxonomy":"post_tag","embeddable":true,"href":"https:\/\/www.sonoraenequipo.com.mx\/api\/wp\/v2\/tags?post=181407"}],"curies":[{"name":"wp","href":"https:\/\/api.w.org\/{rel}","templated":true}]}}