{"id":181420,"date":"2024-01-03T14:26:39","date_gmt":"2024-01-03T21:26:39","guid":{"rendered":"https:\/\/www.sonoraenequipo.com.mx\/?p=181420"},"modified":"2024-01-03T14:26:39","modified_gmt":"2024-01-03T21:26:39","slug":"fortalece-utguaymas-acciones-de-capacitacion-a-trabajadores-del-sector-industrial","status":"publish","type":"post","link":"https:\/\/www.sonoraenequipo.com.mx\/fortalece-utguaymas-acciones-de-capacitacion-a-trabajadores-del-sector-industrial\/","title":{"rendered":"Fortalece UTGuaymas acciones de capacitaci\u00f3n a trabajadores del sector industrial"},"content":{"rendered":"<p><strong>GUAYMAS, SONORA,MX.<\/strong><strong>\u02d7\u02d7\u02d7<\/strong> Como resultado del trabajo de vinculaci\u00f3n entre la industria regional y el sector acad\u00e9mico, la Universidad Tecnol\u00f3gica de Guaymas (UTG) brind\u00f3 capacitaci\u00f3n especializada a operadores de planta Aeron\u00e1utica Pursuit.<\/p>\n<p>&nbsp;<\/p>\n<p>&nbsp;<\/p>\n<p>&nbsp;<\/p>\n<p>Javier Carrizales Salazar, rector de la UTG, refrend\u00f3 el compromiso de la instituci\u00f3n de responder con eficacia a las necesidades de capacitaci\u00f3n de trabajadores del sector industrial y de servicios, para contribuir al fortalecimiento de la profesionalizaci\u00f3n.<\/p>\n<p>&nbsp;<\/p>\n<p>&nbsp;<\/p>\n<p>&nbsp;<\/p>\n<p>Detall\u00f3 que Jos\u00e9 Peinado Oroz, docente de la universidad e ingeniero en Aeron\u00e1utica, imparti\u00f3 el curso de soldadura de gas inerte de tungsteno (TIG, por sus siglas en ingl\u00e9s) a operadores de la planta Pursuit.<\/p>\n<p>&nbsp;<\/p>\n<p>&nbsp;<\/p>\n<p>&nbsp;<\/p>\n<p>Carrizales Salazar agradeci\u00f3 a la empresa por su reconocimiento y confianza en la UTG por la calidad del servicio de capacitaci\u00f3n que otorga al sector productivo, la cual responde a las demandas formativas de la industria establecida en la regi\u00f3n del puerto.<\/p>\n<p>&nbsp;<\/p>\n<p>&nbsp;<\/p>\n<p>&nbsp;<\/p>\n<p>Por su parte, Perla Navarro, gerente de Operaciones de Aeron\u00e1utica Pursuit, destac\u00f3 que para la empresa es prioritaria la mejora continua en su personal, procesos y productos, por lo que resalt\u00f3 el gran trabajo realizado por la instituci\u00f3n educativa.<\/p>\n<p>&nbsp;<\/p>\n<p>&nbsp;<\/p>\n<p>&nbsp;<\/p>\n<p>A\u00f1adi\u00f3 que Aeron\u00e1utica Pursuit es un fabricante global de componentes complejos para motores de aviones que se desarrollan mediante procesos altamente integrados.<\/p>\n<p><strong>Fecha de publicaci\u00f3n mi\u00e9rcoles<\/strong><strong> 3 de enero de 2024<\/strong><\/p>\n","protected":false},"excerpt":{"rendered":"<p>GUAYMAS, SONORA,MX.\u02d7\u02d7\u02d7 Como resultado del trabajo de vinculaci\u00f3n entre la industria regional y el sector&#8230;<\/p>\n","protected":false},"author":1,"featured_media":181421,"comment_status":"open","ping_status":"open","sticky":false,"template":"","format":"standard","meta":{"_monsterinsights_skip_tracking":false,"_monsterinsights_sitenote_active":false,"_monsterinsights_sitenote_note":"","_monsterinsights_sitenote_category":0,"footnotes":""},"categories":[4,22],"tags":[9250],"class_list":["post"],"yoast_head":" \n<title>Sonora en Equipo. Fortalece UTGuaymas acciones de capacitaci\u00f3n a trabajadores del sector industrial Municipios<\/title>\n<meta name=\"description\" content=\"GUAYMAS, SONORA,MX.\u02d7\u02d7\u02d7 Como resultado del trabajo de vinculaci\u00f3n entre la industria regional y el sector acad\u00e9mico, la Universidad Tecnol\u00f3gica de Guaymas En Sonora en Equipo publicamos toda la informaci\u00f3n de Sonora, M\u00e9xico y el Mundo de manera oportuna y busca que la libertad de expresi\u00f3n sea real. Visita nuestro medio informativo publicado desde Hermosillo, Sonora. %\" \/>\n<meta name=\"robots\" content=\"index, follow, max-snippet:-1, max-image-preview:large, max-video-preview:-1\" \/>\n<link rel=\"canonical\" href=\"https:\/\/www.sonoraenequipo.com.mx\/fortalece-utguaymas-acciones-de-capacitacion-a-trabajadores-del-sector-industrial\/\" \/>\n<meta property=\"og:locale\" content=\"es_ES\" \/>\n<meta property=\"og:type\" content=\"article\" \/>\n<meta property=\"og:title\" content=\"Sonora en Equipo. Fortalece UTGuaymas acciones de capacitaci\u00f3n a trabajadores del sector industrial Municipios\" \/>\n<meta property=\"og:description\" content=\"GUAYMAS, SONORA,MX.\u02d7\u02d7\u02d7 Como resultado del trabajo de vinculaci\u00f3n entre la industria regional y el sector acad\u00e9mico, la Universidad Tecnol\u00f3gica de Guaymas En Sonora en Equipo publicamos toda la informaci\u00f3n de Sonora, M\u00e9xico y el Mundo de manera oportuna y busca que la libertad de expresi\u00f3n sea real. Visita nuestro medio informativo publicado desde Hermosillo, Sonora. %\" \/>\n<meta property=\"og:url\" content=\"https:\/\/www.sonoraenequipo.com.mx\/fortalece-utguaymas-acciones-de-capacitacion-a-trabajadores-del-sector-industrial\/\" \/>\n<meta property=\"og:site_name\" content=\"Sonora en Equipo.\" \/>\n<meta property=\"article:publisher\" content=\"https:\/\/www.facebook.com\/SonoraEE\/\" \/>\n<meta property=\"article:author\" content=\"https:\/\/www.facebook.com\/SonoraEE\" \/>\n<meta property=\"article:published_time\" content=\"2024-01-03T21:26:39+00:00\" \/>\n<meta property=\"og:image\" content=\"https:\/\/www.sonoraenequipo.com.mx\/storage\/2024\/01\/UTG.jpg\" \/>\n\t<meta property=\"og:image:width\" content=\"600\" \/>\n\t<meta property=\"og:image:height\" content=\"400\" \/>\n\t<meta property=\"og:image:type\" content=\"image\/jpeg\" \/>\n<meta name=\"author\" content=\"enequipo\" \/>\n<meta name=\"twitter:card\" content=\"summary_large_image\" \/>\n<meta name=\"twitter:creator\" content=\"@sonoraenequipo\" \/>\n<meta name=\"twitter:site\" content=\"@sonoraenequipo\" \/>\n<meta name=\"twitter:label1\" content=\"Escrito por\" \/>\n\t<meta name=\"twitter:data1\" content=\"enequipo\" \/>\n\t<meta name=\"twitter:label2\" content=\"Tiempo de lectura\" \/>\n\t<meta name=\"twitter:data2\" content=\"1 minuto\" \/>\n<script type=\"application\/ld+json\" class=\"yoast-schema-graph\">{\"@context\":\"https:\/\/schema.org\",\"@graph\":[{\"@type\":\"Article\",\"@id\":\"https:\/\/www.sonoraenequipo.com.mx\/fortalece-utguaymas-acciones-de-capacitacion-a-trabajadores-del-sector-industrial\/#article\",\"isPartOf\":{\"@id\":\"https:\/\/www.sonoraenequipo.com.mx\/fortalece-utguaymas-acciones-de-capacitacion-a-trabajadores-del-sector-industrial\/\"},\"author\":{\"name\":\"enequipo\",\"@id\":\"https:\/\/www.sonoraenequipo.com.mx\/#\/schema\/person\/50102df0fb23a8fa9e8effad8fa81386\"},\"headline\":\"Fortalece UTGuaymas acciones de capacitaci\u00f3n a trabajadores del sector industrial\",\"datePublished\":\"2024-01-03T21:26:39+00:00\",\"mainEntityOfPage\":{\"@id\":\"https:\/\/www.sonoraenequipo.com.mx\/fortalece-utguaymas-acciones-de-capacitacion-a-trabajadores-del-sector-industrial\/\"},\"wordCount\":258,\"commentCount\":0,\"publisher\":{\"@id\":\"https:\/\/www.sonoraenequipo.com.mx\/#organization\"},\"image\":{\"@id\":\"https:\/\/www.sonoraenequipo.com.mx\/fortalece-utguaymas-acciones-de-capacitacion-a-trabajadores-del-sector-industrial\/#primaryimage\"},\"thumbnailUrl\":\"https:\/\/www.sonoraenequipo.com.mx\/storage\/2024\/01\/UTG.jpg\",\"keywords\":[\"UTguaymas\"],\"articleSection\":[\"Municipios\",\"Sonora\"],\"inLanguage\":\"es\",\"potentialAction\":[{\"@type\":\"CommentAction\",\"name\":\"Comment\",\"target\":[\"https:\/\/www.sonoraenequipo.com.mx\/fortalece-utguaymas-acciones-de-capacitacion-a-trabajadores-del-sector-industrial\/#respond\"]}]},{\"@type\":\"WebPage\",\"@id\":\"https:\/\/www.sonoraenequipo.com.mx\/fortalece-utguaymas-acciones-de-capacitacion-a-trabajadores-del-sector-industrial\/\",\"url\":\"https:\/\/www.sonoraenequipo.com.mx\/fortalece-utguaymas-acciones-de-capacitacion-a-trabajadores-del-sector-industrial\/\",\"name\":\"Sonora en Equipo. Fortalece UTGuaymas acciones de capacitaci\u00f3n a trabajadores del sector industrial Municipios\",\"isPartOf\":{\"@id\":\"https:\/\/www.sonoraenequipo.com.mx\/#website\"},\"primaryImageOfPage\":{\"@id\":\"https:\/\/www.sonoraenequipo.com.mx\/fortalece-utguaymas-acciones-de-capacitacion-a-trabajadores-del-sector-industrial\/#primaryimage\"},\"image\":{\"@id\":\"https:\/\/www.sonoraenequipo.com.mx\/fortalece-utguaymas-acciones-de-capacitacion-a-trabajadores-del-sector-industrial\/#primaryimage\"},\"thumbnailUrl\":\"https:\/\/www.sonoraenequipo.com.mx\/storage\/2024\/01\/UTG.jpg\",\"datePublished\":\"2024-01-03T21:26:39+00:00\",\"description\":\"GUAYMAS, SONORA,MX.\u02d7\u02d7\u02d7 Como resultado del trabajo de vinculaci\u00f3n entre la industria regional y el sector acad\u00e9mico, la Universidad Tecnol\u00f3gica de Guaymas En Sonora en Equipo publicamos toda la informaci\u00f3n de Sonora, M\u00e9xico y el Mundo de manera oportuna y busca que la libertad de expresi\u00f3n sea real. Visita nuestro medio informativo publicado desde Hermosillo, Sonora. %\",\"breadcrumb\":{\"@id\":\"https:\/\/www.sonoraenequipo.com.mx\/fortalece-utguaymas-acciones-de-capacitacion-a-trabajadores-del-sector-industrial\/#breadcrumb\"},\"inLanguage\":\"es\",\"potentialAction\":[{\"@type\":\"ReadAction\",\"target\":[\"https:\/\/www.sonoraenequipo.com.mx\/fortalece-utguaymas-acciones-de-capacitacion-a-trabajadores-del-sector-industrial\/\"]}]},{\"@type\":\"ImageObject\",\"inLanguage\":\"es\",\"@id\":\"https:\/\/www.sonoraenequipo.com.mx\/fortalece-utguaymas-acciones-de-capacitacion-a-trabajadores-del-sector-industrial\/#primaryimage\",\"url\":\"https:\/\/www.sonoraenequipo.com.mx\/storage\/2024\/01\/UTG.jpg\",\"contentUrl\":\"https:\/\/www.sonoraenequipo.com.mx\/storage\/2024\/01\/UTG.jpg\",\"width\":600,\"height\":400},{\"@type\":\"BreadcrumbList\",\"@id\":\"https:\/\/www.sonoraenequipo.com.mx\/fortalece-utguaymas-acciones-de-capacitacion-a-trabajadores-del-sector-industrial\/#breadcrumb\",\"itemListElement\":[{\"@type\":\"ListItem\",\"position\":1,\"name\":\"Portada\",\"item\":\"https:\/\/www.sonoraenequipo.com.mx\/\"},{\"@type\":\"ListItem\",\"position\":2,\"name\":\"Fortalece UTGuaymas acciones de capacitaci\u00f3n a trabajadores del sector industrial\"}]},{\"@type\":\"WebSite\",\"@id\":\"https:\/\/www.sonoraenequipo.com.mx\/#website\",\"url\":\"https:\/\/www.sonoraenequipo.com.mx\/\",\"name\":\"Sonora en Equipo.\",\"description\":\"Diario en l\u00ednea con Noticias desde Hermosillo, Sonora\",\"publisher\":{\"@id\":\"https:\/\/www.sonoraenequipo.com.mx\/#organization\"},\"potentialAction\":[{\"@type\":\"SearchAction\",\"target\":{\"@type\":\"EntryPoint\",\"urlTemplate\":\"https:\/\/www.sonoraenequipo.com.mx\/?s={search_term_string}\"},\"query-input\":{\"@type\":\"PropertyValueSpecification\",\"valueRequired\":true,\"valueName\":\"search_term_string\"}}],\"inLanguage\":\"es\"},{\"@type\":\"Organization\",\"@id\":\"https:\/\/www.sonoraenequipo.com.mx\/#organization\",\"name\":\"Sonoraenequipo.com.mx\",\"url\":\"https:\/\/www.sonoraenequipo.com.mx\/\",\"logo\":{\"@type\":\"ImageObject\",\"inLanguage\":\"es\",\"@id\":\"https:\/\/www.sonoraenequipo.com.mx\/#\/schema\/logo\/image\/\",\"url\":\"https:\/\/www.sonoraenequipo.com.mx\/storage\/2019\/01\/sonoraenequipo_opt.png\",\"contentUrl\":\"https:\/\/www.sonoraenequipo.com.mx\/storage\/2019\/01\/sonoraenequipo_opt.png\",\"width\":375,\"height\":125,\"caption\":\"Sonoraenequipo.com.mx\"},\"image\":{\"@id\":\"https:\/\/www.sonoraenequipo.com.mx\/#\/schema\/logo\/image\/\"},\"sameAs\":[\"https:\/\/www.facebook.com\/SonoraEE\/\",\"https:\/\/x.com\/sonoraenequipo\",\"https:\/\/www.youtube.com\/channel\/UC338nW-lPEYmJQs4ZABQ1SQ\"]},{\"@type\":\"Person\",\"@id\":\"https:\/\/www.sonoraenequipo.com.mx\/#\/schema\/person\/50102df0fb23a8fa9e8effad8fa81386\",\"name\":\"enequipo\",\"image\":{\"@type\":\"ImageObject\",\"inLanguage\":\"es\",\"@id\":\"https:\/\/www.sonoraenequipo.com.mx\/#\/schema\/person\/image\/\",\"url\":\"https:\/\/secure.gravatar.com\/avatar\/049821681b589dabc0bc20695993ccebb09f5b5d4d790cd9251b97faac7c652b?s=96&d=blank&r=g\",\"contentUrl\":\"https:\/\/secure.gravatar.com\/avatar\/049821681b589dabc0bc20695993ccebb09f5b5d4d790cd9251b97faac7c652b?s=96&d=blank&r=g\",\"caption\":\"enequipo\"},\"sameAs\":[\"https:\/\/www.facebook.com\/SonoraEE\"]}]}<\/script>\n ","yoast_head_json":{"title":"Sonora en Equipo. Fortalece UTGuaymas acciones de capacitaci\u00f3n a trabajadores del sector industrial Municipios","description":"GUAYMAS, SONORA,MX.\u02d7\u02d7\u02d7 Como resultado del trabajo de vinculaci\u00f3n entre la industria regional y el sector acad\u00e9mico, la Universidad Tecnol\u00f3gica de Guaymas En Sonora en Equipo publicamos toda la informaci\u00f3n de Sonora, M\u00e9xico y el Mundo de manera oportuna y busca que la libertad de expresi\u00f3n sea real. Visita nuestro medio informativo publicado desde Hermosillo, Sonora. %","robots":{"index":"index","follow":"follow","max-snippet":"max-snippet:-1","max-image-preview":"max-image-preview:large","max-video-preview":"max-video-preview:-1"},"canonical":"https:\/\/www.sonoraenequipo.com.mx\/fortalece-utguaymas-acciones-de-capacitacion-a-trabajadores-del-sector-industrial\/","og_locale":"es_ES","og_type":"article","og_title":"Sonora en Equipo. Fortalece UTGuaymas acciones de capacitaci\u00f3n a trabajadores del sector industrial Municipios","og_description":"GUAYMAS, SONORA,MX.\u02d7\u02d7\u02d7 Como resultado del trabajo de vinculaci\u00f3n entre la industria regional y el sector acad\u00e9mico, la Universidad Tecnol\u00f3gica de Guaymas En Sonora en Equipo publicamos toda la informaci\u00f3n de Sonora, M\u00e9xico y el Mundo de manera oportuna y busca que la libertad de expresi\u00f3n sea real. Visita nuestro medio informativo publicado desde Hermosillo, Sonora. %","og_url":"https:\/\/www.sonoraenequipo.com.mx\/fortalece-utguaymas-acciones-de-capacitacion-a-trabajadores-del-sector-industrial\/","og_site_name":"Sonora en Equipo.","article_publisher":"https:\/\/www.facebook.com\/SonoraEE\/","article_author":"https:\/\/www.facebook.com\/SonoraEE","article_published_time":"2024-01-03T21:26:39+00:00","og_image":[{"width":600,"height":400,"url":"https:\/\/www.sonoraenequipo.com.mx\/storage\/2024\/01\/UTG.jpg","type":"image\/jpeg"}],"author":"enequipo","twitter_card":"summary_large_image","twitter_creator":"@sonoraenequipo","twitter_site":"@sonoraenequipo","twitter_misc":{"Escrito por":"enequipo","Tiempo de lectura":"1 minuto"},"schema":{"@context":"https:\/\/schema.org","@graph":[{"@type":"Article","@id":"https:\/\/www.sonoraenequipo.com.mx\/fortalece-utguaymas-acciones-de-capacitacion-a-trabajadores-del-sector-industrial\/#article","isPartOf":{"@id":"https:\/\/www.sonoraenequipo.com.mx\/fortalece-utguaymas-acciones-de-capacitacion-a-trabajadores-del-sector-industrial\/"},"author":{"name":"enequipo","@id":"https:\/\/www.sonoraenequipo.com.mx\/#\/schema\/person\/50102df0fb23a8fa9e8effad8fa81386"},"headline":"Fortalece UTGuaymas acciones de capacitaci\u00f3n a trabajadores del sector industrial","datePublished":"2024-01-03T21:26:39+00:00","mainEntityOfPage":{"@id":"https:\/\/www.sonoraenequipo.com.mx\/fortalece-utguaymas-acciones-de-capacitacion-a-trabajadores-del-sector-industrial\/"},"wordCount":258,"commentCount":0,"publisher":{"@id":"https:\/\/www.sonoraenequipo.com.mx\/#organization"},"image":{"@id":"https:\/\/www.sonoraenequipo.com.mx\/fortalece-utguaymas-acciones-de-capacitacion-a-trabajadores-del-sector-industrial\/#primaryimage"},"thumbnailUrl":"https:\/\/www.sonoraenequipo.com.mx\/storage\/2024\/01\/UTG.jpg","keywords":["UTguaymas"],"articleSection":["Municipios","Sonora"],"inLanguage":"es","potentialAction":[{"@type":"CommentAction","name":"Comment","target":["https:\/\/www.sonoraenequipo.com.mx\/fortalece-utguaymas-acciones-de-capacitacion-a-trabajadores-del-sector-industrial\/#respond"]}]},{"@type":"WebPage","@id":"https:\/\/www.sonoraenequipo.com.mx\/fortalece-utguaymas-acciones-de-capacitacion-a-trabajadores-del-sector-industrial\/","url":"https:\/\/www.sonoraenequipo.com.mx\/fortalece-utguaymas-acciones-de-capacitacion-a-trabajadores-del-sector-industrial\/","name":"Sonora en Equipo. Fortalece UTGuaymas acciones de capacitaci\u00f3n a trabajadores del sector industrial Municipios","isPartOf":{"@id":"https:\/\/www.sonoraenequipo.com.mx\/#website"},"primaryImageOfPage":{"@id":"https:\/\/www.sonoraenequipo.com.mx\/fortalece-utguaymas-acciones-de-capacitacion-a-trabajadores-del-sector-industrial\/#primaryimage"},"image":{"@id":"https:\/\/www.sonoraenequipo.com.mx\/fortalece-utguaymas-acciones-de-capacitacion-a-trabajadores-del-sector-industrial\/#primaryimage"},"thumbnailUrl":"https:\/\/www.sonoraenequipo.com.mx\/storage\/2024\/01\/UTG.jpg","datePublished":"2024-01-03T21:26:39+00:00","description":"GUAYMAS, SONORA,MX.\u02d7\u02d7\u02d7 Como resultado del trabajo de vinculaci\u00f3n entre la industria regional y el sector acad\u00e9mico, la Universidad Tecnol\u00f3gica de Guaymas En Sonora en Equipo publicamos toda la informaci\u00f3n de Sonora, M\u00e9xico y el Mundo de manera oportuna y busca que la libertad de expresi\u00f3n sea real. Visita nuestro medio informativo publicado desde Hermosillo, Sonora. %","breadcrumb":{"@id":"https:\/\/www.sonoraenequipo.com.mx\/fortalece-utguaymas-acciones-de-capacitacion-a-trabajadores-del-sector-industrial\/#breadcrumb"},"inLanguage":"es","potentialAction":[{"@type":"ReadAction","target":["https:\/\/www.sonoraenequipo.com.mx\/fortalece-utguaymas-acciones-de-capacitacion-a-trabajadores-del-sector-industrial\/"]}]},{"@type":"ImageObject","inLanguage":"es","@id":"https:\/\/www.sonoraenequipo.com.mx\/fortalece-utguaymas-acciones-de-capacitacion-a-trabajadores-del-sector-industrial\/#primaryimage","url":"https:\/\/www.sonoraenequipo.com.mx\/storage\/2024\/01\/UTG.jpg","contentUrl":"https:\/\/www.sonoraenequipo.com.mx\/storage\/2024\/01\/UTG.jpg","width":600,"height":400},{"@type":"BreadcrumbList","@id":"https:\/\/www.sonoraenequipo.com.mx\/fortalece-utguaymas-acciones-de-capacitacion-a-trabajadores-del-sector-industrial\/#breadcrumb","itemListElement":[{"@type":"ListItem","position":1,"name":"Portada","item":"https:\/\/www.sonoraenequipo.com.mx\/"},{"@type":"ListItem","position":2,"name":"Fortalece UTGuaymas acciones de capacitaci\u00f3n a trabajadores del sector industrial"}]},{"@type":"WebSite","@id":"https:\/\/www.sonoraenequipo.com.mx\/#website","url":"https:\/\/www.sonoraenequipo.com.mx\/","name":"Sonora en Equipo.","description":"Diario en l\u00ednea con Noticias desde Hermosillo, Sonora","publisher":{"@id":"https:\/\/www.sonoraenequipo.com.mx\/#organization"},"potentialAction":[{"@type":"SearchAction","target":{"@type":"EntryPoint","urlTemplate":"https:\/\/www.sonoraenequipo.com.mx\/?s={search_term_string}"},"query-input":{"@type":"PropertyValueSpecification","valueRequired":true,"valueName":"search_term_string"}}],"inLanguage":"es"},{"@type":"Organization","@id":"https:\/\/www.sonoraenequipo.com.mx\/#organization","name":"Sonoraenequipo.com.mx","url":"https:\/\/www.sonoraenequipo.com.mx\/","logo":{"@type":"ImageObject","inLanguage":"es","@id":"https:\/\/www.sonoraenequipo.com.mx\/#\/schema\/logo\/image\/","url":"https:\/\/www.sonoraenequipo.com.mx\/storage\/2019\/01\/sonoraenequipo_opt.png","contentUrl":"https:\/\/www.sonoraenequipo.com.mx\/storage\/2019\/01\/sonoraenequipo_opt.png","width":375,"height":125,"caption":"Sonoraenequipo.com.mx"},"image":{"@id":"https:\/\/www.sonoraenequipo.com.mx\/#\/schema\/logo\/image\/"},"sameAs":["https:\/\/www.facebook.com\/SonoraEE\/","https:\/\/x.com\/sonoraenequipo","https:\/\/www.youtube.com\/channel\/UC338nW-lPEYmJQs4ZABQ1SQ"]},{"@type":"Person","@id":"https:\/\/www.sonoraenequipo.com.mx\/#\/schema\/person\/50102df0fb23a8fa9e8effad8fa81386","name":"enequipo","image":{"@type":"ImageObject","inLanguage":"es","@id":"https:\/\/www.sonoraenequipo.com.mx\/#\/schema\/person\/image\/","url":"https:\/\/secure.gravatar.com\/avatar\/049821681b589dabc0bc20695993ccebb09f5b5d4d790cd9251b97faac7c652b?s=96&d=blank&r=g","contentUrl":"https:\/\/secure.gravatar.com\/avatar\/049821681b589dabc0bc20695993ccebb09f5b5d4d790cd9251b97faac7c652b?s=96&d=blank&r=g","caption":"enequipo"},"sameAs":["https:\/\/www.facebook.com\/SonoraEE"]}]}},"jetpack_featured_media_url":"https:\/\/www.sonoraenequipo.com.mx\/storage\/2024\/01\/UTG.jpg","_links":{"self":[{"href":"https:\/\/www.sonoraenequipo.com.mx\/api\/wp\/v2\/posts\/181420","targetHints":{"allow":["GET"]}}],"collection":[{"href":"https:\/\/www.sonoraenequipo.com.mx\/api\/wp\/v2\/posts"}],"about":[{"href":"https:\/\/www.sonoraenequipo.com.mx\/api\/wp\/v2\/types\/post"}],"author":[{"embeddable":true,"href":"https:\/\/www.sonoraenequipo.com.mx\/api\/wp\/v2\/users\/1"}],"replies":[{"embeddable":true,"href":"https:\/\/www.sonoraenequipo.com.mx\/api\/wp\/v2\/comments?post=181420"}],"version-history":[{"count":1,"href":"https:\/\/www.sonoraenequipo.com.mx\/api\/wp\/v2\/posts\/181420\/revisions"}],"predecessor-version":[{"id":181422,"href":"https:\/\/www.sonoraenequipo.com.mx\/api\/wp\/v2\/posts\/181420\/revisions\/181422"}],"wp:featuredmedia":[{"embeddable":true,"href":"https:\/\/www.sonoraenequipo.com.mx\/api\/wp\/v2\/media\/181421"}],"wp:attachment":[{"href":"https:\/\/www.sonoraenequipo.com.mx\/api\/wp\/v2\/media?parent=181420"}],"wp:term":[{"taxonomy":"category","embeddable":true,"href":"https:\/\/www.sonoraenequipo.com.mx\/api\/wp\/v2\/categories?post=181420"},{"taxonomy":"post_tag","embeddable":true,"href":"https:\/\/www.sonoraenequipo.com.mx\/api\/wp\/v2\/tags?post=181420"}],"curies":[{"name":"wp","href":"https:\/\/api.w.org\/{rel}","templated":true}]}}