{"id":181426,"date":"2024-01-03T14:56:12","date_gmt":"2024-01-03T21:56:12","guid":{"rendered":"https:\/\/www.sonoraenequipo.com.mx\/?p=181426"},"modified":"2024-01-03T14:56:12","modified_gmt":"2024-01-03T21:56:12","slug":"implementara-conalep-sonora-modelo-de-educacion-dual-con-apoyo-de-coparmex","status":"publish","type":"post","link":"https:\/\/www.sonoraenequipo.com.mx\/implementara-conalep-sonora-modelo-de-educacion-dual-con-apoyo-de-coparmex\/","title":{"rendered":"Implementar\u00e1 Conalep Sonora Modelo de Educaci\u00f3n Dual con apoyo de Coparmex"},"content":{"rendered":"<p><strong>HERMOSILLO, SONORA,MX.<\/strong><strong>\u02d7\u02d7\u02d7 <\/strong>Para que el alumnado cuente con habilidades que enriquezcan su aprendizaje, el Colegio de Educaci\u00f3n Profesional T\u00e9cnica del Estado de Sonora (Conalep) implementar\u00e1 el Modelo Mexicano de Formaci\u00f3n Dual con el apoyo de la Confederaci\u00f3n Patronal de la Rep\u00fablica Mexicana Sonora Norte (Coparmex).<\/p>\n<p>&nbsp;<\/p>\n<p>&nbsp;<\/p>\n<p>&nbsp;<\/p>\n<p>Carlos Guillermo D\u00edaz Robles, director general de Conalep Sonora, detall\u00f3 que estudiantes del quinto semestre del plantel Hermosillo I, de la carrera de Administraci\u00f3n, formar\u00e1n parte del proyecto como resultado de un convenio de colaboraci\u00f3n establecido con la empresa Abarrey.<\/p>\n<p>&nbsp;<\/p>\n<p>&nbsp;<\/p>\n<p>&nbsp;<\/p>\n<p>D\u00edaz Robles subray\u00f3 la importancia de fortalecer la formaci\u00f3n profesional del alumnado de bachillerato para facilitar la incorporaci\u00f3n de nuevos talentos, altamente capacitados, con experiencia pr\u00e1ctica en el \u00e1mbito laboral.<\/p>\n<p>&nbsp;<\/p>\n<p>&nbsp;<\/p>\n<p>&nbsp;<\/p>\n<p>Asimismo, resalt\u00f3 la importancia de trabajar en equipo, sector educativo y productivo, para asegurar que los egresados cuenten con las habilidades y destrezas necesarias para su \u00e9xito profesional.<\/p>\n<p>&nbsp;<\/p>\n<p>&nbsp;<\/p>\n<p>&nbsp;<\/p>\n<p>El funcionario agradeci\u00f3 la colaboraci\u00f3n de Coparmex Sonora Norte por impulsar estrategias de profesionalizaci\u00f3n, en coordinaci\u00f3n con las autoridades estatales, que permitan a los j\u00f3venes adquirir experiencia previa a su incorporaci\u00f3n al mercado laboral.<\/p>\n<p><strong>Fecha de publicaci\u00f3n mi\u00e9rcoles<\/strong><strong> 3 de enero de 2024<\/strong><\/p>\n","protected":false},"excerpt":{"rendered":"<p>HERMOSILLO, SONORA,MX.\u02d7\u02d7\u02d7 Para que el alumnado cuente con habilidades que enriquezcan su aprendizaje, el Colegio&#8230;<\/p>\n","protected":false},"author":1,"featured_media":181427,"comment_status":"open","ping_status":"open","sticky":false,"template":"","format":"standard","meta":{"_monsterinsights_skip_tracking":false,"_monsterinsights_sitenote_active":false,"_monsterinsights_sitenote_note":"","_monsterinsights_sitenote_category":0,"footnotes":""},"categories":[22],"tags":[],"class_list":["post"],"yoast_head":" \n<title>Sonora en Equipo. Implementar\u00e1 Conalep Sonora Modelo de Educaci\u00f3n Dual con apoyo de Coparmex Sonora<\/title>\n<meta name=\"description\" content=\"HERMOSILLO, SONORA,MX.\u02d7\u02d7\u02d7 Para que el alumnado cuente con habilidades que enriquezcan su aprendizaje, el Colegio de Educaci\u00f3n Profesional T\u00e9cnica del En Sonora en Equipo publicamos toda la informaci\u00f3n de Sonora, M\u00e9xico y el Mundo de manera oportuna y busca que la libertad de expresi\u00f3n sea real. Visita nuestro medio informativo publicado desde Hermosillo, Sonora. %\" \/>\n<meta name=\"robots\" content=\"index, follow, max-snippet:-1, max-image-preview:large, max-video-preview:-1\" \/>\n<link rel=\"canonical\" href=\"https:\/\/www.sonoraenequipo.com.mx\/implementara-conalep-sonora-modelo-de-educacion-dual-con-apoyo-de-coparmex\/\" \/>\n<meta property=\"og:locale\" content=\"es_ES\" \/>\n<meta property=\"og:type\" content=\"article\" \/>\n<meta property=\"og:title\" content=\"Sonora en Equipo. Implementar\u00e1 Conalep Sonora Modelo de Educaci\u00f3n Dual con apoyo de Coparmex Sonora\" \/>\n<meta property=\"og:description\" content=\"HERMOSILLO, SONORA,MX.\u02d7\u02d7\u02d7 Para que el alumnado cuente con habilidades que enriquezcan su aprendizaje, el Colegio de Educaci\u00f3n Profesional T\u00e9cnica del En Sonora en Equipo publicamos toda la informaci\u00f3n de Sonora, M\u00e9xico y el Mundo de manera oportuna y busca que la libertad de expresi\u00f3n sea real. Visita nuestro medio informativo publicado desde Hermosillo, Sonora. %\" \/>\n<meta property=\"og:url\" content=\"https:\/\/www.sonoraenequipo.com.mx\/implementara-conalep-sonora-modelo-de-educacion-dual-con-apoyo-de-coparmex\/\" \/>\n<meta property=\"og:site_name\" content=\"Sonora en Equipo.\" \/>\n<meta property=\"article:publisher\" content=\"https:\/\/www.facebook.com\/SonoraEE\/\" \/>\n<meta property=\"article:author\" content=\"https:\/\/www.facebook.com\/SonoraEE\" \/>\n<meta property=\"article:published_time\" content=\"2024-01-03T21:56:12+00:00\" \/>\n<meta property=\"og:image\" content=\"https:\/\/www.sonoraenequipo.com.mx\/storage\/2024\/01\/conalep.jpg\" \/>\n\t<meta property=\"og:image:width\" content=\"1200\" \/>\n\t<meta property=\"og:image:height\" content=\"800\" \/>\n\t<meta property=\"og:image:type\" content=\"image\/jpeg\" \/>\n<meta name=\"author\" content=\"enequipo\" \/>\n<meta name=\"twitter:card\" content=\"summary_large_image\" \/>\n<meta name=\"twitter:creator\" content=\"@sonoraenequipo\" \/>\n<meta name=\"twitter:site\" content=\"@sonoraenequipo\" \/>\n<meta name=\"twitter:label1\" content=\"Escrito por\" \/>\n\t<meta name=\"twitter:data1\" content=\"enequipo\" \/>\n\t<meta name=\"twitter:label2\" content=\"Tiempo de lectura\" \/>\n\t<meta name=\"twitter:data2\" content=\"1 minuto\" \/>\n<script type=\"application\/ld+json\" class=\"yoast-schema-graph\">{\"@context\":\"https:\/\/schema.org\",\"@graph\":[{\"@type\":\"Article\",\"@id\":\"https:\/\/www.sonoraenequipo.com.mx\/implementara-conalep-sonora-modelo-de-educacion-dual-con-apoyo-de-coparmex\/#article\",\"isPartOf\":{\"@id\":\"https:\/\/www.sonoraenequipo.com.mx\/implementara-conalep-sonora-modelo-de-educacion-dual-con-apoyo-de-coparmex\/\"},\"author\":{\"name\":\"enequipo\",\"@id\":\"https:\/\/www.sonoraenequipo.com.mx\/#\/schema\/person\/50102df0fb23a8fa9e8effad8fa81386\"},\"headline\":\"Implementar\u00e1 Conalep Sonora Modelo de Educaci\u00f3n Dual con apoyo de Coparmex\",\"datePublished\":\"2024-01-03T21:56:12+00:00\",\"mainEntityOfPage\":{\"@id\":\"https:\/\/www.sonoraenequipo.com.mx\/implementara-conalep-sonora-modelo-de-educacion-dual-con-apoyo-de-coparmex\/\"},\"wordCount\":229,\"commentCount\":0,\"publisher\":{\"@id\":\"https:\/\/www.sonoraenequipo.com.mx\/#organization\"},\"image\":{\"@id\":\"https:\/\/www.sonoraenequipo.com.mx\/implementara-conalep-sonora-modelo-de-educacion-dual-con-apoyo-de-coparmex\/#primaryimage\"},\"thumbnailUrl\":\"https:\/\/www.sonoraenequipo.com.mx\/storage\/2024\/01\/conalep.jpg\",\"articleSection\":[\"Sonora\"],\"inLanguage\":\"es\",\"potentialAction\":[{\"@type\":\"CommentAction\",\"name\":\"Comment\",\"target\":[\"https:\/\/www.sonoraenequipo.com.mx\/implementara-conalep-sonora-modelo-de-educacion-dual-con-apoyo-de-coparmex\/#respond\"]}]},{\"@type\":\"WebPage\",\"@id\":\"https:\/\/www.sonoraenequipo.com.mx\/implementara-conalep-sonora-modelo-de-educacion-dual-con-apoyo-de-coparmex\/\",\"url\":\"https:\/\/www.sonoraenequipo.com.mx\/implementara-conalep-sonora-modelo-de-educacion-dual-con-apoyo-de-coparmex\/\",\"name\":\"Sonora en Equipo. Implementar\u00e1 Conalep Sonora Modelo de Educaci\u00f3n Dual con apoyo de Coparmex Sonora\",\"isPartOf\":{\"@id\":\"https:\/\/www.sonoraenequipo.com.mx\/#website\"},\"primaryImageOfPage\":{\"@id\":\"https:\/\/www.sonoraenequipo.com.mx\/implementara-conalep-sonora-modelo-de-educacion-dual-con-apoyo-de-coparmex\/#primaryimage\"},\"image\":{\"@id\":\"https:\/\/www.sonoraenequipo.com.mx\/implementara-conalep-sonora-modelo-de-educacion-dual-con-apoyo-de-coparmex\/#primaryimage\"},\"thumbnailUrl\":\"https:\/\/www.sonoraenequipo.com.mx\/storage\/2024\/01\/conalep.jpg\",\"datePublished\":\"2024-01-03T21:56:12+00:00\",\"description\":\"HERMOSILLO, SONORA,MX.\u02d7\u02d7\u02d7 Para que el alumnado cuente con habilidades que enriquezcan su aprendizaje, el Colegio de Educaci\u00f3n Profesional T\u00e9cnica del En Sonora en Equipo publicamos toda la informaci\u00f3n de Sonora, M\u00e9xico y el Mundo de manera oportuna y busca que la libertad de expresi\u00f3n sea real. Visita nuestro medio informativo publicado desde Hermosillo, Sonora. %\",\"breadcrumb\":{\"@id\":\"https:\/\/www.sonoraenequipo.com.mx\/implementara-conalep-sonora-modelo-de-educacion-dual-con-apoyo-de-coparmex\/#breadcrumb\"},\"inLanguage\":\"es\",\"potentialAction\":[{\"@type\":\"ReadAction\",\"target\":[\"https:\/\/www.sonoraenequipo.com.mx\/implementara-conalep-sonora-modelo-de-educacion-dual-con-apoyo-de-coparmex\/\"]}]},{\"@type\":\"ImageObject\",\"inLanguage\":\"es\",\"@id\":\"https:\/\/www.sonoraenequipo.com.mx\/implementara-conalep-sonora-modelo-de-educacion-dual-con-apoyo-de-coparmex\/#primaryimage\",\"url\":\"https:\/\/www.sonoraenequipo.com.mx\/storage\/2024\/01\/conalep.jpg\",\"contentUrl\":\"https:\/\/www.sonoraenequipo.com.mx\/storage\/2024\/01\/conalep.jpg\",\"width\":1200,\"height\":800},{\"@type\":\"BreadcrumbList\",\"@id\":\"https:\/\/www.sonoraenequipo.com.mx\/implementara-conalep-sonora-modelo-de-educacion-dual-con-apoyo-de-coparmex\/#breadcrumb\",\"itemListElement\":[{\"@type\":\"ListItem\",\"position\":1,\"name\":\"Portada\",\"item\":\"https:\/\/www.sonoraenequipo.com.mx\/\"},{\"@type\":\"ListItem\",\"position\":2,\"name\":\"Implementar\u00e1 Conalep Sonora Modelo de Educaci\u00f3n Dual con apoyo de Coparmex\"}]},{\"@type\":\"WebSite\",\"@id\":\"https:\/\/www.sonoraenequipo.com.mx\/#website\",\"url\":\"https:\/\/www.sonoraenequipo.com.mx\/\",\"name\":\"Sonora en Equipo.\",\"description\":\"Diario en l\u00ednea con Noticias desde Hermosillo, Sonora\",\"publisher\":{\"@id\":\"https:\/\/www.sonoraenequipo.com.mx\/#organization\"},\"potentialAction\":[{\"@type\":\"SearchAction\",\"target\":{\"@type\":\"EntryPoint\",\"urlTemplate\":\"https:\/\/www.sonoraenequipo.com.mx\/?s={search_term_string}\"},\"query-input\":{\"@type\":\"PropertyValueSpecification\",\"valueRequired\":true,\"valueName\":\"search_term_string\"}}],\"inLanguage\":\"es\"},{\"@type\":\"Organization\",\"@id\":\"https:\/\/www.sonoraenequipo.com.mx\/#organization\",\"name\":\"Sonoraenequipo.com.mx\",\"url\":\"https:\/\/www.sonoraenequipo.com.mx\/\",\"logo\":{\"@type\":\"ImageObject\",\"inLanguage\":\"es\",\"@id\":\"https:\/\/www.sonoraenequipo.com.mx\/#\/schema\/logo\/image\/\",\"url\":\"https:\/\/www.sonoraenequipo.com.mx\/storage\/2019\/01\/sonoraenequipo_opt.png\",\"contentUrl\":\"https:\/\/www.sonoraenequipo.com.mx\/storage\/2019\/01\/sonoraenequipo_opt.png\",\"width\":375,\"height\":125,\"caption\":\"Sonoraenequipo.com.mx\"},\"image\":{\"@id\":\"https:\/\/www.sonoraenequipo.com.mx\/#\/schema\/logo\/image\/\"},\"sameAs\":[\"https:\/\/www.facebook.com\/SonoraEE\/\",\"https:\/\/x.com\/sonoraenequipo\",\"https:\/\/www.youtube.com\/channel\/UC338nW-lPEYmJQs4ZABQ1SQ\"]},{\"@type\":\"Person\",\"@id\":\"https:\/\/www.sonoraenequipo.com.mx\/#\/schema\/person\/50102df0fb23a8fa9e8effad8fa81386\",\"name\":\"enequipo\",\"image\":{\"@type\":\"ImageObject\",\"inLanguage\":\"es\",\"@id\":\"https:\/\/www.sonoraenequipo.com.mx\/#\/schema\/person\/image\/\",\"url\":\"https:\/\/secure.gravatar.com\/avatar\/049821681b589dabc0bc20695993ccebb09f5b5d4d790cd9251b97faac7c652b?s=96&d=blank&r=g\",\"contentUrl\":\"https:\/\/secure.gravatar.com\/avatar\/049821681b589dabc0bc20695993ccebb09f5b5d4d790cd9251b97faac7c652b?s=96&d=blank&r=g\",\"caption\":\"enequipo\"},\"sameAs\":[\"https:\/\/www.facebook.com\/SonoraEE\"]}]}<\/script>\n ","yoast_head_json":{"title":"Sonora en Equipo. Implementar\u00e1 Conalep Sonora Modelo de Educaci\u00f3n Dual con apoyo de Coparmex Sonora","description":"HERMOSILLO, SONORA,MX.\u02d7\u02d7\u02d7 Para que el alumnado cuente con habilidades que enriquezcan su aprendizaje, el Colegio de Educaci\u00f3n Profesional T\u00e9cnica del En Sonora en Equipo publicamos toda la informaci\u00f3n de Sonora, M\u00e9xico y el Mundo de manera oportuna y busca que la libertad de expresi\u00f3n sea real. Visita nuestro medio informativo publicado desde Hermosillo, Sonora. %","robots":{"index":"index","follow":"follow","max-snippet":"max-snippet:-1","max-image-preview":"max-image-preview:large","max-video-preview":"max-video-preview:-1"},"canonical":"https:\/\/www.sonoraenequipo.com.mx\/implementara-conalep-sonora-modelo-de-educacion-dual-con-apoyo-de-coparmex\/","og_locale":"es_ES","og_type":"article","og_title":"Sonora en Equipo. Implementar\u00e1 Conalep Sonora Modelo de Educaci\u00f3n Dual con apoyo de Coparmex Sonora","og_description":"HERMOSILLO, SONORA,MX.\u02d7\u02d7\u02d7 Para que el alumnado cuente con habilidades que enriquezcan su aprendizaje, el Colegio de Educaci\u00f3n Profesional T\u00e9cnica del En Sonora en Equipo publicamos toda la informaci\u00f3n de Sonora, M\u00e9xico y el Mundo de manera oportuna y busca que la libertad de expresi\u00f3n sea real. Visita nuestro medio informativo publicado desde Hermosillo, Sonora. %","og_url":"https:\/\/www.sonoraenequipo.com.mx\/implementara-conalep-sonora-modelo-de-educacion-dual-con-apoyo-de-coparmex\/","og_site_name":"Sonora en Equipo.","article_publisher":"https:\/\/www.facebook.com\/SonoraEE\/","article_author":"https:\/\/www.facebook.com\/SonoraEE","article_published_time":"2024-01-03T21:56:12+00:00","og_image":[{"width":1200,"height":800,"url":"https:\/\/www.sonoraenequipo.com.mx\/storage\/2024\/01\/conalep.jpg","type":"image\/jpeg"}],"author":"enequipo","twitter_card":"summary_large_image","twitter_creator":"@sonoraenequipo","twitter_site":"@sonoraenequipo","twitter_misc":{"Escrito por":"enequipo","Tiempo de lectura":"1 minuto"},"schema":{"@context":"https:\/\/schema.org","@graph":[{"@type":"Article","@id":"https:\/\/www.sonoraenequipo.com.mx\/implementara-conalep-sonora-modelo-de-educacion-dual-con-apoyo-de-coparmex\/#article","isPartOf":{"@id":"https:\/\/www.sonoraenequipo.com.mx\/implementara-conalep-sonora-modelo-de-educacion-dual-con-apoyo-de-coparmex\/"},"author":{"name":"enequipo","@id":"https:\/\/www.sonoraenequipo.com.mx\/#\/schema\/person\/50102df0fb23a8fa9e8effad8fa81386"},"headline":"Implementar\u00e1 Conalep Sonora Modelo de Educaci\u00f3n Dual con apoyo de Coparmex","datePublished":"2024-01-03T21:56:12+00:00","mainEntityOfPage":{"@id":"https:\/\/www.sonoraenequipo.com.mx\/implementara-conalep-sonora-modelo-de-educacion-dual-con-apoyo-de-coparmex\/"},"wordCount":229,"commentCount":0,"publisher":{"@id":"https:\/\/www.sonoraenequipo.com.mx\/#organization"},"image":{"@id":"https:\/\/www.sonoraenequipo.com.mx\/implementara-conalep-sonora-modelo-de-educacion-dual-con-apoyo-de-coparmex\/#primaryimage"},"thumbnailUrl":"https:\/\/www.sonoraenequipo.com.mx\/storage\/2024\/01\/conalep.jpg","articleSection":["Sonora"],"inLanguage":"es","potentialAction":[{"@type":"CommentAction","name":"Comment","target":["https:\/\/www.sonoraenequipo.com.mx\/implementara-conalep-sonora-modelo-de-educacion-dual-con-apoyo-de-coparmex\/#respond"]}]},{"@type":"WebPage","@id":"https:\/\/www.sonoraenequipo.com.mx\/implementara-conalep-sonora-modelo-de-educacion-dual-con-apoyo-de-coparmex\/","url":"https:\/\/www.sonoraenequipo.com.mx\/implementara-conalep-sonora-modelo-de-educacion-dual-con-apoyo-de-coparmex\/","name":"Sonora en Equipo. Implementar\u00e1 Conalep Sonora Modelo de Educaci\u00f3n Dual con apoyo de Coparmex Sonora","isPartOf":{"@id":"https:\/\/www.sonoraenequipo.com.mx\/#website"},"primaryImageOfPage":{"@id":"https:\/\/www.sonoraenequipo.com.mx\/implementara-conalep-sonora-modelo-de-educacion-dual-con-apoyo-de-coparmex\/#primaryimage"},"image":{"@id":"https:\/\/www.sonoraenequipo.com.mx\/implementara-conalep-sonora-modelo-de-educacion-dual-con-apoyo-de-coparmex\/#primaryimage"},"thumbnailUrl":"https:\/\/www.sonoraenequipo.com.mx\/storage\/2024\/01\/conalep.jpg","datePublished":"2024-01-03T21:56:12+00:00","description":"HERMOSILLO, SONORA,MX.\u02d7\u02d7\u02d7 Para que el alumnado cuente con habilidades que enriquezcan su aprendizaje, el Colegio de Educaci\u00f3n Profesional T\u00e9cnica del En Sonora en Equipo publicamos toda la informaci\u00f3n de Sonora, M\u00e9xico y el Mundo de manera oportuna y busca que la libertad de expresi\u00f3n sea real. Visita nuestro medio informativo publicado desde Hermosillo, Sonora. %","breadcrumb":{"@id":"https:\/\/www.sonoraenequipo.com.mx\/implementara-conalep-sonora-modelo-de-educacion-dual-con-apoyo-de-coparmex\/#breadcrumb"},"inLanguage":"es","potentialAction":[{"@type":"ReadAction","target":["https:\/\/www.sonoraenequipo.com.mx\/implementara-conalep-sonora-modelo-de-educacion-dual-con-apoyo-de-coparmex\/"]}]},{"@type":"ImageObject","inLanguage":"es","@id":"https:\/\/www.sonoraenequipo.com.mx\/implementara-conalep-sonora-modelo-de-educacion-dual-con-apoyo-de-coparmex\/#primaryimage","url":"https:\/\/www.sonoraenequipo.com.mx\/storage\/2024\/01\/conalep.jpg","contentUrl":"https:\/\/www.sonoraenequipo.com.mx\/storage\/2024\/01\/conalep.jpg","width":1200,"height":800},{"@type":"BreadcrumbList","@id":"https:\/\/www.sonoraenequipo.com.mx\/implementara-conalep-sonora-modelo-de-educacion-dual-con-apoyo-de-coparmex\/#breadcrumb","itemListElement":[{"@type":"ListItem","position":1,"name":"Portada","item":"https:\/\/www.sonoraenequipo.com.mx\/"},{"@type":"ListItem","position":2,"name":"Implementar\u00e1 Conalep Sonora Modelo de Educaci\u00f3n Dual con apoyo de Coparmex"}]},{"@type":"WebSite","@id":"https:\/\/www.sonoraenequipo.com.mx\/#website","url":"https:\/\/www.sonoraenequipo.com.mx\/","name":"Sonora en Equipo.","description":"Diario en l\u00ednea con Noticias desde Hermosillo, Sonora","publisher":{"@id":"https:\/\/www.sonoraenequipo.com.mx\/#organization"},"potentialAction":[{"@type":"SearchAction","target":{"@type":"EntryPoint","urlTemplate":"https:\/\/www.sonoraenequipo.com.mx\/?s={search_term_string}"},"query-input":{"@type":"PropertyValueSpecification","valueRequired":true,"valueName":"search_term_string"}}],"inLanguage":"es"},{"@type":"Organization","@id":"https:\/\/www.sonoraenequipo.com.mx\/#organization","name":"Sonoraenequipo.com.mx","url":"https:\/\/www.sonoraenequipo.com.mx\/","logo":{"@type":"ImageObject","inLanguage":"es","@id":"https:\/\/www.sonoraenequipo.com.mx\/#\/schema\/logo\/image\/","url":"https:\/\/www.sonoraenequipo.com.mx\/storage\/2019\/01\/sonoraenequipo_opt.png","contentUrl":"https:\/\/www.sonoraenequipo.com.mx\/storage\/2019\/01\/sonoraenequipo_opt.png","width":375,"height":125,"caption":"Sonoraenequipo.com.mx"},"image":{"@id":"https:\/\/www.sonoraenequipo.com.mx\/#\/schema\/logo\/image\/"},"sameAs":["https:\/\/www.facebook.com\/SonoraEE\/","https:\/\/x.com\/sonoraenequipo","https:\/\/www.youtube.com\/channel\/UC338nW-lPEYmJQs4ZABQ1SQ"]},{"@type":"Person","@id":"https:\/\/www.sonoraenequipo.com.mx\/#\/schema\/person\/50102df0fb23a8fa9e8effad8fa81386","name":"enequipo","image":{"@type":"ImageObject","inLanguage":"es","@id":"https:\/\/www.sonoraenequipo.com.mx\/#\/schema\/person\/image\/","url":"https:\/\/secure.gravatar.com\/avatar\/049821681b589dabc0bc20695993ccebb09f5b5d4d790cd9251b97faac7c652b?s=96&d=blank&r=g","contentUrl":"https:\/\/secure.gravatar.com\/avatar\/049821681b589dabc0bc20695993ccebb09f5b5d4d790cd9251b97faac7c652b?s=96&d=blank&r=g","caption":"enequipo"},"sameAs":["https:\/\/www.facebook.com\/SonoraEE"]}]}},"jetpack_featured_media_url":"https:\/\/www.sonoraenequipo.com.mx\/storage\/2024\/01\/conalep.jpg","_links":{"self":[{"href":"https:\/\/www.sonoraenequipo.com.mx\/api\/wp\/v2\/posts\/181426","targetHints":{"allow":["GET"]}}],"collection":[{"href":"https:\/\/www.sonoraenequipo.com.mx\/api\/wp\/v2\/posts"}],"about":[{"href":"https:\/\/www.sonoraenequipo.com.mx\/api\/wp\/v2\/types\/post"}],"author":[{"embeddable":true,"href":"https:\/\/www.sonoraenequipo.com.mx\/api\/wp\/v2\/users\/1"}],"replies":[{"embeddable":true,"href":"https:\/\/www.sonoraenequipo.com.mx\/api\/wp\/v2\/comments?post=181426"}],"version-history":[{"count":1,"href":"https:\/\/www.sonoraenequipo.com.mx\/api\/wp\/v2\/posts\/181426\/revisions"}],"predecessor-version":[{"id":181428,"href":"https:\/\/www.sonoraenequipo.com.mx\/api\/wp\/v2\/posts\/181426\/revisions\/181428"}],"wp:featuredmedia":[{"embeddable":true,"href":"https:\/\/www.sonoraenequipo.com.mx\/api\/wp\/v2\/media\/181427"}],"wp:attachment":[{"href":"https:\/\/www.sonoraenequipo.com.mx\/api\/wp\/v2\/media?parent=181426"}],"wp:term":[{"taxonomy":"category","embeddable":true,"href":"https:\/\/www.sonoraenequipo.com.mx\/api\/wp\/v2\/categories?post=181426"},{"taxonomy":"post_tag","embeddable":true,"href":"https:\/\/www.sonoraenequipo.com.mx\/api\/wp\/v2\/tags?post=181426"}],"curies":[{"name":"wp","href":"https:\/\/api.w.org\/{rel}","templated":true}]}}